{"id":3906,"date":"2012-07-06T07:32:02","date_gmt":"2012-07-06T06:32:02","guid":{"rendered":"http:\/\/www.binauralmedia.org\/news\/?p=3906"},"modified":"2023-06-12T15:55:53","modified_gmt":"2023-06-12T15:55:53","slug":"ciclo-de-exibicao-de-videos-no-viseu-welcome-center","status":"publish","type":"post","link":"https:\/\/www.binauralmedia.org\/news\/arquivo\/3906","title":{"rendered":"Ciclo de exibi\u00e7\u00e3o de v\u00eddeos no Viseu Welcome Center"},"content":{"rendered":"<div class=\"fusion-fullwidth fullwidth-box fusion-builder-row-1 fusion-flex-container nonhundred-percent-fullwidth non-hundred-percent-height-scrolling\" style=\"--awb-border-radius-top-left:0px;--awb-border-radius-top-right:0px;--awb-border-radius-bottom-right:0px;--awb-border-radius-bottom-left:0px;--awb-flex-wrap:wrap;\" ><div class=\"fusion-builder-row fusion-row fusion-flex-align-items-flex-start fusion-flex-content-wrap\" style=\"max-width:1144px;margin-left: calc(-4% \/ 2 );margin-right: calc(-4% \/ 2 );\"><div class=\"fusion-layout-column fusion_builder_column fusion-builder-column-0 fusion_builder_column_1_1 1_1 fusion-flex-column\" style=\"--awb-bg-size:cover;--awb-width-large:100%;--awb-margin-top-large:0px;--awb-spacing-right-large:1.92%;--awb-margin-bottom-large:0px;--awb-spacing-left-large:1.92%;--awb-width-medium:100%;--awb-spacing-right-medium:1.92%;--awb-spacing-left-medium:1.92%;--awb-width-small:100%;--awb-spacing-right-small:1.92%;--awb-spacing-left-small:1.92%;\"><div class=\"fusion-column-wrapper fusion-flex-justify-content-flex-start fusion-content-layout-column\"><div class=\"fusion-text fusion-text-1\"><p><strong>A Binaural\/Nodar apresenta:<\/strong><\/p>\n<p><strong>Ciclo de obras v\u00eddeo criadas no Nodar Rural Art Lab entre 2006 e 2012<\/strong><br \/>\nViseu Welcome Center<br \/>\nCaso do Adro, Adro da S\u00e9 de Viseu<br \/>\n6 a 25 Julho 2012<br \/>\n16h00 &#8211; 18h00<\/p>\n<p>A Binaural\/Nodar prop\u00f5e uma diversidade de obras v\u00eddeo que abordam tem\u00e1ticas territoriais diversas, no \u00e2mbito da exposi\u00e7\u00e3o S\u00e3o Pedro do Sul Com Vida a qual ir\u00e1 mostrar as potencialidades naturais, patrimoniais e culturais do concelho de S\u00e3o Pedro do Sul.<\/p>\n<p><strong>Programa completo:<\/strong><br \/>\n<strong>6 e 7 Julho<\/strong><br \/>\nNuno Sousa &#8211; Termas de S\u00e3o Pedro do Sul (filme n\u00e3o integrado no Nodar Rural Art Lab)<\/p>\n<p><strong>8 e 9 Julho<\/strong><br \/>\nRui Silveira &#8211; Abrigo<\/p>\n<p><strong>10 e 11 Julho<\/strong><br \/>\nMartin Clarke &amp; Alicja Rogalska &#8211; Contos do Paiva<\/p>\n<p><strong>12 e 13 Julho<\/strong><br \/>\nVered Dror &#8211; Souvenirs de Carmela<\/p>\n<p><strong>14 e 15 Julho<\/strong><br \/>\nLuis Costa &#8211; O Canto da Mulher Rural<\/p>\n<p><strong>16 e 17 Julho<\/strong><br \/>\nJoana Nascimento &#8211; Sim Lugares<\/p>\n<p><strong>18 e 19 Julho<\/strong><br \/>\nS\u00e9rgio Cruz &#8211; Pastorinhos<\/p>\n<p><strong>20 e 21 Julho<\/strong><br \/>\nRog\u00e9rio Nuno Costa &#8211; Vou \u00e0 Tua Mesa [na Gralheira]<\/p>\n<p><strong>22 e 23 Julho<\/strong><br \/>\nS\u00e9rgio Cruz &#8211; Natural<\/p>\n<p><strong>24 e 25 Julho<\/strong><br \/>\nLu\u00eds Costa &#8211; Aldeias Sonoras<\/p>\n<\/div><\/div><\/div><\/div><\/div>\n","protected":false},"excerpt":{"rendered":"","protected":false},"author":2,"featured_media":17871,"comment_status":"closed","ping_status":"closed","sticky":false,"template":"","format":"standard","meta":{"_acf_changed":false,"_bbp_topic_count":0,"_bbp_reply_count":0,"_bbp_total_topic_count":0,"_bbp_total_reply_count":0,"_bbp_voice_count":0,"_bbp_anonymous_reply_count":0,"_bbp_topic_count_hidden":0,"_bbp_reply_count_hidden":0,"_bbp_forum_subforum_count":0,"footnotes":""},"categories":[1],"tags":[],"class_list":["post-3906","post","type-post","status-publish","format-standard","has-post-thumbnail","hentry","category-news"],"acf":[],"_links":{"self":[{"href":"https:\/\/www.binauralmedia.org\/news\/wp-json\/wp\/v2\/posts\/3906","targetHints":{"allow":["GET"]}}],"collection":[{"href":"https:\/\/www.binauralmedia.org\/news\/wp-json\/wp\/v2\/posts"}],"about":[{"href":"https:\/\/www.binauralmedia.org\/news\/wp-json\/wp\/v2\/types\/post"}],"author":[{"embeddable":true,"href":"https:\/\/www.binauralmedia.org\/news\/wp-json\/wp\/v2\/users\/2"}],"replies":[{"embeddable":true,"href":"https:\/\/www.binauralmedia.org\/news\/wp-json\/wp\/v2\/comments?post=3906"}],"version-history":[{"count":5,"href":"https:\/\/www.binauralmedia.org\/news\/wp-json\/wp\/v2\/posts\/3906\/revisions"}],"predecessor-version":[{"id":17873,"href":"https:\/\/www.binauralmedia.org\/news\/wp-json\/wp\/v2\/posts\/3906\/revisions\/17873"}],"wp:featuredmedia":[{"embeddable":true,"href":"https:\/\/www.binauralmedia.org\/news\/wp-json\/wp\/v2\/media\/17871"}],"wp:attachment":[{"href":"https:\/\/www.binauralmedia.org\/news\/wp-json\/wp\/v2\/media?parent=3906"}],"wp:term":[{"taxonomy":"category","embeddable":true,"href":"https:\/\/www.binauralmedia.org\/news\/wp-json\/wp\/v2\/categories?post=3906"},{"taxonomy":"post_tag","embeddable":true,"href":"https:\/\/www.binauralmedia.org\/news\/wp-json\/wp\/v2\/tags?post=3906"}],"curies":[{"name":"wp","href":"https:\/\/api.w.org\/{rel}","templated":true}]}}