{"id":25582,"date":"2026-04-25T10:56:18","date_gmt":"2026-04-25T10:56:18","guid":{"rendered":"https:\/\/www.binauralmedia.org\/news?p=25582"},"modified":"2026-04-27T11:18:36","modified_gmt":"2026-04-27T11:18:36","slug":"um-documentario-sobre-como-foi-vivido-em-castro-daire-o-25-de-abril-de-1974","status":"publish","type":"post","link":"https:\/\/www.binauralmedia.org\/news\/arquivo\/25582","title":{"rendered":"Um document\u00e1rio sobre como foi vivido em Castro Daire o 25 de abril de 1974"},"content":{"rendered":"<div class=\"fusion-fullwidth fullwidth-box fusion-builder-row-1 fusion-flex-container nonhundred-percent-fullwidth non-hundred-percent-height-scrolling\" style=\"--awb-border-radius-top-left:0px;--awb-border-radius-top-right:0px;--awb-border-radius-bottom-right:0px;--awb-border-radius-bottom-left:0px;--awb-flex-wrap:wrap;\" ><div class=\"fusion-builder-row fusion-row fusion-flex-align-items-flex-start fusion-flex-content-wrap\" style=\"max-width:1144px;margin-left: calc(-4% \/ 2 );margin-right: calc(-4% \/ 2 );\"><div class=\"fusion-layout-column fusion_builder_column fusion-builder-column-0 fusion_builder_column_1_1 1_1 fusion-flex-column\" style=\"--awb-bg-size:cover;--awb-width-large:100%;--awb-margin-top-large:0px;--awb-spacing-right-large:1.92%;--awb-margin-bottom-large:0px;--awb-spacing-left-large:1.92%;--awb-width-medium:100%;--awb-spacing-right-medium:1.92%;--awb-spacing-left-medium:1.92%;--awb-width-small:100%;--awb-spacing-right-small:1.92%;--awb-spacing-left-small:1.92%;\"><div class=\"fusion-column-wrapper fusion-flex-justify-content-flex-start fusion-content-layout-column\"><div class=\"fusion-video fusion-vimeo\" style=\"--awb-max-width:600px;--awb-max-height:350px;\"><div class=\"video-shortcode\"><div class=\"fluid-width-video-wrapper\" style=\"padding-top:58.33%;\" ><iframe title=\"Vimeo video player 1\" src=\"https:\/\/player.vimeo.com\/video\/944391223?autoplay=0&amp;autopause=0\" width=\"600\" height=\"350\" allowfullscreen allow=\"autoplay; fullscreen\"><\/iframe><\/div><\/div><\/div><div class=\"fusion-text fusion-text-1\"><p>O ALVOR DA DEMOCRACIA EM CASTRO DAIRE<br \/>\nUm document\u00e1rio sobre como foi vivido em Castro Daire o 25 de abril de 1974.<\/p>\n<p>No \u00e2mbito das comemora\u00e7\u00f5es do 50\u00ba anivers\u00e1rio do dia 25 de abril de 1974, foi apresentado na Biblioteca Municipal de Castro Daire, entre os dias 25 e 30 de abril de 2024, o document\u00e1rio \u201cO Alvor da Democracia em Castro Daire\u201d, o qual agora se divulga.<\/p>\n<p>Um agradecimento especial a todas as pessoas entrevistadas para este projeto: Ab\u00edlio Pereira de Carvalho, Ant\u00f3nio Almeida, Celeste Almeida, Delfim Rocha, Eul\u00e1lia Teixeira, Lu\u00edsa Oliveira.<\/p>\n<p>Curadoria: Lu\u00eds Costa e Marta Carvalhal<br \/>\nRealiza\u00e7\u00e3o, texto e voz: Lu\u00eds Costa.<br \/>\nGrava\u00e7\u00f5es audiovisuais: Lu\u00eds Costa, Nely Ferreira e Liliana Silva.<br \/>\nEdi\u00e7\u00e3o audiovisual: Lu\u00eds Costa<\/p>\n<p>A Binaural Nodar \u00e9 uma entidade cultural profissional apoiada pela Rep\u00fablica Portuguesa &#8211; Cultura, Juventude e Desporto | Dire\u00e7\u00e3o-Geral das Artes.<\/p>\n<\/div><\/div><\/div><\/div><\/div>\n","protected":false},"excerpt":{"rendered":"","protected":false},"author":8,"featured_media":25583,"comment_status":"closed","ping_status":"closed","sticky":false,"template":"","format":"standard","meta":{"_acf_changed":false,"_bbp_topic_count":0,"_bbp_reply_count":0,"_bbp_total_topic_count":0,"_bbp_total_reply_count":0,"_bbp_voice_count":0,"_bbp_anonymous_reply_count":0,"_bbp_topic_count_hidden":0,"_bbp_reply_count_hidden":0,"_bbp_forum_subforum_count":0,"footnotes":""},"categories":[1],"tags":[],"class_list":["post-25582","post","type-post","status-publish","format-standard","has-post-thumbnail","hentry","category-news"],"acf":[],"_links":{"self":[{"href":"https:\/\/www.binauralmedia.org\/news\/wp-json\/wp\/v2\/posts\/25582","targetHints":{"allow":["GET"]}}],"collection":[{"href":"https:\/\/www.binauralmedia.org\/news\/wp-json\/wp\/v2\/posts"}],"about":[{"href":"https:\/\/www.binauralmedia.org\/news\/wp-json\/wp\/v2\/types\/post"}],"author":[{"embeddable":true,"href":"https:\/\/www.binauralmedia.org\/news\/wp-json\/wp\/v2\/users\/8"}],"replies":[{"embeddable":true,"href":"https:\/\/www.binauralmedia.org\/news\/wp-json\/wp\/v2\/comments?post=25582"}],"version-history":[{"count":2,"href":"https:\/\/www.binauralmedia.org\/news\/wp-json\/wp\/v2\/posts\/25582\/revisions"}],"predecessor-version":[{"id":25585,"href":"https:\/\/www.binauralmedia.org\/news\/wp-json\/wp\/v2\/posts\/25582\/revisions\/25585"}],"wp:featuredmedia":[{"embeddable":true,"href":"https:\/\/www.binauralmedia.org\/news\/wp-json\/wp\/v2\/media\/25583"}],"wp:attachment":[{"href":"https:\/\/www.binauralmedia.org\/news\/wp-json\/wp\/v2\/media?parent=25582"}],"wp:term":[{"taxonomy":"category","embeddable":true,"href":"https:\/\/www.binauralmedia.org\/news\/wp-json\/wp\/v2\/categories?post=25582"},{"taxonomy":"post_tag","embeddable":true,"href":"https:\/\/www.binauralmedia.org\/news\/wp-json\/wp\/v2\/tags?post=25582"}],"curies":[{"name":"wp","href":"https:\/\/api.w.org\/{rel}","templated":true}]}}