{"id":25335,"date":"2026-04-16T11:36:11","date_gmt":"2026-04-16T11:36:11","guid":{"rendered":"https:\/\/www.binauralmedia.org\/news?p=25335"},"modified":"2026-04-27T11:25:36","modified_gmt":"2026-04-27T11:25:36","slug":"paisagem-com-gente-dentro-diario-de-bordo","status":"publish","type":"post","link":"https:\/\/www.binauralmedia.org\/news\/arquivo\/25335","title":{"rendered":"Produzido di\u00e1rio de bordo no projeto &#8220;Paisagem com gente dentro&#8221;"},"content":{"rendered":"<div class=\"fusion-fullwidth fullwidth-box fusion-builder-row-1 fusion-flex-container nonhundred-percent-fullwidth non-hundred-percent-height-scrolling\" style=\"--awb-border-radius-top-left:0px;--awb-border-radius-top-right:0px;--awb-border-radius-bottom-right:0px;--awb-border-radius-bottom-left:0px;--awb-flex-wrap:wrap;\" ><div class=\"fusion-builder-row fusion-row fusion-flex-align-items-flex-start fusion-flex-content-wrap\" style=\"max-width:1144px;margin-left: calc(-4% \/ 2 );margin-right: calc(-4% \/ 2 );\"><div class=\"fusion-layout-column fusion_builder_column fusion-builder-column-0 fusion_builder_column_1_1 1_1 fusion-flex-column\" style=\"--awb-bg-size:cover;--awb-width-large:100%;--awb-margin-top-large:0px;--awb-spacing-right-large:1.92%;--awb-margin-bottom-large:0px;--awb-spacing-left-large:1.92%;--awb-width-medium:100%;--awb-spacing-right-medium:1.92%;--awb-spacing-left-medium:1.92%;--awb-width-small:100%;--awb-spacing-right-small:1.92%;--awb-spacing-left-small:1.92%;\"><div class=\"fusion-column-wrapper fusion-flex-justify-content-flex-start fusion-content-layout-column\"><div class=\"fusion-text fusion-text-1\"><p>PAISAGEM COM GENTE DENTRO<br \/>\nProjeto Comunit\u00e1rio | Di\u00e1rio de Bordo<\/p>\n<p>O Di\u00e1rio de Bordo \u00e9 um dos principais materiais de apoio para o projeto \u201cPaisagem com Gente Dentro\u201d. Assume-se n\u00e3o s\u00f3 como um instrumento pr\u00e1tico de registo, mas tamb\u00e9m como um instrumento pedag\u00f3gico, criativo e identit\u00e1rio.<\/p>\n<p>A produ\u00e7\u00e3o deste Di\u00e1rio \u00e9 assegurada pela Oficina de Encaderna\u00e7\u00e3o da ASSOL (Associa\u00e7\u00e3o de Solidariedade Social de Laf\u00f5es), institui\u00e7\u00e3o que apoia pessoas com defici\u00eancia e incapacidade, promovendo economia social, inclus\u00e3o e valoriza\u00e7\u00e3o de compet\u00eancias locais.<\/p>\n<p>O Di\u00e1rio de Bordo, mais do que um simples caderno, \u00e9 um objeto de mem\u00f3ria, um testemunho de viagem pessoal e coletiva dos participantes.<\/p>\n<p>As sess\u00f5es de entrega dos Di\u00e1rios de Bordo foram acompanhadas pela Vereadora do Munic\u00edpio, Elisa Ferraz de Oliveira, por v\u00e1rios colaboradores do Munic\u00edpio, bem como pelos mentores do projeto.<br \/>\nO projeto \u201cPaisagem com Gente Dentro\u201d foi aprovado no \u00e2mbito do programa Inclus\u00e3o pela Cultura, atrav\u00e9s de uma candidatura submetida pelo Munic\u00edpio \u00e0 CCDR Centro.<\/p>\n<p>Registos fotogr\u00e1ficos e v\u00eddeo por Liliana Silva, Ana Margarida Ferreira e Nely Ferreira (Binaural Nodar) e Sara Carvalho (Munic\u00edpio de Oliveira de Frades).<\/p>\n<p>A Binaural Nodar \u00e9 uma entidade cultural apoiada pela Rep\u00fablica Portuguesa &#8211; Cultura, Juventude e Desporto | Dire\u00e7\u00e3o-Geral das Artes.<\/p>\n<\/div><style type=\"text\/css\">\n#foogallery-gallery-25463.fg-justified .fg-item { margin-right: 2px; margin-bottom: 2px; }\n#foogallery-gallery-25463.fg-justified .fg-image { height: 150px; }<\/style>\n\t\t\t<div class=\"foogallery foogallery-container foogallery-justified foogallery-lightbox-foogallery fg-justified fg-ready fg-light fg-shadow-outline fg-loading-default fg-loaded-fade-in fg-caption-always fg-hover-fade fg-hover-zoom2 fg-no-js\" id=\"foogallery-gallery-25463\" data-foogallery=\"{&quot;panel&quot;:{&quot;buttons&quot;:{&quot;download&quot;:false}},&quot;item&quot;:{&quot;showCaptionTitle&quot;:true,&quot;showCaptionDescription&quot;:false},&quot;lazy&quot;:true,&quot;src&quot;:&quot;src&quot;,&quot;srcset&quot;:&quot;srcset&quot;,&quot;template&quot;:{&quot;rowHeight&quot;:150,&quot;maxRowHeight&quot;:300,&quot;margins&quot;:2,&quot;align&quot;:&quot;center&quot;,&quot;lastRow&quot;:&quot;smart&quot;}}\" data-foogallery-lightbox=\"{&quot;thumbs&quot;:&quot;bottom&quot;,&quot;thumbsCaptions&quot;:false,&quot;thumbsBestFit&quot;:false,&quot;thumbsSmall&quot;:false,&quot;thumbsCaptionsAlign&quot;:&quot;default&quot;,&quot;info&quot;:&quot;bottom&quot;,&quot;infoVisible&quot;:true,&quot;infoOverlay&quot;:true,&quot;infoAlign&quot;:&quot;default&quot;,&quot;transition&quot;:&quot;fade&quot;,&quot;hoverButtons&quot;:false,&quot;fitMedia&quot;:false,&quot;noScrollbars&quot;:true,&quot;preserveButtonSpace&quot;:true,&quot;buttons&quot;:{&quot;fullscreen&quot;:true,&quot;info&quot;:true,&quot;thumbs&quot;:false,&quot;download&quot;:false},&quot;video&quot;:{&quot;autoPlay&quot;:true}}\" style=\"--fg-title-line-clamp: 1; --fg-description-line-clamp: 2;\" >\n\t<div class=\"fg-item fg-type-image fg-loading\"><figure class=\"fg-item-inner\"><a href=\"https:\/\/www.binauralmedia.org\/news\/wp-content\/uploads\/20260210-Diario-de-bordo-ASSOL-Paisagens-com-gente-dentro-Oliveira-de-Frades-IMG_1556-scaled.jpg\" data-attachment-id=\"25464\" data-type=\"image\" class=\"fg-thumb\"><span class=\"fg-image-wrap\"><img src=\"data:image\/svg+xml,%3Csvg%20xmlns%3D%27http%3A%2F%2Fwww.w3.org%2F2000%2Fsvg%27%20width%3D%27450%27%20height%3D%27300%27%20viewBox%3D%270%200%20450%20300%27%3E%3Crect%20width%3D%27450%27%20height%3D%27300%27%20fill-opacity%3D%220%22%2F%3E%3C%2Fsvg%3E\" data-orig-src=\"https:\/\/www.binauralmedia.org\/news\/wp-content\/uploads\/cache\/20260210-Diario-de-bordo-ASSOL-Paisagens-com-gente-dentro-Oliveira-de-Frades-IMG_1556-scaled\/1400014656.jpg\" height=\"300\" width=\"450\" class=\"lazyload skip-lazy fg-image\" decoding=\"async\" loading=\"lazy\"><\/span><span class=\"fg-image-overlay\"><\/span><\/a><\/figure><div class=\"fg-loader\"><\/div><\/div><div class=\"fg-item fg-type-image fg-loading\"><figure class=\"fg-item-inner\"><a href=\"https:\/\/www.binauralmedia.org\/news\/wp-content\/uploads\/20260112-Reuniao-Paisagens-com-gente-dentro-Oliveira-de-Frades-IMG_8728-scaled.jpg\" data-attachment-id=\"25465\" data-type=\"image\" class=\"fg-thumb\"><span class=\"fg-image-wrap\"><img src=\"data:image\/svg+xml,%3Csvg%20xmlns%3D%27http%3A%2F%2Fwww.w3.org%2F2000%2Fsvg%27%20width%3D%27450%27%20height%3D%27300%27%20viewBox%3D%270%200%20450%20300%27%3E%3Crect%20width%3D%27450%27%20height%3D%27300%27%20fill-opacity%3D%220%22%2F%3E%3C%2Fsvg%3E\" data-orig-src=\"https:\/\/www.binauralmedia.org\/news\/wp-content\/uploads\/cache\/20260112-Reuniao-Paisagens-com-gente-dentro-Oliveira-de-Frades-IMG_8728-scaled\/454836284.jpg\" height=\"300\" width=\"450\" class=\"lazyload skip-lazy fg-image\" decoding=\"async\" loading=\"lazy\"><\/span><span class=\"fg-image-overlay\"><\/span><\/a><\/figure><div class=\"fg-loader\"><\/div><\/div><div class=\"fg-item fg-type-image fg-loading\"><figure class=\"fg-item-inner\"><a href=\"https:\/\/www.binauralmedia.org\/news\/wp-content\/uploads\/20260112-Reuniao-Paisagens-com-gente-dentro-Oliveira-de-Frades-IMG_8733-scaled.jpg\" data-attachment-id=\"25466\" data-type=\"image\" class=\"fg-thumb\"><span class=\"fg-image-wrap\"><img src=\"data:image\/svg+xml,%3Csvg%20xmlns%3D%27http%3A%2F%2Fwww.w3.org%2F2000%2Fsvg%27%20width%3D%27450%27%20height%3D%27300%27%20viewBox%3D%270%200%20450%20300%27%3E%3Crect%20width%3D%27450%27%20height%3D%27300%27%20fill-opacity%3D%220%22%2F%3E%3C%2Fsvg%3E\" data-orig-src=\"https:\/\/www.binauralmedia.org\/news\/wp-content\/uploads\/cache\/20260112-Reuniao-Paisagens-com-gente-dentro-Oliveira-de-Frades-IMG_8733-scaled\/2847394577.jpg\" height=\"300\" width=\"450\" class=\"lazyload skip-lazy fg-image\" decoding=\"async\" loading=\"lazy\"><\/span><span class=\"fg-image-overlay\"><\/span><\/a><\/figure><div class=\"fg-loader\"><\/div><\/div><div class=\"fg-item fg-type-image fg-loading\"><figure class=\"fg-item-inner\"><a href=\"https:\/\/www.binauralmedia.org\/news\/wp-content\/uploads\/20260112-Reuniao-Paisagens-com-gente-dentro-Oliveira-de-Frades-IMG_8747-scaled.jpg\" data-attachment-id=\"25467\" data-type=\"image\" class=\"fg-thumb\"><span class=\"fg-image-wrap\"><img src=\"data:image\/svg+xml,%3Csvg%20xmlns%3D%27http%3A%2F%2Fwww.w3.org%2F2000%2Fsvg%27%20width%3D%27450%27%20height%3D%27300%27%20viewBox%3D%270%200%20450%20300%27%3E%3Crect%20width%3D%27450%27%20height%3D%27300%27%20fill-opacity%3D%220%22%2F%3E%3C%2Fsvg%3E\" data-orig-src=\"https:\/\/www.binauralmedia.org\/news\/wp-content\/uploads\/cache\/20260112-Reuniao-Paisagens-com-gente-dentro-Oliveira-de-Frades-IMG_8747-scaled\/688898054.jpg\" height=\"300\" width=\"450\" class=\"lazyload skip-lazy fg-image\" decoding=\"async\" loading=\"lazy\"><\/span><span class=\"fg-image-overlay\"><\/span><\/a><\/figure><div class=\"fg-loader\"><\/div><\/div><div class=\"fg-item fg-type-image fg-loading\"><figure class=\"fg-item-inner\"><a href=\"https:\/\/www.binauralmedia.org\/news\/wp-content\/uploads\/20260112-Reuniao-Paisagens-com-gente-dentro-Oliveira-de-Frades-IMG_8761-scaled.jpg\" data-attachment-id=\"25468\" data-type=\"image\" class=\"fg-thumb\"><span class=\"fg-image-wrap\"><img src=\"data:image\/svg+xml,%3Csvg%20xmlns%3D%27http%3A%2F%2Fwww.w3.org%2F2000%2Fsvg%27%20width%3D%27450%27%20height%3D%27300%27%20viewBox%3D%270%200%20450%20300%27%3E%3Crect%20width%3D%27450%27%20height%3D%27300%27%20fill-opacity%3D%220%22%2F%3E%3C%2Fsvg%3E\" data-orig-src=\"https:\/\/www.binauralmedia.org\/news\/wp-content\/uploads\/cache\/20260112-Reuniao-Paisagens-com-gente-dentro-Oliveira-de-Frades-IMG_8761-scaled\/4032720991.jpg\" height=\"300\" width=\"450\" class=\"lazyload skip-lazy fg-image\" decoding=\"async\" loading=\"lazy\"><\/span><span class=\"fg-image-overlay\"><\/span><\/a><\/figure><div class=\"fg-loader\"><\/div><\/div><div class=\"fg-item fg-type-image fg-loading\"><figure class=\"fg-item-inner\"><a href=\"https:\/\/www.binauralmedia.org\/news\/wp-content\/uploads\/20260210-Diario-de-bordo-ASSOL-Paisagens-com-gente-dentro-Oliveira-de-Frades-IMG_1562-scaled.jpg\" data-attachment-id=\"25469\" data-type=\"image\" class=\"fg-thumb\"><span class=\"fg-image-wrap\"><img src=\"data:image\/svg+xml,%3Csvg%20xmlns%3D%27http%3A%2F%2Fwww.w3.org%2F2000%2Fsvg%27%20width%3D%27450%27%20height%3D%27300%27%20viewBox%3D%270%200%20450%20300%27%3E%3Crect%20width%3D%27450%27%20height%3D%27300%27%20fill-opacity%3D%220%22%2F%3E%3C%2Fsvg%3E\" data-orig-src=\"https:\/\/www.binauralmedia.org\/news\/wp-content\/uploads\/cache\/20260210-Diario-de-bordo-ASSOL-Paisagens-com-gente-dentro-Oliveira-de-Frades-IMG_1562-scaled\/3809971238.jpg\" height=\"300\" width=\"450\" class=\"lazyload skip-lazy fg-image\" decoding=\"async\" loading=\"lazy\"><\/span><span class=\"fg-image-overlay\"><\/span><\/a><\/figure><div class=\"fg-loader\"><\/div><\/div><div class=\"fg-item fg-type-image fg-loading\"><figure class=\"fg-item-inner\"><a href=\"https:\/\/www.binauralmedia.org\/news\/wp-content\/uploads\/20260210-Diario-de-bordo-ASSOL-Paisagens-com-gente-dentro-Oliveira-de-Frades-IMG_1572-scaled.jpg\" data-attachment-id=\"25470\" data-type=\"image\" class=\"fg-thumb\"><span class=\"fg-image-wrap\"><img src=\"data:image\/svg+xml,%3Csvg%20xmlns%3D%27http%3A%2F%2Fwww.w3.org%2F2000%2Fsvg%27%20width%3D%27450%27%20height%3D%27300%27%20viewBox%3D%270%200%20450%20300%27%3E%3Crect%20width%3D%27450%27%20height%3D%27300%27%20fill-opacity%3D%220%22%2F%3E%3C%2Fsvg%3E\" data-orig-src=\"https:\/\/www.binauralmedia.org\/news\/wp-content\/uploads\/cache\/20260210-Diario-de-bordo-ASSOL-Paisagens-com-gente-dentro-Oliveira-de-Frades-IMG_1572-scaled\/2247225302.jpg\" height=\"300\" width=\"450\" class=\"lazyload skip-lazy fg-image\" decoding=\"async\" loading=\"lazy\"><\/span><span class=\"fg-image-overlay\"><\/span><\/a><\/figure><div class=\"fg-loader\"><\/div><\/div><div class=\"fg-item fg-type-image fg-loading\"><figure class=\"fg-item-inner\"><a href=\"https:\/\/www.binauralmedia.org\/news\/wp-content\/uploads\/20260210-Diario-de-bordo-ASSOL-Paisagens-com-gente-dentro-Oliveira-de-Frades-P1010263-scaled.jpg\" data-attachment-id=\"25471\" data-type=\"image\" class=\"fg-thumb\"><span class=\"fg-image-wrap\"><img src=\"data:image\/svg+xml,%3Csvg%20xmlns%3D%27http%3A%2F%2Fwww.w3.org%2F2000%2Fsvg%27%20width%3D%27532%27%20height%3D%27300%27%20viewBox%3D%270%200%20532%20300%27%3E%3Crect%20width%3D%27532%27%20height%3D%27300%27%20fill-opacity%3D%220%22%2F%3E%3C%2Fsvg%3E\" data-orig-src=\"https:\/\/www.binauralmedia.org\/news\/wp-content\/uploads\/cache\/20260210-Diario-de-bordo-ASSOL-Paisagens-com-gente-dentro-Oliveira-de-Frades-P1010263-scaled\/2541132270.jpg\" height=\"300\" width=\"532\" class=\"lazyload skip-lazy fg-image\" decoding=\"async\" loading=\"lazy\"><\/span><span class=\"fg-image-overlay\"><\/span><\/a><\/figure><div class=\"fg-loader\"><\/div><\/div><div class=\"fg-item fg-type-image fg-loading\"><figure class=\"fg-item-inner\"><a href=\"https:\/\/www.binauralmedia.org\/news\/wp-content\/uploads\/20260318-Paisagem-com-Gente-Dentro-ASSOL-Oliveira-de-Frades-IMG_3510-1-scaled.jpg\" data-attachment-id=\"25472\" data-type=\"image\" class=\"fg-thumb\"><span class=\"fg-image-wrap\"><img src=\"data:image\/svg+xml,%3Csvg%20xmlns%3D%27http%3A%2F%2Fwww.w3.org%2F2000%2Fsvg%27%20width%3D%27450%27%20height%3D%27300%27%20viewBox%3D%270%200%20450%20300%27%3E%3Crect%20width%3D%27450%27%20height%3D%27300%27%20fill-opacity%3D%220%22%2F%3E%3C%2Fsvg%3E\" data-orig-src=\"https:\/\/www.binauralmedia.org\/news\/wp-content\/uploads\/cache\/20260318-Paisagem-com-Gente-Dentro-ASSOL-Oliveira-de-Frades-IMG_3510-1-scaled\/1201051199.jpg\" height=\"300\" width=\"450\" class=\"lazyload skip-lazy fg-image\" decoding=\"async\" loading=\"lazy\"><\/span><span class=\"fg-image-overlay\"><\/span><\/a><\/figure><div class=\"fg-loader\"><\/div><\/div><div class=\"fg-item fg-type-image fg-loading\"><figure class=\"fg-item-inner\"><a href=\"https:\/\/www.binauralmedia.org\/news\/wp-content\/uploads\/20260318-Paisagem-com-Gente-Dentro-ASSOL-Oliveira-de-Frades-IMG_3540-scaled.jpg\" data-attachment-id=\"25473\" data-type=\"image\" class=\"fg-thumb\"><span class=\"fg-image-wrap\"><img src=\"data:image\/svg+xml,%3Csvg%20xmlns%3D%27http%3A%2F%2Fwww.w3.org%2F2000%2Fsvg%27%20width%3D%27450%27%20height%3D%27300%27%20viewBox%3D%270%200%20450%20300%27%3E%3Crect%20width%3D%27450%27%20height%3D%27300%27%20fill-opacity%3D%220%22%2F%3E%3C%2Fsvg%3E\" data-orig-src=\"https:\/\/www.binauralmedia.org\/news\/wp-content\/uploads\/cache\/20260318-Paisagem-com-Gente-Dentro-ASSOL-Oliveira-de-Frades-IMG_3540-scaled\/4221034058.jpg\" height=\"300\" width=\"450\" class=\"lazyload skip-lazy fg-image\" decoding=\"async\" loading=\"lazy\"><\/span><span class=\"fg-image-overlay\"><\/span><\/a><\/figure><div class=\"fg-loader\"><\/div><\/div><div class=\"fg-item fg-type-image fg-loading\"><figure class=\"fg-item-inner\"><a href=\"https:\/\/www.binauralmedia.org\/news\/wp-content\/uploads\/20260318-Paisagem-com-Gente-Dentro-ASSOL-Oliveira-de-Frades-IMG_4736-1-scaled.jpg\" data-attachment-id=\"25475\" data-type=\"image\" class=\"fg-thumb\"><span class=\"fg-image-wrap\"><img src=\"data:image\/svg+xml,%3Csvg%20xmlns%3D%27http%3A%2F%2Fwww.w3.org%2F2000%2Fsvg%27%20width%3D%27450%27%20height%3D%27300%27%20viewBox%3D%270%200%20450%20300%27%3E%3Crect%20width%3D%27450%27%20height%3D%27300%27%20fill-opacity%3D%220%22%2F%3E%3C%2Fsvg%3E\" data-orig-src=\"https:\/\/www.binauralmedia.org\/news\/wp-content\/uploads\/cache\/20260318-Paisagem-com-Gente-Dentro-ASSOL-Oliveira-de-Frades-IMG_4736-1-scaled\/884046715.jpg\" height=\"300\" width=\"450\" class=\"lazyload skip-lazy fg-image\" decoding=\"async\" loading=\"lazy\"><\/span><span class=\"fg-image-overlay\"><\/span><\/a><\/figure><div class=\"fg-loader\"><\/div><\/div><div class=\"fg-item fg-type-image fg-loading\"><figure class=\"fg-item-inner\"><a href=\"https:\/\/www.binauralmedia.org\/news\/wp-content\/uploads\/20260324-Paisagem-com-Gente-Dentro-ASSOL-Diario-de-Bordo-IMG_3894-scaled.jpg\" data-attachment-id=\"25476\" data-type=\"image\" class=\"fg-thumb\"><span class=\"fg-image-wrap\"><img src=\"data:image\/svg+xml,%3Csvg%20xmlns%3D%27http%3A%2F%2Fwww.w3.org%2F2000%2Fsvg%27%20width%3D%27450%27%20height%3D%27300%27%20viewBox%3D%270%200%20450%20300%27%3E%3Crect%20width%3D%27450%27%20height%3D%27300%27%20fill-opacity%3D%220%22%2F%3E%3C%2Fsvg%3E\" data-orig-src=\"https:\/\/www.binauralmedia.org\/news\/wp-content\/uploads\/cache\/20260324-Paisagem-com-Gente-Dentro-ASSOL-Diario-de-Bordo-IMG_3894-scaled\/3861494633.jpg\" height=\"300\" width=\"450\" class=\"lazyload skip-lazy fg-image\" decoding=\"async\" loading=\"lazy\"><\/span><span class=\"fg-image-overlay\"><\/span><\/a><\/figure><div class=\"fg-loader\"><\/div><\/div><div class=\"fg-item fg-type-image fg-loading\"><figure class=\"fg-item-inner\"><a href=\"https:\/\/www.binauralmedia.org\/news\/wp-content\/uploads\/20260324-Paisagem-com-Gente-Dentro-ASSOL-Diario-de-Bordo-IMG_3899-scaled.jpg\" data-attachment-id=\"25477\" data-type=\"image\" class=\"fg-thumb\"><span class=\"fg-image-wrap\"><img src=\"data:image\/svg+xml,%3Csvg%20xmlns%3D%27http%3A%2F%2Fwww.w3.org%2F2000%2Fsvg%27%20width%3D%27200%27%20height%3D%27300%27%20viewBox%3D%270%200%20200%20300%27%3E%3Crect%20width%3D%27200%27%20height%3D%27300%27%20fill-opacity%3D%220%22%2F%3E%3C%2Fsvg%3E\" data-orig-src=\"https:\/\/www.binauralmedia.org\/news\/wp-content\/uploads\/cache\/20260324-Paisagem-com-Gente-Dentro-ASSOL-Diario-de-Bordo-IMG_3899-scaled\/86762936.jpg\" height=\"300\" width=\"200\" class=\"lazyload skip-lazy fg-image\" decoding=\"async\" loading=\"lazy\"><\/span><span class=\"fg-image-overlay\"><\/span><\/a><\/figure><div class=\"fg-loader\"><\/div><\/div><div class=\"fg-item fg-type-image fg-loading\"><figure class=\"fg-item-inner\"><a href=\"https:\/\/www.binauralmedia.org\/news\/wp-content\/uploads\/20260324-Paisagem-com-Gente-Dentro-ASSOL-Diario-de-Bordo-IMG_3902-scaled.jpg\" data-attachment-id=\"25478\" data-type=\"image\" class=\"fg-thumb\"><span class=\"fg-image-wrap\"><img src=\"data:image\/svg+xml,%3Csvg%20xmlns%3D%27http%3A%2F%2Fwww.w3.org%2F2000%2Fsvg%27%20width%3D%27200%27%20height%3D%27300%27%20viewBox%3D%270%200%20200%20300%27%3E%3Crect%20width%3D%27200%27%20height%3D%27300%27%20fill-opacity%3D%220%22%2F%3E%3C%2Fsvg%3E\" data-orig-src=\"https:\/\/www.binauralmedia.org\/news\/wp-content\/uploads\/cache\/20260324-Paisagem-com-Gente-Dentro-ASSOL-Diario-de-Bordo-IMG_3902-scaled\/608642592.jpg\" height=\"300\" width=\"200\" class=\"lazyload skip-lazy fg-image\" decoding=\"async\" loading=\"lazy\"><\/span><span class=\"fg-image-overlay\"><\/span><\/a><\/figure><div class=\"fg-loader\"><\/div><\/div><div class=\"fg-item fg-type-image fg-loading\"><figure class=\"fg-item-inner\"><a href=\"https:\/\/www.binauralmedia.org\/news\/wp-content\/uploads\/20260324-Paisagem-com-Gente-Dentro-ASSOL-Diario-de-Bordo-IMG_3903-scaled.jpg\" data-attachment-id=\"25479\" data-type=\"image\" class=\"fg-thumb\"><span class=\"fg-image-wrap\"><img src=\"data:image\/svg+xml,%3Csvg%20xmlns%3D%27http%3A%2F%2Fwww.w3.org%2F2000%2Fsvg%27%20width%3D%27450%27%20height%3D%27300%27%20viewBox%3D%270%200%20450%20300%27%3E%3Crect%20width%3D%27450%27%20height%3D%27300%27%20fill-opacity%3D%220%22%2F%3E%3C%2Fsvg%3E\" data-orig-src=\"https:\/\/www.binauralmedia.org\/news\/wp-content\/uploads\/cache\/20260324-Paisagem-com-Gente-Dentro-ASSOL-Diario-de-Bordo-IMG_3903-scaled\/2192625941.jpg\" height=\"300\" width=\"450\" class=\"lazyload skip-lazy fg-image\" decoding=\"async\" loading=\"lazy\"><\/span><span class=\"fg-image-overlay\"><\/span><\/a><\/figure><div class=\"fg-loader\"><\/div><\/div><div class=\"fg-item fg-type-image fg-loading\"><figure class=\"fg-item-inner\"><a href=\"https:\/\/www.binauralmedia.org\/news\/wp-content\/uploads\/20260324-Paisagem-com-Gente-Dentro-ASSOL-Diario-de-Bordo-IMG_3915-scaled.jpg\" data-attachment-id=\"25480\" data-type=\"image\" class=\"fg-thumb\"><span class=\"fg-image-wrap\"><img src=\"data:image\/svg+xml,%3Csvg%20xmlns%3D%27http%3A%2F%2Fwww.w3.org%2F2000%2Fsvg%27%20width%3D%27450%27%20height%3D%27300%27%20viewBox%3D%270%200%20450%20300%27%3E%3Crect%20width%3D%27450%27%20height%3D%27300%27%20fill-opacity%3D%220%22%2F%3E%3C%2Fsvg%3E\" data-orig-src=\"https:\/\/www.binauralmedia.org\/news\/wp-content\/uploads\/cache\/20260324-Paisagem-com-Gente-Dentro-ASSOL-Diario-de-Bordo-IMG_3915-scaled\/3280318583.jpg\" height=\"300\" width=\"450\" class=\"lazyload skip-lazy fg-image\" decoding=\"async\" loading=\"lazy\"><\/span><span class=\"fg-image-overlay\"><\/span><\/a><\/figure><div class=\"fg-loader\"><\/div><\/div><div class=\"fg-item fg-type-image fg-loading\"><figure class=\"fg-item-inner\"><a href=\"https:\/\/www.binauralmedia.org\/news\/wp-content\/uploads\/20260324-Paisagem-com-Gente-Dentro-ASSOL-Diario-de-Bordo-IMG_4974-scaled.jpg\" data-attachment-id=\"25482\" data-type=\"image\" class=\"fg-thumb\"><span class=\"fg-image-wrap\"><img src=\"data:image\/svg+xml,%3Csvg%20xmlns%3D%27http%3A%2F%2Fwww.w3.org%2F2000%2Fsvg%27%20width%3D%27450%27%20height%3D%27300%27%20viewBox%3D%270%200%20450%20300%27%3E%3Crect%20width%3D%27450%27%20height%3D%27300%27%20fill-opacity%3D%220%22%2F%3E%3C%2Fsvg%3E\" data-orig-src=\"https:\/\/www.binauralmedia.org\/news\/wp-content\/uploads\/cache\/20260324-Paisagem-com-Gente-Dentro-ASSOL-Diario-de-Bordo-IMG_4974-scaled\/4141437349.jpg\" height=\"300\" width=\"450\" class=\"lazyload skip-lazy fg-image\" decoding=\"async\" loading=\"lazy\"><\/span><span class=\"fg-image-overlay\"><\/span><\/a><\/figure><div class=\"fg-loader\"><\/div><\/div><div class=\"fg-item fg-type-image fg-loading\"><figure class=\"fg-item-inner\"><a href=\"https:\/\/www.binauralmedia.org\/news\/wp-content\/uploads\/20260326-Paisagem-com-Gente-Dentro-Grupo-4-Sessao-Binaural-Nodar-Oliveira-de-Frades-IMG_4126-scaled.jpg\" data-attachment-id=\"25483\" data-type=\"image\" class=\"fg-thumb\"><span class=\"fg-image-wrap\"><img src=\"data:image\/svg+xml,%3Csvg%20xmlns%3D%27http%3A%2F%2Fwww.w3.org%2F2000%2Fsvg%27%20width%3D%27450%27%20height%3D%27300%27%20viewBox%3D%270%200%20450%20300%27%3E%3Crect%20width%3D%27450%27%20height%3D%27300%27%20fill-opacity%3D%220%22%2F%3E%3C%2Fsvg%3E\" data-orig-src=\"https:\/\/www.binauralmedia.org\/news\/wp-content\/uploads\/cache\/20260326-Paisagem-com-Gente-Dentro-Grupo-4-Sessao-Binaural-Nodar-Oliveira-de-Frades-IMG_4126-scaled\/2386453919.jpg\" height=\"300\" width=\"450\" class=\"lazyload skip-lazy fg-image\" decoding=\"async\" loading=\"lazy\"><\/span><span class=\"fg-image-overlay\"><\/span><\/a><\/figure><div class=\"fg-loader\"><\/div><\/div><div class=\"fg-item fg-type-image fg-loading\"><figure class=\"fg-item-inner\"><a href=\"https:\/\/www.binauralmedia.org\/news\/wp-content\/uploads\/20260326-Paisagem-com-Gente-Dentro-Grupo-4-Sessao-Binaural-Nodar-Oliveira-de-Frades-IMG_4128-scaled.jpg\" data-attachment-id=\"25484\" data-type=\"image\" class=\"fg-thumb\"><span class=\"fg-image-wrap\"><img src=\"data:image\/svg+xml,%3Csvg%20xmlns%3D%27http%3A%2F%2Fwww.w3.org%2F2000%2Fsvg%27%20width%3D%27450%27%20height%3D%27300%27%20viewBox%3D%270%200%20450%20300%27%3E%3Crect%20width%3D%27450%27%20height%3D%27300%27%20fill-opacity%3D%220%22%2F%3E%3C%2Fsvg%3E\" data-orig-src=\"https:\/\/www.binauralmedia.org\/news\/wp-content\/uploads\/cache\/20260326-Paisagem-com-Gente-Dentro-Grupo-4-Sessao-Binaural-Nodar-Oliveira-de-Frades-IMG_4128-scaled\/258396032.jpg\" height=\"300\" width=\"450\" class=\"lazyload skip-lazy fg-image\" decoding=\"async\" loading=\"lazy\"><\/span><span class=\"fg-image-overlay\"><\/span><\/a><\/figure><div class=\"fg-loader\"><\/div><\/div><div class=\"fg-item fg-type-image fg-loading\"><figure class=\"fg-item-inner\"><a href=\"https:\/\/www.binauralmedia.org\/news\/wp-content\/uploads\/20260409-Paisagem-com-Gente-Dentro-Diarios-de-Bordo-Ribeiradio-Oliveira-de-Frades-IMG_2472-scaled.jpg\" data-attachment-id=\"25488\" data-type=\"image\" class=\"fg-thumb\"><span class=\"fg-image-wrap\"><img src=\"data:image\/svg+xml,%3Csvg%20xmlns%3D%27http%3A%2F%2Fwww.w3.org%2F2000%2Fsvg%27%20width%3D%27450%27%20height%3D%27300%27%20viewBox%3D%270%200%20450%20300%27%3E%3Crect%20width%3D%27450%27%20height%3D%27300%27%20fill-opacity%3D%220%22%2F%3E%3C%2Fsvg%3E\" data-orig-src=\"https:\/\/www.binauralmedia.org\/news\/wp-content\/uploads\/cache\/20260409-Paisagem-com-Gente-Dentro-Diarios-de-Bordo-Ribeiradio-Oliveira-de-Frades-IMG_2472-scaled\/1215714692.jpg\" height=\"300\" width=\"450\" class=\"lazyload skip-lazy fg-image\" decoding=\"async\" loading=\"lazy\"><\/span><span class=\"fg-image-overlay\"><\/span><\/a><\/figure><div class=\"fg-loader\"><\/div><\/div><div class=\"fg-item fg-type-image fg-loading\"><figure class=\"fg-item-inner\"><a href=\"https:\/\/www.binauralmedia.org\/news\/wp-content\/uploads\/20260409-Paisagem-com-Gente-Dentro-Diarios-de-Bordo-Ribeiradio-Oliveira-de-Frades-IMG_2479-scaled.jpg\" data-attachment-id=\"25489\" data-type=\"image\" class=\"fg-thumb\"><span class=\"fg-image-wrap\"><img src=\"data:image\/svg+xml,%3Csvg%20xmlns%3D%27http%3A%2F%2Fwww.w3.org%2F2000%2Fsvg%27%20width%3D%27450%27%20height%3D%27300%27%20viewBox%3D%270%200%20450%20300%27%3E%3Crect%20width%3D%27450%27%20height%3D%27300%27%20fill-opacity%3D%220%22%2F%3E%3C%2Fsvg%3E\" data-orig-src=\"https:\/\/www.binauralmedia.org\/news\/wp-content\/uploads\/cache\/20260409-Paisagem-com-Gente-Dentro-Diarios-de-Bordo-Ribeiradio-Oliveira-de-Frades-IMG_2479-scaled\/2600131379.jpg\" height=\"300\" width=\"450\" class=\"lazyload skip-lazy fg-image\" decoding=\"async\" loading=\"lazy\"><\/span><span class=\"fg-image-overlay\"><\/span><\/a><\/figure><div class=\"fg-loader\"><\/div><\/div><div class=\"fg-item fg-type-image fg-loading\"><figure class=\"fg-item-inner\"><a href=\"https:\/\/www.binauralmedia.org\/news\/wp-content\/uploads\/20260409-Paisagem-com-Gente-Dentro-Diarios-de-Bordo-Ribeiradio-Oliveira-de-Frades-IMG_3106-scaled.jpg\" data-attachment-id=\"25492\" data-type=\"image\" class=\"fg-thumb\"><span class=\"fg-image-wrap\"><img src=\"data:image\/svg+xml,%3Csvg%20xmlns%3D%27http%3A%2F%2Fwww.w3.org%2F2000%2Fsvg%27%20width%3D%27450%27%20height%3D%27300%27%20viewBox%3D%270%200%20450%20300%27%3E%3Crect%20width%3D%27450%27%20height%3D%27300%27%20fill-opacity%3D%220%22%2F%3E%3C%2Fsvg%3E\" data-orig-src=\"https:\/\/www.binauralmedia.org\/news\/wp-content\/uploads\/cache\/20260409-Paisagem-com-Gente-Dentro-Diarios-de-Bordo-Ribeiradio-Oliveira-de-Frades-IMG_3106-scaled\/1345454393.jpg\" height=\"300\" width=\"450\" class=\"lazyload skip-lazy fg-image\" decoding=\"async\" loading=\"lazy\"><\/span><span class=\"fg-image-overlay\"><\/span><\/a><\/figure><div class=\"fg-loader\"><\/div><\/div><div class=\"fg-item fg-type-image fg-loading\"><figure class=\"fg-item-inner\"><a href=\"https:\/\/www.binauralmedia.org\/news\/wp-content\/uploads\/20260409-Paisagem-com-Gente-Dentro-Diarios-de-Bordo-Ribeiradio-Oliveira-de-Frades-IMG_5379-scaled.jpg\" data-attachment-id=\"25493\" data-type=\"image\" class=\"fg-thumb\"><span class=\"fg-image-wrap\"><img src=\"data:image\/svg+xml,%3Csvg%20xmlns%3D%27http%3A%2F%2Fwww.w3.org%2F2000%2Fsvg%27%20width%3D%27450%27%20height%3D%27300%27%20viewBox%3D%270%200%20450%20300%27%3E%3Crect%20width%3D%27450%27%20height%3D%27300%27%20fill-opacity%3D%220%22%2F%3E%3C%2Fsvg%3E\" data-orig-src=\"https:\/\/www.binauralmedia.org\/news\/wp-content\/uploads\/cache\/20260409-Paisagem-com-Gente-Dentro-Diarios-de-Bordo-Ribeiradio-Oliveira-de-Frades-IMG_5379-scaled\/796606170.jpg\" height=\"300\" width=\"450\" class=\"lazyload skip-lazy fg-image\" decoding=\"async\" loading=\"lazy\"><\/span><span class=\"fg-image-overlay\"><\/span><\/a><\/figure><div class=\"fg-loader\"><\/div><\/div><\/div>\n<\/div><\/div><\/div><\/div>\n","protected":false},"excerpt":{"rendered":"","protected":false},"author":8,"featured_media":25336,"comment_status":"closed","ping_status":"closed","sticky":false,"template":"","format":"standard","meta":{"_acf_changed":false,"_bbp_topic_count":0,"_bbp_reply_count":0,"_bbp_total_topic_count":0,"_bbp_total_reply_count":0,"_bbp_voice_count":0,"_bbp_anonymous_reply_count":0,"_bbp_topic_count_hidden":0,"_bbp_reply_count_hidden":0,"_bbp_forum_subforum_count":0,"footnotes":""},"categories":[1,676],"tags":[],"class_list":["post-25335","post","type-post","status-publish","format-standard","has-post-thumbnail","hentry","category-news","category-artist-residencies"],"acf":[],"aioseo_notices":[],"aioseo_head":"\n\t\t<!-- All in One SEO 5.0.1.1 - aioseo.com -->\n\t<meta name=\"description\" content=\"PAISAGEM COM GENTE DENTRO Projeto Comunit\u00e1rio | Di\u00e1rio de Bordo O Di\u00e1rio de Bordo \u00e9 um dos principais materiais de apoio para o projeto \u201cPaisagem com Gente Dentro\u201d. Assume-se n\u00e3o s\u00f3 como um instrumento pr\u00e1tico de registo, mas tamb\u00e9m como um instrumento pedag\u00f3gico, criativo e identit\u00e1rio. A produ\u00e7\u00e3o deste Di\u00e1rio \u00e9 assegurada pela Oficina de\" \/>\n\t<meta name=\"robots\" content=\"max-image-preview:large\" \/>\n\t<meta name=\"author\" content=\"Nely Ferreira\"\/>\n\t<link rel=\"canonical\" href=\"https:\/\/www.binauralmedia.org\/news\/arquivo\/25335\" \/>\n\t<meta name=\"generator\" content=\"All in One SEO (AIOSEO) 5.0.1.1\" \/>\n\t\t<meta property=\"og:locale\" content=\"pt_PT\" \/>\n\t\t<meta property=\"og:site_name\" content=\"binauralmedia.org - Rural Based Sound\/Media Arts &amp; Social Research\" \/>\n\t\t<meta property=\"og:type\" content=\"article\" \/>\n\t\t<meta property=\"og:title\" content=\"Produzido di\u00e1rio de bordo no projeto \u201cPaisagem com gente dentro\u201d - binauralmedia.org\" \/>\n\t\t<meta property=\"og:description\" content=\"PAISAGEM COM GENTE DENTRO Projeto Comunit\u00e1rio | Di\u00e1rio de Bordo O Di\u00e1rio de Bordo \u00e9 um dos principais materiais de apoio para o projeto \u201cPaisagem com Gente Dentro\u201d. Assume-se n\u00e3o s\u00f3 como um instrumento pr\u00e1tico de registo, mas tamb\u00e9m como um instrumento pedag\u00f3gico, criativo e identit\u00e1rio. A produ\u00e7\u00e3o deste Di\u00e1rio \u00e9 assegurada pela Oficina de\" \/>\n\t\t<meta property=\"og:url\" content=\"https:\/\/www.binauralmedia.org\/news\/arquivo\/25335\" \/>\n\t\t<meta property=\"article:published_time\" content=\"2026-04-16T11:36:11+00:00\" \/>\n\t\t<meta property=\"article:modified_time\" content=\"2026-04-27T11:25:36+00:00\" \/>\n\t\t<meta name=\"twitter:card\" content=\"summary_large_image\" \/>\n\t\t<meta name=\"twitter:title\" content=\"Produzido di\u00e1rio de bordo no projeto \u201cPaisagem com gente dentro\u201d - binauralmedia.org\" \/>\n\t\t<meta name=\"twitter:description\" content=\"PAISAGEM COM GENTE DENTRO Projeto Comunit\u00e1rio | Di\u00e1rio de Bordo O Di\u00e1rio de Bordo \u00e9 um dos principais materiais de apoio para o projeto \u201cPaisagem com Gente Dentro\u201d. Assume-se n\u00e3o s\u00f3 como um instrumento pr\u00e1tico de registo, mas tamb\u00e9m como um instrumento pedag\u00f3gico, criativo e identit\u00e1rio. A produ\u00e7\u00e3o deste Di\u00e1rio \u00e9 assegurada pela Oficina de\" \/>\n\t\t<script type=\"application\/ld+json\" class=\"aioseo-schema\">\n\t\t\t{\"@context\":\"https:\\\/\\\/schema.org\",\"@graph\":[{\"@type\":\"BlogPosting\",\"@id\":\"https:\\\/\\\/www.binauralmedia.org\\\/news\\\/arquivo\\\/25335#blogposting\",\"name\":\"Produzido di\\u00e1rio de bordo no projeto \\u201cPaisagem com gente dentro\\u201d - binauralmedia.org\",\"headline\":\"Produzido di\\u00e1rio de bordo no projeto &#8220;Paisagem com gente dentro&#8221;\",\"author\":{\"@id\":\"https:\\\/\\\/www.binauralmedia.org\\\/news\\\/arquivo\\\/author\\\/nelyferreira#author\"},\"publisher\":{\"@id\":\"https:\\\/\\\/www.binauralmedia.org\\\/news\\\/#organization\"},\"image\":{\"@type\":\"ImageObject\",\"url\":\"https:\\\/\\\/www.binauralmedia.org\\\/news\\\/wp-content\\\/uploads\\\/Diarios-de-bordo.png\",\"width\":1200,\"height\":800},\"datePublished\":\"2026-04-16T11:36:11+00:00\",\"dateModified\":\"2026-04-27T11:25:36+00:00\",\"inLanguage\":\"pt-PT\",\"mainEntityOfPage\":{\"@id\":\"https:\\\/\\\/www.binauralmedia.org\\\/news\\\/arquivo\\\/25335#webpage\"},\"isPartOf\":{\"@id\":\"https:\\\/\\\/www.binauralmedia.org\\\/news\\\/arquivo\\\/25335#webpage\"},\"articleSection\":\"Not\\u00edcias, Resid\\u00eancias Art\\u00edsticas, Optional\"},{\"@type\":\"BreadcrumbList\",\"@id\":\"https:\\\/\\\/www.binauralmedia.org\\\/news\\\/arquivo\\\/25335#breadcrumblist\",\"itemListElement\":[{\"@type\":\"ListItem\",\"@id\":\"https:\\\/\\\/www.binauralmedia.org\\\/news#listItem\",\"position\":1,\"name\":\"Home\",\"item\":\"https:\\\/\\\/www.binauralmedia.org\\\/news\",\"nextItem\":{\"@type\":\"ListItem\",\"@id\":\"https:\\\/\\\/www.binauralmedia.org\\\/news\\\/arquivo\\\/category\\\/news#listItem\",\"name\":\"Not\\u00edcias\"}},{\"@type\":\"ListItem\",\"@id\":\"https:\\\/\\\/www.binauralmedia.org\\\/news\\\/arquivo\\\/category\\\/news#listItem\",\"position\":2,\"name\":\"Not\\u00edcias\",\"item\":\"https:\\\/\\\/www.binauralmedia.org\\\/news\\\/arquivo\\\/category\\\/news\",\"nextItem\":{\"@type\":\"ListItem\",\"@id\":\"https:\\\/\\\/www.binauralmedia.org\\\/news\\\/arquivo\\\/25335#listItem\",\"name\":\"Produzido di\\u00e1rio de bordo no projeto &#8220;Paisagem com gente dentro&#8221;\"},\"previousItem\":{\"@type\":\"ListItem\",\"@id\":\"https:\\\/\\\/www.binauralmedia.org\\\/news#listItem\",\"name\":\"Home\"}},{\"@type\":\"ListItem\",\"@id\":\"https:\\\/\\\/www.binauralmedia.org\\\/news\\\/arquivo\\\/25335#listItem\",\"position\":3,\"name\":\"Produzido di\\u00e1rio de bordo no projeto &#8220;Paisagem com gente dentro&#8221;\",\"previousItem\":{\"@type\":\"ListItem\",\"@id\":\"https:\\\/\\\/www.binauralmedia.org\\\/news\\\/arquivo\\\/category\\\/news#listItem\",\"name\":\"Not\\u00edcias\"}}]},{\"@type\":\"Organization\",\"@id\":\"https:\\\/\\\/www.binauralmedia.org\\\/news\\\/#organization\",\"name\":\"binauralmedia.org\",\"description\":\"Rural Based Sound\\\/Media Arts & Social Research\",\"url\":\"https:\\\/\\\/www.binauralmedia.org\\\/news\\\/\"},{\"@type\":\"Person\",\"@id\":\"https:\\\/\\\/www.binauralmedia.org\\\/news\\\/arquivo\\\/author\\\/nelyferreira#author\",\"url\":\"https:\\\/\\\/www.binauralmedia.org\\\/news\\\/arquivo\\\/author\\\/nelyferreira\",\"name\":\"Nely Ferreira\"},{\"@type\":\"WebPage\",\"@id\":\"https:\\\/\\\/www.binauralmedia.org\\\/news\\\/arquivo\\\/25335#webpage\",\"url\":\"https:\\\/\\\/www.binauralmedia.org\\\/news\\\/arquivo\\\/25335\",\"name\":\"Produzido di\\u00e1rio de bordo no projeto \\u201cPaisagem com gente dentro\\u201d - binauralmedia.org\",\"description\":\"PAISAGEM COM GENTE DENTRO Projeto Comunit\\u00e1rio | Di\\u00e1rio de Bordo O Di\\u00e1rio de Bordo \\u00e9 um dos principais materiais de apoio para o projeto \\u201cPaisagem com Gente Dentro\\u201d. Assume-se n\\u00e3o s\\u00f3 como um instrumento pr\\u00e1tico de registo, mas tamb\\u00e9m como um instrumento pedag\\u00f3gico, criativo e identit\\u00e1rio. A produ\\u00e7\\u00e3o deste Di\\u00e1rio \\u00e9 assegurada pela Oficina de\",\"inLanguage\":\"pt-PT\",\"isPartOf\":{\"@id\":\"https:\\\/\\\/www.binauralmedia.org\\\/news\\\/#website\"},\"breadcrumb\":{\"@id\":\"https:\\\/\\\/www.binauralmedia.org\\\/news\\\/arquivo\\\/25335#breadcrumblist\"},\"author\":{\"@id\":\"https:\\\/\\\/www.binauralmedia.org\\\/news\\\/arquivo\\\/author\\\/nelyferreira#author\"},\"creator\":{\"@id\":\"https:\\\/\\\/www.binauralmedia.org\\\/news\\\/arquivo\\\/author\\\/nelyferreira#author\"},\"image\":{\"@type\":\"ImageObject\",\"url\":\"https:\\\/\\\/www.binauralmedia.org\\\/news\\\/wp-content\\\/uploads\\\/Diarios-de-bordo.png\",\"@id\":\"https:\\\/\\\/www.binauralmedia.org\\\/news\\\/arquivo\\\/25335\\\/#mainImage\",\"width\":1200,\"height\":800},\"primaryImageOfPage\":{\"@id\":\"https:\\\/\\\/www.binauralmedia.org\\\/news\\\/arquivo\\\/25335#mainImage\"},\"datePublished\":\"2026-04-16T11:36:11+00:00\",\"dateModified\":\"2026-04-27T11:25:36+00:00\"},{\"@type\":\"WebSite\",\"@id\":\"https:\\\/\\\/www.binauralmedia.org\\\/news\\\/#website\",\"url\":\"https:\\\/\\\/www.binauralmedia.org\\\/news\\\/\",\"name\":\"binauralmedia.org\",\"description\":\"Rural Based Sound\\\/Media Arts & Social Research\",\"inLanguage\":\"pt-PT\",\"publisher\":{\"@id\":\"https:\\\/\\\/www.binauralmedia.org\\\/news\\\/#organization\"}}]}\n\t\t<\/script>\n\t\t<!-- All in One SEO -->\n\n","aioseo_head_json":{"title":"Produzido di\u00e1rio de bordo no projeto \u201cPaisagem com gente dentro\u201d - binauralmedia.org","description":"PAISAGEM COM GENTE DENTRO Projeto Comunit\u00e1rio | Di\u00e1rio de Bordo O Di\u00e1rio de Bordo \u00e9 um dos principais materiais de apoio para o projeto \u201cPaisagem com Gente Dentro\u201d. Assume-se n\u00e3o s\u00f3 como um instrumento pr\u00e1tico de registo, mas tamb\u00e9m como um instrumento pedag\u00f3gico, criativo e identit\u00e1rio. A produ\u00e7\u00e3o deste Di\u00e1rio \u00e9 assegurada pela Oficina de","canonical_url":"https:\/\/www.binauralmedia.org\/news\/arquivo\/25335","robots":"max-image-preview:large","keywords":"","webmasterTools":{"miscellaneous":""},"schema":{"@context":"https:\/\/schema.org","@graph":[{"@type":"BlogPosting","@id":"https:\/\/www.binauralmedia.org\/news\/arquivo\/25335#blogposting","name":"Produzido di\u00e1rio de bordo no projeto \u201cPaisagem com gente dentro\u201d - binauralmedia.org","headline":"Produzido di\u00e1rio de bordo no projeto &#8220;Paisagem com gente dentro&#8221;","author":{"@id":"https:\/\/www.binauralmedia.org\/news\/arquivo\/author\/nelyferreira#author"},"publisher":{"@id":"https:\/\/www.binauralmedia.org\/news\/#organization"},"image":{"@type":"ImageObject","url":"https:\/\/www.binauralmedia.org\/news\/wp-content\/uploads\/Diarios-de-bordo.png","width":1200,"height":800},"datePublished":"2026-04-16T11:36:11+00:00","dateModified":"2026-04-27T11:25:36+00:00","inLanguage":"pt-PT","mainEntityOfPage":{"@id":"https:\/\/www.binauralmedia.org\/news\/arquivo\/25335#webpage"},"isPartOf":{"@id":"https:\/\/www.binauralmedia.org\/news\/arquivo\/25335#webpage"},"articleSection":"Not\u00edcias, Resid\u00eancias Art\u00edsticas, Optional"},{"@type":"BreadcrumbList","@id":"https:\/\/www.binauralmedia.org\/news\/arquivo\/25335#breadcrumblist","itemListElement":[{"@type":"ListItem","@id":"https:\/\/www.binauralmedia.org\/news#listItem","position":1,"name":"Home","item":"https:\/\/www.binauralmedia.org\/news","nextItem":{"@type":"ListItem","@id":"https:\/\/www.binauralmedia.org\/news\/arquivo\/category\/news#listItem","name":"Not\u00edcias"}},{"@type":"ListItem","@id":"https:\/\/www.binauralmedia.org\/news\/arquivo\/category\/news#listItem","position":2,"name":"Not\u00edcias","item":"https:\/\/www.binauralmedia.org\/news\/arquivo\/category\/news","nextItem":{"@type":"ListItem","@id":"https:\/\/www.binauralmedia.org\/news\/arquivo\/25335#listItem","name":"Produzido di\u00e1rio de bordo no projeto &#8220;Paisagem com gente dentro&#8221;"},"previousItem":{"@type":"ListItem","@id":"https:\/\/www.binauralmedia.org\/news#listItem","name":"Home"}},{"@type":"ListItem","@id":"https:\/\/www.binauralmedia.org\/news\/arquivo\/25335#listItem","position":3,"name":"Produzido di\u00e1rio de bordo no projeto &#8220;Paisagem com gente dentro&#8221;","previousItem":{"@type":"ListItem","@id":"https:\/\/www.binauralmedia.org\/news\/arquivo\/category\/news#listItem","name":"Not\u00edcias"}}]},{"@type":"Organization","@id":"https:\/\/www.binauralmedia.org\/news\/#organization","name":"binauralmedia.org","description":"Rural Based Sound\/Media Arts & Social Research","url":"https:\/\/www.binauralmedia.org\/news\/"},{"@type":"Person","@id":"https:\/\/www.binauralmedia.org\/news\/arquivo\/author\/nelyferreira#author","url":"https:\/\/www.binauralmedia.org\/news\/arquivo\/author\/nelyferreira","name":"Nely Ferreira"},{"@type":"WebPage","@id":"https:\/\/www.binauralmedia.org\/news\/arquivo\/25335#webpage","url":"https:\/\/www.binauralmedia.org\/news\/arquivo\/25335","name":"Produzido di\u00e1rio de bordo no projeto \u201cPaisagem com gente dentro\u201d - binauralmedia.org","description":"PAISAGEM COM GENTE DENTRO Projeto Comunit\u00e1rio | Di\u00e1rio de Bordo O Di\u00e1rio de Bordo \u00e9 um dos principais materiais de apoio para o projeto \u201cPaisagem com Gente Dentro\u201d. Assume-se n\u00e3o s\u00f3 como um instrumento pr\u00e1tico de registo, mas tamb\u00e9m como um instrumento pedag\u00f3gico, criativo e identit\u00e1rio. A produ\u00e7\u00e3o deste Di\u00e1rio \u00e9 assegurada pela Oficina de","inLanguage":"pt-PT","isPartOf":{"@id":"https:\/\/www.binauralmedia.org\/news\/#website"},"breadcrumb":{"@id":"https:\/\/www.binauralmedia.org\/news\/arquivo\/25335#breadcrumblist"},"author":{"@id":"https:\/\/www.binauralmedia.org\/news\/arquivo\/author\/nelyferreira#author"},"creator":{"@id":"https:\/\/www.binauralmedia.org\/news\/arquivo\/author\/nelyferreira#author"},"image":{"@type":"ImageObject","url":"https:\/\/www.binauralmedia.org\/news\/wp-content\/uploads\/Diarios-de-bordo.png","@id":"https:\/\/www.binauralmedia.org\/news\/arquivo\/25335\/#mainImage","width":1200,"height":800},"primaryImageOfPage":{"@id":"https:\/\/www.binauralmedia.org\/news\/arquivo\/25335#mainImage"},"datePublished":"2026-04-16T11:36:11+00:00","dateModified":"2026-04-27T11:25:36+00:00"},{"@type":"WebSite","@id":"https:\/\/www.binauralmedia.org\/news\/#website","url":"https:\/\/www.binauralmedia.org\/news\/","name":"binauralmedia.org","description":"Rural Based Sound\/Media Arts & Social Research","inLanguage":"pt-PT","publisher":{"@id":"https:\/\/www.binauralmedia.org\/news\/#organization"}}]},"og:locale":"pt_PT","og:site_name":"binauralmedia.org - Rural Based Sound\/Media Arts &amp; Social Research","og:type":"article","og:title":"Produzido di\u00e1rio de bordo no projeto \u201cPaisagem com gente dentro\u201d - binauralmedia.org","og:description":"PAISAGEM COM GENTE DENTRO Projeto Comunit\u00e1rio | Di\u00e1rio de Bordo O Di\u00e1rio de Bordo \u00e9 um dos principais materiais de apoio para o projeto \u201cPaisagem com Gente Dentro\u201d. Assume-se n\u00e3o s\u00f3 como um instrumento pr\u00e1tico de registo, mas tamb\u00e9m como um instrumento pedag\u00f3gico, criativo e identit\u00e1rio. A produ\u00e7\u00e3o deste Di\u00e1rio \u00e9 assegurada pela Oficina de","og:url":"https:\/\/www.binauralmedia.org\/news\/arquivo\/25335","article:published_time":"2026-04-16T11:36:11+00:00","article:modified_time":"2026-04-27T11:25:36+00:00","twitter:card":"summary_large_image","twitter:title":"Produzido di\u00e1rio de bordo no projeto \u201cPaisagem com gente dentro\u201d - binauralmedia.org","twitter:description":"PAISAGEM COM GENTE DENTRO Projeto Comunit\u00e1rio | Di\u00e1rio de Bordo O Di\u00e1rio de Bordo \u00e9 um dos principais materiais de apoio para o projeto \u201cPaisagem com Gente Dentro\u201d. Assume-se n\u00e3o s\u00f3 como um instrumento pr\u00e1tico de registo, mas tamb\u00e9m como um instrumento pedag\u00f3gico, criativo e identit\u00e1rio. A produ\u00e7\u00e3o deste Di\u00e1rio \u00e9 assegurada pela Oficina de"},"aioseo_meta_data":{"post_id":"25335","title":null,"description":null,"keywords":null,"keyphrases":{"focus":[],"additional":[]},"primary_term":null,"canonical_url":null,"og_title":null,"og_description":null,"og_object_type":"default","og_image_type":"default","og_image_custom_url":null,"og_image_custom_fields":null,"og_image_url":null,"og_image_width":null,"og_image_height":null,"og_video":null,"og_custom_url":null,"og_article_section":null,"og_article_tags":null,"twitter_use_og":false,"twitter_card":"default","twitter_image_type":"default","twitter_image_custom_url":null,"twitter_image_custom_fields":null,"twitter_image_url":null,"twitter_title":null,"twitter_description":null,"schema_type":"default","schema_type_options":null,"schema":{"blockGraphs":[],"customGraphs":[],"default":{"data":{"Article":[],"Course":[],"Dataset":[],"FAQPage":[],"Movie":[],"Person":[],"Product":[],"ProductReview":[],"Car":[],"Recipe":[],"Service":[],"SoftwareApplication":[],"WebPage":[]},"graphName":"","isEnabled":true},"graphs":[]},"pillar_content":false,"robots_default":true,"robots_noindex":false,"robots_noarchive":false,"robots_nosnippet":false,"robots_nofollow":false,"robots_noimageindex":false,"robots_noodp":false,"robots_notranslate":false,"robots_max_snippet":null,"robots_max_videopreview":null,"robots_max_imagepreview":"large","priority":null,"frequency":null,"local_seo":null,"limit_modified_date":false,"ai":null,"breadcrumb_settings":null,"seo_analyzer_scan_date":null,"created":"2026-08-05 08:49:58","updated":"2026-08-19 08:47:54","focus_keyword":null,"additional_keywords":null,"truseo_locale":null},"aioseo_breadcrumb":"<div class=\"aioseo-breadcrumbs\"><span class=\"aioseo-breadcrumb\">\n\t\t\t<a href=\"https:\/\/www.binauralmedia.org\/news\" title=\"Home\">Home<\/a>\n\t\t<\/span><span class=\"aioseo-breadcrumb-separator\">&raquo;<\/span><span class=\"aioseo-breadcrumb\">\n\t\t\t<a href=\"https:\/\/www.binauralmedia.org\/news\/arquivo\/category\/news\" title=\"Not\u00edcias\">Not\u00edcias<\/a>\n\t\t<\/span><span class=\"aioseo-breadcrumb-separator\">&raquo;<\/span><span class=\"aioseo-breadcrumb\">\n\t\t\tProduzido di\u00e1rio de bordo no projeto \u201cPaisagem com gente dentro\u201d\n\t\t<\/span><\/div>","aioseo_breadcrumb_json":[{"label":"Home","link":"https:\/\/www.binauralmedia.org\/news"},{"label":"Not\u00edcias","link":"https:\/\/www.binauralmedia.org\/news\/arquivo\/category\/news"},{"label":"Produzido di\u00e1rio de bordo no projeto &#8220;Paisagem com gente dentro&#8221;","link":"https:\/\/www.binauralmedia.org\/news\/arquivo\/25335"}],"_links":{"self":[{"href":"https:\/\/www.binauralmedia.org\/news\/wp-json\/wp\/v2\/posts\/25335","targetHints":{"allow":["GET"]}}],"collection":[{"href":"https:\/\/www.binauralmedia.org\/news\/wp-json\/wp\/v2\/posts"}],"about":[{"href":"https:\/\/www.binauralmedia.org\/news\/wp-json\/wp\/v2\/types\/post"}],"author":[{"embeddable":true,"href":"https:\/\/www.binauralmedia.org\/news\/wp-json\/wp\/v2\/users\/8"}],"replies":[{"embeddable":true,"href":"https:\/\/www.binauralmedia.org\/news\/wp-json\/wp\/v2\/comments?post=25335"}],"version-history":[{"count":4,"href":"https:\/\/www.binauralmedia.org\/news\/wp-json\/wp\/v2\/posts\/25335\/revisions"}],"predecessor-version":[{"id":25594,"href":"https:\/\/www.binauralmedia.org\/news\/wp-json\/wp\/v2\/posts\/25335\/revisions\/25594"}],"wp:featuredmedia":[{"embeddable":true,"href":"https:\/\/www.binauralmedia.org\/news\/wp-json\/wp\/v2\/media\/25336"}],"wp:attachment":[{"href":"https:\/\/www.binauralmedia.org\/news\/wp-json\/wp\/v2\/media?parent=25335"}],"wp:term":[{"taxonomy":"category","embeddable":true,"href":"https:\/\/www.binauralmedia.org\/news\/wp-json\/wp\/v2\/categories?post=25335"},{"taxonomy":"post_tag","embeddable":true,"href":"https:\/\/www.binauralmedia.org\/news\/wp-json\/wp\/v2\/tags?post=25335"}],"curies":[{"name":"wp","href":"https:\/\/api.w.org\/{rel}","templated":true}]}}