{"id":25319,"date":"2026-04-16T14:03:54","date_gmt":"2026-04-16T14:03:54","guid":{"rendered":"https:\/\/www.binauralmedia.org\/news?p=25319"},"modified":"2026-04-22T14:06:43","modified_gmt":"2026-04-22T14:06:43","slug":"binaural-nodar-e-membro-da-culture-action-europe","status":"publish","type":"post","link":"https:\/\/www.binauralmedia.org\/news\/arquivo\/25319","title":{"rendered":"Binaural Nodar \u00e9 membro da Culture Action Europe"},"content":{"rendered":"<p>BINAURAL NODAR \u00c9 MEMBRO DA CULTURE ACTION EUROPE<\/p>\n<p>A Binaural Nodar acaba de afiliar-se \u00e0 Culture Action Europe, no contexto do seu envolvimento ativo em projetos europeus desde 2012, o que tem permitido, ao longo dos anos, ser um participante ativo em f\u00f3runs de discuss\u00e3o sobre pol\u00edticas culturais europeias, junto a dezenas de outras organiza\u00e7\u00f5es culturais de toda a Europa.<\/p>\n<p>A Culture Action Europe (CAE) \u00e9 a maior rede europeia de organiza\u00e7\u00f5es, artistas, ativistas e decisores pol\u00edticos, atuando como o principal porto de escala para o debate sobre arte e pol\u00edtica cultural na Uni\u00e3o Europeia. A sua miss\u00e3o fundamental consiste em colocar a cultura no centro do debate p\u00fablico e da tomada de decis\u00e3o, defendendo o valor intr\u00ednseco da cultura, a liberdade art\u00edstica e o acesso \u00e0 cultura como um direito fundamental para sociedades sustent\u00e1veis e inclusivas.<\/p>\n<p>Como \u00fanica rede interseccional, a CAE re\u00fane diversos setores, desde as artes performativas, artes visuais, sonoras e literatura at\u00e9 centros art\u00edsticos comunit\u00e1rios, promovendo a coopera\u00e7\u00e3o e o interc\u00e2mbio entre os seus membros. A organiza\u00e7\u00e3o realiza um trabalho de promo\u00e7\u00e3o do investimento p\u00fablico na cultura, produzindo relat\u00f3rios essenciais, como o &#8220;State of Culture Report&#8221;, que analisa o papel das artes na resili\u00eancia e transforma\u00e7\u00e3o das sociedades europeias.<\/p>\n<p>A Binaural Nodar \u00e9 uma entidade cultural apoiada pela Rep\u00fablica Portuguesa &#8211; Cultura, Juventude e Desporto &#8211; Dire\u00e7\u00e3o-Geral das Artes.<\/p>\n","protected":false},"excerpt":{"rendered":"<p>BINAURAL NODAR \u00c9 MEMBRO DA CULTURE ACTION EUROPE A Binaural  [&#8230;]<\/p>\n","protected":false},"author":8,"featured_media":25320,"comment_status":"closed","ping_status":"closed","sticky":false,"template":"","format":"standard","meta":{"_acf_changed":false,"_bbp_topic_count":0,"_bbp_reply_count":0,"_bbp_total_topic_count":0,"_bbp_total_reply_count":0,"_bbp_voice_count":0,"_bbp_anonymous_reply_count":0,"_bbp_topic_count_hidden":0,"_bbp_reply_count_hidden":0,"_bbp_forum_subforum_count":0,"footnotes":""},"categories":[1],"tags":[],"class_list":["post-25319","post","type-post","status-publish","format-standard","has-post-thumbnail","hentry","category-news"],"acf":[],"aioseo_notices":[],"aioseo_head":"\n\t\t<!-- All in One SEO 5.0.1.1 - aioseo.com -->\n\t<meta name=\"description\" content=\"BINAURAL NODAR \u00c9 MEMBRO DA CULTURE ACTION EUROPE A Binaural Nodar acaba de afiliar-se \u00e0 Culture Action Europe, no contexto do seu envolvimento ativo em projetos europeus desde 2012, o que tem permitido, ao longo dos anos, ser um participante ativo em f\u00f3runs de discuss\u00e3o sobre pol\u00edticas culturais europeias, junto a dezenas de outras organiza\u00e7\u00f5es\" \/>\n\t<meta name=\"robots\" content=\"max-image-preview:large\" \/>\n\t<meta name=\"author\" content=\"Nely Ferreira\"\/>\n\t<link rel=\"canonical\" href=\"https:\/\/www.binauralmedia.org\/news\/arquivo\/25319\" \/>\n\t<meta name=\"generator\" content=\"All in One SEO (AIOSEO) 5.0.1.1\" \/>\n\t\t<meta property=\"og:locale\" content=\"pt_PT\" \/>\n\t\t<meta property=\"og:site_name\" content=\"binauralmedia.org - Rural Based Sound\/Media Arts &amp; Social Research\" \/>\n\t\t<meta property=\"og:type\" content=\"article\" \/>\n\t\t<meta property=\"og:title\" content=\"Binaural Nodar \u00e9 membro da Culture Action Europe - binauralmedia.org\" \/>\n\t\t<meta property=\"og:description\" content=\"BINAURAL NODAR \u00c9 MEMBRO DA CULTURE ACTION EUROPE A Binaural Nodar acaba de afiliar-se \u00e0 Culture Action Europe, no contexto do seu envolvimento ativo em projetos europeus desde 2012, o que tem permitido, ao longo dos anos, ser um participante ativo em f\u00f3runs de discuss\u00e3o sobre pol\u00edticas culturais europeias, junto a dezenas de outras organiza\u00e7\u00f5es\" \/>\n\t\t<meta property=\"og:url\" content=\"https:\/\/www.binauralmedia.org\/news\/arquivo\/25319\" \/>\n\t\t<meta property=\"article:published_time\" content=\"2026-04-16T14:03:54+00:00\" \/>\n\t\t<meta property=\"article:modified_time\" content=\"2026-04-22T14:06:43+00:00\" \/>\n\t\t<meta name=\"twitter:card\" content=\"summary_large_image\" \/>\n\t\t<meta name=\"twitter:title\" content=\"Binaural Nodar \u00e9 membro da Culture Action Europe - binauralmedia.org\" \/>\n\t\t<meta name=\"twitter:description\" content=\"BINAURAL NODAR \u00c9 MEMBRO DA CULTURE ACTION EUROPE A Binaural Nodar acaba de afiliar-se \u00e0 Culture Action Europe, no contexto do seu envolvimento ativo em projetos europeus desde 2012, o que tem permitido, ao longo dos anos, ser um participante ativo em f\u00f3runs de discuss\u00e3o sobre pol\u00edticas culturais europeias, junto a dezenas de outras organiza\u00e7\u00f5es\" \/>\n\t\t<script type=\"application\/ld+json\" class=\"aioseo-schema\">\n\t\t\t{\"@context\":\"https:\\\/\\\/schema.org\",\"@graph\":[{\"@type\":\"BlogPosting\",\"@id\":\"https:\\\/\\\/www.binauralmedia.org\\\/news\\\/arquivo\\\/25319#blogposting\",\"name\":\"Binaural Nodar \\u00e9 membro da Culture Action Europe - binauralmedia.org\",\"headline\":\"Binaural Nodar \\u00e9 membro da Culture Action Europe\",\"author\":{\"@id\":\"https:\\\/\\\/www.binauralmedia.org\\\/news\\\/arquivo\\\/author\\\/nelyferreira#author\"},\"publisher\":{\"@id\":\"https:\\\/\\\/www.binauralmedia.org\\\/news\\\/#organization\"},\"image\":{\"@type\":\"ImageObject\",\"url\":\"https:\\\/\\\/www.binauralmedia.org\\\/news\\\/wp-content\\\/uploads\\\/1200x800-19.png\",\"width\":1200,\"height\":800},\"datePublished\":\"2026-04-16T14:03:54+00:00\",\"dateModified\":\"2026-04-22T14:06:43+00:00\",\"inLanguage\":\"pt-PT\",\"mainEntityOfPage\":{\"@id\":\"https:\\\/\\\/www.binauralmedia.org\\\/news\\\/arquivo\\\/25319#webpage\"},\"isPartOf\":{\"@id\":\"https:\\\/\\\/www.binauralmedia.org\\\/news\\\/arquivo\\\/25319#webpage\"},\"articleSection\":\"Not\\u00edcias, Optional\"},{\"@type\":\"BreadcrumbList\",\"@id\":\"https:\\\/\\\/www.binauralmedia.org\\\/news\\\/arquivo\\\/25319#breadcrumblist\",\"itemListElement\":[{\"@type\":\"ListItem\",\"@id\":\"https:\\\/\\\/www.binauralmedia.org\\\/news#listItem\",\"position\":1,\"name\":\"Home\",\"item\":\"https:\\\/\\\/www.binauralmedia.org\\\/news\",\"nextItem\":{\"@type\":\"ListItem\",\"@id\":\"https:\\\/\\\/www.binauralmedia.org\\\/news\\\/arquivo\\\/category\\\/news#listItem\",\"name\":\"Not\\u00edcias\"}},{\"@type\":\"ListItem\",\"@id\":\"https:\\\/\\\/www.binauralmedia.org\\\/news\\\/arquivo\\\/category\\\/news#listItem\",\"position\":2,\"name\":\"Not\\u00edcias\",\"item\":\"https:\\\/\\\/www.binauralmedia.org\\\/news\\\/arquivo\\\/category\\\/news\",\"nextItem\":{\"@type\":\"ListItem\",\"@id\":\"https:\\\/\\\/www.binauralmedia.org\\\/news\\\/arquivo\\\/25319#listItem\",\"name\":\"Binaural Nodar \\u00e9 membro da Culture Action Europe\"},\"previousItem\":{\"@type\":\"ListItem\",\"@id\":\"https:\\\/\\\/www.binauralmedia.org\\\/news#listItem\",\"name\":\"Home\"}},{\"@type\":\"ListItem\",\"@id\":\"https:\\\/\\\/www.binauralmedia.org\\\/news\\\/arquivo\\\/25319#listItem\",\"position\":3,\"name\":\"Binaural Nodar \\u00e9 membro da Culture Action Europe\",\"previousItem\":{\"@type\":\"ListItem\",\"@id\":\"https:\\\/\\\/www.binauralmedia.org\\\/news\\\/arquivo\\\/category\\\/news#listItem\",\"name\":\"Not\\u00edcias\"}}]},{\"@type\":\"Organization\",\"@id\":\"https:\\\/\\\/www.binauralmedia.org\\\/news\\\/#organization\",\"name\":\"binauralmedia.org\",\"description\":\"Rural Based Sound\\\/Media Arts & Social Research\",\"url\":\"https:\\\/\\\/www.binauralmedia.org\\\/news\\\/\"},{\"@type\":\"Person\",\"@id\":\"https:\\\/\\\/www.binauralmedia.org\\\/news\\\/arquivo\\\/author\\\/nelyferreira#author\",\"url\":\"https:\\\/\\\/www.binauralmedia.org\\\/news\\\/arquivo\\\/author\\\/nelyferreira\",\"name\":\"Nely Ferreira\"},{\"@type\":\"WebPage\",\"@id\":\"https:\\\/\\\/www.binauralmedia.org\\\/news\\\/arquivo\\\/25319#webpage\",\"url\":\"https:\\\/\\\/www.binauralmedia.org\\\/news\\\/arquivo\\\/25319\",\"name\":\"Binaural Nodar \\u00e9 membro da Culture Action Europe - binauralmedia.org\",\"description\":\"BINAURAL NODAR \\u00c9 MEMBRO DA CULTURE ACTION EUROPE A Binaural Nodar acaba de afiliar-se \\u00e0 Culture Action Europe, no contexto do seu envolvimento ativo em projetos europeus desde 2012, o que tem permitido, ao longo dos anos, ser um participante ativo em f\\u00f3runs de discuss\\u00e3o sobre pol\\u00edticas culturais europeias, junto a dezenas de outras organiza\\u00e7\\u00f5es\",\"inLanguage\":\"pt-PT\",\"isPartOf\":{\"@id\":\"https:\\\/\\\/www.binauralmedia.org\\\/news\\\/#website\"},\"breadcrumb\":{\"@id\":\"https:\\\/\\\/www.binauralmedia.org\\\/news\\\/arquivo\\\/25319#breadcrumblist\"},\"author\":{\"@id\":\"https:\\\/\\\/www.binauralmedia.org\\\/news\\\/arquivo\\\/author\\\/nelyferreira#author\"},\"creator\":{\"@id\":\"https:\\\/\\\/www.binauralmedia.org\\\/news\\\/arquivo\\\/author\\\/nelyferreira#author\"},\"image\":{\"@type\":\"ImageObject\",\"url\":\"https:\\\/\\\/www.binauralmedia.org\\\/news\\\/wp-content\\\/uploads\\\/1200x800-19.png\",\"@id\":\"https:\\\/\\\/www.binauralmedia.org\\\/news\\\/arquivo\\\/25319\\\/#mainImage\",\"width\":1200,\"height\":800},\"primaryImageOfPage\":{\"@id\":\"https:\\\/\\\/www.binauralmedia.org\\\/news\\\/arquivo\\\/25319#mainImage\"},\"datePublished\":\"2026-04-16T14:03:54+00:00\",\"dateModified\":\"2026-04-22T14:06:43+00:00\"},{\"@type\":\"WebSite\",\"@id\":\"https:\\\/\\\/www.binauralmedia.org\\\/news\\\/#website\",\"url\":\"https:\\\/\\\/www.binauralmedia.org\\\/news\\\/\",\"name\":\"binauralmedia.org\",\"description\":\"Rural Based Sound\\\/Media Arts & Social Research\",\"inLanguage\":\"pt-PT\",\"publisher\":{\"@id\":\"https:\\\/\\\/www.binauralmedia.org\\\/news\\\/#organization\"}}]}\n\t\t<\/script>\n\t\t<!-- All in One SEO -->\n\n","aioseo_head_json":{"title":"Binaural Nodar \u00e9 membro da Culture Action Europe - binauralmedia.org","description":"BINAURAL NODAR \u00c9 MEMBRO DA CULTURE ACTION EUROPE A Binaural Nodar acaba de afiliar-se \u00e0 Culture Action Europe, no contexto do seu envolvimento ativo em projetos europeus desde 2012, o que tem permitido, ao longo dos anos, ser um participante ativo em f\u00f3runs de discuss\u00e3o sobre pol\u00edticas culturais europeias, junto a dezenas de outras organiza\u00e7\u00f5es","canonical_url":"https:\/\/www.binauralmedia.org\/news\/arquivo\/25319","robots":"max-image-preview:large","keywords":"","webmasterTools":{"miscellaneous":""},"schema":{"@context":"https:\/\/schema.org","@graph":[{"@type":"BlogPosting","@id":"https:\/\/www.binauralmedia.org\/news\/arquivo\/25319#blogposting","name":"Binaural Nodar \u00e9 membro da Culture Action Europe - binauralmedia.org","headline":"Binaural Nodar \u00e9 membro da Culture Action Europe","author":{"@id":"https:\/\/www.binauralmedia.org\/news\/arquivo\/author\/nelyferreira#author"},"publisher":{"@id":"https:\/\/www.binauralmedia.org\/news\/#organization"},"image":{"@type":"ImageObject","url":"https:\/\/www.binauralmedia.org\/news\/wp-content\/uploads\/1200x800-19.png","width":1200,"height":800},"datePublished":"2026-04-16T14:03:54+00:00","dateModified":"2026-04-22T14:06:43+00:00","inLanguage":"pt-PT","mainEntityOfPage":{"@id":"https:\/\/www.binauralmedia.org\/news\/arquivo\/25319#webpage"},"isPartOf":{"@id":"https:\/\/www.binauralmedia.org\/news\/arquivo\/25319#webpage"},"articleSection":"Not\u00edcias, Optional"},{"@type":"BreadcrumbList","@id":"https:\/\/www.binauralmedia.org\/news\/arquivo\/25319#breadcrumblist","itemListElement":[{"@type":"ListItem","@id":"https:\/\/www.binauralmedia.org\/news#listItem","position":1,"name":"Home","item":"https:\/\/www.binauralmedia.org\/news","nextItem":{"@type":"ListItem","@id":"https:\/\/www.binauralmedia.org\/news\/arquivo\/category\/news#listItem","name":"Not\u00edcias"}},{"@type":"ListItem","@id":"https:\/\/www.binauralmedia.org\/news\/arquivo\/category\/news#listItem","position":2,"name":"Not\u00edcias","item":"https:\/\/www.binauralmedia.org\/news\/arquivo\/category\/news","nextItem":{"@type":"ListItem","@id":"https:\/\/www.binauralmedia.org\/news\/arquivo\/25319#listItem","name":"Binaural Nodar \u00e9 membro da Culture Action Europe"},"previousItem":{"@type":"ListItem","@id":"https:\/\/www.binauralmedia.org\/news#listItem","name":"Home"}},{"@type":"ListItem","@id":"https:\/\/www.binauralmedia.org\/news\/arquivo\/25319#listItem","position":3,"name":"Binaural Nodar \u00e9 membro da Culture Action Europe","previousItem":{"@type":"ListItem","@id":"https:\/\/www.binauralmedia.org\/news\/arquivo\/category\/news#listItem","name":"Not\u00edcias"}}]},{"@type":"Organization","@id":"https:\/\/www.binauralmedia.org\/news\/#organization","name":"binauralmedia.org","description":"Rural Based Sound\/Media Arts & Social Research","url":"https:\/\/www.binauralmedia.org\/news\/"},{"@type":"Person","@id":"https:\/\/www.binauralmedia.org\/news\/arquivo\/author\/nelyferreira#author","url":"https:\/\/www.binauralmedia.org\/news\/arquivo\/author\/nelyferreira","name":"Nely Ferreira"},{"@type":"WebPage","@id":"https:\/\/www.binauralmedia.org\/news\/arquivo\/25319#webpage","url":"https:\/\/www.binauralmedia.org\/news\/arquivo\/25319","name":"Binaural Nodar \u00e9 membro da Culture Action Europe - binauralmedia.org","description":"BINAURAL NODAR \u00c9 MEMBRO DA CULTURE ACTION EUROPE A Binaural Nodar acaba de afiliar-se \u00e0 Culture Action Europe, no contexto do seu envolvimento ativo em projetos europeus desde 2012, o que tem permitido, ao longo dos anos, ser um participante ativo em f\u00f3runs de discuss\u00e3o sobre pol\u00edticas culturais europeias, junto a dezenas de outras organiza\u00e7\u00f5es","inLanguage":"pt-PT","isPartOf":{"@id":"https:\/\/www.binauralmedia.org\/news\/#website"},"breadcrumb":{"@id":"https:\/\/www.binauralmedia.org\/news\/arquivo\/25319#breadcrumblist"},"author":{"@id":"https:\/\/www.binauralmedia.org\/news\/arquivo\/author\/nelyferreira#author"},"creator":{"@id":"https:\/\/www.binauralmedia.org\/news\/arquivo\/author\/nelyferreira#author"},"image":{"@type":"ImageObject","url":"https:\/\/www.binauralmedia.org\/news\/wp-content\/uploads\/1200x800-19.png","@id":"https:\/\/www.binauralmedia.org\/news\/arquivo\/25319\/#mainImage","width":1200,"height":800},"primaryImageOfPage":{"@id":"https:\/\/www.binauralmedia.org\/news\/arquivo\/25319#mainImage"},"datePublished":"2026-04-16T14:03:54+00:00","dateModified":"2026-04-22T14:06:43+00:00"},{"@type":"WebSite","@id":"https:\/\/www.binauralmedia.org\/news\/#website","url":"https:\/\/www.binauralmedia.org\/news\/","name":"binauralmedia.org","description":"Rural Based Sound\/Media Arts & Social Research","inLanguage":"pt-PT","publisher":{"@id":"https:\/\/www.binauralmedia.org\/news\/#organization"}}]},"og:locale":"pt_PT","og:site_name":"binauralmedia.org - Rural Based Sound\/Media Arts &amp; Social Research","og:type":"article","og:title":"Binaural Nodar \u00e9 membro da Culture Action Europe - binauralmedia.org","og:description":"BINAURAL NODAR \u00c9 MEMBRO DA CULTURE ACTION EUROPE A Binaural Nodar acaba de afiliar-se \u00e0 Culture Action Europe, no contexto do seu envolvimento ativo em projetos europeus desde 2012, o que tem permitido, ao longo dos anos, ser um participante ativo em f\u00f3runs de discuss\u00e3o sobre pol\u00edticas culturais europeias, junto a dezenas de outras organiza\u00e7\u00f5es","og:url":"https:\/\/www.binauralmedia.org\/news\/arquivo\/25319","article:published_time":"2026-04-16T14:03:54+00:00","article:modified_time":"2026-04-22T14:06:43+00:00","twitter:card":"summary_large_image","twitter:title":"Binaural Nodar \u00e9 membro da Culture Action Europe - binauralmedia.org","twitter:description":"BINAURAL NODAR \u00c9 MEMBRO DA CULTURE ACTION EUROPE A Binaural Nodar acaba de afiliar-se \u00e0 Culture Action Europe, no contexto do seu envolvimento ativo em projetos europeus desde 2012, o que tem permitido, ao longo dos anos, ser um participante ativo em f\u00f3runs de discuss\u00e3o sobre pol\u00edticas culturais europeias, junto a dezenas de outras organiza\u00e7\u00f5es"},"aioseo_meta_data":{"post_id":"25319","title":null,"description":null,"keywords":null,"keyphrases":{"focus":[],"additional":[]},"primary_term":null,"canonical_url":null,"og_title":null,"og_description":null,"og_object_type":"default","og_image_type":"default","og_image_custom_url":null,"og_image_custom_fields":null,"og_image_url":null,"og_image_width":null,"og_image_height":null,"og_video":null,"og_custom_url":null,"og_article_section":null,"og_article_tags":null,"twitter_use_og":false,"twitter_card":"default","twitter_image_type":"default","twitter_image_custom_url":null,"twitter_image_custom_fields":null,"twitter_image_url":null,"twitter_title":null,"twitter_description":null,"schema_type":"default","schema_type_options":null,"schema":{"blockGraphs":[],"customGraphs":[],"default":{"data":{"Article":[],"Course":[],"Dataset":[],"FAQPage":[],"Movie":[],"Person":[],"Product":[],"ProductReview":[],"Car":[],"Recipe":[],"Service":[],"SoftwareApplication":[],"WebPage":[]},"graphName":"","isEnabled":true},"graphs":[]},"pillar_content":false,"robots_default":true,"robots_noindex":false,"robots_noarchive":false,"robots_nosnippet":false,"robots_nofollow":false,"robots_noimageindex":false,"robots_noodp":false,"robots_notranslate":false,"robots_max_snippet":null,"robots_max_videopreview":null,"robots_max_imagepreview":"large","priority":null,"frequency":null,"local_seo":null,"limit_modified_date":false,"ai":null,"breadcrumb_settings":null,"seo_analyzer_scan_date":null,"created":"2026-08-05 08:49:58","updated":"2026-08-19 08:47:53","focus_keyword":null,"additional_keywords":null,"truseo_locale":null},"aioseo_breadcrumb":"<div class=\"aioseo-breadcrumbs\"><span class=\"aioseo-breadcrumb\">\n\t\t\t<a href=\"https:\/\/www.binauralmedia.org\/news\" title=\"Home\">Home<\/a>\n\t\t<\/span><span class=\"aioseo-breadcrumb-separator\">&raquo;<\/span><span class=\"aioseo-breadcrumb\">\n\t\t\t<a href=\"https:\/\/www.binauralmedia.org\/news\/arquivo\/category\/news\" title=\"Not\u00edcias\">Not\u00edcias<\/a>\n\t\t<\/span><span class=\"aioseo-breadcrumb-separator\">&raquo;<\/span><span class=\"aioseo-breadcrumb\">\n\t\t\tBinaural Nodar \u00e9 membro da Culture Action Europe\n\t\t<\/span><\/div>","aioseo_breadcrumb_json":[{"label":"Home","link":"https:\/\/www.binauralmedia.org\/news"},{"label":"Not\u00edcias","link":"https:\/\/www.binauralmedia.org\/news\/arquivo\/category\/news"},{"label":"Binaural Nodar \u00e9 membro da Culture Action Europe","link":"https:\/\/www.binauralmedia.org\/news\/arquivo\/25319"}],"_links":{"self":[{"href":"https:\/\/www.binauralmedia.org\/news\/wp-json\/wp\/v2\/posts\/25319","targetHints":{"allow":["GET"]}}],"collection":[{"href":"https:\/\/www.binauralmedia.org\/news\/wp-json\/wp\/v2\/posts"}],"about":[{"href":"https:\/\/www.binauralmedia.org\/news\/wp-json\/wp\/v2\/types\/post"}],"author":[{"embeddable":true,"href":"https:\/\/www.binauralmedia.org\/news\/wp-json\/wp\/v2\/users\/8"}],"replies":[{"embeddable":true,"href":"https:\/\/www.binauralmedia.org\/news\/wp-json\/wp\/v2\/comments?post=25319"}],"version-history":[{"count":1,"href":"https:\/\/www.binauralmedia.org\/news\/wp-json\/wp\/v2\/posts\/25319\/revisions"}],"predecessor-version":[{"id":25321,"href":"https:\/\/www.binauralmedia.org\/news\/wp-json\/wp\/v2\/posts\/25319\/revisions\/25321"}],"wp:featuredmedia":[{"embeddable":true,"href":"https:\/\/www.binauralmedia.org\/news\/wp-json\/wp\/v2\/media\/25320"}],"wp:attachment":[{"href":"https:\/\/www.binauralmedia.org\/news\/wp-json\/wp\/v2\/media?parent=25319"}],"wp:term":[{"taxonomy":"category","embeddable":true,"href":"https:\/\/www.binauralmedia.org\/news\/wp-json\/wp\/v2\/categories?post=25319"},{"taxonomy":"post_tag","embeddable":true,"href":"https:\/\/www.binauralmedia.org\/news\/wp-json\/wp\/v2\/tags?post=25319"}],"curies":[{"name":"wp","href":"https:\/\/api.w.org\/{rel}","templated":true}]}}