{"id":25313,"date":"2026-04-13T14:00:35","date_gmt":"2026-04-13T14:00:35","guid":{"rendered":"https:\/\/www.binauralmedia.org\/news?p=25313"},"modified":"2026-04-22T14:03:23","modified_gmt":"2026-04-22T14:03:23","slug":"em-cada-porta-uma-historia-em-cada-historia-uma-vida-um-arquivo-em-forma-de-exposicao","status":"publish","type":"post","link":"https:\/\/www.binauralmedia.org\/news\/arquivo\/25313","title":{"rendered":"&#8220;Em cada porta uma hist\u00f3ria, em cada hist\u00f3ria uma vida&#8221;"},"content":{"rendered":"<div class=\"fusion-fullwidth fullwidth-box fusion-builder-row-1 fusion-flex-container nonhundred-percent-fullwidth non-hundred-percent-height-scrolling\" style=\"--awb-border-radius-top-left:0px;--awb-border-radius-top-right:0px;--awb-border-radius-bottom-right:0px;--awb-border-radius-bottom-left:0px;--awb-flex-wrap:wrap;\" ><div class=\"fusion-builder-row fusion-row fusion-flex-align-items-flex-start fusion-flex-content-wrap\" style=\"max-width:1144px;margin-left: calc(-4% \/ 2 );margin-right: calc(-4% \/ 2 );\"><div class=\"fusion-layout-column fusion_builder_column fusion-builder-column-0 fusion_builder_column_1_1 1_1 fusion-flex-column\" style=\"--awb-bg-size:cover;--awb-width-large:100%;--awb-margin-top-large:0px;--awb-spacing-right-large:1.92%;--awb-margin-bottom-large:0px;--awb-spacing-left-large:1.92%;--awb-width-medium:100%;--awb-spacing-right-medium:1.92%;--awb-spacing-left-medium:1.92%;--awb-width-small:100%;--awb-spacing-right-small:1.92%;--awb-spacing-left-small:1.92%;\"><div class=\"fusion-column-wrapper fusion-flex-justify-content-flex-start fusion-content-layout-column\"><div class=\"fusion-text fusion-text-1\"><p>EM CADA PORTA UMA HIST\u00d3RIA,<br \/>\nEM CADA HIST\u00d3RIA UMA VIDA<br \/>\nUm arquivo em forma de exposi\u00e7\u00e3o<\/p>\n<p>16 abril a 31 dezembro 2026<br \/>\nInaugura\u00e7\u00e3o: 16 de abril \u00e0s 18h30<br \/>\nBiblioteca Municipal de Castro Daire<\/p>\n<p>Uma produ\u00e7\u00e3o da Biblioteca Municipal de Castro Daire, em colabora\u00e7\u00e3o com a Binaural Nodar, parte do projeto Mem\u00f3ria Sobre Rodas e da Rede Tramontana, um projeto cofinanciado pelo programa Europa Criativa.<\/p>\n<p>Cr\u00e9ditos:<\/p>\n<p>Curadoria: Marta Carvalhal e Lu\u00eds Costa<br \/>\nIdeia original: Cl\u00e1udia Almeida<br \/>\nConcep\u00e7\u00e3o material: Cl\u00e1udia Almeida, Goreti Coelho, Jaime Sequeira, Bruna Medeiros e Sandra Silva.<br \/>\nSele\u00e7\u00e3o de textos po\u00e9ticos: Marta Carvalhal<br \/>\nDesenhos: Liliana Silva<br \/>\nImagem Gr\u00e1fica: Lu\u00eds Costa<br \/>\nCom objetos, textos e imagens de Porf\u00edrio Ferreira (cesteiro), Mestre Jos\u00e9 Maria Rodrigues (oleiro), Mestre Albino Ribeiro (oleiro), Jos\u00e9 Loureiro (\u201cZ\u00e9 Ferreiro\u201d, ferreiro), D\u00e1lia de Almeida (comerciante), Jo\u00e3o Silva (tamanqueiro) e Albertino Duarte (tecel\u00e3o).<\/p>\n<p>A Binaural Nodar \u00e9 uma entidade cultural apoiada pela Rep\u00fablica Portuguesa &#8211; Cultura, Juventude e Desporto | Dire\u00e7\u00e3o-Geral das Artes.<\/p>\n<\/div><\/div><\/div><\/div><\/div>\n","protected":false},"excerpt":{"rendered":"","protected":false},"author":8,"featured_media":25314,"comment_status":"closed","ping_status":"closed","sticky":false,"template":"","format":"standard","meta":{"_acf_changed":false,"_bbp_topic_count":0,"_bbp_reply_count":0,"_bbp_total_topic_count":0,"_bbp_total_reply_count":0,"_bbp_voice_count":0,"_bbp_anonymous_reply_count":0,"_bbp_topic_count_hidden":0,"_bbp_reply_count_hidden":0,"_bbp_forum_subforum_count":0,"footnotes":""},"categories":[1161,1],"tags":[],"class_list":["post-25313","post","type-post","status-publish","format-standard","has-post-thumbnail","hentry","category-artistic-creations","category-news"],"acf":[],"aioseo_notices":[],"aioseo_head":"\n\t\t<!-- All in One SEO 5.0.1.1 - aioseo.com -->\n\t<meta name=\"description\" content=\"EM CADA PORTA UMA HIST\u00d3RIA, EM CADA HIST\u00d3RIA UMA VIDA Um arquivo em forma de exposi\u00e7\u00e3o 16 abril a 31 dezembro 2026 Inaugura\u00e7\u00e3o: 16 de abril \u00e0s 18h30 Biblioteca Municipal de Castro Daire Uma produ\u00e7\u00e3o da Biblioteca Municipal de Castro Daire, em colabora\u00e7\u00e3o com a Binaural Nodar, parte do projeto Mem\u00f3ria Sobre Rodas e da\" \/>\n\t<meta name=\"robots\" content=\"max-image-preview:large\" \/>\n\t<meta name=\"author\" content=\"Nely Ferreira\"\/>\n\t<link rel=\"canonical\" href=\"https:\/\/www.binauralmedia.org\/news\/arquivo\/25313\" \/>\n\t<meta name=\"generator\" content=\"All in One SEO (AIOSEO) 5.0.1.1\" \/>\n\t\t<meta property=\"og:locale\" content=\"pt_PT\" \/>\n\t\t<meta property=\"og:site_name\" content=\"binauralmedia.org - Rural Based Sound\/Media Arts &amp; Social Research\" \/>\n\t\t<meta property=\"og:type\" content=\"article\" \/>\n\t\t<meta property=\"og:title\" content=\"\u201cEm cada porta uma hist\u00f3ria, em cada hist\u00f3ria uma vida\u201d - binauralmedia.org\" \/>\n\t\t<meta property=\"og:description\" content=\"EM CADA PORTA UMA HIST\u00d3RIA, EM CADA HIST\u00d3RIA UMA VIDA Um arquivo em forma de exposi\u00e7\u00e3o 16 abril a 31 dezembro 2026 Inaugura\u00e7\u00e3o: 16 de abril \u00e0s 18h30 Biblioteca Municipal de Castro Daire Uma produ\u00e7\u00e3o da Biblioteca Municipal de Castro Daire, em colabora\u00e7\u00e3o com a Binaural Nodar, parte do projeto Mem\u00f3ria Sobre Rodas e da\" \/>\n\t\t<meta property=\"og:url\" content=\"https:\/\/www.binauralmedia.org\/news\/arquivo\/25313\" \/>\n\t\t<meta property=\"article:published_time\" content=\"2026-04-13T14:00:35+00:00\" \/>\n\t\t<meta property=\"article:modified_time\" content=\"2026-04-22T14:03:23+00:00\" \/>\n\t\t<meta name=\"twitter:card\" content=\"summary_large_image\" \/>\n\t\t<meta name=\"twitter:title\" content=\"\u201cEm cada porta uma hist\u00f3ria, em cada hist\u00f3ria uma vida\u201d - binauralmedia.org\" \/>\n\t\t<meta name=\"twitter:description\" content=\"EM CADA PORTA UMA HIST\u00d3RIA, EM CADA HIST\u00d3RIA UMA VIDA Um arquivo em forma de exposi\u00e7\u00e3o 16 abril a 31 dezembro 2026 Inaugura\u00e7\u00e3o: 16 de abril \u00e0s 18h30 Biblioteca Municipal de Castro Daire Uma produ\u00e7\u00e3o da Biblioteca Municipal de Castro Daire, em colabora\u00e7\u00e3o com a Binaural Nodar, parte do projeto Mem\u00f3ria Sobre Rodas e da\" \/>\n\t\t<script type=\"application\/ld+json\" class=\"aioseo-schema\">\n\t\t\t{\"@context\":\"https:\\\/\\\/schema.org\",\"@graph\":[{\"@type\":\"BlogPosting\",\"@id\":\"https:\\\/\\\/www.binauralmedia.org\\\/news\\\/arquivo\\\/25313#blogposting\",\"name\":\"\\u201cEm cada porta uma hist\\u00f3ria, em cada hist\\u00f3ria uma vida\\u201d - binauralmedia.org\",\"headline\":\"&#8220;Em cada porta uma hist\\u00f3ria, em cada hist\\u00f3ria uma vida&#8221;\",\"author\":{\"@id\":\"https:\\\/\\\/www.binauralmedia.org\\\/news\\\/arquivo\\\/author\\\/nelyferreira#author\"},\"publisher\":{\"@id\":\"https:\\\/\\\/www.binauralmedia.org\\\/news\\\/#organization\"},\"image\":{\"@type\":\"ImageObject\",\"url\":\"https:\\\/\\\/www.binauralmedia.org\\\/news\\\/wp-content\\\/uploads\\\/Em-cada-Porta-uma-Historia-1200x800-1.png\",\"width\":1200,\"height\":800},\"datePublished\":\"2026-04-13T14:00:35+00:00\",\"dateModified\":\"2026-04-22T14:03:23+00:00\",\"inLanguage\":\"pt-PT\",\"mainEntityOfPage\":{\"@id\":\"https:\\\/\\\/www.binauralmedia.org\\\/news\\\/arquivo\\\/25313#webpage\"},\"isPartOf\":{\"@id\":\"https:\\\/\\\/www.binauralmedia.org\\\/news\\\/arquivo\\\/25313#webpage\"},\"articleSection\":\"Cria\\u00e7\\u00f5es Art\\u00edsticas, Not\\u00edcias, Optional\"},{\"@type\":\"BreadcrumbList\",\"@id\":\"https:\\\/\\\/www.binauralmedia.org\\\/news\\\/arquivo\\\/25313#breadcrumblist\",\"itemListElement\":[{\"@type\":\"ListItem\",\"@id\":\"https:\\\/\\\/www.binauralmedia.org\\\/news#listItem\",\"position\":1,\"name\":\"Home\",\"item\":\"https:\\\/\\\/www.binauralmedia.org\\\/news\",\"nextItem\":{\"@type\":\"ListItem\",\"@id\":\"https:\\\/\\\/www.binauralmedia.org\\\/news\\\/arquivo\\\/category\\\/news#listItem\",\"name\":\"Not\\u00edcias\"}},{\"@type\":\"ListItem\",\"@id\":\"https:\\\/\\\/www.binauralmedia.org\\\/news\\\/arquivo\\\/category\\\/news#listItem\",\"position\":2,\"name\":\"Not\\u00edcias\",\"item\":\"https:\\\/\\\/www.binauralmedia.org\\\/news\\\/arquivo\\\/category\\\/news\",\"nextItem\":{\"@type\":\"ListItem\",\"@id\":\"https:\\\/\\\/www.binauralmedia.org\\\/news\\\/arquivo\\\/25313#listItem\",\"name\":\"&#8220;Em cada porta uma hist\\u00f3ria, em cada hist\\u00f3ria uma vida&#8221;\"},\"previousItem\":{\"@type\":\"ListItem\",\"@id\":\"https:\\\/\\\/www.binauralmedia.org\\\/news#listItem\",\"name\":\"Home\"}},{\"@type\":\"ListItem\",\"@id\":\"https:\\\/\\\/www.binauralmedia.org\\\/news\\\/arquivo\\\/25313#listItem\",\"position\":3,\"name\":\"&#8220;Em cada porta uma hist\\u00f3ria, em cada hist\\u00f3ria uma vida&#8221;\",\"previousItem\":{\"@type\":\"ListItem\",\"@id\":\"https:\\\/\\\/www.binauralmedia.org\\\/news\\\/arquivo\\\/category\\\/news#listItem\",\"name\":\"Not\\u00edcias\"}}]},{\"@type\":\"Organization\",\"@id\":\"https:\\\/\\\/www.binauralmedia.org\\\/news\\\/#organization\",\"name\":\"binauralmedia.org\",\"description\":\"Rural Based Sound\\\/Media Arts & Social Research\",\"url\":\"https:\\\/\\\/www.binauralmedia.org\\\/news\\\/\"},{\"@type\":\"Person\",\"@id\":\"https:\\\/\\\/www.binauralmedia.org\\\/news\\\/arquivo\\\/author\\\/nelyferreira#author\",\"url\":\"https:\\\/\\\/www.binauralmedia.org\\\/news\\\/arquivo\\\/author\\\/nelyferreira\",\"name\":\"Nely Ferreira\"},{\"@type\":\"WebPage\",\"@id\":\"https:\\\/\\\/www.binauralmedia.org\\\/news\\\/arquivo\\\/25313#webpage\",\"url\":\"https:\\\/\\\/www.binauralmedia.org\\\/news\\\/arquivo\\\/25313\",\"name\":\"\\u201cEm cada porta uma hist\\u00f3ria, em cada hist\\u00f3ria uma vida\\u201d - binauralmedia.org\",\"description\":\"EM CADA PORTA UMA HIST\\u00d3RIA, EM CADA HIST\\u00d3RIA UMA VIDA Um arquivo em forma de exposi\\u00e7\\u00e3o 16 abril a 31 dezembro 2026 Inaugura\\u00e7\\u00e3o: 16 de abril \\u00e0s 18h30 Biblioteca Municipal de Castro Daire Uma produ\\u00e7\\u00e3o da Biblioteca Municipal de Castro Daire, em colabora\\u00e7\\u00e3o com a Binaural Nodar, parte do projeto Mem\\u00f3ria Sobre Rodas e da\",\"inLanguage\":\"pt-PT\",\"isPartOf\":{\"@id\":\"https:\\\/\\\/www.binauralmedia.org\\\/news\\\/#website\"},\"breadcrumb\":{\"@id\":\"https:\\\/\\\/www.binauralmedia.org\\\/news\\\/arquivo\\\/25313#breadcrumblist\"},\"author\":{\"@id\":\"https:\\\/\\\/www.binauralmedia.org\\\/news\\\/arquivo\\\/author\\\/nelyferreira#author\"},\"creator\":{\"@id\":\"https:\\\/\\\/www.binauralmedia.org\\\/news\\\/arquivo\\\/author\\\/nelyferreira#author\"},\"image\":{\"@type\":\"ImageObject\",\"url\":\"https:\\\/\\\/www.binauralmedia.org\\\/news\\\/wp-content\\\/uploads\\\/Em-cada-Porta-uma-Historia-1200x800-1.png\",\"@id\":\"https:\\\/\\\/www.binauralmedia.org\\\/news\\\/arquivo\\\/25313\\\/#mainImage\",\"width\":1200,\"height\":800},\"primaryImageOfPage\":{\"@id\":\"https:\\\/\\\/www.binauralmedia.org\\\/news\\\/arquivo\\\/25313#mainImage\"},\"datePublished\":\"2026-04-13T14:00:35+00:00\",\"dateModified\":\"2026-04-22T14:03:23+00:00\"},{\"@type\":\"WebSite\",\"@id\":\"https:\\\/\\\/www.binauralmedia.org\\\/news\\\/#website\",\"url\":\"https:\\\/\\\/www.binauralmedia.org\\\/news\\\/\",\"name\":\"binauralmedia.org\",\"description\":\"Rural Based Sound\\\/Media Arts & Social Research\",\"inLanguage\":\"pt-PT\",\"publisher\":{\"@id\":\"https:\\\/\\\/www.binauralmedia.org\\\/news\\\/#organization\"}}]}\n\t\t<\/script>\n\t\t<!-- All in One SEO -->\n\n","aioseo_head_json":{"title":"\u201cEm cada porta uma hist\u00f3ria, em cada hist\u00f3ria uma vida\u201d - binauralmedia.org","description":"EM CADA PORTA UMA HIST\u00d3RIA, EM CADA HIST\u00d3RIA UMA VIDA Um arquivo em forma de exposi\u00e7\u00e3o 16 abril a 31 dezembro 2026 Inaugura\u00e7\u00e3o: 16 de abril \u00e0s 18h30 Biblioteca Municipal de Castro Daire Uma produ\u00e7\u00e3o da Biblioteca Municipal de Castro Daire, em colabora\u00e7\u00e3o com a Binaural Nodar, parte do projeto Mem\u00f3ria Sobre Rodas e da","canonical_url":"https:\/\/www.binauralmedia.org\/news\/arquivo\/25313","robots":"max-image-preview:large","keywords":"","webmasterTools":{"miscellaneous":""},"schema":{"@context":"https:\/\/schema.org","@graph":[{"@type":"BlogPosting","@id":"https:\/\/www.binauralmedia.org\/news\/arquivo\/25313#blogposting","name":"\u201cEm cada porta uma hist\u00f3ria, em cada hist\u00f3ria uma vida\u201d - binauralmedia.org","headline":"&#8220;Em cada porta uma hist\u00f3ria, em cada hist\u00f3ria uma vida&#8221;","author":{"@id":"https:\/\/www.binauralmedia.org\/news\/arquivo\/author\/nelyferreira#author"},"publisher":{"@id":"https:\/\/www.binauralmedia.org\/news\/#organization"},"image":{"@type":"ImageObject","url":"https:\/\/www.binauralmedia.org\/news\/wp-content\/uploads\/Em-cada-Porta-uma-Historia-1200x800-1.png","width":1200,"height":800},"datePublished":"2026-04-13T14:00:35+00:00","dateModified":"2026-04-22T14:03:23+00:00","inLanguage":"pt-PT","mainEntityOfPage":{"@id":"https:\/\/www.binauralmedia.org\/news\/arquivo\/25313#webpage"},"isPartOf":{"@id":"https:\/\/www.binauralmedia.org\/news\/arquivo\/25313#webpage"},"articleSection":"Cria\u00e7\u00f5es Art\u00edsticas, Not\u00edcias, Optional"},{"@type":"BreadcrumbList","@id":"https:\/\/www.binauralmedia.org\/news\/arquivo\/25313#breadcrumblist","itemListElement":[{"@type":"ListItem","@id":"https:\/\/www.binauralmedia.org\/news#listItem","position":1,"name":"Home","item":"https:\/\/www.binauralmedia.org\/news","nextItem":{"@type":"ListItem","@id":"https:\/\/www.binauralmedia.org\/news\/arquivo\/category\/news#listItem","name":"Not\u00edcias"}},{"@type":"ListItem","@id":"https:\/\/www.binauralmedia.org\/news\/arquivo\/category\/news#listItem","position":2,"name":"Not\u00edcias","item":"https:\/\/www.binauralmedia.org\/news\/arquivo\/category\/news","nextItem":{"@type":"ListItem","@id":"https:\/\/www.binauralmedia.org\/news\/arquivo\/25313#listItem","name":"&#8220;Em cada porta uma hist\u00f3ria, em cada hist\u00f3ria uma vida&#8221;"},"previousItem":{"@type":"ListItem","@id":"https:\/\/www.binauralmedia.org\/news#listItem","name":"Home"}},{"@type":"ListItem","@id":"https:\/\/www.binauralmedia.org\/news\/arquivo\/25313#listItem","position":3,"name":"&#8220;Em cada porta uma hist\u00f3ria, em cada hist\u00f3ria uma vida&#8221;","previousItem":{"@type":"ListItem","@id":"https:\/\/www.binauralmedia.org\/news\/arquivo\/category\/news#listItem","name":"Not\u00edcias"}}]},{"@type":"Organization","@id":"https:\/\/www.binauralmedia.org\/news\/#organization","name":"binauralmedia.org","description":"Rural Based Sound\/Media Arts & Social Research","url":"https:\/\/www.binauralmedia.org\/news\/"},{"@type":"Person","@id":"https:\/\/www.binauralmedia.org\/news\/arquivo\/author\/nelyferreira#author","url":"https:\/\/www.binauralmedia.org\/news\/arquivo\/author\/nelyferreira","name":"Nely Ferreira"},{"@type":"WebPage","@id":"https:\/\/www.binauralmedia.org\/news\/arquivo\/25313#webpage","url":"https:\/\/www.binauralmedia.org\/news\/arquivo\/25313","name":"\u201cEm cada porta uma hist\u00f3ria, em cada hist\u00f3ria uma vida\u201d - binauralmedia.org","description":"EM CADA PORTA UMA HIST\u00d3RIA, EM CADA HIST\u00d3RIA UMA VIDA Um arquivo em forma de exposi\u00e7\u00e3o 16 abril a 31 dezembro 2026 Inaugura\u00e7\u00e3o: 16 de abril \u00e0s 18h30 Biblioteca Municipal de Castro Daire Uma produ\u00e7\u00e3o da Biblioteca Municipal de Castro Daire, em colabora\u00e7\u00e3o com a Binaural Nodar, parte do projeto Mem\u00f3ria Sobre Rodas e da","inLanguage":"pt-PT","isPartOf":{"@id":"https:\/\/www.binauralmedia.org\/news\/#website"},"breadcrumb":{"@id":"https:\/\/www.binauralmedia.org\/news\/arquivo\/25313#breadcrumblist"},"author":{"@id":"https:\/\/www.binauralmedia.org\/news\/arquivo\/author\/nelyferreira#author"},"creator":{"@id":"https:\/\/www.binauralmedia.org\/news\/arquivo\/author\/nelyferreira#author"},"image":{"@type":"ImageObject","url":"https:\/\/www.binauralmedia.org\/news\/wp-content\/uploads\/Em-cada-Porta-uma-Historia-1200x800-1.png","@id":"https:\/\/www.binauralmedia.org\/news\/arquivo\/25313\/#mainImage","width":1200,"height":800},"primaryImageOfPage":{"@id":"https:\/\/www.binauralmedia.org\/news\/arquivo\/25313#mainImage"},"datePublished":"2026-04-13T14:00:35+00:00","dateModified":"2026-04-22T14:03:23+00:00"},{"@type":"WebSite","@id":"https:\/\/www.binauralmedia.org\/news\/#website","url":"https:\/\/www.binauralmedia.org\/news\/","name":"binauralmedia.org","description":"Rural Based Sound\/Media Arts & Social Research","inLanguage":"pt-PT","publisher":{"@id":"https:\/\/www.binauralmedia.org\/news\/#organization"}}]},"og:locale":"pt_PT","og:site_name":"binauralmedia.org - Rural Based Sound\/Media Arts &amp; Social Research","og:type":"article","og:title":"\u201cEm cada porta uma hist\u00f3ria, em cada hist\u00f3ria uma vida\u201d - binauralmedia.org","og:description":"EM CADA PORTA UMA HIST\u00d3RIA, EM CADA HIST\u00d3RIA UMA VIDA Um arquivo em forma de exposi\u00e7\u00e3o 16 abril a 31 dezembro 2026 Inaugura\u00e7\u00e3o: 16 de abril \u00e0s 18h30 Biblioteca Municipal de Castro Daire Uma produ\u00e7\u00e3o da Biblioteca Municipal de Castro Daire, em colabora\u00e7\u00e3o com a Binaural Nodar, parte do projeto Mem\u00f3ria Sobre Rodas e da","og:url":"https:\/\/www.binauralmedia.org\/news\/arquivo\/25313","article:published_time":"2026-04-13T14:00:35+00:00","article:modified_time":"2026-04-22T14:03:23+00:00","twitter:card":"summary_large_image","twitter:title":"\u201cEm cada porta uma hist\u00f3ria, em cada hist\u00f3ria uma vida\u201d - binauralmedia.org","twitter:description":"EM CADA PORTA UMA HIST\u00d3RIA, EM CADA HIST\u00d3RIA UMA VIDA Um arquivo em forma de exposi\u00e7\u00e3o 16 abril a 31 dezembro 2026 Inaugura\u00e7\u00e3o: 16 de abril \u00e0s 18h30 Biblioteca Municipal de Castro Daire Uma produ\u00e7\u00e3o da Biblioteca Municipal de Castro Daire, em colabora\u00e7\u00e3o com a Binaural Nodar, parte do projeto Mem\u00f3ria Sobre Rodas e da"},"aioseo_meta_data":{"post_id":"25313","title":null,"description":null,"keywords":null,"keyphrases":{"focus":[],"additional":[]},"primary_term":null,"canonical_url":null,"og_title":null,"og_description":null,"og_object_type":"default","og_image_type":"default","og_image_custom_url":null,"og_image_custom_fields":null,"og_image_url":null,"og_image_width":null,"og_image_height":null,"og_video":null,"og_custom_url":null,"og_article_section":null,"og_article_tags":null,"twitter_use_og":false,"twitter_card":"default","twitter_image_type":"default","twitter_image_custom_url":null,"twitter_image_custom_fields":null,"twitter_image_url":null,"twitter_title":null,"twitter_description":null,"schema_type":"default","schema_type_options":null,"schema":{"blockGraphs":[],"customGraphs":[],"default":{"data":{"Article":[],"Course":[],"Dataset":[],"FAQPage":[],"Movie":[],"Person":[],"Product":[],"ProductReview":[],"Car":[],"Recipe":[],"Service":[],"SoftwareApplication":[],"WebPage":[]},"graphName":"","isEnabled":true},"graphs":[]},"pillar_content":false,"robots_default":true,"robots_noindex":false,"robots_noarchive":false,"robots_nosnippet":false,"robots_nofollow":false,"robots_noimageindex":false,"robots_noodp":false,"robots_notranslate":false,"robots_max_snippet":null,"robots_max_videopreview":null,"robots_max_imagepreview":"large","priority":null,"frequency":null,"local_seo":null,"limit_modified_date":false,"ai":null,"breadcrumb_settings":null,"seo_analyzer_scan_date":null,"created":"2026-08-05 08:49:58","updated":"2026-08-19 08:47:55","focus_keyword":null,"additional_keywords":null,"truseo_locale":null},"aioseo_breadcrumb":"<div class=\"aioseo-breadcrumbs\"><span class=\"aioseo-breadcrumb\">\n\t\t\t<a href=\"https:\/\/www.binauralmedia.org\/news\" title=\"Home\">Home<\/a>\n\t\t<\/span><span class=\"aioseo-breadcrumb-separator\">&raquo;<\/span><span class=\"aioseo-breadcrumb\">\n\t\t\t<a href=\"https:\/\/www.binauralmedia.org\/news\/arquivo\/category\/news\" title=\"Not\u00edcias\">Not\u00edcias<\/a>\n\t\t<\/span><span class=\"aioseo-breadcrumb-separator\">&raquo;<\/span><span class=\"aioseo-breadcrumb\">\n\t\t\t\u201cEm cada porta uma hist\u00f3ria, em cada hist\u00f3ria uma vida\u201d\n\t\t<\/span><\/div>","aioseo_breadcrumb_json":[{"label":"Home","link":"https:\/\/www.binauralmedia.org\/news"},{"label":"Not\u00edcias","link":"https:\/\/www.binauralmedia.org\/news\/arquivo\/category\/news"},{"label":"&#8220;Em cada porta uma hist\u00f3ria, em cada hist\u00f3ria uma vida&#8221;","link":"https:\/\/www.binauralmedia.org\/news\/arquivo\/25313"}],"_links":{"self":[{"href":"https:\/\/www.binauralmedia.org\/news\/wp-json\/wp\/v2\/posts\/25313","targetHints":{"allow":["GET"]}}],"collection":[{"href":"https:\/\/www.binauralmedia.org\/news\/wp-json\/wp\/v2\/posts"}],"about":[{"href":"https:\/\/www.binauralmedia.org\/news\/wp-json\/wp\/v2\/types\/post"}],"author":[{"embeddable":true,"href":"https:\/\/www.binauralmedia.org\/news\/wp-json\/wp\/v2\/users\/8"}],"replies":[{"embeddable":true,"href":"https:\/\/www.binauralmedia.org\/news\/wp-json\/wp\/v2\/comments?post=25313"}],"version-history":[{"count":2,"href":"https:\/\/www.binauralmedia.org\/news\/wp-json\/wp\/v2\/posts\/25313\/revisions"}],"predecessor-version":[{"id":25316,"href":"https:\/\/www.binauralmedia.org\/news\/wp-json\/wp\/v2\/posts\/25313\/revisions\/25316"}],"wp:featuredmedia":[{"embeddable":true,"href":"https:\/\/www.binauralmedia.org\/news\/wp-json\/wp\/v2\/media\/25314"}],"wp:attachment":[{"href":"https:\/\/www.binauralmedia.org\/news\/wp-json\/wp\/v2\/media?parent=25313"}],"wp:term":[{"taxonomy":"category","embeddable":true,"href":"https:\/\/www.binauralmedia.org\/news\/wp-json\/wp\/v2\/categories?post=25313"},{"taxonomy":"post_tag","embeddable":true,"href":"https:\/\/www.binauralmedia.org\/news\/wp-json\/wp\/v2\/tags?post=25313"}],"curies":[{"name":"wp","href":"https:\/\/api.w.org\/{rel}","templated":true}]}}