{"id":25271,"date":"2026-04-06T13:46:17","date_gmt":"2026-04-06T13:46:17","guid":{"rendered":"https:\/\/www.binauralmedia.org\/news?p=25271"},"modified":"2026-04-22T13:49:02","modified_gmt":"2026-04-22T13:49:02","slug":"o-tempo-das-coisas-exposicao-visual-e-sonora","status":"publish","type":"post","link":"https:\/\/www.binauralmedia.org\/news\/arquivo\/25271","title":{"rendered":"&#8220;O Tempo das Coisas&#8221; exposi\u00e7\u00e3o visual e sonora"},"content":{"rendered":"<div class=\"fusion-fullwidth fullwidth-box fusion-builder-row-1 fusion-flex-container nonhundred-percent-fullwidth non-hundred-percent-height-scrolling\" style=\"--awb-border-radius-top-left:0px;--awb-border-radius-top-right:0px;--awb-border-radius-bottom-right:0px;--awb-border-radius-bottom-left:0px;--awb-flex-wrap:wrap;\" ><div class=\"fusion-builder-row fusion-row fusion-flex-align-items-flex-start fusion-flex-content-wrap\" style=\"max-width:1144px;margin-left: calc(-4% \/ 2 );margin-right: calc(-4% \/ 2 );\"><div class=\"fusion-layout-column fusion_builder_column fusion-builder-column-0 fusion_builder_column_1_1 1_1 fusion-flex-column\" style=\"--awb-bg-size:cover;--awb-width-large:100%;--awb-margin-top-large:0px;--awb-spacing-right-large:1.92%;--awb-margin-bottom-large:0px;--awb-spacing-left-large:1.92%;--awb-width-medium:100%;--awb-spacing-right-medium:1.92%;--awb-spacing-left-medium:1.92%;--awb-width-small:100%;--awb-spacing-right-small:1.92%;--awb-spacing-left-small:1.92%;\"><div class=\"fusion-column-wrapper fusion-flex-justify-content-flex-start fusion-content-layout-column\"><div class=\"fusion-text fusion-text-1\"><p>O TEMPO DAS COISAS<br \/>\nExposi\u00e7\u00e3o Visual e Sonora<\/p>\n<p>18 abril &#8211; 30 agosto 2026<br \/>\nInaugura\u00e7\u00e3o: s\u00e1bado, 18 abril \u00e0s 15h00<\/p>\n<p>Todas as pessoas vivem rodeadas por objetos que carregam mais do que a sua mat\u00e9ria f\u00edsica &#8211; trazem consigo hist\u00f3rias, mem\u00f3rias e afetos que cruzam gera\u00e7\u00f5es e, muitas vezes, atravessam territ\u00f3rios. <\/p>\n<p>O projeto comunit\u00e1rio \u201cO Tempo das Coisas\u201d dirige o olhar para essa riqueza complexa, dando especial aten\u00e7\u00e3o, quer aos objetos que foram custodiados desde os antepassados que viveram um contexto de ruralidade autossuficiente: das alfaias, aos  of\u00edcios tradicionais e aos objetos da vida familiar; mas tamb\u00e9m \u00e0queles que testemunham as mudan\u00e7as sociais que as comunidades rurais viveram nas \u00faltimas d\u00e9cadas, sobretudo a experi\u00eancia da emigra\u00e7\u00e3o mas, tamb\u00e9m, a dos estudos realizados fora das aldeias de origem.<\/p>\n<p>Por um lado, muitos dos objetos guardados com cuidado e carinho revelam uma conversa silenciosa com o tempo mais long\u00ednquo dos antepassados familiares. A liga\u00e7\u00e3o profunda \u00e0 terra, os ritmos naturais e as tradi\u00e7\u00f5es que moldaram a vida rural, testemunham de forma palp\u00e1vel um modo de viver essencial que, embora hoje distante dos objetos da modernidade, continuam a pulsar nas mem\u00f3rias de muitas fam\u00edlias e na identidade coletiva dos habitantes das aldeias da freguesia de Calde.<\/p>\n<p>Por outro lado, outros dos objetos foram trazidos das terras onde alguns viveram, muitos em busca de novas oportunidades, sendo esses objetos s\u00edmbolos vivos dessas trajet\u00f3rias de mudan\u00e7a e de adapta\u00e7\u00e3o. Eles carregam marcas do trabalho, da conviv\u00eancia e das experi\u00eancias concretas vividas em m\u00faltiplos lugares, e s\u00e3o, ao mesmo tempo, pontes entre o aqui e o acol\u00e1, entre o que ficou para tr\u00e1s e o que foi constru\u00eddo longe. Alguns dos objetos guardados pelas fam\u00edlias refletem, portanto, a forma como a vida se redesenhou num cen\u00e1rio social bem diferente daquele da origem destas pessoas.<\/p>\n<p>A exposi\u00e7\u00e3o visual e sonora \u201cO Tempo das Coisas\u201d convida-nos a ver as formas e a escutar as vozes de objetos com valor sentimental. Ao partilharmos as hist\u00f3rias que acompanham cada um deles, honram-se mem\u00f3rias familiares e coletivas e, desejavelmente, fortalece-se o sentido de perten\u00e7a e de autoestima dos habitantes envolvidos no projeto. Amar e cuidar destes objetos \u00e9, afinal, amar a pr\u00f3pria vida \u2014 a que foi vivida, a que se vive e a que se espera viver.<\/p>\n<p>Nesta edi\u00e7\u00e3o de \u201cO Tempo das Coisas\u201d, realizada em colabora\u00e7\u00e3o com o Munic\u00edpio de Viseu, atrav\u00e9s do Museu do Linho de V\u00e1rzea de Calde e com a Junta de Freguesia de Calde, prop\u00f4s-se um percurso comunit\u00e1rio de encontros de partilha de mem\u00f3rias, realizados entre outubro de 2025 e fevereiro de 2025, os quais culminam nesta exposi\u00e7\u00e3o, oferecendo a todos a oportunidade de conhecer e sentir a diversidade das mem\u00f3rias afetivas, atrav\u00e9s dos materiais, formas e texturas que acompanham a vida.<\/p>\n<p>Os curadores deste projeto agradecem aos habitantes das v\u00e1rias aldeias da freguesia de Calde que acederam a selecionar um dos seus objetos de afei\u00e7\u00e3o e que testemunharam a sua relev\u00e2ncia pessoal.<\/p>\n<p>Ficha Art\u00edstica e T\u00e9cnica:<\/p>\n<p>Uma produ\u00e7\u00e3o da Binaural Nodar, em parceria com o Munic\u00edpio de Viseu, atrav\u00e9s do Museu do Linho de V\u00e1rzea de Calde, com a Junta de Freguesia de Calde e integrado no projeto europeu Rede Tramontana, co-financiado pelo Programa Europa Criativa.<br \/>\nIdeia original: Lu\u00eds Costa<br \/>\nDesenho metodol\u00f3gico e t\u00e9cnico: Lu\u00eds Costa, Ana Margarida Ferreira e Nely Ferreira<br \/>\nEntrevistas e registos fotogr\u00e1ficos: Ana Margarida Ferreira e Nely Ferreira<br \/>\nConce\u00e7\u00e3o de pain\u00e9is visuais: Ana Margarida Ferreira<br \/>\nPe\u00e7a sonora: Nely Ferreira e Lu\u00eds Costa<br \/>\nDesenho Gr\u00e1fico: Liliana Silva<br \/>\nTranscri\u00e7\u00e3o de Textos: Nely Ferreira e Andreia Mota<\/p>\n<p>A Binaural Nodar \u00e9 uma entidade cultural apoiada pela Rep\u00fablica Portuguesa &#8211; Cultura, Juventude e Desporto | Dire\u00e7\u00e3o-Geral das Artes.<\/p>\n<\/div><\/div><\/div><\/div><\/div>\n","protected":false},"excerpt":{"rendered":"","protected":false},"author":8,"featured_media":25274,"comment_status":"closed","ping_status":"closed","sticky":false,"template":"","format":"standard","meta":{"_acf_changed":false,"_bbp_topic_count":0,"_bbp_reply_count":0,"_bbp_total_topic_count":0,"_bbp_total_reply_count":0,"_bbp_voice_count":0,"_bbp_anonymous_reply_count":0,"_bbp_topic_count_hidden":0,"_bbp_reply_count_hidden":0,"_bbp_forum_subforum_count":0,"footnotes":""},"categories":[1161,1],"tags":[],"class_list":["post-25271","post","type-post","status-publish","format-standard","has-post-thumbnail","hentry","category-artistic-creations","category-news"],"acf":[],"aioseo_notices":[],"aioseo_head":"\n\t\t<!-- All in One SEO 5.0.1.1 - aioseo.com -->\n\t<meta name=\"description\" content=\"O TEMPO DAS COISAS Exposi\u00e7\u00e3o Visual e Sonora 18 abril \u2013 30 agosto 2026 Inaugura\u00e7\u00e3o: s\u00e1bado, 18 abril \u00e0s 15h00 Todas as pessoas vivem rodeadas por objetos que carregam mais do que a sua mat\u00e9ria f\u00edsica \u2013 trazem consigo hist\u00f3rias, mem\u00f3rias e afetos que cruzam gera\u00e7\u00f5es e, muitas vezes, atravessam territ\u00f3rios. O projeto comunit\u00e1rio \u201cO\" \/>\n\t<meta name=\"robots\" content=\"max-image-preview:large\" \/>\n\t<meta name=\"author\" content=\"Nely Ferreira\"\/>\n\t<link rel=\"canonical\" href=\"https:\/\/www.binauralmedia.org\/news\/arquivo\/25271\" \/>\n\t<meta name=\"generator\" content=\"All in One SEO (AIOSEO) 5.0.1.1\" \/>\n\t\t<meta property=\"og:locale\" content=\"pt_PT\" \/>\n\t\t<meta property=\"og:site_name\" content=\"binauralmedia.org - Rural Based Sound\/Media Arts &amp; Social Research\" \/>\n\t\t<meta property=\"og:type\" content=\"article\" \/>\n\t\t<meta property=\"og:title\" content=\"\u201cO Tempo das Coisas\u201d exposi\u00e7\u00e3o visual e sonora - binauralmedia.org\" \/>\n\t\t<meta property=\"og:description\" content=\"O TEMPO DAS COISAS Exposi\u00e7\u00e3o Visual e Sonora 18 abril \u2013 30 agosto 2026 Inaugura\u00e7\u00e3o: s\u00e1bado, 18 abril \u00e0s 15h00 Todas as pessoas vivem rodeadas por objetos que carregam mais do que a sua mat\u00e9ria f\u00edsica \u2013 trazem consigo hist\u00f3rias, mem\u00f3rias e afetos que cruzam gera\u00e7\u00f5es e, muitas vezes, atravessam territ\u00f3rios. O projeto comunit\u00e1rio \u201cO\" \/>\n\t\t<meta property=\"og:url\" content=\"https:\/\/www.binauralmedia.org\/news\/arquivo\/25271\" \/>\n\t\t<meta property=\"article:published_time\" content=\"2026-04-06T13:46:17+00:00\" \/>\n\t\t<meta property=\"article:modified_time\" content=\"2026-04-22T13:49:02+00:00\" \/>\n\t\t<meta name=\"twitter:card\" content=\"summary_large_image\" \/>\n\t\t<meta name=\"twitter:title\" content=\"\u201cO Tempo das Coisas\u201d exposi\u00e7\u00e3o visual e sonora - binauralmedia.org\" \/>\n\t\t<meta name=\"twitter:description\" content=\"O TEMPO DAS COISAS Exposi\u00e7\u00e3o Visual e Sonora 18 abril \u2013 30 agosto 2026 Inaugura\u00e7\u00e3o: s\u00e1bado, 18 abril \u00e0s 15h00 Todas as pessoas vivem rodeadas por objetos que carregam mais do que a sua mat\u00e9ria f\u00edsica \u2013 trazem consigo hist\u00f3rias, mem\u00f3rias e afetos que cruzam gera\u00e7\u00f5es e, muitas vezes, atravessam territ\u00f3rios. O projeto comunit\u00e1rio \u201cO\" \/>\n\t\t<script type=\"application\/ld+json\" class=\"aioseo-schema\">\n\t\t\t{\"@context\":\"https:\\\/\\\/schema.org\",\"@graph\":[{\"@type\":\"BlogPosting\",\"@id\":\"https:\\\/\\\/www.binauralmedia.org\\\/news\\\/arquivo\\\/25271#blogposting\",\"name\":\"\\u201cO Tempo das Coisas\\u201d exposi\\u00e7\\u00e3o visual e sonora - binauralmedia.org\",\"headline\":\"&#8220;O Tempo das Coisas&#8221; exposi\\u00e7\\u00e3o visual e sonora\",\"author\":{\"@id\":\"https:\\\/\\\/www.binauralmedia.org\\\/news\\\/arquivo\\\/author\\\/nelyferreira#author\"},\"publisher\":{\"@id\":\"https:\\\/\\\/www.binauralmedia.org\\\/news\\\/#organization\"},\"image\":{\"@type\":\"ImageObject\",\"url\":\"https:\\\/\\\/www.binauralmedia.org\\\/news\\\/wp-content\\\/uploads\\\/DgArtes-O-Tempo-das-Coisas-Varzea-de-Calde-1200x800-1.png\",\"width\":1200,\"height\":800},\"datePublished\":\"2026-04-06T13:46:17+00:00\",\"dateModified\":\"2026-04-22T13:49:02+00:00\",\"inLanguage\":\"pt-PT\",\"mainEntityOfPage\":{\"@id\":\"https:\\\/\\\/www.binauralmedia.org\\\/news\\\/arquivo\\\/25271#webpage\"},\"isPartOf\":{\"@id\":\"https:\\\/\\\/www.binauralmedia.org\\\/news\\\/arquivo\\\/25271#webpage\"},\"articleSection\":\"Cria\\u00e7\\u00f5es Art\\u00edsticas, Not\\u00edcias, Optional\"},{\"@type\":\"BreadcrumbList\",\"@id\":\"https:\\\/\\\/www.binauralmedia.org\\\/news\\\/arquivo\\\/25271#breadcrumblist\",\"itemListElement\":[{\"@type\":\"ListItem\",\"@id\":\"https:\\\/\\\/www.binauralmedia.org\\\/news#listItem\",\"position\":1,\"name\":\"Home\",\"item\":\"https:\\\/\\\/www.binauralmedia.org\\\/news\",\"nextItem\":{\"@type\":\"ListItem\",\"@id\":\"https:\\\/\\\/www.binauralmedia.org\\\/news\\\/arquivo\\\/category\\\/news#listItem\",\"name\":\"Not\\u00edcias\"}},{\"@type\":\"ListItem\",\"@id\":\"https:\\\/\\\/www.binauralmedia.org\\\/news\\\/arquivo\\\/category\\\/news#listItem\",\"position\":2,\"name\":\"Not\\u00edcias\",\"item\":\"https:\\\/\\\/www.binauralmedia.org\\\/news\\\/arquivo\\\/category\\\/news\",\"nextItem\":{\"@type\":\"ListItem\",\"@id\":\"https:\\\/\\\/www.binauralmedia.org\\\/news\\\/arquivo\\\/25271#listItem\",\"name\":\"&#8220;O Tempo das Coisas&#8221; exposi\\u00e7\\u00e3o visual e sonora\"},\"previousItem\":{\"@type\":\"ListItem\",\"@id\":\"https:\\\/\\\/www.binauralmedia.org\\\/news#listItem\",\"name\":\"Home\"}},{\"@type\":\"ListItem\",\"@id\":\"https:\\\/\\\/www.binauralmedia.org\\\/news\\\/arquivo\\\/25271#listItem\",\"position\":3,\"name\":\"&#8220;O Tempo das Coisas&#8221; exposi\\u00e7\\u00e3o visual e sonora\",\"previousItem\":{\"@type\":\"ListItem\",\"@id\":\"https:\\\/\\\/www.binauralmedia.org\\\/news\\\/arquivo\\\/category\\\/news#listItem\",\"name\":\"Not\\u00edcias\"}}]},{\"@type\":\"Organization\",\"@id\":\"https:\\\/\\\/www.binauralmedia.org\\\/news\\\/#organization\",\"name\":\"binauralmedia.org\",\"description\":\"Rural Based Sound\\\/Media Arts & Social Research\",\"url\":\"https:\\\/\\\/www.binauralmedia.org\\\/news\\\/\"},{\"@type\":\"Person\",\"@id\":\"https:\\\/\\\/www.binauralmedia.org\\\/news\\\/arquivo\\\/author\\\/nelyferreira#author\",\"url\":\"https:\\\/\\\/www.binauralmedia.org\\\/news\\\/arquivo\\\/author\\\/nelyferreira\",\"name\":\"Nely Ferreira\"},{\"@type\":\"WebPage\",\"@id\":\"https:\\\/\\\/www.binauralmedia.org\\\/news\\\/arquivo\\\/25271#webpage\",\"url\":\"https:\\\/\\\/www.binauralmedia.org\\\/news\\\/arquivo\\\/25271\",\"name\":\"\\u201cO Tempo das Coisas\\u201d exposi\\u00e7\\u00e3o visual e sonora - binauralmedia.org\",\"description\":\"O TEMPO DAS COISAS Exposi\\u00e7\\u00e3o Visual e Sonora 18 abril \\u2013 30 agosto 2026 Inaugura\\u00e7\\u00e3o: s\\u00e1bado, 18 abril \\u00e0s 15h00 Todas as pessoas vivem rodeadas por objetos que carregam mais do que a sua mat\\u00e9ria f\\u00edsica \\u2013 trazem consigo hist\\u00f3rias, mem\\u00f3rias e afetos que cruzam gera\\u00e7\\u00f5es e, muitas vezes, atravessam territ\\u00f3rios. O projeto comunit\\u00e1rio \\u201cO\",\"inLanguage\":\"pt-PT\",\"isPartOf\":{\"@id\":\"https:\\\/\\\/www.binauralmedia.org\\\/news\\\/#website\"},\"breadcrumb\":{\"@id\":\"https:\\\/\\\/www.binauralmedia.org\\\/news\\\/arquivo\\\/25271#breadcrumblist\"},\"author\":{\"@id\":\"https:\\\/\\\/www.binauralmedia.org\\\/news\\\/arquivo\\\/author\\\/nelyferreira#author\"},\"creator\":{\"@id\":\"https:\\\/\\\/www.binauralmedia.org\\\/news\\\/arquivo\\\/author\\\/nelyferreira#author\"},\"image\":{\"@type\":\"ImageObject\",\"url\":\"https:\\\/\\\/www.binauralmedia.org\\\/news\\\/wp-content\\\/uploads\\\/DgArtes-O-Tempo-das-Coisas-Varzea-de-Calde-1200x800-1.png\",\"@id\":\"https:\\\/\\\/www.binauralmedia.org\\\/news\\\/arquivo\\\/25271\\\/#mainImage\",\"width\":1200,\"height\":800},\"primaryImageOfPage\":{\"@id\":\"https:\\\/\\\/www.binauralmedia.org\\\/news\\\/arquivo\\\/25271#mainImage\"},\"datePublished\":\"2026-04-06T13:46:17+00:00\",\"dateModified\":\"2026-04-22T13:49:02+00:00\"},{\"@type\":\"WebSite\",\"@id\":\"https:\\\/\\\/www.binauralmedia.org\\\/news\\\/#website\",\"url\":\"https:\\\/\\\/www.binauralmedia.org\\\/news\\\/\",\"name\":\"binauralmedia.org\",\"description\":\"Rural Based Sound\\\/Media Arts & Social Research\",\"inLanguage\":\"pt-PT\",\"publisher\":{\"@id\":\"https:\\\/\\\/www.binauralmedia.org\\\/news\\\/#organization\"}}]}\n\t\t<\/script>\n\t\t<!-- All in One SEO -->\n\n","aioseo_head_json":{"title":"\u201cO Tempo das Coisas\u201d exposi\u00e7\u00e3o visual e sonora - binauralmedia.org","description":"O TEMPO DAS COISAS Exposi\u00e7\u00e3o Visual e Sonora 18 abril \u2013 30 agosto 2026 Inaugura\u00e7\u00e3o: s\u00e1bado, 18 abril \u00e0s 15h00 Todas as pessoas vivem rodeadas por objetos que carregam mais do que a sua mat\u00e9ria f\u00edsica \u2013 trazem consigo hist\u00f3rias, mem\u00f3rias e afetos que cruzam gera\u00e7\u00f5es e, muitas vezes, atravessam territ\u00f3rios. O projeto comunit\u00e1rio \u201cO","canonical_url":"https:\/\/www.binauralmedia.org\/news\/arquivo\/25271","robots":"max-image-preview:large","keywords":"","webmasterTools":{"miscellaneous":""},"schema":{"@context":"https:\/\/schema.org","@graph":[{"@type":"BlogPosting","@id":"https:\/\/www.binauralmedia.org\/news\/arquivo\/25271#blogposting","name":"\u201cO Tempo das Coisas\u201d exposi\u00e7\u00e3o visual e sonora - binauralmedia.org","headline":"&#8220;O Tempo das Coisas&#8221; exposi\u00e7\u00e3o visual e sonora","author":{"@id":"https:\/\/www.binauralmedia.org\/news\/arquivo\/author\/nelyferreira#author"},"publisher":{"@id":"https:\/\/www.binauralmedia.org\/news\/#organization"},"image":{"@type":"ImageObject","url":"https:\/\/www.binauralmedia.org\/news\/wp-content\/uploads\/DgArtes-O-Tempo-das-Coisas-Varzea-de-Calde-1200x800-1.png","width":1200,"height":800},"datePublished":"2026-04-06T13:46:17+00:00","dateModified":"2026-04-22T13:49:02+00:00","inLanguage":"pt-PT","mainEntityOfPage":{"@id":"https:\/\/www.binauralmedia.org\/news\/arquivo\/25271#webpage"},"isPartOf":{"@id":"https:\/\/www.binauralmedia.org\/news\/arquivo\/25271#webpage"},"articleSection":"Cria\u00e7\u00f5es Art\u00edsticas, Not\u00edcias, Optional"},{"@type":"BreadcrumbList","@id":"https:\/\/www.binauralmedia.org\/news\/arquivo\/25271#breadcrumblist","itemListElement":[{"@type":"ListItem","@id":"https:\/\/www.binauralmedia.org\/news#listItem","position":1,"name":"Home","item":"https:\/\/www.binauralmedia.org\/news","nextItem":{"@type":"ListItem","@id":"https:\/\/www.binauralmedia.org\/news\/arquivo\/category\/news#listItem","name":"Not\u00edcias"}},{"@type":"ListItem","@id":"https:\/\/www.binauralmedia.org\/news\/arquivo\/category\/news#listItem","position":2,"name":"Not\u00edcias","item":"https:\/\/www.binauralmedia.org\/news\/arquivo\/category\/news","nextItem":{"@type":"ListItem","@id":"https:\/\/www.binauralmedia.org\/news\/arquivo\/25271#listItem","name":"&#8220;O Tempo das Coisas&#8221; exposi\u00e7\u00e3o visual e sonora"},"previousItem":{"@type":"ListItem","@id":"https:\/\/www.binauralmedia.org\/news#listItem","name":"Home"}},{"@type":"ListItem","@id":"https:\/\/www.binauralmedia.org\/news\/arquivo\/25271#listItem","position":3,"name":"&#8220;O Tempo das Coisas&#8221; exposi\u00e7\u00e3o visual e sonora","previousItem":{"@type":"ListItem","@id":"https:\/\/www.binauralmedia.org\/news\/arquivo\/category\/news#listItem","name":"Not\u00edcias"}}]},{"@type":"Organization","@id":"https:\/\/www.binauralmedia.org\/news\/#organization","name":"binauralmedia.org","description":"Rural Based Sound\/Media Arts & Social Research","url":"https:\/\/www.binauralmedia.org\/news\/"},{"@type":"Person","@id":"https:\/\/www.binauralmedia.org\/news\/arquivo\/author\/nelyferreira#author","url":"https:\/\/www.binauralmedia.org\/news\/arquivo\/author\/nelyferreira","name":"Nely Ferreira"},{"@type":"WebPage","@id":"https:\/\/www.binauralmedia.org\/news\/arquivo\/25271#webpage","url":"https:\/\/www.binauralmedia.org\/news\/arquivo\/25271","name":"\u201cO Tempo das Coisas\u201d exposi\u00e7\u00e3o visual e sonora - binauralmedia.org","description":"O TEMPO DAS COISAS Exposi\u00e7\u00e3o Visual e Sonora 18 abril \u2013 30 agosto 2026 Inaugura\u00e7\u00e3o: s\u00e1bado, 18 abril \u00e0s 15h00 Todas as pessoas vivem rodeadas por objetos que carregam mais do que a sua mat\u00e9ria f\u00edsica \u2013 trazem consigo hist\u00f3rias, mem\u00f3rias e afetos que cruzam gera\u00e7\u00f5es e, muitas vezes, atravessam territ\u00f3rios. O projeto comunit\u00e1rio \u201cO","inLanguage":"pt-PT","isPartOf":{"@id":"https:\/\/www.binauralmedia.org\/news\/#website"},"breadcrumb":{"@id":"https:\/\/www.binauralmedia.org\/news\/arquivo\/25271#breadcrumblist"},"author":{"@id":"https:\/\/www.binauralmedia.org\/news\/arquivo\/author\/nelyferreira#author"},"creator":{"@id":"https:\/\/www.binauralmedia.org\/news\/arquivo\/author\/nelyferreira#author"},"image":{"@type":"ImageObject","url":"https:\/\/www.binauralmedia.org\/news\/wp-content\/uploads\/DgArtes-O-Tempo-das-Coisas-Varzea-de-Calde-1200x800-1.png","@id":"https:\/\/www.binauralmedia.org\/news\/arquivo\/25271\/#mainImage","width":1200,"height":800},"primaryImageOfPage":{"@id":"https:\/\/www.binauralmedia.org\/news\/arquivo\/25271#mainImage"},"datePublished":"2026-04-06T13:46:17+00:00","dateModified":"2026-04-22T13:49:02+00:00"},{"@type":"WebSite","@id":"https:\/\/www.binauralmedia.org\/news\/#website","url":"https:\/\/www.binauralmedia.org\/news\/","name":"binauralmedia.org","description":"Rural Based Sound\/Media Arts & Social Research","inLanguage":"pt-PT","publisher":{"@id":"https:\/\/www.binauralmedia.org\/news\/#organization"}}]},"og:locale":"pt_PT","og:site_name":"binauralmedia.org - Rural Based Sound\/Media Arts &amp; Social Research","og:type":"article","og:title":"\u201cO Tempo das Coisas\u201d exposi\u00e7\u00e3o visual e sonora - binauralmedia.org","og:description":"O TEMPO DAS COISAS Exposi\u00e7\u00e3o Visual e Sonora 18 abril \u2013 30 agosto 2026 Inaugura\u00e7\u00e3o: s\u00e1bado, 18 abril \u00e0s 15h00 Todas as pessoas vivem rodeadas por objetos que carregam mais do que a sua mat\u00e9ria f\u00edsica \u2013 trazem consigo hist\u00f3rias, mem\u00f3rias e afetos que cruzam gera\u00e7\u00f5es e, muitas vezes, atravessam territ\u00f3rios. O projeto comunit\u00e1rio \u201cO","og:url":"https:\/\/www.binauralmedia.org\/news\/arquivo\/25271","article:published_time":"2026-04-06T13:46:17+00:00","article:modified_time":"2026-04-22T13:49:02+00:00","twitter:card":"summary_large_image","twitter:title":"\u201cO Tempo das Coisas\u201d exposi\u00e7\u00e3o visual e sonora - binauralmedia.org","twitter:description":"O TEMPO DAS COISAS Exposi\u00e7\u00e3o Visual e Sonora 18 abril \u2013 30 agosto 2026 Inaugura\u00e7\u00e3o: s\u00e1bado, 18 abril \u00e0s 15h00 Todas as pessoas vivem rodeadas por objetos que carregam mais do que a sua mat\u00e9ria f\u00edsica \u2013 trazem consigo hist\u00f3rias, mem\u00f3rias e afetos que cruzam gera\u00e7\u00f5es e, muitas vezes, atravessam territ\u00f3rios. O projeto comunit\u00e1rio \u201cO"},"aioseo_meta_data":{"post_id":"25271","title":null,"description":null,"keywords":null,"keyphrases":null,"primary_term":null,"canonical_url":null,"og_title":null,"og_description":null,"og_object_type":"default","og_image_type":"default","og_image_custom_url":null,"og_image_custom_fields":null,"og_image_url":null,"og_image_width":null,"og_image_height":null,"og_video":null,"og_custom_url":null,"og_article_section":null,"og_article_tags":null,"twitter_use_og":false,"twitter_card":"default","twitter_image_type":"default","twitter_image_custom_url":null,"twitter_image_custom_fields":null,"twitter_image_url":null,"twitter_title":null,"twitter_description":null,"schema_type":"default","schema_type_options":null,"schema":{"blockGraphs":[],"customGraphs":[],"default":{"data":{"Article":[],"Course":[],"Dataset":[],"FAQPage":[],"Movie":[],"Person":[],"Product":[],"ProductReview":[],"Car":[],"Recipe":[],"Service":[],"SoftwareApplication":[],"WebPage":[]},"graphName":"","isEnabled":true},"graphs":[]},"pillar_content":false,"robots_default":true,"robots_noindex":false,"robots_noarchive":false,"robots_nosnippet":false,"robots_nofollow":false,"robots_noimageindex":false,"robots_noodp":false,"robots_notranslate":false,"robots_max_snippet":null,"robots_max_videopreview":null,"robots_max_imagepreview":"large","priority":null,"frequency":null,"local_seo":null,"limit_modified_date":false,"ai":null,"breadcrumb_settings":null,"seo_analyzer_scan_date":null,"created":"2026-08-05 08:46:45","updated":"2026-08-05 08:46:45","focus_keyword":null,"additional_keywords":null,"truseo_locale":null},"aioseo_breadcrumb":"<div class=\"aioseo-breadcrumbs\"><span class=\"aioseo-breadcrumb\">\n\t\t\t<a href=\"https:\/\/www.binauralmedia.org\/news\" title=\"Home\">Home<\/a>\n\t\t<\/span><span class=\"aioseo-breadcrumb-separator\">&raquo;<\/span><span class=\"aioseo-breadcrumb\">\n\t\t\t<a href=\"https:\/\/www.binauralmedia.org\/news\/arquivo\/category\/news\" title=\"Not\u00edcias\">Not\u00edcias<\/a>\n\t\t<\/span><span class=\"aioseo-breadcrumb-separator\">&raquo;<\/span><span class=\"aioseo-breadcrumb\">\n\t\t\t\u201cO Tempo das Coisas\u201d exposi\u00e7\u00e3o visual e sonora\n\t\t<\/span><\/div>","aioseo_breadcrumb_json":[{"label":"Home","link":"https:\/\/www.binauralmedia.org\/news"},{"label":"Not\u00edcias","link":"https:\/\/www.binauralmedia.org\/news\/arquivo\/category\/news"},{"label":"&#8220;O Tempo das Coisas&#8221; exposi\u00e7\u00e3o visual e sonora","link":"https:\/\/www.binauralmedia.org\/news\/arquivo\/25271"}],"_links":{"self":[{"href":"https:\/\/www.binauralmedia.org\/news\/wp-json\/wp\/v2\/posts\/25271","targetHints":{"allow":["GET"]}}],"collection":[{"href":"https:\/\/www.binauralmedia.org\/news\/wp-json\/wp\/v2\/posts"}],"about":[{"href":"https:\/\/www.binauralmedia.org\/news\/wp-json\/wp\/v2\/types\/post"}],"author":[{"embeddable":true,"href":"https:\/\/www.binauralmedia.org\/news\/wp-json\/wp\/v2\/users\/8"}],"replies":[{"embeddable":true,"href":"https:\/\/www.binauralmedia.org\/news\/wp-json\/wp\/v2\/comments?post=25271"}],"version-history":[{"count":2,"href":"https:\/\/www.binauralmedia.org\/news\/wp-json\/wp\/v2\/posts\/25271\/revisions"}],"predecessor-version":[{"id":25277,"href":"https:\/\/www.binauralmedia.org\/news\/wp-json\/wp\/v2\/posts\/25271\/revisions\/25277"}],"wp:featuredmedia":[{"embeddable":true,"href":"https:\/\/www.binauralmedia.org\/news\/wp-json\/wp\/v2\/media\/25274"}],"wp:attachment":[{"href":"https:\/\/www.binauralmedia.org\/news\/wp-json\/wp\/v2\/media?parent=25271"}],"wp:term":[{"taxonomy":"category","embeddable":true,"href":"https:\/\/www.binauralmedia.org\/news\/wp-json\/wp\/v2\/categories?post=25271"},{"taxonomy":"post_tag","embeddable":true,"href":"https:\/\/www.binauralmedia.org\/news\/wp-json\/wp\/v2\/tags?post=25271"}],"curies":[{"name":"wp","href":"https:\/\/api.w.org\/{rel}","templated":true}]}}