{"id":25259,"date":"2026-03-31T13:42:08","date_gmt":"2026-03-31T13:42:08","guid":{"rendered":"https:\/\/www.binauralmedia.org\/news?p=25259"},"modified":"2026-04-27T11:27:28","modified_gmt":"2026-04-27T11:27:28","slug":"paisagem-com-gente-dentro-com-nuno-andre","status":"publish","type":"post","link":"https:\/\/www.binauralmedia.org\/news\/arquivo\/25259","title":{"rendered":"&#8220;Paisagem com gente dentro&#8221; com Nuno Andr\u00e9 Ferreira"},"content":{"rendered":"<div class=\"fusion-fullwidth fullwidth-box fusion-builder-row-1 fusion-flex-container nonhundred-percent-fullwidth non-hundred-percent-height-scrolling\" style=\"--awb-border-radius-top-left:0px;--awb-border-radius-top-right:0px;--awb-border-radius-bottom-right:0px;--awb-border-radius-bottom-left:0px;--awb-flex-wrap:wrap;\" ><div class=\"fusion-builder-row fusion-row fusion-flex-align-items-flex-start fusion-flex-content-wrap\" style=\"max-width:1144px;margin-left: calc(-4% \/ 2 );margin-right: calc(-4% \/ 2 );\"><div class=\"fusion-layout-column fusion_builder_column fusion-builder-column-0 fusion_builder_column_1_1 1_1 fusion-flex-column\" style=\"--awb-bg-size:cover;--awb-width-large:100%;--awb-margin-top-large:0px;--awb-spacing-right-large:1.92%;--awb-margin-bottom-large:0px;--awb-spacing-left-large:1.92%;--awb-width-medium:100%;--awb-spacing-right-medium:1.92%;--awb-spacing-left-medium:1.92%;--awb-width-small:100%;--awb-spacing-right-small:1.92%;--awb-spacing-left-small:1.92%;\"><div class=\"fusion-column-wrapper fusion-flex-justify-content-flex-start fusion-content-layout-column\"><div class=\"fusion-text fusion-text-1\"><p>PAISAGEM COM GENTE DENTRO<br \/>\nProjeto Comunit\u00e1rio<\/p>\n<p>Entre os dias 16 e 18 de mar\u00e7o, decorreram as sess\u00f5es fotogr\u00e1ficas do projeto \u201cPaisagem com Gente Dentro\u201d, com coordena\u00e7\u00e3o art\u00edstica do fotojornalista Nuno Andr\u00e9 Ferreira.<\/p>\n<p>Estas sess\u00f5es centraram-se no retrato, proporcionando aos grupos participantes a oportunidade de conhecer popula\u00e7\u00f5es e de visitar paisagens de v\u00e1rias localidades do Munic\u00edpio de Oliveira de Frades, em diferentes freguesias: Uni\u00e3o de Freguesias de Arca e Varzielas (Bezerreira), S\u00e3o Jo\u00e3o da Serra, Pinheiro (Aldeia da Prova), Ribeiradio (Parque Ambiental de Pedre, Monte do Cadafaz e Capela de Nossa Senhora da Dolorosa) e Uni\u00e3o das Freguesias de Destriz e Reigoso (Praia Fluvial de Destriz).<\/p>\n<p>As sess\u00f5es contaram com a presen\u00e7a do coordenador da Binaural Nodar \u2013 Associa\u00e7\u00e3o Cultural, Lu\u00eds Costa; de Ana Lu\u00edsa Saraiva, do Espa\u00e7o CreSer Pleno; do designer gr\u00e1fico do log\u00f3tipo do projeto, Pedro Falc\u00e3o; de v\u00e1rios colaboradores do Munic\u00edpio, assim como dos mentores do projeto.<\/p>\n<p>Durante a sua passagem pelo concelho, o fotojornalista Nuno Andr\u00e9 Ferreira visitou tamb\u00e9m a ASSOL, onde teve a oportunidade de conhecer e fotografar algumas das pessoas apoiadas, respons\u00e1veis pela produ\u00e7\u00e3o do \u201cDi\u00e1rio de Bordo\u201d que acompanha todos os participantes deste projeto.<\/p>\n<p>O projeto \u201cPaisagem com Gente Dentro\u201d foi aprovado no \u00e2mbito do programa Inclus\u00e3o pela Cultura, atrav\u00e9s de uma candidatura submetida pelo Munic\u00edpio \u00e0 CCDR Centro.<\/p>\n<p>Registos fotogr\u00e1ficos e v\u00eddeo por Liliana Silva, Ana Margarida Ferreira e Nely Ferreira (Binaural Nodar).<\/p>\n<p>A Binaural Nodar \u00e9 uma entidade cultural apoiada pela Rep\u00fablica Portuguesa &#8211; Cultura, Juventude e Desporto | Dire\u00e7\u00e3o-Geral das Artes.<\/p>\n<\/div><style type=\"text\/css\">\n#foogallery-gallery-25338.fg-justified .fg-item { margin-right: 2px; margin-bottom: 2px; }\n#foogallery-gallery-25338.fg-justified .fg-image { height: 150px; }<\/style>\n\t\t\t<div class=\"foogallery foogallery-container foogallery-justified foogallery-lightbox-foogallery fg-justified fg-ready fg-light fg-shadow-outline fg-loading-default fg-loaded-fade-in fg-caption-always fg-hover-fade fg-hover-zoom2 fg-no-js\" id=\"foogallery-gallery-25338\" data-foogallery=\"{&quot;panel&quot;:{&quot;buttons&quot;:{&quot;download&quot;:false}},&quot;item&quot;:{&quot;showCaptionTitle&quot;:true,&quot;showCaptionDescription&quot;:false},&quot;lazy&quot;:true,&quot;src&quot;:&quot;src&quot;,&quot;srcset&quot;:&quot;srcset&quot;,&quot;template&quot;:{&quot;rowHeight&quot;:150,&quot;maxRowHeight&quot;:300,&quot;margins&quot;:2,&quot;align&quot;:&quot;center&quot;,&quot;lastRow&quot;:&quot;smart&quot;}}\" data-foogallery-lightbox=\"{&quot;thumbs&quot;:&quot;bottom&quot;,&quot;thumbsCaptions&quot;:false,&quot;thumbsBestFit&quot;:false,&quot;thumbsSmall&quot;:false,&quot;thumbsCaptionsAlign&quot;:&quot;default&quot;,&quot;info&quot;:&quot;bottom&quot;,&quot;infoVisible&quot;:true,&quot;infoOverlay&quot;:true,&quot;infoAlign&quot;:&quot;default&quot;,&quot;transition&quot;:&quot;fade&quot;,&quot;hoverButtons&quot;:false,&quot;fitMedia&quot;:false,&quot;noScrollbars&quot;:true,&quot;preserveButtonSpace&quot;:true,&quot;buttons&quot;:{&quot;fullscreen&quot;:true,&quot;info&quot;:true,&quot;thumbs&quot;:false,&quot;download&quot;:false},&quot;video&quot;:{&quot;autoPlay&quot;:true}}\" style=\"--fg-title-line-clamp: 1; --fg-description-line-clamp: 2;\" >\n\t<div class=\"fg-item fg-type-image fg-loading\"><figure class=\"fg-item-inner\"><a href=\"https:\/\/www.binauralmedia.org\/news\/wp-content\/uploads\/20260316-Paisagem-com-Gente-Dentro-Grupo-1-Sessao-Nuno-Andre-Oliveira-de-Frades-IMG_2729-scaled.jpg\" data-attachment-id=\"25339\" data-type=\"image\" class=\"fg-thumb\"><span class=\"fg-image-wrap\"><img src=\"data:image\/svg+xml,%3Csvg%20xmlns%3D%27http%3A%2F%2Fwww.w3.org%2F2000%2Fsvg%27%20width%3D%27450%27%20height%3D%27300%27%20viewBox%3D%270%200%20450%20300%27%3E%3Crect%20width%3D%27450%27%20height%3D%27300%27%20fill-opacity%3D%220%22%2F%3E%3C%2Fsvg%3E\" data-orig-src=\"https:\/\/www.binauralmedia.org\/news\/wp-content\/uploads\/cache\/20260316-Paisagem-com-Gente-Dentro-Grupo-1-Sessao-Nuno-Andre-Oliveira-de-Frades-IMG_2729-scaled\/760967640.jpg\" height=\"300\" width=\"450\" class=\"lazyload skip-lazy fg-image\" decoding=\"async\" loading=\"lazy\"><\/span><span class=\"fg-image-overlay\"><\/span><\/a><\/figure><div class=\"fg-loader\"><\/div><\/div><div class=\"fg-item fg-type-image fg-loading\"><figure class=\"fg-item-inner\"><a href=\"https:\/\/www.binauralmedia.org\/news\/wp-content\/uploads\/20260316-Paisagem-com-Gente-Dentro-Grupo-1-Sessao-Nuno-Andre-Oliveira-de-Frades-IMG_2673-scaled.jpg\" data-attachment-id=\"25340\" data-type=\"image\" class=\"fg-thumb\"><span class=\"fg-image-wrap\"><img src=\"data:image\/svg+xml,%3Csvg%20xmlns%3D%27http%3A%2F%2Fwww.w3.org%2F2000%2Fsvg%27%20width%3D%27200%27%20height%3D%27300%27%20viewBox%3D%270%200%20200%20300%27%3E%3Crect%20width%3D%27200%27%20height%3D%27300%27%20fill-opacity%3D%220%22%2F%3E%3C%2Fsvg%3E\" data-orig-src=\"https:\/\/www.binauralmedia.org\/news\/wp-content\/uploads\/cache\/20260316-Paisagem-com-Gente-Dentro-Grupo-1-Sessao-Nuno-Andre-Oliveira-de-Frades-IMG_2673-scaled\/453818405.jpg\" height=\"300\" width=\"200\" class=\"lazyload skip-lazy fg-image\" decoding=\"async\" loading=\"lazy\"><\/span><span class=\"fg-image-overlay\"><\/span><\/a><\/figure><div class=\"fg-loader\"><\/div><\/div><div class=\"fg-item fg-type-image fg-loading\"><figure class=\"fg-item-inner\"><a href=\"https:\/\/www.binauralmedia.org\/news\/wp-content\/uploads\/20260316-Paisagem-com-Gente-Dentro-Grupo-1-Sessao-Nuno-Andre-Oliveira-de-Frades-IMG_2680-scaled.jpg\" data-attachment-id=\"25343\" data-type=\"image\" class=\"fg-thumb\"><span class=\"fg-image-wrap\"><img src=\"data:image\/svg+xml,%3Csvg%20xmlns%3D%27http%3A%2F%2Fwww.w3.org%2F2000%2Fsvg%27%20width%3D%27200%27%20height%3D%27300%27%20viewBox%3D%270%200%20200%20300%27%3E%3Crect%20width%3D%27200%27%20height%3D%27300%27%20fill-opacity%3D%220%22%2F%3E%3C%2Fsvg%3E\" data-orig-src=\"https:\/\/www.binauralmedia.org\/news\/wp-content\/uploads\/cache\/20260316-Paisagem-com-Gente-Dentro-Grupo-1-Sessao-Nuno-Andre-Oliveira-de-Frades-IMG_2680-scaled\/1931758079.jpg\" height=\"300\" width=\"200\" class=\"lazyload skip-lazy fg-image\" decoding=\"async\" loading=\"lazy\"><\/span><span class=\"fg-image-overlay\"><\/span><\/a><\/figure><div class=\"fg-loader\"><\/div><\/div><div class=\"fg-item fg-type-image fg-loading\"><figure class=\"fg-item-inner\"><a href=\"https:\/\/www.binauralmedia.org\/news\/wp-content\/uploads\/20260316-Paisagem-com-Gente-Dentro-Grupo-1-Sessao-Nuno-Andre-Oliveira-de-Frades-IMG_2704-scaled.jpg\" data-attachment-id=\"25345\" data-type=\"image\" class=\"fg-thumb\"><span class=\"fg-image-wrap\"><img src=\"data:image\/svg+xml,%3Csvg%20xmlns%3D%27http%3A%2F%2Fwww.w3.org%2F2000%2Fsvg%27%20width%3D%27450%27%20height%3D%27300%27%20viewBox%3D%270%200%20450%20300%27%3E%3Crect%20width%3D%27450%27%20height%3D%27300%27%20fill-opacity%3D%220%22%2F%3E%3C%2Fsvg%3E\" data-orig-src=\"https:\/\/www.binauralmedia.org\/news\/wp-content\/uploads\/cache\/20260316-Paisagem-com-Gente-Dentro-Grupo-1-Sessao-Nuno-Andre-Oliveira-de-Frades-IMG_2704-scaled\/971212771.jpg\" height=\"300\" width=\"450\" class=\"lazyload skip-lazy fg-image\" decoding=\"async\" loading=\"lazy\"><\/span><span class=\"fg-image-overlay\"><\/span><\/a><\/figure><div class=\"fg-loader\"><\/div><\/div><div class=\"fg-item fg-type-image fg-loading\"><figure class=\"fg-item-inner\"><a href=\"https:\/\/www.binauralmedia.org\/news\/wp-content\/uploads\/20260316-Paisagem-com-Gente-Dentro-Grupo-1-Sessao-Nuno-Andre-Oliveira-de-Frades-IMG_2739-scaled.jpg\" data-attachment-id=\"25346\" data-type=\"image\" class=\"fg-thumb\"><span class=\"fg-image-wrap\"><img src=\"data:image\/svg+xml,%3Csvg%20xmlns%3D%27http%3A%2F%2Fwww.w3.org%2F2000%2Fsvg%27%20width%3D%27200%27%20height%3D%27300%27%20viewBox%3D%270%200%20200%20300%27%3E%3Crect%20width%3D%27200%27%20height%3D%27300%27%20fill-opacity%3D%220%22%2F%3E%3C%2Fsvg%3E\" data-orig-src=\"https:\/\/www.binauralmedia.org\/news\/wp-content\/uploads\/cache\/20260316-Paisagem-com-Gente-Dentro-Grupo-1-Sessao-Nuno-Andre-Oliveira-de-Frades-IMG_2739-scaled\/463125892.jpg\" height=\"300\" width=\"200\" class=\"lazyload skip-lazy fg-image\" decoding=\"async\" loading=\"lazy\"><\/span><span class=\"fg-image-overlay\"><\/span><\/a><\/figure><div class=\"fg-loader\"><\/div><\/div><div class=\"fg-item fg-type-image fg-loading\"><figure class=\"fg-item-inner\"><a href=\"https:\/\/www.binauralmedia.org\/news\/wp-content\/uploads\/20260316-Paisagem-com-Gente-Dentro-Grupo-1-Sessao-Nuno-Andre-Oliveira-de-Frades-IMG_2752-scaled.jpg\" data-attachment-id=\"25347\" data-type=\"image\" class=\"fg-thumb\"><span class=\"fg-image-wrap\"><img src=\"data:image\/svg+xml,%3Csvg%20xmlns%3D%27http%3A%2F%2Fwww.w3.org%2F2000%2Fsvg%27%20width%3D%27200%27%20height%3D%27300%27%20viewBox%3D%270%200%20200%20300%27%3E%3Crect%20width%3D%27200%27%20height%3D%27300%27%20fill-opacity%3D%220%22%2F%3E%3C%2Fsvg%3E\" data-orig-src=\"https:\/\/www.binauralmedia.org\/news\/wp-content\/uploads\/cache\/20260316-Paisagem-com-Gente-Dentro-Grupo-1-Sessao-Nuno-Andre-Oliveira-de-Frades-IMG_2752-scaled\/3295291113.jpg\" height=\"300\" width=\"200\" class=\"lazyload skip-lazy fg-image\" decoding=\"async\" loading=\"lazy\"><\/span><span class=\"fg-image-overlay\"><\/span><\/a><\/figure><div class=\"fg-loader\"><\/div><\/div><div class=\"fg-item fg-type-image fg-loading\"><figure class=\"fg-item-inner\"><a href=\"https:\/\/www.binauralmedia.org\/news\/wp-content\/uploads\/20260316-Paisagem-com-Gente-Dentro-Grupo-1-Sessao-Nuno-Andre-Oliveira-de-Frades-IMG_2784-scaled.jpg\" data-attachment-id=\"25348\" data-type=\"image\" class=\"fg-thumb\"><span class=\"fg-image-wrap\"><img src=\"data:image\/svg+xml,%3Csvg%20xmlns%3D%27http%3A%2F%2Fwww.w3.org%2F2000%2Fsvg%27%20width%3D%27450%27%20height%3D%27300%27%20viewBox%3D%270%200%20450%20300%27%3E%3Crect%20width%3D%27450%27%20height%3D%27300%27%20fill-opacity%3D%220%22%2F%3E%3C%2Fsvg%3E\" data-orig-src=\"https:\/\/www.binauralmedia.org\/news\/wp-content\/uploads\/cache\/20260316-Paisagem-com-Gente-Dentro-Grupo-1-Sessao-Nuno-Andre-Oliveira-de-Frades-IMG_2784-scaled\/1886958141.jpg\" height=\"300\" width=\"450\" class=\"lazyload skip-lazy fg-image\" decoding=\"async\" loading=\"lazy\"><\/span><span class=\"fg-image-overlay\"><\/span><\/a><\/figure><div class=\"fg-loader\"><\/div><\/div><div class=\"fg-item fg-type-image fg-loading\"><figure class=\"fg-item-inner\"><a href=\"https:\/\/www.binauralmedia.org\/news\/wp-content\/uploads\/20260316-Paisagem-com-Gente-Dentro-Grupo-1-Sessao-Nuno-Andre-Oliveira-de-Frades-P1011885-scaled.jpg\" data-attachment-id=\"25349\" data-type=\"image\" class=\"fg-thumb\"><span class=\"fg-image-wrap\"><img src=\"data:image\/svg+xml,%3Csvg%20xmlns%3D%27http%3A%2F%2Fwww.w3.org%2F2000%2Fsvg%27%20width%3D%27532%27%20height%3D%27300%27%20viewBox%3D%270%200%20532%20300%27%3E%3Crect%20width%3D%27532%27%20height%3D%27300%27%20fill-opacity%3D%220%22%2F%3E%3C%2Fsvg%3E\" data-orig-src=\"https:\/\/www.binauralmedia.org\/news\/wp-content\/uploads\/cache\/20260316-Paisagem-com-Gente-Dentro-Grupo-1-Sessao-Nuno-Andre-Oliveira-de-Frades-P1011885-scaled\/2118114717.jpg\" height=\"300\" width=\"532\" class=\"lazyload skip-lazy fg-image\" decoding=\"async\" loading=\"lazy\"><\/span><span class=\"fg-image-overlay\"><\/span><\/a><\/figure><div class=\"fg-loader\"><\/div><\/div><div class=\"fg-item fg-type-image fg-loading\"><figure class=\"fg-item-inner\"><a href=\"https:\/\/www.binauralmedia.org\/news\/wp-content\/uploads\/20260316-Paisagem-com-Gente-Dentro-Grupo-1-Sessao-Nuno-Andre-Oliveira-de-Frades-P1011949-scaled.jpg\" data-attachment-id=\"25350\" data-type=\"image\" class=\"fg-thumb\"><span class=\"fg-image-wrap\"><img src=\"data:image\/svg+xml,%3Csvg%20xmlns%3D%27http%3A%2F%2Fwww.w3.org%2F2000%2Fsvg%27%20width%3D%27532%27%20height%3D%27300%27%20viewBox%3D%270%200%20532%20300%27%3E%3Crect%20width%3D%27532%27%20height%3D%27300%27%20fill-opacity%3D%220%22%2F%3E%3C%2Fsvg%3E\" data-orig-src=\"https:\/\/www.binauralmedia.org\/news\/wp-content\/uploads\/cache\/20260316-Paisagem-com-Gente-Dentro-Grupo-1-Sessao-Nuno-Andre-Oliveira-de-Frades-P1011949-scaled\/2127683637.jpg\" height=\"300\" width=\"532\" class=\"lazyload skip-lazy fg-image\" decoding=\"async\" loading=\"lazy\"><\/span><span class=\"fg-image-overlay\"><\/span><\/a><\/figure><div class=\"fg-loader\"><\/div><\/div><div class=\"fg-item fg-type-image fg-loading\"><figure class=\"fg-item-inner\"><a href=\"https:\/\/www.binauralmedia.org\/news\/wp-content\/uploads\/20260316-Paisagem-com-Gente-Dentro-Grupo-1-Sessao-Nuno-Andre-Oliveira-de-Frades-P1011987-scaled.jpg\" data-attachment-id=\"25351\" data-type=\"image\" class=\"fg-thumb\"><span class=\"fg-image-wrap\"><img src=\"data:image\/svg+xml,%3Csvg%20xmlns%3D%27http%3A%2F%2Fwww.w3.org%2F2000%2Fsvg%27%20width%3D%27532%27%20height%3D%27300%27%20viewBox%3D%270%200%20532%20300%27%3E%3Crect%20width%3D%27532%27%20height%3D%27300%27%20fill-opacity%3D%220%22%2F%3E%3C%2Fsvg%3E\" data-orig-src=\"https:\/\/www.binauralmedia.org\/news\/wp-content\/uploads\/cache\/20260316-Paisagem-com-Gente-Dentro-Grupo-1-Sessao-Nuno-Andre-Oliveira-de-Frades-P1011987-scaled\/1712685055.jpg\" height=\"300\" width=\"532\" class=\"lazyload skip-lazy fg-image\" decoding=\"async\" loading=\"lazy\"><\/span><span class=\"fg-image-overlay\"><\/span><\/a><\/figure><div class=\"fg-loader\"><\/div><\/div><div class=\"fg-item fg-type-image fg-loading\"><figure class=\"fg-item-inner\"><a href=\"https:\/\/www.binauralmedia.org\/news\/wp-content\/uploads\/20260316-Paisagem-com-Gente-Dentro-Grupo-2-Sessao-Nuno-Andre-Oliveira-de-Frades-IMG_2822-scaled.jpg\" data-attachment-id=\"25352\" data-type=\"image\" class=\"fg-thumb\"><span class=\"fg-image-wrap\"><img src=\"data:image\/svg+xml,%3Csvg%20xmlns%3D%27http%3A%2F%2Fwww.w3.org%2F2000%2Fsvg%27%20width%3D%27200%27%20height%3D%27300%27%20viewBox%3D%270%200%20200%20300%27%3E%3Crect%20width%3D%27200%27%20height%3D%27300%27%20fill-opacity%3D%220%22%2F%3E%3C%2Fsvg%3E\" data-orig-src=\"https:\/\/www.binauralmedia.org\/news\/wp-content\/uploads\/cache\/20260316-Paisagem-com-Gente-Dentro-Grupo-2-Sessao-Nuno-Andre-Oliveira-de-Frades-IMG_2822-scaled\/1959020585.jpg\" height=\"300\" width=\"200\" class=\"lazyload skip-lazy fg-image\" decoding=\"async\" loading=\"lazy\"><\/span><span class=\"fg-image-overlay\"><\/span><\/a><\/figure><div class=\"fg-loader\"><\/div><\/div><div class=\"fg-item fg-type-image fg-loading\"><figure class=\"fg-item-inner\"><a href=\"https:\/\/www.binauralmedia.org\/news\/wp-content\/uploads\/20260316-Paisagem-com-Gente-Dentro-Grupo-2-Sessao-Nuno-Andre-Oliveira-de-Frades-IMG_2847-scaled.jpg\" data-attachment-id=\"25353\" data-type=\"image\" class=\"fg-thumb\"><span class=\"fg-image-wrap\"><img src=\"data:image\/svg+xml,%3Csvg%20xmlns%3D%27http%3A%2F%2Fwww.w3.org%2F2000%2Fsvg%27%20width%3D%27450%27%20height%3D%27300%27%20viewBox%3D%270%200%20450%20300%27%3E%3Crect%20width%3D%27450%27%20height%3D%27300%27%20fill-opacity%3D%220%22%2F%3E%3C%2Fsvg%3E\" data-orig-src=\"https:\/\/www.binauralmedia.org\/news\/wp-content\/uploads\/cache\/20260316-Paisagem-com-Gente-Dentro-Grupo-2-Sessao-Nuno-Andre-Oliveira-de-Frades-IMG_2847-scaled\/1179110193.jpg\" height=\"300\" width=\"450\" class=\"lazyload skip-lazy fg-image\" decoding=\"async\" loading=\"lazy\"><\/span><span class=\"fg-image-overlay\"><\/span><\/a><\/figure><div class=\"fg-loader\"><\/div><\/div><div class=\"fg-item fg-type-image fg-loading\"><figure class=\"fg-item-inner\"><a href=\"https:\/\/www.binauralmedia.org\/news\/wp-content\/uploads\/20260316-Paisagem-com-Gente-Dentro-Grupo-2-Sessao-Nuno-Andre-Oliveira-de-Frades-IMG_2852-scaled.jpg\" data-attachment-id=\"25354\" data-type=\"image\" class=\"fg-thumb\"><span class=\"fg-image-wrap\"><img src=\"data:image\/svg+xml,%3Csvg%20xmlns%3D%27http%3A%2F%2Fwww.w3.org%2F2000%2Fsvg%27%20width%3D%27450%27%20height%3D%27300%27%20viewBox%3D%270%200%20450%20300%27%3E%3Crect%20width%3D%27450%27%20height%3D%27300%27%20fill-opacity%3D%220%22%2F%3E%3C%2Fsvg%3E\" data-orig-src=\"https:\/\/www.binauralmedia.org\/news\/wp-content\/uploads\/cache\/20260316-Paisagem-com-Gente-Dentro-Grupo-2-Sessao-Nuno-Andre-Oliveira-de-Frades-IMG_2852-scaled\/3174256431.jpg\" height=\"300\" width=\"450\" class=\"lazyload skip-lazy fg-image\" decoding=\"async\" loading=\"lazy\"><\/span><span class=\"fg-image-overlay\"><\/span><\/a><\/figure><div class=\"fg-loader\"><\/div><\/div><div class=\"fg-item fg-type-image fg-loading\"><figure class=\"fg-item-inner\"><a href=\"https:\/\/www.binauralmedia.org\/news\/wp-content\/uploads\/20260316-Paisagem-com-Gente-Dentro-Grupo-2-Sessao-Nuno-Andre-Oliveira-de-Frades-IMG_2950-scaled.jpg\" data-attachment-id=\"25355\" data-type=\"image\" class=\"fg-thumb\"><span class=\"fg-image-wrap\"><img src=\"data:image\/svg+xml,%3Csvg%20xmlns%3D%27http%3A%2F%2Fwww.w3.org%2F2000%2Fsvg%27%20width%3D%27450%27%20height%3D%27300%27%20viewBox%3D%270%200%20450%20300%27%3E%3Crect%20width%3D%27450%27%20height%3D%27300%27%20fill-opacity%3D%220%22%2F%3E%3C%2Fsvg%3E\" data-orig-src=\"https:\/\/www.binauralmedia.org\/news\/wp-content\/uploads\/cache\/20260316-Paisagem-com-Gente-Dentro-Grupo-2-Sessao-Nuno-Andre-Oliveira-de-Frades-IMG_2950-scaled\/3230032266.jpg\" height=\"300\" width=\"450\" class=\"lazyload skip-lazy fg-image\" decoding=\"async\" loading=\"lazy\"><\/span><span class=\"fg-image-overlay\"><\/span><\/a><\/figure><div class=\"fg-loader\"><\/div><\/div><div class=\"fg-item fg-type-image fg-loading\"><figure class=\"fg-item-inner\"><a href=\"https:\/\/www.binauralmedia.org\/news\/wp-content\/uploads\/20260316-Paisagem-com-Gente-Dentro-Grupo-2-Sessao-Nuno-Andre-Oliveira-de-Frades-IMG_4012-scaled.jpg\" data-attachment-id=\"25356\" data-type=\"image\" class=\"fg-thumb\"><span class=\"fg-image-wrap\"><img src=\"data:image\/svg+xml,%3Csvg%20xmlns%3D%27http%3A%2F%2Fwww.w3.org%2F2000%2Fsvg%27%20width%3D%27450%27%20height%3D%27300%27%20viewBox%3D%270%200%20450%20300%27%3E%3Crect%20width%3D%27450%27%20height%3D%27300%27%20fill-opacity%3D%220%22%2F%3E%3C%2Fsvg%3E\" data-orig-src=\"https:\/\/www.binauralmedia.org\/news\/wp-content\/uploads\/cache\/20260316-Paisagem-com-Gente-Dentro-Grupo-2-Sessao-Nuno-Andre-Oliveira-de-Frades-IMG_4012-scaled\/608458845.jpg\" height=\"300\" width=\"450\" class=\"lazyload skip-lazy fg-image\" decoding=\"async\" loading=\"lazy\"><\/span><span class=\"fg-image-overlay\"><\/span><\/a><\/figure><div class=\"fg-loader\"><\/div><\/div><div class=\"fg-item fg-type-image fg-loading\"><figure class=\"fg-item-inner\"><a href=\"https:\/\/www.binauralmedia.org\/news\/wp-content\/uploads\/20260316-Paisagem-com-Gente-Dentro-Grupo-2-Sessao-Nuno-Andre-Oliveira-de-Frades-IMG_4062-scaled.jpg\" data-attachment-id=\"25357\" data-type=\"image\" class=\"fg-thumb\"><span class=\"fg-image-wrap\"><img src=\"data:image\/svg+xml,%3Csvg%20xmlns%3D%27http%3A%2F%2Fwww.w3.org%2F2000%2Fsvg%27%20width%3D%27450%27%20height%3D%27300%27%20viewBox%3D%270%200%20450%20300%27%3E%3Crect%20width%3D%27450%27%20height%3D%27300%27%20fill-opacity%3D%220%22%2F%3E%3C%2Fsvg%3E\" data-orig-src=\"https:\/\/www.binauralmedia.org\/news\/wp-content\/uploads\/cache\/20260316-Paisagem-com-Gente-Dentro-Grupo-2-Sessao-Nuno-Andre-Oliveira-de-Frades-IMG_4062-scaled\/2334717023.jpg\" height=\"300\" width=\"450\" class=\"lazyload skip-lazy fg-image\" decoding=\"async\" loading=\"lazy\"><\/span><span class=\"fg-image-overlay\"><\/span><\/a><\/figure><div class=\"fg-loader\"><\/div><\/div><div class=\"fg-item fg-type-image fg-loading\"><figure class=\"fg-item-inner\"><a href=\"https:\/\/www.binauralmedia.org\/news\/wp-content\/uploads\/20260316-Paisagem-com-Gente-Dentro-Grupo-2-Sessao-Nuno-Andre-Oliveira-de-Frades-IMG_4122-scaled.jpg\" data-attachment-id=\"25359\" data-type=\"image\" class=\"fg-thumb\"><span class=\"fg-image-wrap\"><img src=\"data:image\/svg+xml,%3Csvg%20xmlns%3D%27http%3A%2F%2Fwww.w3.org%2F2000%2Fsvg%27%20width%3D%27450%27%20height%3D%27300%27%20viewBox%3D%270%200%20450%20300%27%3E%3Crect%20width%3D%27450%27%20height%3D%27300%27%20fill-opacity%3D%220%22%2F%3E%3C%2Fsvg%3E\" data-orig-src=\"https:\/\/www.binauralmedia.org\/news\/wp-content\/uploads\/cache\/20260316-Paisagem-com-Gente-Dentro-Grupo-2-Sessao-Nuno-Andre-Oliveira-de-Frades-IMG_4122-scaled\/361244051.jpg\" height=\"300\" width=\"450\" class=\"lazyload skip-lazy fg-image\" decoding=\"async\" loading=\"lazy\"><\/span><span class=\"fg-image-overlay\"><\/span><\/a><\/figure><div class=\"fg-loader\"><\/div><\/div><div class=\"fg-item fg-type-image fg-loading\"><figure class=\"fg-item-inner\"><a href=\"https:\/\/www.binauralmedia.org\/news\/wp-content\/uploads\/20260316-Paisagem-com-Gente-Dentro-Grupo-2-Sessao-Nuno-Andre-Oliveira-de-Frades-IMG_4129-scaled.jpg\" data-attachment-id=\"25360\" data-type=\"image\" class=\"fg-thumb\"><span class=\"fg-image-wrap\"><img src=\"data:image\/svg+xml,%3Csvg%20xmlns%3D%27http%3A%2F%2Fwww.w3.org%2F2000%2Fsvg%27%20width%3D%27450%27%20height%3D%27300%27%20viewBox%3D%270%200%20450%20300%27%3E%3Crect%20width%3D%27450%27%20height%3D%27300%27%20fill-opacity%3D%220%22%2F%3E%3C%2Fsvg%3E\" data-orig-src=\"https:\/\/www.binauralmedia.org\/news\/wp-content\/uploads\/cache\/20260316-Paisagem-com-Gente-Dentro-Grupo-2-Sessao-Nuno-Andre-Oliveira-de-Frades-IMG_4129-scaled\/3925142141.jpg\" height=\"300\" width=\"450\" class=\"lazyload skip-lazy fg-image\" decoding=\"async\" loading=\"lazy\"><\/span><span class=\"fg-image-overlay\"><\/span><\/a><\/figure><div class=\"fg-loader\"><\/div><\/div><div class=\"fg-item fg-type-image fg-loading\"><figure class=\"fg-item-inner\"><a href=\"https:\/\/www.binauralmedia.org\/news\/wp-content\/uploads\/20260317-Paisagem-com-Gente-Dentro-Grupo-3-Sessao-Nuno-Andre-Oliveira-de-Frades-IMG_2958-scaled.jpg\" data-attachment-id=\"25361\" data-type=\"image\" class=\"fg-thumb\"><span class=\"fg-image-wrap\"><img src=\"data:image\/svg+xml,%3Csvg%20xmlns%3D%27http%3A%2F%2Fwww.w3.org%2F2000%2Fsvg%27%20width%3D%27450%27%20height%3D%27300%27%20viewBox%3D%270%200%20450%20300%27%3E%3Crect%20width%3D%27450%27%20height%3D%27300%27%20fill-opacity%3D%220%22%2F%3E%3C%2Fsvg%3E\" data-orig-src=\"https:\/\/www.binauralmedia.org\/news\/wp-content\/uploads\/cache\/20260317-Paisagem-com-Gente-Dentro-Grupo-3-Sessao-Nuno-Andre-Oliveira-de-Frades-IMG_2958-scaled\/211821087.jpg\" height=\"300\" width=\"450\" class=\"lazyload skip-lazy fg-image\" decoding=\"async\" loading=\"lazy\"><\/span><span class=\"fg-image-overlay\"><\/span><\/a><\/figure><div class=\"fg-loader\"><\/div><\/div><div class=\"fg-item fg-type-image fg-loading\"><figure class=\"fg-item-inner\"><a href=\"https:\/\/www.binauralmedia.org\/news\/wp-content\/uploads\/20260317-Paisagem-com-Gente-Dentro-Grupo-3-Sessao-Nuno-Andre-Oliveira-de-Frades-IMG_3007-scaled.jpg\" data-attachment-id=\"25362\" data-type=\"image\" class=\"fg-thumb\"><span class=\"fg-image-wrap\"><img src=\"data:image\/svg+xml,%3Csvg%20xmlns%3D%27http%3A%2F%2Fwww.w3.org%2F2000%2Fsvg%27%20width%3D%27450%27%20height%3D%27300%27%20viewBox%3D%270%200%20450%20300%27%3E%3Crect%20width%3D%27450%27%20height%3D%27300%27%20fill-opacity%3D%220%22%2F%3E%3C%2Fsvg%3E\" data-orig-src=\"https:\/\/www.binauralmedia.org\/news\/wp-content\/uploads\/cache\/20260317-Paisagem-com-Gente-Dentro-Grupo-3-Sessao-Nuno-Andre-Oliveira-de-Frades-IMG_3007-scaled\/1529541169.jpg\" height=\"300\" width=\"450\" class=\"lazyload skip-lazy fg-image\" decoding=\"async\" loading=\"lazy\"><\/span><span class=\"fg-image-overlay\"><\/span><\/a><\/figure><div class=\"fg-loader\"><\/div><\/div><div class=\"fg-item fg-type-image fg-loading\"><figure class=\"fg-item-inner\"><a href=\"https:\/\/www.binauralmedia.org\/news\/wp-content\/uploads\/20260317-Paisagem-com-Gente-Dentro-Grupo-3-Sessao-Nuno-Andre-Oliveira-de-Frades-IMG_3008-scaled.jpg\" data-attachment-id=\"25363\" data-type=\"image\" class=\"fg-thumb\"><span class=\"fg-image-wrap\"><img src=\"data:image\/svg+xml,%3Csvg%20xmlns%3D%27http%3A%2F%2Fwww.w3.org%2F2000%2Fsvg%27%20width%3D%27450%27%20height%3D%27300%27%20viewBox%3D%270%200%20450%20300%27%3E%3Crect%20width%3D%27450%27%20height%3D%27300%27%20fill-opacity%3D%220%22%2F%3E%3C%2Fsvg%3E\" data-orig-src=\"https:\/\/www.binauralmedia.org\/news\/wp-content\/uploads\/cache\/20260317-Paisagem-com-Gente-Dentro-Grupo-3-Sessao-Nuno-Andre-Oliveira-de-Frades-IMG_3008-scaled\/1563911643.jpg\" height=\"300\" width=\"450\" class=\"lazyload skip-lazy fg-image\" decoding=\"async\" loading=\"lazy\"><\/span><span class=\"fg-image-overlay\"><\/span><\/a><\/figure><div class=\"fg-loader\"><\/div><\/div><div class=\"fg-item fg-type-image fg-loading\"><figure class=\"fg-item-inner\"><a href=\"https:\/\/www.binauralmedia.org\/news\/wp-content\/uploads\/20260317-Paisagem-com-Gente-Dentro-Grupo-3-Sessao-Nuno-Andre-Oliveira-de-Frades-IMG_3021-scaled.jpg\" data-attachment-id=\"25364\" data-type=\"image\" class=\"fg-thumb\"><span class=\"fg-image-wrap\"><img src=\"data:image\/svg+xml,%3Csvg%20xmlns%3D%27http%3A%2F%2Fwww.w3.org%2F2000%2Fsvg%27%20width%3D%27450%27%20height%3D%27300%27%20viewBox%3D%270%200%20450%20300%27%3E%3Crect%20width%3D%27450%27%20height%3D%27300%27%20fill-opacity%3D%220%22%2F%3E%3C%2Fsvg%3E\" data-orig-src=\"https:\/\/www.binauralmedia.org\/news\/wp-content\/uploads\/cache\/20260317-Paisagem-com-Gente-Dentro-Grupo-3-Sessao-Nuno-Andre-Oliveira-de-Frades-IMG_3021-scaled\/3397319891.jpg\" height=\"300\" width=\"450\" class=\"lazyload skip-lazy fg-image\" decoding=\"async\" loading=\"lazy\"><\/span><span class=\"fg-image-overlay\"><\/span><\/a><\/figure><div class=\"fg-loader\"><\/div><\/div><div class=\"fg-item fg-type-image fg-loading\"><figure class=\"fg-item-inner\"><a href=\"https:\/\/www.binauralmedia.org\/news\/wp-content\/uploads\/20260317-Paisagem-com-Gente-Dentro-Grupo-3-Sessao-Nuno-Andre-Oliveira-de-Frades-IMG_3089-scaled.jpg\" data-attachment-id=\"25366\" data-type=\"image\" class=\"fg-thumb\"><span class=\"fg-image-wrap\"><img src=\"data:image\/svg+xml,%3Csvg%20xmlns%3D%27http%3A%2F%2Fwww.w3.org%2F2000%2Fsvg%27%20width%3D%27450%27%20height%3D%27300%27%20viewBox%3D%270%200%20450%20300%27%3E%3Crect%20width%3D%27450%27%20height%3D%27300%27%20fill-opacity%3D%220%22%2F%3E%3C%2Fsvg%3E\" data-orig-src=\"https:\/\/www.binauralmedia.org\/news\/wp-content\/uploads\/cache\/20260317-Paisagem-com-Gente-Dentro-Grupo-3-Sessao-Nuno-Andre-Oliveira-de-Frades-IMG_3089-scaled\/1416503958.jpg\" height=\"300\" width=\"450\" class=\"lazyload skip-lazy fg-image\" decoding=\"async\" loading=\"lazy\"><\/span><span class=\"fg-image-overlay\"><\/span><\/a><\/figure><div class=\"fg-loader\"><\/div><\/div><div class=\"fg-item fg-type-image fg-loading\"><figure class=\"fg-item-inner\"><a href=\"https:\/\/www.binauralmedia.org\/news\/wp-content\/uploads\/20260317-Paisagem-com-Gente-Dentro-Grupo-3-Sessao-Nuno-Andre-Oliveira-de-Frades-IMG_3113-scaled.jpg\" data-attachment-id=\"25369\" data-type=\"image\" class=\"fg-thumb\"><span class=\"fg-image-wrap\"><img src=\"data:image\/svg+xml,%3Csvg%20xmlns%3D%27http%3A%2F%2Fwww.w3.org%2F2000%2Fsvg%27%20width%3D%27450%27%20height%3D%27300%27%20viewBox%3D%270%200%20450%20300%27%3E%3Crect%20width%3D%27450%27%20height%3D%27300%27%20fill-opacity%3D%220%22%2F%3E%3C%2Fsvg%3E\" data-orig-src=\"https:\/\/www.binauralmedia.org\/news\/wp-content\/uploads\/cache\/20260317-Paisagem-com-Gente-Dentro-Grupo-3-Sessao-Nuno-Andre-Oliveira-de-Frades-IMG_3113-scaled\/4129200226.jpg\" height=\"300\" width=\"450\" class=\"lazyload skip-lazy fg-image\" decoding=\"async\" loading=\"lazy\"><\/span><span class=\"fg-image-overlay\"><\/span><\/a><\/figure><div class=\"fg-loader\"><\/div><\/div><div class=\"fg-item fg-type-image fg-loading\"><figure class=\"fg-item-inner\"><a href=\"https:\/\/www.binauralmedia.org\/news\/wp-content\/uploads\/20260317-Paisagem-com-Gente-Dentro-Grupo-3-Sessao-Nuno-Andre-Oliveira-de-Frades-IMG_3125-scaled.jpg\" data-attachment-id=\"25370\" data-type=\"image\" class=\"fg-thumb\"><span class=\"fg-image-wrap\"><img src=\"data:image\/svg+xml,%3Csvg%20xmlns%3D%27http%3A%2F%2Fwww.w3.org%2F2000%2Fsvg%27%20width%3D%27450%27%20height%3D%27300%27%20viewBox%3D%270%200%20450%20300%27%3E%3Crect%20width%3D%27450%27%20height%3D%27300%27%20fill-opacity%3D%220%22%2F%3E%3C%2Fsvg%3E\" data-orig-src=\"https:\/\/www.binauralmedia.org\/news\/wp-content\/uploads\/cache\/20260317-Paisagem-com-Gente-Dentro-Grupo-3-Sessao-Nuno-Andre-Oliveira-de-Frades-IMG_3125-scaled\/2561897637.jpg\" height=\"300\" width=\"450\" class=\"lazyload skip-lazy fg-image\" decoding=\"async\" loading=\"lazy\"><\/span><span class=\"fg-image-overlay\"><\/span><\/a><\/figure><div class=\"fg-loader\"><\/div><\/div><div class=\"fg-item fg-type-image fg-loading\"><figure class=\"fg-item-inner\"><a href=\"https:\/\/www.binauralmedia.org\/news\/wp-content\/uploads\/20260317-Paisagem-com-Gente-Dentro-Grupo-3-Sessao-Nuno-Andre-Oliveira-de-Frades-IMG_4199-scaled.jpg\" data-attachment-id=\"25372\" data-type=\"image\" class=\"fg-thumb\"><span class=\"fg-image-wrap\"><img src=\"data:image\/svg+xml,%3Csvg%20xmlns%3D%27http%3A%2F%2Fwww.w3.org%2F2000%2Fsvg%27%20width%3D%27450%27%20height%3D%27300%27%20viewBox%3D%270%200%20450%20300%27%3E%3Crect%20width%3D%27450%27%20height%3D%27300%27%20fill-opacity%3D%220%22%2F%3E%3C%2Fsvg%3E\" data-orig-src=\"https:\/\/www.binauralmedia.org\/news\/wp-content\/uploads\/cache\/20260317-Paisagem-com-Gente-Dentro-Grupo-3-Sessao-Nuno-Andre-Oliveira-de-Frades-IMG_4199-scaled\/3281605750.jpg\" height=\"300\" width=\"450\" class=\"lazyload skip-lazy fg-image\" decoding=\"async\" loading=\"lazy\"><\/span><span class=\"fg-image-overlay\"><\/span><\/a><\/figure><div class=\"fg-loader\"><\/div><\/div><div class=\"fg-item fg-type-image fg-loading\"><figure class=\"fg-item-inner\"><a href=\"https:\/\/www.binauralmedia.org\/news\/wp-content\/uploads\/20260317-Paisagem-com-Gente-Dentro-Grupo-4-Sessao-Nuno-Andre-Oliveira-de-Frades-IMG_3134-scaled.jpg\" data-attachment-id=\"25375\" data-type=\"image\" class=\"fg-thumb\"><span class=\"fg-image-wrap\"><img src=\"data:image\/svg+xml,%3Csvg%20xmlns%3D%27http%3A%2F%2Fwww.w3.org%2F2000%2Fsvg%27%20width%3D%27450%27%20height%3D%27300%27%20viewBox%3D%270%200%20450%20300%27%3E%3Crect%20width%3D%27450%27%20height%3D%27300%27%20fill-opacity%3D%220%22%2F%3E%3C%2Fsvg%3E\" data-orig-src=\"https:\/\/www.binauralmedia.org\/news\/wp-content\/uploads\/cache\/20260317-Paisagem-com-Gente-Dentro-Grupo-4-Sessao-Nuno-Andre-Oliveira-de-Frades-IMG_3134-scaled\/3867334858.jpg\" height=\"300\" width=\"450\" class=\"lazyload skip-lazy fg-image\" decoding=\"async\" loading=\"lazy\"><\/span><span class=\"fg-image-overlay\"><\/span><\/a><\/figure><div class=\"fg-loader\"><\/div><\/div><div class=\"fg-item fg-type-image fg-loading\"><figure class=\"fg-item-inner\"><a href=\"https:\/\/www.binauralmedia.org\/news\/wp-content\/uploads\/20260317-Paisagem-com-Gente-Dentro-Grupo-4-Sessao-Nuno-Andre-Oliveira-de-Frades-IMG_3163-scaled.jpg\" data-attachment-id=\"25376\" data-type=\"image\" class=\"fg-thumb\"><span class=\"fg-image-wrap\"><img src=\"data:image\/svg+xml,%3Csvg%20xmlns%3D%27http%3A%2F%2Fwww.w3.org%2F2000%2Fsvg%27%20width%3D%27450%27%20height%3D%27300%27%20viewBox%3D%270%200%20450%20300%27%3E%3Crect%20width%3D%27450%27%20height%3D%27300%27%20fill-opacity%3D%220%22%2F%3E%3C%2Fsvg%3E\" data-orig-src=\"https:\/\/www.binauralmedia.org\/news\/wp-content\/uploads\/cache\/20260317-Paisagem-com-Gente-Dentro-Grupo-4-Sessao-Nuno-Andre-Oliveira-de-Frades-IMG_3163-scaled\/4033214047.jpg\" height=\"300\" width=\"450\" class=\"lazyload skip-lazy fg-image\" decoding=\"async\" loading=\"lazy\"><\/span><span class=\"fg-image-overlay\"><\/span><\/a><\/figure><div class=\"fg-loader\"><\/div><\/div><div class=\"fg-item fg-type-image fg-loading\"><figure class=\"fg-item-inner\"><a href=\"https:\/\/www.binauralmedia.org\/news\/wp-content\/uploads\/20260317-Paisagem-com-Gente-Dentro-Grupo-4-Sessao-Nuno-Andre-Oliveira-de-Frades-IMG_3209-scaled.jpg\" data-attachment-id=\"25377\" data-type=\"image\" class=\"fg-thumb\"><span class=\"fg-image-wrap\"><img src=\"data:image\/svg+xml,%3Csvg%20xmlns%3D%27http%3A%2F%2Fwww.w3.org%2F2000%2Fsvg%27%20width%3D%27450%27%20height%3D%27300%27%20viewBox%3D%270%200%20450%20300%27%3E%3Crect%20width%3D%27450%27%20height%3D%27300%27%20fill-opacity%3D%220%22%2F%3E%3C%2Fsvg%3E\" data-orig-src=\"https:\/\/www.binauralmedia.org\/news\/wp-content\/uploads\/cache\/20260317-Paisagem-com-Gente-Dentro-Grupo-4-Sessao-Nuno-Andre-Oliveira-de-Frades-IMG_3209-scaled\/3321163102.jpg\" height=\"300\" width=\"450\" class=\"lazyload skip-lazy fg-image\" decoding=\"async\" loading=\"lazy\"><\/span><span class=\"fg-image-overlay\"><\/span><\/a><\/figure><div class=\"fg-loader\"><\/div><\/div><div class=\"fg-item fg-type-image fg-loading\"><figure class=\"fg-item-inner\"><a href=\"https:\/\/www.binauralmedia.org\/news\/wp-content\/uploads\/20260317-Paisagem-com-Gente-Dentro-Grupo-4-Sessao-Nuno-Andre-Oliveira-de-Frades-IMG_3216-scaled.jpg\" data-attachment-id=\"25378\" data-type=\"image\" class=\"fg-thumb\"><span class=\"fg-image-wrap\"><img src=\"data:image\/svg+xml,%3Csvg%20xmlns%3D%27http%3A%2F%2Fwww.w3.org%2F2000%2Fsvg%27%20width%3D%27450%27%20height%3D%27300%27%20viewBox%3D%270%200%20450%20300%27%3E%3Crect%20width%3D%27450%27%20height%3D%27300%27%20fill-opacity%3D%220%22%2F%3E%3C%2Fsvg%3E\" data-orig-src=\"https:\/\/www.binauralmedia.org\/news\/wp-content\/uploads\/cache\/20260317-Paisagem-com-Gente-Dentro-Grupo-4-Sessao-Nuno-Andre-Oliveira-de-Frades-IMG_3216-scaled\/2696330541.jpg\" height=\"300\" width=\"450\" class=\"lazyload skip-lazy fg-image\" decoding=\"async\" loading=\"lazy\"><\/span><span class=\"fg-image-overlay\"><\/span><\/a><\/figure><div class=\"fg-loader\"><\/div><\/div><div class=\"fg-item fg-type-image fg-loading\"><figure class=\"fg-item-inner\"><a href=\"https:\/\/www.binauralmedia.org\/news\/wp-content\/uploads\/20260317-Paisagem-com-Gente-Dentro-Grupo-4-Sessao-Nuno-Andre-Oliveira-de-Frades-IMG_3228-scaled.jpg\" data-attachment-id=\"25379\" data-type=\"image\" class=\"fg-thumb\"><span class=\"fg-image-wrap\"><img src=\"data:image\/svg+xml,%3Csvg%20xmlns%3D%27http%3A%2F%2Fwww.w3.org%2F2000%2Fsvg%27%20width%3D%27200%27%20height%3D%27300%27%20viewBox%3D%270%200%20200%20300%27%3E%3Crect%20width%3D%27200%27%20height%3D%27300%27%20fill-opacity%3D%220%22%2F%3E%3C%2Fsvg%3E\" data-orig-src=\"https:\/\/www.binauralmedia.org\/news\/wp-content\/uploads\/cache\/20260317-Paisagem-com-Gente-Dentro-Grupo-4-Sessao-Nuno-Andre-Oliveira-de-Frades-IMG_3228-scaled\/915949021.jpg\" height=\"300\" width=\"200\" class=\"lazyload skip-lazy fg-image\" decoding=\"async\" loading=\"lazy\"><\/span><span class=\"fg-image-overlay\"><\/span><\/a><\/figure><div class=\"fg-loader\"><\/div><\/div><div class=\"fg-item fg-type-image fg-loading\"><figure class=\"fg-item-inner\"><a href=\"https:\/\/www.binauralmedia.org\/news\/wp-content\/uploads\/20260317-Paisagem-com-Gente-Dentro-Grupo-4-Sessao-Nuno-Andre-Oliveira-de-Frades-IMG_3257-scaled.jpg\" data-attachment-id=\"25380\" data-type=\"image\" class=\"fg-thumb\"><span class=\"fg-image-wrap\"><img src=\"data:image\/svg+xml,%3Csvg%20xmlns%3D%27http%3A%2F%2Fwww.w3.org%2F2000%2Fsvg%27%20width%3D%27200%27%20height%3D%27300%27%20viewBox%3D%270%200%20200%20300%27%3E%3Crect%20width%3D%27200%27%20height%3D%27300%27%20fill-opacity%3D%220%22%2F%3E%3C%2Fsvg%3E\" data-orig-src=\"https:\/\/www.binauralmedia.org\/news\/wp-content\/uploads\/cache\/20260317-Paisagem-com-Gente-Dentro-Grupo-4-Sessao-Nuno-Andre-Oliveira-de-Frades-IMG_3257-scaled\/4099952022.jpg\" height=\"300\" width=\"200\" class=\"lazyload skip-lazy fg-image\" decoding=\"async\" loading=\"lazy\"><\/span><span class=\"fg-image-overlay\"><\/span><\/a><\/figure><div class=\"fg-loader\"><\/div><\/div><div class=\"fg-item fg-type-image fg-loading\"><figure class=\"fg-item-inner\"><a href=\"https:\/\/www.binauralmedia.org\/news\/wp-content\/uploads\/20260317-Paisagem-com-Gente-Dentro-Grupo-4-Sessao-Nuno-Andre-Oliveira-de-Frades-IMG_3306-scaled.jpg\" data-attachment-id=\"25381\" data-type=\"image\" class=\"fg-thumb\"><span class=\"fg-image-wrap\"><img src=\"data:image\/svg+xml,%3Csvg%20xmlns%3D%27http%3A%2F%2Fwww.w3.org%2F2000%2Fsvg%27%20width%3D%27450%27%20height%3D%27300%27%20viewBox%3D%270%200%20450%20300%27%3E%3Crect%20width%3D%27450%27%20height%3D%27300%27%20fill-opacity%3D%220%22%2F%3E%3C%2Fsvg%3E\" data-orig-src=\"https:\/\/www.binauralmedia.org\/news\/wp-content\/uploads\/cache\/20260317-Paisagem-com-Gente-Dentro-Grupo-4-Sessao-Nuno-Andre-Oliveira-de-Frades-IMG_3306-scaled\/3807499356.jpg\" height=\"300\" width=\"450\" class=\"lazyload skip-lazy fg-image\" decoding=\"async\" loading=\"lazy\"><\/span><span class=\"fg-image-overlay\"><\/span><\/a><\/figure><div class=\"fg-loader\"><\/div><\/div><div class=\"fg-item fg-type-image fg-loading\"><figure class=\"fg-item-inner\"><a href=\"https:\/\/www.binauralmedia.org\/news\/wp-content\/uploads\/20260317-Paisagem-com-Gente-Dentro-Grupo-4-Sessao-Nuno-Andre-Oliveira-de-Frades-IMG_3319-scaled.jpg\" data-attachment-id=\"25383\" data-type=\"image\" class=\"fg-thumb\"><span class=\"fg-image-wrap\"><img src=\"data:image\/svg+xml,%3Csvg%20xmlns%3D%27http%3A%2F%2Fwww.w3.org%2F2000%2Fsvg%27%20width%3D%27450%27%20height%3D%27300%27%20viewBox%3D%270%200%20450%20300%27%3E%3Crect%20width%3D%27450%27%20height%3D%27300%27%20fill-opacity%3D%220%22%2F%3E%3C%2Fsvg%3E\" data-orig-src=\"https:\/\/www.binauralmedia.org\/news\/wp-content\/uploads\/cache\/20260317-Paisagem-com-Gente-Dentro-Grupo-4-Sessao-Nuno-Andre-Oliveira-de-Frades-IMG_3319-scaled\/3174772414.jpg\" height=\"300\" width=\"450\" class=\"lazyload skip-lazy fg-image\" decoding=\"async\" loading=\"lazy\"><\/span><span class=\"fg-image-overlay\"><\/span><\/a><\/figure><div class=\"fg-loader\"><\/div><\/div><div class=\"fg-item fg-type-image fg-loading\"><figure class=\"fg-item-inner\"><a href=\"https:\/\/www.binauralmedia.org\/news\/wp-content\/uploads\/20260317-Paisagem-com-Gente-Dentro-Grupo-4-Sessao-Nuno-Andre-Oliveira-de-Frades-IMG_3327-scaled.jpg\" data-attachment-id=\"25384\" data-type=\"image\" class=\"fg-thumb\"><span class=\"fg-image-wrap\"><img src=\"data:image\/svg+xml,%3Csvg%20xmlns%3D%27http%3A%2F%2Fwww.w3.org%2F2000%2Fsvg%27%20width%3D%27450%27%20height%3D%27300%27%20viewBox%3D%270%200%20450%20300%27%3E%3Crect%20width%3D%27450%27%20height%3D%27300%27%20fill-opacity%3D%220%22%2F%3E%3C%2Fsvg%3E\" data-orig-src=\"https:\/\/www.binauralmedia.org\/news\/wp-content\/uploads\/cache\/20260317-Paisagem-com-Gente-Dentro-Grupo-4-Sessao-Nuno-Andre-Oliveira-de-Frades-IMG_3327-scaled\/521873725.jpg\" height=\"300\" width=\"450\" class=\"lazyload skip-lazy fg-image\" decoding=\"async\" loading=\"lazy\"><\/span><span class=\"fg-image-overlay\"><\/span><\/a><\/figure><div class=\"fg-loader\"><\/div><\/div><div class=\"fg-item fg-type-image fg-loading\"><figure class=\"fg-item-inner\"><a href=\"https:\/\/www.binauralmedia.org\/news\/wp-content\/uploads\/20260317-Paisagem-com-Gente-Dentro-Grupo-4-Sessao-Nuno-Andre-Oliveira-de-Frades-IMG_4466-scaled.jpg\" data-attachment-id=\"25385\" data-type=\"image\" class=\"fg-thumb\"><span class=\"fg-image-wrap\"><img src=\"data:image\/svg+xml,%3Csvg%20xmlns%3D%27http%3A%2F%2Fwww.w3.org%2F2000%2Fsvg%27%20width%3D%27200%27%20height%3D%27300%27%20viewBox%3D%270%200%20200%20300%27%3E%3Crect%20width%3D%27200%27%20height%3D%27300%27%20fill-opacity%3D%220%22%2F%3E%3C%2Fsvg%3E\" data-orig-src=\"https:\/\/www.binauralmedia.org\/news\/wp-content\/uploads\/cache\/20260317-Paisagem-com-Gente-Dentro-Grupo-4-Sessao-Nuno-Andre-Oliveira-de-Frades-IMG_4466-scaled\/3791166474.jpg\" height=\"300\" width=\"200\" class=\"lazyload skip-lazy fg-image\" decoding=\"async\" loading=\"lazy\"><\/span><span class=\"fg-image-overlay\"><\/span><\/a><\/figure><div class=\"fg-loader\"><\/div><\/div><div class=\"fg-item fg-type-image fg-loading\"><figure class=\"fg-item-inner\"><a href=\"https:\/\/www.binauralmedia.org\/news\/wp-content\/uploads\/20260317-Paisagem-com-Gente-Dentro-Grupo-4-Sessao-Nuno-Andre-Oliveira-de-Frades-IMG_4493-scaled.jpg\" data-attachment-id=\"25387\" data-type=\"image\" class=\"fg-thumb\"><span class=\"fg-image-wrap\"><img src=\"data:image\/svg+xml,%3Csvg%20xmlns%3D%27http%3A%2F%2Fwww.w3.org%2F2000%2Fsvg%27%20width%3D%27450%27%20height%3D%27300%27%20viewBox%3D%270%200%20450%20300%27%3E%3Crect%20width%3D%27450%27%20height%3D%27300%27%20fill-opacity%3D%220%22%2F%3E%3C%2Fsvg%3E\" data-orig-src=\"https:\/\/www.binauralmedia.org\/news\/wp-content\/uploads\/cache\/20260317-Paisagem-com-Gente-Dentro-Grupo-4-Sessao-Nuno-Andre-Oliveira-de-Frades-IMG_4493-scaled\/4190104917.jpg\" height=\"300\" width=\"450\" class=\"lazyload skip-lazy fg-image\" decoding=\"async\" loading=\"lazy\"><\/span><span class=\"fg-image-overlay\"><\/span><\/a><\/figure><div class=\"fg-loader\"><\/div><\/div><div class=\"fg-item fg-type-image fg-loading\"><figure class=\"fg-item-inner\"><a href=\"https:\/\/www.binauralmedia.org\/news\/wp-content\/uploads\/20260317-Paisagem-com-Gente-Dentro-Grupo-4-Sessao-Nuno-Andre-Oliveira-de-Frades-IMG_4497-scaled.jpg\" data-attachment-id=\"25391\" data-type=\"image\" class=\"fg-thumb\"><span class=\"fg-image-wrap\"><img src=\"data:image\/svg+xml,%3Csvg%20xmlns%3D%27http%3A%2F%2Fwww.w3.org%2F2000%2Fsvg%27%20width%3D%27450%27%20height%3D%27300%27%20viewBox%3D%270%200%20450%20300%27%3E%3Crect%20width%3D%27450%27%20height%3D%27300%27%20fill-opacity%3D%220%22%2F%3E%3C%2Fsvg%3E\" data-orig-src=\"https:\/\/www.binauralmedia.org\/news\/wp-content\/uploads\/cache\/20260317-Paisagem-com-Gente-Dentro-Grupo-4-Sessao-Nuno-Andre-Oliveira-de-Frades-IMG_4497-scaled\/2315126414.jpg\" height=\"300\" width=\"450\" class=\"lazyload skip-lazy fg-image\" decoding=\"async\" loading=\"lazy\"><\/span><span class=\"fg-image-overlay\"><\/span><\/a><\/figure><div class=\"fg-loader\"><\/div><\/div><div class=\"fg-item fg-type-image fg-loading\"><figure class=\"fg-item-inner\"><a href=\"https:\/\/www.binauralmedia.org\/news\/wp-content\/uploads\/20260318-Paisagem-com-Gente-Dentro-ASSOL-Oliveira-de-Frades-IMG_3510-scaled.jpg\" data-attachment-id=\"25392\" data-type=\"image\" class=\"fg-thumb\"><span class=\"fg-image-wrap\"><img src=\"data:image\/svg+xml,%3Csvg%20xmlns%3D%27http%3A%2F%2Fwww.w3.org%2F2000%2Fsvg%27%20width%3D%27450%27%20height%3D%27300%27%20viewBox%3D%270%200%20450%20300%27%3E%3Crect%20width%3D%27450%27%20height%3D%27300%27%20fill-opacity%3D%220%22%2F%3E%3C%2Fsvg%3E\" data-orig-src=\"https:\/\/www.binauralmedia.org\/news\/wp-content\/uploads\/cache\/20260318-Paisagem-com-Gente-Dentro-ASSOL-Oliveira-de-Frades-IMG_3510-scaled\/3828880055.jpg\" height=\"300\" width=\"450\" class=\"lazyload skip-lazy fg-image\" decoding=\"async\" loading=\"lazy\"><\/span><span class=\"fg-image-overlay\"><\/span><\/a><\/figure><div class=\"fg-loader\"><\/div><\/div><div class=\"fg-item fg-type-image fg-loading\"><figure class=\"fg-item-inner\"><a href=\"https:\/\/www.binauralmedia.org\/news\/wp-content\/uploads\/20260318-Paisagem-com-Gente-Dentro-ASSOL-Oliveira-de-Frades-IMG_3524-scaled.jpg\" data-attachment-id=\"25393\" data-type=\"image\" class=\"fg-thumb\"><span class=\"fg-image-wrap\"><img src=\"data:image\/svg+xml,%3Csvg%20xmlns%3D%27http%3A%2F%2Fwww.w3.org%2F2000%2Fsvg%27%20width%3D%27450%27%20height%3D%27300%27%20viewBox%3D%270%200%20450%20300%27%3E%3Crect%20width%3D%27450%27%20height%3D%27300%27%20fill-opacity%3D%220%22%2F%3E%3C%2Fsvg%3E\" data-orig-src=\"https:\/\/www.binauralmedia.org\/news\/wp-content\/uploads\/cache\/20260318-Paisagem-com-Gente-Dentro-ASSOL-Oliveira-de-Frades-IMG_3524-scaled\/4066001631.jpg\" height=\"300\" width=\"450\" class=\"lazyload skip-lazy fg-image\" decoding=\"async\" loading=\"lazy\"><\/span><span class=\"fg-image-overlay\"><\/span><\/a><\/figure><div class=\"fg-loader\"><\/div><\/div><div class=\"fg-item fg-type-image fg-loading\"><figure class=\"fg-item-inner\"><a href=\"https:\/\/www.binauralmedia.org\/news\/wp-content\/uploads\/20260318-Paisagem-com-Gente-Dentro-ASSOL-Oliveira-de-Frades-IMG_3558-scaled.jpg\" data-attachment-id=\"25394\" data-type=\"image\" class=\"fg-thumb\"><span class=\"fg-image-wrap\"><img src=\"data:image\/svg+xml,%3Csvg%20xmlns%3D%27http%3A%2F%2Fwww.w3.org%2F2000%2Fsvg%27%20width%3D%27450%27%20height%3D%27300%27%20viewBox%3D%270%200%20450%20300%27%3E%3Crect%20width%3D%27450%27%20height%3D%27300%27%20fill-opacity%3D%220%22%2F%3E%3C%2Fsvg%3E\" data-orig-src=\"https:\/\/www.binauralmedia.org\/news\/wp-content\/uploads\/cache\/20260318-Paisagem-com-Gente-Dentro-ASSOL-Oliveira-de-Frades-IMG_3558-scaled\/4120222243.jpg\" height=\"300\" width=\"450\" class=\"lazyload skip-lazy fg-image\" decoding=\"async\" loading=\"lazy\"><\/span><span class=\"fg-image-overlay\"><\/span><\/a><\/figure><div class=\"fg-loader\"><\/div><\/div><div class=\"fg-item fg-type-image fg-loading\"><figure class=\"fg-item-inner\"><a href=\"https:\/\/www.binauralmedia.org\/news\/wp-content\/uploads\/20260318-Paisagem-com-Gente-Dentro-ASSOL-Oliveira-de-Frades-IMG_3565-scaled.jpg\" data-attachment-id=\"25395\" data-type=\"image\" class=\"fg-thumb\"><span class=\"fg-image-wrap\"><img src=\"data:image\/svg+xml,%3Csvg%20xmlns%3D%27http%3A%2F%2Fwww.w3.org%2F2000%2Fsvg%27%20width%3D%27450%27%20height%3D%27300%27%20viewBox%3D%270%200%20450%20300%27%3E%3Crect%20width%3D%27450%27%20height%3D%27300%27%20fill-opacity%3D%220%22%2F%3E%3C%2Fsvg%3E\" data-orig-src=\"https:\/\/www.binauralmedia.org\/news\/wp-content\/uploads\/cache\/20260318-Paisagem-com-Gente-Dentro-ASSOL-Oliveira-de-Frades-IMG_3565-scaled\/2508578084.jpg\" height=\"300\" width=\"450\" class=\"lazyload skip-lazy fg-image\" decoding=\"async\" loading=\"lazy\"><\/span><span class=\"fg-image-overlay\"><\/span><\/a><\/figure><div class=\"fg-loader\"><\/div><\/div><div class=\"fg-item fg-type-image fg-loading\"><figure class=\"fg-item-inner\"><a href=\"https:\/\/www.binauralmedia.org\/news\/wp-content\/uploads\/20260318-Paisagem-com-Gente-Dentro-ASSOL-Oliveira-de-Frades-IMG_4736-scaled.jpg\" data-attachment-id=\"25396\" data-type=\"image\" class=\"fg-thumb\"><span class=\"fg-image-wrap\"><img src=\"data:image\/svg+xml,%3Csvg%20xmlns%3D%27http%3A%2F%2Fwww.w3.org%2F2000%2Fsvg%27%20width%3D%27450%27%20height%3D%27300%27%20viewBox%3D%270%200%20450%20300%27%3E%3Crect%20width%3D%27450%27%20height%3D%27300%27%20fill-opacity%3D%220%22%2F%3E%3C%2Fsvg%3E\" data-orig-src=\"https:\/\/www.binauralmedia.org\/news\/wp-content\/uploads\/cache\/20260318-Paisagem-com-Gente-Dentro-ASSOL-Oliveira-de-Frades-IMG_4736-scaled\/3468260514.jpg\" height=\"300\" width=\"450\" class=\"lazyload skip-lazy fg-image\" decoding=\"async\" loading=\"lazy\"><\/span><span class=\"fg-image-overlay\"><\/span><\/a><\/figure><div class=\"fg-loader\"><\/div><\/div><div class=\"fg-item fg-type-image fg-loading\"><figure class=\"fg-item-inner\"><a href=\"https:\/\/www.binauralmedia.org\/news\/wp-content\/uploads\/20260318-Paisagem-com-Gente-Dentro-Grupo-5-Sessao-Nuno-Andre-Oliveira-de-Frades-IMG_3364-scaled.jpg\" data-attachment-id=\"25397\" data-type=\"image\" class=\"fg-thumb\"><span class=\"fg-image-wrap\"><img src=\"data:image\/svg+xml,%3Csvg%20xmlns%3D%27http%3A%2F%2Fwww.w3.org%2F2000%2Fsvg%27%20width%3D%27450%27%20height%3D%27300%27%20viewBox%3D%270%200%20450%20300%27%3E%3Crect%20width%3D%27450%27%20height%3D%27300%27%20fill-opacity%3D%220%22%2F%3E%3C%2Fsvg%3E\" data-orig-src=\"https:\/\/www.binauralmedia.org\/news\/wp-content\/uploads\/cache\/20260318-Paisagem-com-Gente-Dentro-Grupo-5-Sessao-Nuno-Andre-Oliveira-de-Frades-IMG_3364-scaled\/4089171017.jpg\" height=\"300\" width=\"450\" class=\"lazyload skip-lazy fg-image\" decoding=\"async\" loading=\"lazy\"><\/span><span class=\"fg-image-overlay\"><\/span><\/a><\/figure><div class=\"fg-loader\"><\/div><\/div><div class=\"fg-item fg-type-image fg-loading\"><figure class=\"fg-item-inner\"><a href=\"https:\/\/www.binauralmedia.org\/news\/wp-content\/uploads\/20260318-Paisagem-com-Gente-Dentro-Grupo-5-Sessao-Nuno-Andre-Oliveira-de-Frades-IMG_3376-scaled.jpg\" data-attachment-id=\"25398\" data-type=\"image\" class=\"fg-thumb\"><span class=\"fg-image-wrap\"><img src=\"data:image\/svg+xml,%3Csvg%20xmlns%3D%27http%3A%2F%2Fwww.w3.org%2F2000%2Fsvg%27%20width%3D%27200%27%20height%3D%27300%27%20viewBox%3D%270%200%20200%20300%27%3E%3Crect%20width%3D%27200%27%20height%3D%27300%27%20fill-opacity%3D%220%22%2F%3E%3C%2Fsvg%3E\" data-orig-src=\"https:\/\/www.binauralmedia.org\/news\/wp-content\/uploads\/cache\/20260318-Paisagem-com-Gente-Dentro-Grupo-5-Sessao-Nuno-Andre-Oliveira-de-Frades-IMG_3376-scaled\/1794633270.jpg\" height=\"300\" width=\"200\" class=\"lazyload skip-lazy fg-image\" decoding=\"async\" loading=\"lazy\"><\/span><span class=\"fg-image-overlay\"><\/span><\/a><\/figure><div class=\"fg-loader\"><\/div><\/div><div class=\"fg-item fg-type-image fg-loading\"><figure class=\"fg-item-inner\"><a href=\"https:\/\/www.binauralmedia.org\/news\/wp-content\/uploads\/20260318-Paisagem-com-Gente-Dentro-Grupo-5-Sessao-Nuno-Andre-Oliveira-de-Frades-IMG_3409-scaled.jpg\" data-attachment-id=\"25399\" data-type=\"image\" class=\"fg-thumb\"><span class=\"fg-image-wrap\"><img src=\"data:image\/svg+xml,%3Csvg%20xmlns%3D%27http%3A%2F%2Fwww.w3.org%2F2000%2Fsvg%27%20width%3D%27450%27%20height%3D%27300%27%20viewBox%3D%270%200%20450%20300%27%3E%3Crect%20width%3D%27450%27%20height%3D%27300%27%20fill-opacity%3D%220%22%2F%3E%3C%2Fsvg%3E\" data-orig-src=\"https:\/\/www.binauralmedia.org\/news\/wp-content\/uploads\/cache\/20260318-Paisagem-com-Gente-Dentro-Grupo-5-Sessao-Nuno-Andre-Oliveira-de-Frades-IMG_3409-scaled\/2978086370.jpg\" height=\"300\" width=\"450\" class=\"lazyload skip-lazy fg-image\" decoding=\"async\" loading=\"lazy\"><\/span><span class=\"fg-image-overlay\"><\/span><\/a><\/figure><div class=\"fg-loader\"><\/div><\/div><div class=\"fg-item fg-type-image fg-loading\"><figure class=\"fg-item-inner\"><a href=\"https:\/\/www.binauralmedia.org\/news\/wp-content\/uploads\/20260318-Paisagem-com-Gente-Dentro-Grupo-5-Sessao-Nuno-Andre-Oliveira-de-Frades-IMG_3462-scaled.jpg\" data-attachment-id=\"25400\" data-type=\"image\" class=\"fg-thumb\"><span class=\"fg-image-wrap\"><img src=\"data:image\/svg+xml,%3Csvg%20xmlns%3D%27http%3A%2F%2Fwww.w3.org%2F2000%2Fsvg%27%20width%3D%27450%27%20height%3D%27300%27%20viewBox%3D%270%200%20450%20300%27%3E%3Crect%20width%3D%27450%27%20height%3D%27300%27%20fill-opacity%3D%220%22%2F%3E%3C%2Fsvg%3E\" data-orig-src=\"https:\/\/www.binauralmedia.org\/news\/wp-content\/uploads\/cache\/20260318-Paisagem-com-Gente-Dentro-Grupo-5-Sessao-Nuno-Andre-Oliveira-de-Frades-IMG_3462-scaled\/3141400285.jpg\" height=\"300\" width=\"450\" class=\"lazyload skip-lazy fg-image\" decoding=\"async\" loading=\"lazy\"><\/span><span class=\"fg-image-overlay\"><\/span><\/a><\/figure><div class=\"fg-loader\"><\/div><\/div><div class=\"fg-item fg-type-image fg-loading\"><figure class=\"fg-item-inner\"><a href=\"https:\/\/www.binauralmedia.org\/news\/wp-content\/uploads\/20260318-Paisagem-com-Gente-Dentro-Grupo-5-Sessao-Nuno-Andre-Oliveira-de-Frades-IMG_3470-scaled.jpg\" data-attachment-id=\"25401\" data-type=\"image\" class=\"fg-thumb\"><span class=\"fg-image-wrap\"><img src=\"data:image\/svg+xml,%3Csvg%20xmlns%3D%27http%3A%2F%2Fwww.w3.org%2F2000%2Fsvg%27%20width%3D%27450%27%20height%3D%27300%27%20viewBox%3D%270%200%20450%20300%27%3E%3Crect%20width%3D%27450%27%20height%3D%27300%27%20fill-opacity%3D%220%22%2F%3E%3C%2Fsvg%3E\" data-orig-src=\"https:\/\/www.binauralmedia.org\/news\/wp-content\/uploads\/cache\/20260318-Paisagem-com-Gente-Dentro-Grupo-5-Sessao-Nuno-Andre-Oliveira-de-Frades-IMG_3470-scaled\/4014375594.jpg\" height=\"300\" width=\"450\" class=\"lazyload skip-lazy fg-image\" decoding=\"async\" loading=\"lazy\"><\/span><span class=\"fg-image-overlay\"><\/span><\/a><\/figure><div class=\"fg-loader\"><\/div><\/div><div class=\"fg-item fg-type-image fg-loading\"><figure class=\"fg-item-inner\"><a href=\"https:\/\/www.binauralmedia.org\/news\/wp-content\/uploads\/20260318-Paisagem-com-Gente-Dentro-Grupo-5-Sessao-Nuno-Andre-Oliveira-de-Frades-IMG_3492-scaled.jpg\" data-attachment-id=\"25402\" data-type=\"image\" class=\"fg-thumb\"><span class=\"fg-image-wrap\"><img src=\"data:image\/svg+xml,%3Csvg%20xmlns%3D%27http%3A%2F%2Fwww.w3.org%2F2000%2Fsvg%27%20width%3D%27450%27%20height%3D%27300%27%20viewBox%3D%270%200%20450%20300%27%3E%3Crect%20width%3D%27450%27%20height%3D%27300%27%20fill-opacity%3D%220%22%2F%3E%3C%2Fsvg%3E\" data-orig-src=\"https:\/\/www.binauralmedia.org\/news\/wp-content\/uploads\/cache\/20260318-Paisagem-com-Gente-Dentro-Grupo-5-Sessao-Nuno-Andre-Oliveira-de-Frades-IMG_3492-scaled\/2432514313.jpg\" height=\"300\" width=\"450\" class=\"lazyload skip-lazy fg-image\" decoding=\"async\" loading=\"lazy\"><\/span><span class=\"fg-image-overlay\"><\/span><\/a><\/figure><div class=\"fg-loader\"><\/div><\/div><div class=\"fg-item fg-type-image fg-loading\"><figure class=\"fg-item-inner\"><a href=\"https:\/\/www.binauralmedia.org\/news\/wp-content\/uploads\/20260318-Paisagem-com-Gente-Dentro-Grupo-5-Sessao-Nuno-Andre-Oliveira-de-Frades-IMG_3499-scaled.jpg\" data-attachment-id=\"25403\" data-type=\"image\" class=\"fg-thumb\"><span class=\"fg-image-wrap\"><img src=\"data:image\/svg+xml,%3Csvg%20xmlns%3D%27http%3A%2F%2Fwww.w3.org%2F2000%2Fsvg%27%20width%3D%27450%27%20height%3D%27300%27%20viewBox%3D%270%200%20450%20300%27%3E%3Crect%20width%3D%27450%27%20height%3D%27300%27%20fill-opacity%3D%220%22%2F%3E%3C%2Fsvg%3E\" data-orig-src=\"https:\/\/www.binauralmedia.org\/news\/wp-content\/uploads\/cache\/20260318-Paisagem-com-Gente-Dentro-Grupo-5-Sessao-Nuno-Andre-Oliveira-de-Frades-IMG_3499-scaled\/480037760.jpg\" height=\"300\" width=\"450\" class=\"lazyload skip-lazy fg-image\" decoding=\"async\" loading=\"lazy\"><\/span><span class=\"fg-image-overlay\"><\/span><\/a><\/figure><div class=\"fg-loader\"><\/div><\/div><\/div>\n<\/div><\/div><\/div><\/div>\n","protected":false},"excerpt":{"rendered":"","protected":false},"author":8,"featured_media":25263,"comment_status":"closed","ping_status":"closed","sticky":false,"template":"","format":"standard","meta":{"_acf_changed":false,"_bbp_topic_count":0,"_bbp_reply_count":0,"_bbp_total_topic_count":0,"_bbp_total_reply_count":0,"_bbp_voice_count":0,"_bbp_anonymous_reply_count":0,"_bbp_topic_count_hidden":0,"_bbp_reply_count_hidden":0,"_bbp_forum_subforum_count":0,"footnotes":""},"categories":[1,676],"tags":[],"class_list":["post-25259","post","type-post","status-publish","format-standard","has-post-thumbnail","hentry","category-news","category-artist-residencies"],"acf":[],"aioseo_notices":[],"aioseo_head":"\n\t\t<!-- All in One SEO 5.0.1.1 - aioseo.com -->\n\t<meta name=\"description\" content=\"PAISAGEM COM GENTE DENTRO Projeto Comunit\u00e1rio Entre os dias 16 e 18 de mar\u00e7o, decorreram as sess\u00f5es fotogr\u00e1ficas do projeto \u201cPaisagem com Gente Dentro\u201d, com coordena\u00e7\u00e3o art\u00edstica do fotojornalista Nuno Andr\u00e9 Ferreira. Estas sess\u00f5es centraram-se no retrato, proporcionando aos grupos participantes a oportunidade de conhecer popula\u00e7\u00f5es e de visitar paisagens de v\u00e1rias localidades do Munic\u00edpio\" \/>\n\t<meta name=\"robots\" content=\"max-image-preview:large\" \/>\n\t<meta name=\"author\" content=\"Nely Ferreira\"\/>\n\t<link rel=\"canonical\" href=\"https:\/\/www.binauralmedia.org\/news\/arquivo\/25259\" \/>\n\t<meta name=\"generator\" content=\"All in One SEO (AIOSEO) 5.0.1.1\" \/>\n\t\t<meta property=\"og:locale\" content=\"pt_PT\" \/>\n\t\t<meta property=\"og:site_name\" content=\"binauralmedia.org - Rural Based Sound\/Media Arts &amp; Social Research\" \/>\n\t\t<meta property=\"og:type\" content=\"article\" \/>\n\t\t<meta property=\"og:title\" content=\"\u201cPaisagem com gente dentro\u201d com Nuno Andr\u00e9 Ferreira - binauralmedia.org\" \/>\n\t\t<meta property=\"og:description\" content=\"PAISAGEM COM GENTE DENTRO Projeto Comunit\u00e1rio Entre os dias 16 e 18 de mar\u00e7o, decorreram as sess\u00f5es fotogr\u00e1ficas do projeto \u201cPaisagem com Gente Dentro\u201d, com coordena\u00e7\u00e3o art\u00edstica do fotojornalista Nuno Andr\u00e9 Ferreira. Estas sess\u00f5es centraram-se no retrato, proporcionando aos grupos participantes a oportunidade de conhecer popula\u00e7\u00f5es e de visitar paisagens de v\u00e1rias localidades do Munic\u00edpio\" \/>\n\t\t<meta property=\"og:url\" content=\"https:\/\/www.binauralmedia.org\/news\/arquivo\/25259\" \/>\n\t\t<meta property=\"article:published_time\" content=\"2026-03-31T13:42:08+00:00\" \/>\n\t\t<meta property=\"article:modified_time\" content=\"2026-04-27T11:27:28+00:00\" \/>\n\t\t<meta name=\"twitter:card\" content=\"summary_large_image\" \/>\n\t\t<meta name=\"twitter:title\" content=\"\u201cPaisagem com gente dentro\u201d com Nuno Andr\u00e9 Ferreira - binauralmedia.org\" \/>\n\t\t<meta name=\"twitter:description\" content=\"PAISAGEM COM GENTE DENTRO Projeto Comunit\u00e1rio Entre os dias 16 e 18 de mar\u00e7o, decorreram as sess\u00f5es fotogr\u00e1ficas do projeto \u201cPaisagem com Gente Dentro\u201d, com coordena\u00e7\u00e3o art\u00edstica do fotojornalista Nuno Andr\u00e9 Ferreira. Estas sess\u00f5es centraram-se no retrato, proporcionando aos grupos participantes a oportunidade de conhecer popula\u00e7\u00f5es e de visitar paisagens de v\u00e1rias localidades do Munic\u00edpio\" \/>\n\t\t<script type=\"application\/ld+json\" class=\"aioseo-schema\">\n\t\t\t{\"@context\":\"https:\\\/\\\/schema.org\",\"@graph\":[{\"@type\":\"BlogPosting\",\"@id\":\"https:\\\/\\\/www.binauralmedia.org\\\/news\\\/arquivo\\\/25259#blogposting\",\"name\":\"\\u201cPaisagem com gente dentro\\u201d com Nuno Andr\\u00e9 Ferreira - binauralmedia.org\",\"headline\":\"&#8220;Paisagem com gente dentro&#8221; com Nuno Andr\\u00e9 Ferreira\",\"author\":{\"@id\":\"https:\\\/\\\/www.binauralmedia.org\\\/news\\\/arquivo\\\/author\\\/nelyferreira#author\"},\"publisher\":{\"@id\":\"https:\\\/\\\/www.binauralmedia.org\\\/news\\\/#organization\"},\"image\":{\"@type\":\"ImageObject\",\"url\":\"https:\\\/\\\/www.binauralmedia.org\\\/news\\\/wp-content\\\/uploads\\\/Nuno-Andre.png\",\"width\":1200,\"height\":800},\"datePublished\":\"2026-03-31T13:42:08+00:00\",\"dateModified\":\"2026-04-27T11:27:28+00:00\",\"inLanguage\":\"pt-PT\",\"mainEntityOfPage\":{\"@id\":\"https:\\\/\\\/www.binauralmedia.org\\\/news\\\/arquivo\\\/25259#webpage\"},\"isPartOf\":{\"@id\":\"https:\\\/\\\/www.binauralmedia.org\\\/news\\\/arquivo\\\/25259#webpage\"},\"articleSection\":\"Not\\u00edcias, Resid\\u00eancias Art\\u00edsticas, Optional\"},{\"@type\":\"BreadcrumbList\",\"@id\":\"https:\\\/\\\/www.binauralmedia.org\\\/news\\\/arquivo\\\/25259#breadcrumblist\",\"itemListElement\":[{\"@type\":\"ListItem\",\"@id\":\"https:\\\/\\\/www.binauralmedia.org\\\/news#listItem\",\"position\":1,\"name\":\"Home\",\"item\":\"https:\\\/\\\/www.binauralmedia.org\\\/news\",\"nextItem\":{\"@type\":\"ListItem\",\"@id\":\"https:\\\/\\\/www.binauralmedia.org\\\/news\\\/arquivo\\\/category\\\/news#listItem\",\"name\":\"Not\\u00edcias\"}},{\"@type\":\"ListItem\",\"@id\":\"https:\\\/\\\/www.binauralmedia.org\\\/news\\\/arquivo\\\/category\\\/news#listItem\",\"position\":2,\"name\":\"Not\\u00edcias\",\"item\":\"https:\\\/\\\/www.binauralmedia.org\\\/news\\\/arquivo\\\/category\\\/news\",\"nextItem\":{\"@type\":\"ListItem\",\"@id\":\"https:\\\/\\\/www.binauralmedia.org\\\/news\\\/arquivo\\\/25259#listItem\",\"name\":\"&#8220;Paisagem com gente dentro&#8221; com Nuno Andr\\u00e9 Ferreira\"},\"previousItem\":{\"@type\":\"ListItem\",\"@id\":\"https:\\\/\\\/www.binauralmedia.org\\\/news#listItem\",\"name\":\"Home\"}},{\"@type\":\"ListItem\",\"@id\":\"https:\\\/\\\/www.binauralmedia.org\\\/news\\\/arquivo\\\/25259#listItem\",\"position\":3,\"name\":\"&#8220;Paisagem com gente dentro&#8221; com Nuno Andr\\u00e9 Ferreira\",\"previousItem\":{\"@type\":\"ListItem\",\"@id\":\"https:\\\/\\\/www.binauralmedia.org\\\/news\\\/arquivo\\\/category\\\/news#listItem\",\"name\":\"Not\\u00edcias\"}}]},{\"@type\":\"Organization\",\"@id\":\"https:\\\/\\\/www.binauralmedia.org\\\/news\\\/#organization\",\"name\":\"binauralmedia.org\",\"description\":\"Rural Based Sound\\\/Media Arts & Social Research\",\"url\":\"https:\\\/\\\/www.binauralmedia.org\\\/news\\\/\"},{\"@type\":\"Person\",\"@id\":\"https:\\\/\\\/www.binauralmedia.org\\\/news\\\/arquivo\\\/author\\\/nelyferreira#author\",\"url\":\"https:\\\/\\\/www.binauralmedia.org\\\/news\\\/arquivo\\\/author\\\/nelyferreira\",\"name\":\"Nely Ferreira\"},{\"@type\":\"WebPage\",\"@id\":\"https:\\\/\\\/www.binauralmedia.org\\\/news\\\/arquivo\\\/25259#webpage\",\"url\":\"https:\\\/\\\/www.binauralmedia.org\\\/news\\\/arquivo\\\/25259\",\"name\":\"\\u201cPaisagem com gente dentro\\u201d com Nuno Andr\\u00e9 Ferreira - binauralmedia.org\",\"description\":\"PAISAGEM COM GENTE DENTRO Projeto Comunit\\u00e1rio Entre os dias 16 e 18 de mar\\u00e7o, decorreram as sess\\u00f5es fotogr\\u00e1ficas do projeto \\u201cPaisagem com Gente Dentro\\u201d, com coordena\\u00e7\\u00e3o art\\u00edstica do fotojornalista Nuno Andr\\u00e9 Ferreira. Estas sess\\u00f5es centraram-se no retrato, proporcionando aos grupos participantes a oportunidade de conhecer popula\\u00e7\\u00f5es e de visitar paisagens de v\\u00e1rias localidades do Munic\\u00edpio\",\"inLanguage\":\"pt-PT\",\"isPartOf\":{\"@id\":\"https:\\\/\\\/www.binauralmedia.org\\\/news\\\/#website\"},\"breadcrumb\":{\"@id\":\"https:\\\/\\\/www.binauralmedia.org\\\/news\\\/arquivo\\\/25259#breadcrumblist\"},\"author\":{\"@id\":\"https:\\\/\\\/www.binauralmedia.org\\\/news\\\/arquivo\\\/author\\\/nelyferreira#author\"},\"creator\":{\"@id\":\"https:\\\/\\\/www.binauralmedia.org\\\/news\\\/arquivo\\\/author\\\/nelyferreira#author\"},\"image\":{\"@type\":\"ImageObject\",\"url\":\"https:\\\/\\\/www.binauralmedia.org\\\/news\\\/wp-content\\\/uploads\\\/Nuno-Andre.png\",\"@id\":\"https:\\\/\\\/www.binauralmedia.org\\\/news\\\/arquivo\\\/25259\\\/#mainImage\",\"width\":1200,\"height\":800},\"primaryImageOfPage\":{\"@id\":\"https:\\\/\\\/www.binauralmedia.org\\\/news\\\/arquivo\\\/25259#mainImage\"},\"datePublished\":\"2026-03-31T13:42:08+00:00\",\"dateModified\":\"2026-04-27T11:27:28+00:00\"},{\"@type\":\"WebSite\",\"@id\":\"https:\\\/\\\/www.binauralmedia.org\\\/news\\\/#website\",\"url\":\"https:\\\/\\\/www.binauralmedia.org\\\/news\\\/\",\"name\":\"binauralmedia.org\",\"description\":\"Rural Based Sound\\\/Media Arts & Social Research\",\"inLanguage\":\"pt-PT\",\"publisher\":{\"@id\":\"https:\\\/\\\/www.binauralmedia.org\\\/news\\\/#organization\"}}]}\n\t\t<\/script>\n\t\t<!-- All in One SEO -->\n\n","aioseo_head_json":{"title":"\u201cPaisagem com gente dentro\u201d com Nuno Andr\u00e9 Ferreira - binauralmedia.org","description":"PAISAGEM COM GENTE DENTRO Projeto Comunit\u00e1rio Entre os dias 16 e 18 de mar\u00e7o, decorreram as sess\u00f5es fotogr\u00e1ficas do projeto \u201cPaisagem com Gente Dentro\u201d, com coordena\u00e7\u00e3o art\u00edstica do fotojornalista Nuno Andr\u00e9 Ferreira. Estas sess\u00f5es centraram-se no retrato, proporcionando aos grupos participantes a oportunidade de conhecer popula\u00e7\u00f5es e de visitar paisagens de v\u00e1rias localidades do Munic\u00edpio","canonical_url":"https:\/\/www.binauralmedia.org\/news\/arquivo\/25259","robots":"max-image-preview:large","keywords":"","webmasterTools":{"miscellaneous":""},"schema":{"@context":"https:\/\/schema.org","@graph":[{"@type":"BlogPosting","@id":"https:\/\/www.binauralmedia.org\/news\/arquivo\/25259#blogposting","name":"\u201cPaisagem com gente dentro\u201d com Nuno Andr\u00e9 Ferreira - binauralmedia.org","headline":"&#8220;Paisagem com gente dentro&#8221; com Nuno Andr\u00e9 Ferreira","author":{"@id":"https:\/\/www.binauralmedia.org\/news\/arquivo\/author\/nelyferreira#author"},"publisher":{"@id":"https:\/\/www.binauralmedia.org\/news\/#organization"},"image":{"@type":"ImageObject","url":"https:\/\/www.binauralmedia.org\/news\/wp-content\/uploads\/Nuno-Andre.png","width":1200,"height":800},"datePublished":"2026-03-31T13:42:08+00:00","dateModified":"2026-04-27T11:27:28+00:00","inLanguage":"pt-PT","mainEntityOfPage":{"@id":"https:\/\/www.binauralmedia.org\/news\/arquivo\/25259#webpage"},"isPartOf":{"@id":"https:\/\/www.binauralmedia.org\/news\/arquivo\/25259#webpage"},"articleSection":"Not\u00edcias, Resid\u00eancias Art\u00edsticas, Optional"},{"@type":"BreadcrumbList","@id":"https:\/\/www.binauralmedia.org\/news\/arquivo\/25259#breadcrumblist","itemListElement":[{"@type":"ListItem","@id":"https:\/\/www.binauralmedia.org\/news#listItem","position":1,"name":"Home","item":"https:\/\/www.binauralmedia.org\/news","nextItem":{"@type":"ListItem","@id":"https:\/\/www.binauralmedia.org\/news\/arquivo\/category\/news#listItem","name":"Not\u00edcias"}},{"@type":"ListItem","@id":"https:\/\/www.binauralmedia.org\/news\/arquivo\/category\/news#listItem","position":2,"name":"Not\u00edcias","item":"https:\/\/www.binauralmedia.org\/news\/arquivo\/category\/news","nextItem":{"@type":"ListItem","@id":"https:\/\/www.binauralmedia.org\/news\/arquivo\/25259#listItem","name":"&#8220;Paisagem com gente dentro&#8221; com Nuno Andr\u00e9 Ferreira"},"previousItem":{"@type":"ListItem","@id":"https:\/\/www.binauralmedia.org\/news#listItem","name":"Home"}},{"@type":"ListItem","@id":"https:\/\/www.binauralmedia.org\/news\/arquivo\/25259#listItem","position":3,"name":"&#8220;Paisagem com gente dentro&#8221; com Nuno Andr\u00e9 Ferreira","previousItem":{"@type":"ListItem","@id":"https:\/\/www.binauralmedia.org\/news\/arquivo\/category\/news#listItem","name":"Not\u00edcias"}}]},{"@type":"Organization","@id":"https:\/\/www.binauralmedia.org\/news\/#organization","name":"binauralmedia.org","description":"Rural Based Sound\/Media Arts & Social Research","url":"https:\/\/www.binauralmedia.org\/news\/"},{"@type":"Person","@id":"https:\/\/www.binauralmedia.org\/news\/arquivo\/author\/nelyferreira#author","url":"https:\/\/www.binauralmedia.org\/news\/arquivo\/author\/nelyferreira","name":"Nely Ferreira"},{"@type":"WebPage","@id":"https:\/\/www.binauralmedia.org\/news\/arquivo\/25259#webpage","url":"https:\/\/www.binauralmedia.org\/news\/arquivo\/25259","name":"\u201cPaisagem com gente dentro\u201d com Nuno Andr\u00e9 Ferreira - binauralmedia.org","description":"PAISAGEM COM GENTE DENTRO Projeto Comunit\u00e1rio Entre os dias 16 e 18 de mar\u00e7o, decorreram as sess\u00f5es fotogr\u00e1ficas do projeto \u201cPaisagem com Gente Dentro\u201d, com coordena\u00e7\u00e3o art\u00edstica do fotojornalista Nuno Andr\u00e9 Ferreira. Estas sess\u00f5es centraram-se no retrato, proporcionando aos grupos participantes a oportunidade de conhecer popula\u00e7\u00f5es e de visitar paisagens de v\u00e1rias localidades do Munic\u00edpio","inLanguage":"pt-PT","isPartOf":{"@id":"https:\/\/www.binauralmedia.org\/news\/#website"},"breadcrumb":{"@id":"https:\/\/www.binauralmedia.org\/news\/arquivo\/25259#breadcrumblist"},"author":{"@id":"https:\/\/www.binauralmedia.org\/news\/arquivo\/author\/nelyferreira#author"},"creator":{"@id":"https:\/\/www.binauralmedia.org\/news\/arquivo\/author\/nelyferreira#author"},"image":{"@type":"ImageObject","url":"https:\/\/www.binauralmedia.org\/news\/wp-content\/uploads\/Nuno-Andre.png","@id":"https:\/\/www.binauralmedia.org\/news\/arquivo\/25259\/#mainImage","width":1200,"height":800},"primaryImageOfPage":{"@id":"https:\/\/www.binauralmedia.org\/news\/arquivo\/25259#mainImage"},"datePublished":"2026-03-31T13:42:08+00:00","dateModified":"2026-04-27T11:27:28+00:00"},{"@type":"WebSite","@id":"https:\/\/www.binauralmedia.org\/news\/#website","url":"https:\/\/www.binauralmedia.org\/news\/","name":"binauralmedia.org","description":"Rural Based Sound\/Media Arts & Social Research","inLanguage":"pt-PT","publisher":{"@id":"https:\/\/www.binauralmedia.org\/news\/#organization"}}]},"og:locale":"pt_PT","og:site_name":"binauralmedia.org - Rural Based Sound\/Media Arts &amp; Social Research","og:type":"article","og:title":"\u201cPaisagem com gente dentro\u201d com Nuno Andr\u00e9 Ferreira - binauralmedia.org","og:description":"PAISAGEM COM GENTE DENTRO Projeto Comunit\u00e1rio Entre os dias 16 e 18 de mar\u00e7o, decorreram as sess\u00f5es fotogr\u00e1ficas do projeto \u201cPaisagem com Gente Dentro\u201d, com coordena\u00e7\u00e3o art\u00edstica do fotojornalista Nuno Andr\u00e9 Ferreira. Estas sess\u00f5es centraram-se no retrato, proporcionando aos grupos participantes a oportunidade de conhecer popula\u00e7\u00f5es e de visitar paisagens de v\u00e1rias localidades do Munic\u00edpio","og:url":"https:\/\/www.binauralmedia.org\/news\/arquivo\/25259","article:published_time":"2026-03-31T13:42:08+00:00","article:modified_time":"2026-04-27T11:27:28+00:00","twitter:card":"summary_large_image","twitter:title":"\u201cPaisagem com gente dentro\u201d com Nuno Andr\u00e9 Ferreira - binauralmedia.org","twitter:description":"PAISAGEM COM GENTE DENTRO Projeto Comunit\u00e1rio Entre os dias 16 e 18 de mar\u00e7o, decorreram as sess\u00f5es fotogr\u00e1ficas do projeto \u201cPaisagem com Gente Dentro\u201d, com coordena\u00e7\u00e3o art\u00edstica do fotojornalista Nuno Andr\u00e9 Ferreira. Estas sess\u00f5es centraram-se no retrato, proporcionando aos grupos participantes a oportunidade de conhecer popula\u00e7\u00f5es e de visitar paisagens de v\u00e1rias localidades do Munic\u00edpio"},"aioseo_meta_data":{"post_id":"25259","title":null,"description":null,"keywords":null,"keyphrases":null,"primary_term":null,"canonical_url":null,"og_title":null,"og_description":null,"og_object_type":"default","og_image_type":"default","og_image_custom_url":null,"og_image_custom_fields":null,"og_image_url":null,"og_image_width":null,"og_image_height":null,"og_video":null,"og_custom_url":null,"og_article_section":null,"og_article_tags":null,"twitter_use_og":false,"twitter_card":"default","twitter_image_type":"default","twitter_image_custom_url":null,"twitter_image_custom_fields":null,"twitter_image_url":null,"twitter_title":null,"twitter_description":null,"schema_type":"default","schema_type_options":null,"schema":{"blockGraphs":[],"customGraphs":[],"default":{"data":{"Article":[],"Course":[],"Dataset":[],"FAQPage":[],"Movie":[],"Person":[],"Product":[],"ProductReview":[],"Car":[],"Recipe":[],"Service":[],"SoftwareApplication":[],"WebPage":[]},"graphName":"","isEnabled":true},"graphs":[]},"pillar_content":false,"robots_default":true,"robots_noindex":false,"robots_noarchive":false,"robots_nosnippet":false,"robots_nofollow":false,"robots_noimageindex":false,"robots_noodp":false,"robots_notranslate":false,"robots_max_snippet":null,"robots_max_videopreview":null,"robots_max_imagepreview":"large","priority":null,"frequency":null,"local_seo":null,"limit_modified_date":false,"ai":null,"breadcrumb_settings":null,"seo_analyzer_scan_date":null,"created":"2026-08-05 08:46:45","updated":"2026-08-05 08:46:45","focus_keyword":null,"additional_keywords":null,"truseo_locale":null},"aioseo_breadcrumb":"<div class=\"aioseo-breadcrumbs\"><span class=\"aioseo-breadcrumb\">\n\t\t\t<a href=\"https:\/\/www.binauralmedia.org\/news\" title=\"Home\">Home<\/a>\n\t\t<\/span><span class=\"aioseo-breadcrumb-separator\">&raquo;<\/span><span class=\"aioseo-breadcrumb\">\n\t\t\t<a href=\"https:\/\/www.binauralmedia.org\/news\/arquivo\/category\/news\" title=\"Not\u00edcias\">Not\u00edcias<\/a>\n\t\t<\/span><span class=\"aioseo-breadcrumb-separator\">&raquo;<\/span><span class=\"aioseo-breadcrumb\">\n\t\t\t\u201cPaisagem com gente dentro\u201d com Nuno Andr\u00e9 Ferreira\n\t\t<\/span><\/div>","aioseo_breadcrumb_json":[{"label":"Home","link":"https:\/\/www.binauralmedia.org\/news"},{"label":"Not\u00edcias","link":"https:\/\/www.binauralmedia.org\/news\/arquivo\/category\/news"},{"label":"&#8220;Paisagem com gente dentro&#8221; com Nuno Andr\u00e9 Ferreira","link":"https:\/\/www.binauralmedia.org\/news\/arquivo\/25259"}],"_links":{"self":[{"href":"https:\/\/www.binauralmedia.org\/news\/wp-json\/wp\/v2\/posts\/25259","targetHints":{"allow":["GET"]}}],"collection":[{"href":"https:\/\/www.binauralmedia.org\/news\/wp-json\/wp\/v2\/posts"}],"about":[{"href":"https:\/\/www.binauralmedia.org\/news\/wp-json\/wp\/v2\/types\/post"}],"author":[{"embeddable":true,"href":"https:\/\/www.binauralmedia.org\/news\/wp-json\/wp\/v2\/users\/8"}],"replies":[{"embeddable":true,"href":"https:\/\/www.binauralmedia.org\/news\/wp-json\/wp\/v2\/comments?post=25259"}],"version-history":[{"count":4,"href":"https:\/\/www.binauralmedia.org\/news\/wp-json\/wp\/v2\/posts\/25259\/revisions"}],"predecessor-version":[{"id":25599,"href":"https:\/\/www.binauralmedia.org\/news\/wp-json\/wp\/v2\/posts\/25259\/revisions\/25599"}],"wp:featuredmedia":[{"embeddable":true,"href":"https:\/\/www.binauralmedia.org\/news\/wp-json\/wp\/v2\/media\/25263"}],"wp:attachment":[{"href":"https:\/\/www.binauralmedia.org\/news\/wp-json\/wp\/v2\/media?parent=25259"}],"wp:term":[{"taxonomy":"category","embeddable":true,"href":"https:\/\/www.binauralmedia.org\/news\/wp-json\/wp\/v2\/categories?post=25259"},{"taxonomy":"post_tag","embeddable":true,"href":"https:\/\/www.binauralmedia.org\/news\/wp-json\/wp\/v2\/tags?post=25259"}],"curies":[{"name":"wp","href":"https:\/\/api.w.org\/{rel}","templated":true}]}}