{"id":25126,"date":"2026-03-12T13:54:59","date_gmt":"2026-03-12T13:54:59","guid":{"rendered":"https:\/\/www.binauralmedia.org\/news?p=25126"},"modified":"2026-03-20T14:02:59","modified_gmt":"2026-03-20T14:02:59","slug":"atelie-de-escuta-ativa-e-de-expressao-oral","status":"publish","type":"post","link":"https:\/\/www.binauralmedia.org\/news\/arquivo\/25126","title":{"rendered":"Ateli\u00ea de escuta ativa e de express\u00e3o oral"},"content":{"rendered":"<p>OU\u00c7O, LEMBRO E SINTO<br \/>\nAteli\u00ea de escuta ativa e de express\u00e3o oral<\/p>\n<p>Agrupamento de Escolas Infante D. Henrique (Viseu)<br \/>\n17 de mar\u00e7o 2026, entre as 11h35 e as 13h20<\/p>\n<p>A Binaural Nodar ir\u00e1 dirigir um ateli\u00ea sonoro e de express\u00e3o oral, em parceria com o Agrupamento de Escolas Infante D. Henrique de Viseu, integrado no projeto Rede Tramontana, cofinanciado pelo programa Europa Criativa.<\/p>\n<p>O ateli\u00ea sonoro \u201cOu\u00e7o, Lembro e Sinto\u201d ir\u00e1 desafiar os alunos a ouvirem atentamente e a gravarem aspetos da paisagem sonora da escola, na sua diversidade sonora (vozes, movimento, arquitetura) e de rela\u00e7\u00e3o com o espa\u00e7o envolvente, como est\u00edmulo para, num segundo momento, expressarem parte do seu mundo pessoal de recorda\u00e7\u00f5es, construindo-se como resultado um conjunto de narrativas compostas por paisagens sonoras e oralidade, as quais ter\u00e3o um valor espec\u00edfico e coletivo, relativo \u00e0 hist\u00f3ria e \u00e0 sensibilidade dos participantes no ateli\u00ea.<\/p>\n<p>Objetivos pedag\u00f3gicos do ateli\u00ea:<\/p>\n<p>&#8211; Desenvolver a capacidade de aten\u00e7\u00e3o e escuta ativa, promovendo uma atitude serena que fomente a capacidade de  perce\u00e7\u00e3o detalhada dos diferentes sons presentes na paisagem sonora da escola e do seu espa\u00e7o envolvente.<\/p>\n<p>&#8211; Estimular a observa\u00e7\u00e3o sens\u00edvel e cr\u00edtica dos elementos sonoros relacionados com o movimento, as vozes e a arquitetura, reconhecendo a diversidade e a especificidade do ambiente escolar, por exemplo, nos seus materiais de constru\u00e7\u00e3o, no tipo de ocupa\u00e7\u00e3o do espa\u00e7o e na intera\u00e7\u00f5es ac\u00fasticas geradas.<\/p>\n<p>&#8211; Incentivar a express\u00e3o oral atrav\u00e9s da partilha de recorda\u00e7\u00f5es pessoais e da constru\u00e7\u00e3o de narrativas que integrem experi\u00eancias sonoras e mem\u00f3rias individuais.<\/p>\n<p>&#8211; Exercitar a mem\u00f3ria pessoal ao recordar e relacionar sons captados com viv\u00eancias e hist\u00f3rias pr\u00f3prias, valorizando a dimens\u00e3o afetiva, sens\u00edvel e identit\u00e1ria dos participantes, na sua diversidade.<\/p>\n<p>&#8211; Desenvolver compet\u00eancias de escuta cr\u00edtica, negociada e colaborativa, reconhecendo os alunos o valor das diferentes perce\u00e7\u00f5es e interpreta\u00e7\u00f5es do espa\u00e7o sonoro comum.<\/p>\n<p>&#8211; Sensibilizar para a import\u00e2ncia do patrim\u00f3nio sonoro como elemento integrante da identidade local e da mem\u00f3ria coletiva da comunidade escolar.<\/p>\n<p>A Binaural Nodar agradece ao professor Carlos Cruchinho pelo convite para dirigir este ateli\u00ea sonoro.<\/p>\n<p>A Binaural Nodar \u00e9 uma entidade cultural apoiada pela Rep\u00fablica Portuguesa &#8211; Cultura, Juventude e Desporto | Dire\u00e7\u00e3o-Geral das Artes.<\/p>\n","protected":false},"excerpt":{"rendered":"<p>OU\u00c7O, LEMBRO E SINTO Ateli\u00ea de escuta ativa e de  [&#8230;]<\/p>\n","protected":false},"author":8,"featured_media":25128,"comment_status":"closed","ping_status":"closed","sticky":false,"template":"","format":"standard","meta":{"_acf_changed":false,"_bbp_topic_count":0,"_bbp_reply_count":0,"_bbp_total_topic_count":0,"_bbp_total_reply_count":0,"_bbp_voice_count":0,"_bbp_anonymous_reply_count":0,"_bbp_topic_count_hidden":0,"_bbp_reply_count_hidden":0,"_bbp_forum_subforum_count":0,"footnotes":""},"categories":[1,1159],"tags":[],"class_list":["post-25126","post","type-post","status-publish","format-standard","has-post-thumbnail","hentry","category-news","category-educational-programme"],"acf":[],"aioseo_notices":[],"aioseo_head":"\n\t\t<!-- All in One SEO 5.0.1.1 - aioseo.com -->\n\t<meta name=\"description\" content=\"OU\u00c7O, LEMBRO E SINTO Ateli\u00ea de escuta ativa e de express\u00e3o oral Agrupamento de Escolas Infante D. Henrique (Viseu) 17 de mar\u00e7o 2026, entre as 11h35 e as 13h20 A Binaural Nodar ir\u00e1 dirigir um ateli\u00ea sonoro e de express\u00e3o oral, em parceria com o Agrupamento de Escolas Infante D. Henrique de Viseu, integrado no\" \/>\n\t<meta name=\"robots\" content=\"max-image-preview:large\" \/>\n\t<meta name=\"author\" content=\"Nely Ferreira\"\/>\n\t<link rel=\"canonical\" href=\"https:\/\/www.binauralmedia.org\/news\/arquivo\/25126\" \/>\n\t<meta name=\"generator\" content=\"All in One SEO (AIOSEO) 5.0.1.1\" \/>\n\t\t<meta property=\"og:locale\" content=\"pt_PT\" \/>\n\t\t<meta property=\"og:site_name\" content=\"binauralmedia.org - Rural Based Sound\/Media Arts &amp; Social Research\" \/>\n\t\t<meta property=\"og:type\" content=\"article\" \/>\n\t\t<meta property=\"og:title\" content=\"Ateli\u00ea de escuta ativa e de express\u00e3o oral - binauralmedia.org\" \/>\n\t\t<meta property=\"og:description\" content=\"OU\u00c7O, LEMBRO E SINTO Ateli\u00ea de escuta ativa e de express\u00e3o oral Agrupamento de Escolas Infante D. Henrique (Viseu) 17 de mar\u00e7o 2026, entre as 11h35 e as 13h20 A Binaural Nodar ir\u00e1 dirigir um ateli\u00ea sonoro e de express\u00e3o oral, em parceria com o Agrupamento de Escolas Infante D. Henrique de Viseu, integrado no\" \/>\n\t\t<meta property=\"og:url\" content=\"https:\/\/www.binauralmedia.org\/news\/arquivo\/25126\" \/>\n\t\t<meta property=\"article:published_time\" content=\"2026-03-12T13:54:59+00:00\" \/>\n\t\t<meta property=\"article:modified_time\" content=\"2026-03-20T14:02:59+00:00\" \/>\n\t\t<meta name=\"twitter:card\" content=\"summary_large_image\" \/>\n\t\t<meta name=\"twitter:title\" content=\"Ateli\u00ea de escuta ativa e de express\u00e3o oral - binauralmedia.org\" \/>\n\t\t<meta name=\"twitter:description\" content=\"OU\u00c7O, LEMBRO E SINTO Ateli\u00ea de escuta ativa e de express\u00e3o oral Agrupamento de Escolas Infante D. Henrique (Viseu) 17 de mar\u00e7o 2026, entre as 11h35 e as 13h20 A Binaural Nodar ir\u00e1 dirigir um ateli\u00ea sonoro e de express\u00e3o oral, em parceria com o Agrupamento de Escolas Infante D. Henrique de Viseu, integrado no\" \/>\n\t\t<script type=\"application\/ld+json\" class=\"aioseo-schema\">\n\t\t\t{\"@context\":\"https:\\\/\\\/schema.org\",\"@graph\":[{\"@type\":\"BlogPosting\",\"@id\":\"https:\\\/\\\/www.binauralmedia.org\\\/news\\\/arquivo\\\/25126#blogposting\",\"name\":\"Ateli\\u00ea de escuta ativa e de express\\u00e3o oral - binauralmedia.org\",\"headline\":\"Ateli\\u00ea de escuta ativa e de express\\u00e3o oral\",\"author\":{\"@id\":\"https:\\\/\\\/www.binauralmedia.org\\\/news\\\/arquivo\\\/author\\\/nelyferreira#author\"},\"publisher\":{\"@id\":\"https:\\\/\\\/www.binauralmedia.org\\\/news\\\/#organization\"},\"image\":{\"@type\":\"ImageObject\",\"url\":\"https:\\\/\\\/www.binauralmedia.org\\\/news\\\/wp-content\\\/uploads\\\/Ouco-Lembro-e-Sinto-Viseu-1200x800-1.png\",\"width\":1200,\"height\":800},\"datePublished\":\"2026-03-12T13:54:59+00:00\",\"dateModified\":\"2026-03-20T14:02:59+00:00\",\"inLanguage\":\"pt-PT\",\"mainEntityOfPage\":{\"@id\":\"https:\\\/\\\/www.binauralmedia.org\\\/news\\\/arquivo\\\/25126#webpage\"},\"isPartOf\":{\"@id\":\"https:\\\/\\\/www.binauralmedia.org\\\/news\\\/arquivo\\\/25126#webpage\"},\"articleSection\":\"Not\\u00edcias, Programa Educativo, Optional\"},{\"@type\":\"BreadcrumbList\",\"@id\":\"https:\\\/\\\/www.binauralmedia.org\\\/news\\\/arquivo\\\/25126#breadcrumblist\",\"itemListElement\":[{\"@type\":\"ListItem\",\"@id\":\"https:\\\/\\\/www.binauralmedia.org\\\/news#listItem\",\"position\":1,\"name\":\"Home\",\"item\":\"https:\\\/\\\/www.binauralmedia.org\\\/news\",\"nextItem\":{\"@type\":\"ListItem\",\"@id\":\"https:\\\/\\\/www.binauralmedia.org\\\/news\\\/arquivo\\\/category\\\/news#listItem\",\"name\":\"Not\\u00edcias\"}},{\"@type\":\"ListItem\",\"@id\":\"https:\\\/\\\/www.binauralmedia.org\\\/news\\\/arquivo\\\/category\\\/news#listItem\",\"position\":2,\"name\":\"Not\\u00edcias\",\"item\":\"https:\\\/\\\/www.binauralmedia.org\\\/news\\\/arquivo\\\/category\\\/news\",\"nextItem\":{\"@type\":\"ListItem\",\"@id\":\"https:\\\/\\\/www.binauralmedia.org\\\/news\\\/arquivo\\\/25126#listItem\",\"name\":\"Ateli\\u00ea de escuta ativa e de express\\u00e3o oral\"},\"previousItem\":{\"@type\":\"ListItem\",\"@id\":\"https:\\\/\\\/www.binauralmedia.org\\\/news#listItem\",\"name\":\"Home\"}},{\"@type\":\"ListItem\",\"@id\":\"https:\\\/\\\/www.binauralmedia.org\\\/news\\\/arquivo\\\/25126#listItem\",\"position\":3,\"name\":\"Ateli\\u00ea de escuta ativa e de express\\u00e3o oral\",\"previousItem\":{\"@type\":\"ListItem\",\"@id\":\"https:\\\/\\\/www.binauralmedia.org\\\/news\\\/arquivo\\\/category\\\/news#listItem\",\"name\":\"Not\\u00edcias\"}}]},{\"@type\":\"Organization\",\"@id\":\"https:\\\/\\\/www.binauralmedia.org\\\/news\\\/#organization\",\"name\":\"binauralmedia.org\",\"description\":\"Rural Based Sound\\\/Media Arts & Social Research\",\"url\":\"https:\\\/\\\/www.binauralmedia.org\\\/news\\\/\"},{\"@type\":\"Person\",\"@id\":\"https:\\\/\\\/www.binauralmedia.org\\\/news\\\/arquivo\\\/author\\\/nelyferreira#author\",\"url\":\"https:\\\/\\\/www.binauralmedia.org\\\/news\\\/arquivo\\\/author\\\/nelyferreira\",\"name\":\"Nely Ferreira\"},{\"@type\":\"WebPage\",\"@id\":\"https:\\\/\\\/www.binauralmedia.org\\\/news\\\/arquivo\\\/25126#webpage\",\"url\":\"https:\\\/\\\/www.binauralmedia.org\\\/news\\\/arquivo\\\/25126\",\"name\":\"Ateli\\u00ea de escuta ativa e de express\\u00e3o oral - binauralmedia.org\",\"description\":\"OU\\u00c7O, LEMBRO E SINTO Ateli\\u00ea de escuta ativa e de express\\u00e3o oral Agrupamento de Escolas Infante D. Henrique (Viseu) 17 de mar\\u00e7o 2026, entre as 11h35 e as 13h20 A Binaural Nodar ir\\u00e1 dirigir um ateli\\u00ea sonoro e de express\\u00e3o oral, em parceria com o Agrupamento de Escolas Infante D. Henrique de Viseu, integrado no\",\"inLanguage\":\"pt-PT\",\"isPartOf\":{\"@id\":\"https:\\\/\\\/www.binauralmedia.org\\\/news\\\/#website\"},\"breadcrumb\":{\"@id\":\"https:\\\/\\\/www.binauralmedia.org\\\/news\\\/arquivo\\\/25126#breadcrumblist\"},\"author\":{\"@id\":\"https:\\\/\\\/www.binauralmedia.org\\\/news\\\/arquivo\\\/author\\\/nelyferreira#author\"},\"creator\":{\"@id\":\"https:\\\/\\\/www.binauralmedia.org\\\/news\\\/arquivo\\\/author\\\/nelyferreira#author\"},\"image\":{\"@type\":\"ImageObject\",\"url\":\"https:\\\/\\\/www.binauralmedia.org\\\/news\\\/wp-content\\\/uploads\\\/Ouco-Lembro-e-Sinto-Viseu-1200x800-1.png\",\"@id\":\"https:\\\/\\\/www.binauralmedia.org\\\/news\\\/arquivo\\\/25126\\\/#mainImage\",\"width\":1200,\"height\":800},\"primaryImageOfPage\":{\"@id\":\"https:\\\/\\\/www.binauralmedia.org\\\/news\\\/arquivo\\\/25126#mainImage\"},\"datePublished\":\"2026-03-12T13:54:59+00:00\",\"dateModified\":\"2026-03-20T14:02:59+00:00\"},{\"@type\":\"WebSite\",\"@id\":\"https:\\\/\\\/www.binauralmedia.org\\\/news\\\/#website\",\"url\":\"https:\\\/\\\/www.binauralmedia.org\\\/news\\\/\",\"name\":\"binauralmedia.org\",\"description\":\"Rural Based Sound\\\/Media Arts & Social Research\",\"inLanguage\":\"pt-PT\",\"publisher\":{\"@id\":\"https:\\\/\\\/www.binauralmedia.org\\\/news\\\/#organization\"}}]}\n\t\t<\/script>\n\t\t<!-- All in One SEO -->\n\n","aioseo_head_json":{"title":"Ateli\u00ea de escuta ativa e de express\u00e3o oral - binauralmedia.org","description":"OU\u00c7O, LEMBRO E SINTO Ateli\u00ea de escuta ativa e de express\u00e3o oral Agrupamento de Escolas Infante D. Henrique (Viseu) 17 de mar\u00e7o 2026, entre as 11h35 e as 13h20 A Binaural Nodar ir\u00e1 dirigir um ateli\u00ea sonoro e de express\u00e3o oral, em parceria com o Agrupamento de Escolas Infante D. Henrique de Viseu, integrado no","canonical_url":"https:\/\/www.binauralmedia.org\/news\/arquivo\/25126","robots":"max-image-preview:large","keywords":"","webmasterTools":{"miscellaneous":""},"schema":{"@context":"https:\/\/schema.org","@graph":[{"@type":"BlogPosting","@id":"https:\/\/www.binauralmedia.org\/news\/arquivo\/25126#blogposting","name":"Ateli\u00ea de escuta ativa e de express\u00e3o oral - binauralmedia.org","headline":"Ateli\u00ea de escuta ativa e de express\u00e3o oral","author":{"@id":"https:\/\/www.binauralmedia.org\/news\/arquivo\/author\/nelyferreira#author"},"publisher":{"@id":"https:\/\/www.binauralmedia.org\/news\/#organization"},"image":{"@type":"ImageObject","url":"https:\/\/www.binauralmedia.org\/news\/wp-content\/uploads\/Ouco-Lembro-e-Sinto-Viseu-1200x800-1.png","width":1200,"height":800},"datePublished":"2026-03-12T13:54:59+00:00","dateModified":"2026-03-20T14:02:59+00:00","inLanguage":"pt-PT","mainEntityOfPage":{"@id":"https:\/\/www.binauralmedia.org\/news\/arquivo\/25126#webpage"},"isPartOf":{"@id":"https:\/\/www.binauralmedia.org\/news\/arquivo\/25126#webpage"},"articleSection":"Not\u00edcias, Programa Educativo, Optional"},{"@type":"BreadcrumbList","@id":"https:\/\/www.binauralmedia.org\/news\/arquivo\/25126#breadcrumblist","itemListElement":[{"@type":"ListItem","@id":"https:\/\/www.binauralmedia.org\/news#listItem","position":1,"name":"Home","item":"https:\/\/www.binauralmedia.org\/news","nextItem":{"@type":"ListItem","@id":"https:\/\/www.binauralmedia.org\/news\/arquivo\/category\/news#listItem","name":"Not\u00edcias"}},{"@type":"ListItem","@id":"https:\/\/www.binauralmedia.org\/news\/arquivo\/category\/news#listItem","position":2,"name":"Not\u00edcias","item":"https:\/\/www.binauralmedia.org\/news\/arquivo\/category\/news","nextItem":{"@type":"ListItem","@id":"https:\/\/www.binauralmedia.org\/news\/arquivo\/25126#listItem","name":"Ateli\u00ea de escuta ativa e de express\u00e3o oral"},"previousItem":{"@type":"ListItem","@id":"https:\/\/www.binauralmedia.org\/news#listItem","name":"Home"}},{"@type":"ListItem","@id":"https:\/\/www.binauralmedia.org\/news\/arquivo\/25126#listItem","position":3,"name":"Ateli\u00ea de escuta ativa e de express\u00e3o oral","previousItem":{"@type":"ListItem","@id":"https:\/\/www.binauralmedia.org\/news\/arquivo\/category\/news#listItem","name":"Not\u00edcias"}}]},{"@type":"Organization","@id":"https:\/\/www.binauralmedia.org\/news\/#organization","name":"binauralmedia.org","description":"Rural Based Sound\/Media Arts & Social Research","url":"https:\/\/www.binauralmedia.org\/news\/"},{"@type":"Person","@id":"https:\/\/www.binauralmedia.org\/news\/arquivo\/author\/nelyferreira#author","url":"https:\/\/www.binauralmedia.org\/news\/arquivo\/author\/nelyferreira","name":"Nely Ferreira"},{"@type":"WebPage","@id":"https:\/\/www.binauralmedia.org\/news\/arquivo\/25126#webpage","url":"https:\/\/www.binauralmedia.org\/news\/arquivo\/25126","name":"Ateli\u00ea de escuta ativa e de express\u00e3o oral - binauralmedia.org","description":"OU\u00c7O, LEMBRO E SINTO Ateli\u00ea de escuta ativa e de express\u00e3o oral Agrupamento de Escolas Infante D. Henrique (Viseu) 17 de mar\u00e7o 2026, entre as 11h35 e as 13h20 A Binaural Nodar ir\u00e1 dirigir um ateli\u00ea sonoro e de express\u00e3o oral, em parceria com o Agrupamento de Escolas Infante D. Henrique de Viseu, integrado no","inLanguage":"pt-PT","isPartOf":{"@id":"https:\/\/www.binauralmedia.org\/news\/#website"},"breadcrumb":{"@id":"https:\/\/www.binauralmedia.org\/news\/arquivo\/25126#breadcrumblist"},"author":{"@id":"https:\/\/www.binauralmedia.org\/news\/arquivo\/author\/nelyferreira#author"},"creator":{"@id":"https:\/\/www.binauralmedia.org\/news\/arquivo\/author\/nelyferreira#author"},"image":{"@type":"ImageObject","url":"https:\/\/www.binauralmedia.org\/news\/wp-content\/uploads\/Ouco-Lembro-e-Sinto-Viseu-1200x800-1.png","@id":"https:\/\/www.binauralmedia.org\/news\/arquivo\/25126\/#mainImage","width":1200,"height":800},"primaryImageOfPage":{"@id":"https:\/\/www.binauralmedia.org\/news\/arquivo\/25126#mainImage"},"datePublished":"2026-03-12T13:54:59+00:00","dateModified":"2026-03-20T14:02:59+00:00"},{"@type":"WebSite","@id":"https:\/\/www.binauralmedia.org\/news\/#website","url":"https:\/\/www.binauralmedia.org\/news\/","name":"binauralmedia.org","description":"Rural Based Sound\/Media Arts & Social Research","inLanguage":"pt-PT","publisher":{"@id":"https:\/\/www.binauralmedia.org\/news\/#organization"}}]},"og:locale":"pt_PT","og:site_name":"binauralmedia.org - Rural Based Sound\/Media Arts &amp; Social Research","og:type":"article","og:title":"Ateli\u00ea de escuta ativa e de express\u00e3o oral - binauralmedia.org","og:description":"OU\u00c7O, LEMBRO E SINTO Ateli\u00ea de escuta ativa e de express\u00e3o oral Agrupamento de Escolas Infante D. Henrique (Viseu) 17 de mar\u00e7o 2026, entre as 11h35 e as 13h20 A Binaural Nodar ir\u00e1 dirigir um ateli\u00ea sonoro e de express\u00e3o oral, em parceria com o Agrupamento de Escolas Infante D. Henrique de Viseu, integrado no","og:url":"https:\/\/www.binauralmedia.org\/news\/arquivo\/25126","article:published_time":"2026-03-12T13:54:59+00:00","article:modified_time":"2026-03-20T14:02:59+00:00","twitter:card":"summary_large_image","twitter:title":"Ateli\u00ea de escuta ativa e de express\u00e3o oral - binauralmedia.org","twitter:description":"OU\u00c7O, LEMBRO E SINTO Ateli\u00ea de escuta ativa e de express\u00e3o oral Agrupamento de Escolas Infante D. Henrique (Viseu) 17 de mar\u00e7o 2026, entre as 11h35 e as 13h20 A Binaural Nodar ir\u00e1 dirigir um ateli\u00ea sonoro e de express\u00e3o oral, em parceria com o Agrupamento de Escolas Infante D. Henrique de Viseu, integrado no"},"aioseo_meta_data":{"post_id":"25126","title":null,"description":null,"keywords":null,"keyphrases":null,"primary_term":null,"canonical_url":null,"og_title":null,"og_description":null,"og_object_type":"default","og_image_type":"default","og_image_custom_url":null,"og_image_custom_fields":null,"og_image_url":null,"og_image_width":null,"og_image_height":null,"og_video":null,"og_custom_url":null,"og_article_section":null,"og_article_tags":null,"twitter_use_og":false,"twitter_card":"default","twitter_image_type":"default","twitter_image_custom_url":null,"twitter_image_custom_fields":null,"twitter_image_url":null,"twitter_title":null,"twitter_description":null,"schema_type":"default","schema_type_options":null,"schema":{"blockGraphs":[],"customGraphs":[],"default":{"data":{"Article":[],"Course":[],"Dataset":[],"FAQPage":[],"Movie":[],"Person":[],"Product":[],"ProductReview":[],"Car":[],"Recipe":[],"Service":[],"SoftwareApplication":[],"WebPage":[]},"graphName":"","isEnabled":true},"graphs":[]},"pillar_content":false,"robots_default":true,"robots_noindex":false,"robots_noarchive":false,"robots_nosnippet":false,"robots_nofollow":false,"robots_noimageindex":false,"robots_noodp":false,"robots_notranslate":false,"robots_max_snippet":null,"robots_max_videopreview":null,"robots_max_imagepreview":"large","priority":null,"frequency":null,"local_seo":null,"limit_modified_date":false,"ai":null,"breadcrumb_settings":null,"seo_analyzer_scan_date":null,"created":"2026-08-05 08:44:48","updated":"2026-08-05 08:44:48","focus_keyword":null,"additional_keywords":null,"truseo_locale":null},"aioseo_breadcrumb":"<div class=\"aioseo-breadcrumbs\"><span class=\"aioseo-breadcrumb\">\n\t\t\t<a href=\"https:\/\/www.binauralmedia.org\/news\" title=\"Home\">Home<\/a>\n\t\t<\/span><span class=\"aioseo-breadcrumb-separator\">&raquo;<\/span><span class=\"aioseo-breadcrumb\">\n\t\t\t<a href=\"https:\/\/www.binauralmedia.org\/news\/arquivo\/category\/news\" title=\"Not\u00edcias\">Not\u00edcias<\/a>\n\t\t<\/span><span class=\"aioseo-breadcrumb-separator\">&raquo;<\/span><span class=\"aioseo-breadcrumb\">\n\t\t\tAteli\u00ea de escuta ativa e de express\u00e3o oral\n\t\t<\/span><\/div>","aioseo_breadcrumb_json":[{"label":"Home","link":"https:\/\/www.binauralmedia.org\/news"},{"label":"Not\u00edcias","link":"https:\/\/www.binauralmedia.org\/news\/arquivo\/category\/news"},{"label":"Ateli\u00ea de escuta ativa e de express\u00e3o oral","link":"https:\/\/www.binauralmedia.org\/news\/arquivo\/25126"}],"_links":{"self":[{"href":"https:\/\/www.binauralmedia.org\/news\/wp-json\/wp\/v2\/posts\/25126","targetHints":{"allow":["GET"]}}],"collection":[{"href":"https:\/\/www.binauralmedia.org\/news\/wp-json\/wp\/v2\/posts"}],"about":[{"href":"https:\/\/www.binauralmedia.org\/news\/wp-json\/wp\/v2\/types\/post"}],"author":[{"embeddable":true,"href":"https:\/\/www.binauralmedia.org\/news\/wp-json\/wp\/v2\/users\/8"}],"replies":[{"embeddable":true,"href":"https:\/\/www.binauralmedia.org\/news\/wp-json\/wp\/v2\/comments?post=25126"}],"version-history":[{"count":2,"href":"https:\/\/www.binauralmedia.org\/news\/wp-json\/wp\/v2\/posts\/25126\/revisions"}],"predecessor-version":[{"id":25129,"href":"https:\/\/www.binauralmedia.org\/news\/wp-json\/wp\/v2\/posts\/25126\/revisions\/25129"}],"wp:featuredmedia":[{"embeddable":true,"href":"https:\/\/www.binauralmedia.org\/news\/wp-json\/wp\/v2\/media\/25128"}],"wp:attachment":[{"href":"https:\/\/www.binauralmedia.org\/news\/wp-json\/wp\/v2\/media?parent=25126"}],"wp:term":[{"taxonomy":"category","embeddable":true,"href":"https:\/\/www.binauralmedia.org\/news\/wp-json\/wp\/v2\/categories?post=25126"},{"taxonomy":"post_tag","embeddable":true,"href":"https:\/\/www.binauralmedia.org\/news\/wp-json\/wp\/v2\/tags?post=25126"}],"curies":[{"name":"wp","href":"https:\/\/api.w.org\/{rel}","templated":true}]}}