{"id":24779,"date":"2026-01-02T22:17:02","date_gmt":"2026-01-02T22:17:02","guid":{"rendered":"https:\/\/www.binauralmedia.org\/news?p=24779"},"modified":"2026-01-18T22:35:14","modified_gmt":"2026-01-18T22:35:14","slug":"o-tempo-das-coisas-tertulia-comunitaria","status":"publish","type":"post","link":"https:\/\/www.binauralmedia.org\/news\/arquivo\/24779","title":{"rendered":"O tempo das coisas: Tert\u00falia comunit\u00e1ria"},"content":{"rendered":"<p>O TEMPO DAS COISAS<br \/>\nTert\u00falia Comunit\u00e1ria<\/p>\n<p>Convite \u00e0 Participa\u00e7\u00e3o.<\/p>\n<p>Ter\u00e7a-feira, 6 de janeiro, 15h00<br \/>\nMuseu do Linho de V\u00e1rzea de Calde (Calde, Viseu)<\/p>\n<p>Todas as pessoas vivem rodeadas por objetos que carregam mais do que a sua mat\u00e9ria f\u00edsica \u2014 trazem consigo hist\u00f3rias, mem\u00f3rias e afetos que cruzam gera\u00e7\u00f5es e, muitas vezes, atravessam territ\u00f3rios. <\/p>\n<p>No contexto do desenvolvimento da terceira edi\u00e7\u00e3o do projeto \u201cO Tempo das Coisas\u201d, a qual decorre desde outubro passado nas aldeias da Freguesia de Calde, ser\u00e1 realizada no Dia de Reis, 6 de janeiro pelas 15h00, uma tert\u00falia comunit\u00e1ria, na qual habitantes locais e o p\u00fablico participante poder\u00e3o trazer objetos com valor afetivo para partilhar a respetiva hist\u00f3ria.<\/p>\n<p>O projeto \u201cO Tempo das Coisas\u201d consiste numa recolha de mem\u00f3rias de objetos pessoais, sejam os que foram custodiados desde os antepassados que viveram um contexto de ruralidade autossuficiente, das alfaias, aos dos of\u00edcios tradicionais e aos objetos da vida familiar, mas tamb\u00e9m \u00e0queles que testemunham as mudan\u00e7as sociais que as comunidades rurais viveram nas \u00faltimas d\u00e9cadas, sobretudo a experi\u00eancia da emigra\u00e7\u00e3o.<\/p>\n<p>A terceira edi\u00e7\u00e3o do projeto \u201cO Tempo das Coisas\u201d \u00e9 realizada em colabora\u00e7\u00e3o com o Munic\u00edpio de Viseu, atrav\u00e9s do Museu do Linho de V\u00e1rzea de Calde e com a Junta de Freguesia de Calde, fazendo ainda parte do projeto Europa Criativa Rede Tramontana e propondo como resultado uma exposi\u00e7\u00e3o fotogr\u00e1fica e sonora, a ser inaugurada no primeiro trimestre de 2026.<\/p>\n<p>A Binaural Nodar \u00e9 uma entidade cultural apoiada pela Rep\u00fablica Portuguesa \u2013 Cultura, Juventude e Desporto | Dire\u00e7\u00e3o-Geral das Artes.<\/p>\n","protected":false},"excerpt":{"rendered":"<p>O TEMPO DAS COISAS Tert\u00falia Comunit\u00e1ria Convite \u00e0 Participa\u00e7\u00e3o. Ter\u00e7a-feira,  [&#8230;]<\/p>\n","protected":false},"author":8,"featured_media":24782,"comment_status":"closed","ping_status":"closed","sticky":false,"template":"","format":"standard","meta":{"_acf_changed":false,"_bbp_topic_count":0,"_bbp_reply_count":0,"_bbp_total_topic_count":0,"_bbp_total_reply_count":0,"_bbp_voice_count":0,"_bbp_anonymous_reply_count":0,"_bbp_topic_count_hidden":0,"_bbp_reply_count_hidden":0,"_bbp_forum_subforum_count":0,"footnotes":""},"categories":[1158,1],"tags":[],"class_list":["post-24779","post","type-post","status-publish","format-standard","has-post-thumbnail","hentry","category-visual-sound-ethnograhpy","category-news"],"acf":[],"aioseo_notices":[],"aioseo_head":"\n\t\t<!-- All in One SEO 5.0.1.1 - aioseo.com -->\n\t<meta name=\"description\" content=\"O TEMPO DAS COISAS Tert\u00falia Comunit\u00e1ria Convite \u00e0 Participa\u00e7\u00e3o. Ter\u00e7a-feira, 6 de janeiro, 15h00 Museu do Linho de V\u00e1rzea de Calde (Calde, Viseu) Todas as pessoas vivem rodeadas por objetos que carregam mais do que a sua mat\u00e9ria f\u00edsica \u2014 trazem consigo hist\u00f3rias, mem\u00f3rias e afetos que cruzam gera\u00e7\u00f5es e, muitas vezes, atravessam territ\u00f3rios. No\" \/>\n\t<meta name=\"robots\" content=\"max-image-preview:large\" \/>\n\t<meta name=\"author\" content=\"Nely Ferreira\"\/>\n\t<link rel=\"canonical\" href=\"https:\/\/www.binauralmedia.org\/news\/arquivo\/24779\" \/>\n\t<meta name=\"generator\" content=\"All in One SEO (AIOSEO) 5.0.1.1\" \/>\n\t\t<meta property=\"og:locale\" content=\"pt_PT\" \/>\n\t\t<meta property=\"og:site_name\" content=\"binauralmedia.org - Rural Based Sound\/Media Arts &amp; Social Research\" \/>\n\t\t<meta property=\"og:type\" content=\"article\" \/>\n\t\t<meta property=\"og:title\" content=\"O tempo das coisas: Tert\u00falia comunit\u00e1ria - binauralmedia.org\" \/>\n\t\t<meta property=\"og:description\" content=\"O TEMPO DAS COISAS Tert\u00falia Comunit\u00e1ria Convite \u00e0 Participa\u00e7\u00e3o. Ter\u00e7a-feira, 6 de janeiro, 15h00 Museu do Linho de V\u00e1rzea de Calde (Calde, Viseu) Todas as pessoas vivem rodeadas por objetos que carregam mais do que a sua mat\u00e9ria f\u00edsica \u2014 trazem consigo hist\u00f3rias, mem\u00f3rias e afetos que cruzam gera\u00e7\u00f5es e, muitas vezes, atravessam territ\u00f3rios. No\" \/>\n\t\t<meta property=\"og:url\" content=\"https:\/\/www.binauralmedia.org\/news\/arquivo\/24779\" \/>\n\t\t<meta property=\"article:published_time\" content=\"2026-01-02T22:17:02+00:00\" \/>\n\t\t<meta property=\"article:modified_time\" content=\"2026-01-18T22:35:14+00:00\" \/>\n\t\t<meta name=\"twitter:card\" content=\"summary_large_image\" \/>\n\t\t<meta name=\"twitter:title\" content=\"O tempo das coisas: Tert\u00falia comunit\u00e1ria - binauralmedia.org\" \/>\n\t\t<meta name=\"twitter:description\" content=\"O TEMPO DAS COISAS Tert\u00falia Comunit\u00e1ria Convite \u00e0 Participa\u00e7\u00e3o. Ter\u00e7a-feira, 6 de janeiro, 15h00 Museu do Linho de V\u00e1rzea de Calde (Calde, Viseu) Todas as pessoas vivem rodeadas por objetos que carregam mais do que a sua mat\u00e9ria f\u00edsica \u2014 trazem consigo hist\u00f3rias, mem\u00f3rias e afetos que cruzam gera\u00e7\u00f5es e, muitas vezes, atravessam territ\u00f3rios. No\" \/>\n\t\t<script type=\"application\/ld+json\" class=\"aioseo-schema\">\n\t\t\t{\"@context\":\"https:\\\/\\\/schema.org\",\"@graph\":[{\"@type\":\"BlogPosting\",\"@id\":\"https:\\\/\\\/www.binauralmedia.org\\\/news\\\/arquivo\\\/24779#blogposting\",\"name\":\"O tempo das coisas: Tert\\u00falia comunit\\u00e1ria - binauralmedia.org\",\"headline\":\"O tempo das coisas: Tert\\u00falia comunit\\u00e1ria\",\"author\":{\"@id\":\"https:\\\/\\\/www.binauralmedia.org\\\/news\\\/arquivo\\\/author\\\/nelyferreira#author\"},\"publisher\":{\"@id\":\"https:\\\/\\\/www.binauralmedia.org\\\/news\\\/#organization\"},\"image\":{\"@type\":\"ImageObject\",\"url\":\"https:\\\/\\\/www.binauralmedia.org\\\/news\\\/wp-content\\\/uploads\\\/The-Time-of-Things-Community-Gathering.jpg\",\"width\":1200,\"height\":800},\"datePublished\":\"2026-01-02T22:17:02+00:00\",\"dateModified\":\"2026-01-18T22:35:14+00:00\",\"inLanguage\":\"pt-PT\",\"mainEntityOfPage\":{\"@id\":\"https:\\\/\\\/www.binauralmedia.org\\\/news\\\/arquivo\\\/24779#webpage\"},\"isPartOf\":{\"@id\":\"https:\\\/\\\/www.binauralmedia.org\\\/news\\\/arquivo\\\/24779#webpage\"},\"articleSection\":\"Etnografia Sonora e Visual, Not\\u00edcias, Optional\"},{\"@type\":\"BreadcrumbList\",\"@id\":\"https:\\\/\\\/www.binauralmedia.org\\\/news\\\/arquivo\\\/24779#breadcrumblist\",\"itemListElement\":[{\"@type\":\"ListItem\",\"@id\":\"https:\\\/\\\/www.binauralmedia.org\\\/news#listItem\",\"position\":1,\"name\":\"Home\",\"item\":\"https:\\\/\\\/www.binauralmedia.org\\\/news\",\"nextItem\":{\"@type\":\"ListItem\",\"@id\":\"https:\\\/\\\/www.binauralmedia.org\\\/news\\\/arquivo\\\/category\\\/news#listItem\",\"name\":\"Not\\u00edcias\"}},{\"@type\":\"ListItem\",\"@id\":\"https:\\\/\\\/www.binauralmedia.org\\\/news\\\/arquivo\\\/category\\\/news#listItem\",\"position\":2,\"name\":\"Not\\u00edcias\",\"item\":\"https:\\\/\\\/www.binauralmedia.org\\\/news\\\/arquivo\\\/category\\\/news\",\"nextItem\":{\"@type\":\"ListItem\",\"@id\":\"https:\\\/\\\/www.binauralmedia.org\\\/news\\\/arquivo\\\/24779#listItem\",\"name\":\"O tempo das coisas: Tert\\u00falia comunit\\u00e1ria\"},\"previousItem\":{\"@type\":\"ListItem\",\"@id\":\"https:\\\/\\\/www.binauralmedia.org\\\/news#listItem\",\"name\":\"Home\"}},{\"@type\":\"ListItem\",\"@id\":\"https:\\\/\\\/www.binauralmedia.org\\\/news\\\/arquivo\\\/24779#listItem\",\"position\":3,\"name\":\"O tempo das coisas: Tert\\u00falia comunit\\u00e1ria\",\"previousItem\":{\"@type\":\"ListItem\",\"@id\":\"https:\\\/\\\/www.binauralmedia.org\\\/news\\\/arquivo\\\/category\\\/news#listItem\",\"name\":\"Not\\u00edcias\"}}]},{\"@type\":\"Organization\",\"@id\":\"https:\\\/\\\/www.binauralmedia.org\\\/news\\\/#organization\",\"name\":\"binauralmedia.org\",\"description\":\"Rural Based Sound\\\/Media Arts & Social Research\",\"url\":\"https:\\\/\\\/www.binauralmedia.org\\\/news\\\/\"},{\"@type\":\"Person\",\"@id\":\"https:\\\/\\\/www.binauralmedia.org\\\/news\\\/arquivo\\\/author\\\/nelyferreira#author\",\"url\":\"https:\\\/\\\/www.binauralmedia.org\\\/news\\\/arquivo\\\/author\\\/nelyferreira\",\"name\":\"Nely Ferreira\"},{\"@type\":\"WebPage\",\"@id\":\"https:\\\/\\\/www.binauralmedia.org\\\/news\\\/arquivo\\\/24779#webpage\",\"url\":\"https:\\\/\\\/www.binauralmedia.org\\\/news\\\/arquivo\\\/24779\",\"name\":\"O tempo das coisas: Tert\\u00falia comunit\\u00e1ria - binauralmedia.org\",\"description\":\"O TEMPO DAS COISAS Tert\\u00falia Comunit\\u00e1ria Convite \\u00e0 Participa\\u00e7\\u00e3o. Ter\\u00e7a-feira, 6 de janeiro, 15h00 Museu do Linho de V\\u00e1rzea de Calde (Calde, Viseu) Todas as pessoas vivem rodeadas por objetos que carregam mais do que a sua mat\\u00e9ria f\\u00edsica \\u2014 trazem consigo hist\\u00f3rias, mem\\u00f3rias e afetos que cruzam gera\\u00e7\\u00f5es e, muitas vezes, atravessam territ\\u00f3rios. No\",\"inLanguage\":\"pt-PT\",\"isPartOf\":{\"@id\":\"https:\\\/\\\/www.binauralmedia.org\\\/news\\\/#website\"},\"breadcrumb\":{\"@id\":\"https:\\\/\\\/www.binauralmedia.org\\\/news\\\/arquivo\\\/24779#breadcrumblist\"},\"author\":{\"@id\":\"https:\\\/\\\/www.binauralmedia.org\\\/news\\\/arquivo\\\/author\\\/nelyferreira#author\"},\"creator\":{\"@id\":\"https:\\\/\\\/www.binauralmedia.org\\\/news\\\/arquivo\\\/author\\\/nelyferreira#author\"},\"image\":{\"@type\":\"ImageObject\",\"url\":\"https:\\\/\\\/www.binauralmedia.org\\\/news\\\/wp-content\\\/uploads\\\/The-Time-of-Things-Community-Gathering.jpg\",\"@id\":\"https:\\\/\\\/www.binauralmedia.org\\\/news\\\/arquivo\\\/24779\\\/#mainImage\",\"width\":1200,\"height\":800},\"primaryImageOfPage\":{\"@id\":\"https:\\\/\\\/www.binauralmedia.org\\\/news\\\/arquivo\\\/24779#mainImage\"},\"datePublished\":\"2026-01-02T22:17:02+00:00\",\"dateModified\":\"2026-01-18T22:35:14+00:00\"},{\"@type\":\"WebSite\",\"@id\":\"https:\\\/\\\/www.binauralmedia.org\\\/news\\\/#website\",\"url\":\"https:\\\/\\\/www.binauralmedia.org\\\/news\\\/\",\"name\":\"binauralmedia.org\",\"description\":\"Rural Based Sound\\\/Media Arts & Social Research\",\"inLanguage\":\"pt-PT\",\"publisher\":{\"@id\":\"https:\\\/\\\/www.binauralmedia.org\\\/news\\\/#organization\"}}]}\n\t\t<\/script>\n\t\t<!-- All in One SEO -->\n\n","aioseo_head_json":{"title":"O tempo das coisas: Tert\u00falia comunit\u00e1ria - binauralmedia.org","description":"O TEMPO DAS COISAS Tert\u00falia Comunit\u00e1ria Convite \u00e0 Participa\u00e7\u00e3o. Ter\u00e7a-feira, 6 de janeiro, 15h00 Museu do Linho de V\u00e1rzea de Calde (Calde, Viseu) Todas as pessoas vivem rodeadas por objetos que carregam mais do que a sua mat\u00e9ria f\u00edsica \u2014 trazem consigo hist\u00f3rias, mem\u00f3rias e afetos que cruzam gera\u00e7\u00f5es e, muitas vezes, atravessam territ\u00f3rios. No","canonical_url":"https:\/\/www.binauralmedia.org\/news\/arquivo\/24779","robots":"max-image-preview:large","keywords":"","webmasterTools":{"miscellaneous":""},"schema":{"@context":"https:\/\/schema.org","@graph":[{"@type":"BlogPosting","@id":"https:\/\/www.binauralmedia.org\/news\/arquivo\/24779#blogposting","name":"O tempo das coisas: Tert\u00falia comunit\u00e1ria - binauralmedia.org","headline":"O tempo das coisas: Tert\u00falia comunit\u00e1ria","author":{"@id":"https:\/\/www.binauralmedia.org\/news\/arquivo\/author\/nelyferreira#author"},"publisher":{"@id":"https:\/\/www.binauralmedia.org\/news\/#organization"},"image":{"@type":"ImageObject","url":"https:\/\/www.binauralmedia.org\/news\/wp-content\/uploads\/The-Time-of-Things-Community-Gathering.jpg","width":1200,"height":800},"datePublished":"2026-01-02T22:17:02+00:00","dateModified":"2026-01-18T22:35:14+00:00","inLanguage":"pt-PT","mainEntityOfPage":{"@id":"https:\/\/www.binauralmedia.org\/news\/arquivo\/24779#webpage"},"isPartOf":{"@id":"https:\/\/www.binauralmedia.org\/news\/arquivo\/24779#webpage"},"articleSection":"Etnografia Sonora e Visual, Not\u00edcias, Optional"},{"@type":"BreadcrumbList","@id":"https:\/\/www.binauralmedia.org\/news\/arquivo\/24779#breadcrumblist","itemListElement":[{"@type":"ListItem","@id":"https:\/\/www.binauralmedia.org\/news#listItem","position":1,"name":"Home","item":"https:\/\/www.binauralmedia.org\/news","nextItem":{"@type":"ListItem","@id":"https:\/\/www.binauralmedia.org\/news\/arquivo\/category\/news#listItem","name":"Not\u00edcias"}},{"@type":"ListItem","@id":"https:\/\/www.binauralmedia.org\/news\/arquivo\/category\/news#listItem","position":2,"name":"Not\u00edcias","item":"https:\/\/www.binauralmedia.org\/news\/arquivo\/category\/news","nextItem":{"@type":"ListItem","@id":"https:\/\/www.binauralmedia.org\/news\/arquivo\/24779#listItem","name":"O tempo das coisas: Tert\u00falia comunit\u00e1ria"},"previousItem":{"@type":"ListItem","@id":"https:\/\/www.binauralmedia.org\/news#listItem","name":"Home"}},{"@type":"ListItem","@id":"https:\/\/www.binauralmedia.org\/news\/arquivo\/24779#listItem","position":3,"name":"O tempo das coisas: Tert\u00falia comunit\u00e1ria","previousItem":{"@type":"ListItem","@id":"https:\/\/www.binauralmedia.org\/news\/arquivo\/category\/news#listItem","name":"Not\u00edcias"}}]},{"@type":"Organization","@id":"https:\/\/www.binauralmedia.org\/news\/#organization","name":"binauralmedia.org","description":"Rural Based Sound\/Media Arts & Social Research","url":"https:\/\/www.binauralmedia.org\/news\/"},{"@type":"Person","@id":"https:\/\/www.binauralmedia.org\/news\/arquivo\/author\/nelyferreira#author","url":"https:\/\/www.binauralmedia.org\/news\/arquivo\/author\/nelyferreira","name":"Nely Ferreira"},{"@type":"WebPage","@id":"https:\/\/www.binauralmedia.org\/news\/arquivo\/24779#webpage","url":"https:\/\/www.binauralmedia.org\/news\/arquivo\/24779","name":"O tempo das coisas: Tert\u00falia comunit\u00e1ria - binauralmedia.org","description":"O TEMPO DAS COISAS Tert\u00falia Comunit\u00e1ria Convite \u00e0 Participa\u00e7\u00e3o. Ter\u00e7a-feira, 6 de janeiro, 15h00 Museu do Linho de V\u00e1rzea de Calde (Calde, Viseu) Todas as pessoas vivem rodeadas por objetos que carregam mais do que a sua mat\u00e9ria f\u00edsica \u2014 trazem consigo hist\u00f3rias, mem\u00f3rias e afetos que cruzam gera\u00e7\u00f5es e, muitas vezes, atravessam territ\u00f3rios. No","inLanguage":"pt-PT","isPartOf":{"@id":"https:\/\/www.binauralmedia.org\/news\/#website"},"breadcrumb":{"@id":"https:\/\/www.binauralmedia.org\/news\/arquivo\/24779#breadcrumblist"},"author":{"@id":"https:\/\/www.binauralmedia.org\/news\/arquivo\/author\/nelyferreira#author"},"creator":{"@id":"https:\/\/www.binauralmedia.org\/news\/arquivo\/author\/nelyferreira#author"},"image":{"@type":"ImageObject","url":"https:\/\/www.binauralmedia.org\/news\/wp-content\/uploads\/The-Time-of-Things-Community-Gathering.jpg","@id":"https:\/\/www.binauralmedia.org\/news\/arquivo\/24779\/#mainImage","width":1200,"height":800},"primaryImageOfPage":{"@id":"https:\/\/www.binauralmedia.org\/news\/arquivo\/24779#mainImage"},"datePublished":"2026-01-02T22:17:02+00:00","dateModified":"2026-01-18T22:35:14+00:00"},{"@type":"WebSite","@id":"https:\/\/www.binauralmedia.org\/news\/#website","url":"https:\/\/www.binauralmedia.org\/news\/","name":"binauralmedia.org","description":"Rural Based Sound\/Media Arts & Social Research","inLanguage":"pt-PT","publisher":{"@id":"https:\/\/www.binauralmedia.org\/news\/#organization"}}]},"og:locale":"pt_PT","og:site_name":"binauralmedia.org - Rural Based Sound\/Media Arts &amp; Social Research","og:type":"article","og:title":"O tempo das coisas: Tert\u00falia comunit\u00e1ria - binauralmedia.org","og:description":"O TEMPO DAS COISAS Tert\u00falia Comunit\u00e1ria Convite \u00e0 Participa\u00e7\u00e3o. Ter\u00e7a-feira, 6 de janeiro, 15h00 Museu do Linho de V\u00e1rzea de Calde (Calde, Viseu) Todas as pessoas vivem rodeadas por objetos que carregam mais do que a sua mat\u00e9ria f\u00edsica \u2014 trazem consigo hist\u00f3rias, mem\u00f3rias e afetos que cruzam gera\u00e7\u00f5es e, muitas vezes, atravessam territ\u00f3rios. No","og:url":"https:\/\/www.binauralmedia.org\/news\/arquivo\/24779","article:published_time":"2026-01-02T22:17:02+00:00","article:modified_time":"2026-01-18T22:35:14+00:00","twitter:card":"summary_large_image","twitter:title":"O tempo das coisas: Tert\u00falia comunit\u00e1ria - binauralmedia.org","twitter:description":"O TEMPO DAS COISAS Tert\u00falia Comunit\u00e1ria Convite \u00e0 Participa\u00e7\u00e3o. Ter\u00e7a-feira, 6 de janeiro, 15h00 Museu do Linho de V\u00e1rzea de Calde (Calde, Viseu) Todas as pessoas vivem rodeadas por objetos que carregam mais do que a sua mat\u00e9ria f\u00edsica \u2014 trazem consigo hist\u00f3rias, mem\u00f3rias e afetos que cruzam gera\u00e7\u00f5es e, muitas vezes, atravessam territ\u00f3rios. No"},"aioseo_meta_data":{"post_id":"24779","title":null,"description":null,"keywords":null,"keyphrases":null,"primary_term":null,"canonical_url":null,"og_title":null,"og_description":null,"og_object_type":"default","og_image_type":"default","og_image_custom_url":null,"og_image_custom_fields":null,"og_image_url":null,"og_image_width":null,"og_image_height":null,"og_video":null,"og_custom_url":null,"og_article_section":null,"og_article_tags":null,"twitter_use_og":false,"twitter_card":"default","twitter_image_type":"default","twitter_image_custom_url":null,"twitter_image_custom_fields":null,"twitter_image_url":null,"twitter_title":null,"twitter_description":null,"schema_type":"default","schema_type_options":null,"schema":{"blockGraphs":[],"customGraphs":[],"default":{"data":{"Article":[],"Course":[],"Dataset":[],"FAQPage":[],"Movie":[],"Person":[],"Product":[],"ProductReview":[],"Car":[],"Recipe":[],"Service":[],"SoftwareApplication":[],"WebPage":[]},"graphName":"","isEnabled":true},"graphs":[]},"pillar_content":false,"robots_default":true,"robots_noindex":false,"robots_noarchive":false,"robots_nosnippet":false,"robots_nofollow":false,"robots_noimageindex":false,"robots_noodp":false,"robots_notranslate":false,"robots_max_snippet":null,"robots_max_videopreview":null,"robots_max_imagepreview":"large","priority":null,"frequency":null,"local_seo":null,"limit_modified_date":false,"ai":null,"breadcrumb_settings":null,"seo_analyzer_scan_date":null,"created":"2026-08-05 08:31:17","updated":"2026-08-05 08:31:17","focus_keyword":null,"additional_keywords":null,"truseo_locale":null},"aioseo_breadcrumb":"<div class=\"aioseo-breadcrumbs\"><span class=\"aioseo-breadcrumb\">\n\t\t\t<a href=\"https:\/\/www.binauralmedia.org\/news\" title=\"Home\">Home<\/a>\n\t\t<\/span><span class=\"aioseo-breadcrumb-separator\">&raquo;<\/span><span class=\"aioseo-breadcrumb\">\n\t\t\t<a href=\"https:\/\/www.binauralmedia.org\/news\/arquivo\/category\/news\" title=\"Not\u00edcias\">Not\u00edcias<\/a>\n\t\t<\/span><span class=\"aioseo-breadcrumb-separator\">&raquo;<\/span><span class=\"aioseo-breadcrumb\">\n\t\t\tO tempo das coisas: Tert\u00falia comunit\u00e1ria\n\t\t<\/span><\/div>","aioseo_breadcrumb_json":[{"label":"Home","link":"https:\/\/www.binauralmedia.org\/news"},{"label":"Not\u00edcias","link":"https:\/\/www.binauralmedia.org\/news\/arquivo\/category\/news"},{"label":"O tempo das coisas: Tert\u00falia comunit\u00e1ria","link":"https:\/\/www.binauralmedia.org\/news\/arquivo\/24779"}],"_links":{"self":[{"href":"https:\/\/www.binauralmedia.org\/news\/wp-json\/wp\/v2\/posts\/24779","targetHints":{"allow":["GET"]}}],"collection":[{"href":"https:\/\/www.binauralmedia.org\/news\/wp-json\/wp\/v2\/posts"}],"about":[{"href":"https:\/\/www.binauralmedia.org\/news\/wp-json\/wp\/v2\/types\/post"}],"author":[{"embeddable":true,"href":"https:\/\/www.binauralmedia.org\/news\/wp-json\/wp\/v2\/users\/8"}],"replies":[{"embeddable":true,"href":"https:\/\/www.binauralmedia.org\/news\/wp-json\/wp\/v2\/comments?post=24779"}],"version-history":[{"count":2,"href":"https:\/\/www.binauralmedia.org\/news\/wp-json\/wp\/v2\/posts\/24779\/revisions"}],"predecessor-version":[{"id":24784,"href":"https:\/\/www.binauralmedia.org\/news\/wp-json\/wp\/v2\/posts\/24779\/revisions\/24784"}],"wp:featuredmedia":[{"embeddable":true,"href":"https:\/\/www.binauralmedia.org\/news\/wp-json\/wp\/v2\/media\/24782"}],"wp:attachment":[{"href":"https:\/\/www.binauralmedia.org\/news\/wp-json\/wp\/v2\/media?parent=24779"}],"wp:term":[{"taxonomy":"category","embeddable":true,"href":"https:\/\/www.binauralmedia.org\/news\/wp-json\/wp\/v2\/categories?post=24779"},{"taxonomy":"post_tag","embeddable":true,"href":"https:\/\/www.binauralmedia.org\/news\/wp-json\/wp\/v2\/tags?post=24779"}],"curies":[{"name":"wp","href":"https:\/\/api.w.org\/{rel}","templated":true}]}}