{"id":24670,"date":"2025-12-12T11:46:09","date_gmt":"2025-12-12T11:46:09","guid":{"rendered":"https:\/\/www.binauralmedia.org\/news?p=24670"},"modified":"2025-12-16T11:50:18","modified_gmt":"2025-12-16T11:50:18","slug":"convocatoria-para-residencias-artisticas","status":"publish","type":"post","link":"https:\/\/www.binauralmedia.org\/news\/arquivo\/24670","title":{"rendered":"Convocat\u00f3ria para resid\u00eancias art\u00edsticas"},"content":{"rendered":"<p>CONVOCAT\u00d3RIA PARA RESID\u00caNCIAS ART\u00cdSTICAS<br \/>\nArquivos digitais de regi\u00f5es de montanha europeias<br \/>\n<a href=\"http:\/\/www.re-tramontana.org\" target=\"_blank\">www.re-tramontana.org<\/a><\/p>\n<p>Convocat\u00f3ria \u00e0 apresenta\u00e7\u00e3o de projetos art\u00edsticos<br \/>\nde 12 de dezembro de 2025 a 31 de mar\u00e7o de 2026<\/p>\n<p>A rede Tramontana foi criada em 2011 com o objetivo de documentar e promover aspetos do patrim\u00f3nio cultural imaterial das sociedades rurais das montanhas europeias. A rede, que tem como chefe-de-fila a Binaural Nodar, conta atualmente com onze parceiros que trabalham em contextos de montanha de Fran\u00e7a, It\u00e1lia, Espanha, Portugal, Rom\u00e9nia, Pol\u00f3nia e Alb\u00e2nia. <\/p>\n<p>At\u00e9 outubro de 2027, a Rede Tramontana est\u00e1 a realizar um projeto Europa Criativa que inclui atividades de investiga\u00e7\u00e3o de campo, de cataloga\u00e7\u00e3o e arquivo digital, de educa\u00e7\u00e3o cultural e cient\u00edfica, de cria\u00e7\u00e3o r\u00e1dio, sonora e audiovisual, de acolhimento de resid\u00eancias art\u00edsticas, de organiza\u00e7\u00e3o de eventos comunit\u00e1rios e festivais, entre outros.<\/p>\n<p>Uma das caracter\u00edsticas distintivas da rede \u00e9 a gest\u00e3o de arquivos digitais sonoros e audiovisuais, relacionados com regi\u00f5es rurais e montanhosas, que totalizam quase 10 000 documentos que refletem a riqueza cultural, social e ambiental desses territ\u00f3rios.<\/p>\n<p>Tendo em conta este contexto, est\u00e1 aberto uma convocat\u00f3ria para propostas art\u00edsticas a desenvolver online a partir de uma reflex\u00e3o sobre documentos sonoros e\/ou audiovisuais inclu\u00eddos em quatro arquivos da Rede Tramontana:<\/p>\n<p>&#8211; Oralitat de Gasconha (Piren\u00e9us, Fran\u00e7a)<br \/>\n&#8211; Soinumapa (Pa\u00eds Basco, Espanha)<br \/>\n&#8211; Arquivo Digital Binaural Nodar (Portugal)<br \/>\n&#8211; Archivio Gran Sasso e Monti della Laga (Abruzzo, It\u00e1lia)<\/p>\n<p>Os projetos art\u00edsticos podem utilizar qualquer t\u00e9cnica criativa (som, v\u00eddeo, performance, texto\/voz ficcional, multim\u00e9dia, etc.), devem estar relacionados com um ou v\u00e1rios dos arquivos e tamb\u00e9m refletir e\/ou expressar um ou mais dos seguintes temas:<\/p>\n<p>&#8211; Agropastoralismo e transum\u00e2ncia.<br \/>\n&#8211; Culturas da \u00e1gua (rios, nascentes, fontes, moinhos de \u00e1gua, sistemas de irriga\u00e7\u00e3o, mitos e simbolismos ligados \u00e0 \u00e1gua, etc.).<br \/>\n&#8211; Mobilidade social e cultural nas zonas montanhosas.<br \/>\n&#8211; Paisagens agr\u00edcolas\/montanhosas e produ\u00e7\u00e3o alimentar<\/p>\n<p>A convocat\u00f3ria est\u00e1 aberta a artistas residentes na Europa e os artistas residentes selecionados beneficiar\u00e3o da ajuda, media\u00e7\u00e3o e disponibilidade para a sua investiga\u00e7\u00e3o por parte da equipa de artistas, investigadores e arquivistas da Rede Tramontana.<\/p>\n<p>Cada artista selecionado receber\u00e1 um montante bruto de 500 euros para desenvolver o seu projeto e as pe\u00e7as finais ser\u00e3o apresentadas em contextos p\u00fablicos f\u00edsicos ou virtuais.<br \/>\nAs candidaturas devem ser enviadas por e-mail para info@re-tramontana.org at\u00e9 31 de mar\u00e7o de 2026 e incluir os seguintes elementos:<\/p>\n<p>1. Nome completo, nome art\u00edstico, endere\u00e7o postal, telefone\/WhatsApp, e-mail e website.<br \/>\n2. Um texto descrevendo um projeto art\u00edstico, concebido especificamente para este programa de resid\u00eancia art\u00edstica, com um m\u00e1ximo de 7.500 caracteres, incluindo espa\u00e7os.<br \/>\n3. Um CV ou biografia art\u00edstica e links para trabalhos anteriores que possam estar relacionados com a proposta.<\/p>\n<p>Todas as quest\u00f5es sobre esta convocat\u00f3ria podem ser enviadas por e-mail para info@re-tramontana.org.<\/p>\n<p>A Binaural Nodar \u00e9 uma entidade cultural apoiada pela Rep\u00fablica Portuguesa &#8211; Cultura, Juventude e Desporto | Dire\u00e7\u00e3o-Geral das Artes.<\/p>\n","protected":false},"excerpt":{"rendered":"<p>CONVOCAT\u00d3RIA PARA RESID\u00caNCIAS ART\u00cdSTICAS Arquivos digitais de regi\u00f5es de montanha  [&#8230;]<\/p>\n","protected":false},"author":8,"featured_media":24671,"comment_status":"closed","ping_status":"closed","sticky":false,"template":"","format":"standard","meta":{"_acf_changed":false,"_bbp_topic_count":0,"_bbp_reply_count":0,"_bbp_total_topic_count":0,"_bbp_total_reply_count":0,"_bbp_voice_count":0,"_bbp_anonymous_reply_count":0,"_bbp_topic_count_hidden":0,"_bbp_reply_count_hidden":0,"_bbp_forum_subforum_count":0,"footnotes":""},"categories":[1,676],"tags":[],"class_list":["post-24670","post","type-post","status-publish","format-standard","has-post-thumbnail","hentry","category-news","category-artist-residencies"],"acf":[],"aioseo_notices":[],"aioseo_head":"\n\t\t<!-- All in One SEO 5.0.1.1 - aioseo.com -->\n\t<meta name=\"description\" content=\"CONVOCAT\u00d3RIA PARA RESID\u00caNCIAS ART\u00cdSTICAS Arquivos digitais de regi\u00f5es de montanha europeias www.re-tramontana.org Convocat\u00f3ria \u00e0 apresenta\u00e7\u00e3o de projetos art\u00edsticos de 12 de dezembro de 2025 a 31 de mar\u00e7o de 2026 A rede Tramontana foi criada em 2011 com o objetivo de documentar e promover aspetos do patrim\u00f3nio cultural imaterial das sociedades rurais das montanhas europeias.\" \/>\n\t<meta name=\"robots\" content=\"max-image-preview:large\" \/>\n\t<meta name=\"author\" content=\"Nely Ferreira\"\/>\n\t<link rel=\"canonical\" href=\"https:\/\/www.binauralmedia.org\/news\/arquivo\/24670\" \/>\n\t<meta name=\"generator\" content=\"All in One SEO (AIOSEO) 5.0.1.1\" \/>\n\t\t<meta property=\"og:locale\" content=\"pt_PT\" \/>\n\t\t<meta property=\"og:site_name\" content=\"binauralmedia.org - Rural Based Sound\/Media Arts &amp; Social Research\" \/>\n\t\t<meta property=\"og:type\" content=\"article\" \/>\n\t\t<meta property=\"og:title\" content=\"Convocat\u00f3ria para resid\u00eancias art\u00edsticas - binauralmedia.org\" \/>\n\t\t<meta property=\"og:description\" content=\"CONVOCAT\u00d3RIA PARA RESID\u00caNCIAS ART\u00cdSTICAS Arquivos digitais de regi\u00f5es de montanha europeias www.re-tramontana.org Convocat\u00f3ria \u00e0 apresenta\u00e7\u00e3o de projetos art\u00edsticos de 12 de dezembro de 2025 a 31 de mar\u00e7o de 2026 A rede Tramontana foi criada em 2011 com o objetivo de documentar e promover aspetos do patrim\u00f3nio cultural imaterial das sociedades rurais das montanhas europeias.\" \/>\n\t\t<meta property=\"og:url\" content=\"https:\/\/www.binauralmedia.org\/news\/arquivo\/24670\" \/>\n\t\t<meta property=\"article:published_time\" content=\"2025-12-12T11:46:09+00:00\" \/>\n\t\t<meta property=\"article:modified_time\" content=\"2025-12-16T11:50:18+00:00\" \/>\n\t\t<meta name=\"twitter:card\" content=\"summary_large_image\" \/>\n\t\t<meta name=\"twitter:title\" content=\"Convocat\u00f3ria para resid\u00eancias art\u00edsticas - binauralmedia.org\" \/>\n\t\t<meta name=\"twitter:description\" content=\"CONVOCAT\u00d3RIA PARA RESID\u00caNCIAS ART\u00cdSTICAS Arquivos digitais de regi\u00f5es de montanha europeias www.re-tramontana.org Convocat\u00f3ria \u00e0 apresenta\u00e7\u00e3o de projetos art\u00edsticos de 12 de dezembro de 2025 a 31 de mar\u00e7o de 2026 A rede Tramontana foi criada em 2011 com o objetivo de documentar e promover aspetos do patrim\u00f3nio cultural imaterial das sociedades rurais das montanhas europeias.\" \/>\n\t\t<script type=\"application\/ld+json\" class=\"aioseo-schema\">\n\t\t\t{\"@context\":\"https:\\\/\\\/schema.org\",\"@graph\":[{\"@type\":\"BlogPosting\",\"@id\":\"https:\\\/\\\/www.binauralmedia.org\\\/news\\\/arquivo\\\/24670#blogposting\",\"name\":\"Convocat\\u00f3ria para resid\\u00eancias art\\u00edsticas - binauralmedia.org\",\"headline\":\"Convocat\\u00f3ria para resid\\u00eancias art\\u00edsticas\",\"author\":{\"@id\":\"https:\\\/\\\/www.binauralmedia.org\\\/news\\\/arquivo\\\/author\\\/nelyferreira#author\"},\"publisher\":{\"@id\":\"https:\\\/\\\/www.binauralmedia.org\\\/news\\\/#organization\"},\"image\":{\"@type\":\"ImageObject\",\"url\":\"https:\\\/\\\/www.binauralmedia.org\\\/news\\\/wp-content\\\/uploads\\\/Open-Call-Tramontana-Virtual-Residencies-2026-1200x800-1.png\",\"width\":1200,\"height\":800},\"datePublished\":\"2025-12-12T11:46:09+00:00\",\"dateModified\":\"2025-12-16T11:50:18+00:00\",\"inLanguage\":\"pt-PT\",\"mainEntityOfPage\":{\"@id\":\"https:\\\/\\\/www.binauralmedia.org\\\/news\\\/arquivo\\\/24670#webpage\"},\"isPartOf\":{\"@id\":\"https:\\\/\\\/www.binauralmedia.org\\\/news\\\/arquivo\\\/24670#webpage\"},\"articleSection\":\"Not\\u00edcias, Resid\\u00eancias Art\\u00edsticas, Optional\"},{\"@type\":\"BreadcrumbList\",\"@id\":\"https:\\\/\\\/www.binauralmedia.org\\\/news\\\/arquivo\\\/24670#breadcrumblist\",\"itemListElement\":[{\"@type\":\"ListItem\",\"@id\":\"https:\\\/\\\/www.binauralmedia.org\\\/news#listItem\",\"position\":1,\"name\":\"Home\",\"item\":\"https:\\\/\\\/www.binauralmedia.org\\\/news\",\"nextItem\":{\"@type\":\"ListItem\",\"@id\":\"https:\\\/\\\/www.binauralmedia.org\\\/news\\\/arquivo\\\/category\\\/news#listItem\",\"name\":\"Not\\u00edcias\"}},{\"@type\":\"ListItem\",\"@id\":\"https:\\\/\\\/www.binauralmedia.org\\\/news\\\/arquivo\\\/category\\\/news#listItem\",\"position\":2,\"name\":\"Not\\u00edcias\",\"item\":\"https:\\\/\\\/www.binauralmedia.org\\\/news\\\/arquivo\\\/category\\\/news\",\"nextItem\":{\"@type\":\"ListItem\",\"@id\":\"https:\\\/\\\/www.binauralmedia.org\\\/news\\\/arquivo\\\/24670#listItem\",\"name\":\"Convocat\\u00f3ria para resid\\u00eancias art\\u00edsticas\"},\"previousItem\":{\"@type\":\"ListItem\",\"@id\":\"https:\\\/\\\/www.binauralmedia.org\\\/news#listItem\",\"name\":\"Home\"}},{\"@type\":\"ListItem\",\"@id\":\"https:\\\/\\\/www.binauralmedia.org\\\/news\\\/arquivo\\\/24670#listItem\",\"position\":3,\"name\":\"Convocat\\u00f3ria para resid\\u00eancias art\\u00edsticas\",\"previousItem\":{\"@type\":\"ListItem\",\"@id\":\"https:\\\/\\\/www.binauralmedia.org\\\/news\\\/arquivo\\\/category\\\/news#listItem\",\"name\":\"Not\\u00edcias\"}}]},{\"@type\":\"Organization\",\"@id\":\"https:\\\/\\\/www.binauralmedia.org\\\/news\\\/#organization\",\"name\":\"binauralmedia.org\",\"description\":\"Rural Based Sound\\\/Media Arts & Social Research\",\"url\":\"https:\\\/\\\/www.binauralmedia.org\\\/news\\\/\"},{\"@type\":\"Person\",\"@id\":\"https:\\\/\\\/www.binauralmedia.org\\\/news\\\/arquivo\\\/author\\\/nelyferreira#author\",\"url\":\"https:\\\/\\\/www.binauralmedia.org\\\/news\\\/arquivo\\\/author\\\/nelyferreira\",\"name\":\"Nely Ferreira\"},{\"@type\":\"WebPage\",\"@id\":\"https:\\\/\\\/www.binauralmedia.org\\\/news\\\/arquivo\\\/24670#webpage\",\"url\":\"https:\\\/\\\/www.binauralmedia.org\\\/news\\\/arquivo\\\/24670\",\"name\":\"Convocat\\u00f3ria para resid\\u00eancias art\\u00edsticas - binauralmedia.org\",\"description\":\"CONVOCAT\\u00d3RIA PARA RESID\\u00caNCIAS ART\\u00cdSTICAS Arquivos digitais de regi\\u00f5es de montanha europeias www.re-tramontana.org Convocat\\u00f3ria \\u00e0 apresenta\\u00e7\\u00e3o de projetos art\\u00edsticos de 12 de dezembro de 2025 a 31 de mar\\u00e7o de 2026 A rede Tramontana foi criada em 2011 com o objetivo de documentar e promover aspetos do patrim\\u00f3nio cultural imaterial das sociedades rurais das montanhas europeias.\",\"inLanguage\":\"pt-PT\",\"isPartOf\":{\"@id\":\"https:\\\/\\\/www.binauralmedia.org\\\/news\\\/#website\"},\"breadcrumb\":{\"@id\":\"https:\\\/\\\/www.binauralmedia.org\\\/news\\\/arquivo\\\/24670#breadcrumblist\"},\"author\":{\"@id\":\"https:\\\/\\\/www.binauralmedia.org\\\/news\\\/arquivo\\\/author\\\/nelyferreira#author\"},\"creator\":{\"@id\":\"https:\\\/\\\/www.binauralmedia.org\\\/news\\\/arquivo\\\/author\\\/nelyferreira#author\"},\"image\":{\"@type\":\"ImageObject\",\"url\":\"https:\\\/\\\/www.binauralmedia.org\\\/news\\\/wp-content\\\/uploads\\\/Open-Call-Tramontana-Virtual-Residencies-2026-1200x800-1.png\",\"@id\":\"https:\\\/\\\/www.binauralmedia.org\\\/news\\\/arquivo\\\/24670\\\/#mainImage\",\"width\":1200,\"height\":800},\"primaryImageOfPage\":{\"@id\":\"https:\\\/\\\/www.binauralmedia.org\\\/news\\\/arquivo\\\/24670#mainImage\"},\"datePublished\":\"2025-12-12T11:46:09+00:00\",\"dateModified\":\"2025-12-16T11:50:18+00:00\"},{\"@type\":\"WebSite\",\"@id\":\"https:\\\/\\\/www.binauralmedia.org\\\/news\\\/#website\",\"url\":\"https:\\\/\\\/www.binauralmedia.org\\\/news\\\/\",\"name\":\"binauralmedia.org\",\"description\":\"Rural Based Sound\\\/Media Arts & Social Research\",\"inLanguage\":\"pt-PT\",\"publisher\":{\"@id\":\"https:\\\/\\\/www.binauralmedia.org\\\/news\\\/#organization\"}}]}\n\t\t<\/script>\n\t\t<!-- All in One SEO -->\n\n","aioseo_head_json":{"title":"Convocat\u00f3ria para resid\u00eancias art\u00edsticas - binauralmedia.org","description":"CONVOCAT\u00d3RIA PARA RESID\u00caNCIAS ART\u00cdSTICAS Arquivos digitais de regi\u00f5es de montanha europeias www.re-tramontana.org Convocat\u00f3ria \u00e0 apresenta\u00e7\u00e3o de projetos art\u00edsticos de 12 de dezembro de 2025 a 31 de mar\u00e7o de 2026 A rede Tramontana foi criada em 2011 com o objetivo de documentar e promover aspetos do patrim\u00f3nio cultural imaterial das sociedades rurais das montanhas europeias.","canonical_url":"https:\/\/www.binauralmedia.org\/news\/arquivo\/24670","robots":"max-image-preview:large","keywords":"","webmasterTools":{"miscellaneous":""},"schema":{"@context":"https:\/\/schema.org","@graph":[{"@type":"BlogPosting","@id":"https:\/\/www.binauralmedia.org\/news\/arquivo\/24670#blogposting","name":"Convocat\u00f3ria para resid\u00eancias art\u00edsticas - binauralmedia.org","headline":"Convocat\u00f3ria para resid\u00eancias art\u00edsticas","author":{"@id":"https:\/\/www.binauralmedia.org\/news\/arquivo\/author\/nelyferreira#author"},"publisher":{"@id":"https:\/\/www.binauralmedia.org\/news\/#organization"},"image":{"@type":"ImageObject","url":"https:\/\/www.binauralmedia.org\/news\/wp-content\/uploads\/Open-Call-Tramontana-Virtual-Residencies-2026-1200x800-1.png","width":1200,"height":800},"datePublished":"2025-12-12T11:46:09+00:00","dateModified":"2025-12-16T11:50:18+00:00","inLanguage":"pt-PT","mainEntityOfPage":{"@id":"https:\/\/www.binauralmedia.org\/news\/arquivo\/24670#webpage"},"isPartOf":{"@id":"https:\/\/www.binauralmedia.org\/news\/arquivo\/24670#webpage"},"articleSection":"Not\u00edcias, Resid\u00eancias Art\u00edsticas, Optional"},{"@type":"BreadcrumbList","@id":"https:\/\/www.binauralmedia.org\/news\/arquivo\/24670#breadcrumblist","itemListElement":[{"@type":"ListItem","@id":"https:\/\/www.binauralmedia.org\/news#listItem","position":1,"name":"Home","item":"https:\/\/www.binauralmedia.org\/news","nextItem":{"@type":"ListItem","@id":"https:\/\/www.binauralmedia.org\/news\/arquivo\/category\/news#listItem","name":"Not\u00edcias"}},{"@type":"ListItem","@id":"https:\/\/www.binauralmedia.org\/news\/arquivo\/category\/news#listItem","position":2,"name":"Not\u00edcias","item":"https:\/\/www.binauralmedia.org\/news\/arquivo\/category\/news","nextItem":{"@type":"ListItem","@id":"https:\/\/www.binauralmedia.org\/news\/arquivo\/24670#listItem","name":"Convocat\u00f3ria para resid\u00eancias art\u00edsticas"},"previousItem":{"@type":"ListItem","@id":"https:\/\/www.binauralmedia.org\/news#listItem","name":"Home"}},{"@type":"ListItem","@id":"https:\/\/www.binauralmedia.org\/news\/arquivo\/24670#listItem","position":3,"name":"Convocat\u00f3ria para resid\u00eancias art\u00edsticas","previousItem":{"@type":"ListItem","@id":"https:\/\/www.binauralmedia.org\/news\/arquivo\/category\/news#listItem","name":"Not\u00edcias"}}]},{"@type":"Organization","@id":"https:\/\/www.binauralmedia.org\/news\/#organization","name":"binauralmedia.org","description":"Rural Based Sound\/Media Arts & Social Research","url":"https:\/\/www.binauralmedia.org\/news\/"},{"@type":"Person","@id":"https:\/\/www.binauralmedia.org\/news\/arquivo\/author\/nelyferreira#author","url":"https:\/\/www.binauralmedia.org\/news\/arquivo\/author\/nelyferreira","name":"Nely Ferreira"},{"@type":"WebPage","@id":"https:\/\/www.binauralmedia.org\/news\/arquivo\/24670#webpage","url":"https:\/\/www.binauralmedia.org\/news\/arquivo\/24670","name":"Convocat\u00f3ria para resid\u00eancias art\u00edsticas - binauralmedia.org","description":"CONVOCAT\u00d3RIA PARA RESID\u00caNCIAS ART\u00cdSTICAS Arquivos digitais de regi\u00f5es de montanha europeias www.re-tramontana.org Convocat\u00f3ria \u00e0 apresenta\u00e7\u00e3o de projetos art\u00edsticos de 12 de dezembro de 2025 a 31 de mar\u00e7o de 2026 A rede Tramontana foi criada em 2011 com o objetivo de documentar e promover aspetos do patrim\u00f3nio cultural imaterial das sociedades rurais das montanhas europeias.","inLanguage":"pt-PT","isPartOf":{"@id":"https:\/\/www.binauralmedia.org\/news\/#website"},"breadcrumb":{"@id":"https:\/\/www.binauralmedia.org\/news\/arquivo\/24670#breadcrumblist"},"author":{"@id":"https:\/\/www.binauralmedia.org\/news\/arquivo\/author\/nelyferreira#author"},"creator":{"@id":"https:\/\/www.binauralmedia.org\/news\/arquivo\/author\/nelyferreira#author"},"image":{"@type":"ImageObject","url":"https:\/\/www.binauralmedia.org\/news\/wp-content\/uploads\/Open-Call-Tramontana-Virtual-Residencies-2026-1200x800-1.png","@id":"https:\/\/www.binauralmedia.org\/news\/arquivo\/24670\/#mainImage","width":1200,"height":800},"primaryImageOfPage":{"@id":"https:\/\/www.binauralmedia.org\/news\/arquivo\/24670#mainImage"},"datePublished":"2025-12-12T11:46:09+00:00","dateModified":"2025-12-16T11:50:18+00:00"},{"@type":"WebSite","@id":"https:\/\/www.binauralmedia.org\/news\/#website","url":"https:\/\/www.binauralmedia.org\/news\/","name":"binauralmedia.org","description":"Rural Based Sound\/Media Arts & Social Research","inLanguage":"pt-PT","publisher":{"@id":"https:\/\/www.binauralmedia.org\/news\/#organization"}}]},"og:locale":"pt_PT","og:site_name":"binauralmedia.org - Rural Based Sound\/Media Arts &amp; Social Research","og:type":"article","og:title":"Convocat\u00f3ria para resid\u00eancias art\u00edsticas - binauralmedia.org","og:description":"CONVOCAT\u00d3RIA PARA RESID\u00caNCIAS ART\u00cdSTICAS Arquivos digitais de regi\u00f5es de montanha europeias www.re-tramontana.org Convocat\u00f3ria \u00e0 apresenta\u00e7\u00e3o de projetos art\u00edsticos de 12 de dezembro de 2025 a 31 de mar\u00e7o de 2026 A rede Tramontana foi criada em 2011 com o objetivo de documentar e promover aspetos do patrim\u00f3nio cultural imaterial das sociedades rurais das montanhas europeias.","og:url":"https:\/\/www.binauralmedia.org\/news\/arquivo\/24670","article:published_time":"2025-12-12T11:46:09+00:00","article:modified_time":"2025-12-16T11:50:18+00:00","twitter:card":"summary_large_image","twitter:title":"Convocat\u00f3ria para resid\u00eancias art\u00edsticas - binauralmedia.org","twitter:description":"CONVOCAT\u00d3RIA PARA RESID\u00caNCIAS ART\u00cdSTICAS Arquivos digitais de regi\u00f5es de montanha europeias www.re-tramontana.org Convocat\u00f3ria \u00e0 apresenta\u00e7\u00e3o de projetos art\u00edsticos de 12 de dezembro de 2025 a 31 de mar\u00e7o de 2026 A rede Tramontana foi criada em 2011 com o objetivo de documentar e promover aspetos do patrim\u00f3nio cultural imaterial das sociedades rurais das montanhas europeias."},"aioseo_meta_data":{"post_id":"24670","title":null,"description":null,"keywords":null,"keyphrases":null,"primary_term":null,"canonical_url":null,"og_title":null,"og_description":null,"og_object_type":"default","og_image_type":"default","og_image_custom_url":null,"og_image_custom_fields":null,"og_image_url":null,"og_image_width":null,"og_image_height":null,"og_video":null,"og_custom_url":null,"og_article_section":null,"og_article_tags":null,"twitter_use_og":false,"twitter_card":"default","twitter_image_type":"default","twitter_image_custom_url":null,"twitter_image_custom_fields":null,"twitter_image_url":null,"twitter_title":null,"twitter_description":null,"schema_type":"default","schema_type_options":null,"schema":{"blockGraphs":[],"customGraphs":[],"default":{"data":{"Article":[],"Course":[],"Dataset":[],"FAQPage":[],"Movie":[],"Person":[],"Product":[],"ProductReview":[],"Car":[],"Recipe":[],"Service":[],"SoftwareApplication":[],"WebPage":[]},"graphName":"","isEnabled":true},"graphs":[]},"pillar_content":false,"robots_default":true,"robots_noindex":false,"robots_noarchive":false,"robots_nosnippet":false,"robots_nofollow":false,"robots_noimageindex":false,"robots_noodp":false,"robots_notranslate":false,"robots_max_snippet":null,"robots_max_videopreview":null,"robots_max_imagepreview":"large","priority":null,"frequency":null,"local_seo":null,"limit_modified_date":false,"ai":null,"breadcrumb_settings":null,"seo_analyzer_scan_date":null,"created":"2026-08-05 08:29:42","updated":"2026-08-05 08:29:42","focus_keyword":null,"additional_keywords":null,"truseo_locale":null},"aioseo_breadcrumb":"<div class=\"aioseo-breadcrumbs\"><span class=\"aioseo-breadcrumb\">\n\t\t\t<a href=\"https:\/\/www.binauralmedia.org\/news\" title=\"Home\">Home<\/a>\n\t\t<\/span><span class=\"aioseo-breadcrumb-separator\">&raquo;<\/span><span class=\"aioseo-breadcrumb\">\n\t\t\t<a href=\"https:\/\/www.binauralmedia.org\/news\/arquivo\/category\/news\" title=\"Not\u00edcias\">Not\u00edcias<\/a>\n\t\t<\/span><span class=\"aioseo-breadcrumb-separator\">&raquo;<\/span><span class=\"aioseo-breadcrumb\">\n\t\t\tConvocat\u00f3ria para resid\u00eancias art\u00edsticas\n\t\t<\/span><\/div>","aioseo_breadcrumb_json":[{"label":"Home","link":"https:\/\/www.binauralmedia.org\/news"},{"label":"Not\u00edcias","link":"https:\/\/www.binauralmedia.org\/news\/arquivo\/category\/news"},{"label":"Convocat\u00f3ria para resid\u00eancias art\u00edsticas","link":"https:\/\/www.binauralmedia.org\/news\/arquivo\/24670"}],"_links":{"self":[{"href":"https:\/\/www.binauralmedia.org\/news\/wp-json\/wp\/v2\/posts\/24670","targetHints":{"allow":["GET"]}}],"collection":[{"href":"https:\/\/www.binauralmedia.org\/news\/wp-json\/wp\/v2\/posts"}],"about":[{"href":"https:\/\/www.binauralmedia.org\/news\/wp-json\/wp\/v2\/types\/post"}],"author":[{"embeddable":true,"href":"https:\/\/www.binauralmedia.org\/news\/wp-json\/wp\/v2\/users\/8"}],"replies":[{"embeddable":true,"href":"https:\/\/www.binauralmedia.org\/news\/wp-json\/wp\/v2\/comments?post=24670"}],"version-history":[{"count":1,"href":"https:\/\/www.binauralmedia.org\/news\/wp-json\/wp\/v2\/posts\/24670\/revisions"}],"predecessor-version":[{"id":24672,"href":"https:\/\/www.binauralmedia.org\/news\/wp-json\/wp\/v2\/posts\/24670\/revisions\/24672"}],"wp:featuredmedia":[{"embeddable":true,"href":"https:\/\/www.binauralmedia.org\/news\/wp-json\/wp\/v2\/media\/24671"}],"wp:attachment":[{"href":"https:\/\/www.binauralmedia.org\/news\/wp-json\/wp\/v2\/media?parent=24670"}],"wp:term":[{"taxonomy":"category","embeddable":true,"href":"https:\/\/www.binauralmedia.org\/news\/wp-json\/wp\/v2\/categories?post=24670"},{"taxonomy":"post_tag","embeddable":true,"href":"https:\/\/www.binauralmedia.org\/news\/wp-json\/wp\/v2\/tags?post=24670"}],"curies":[{"name":"wp","href":"https:\/\/api.w.org\/{rel}","templated":true}]}}