{"id":24654,"date":"2025-12-10T11:23:38","date_gmt":"2025-12-10T11:23:38","guid":{"rendered":"https:\/\/www.binauralmedia.org\/news?p=24654"},"modified":"2025-12-16T11:31:20","modified_gmt":"2025-12-16T11:31:20","slug":"seminario-metodologico-da-investigacao-a-valorizacao-do-patrimonio","status":"publish","type":"post","link":"https:\/\/www.binauralmedia.org\/news\/arquivo\/24654","title":{"rendered":"Semin\u00e1rio Metodol\u00f3gico &#8220;Da investiga\u00e7\u00e3o \u00e0 valoriza\u00e7\u00e3o do patrim\u00f3nio&#8221;"},"content":{"rendered":"<p>DA INVESTIGA\u00c7\u00c3O \u00c0 VALORIZA\u00c7\u00c3O DO PATRIM\u00d3NIO<br \/>\nSemin\u00e1rio Metodol\u00f3gico<\/p>\n<p>Com Lu\u00eds Gomes da Costa<br \/>\n11 dezembro | 9h00 &#8211; 12h00<\/p>\n<p>ITS ACADEMY TURISMO E CULTURA<br \/>\nGiulianova (Teramo, It\u00e1lia).<\/p>\n<p>Lu\u00eds Costa, coordenador da Binaural Nodar, foi convidado pela Associazione LEM Italia a leccionar um semin\u00e1rio metodol\u00f3gico na ITS Academy Turismo e Cultura (Giulianova, It\u00e1lia), no \u00e2mbito do qual desenvolver\u00e1 a metodologia de interven\u00e7\u00e3o da associa\u00e7\u00e3o, desde a pesquisa de terreno, passando pela cataloga\u00e7\u00e3o e arquivo e pelo desenvolvimento de propostas criativas que vinculam criatividade contempor\u00e2nea e patrim\u00f3nio cultural, apresentando alguns exemplos de trabalhos recentes da associa\u00e7\u00e3o.<\/p>\n<p>Este semin\u00e1rio est\u00e1 integrado nas atividades da associa\u00e7\u00e3o LEM Italia no contexto da Rede Tramontana, um projeto Co-financiando pelo Programa Europa Criativa da Uni\u00e3o Europeia.<\/p>\n<p>A Binaural Nodar \u00e9 uma entidade apoiada pela Rep\u00fablica Portuguesa &#8211; Cultura, Juventude e Desporto | Dire\u00e7\u00e3o-Geral das Artes.<\/p>\n","protected":false},"excerpt":{"rendered":"<p>DA INVESTIGA\u00c7\u00c3O \u00c0 VALORIZA\u00c7\u00c3O DO PATRIM\u00d3NIO Semin\u00e1rio Metodol\u00f3gico Com Lu\u00eds  [&#8230;]<\/p>\n","protected":false},"author":8,"featured_media":24656,"comment_status":"closed","ping_status":"closed","sticky":false,"template":"","format":"standard","meta":{"_acf_changed":false,"_bbp_topic_count":0,"_bbp_reply_count":0,"_bbp_total_topic_count":0,"_bbp_total_reply_count":0,"_bbp_voice_count":0,"_bbp_anonymous_reply_count":0,"_bbp_topic_count_hidden":0,"_bbp_reply_count_hidden":0,"_bbp_forum_subforum_count":0,"footnotes":""},"categories":[1158,1],"tags":[],"class_list":["post-24654","post","type-post","status-publish","format-standard","has-post-thumbnail","hentry","category-visual-sound-ethnograhpy","category-news"],"acf":[],"aioseo_notices":[],"aioseo_head":"\n\t\t<!-- All in One SEO 5.0.1.1 - aioseo.com -->\n\t<meta name=\"description\" content=\"DA INVESTIGA\u00c7\u00c3O \u00c0 VALORIZA\u00c7\u00c3O DO PATRIM\u00d3NIO Semin\u00e1rio Metodol\u00f3gico Com Lu\u00eds Gomes da Costa 11 dezembro | 9h00 - 12h00 ITS ACADEMY TURISMO E CULTURA Giulianova (Teramo, It\u00e1lia). Lu\u00eds Costa, coordenador da Binaural Nodar, foi convidado pela Associazione LEM Italia a leccionar um semin\u00e1rio metodol\u00f3gico na ITS Academy Turismo e Cultura (Giulianova, It\u00e1lia), no \u00e2mbito do\" \/>\n\t<meta name=\"robots\" content=\"max-image-preview:large\" \/>\n\t<meta name=\"author\" content=\"Nely Ferreira\"\/>\n\t<link rel=\"canonical\" href=\"https:\/\/www.binauralmedia.org\/news\/arquivo\/24654\" \/>\n\t<meta name=\"generator\" content=\"All in One SEO (AIOSEO) 5.0.1.1\" \/>\n\t\t<meta property=\"og:locale\" content=\"pt_PT\" \/>\n\t\t<meta property=\"og:site_name\" content=\"binauralmedia.org - Rural Based Sound\/Media Arts &amp; Social Research\" \/>\n\t\t<meta property=\"og:type\" content=\"article\" \/>\n\t\t<meta property=\"og:title\" content=\"Semin\u00e1rio Metodol\u00f3gico \u201cDa investiga\u00e7\u00e3o \u00e0 valoriza\u00e7\u00e3o do patrim\u00f3nio\u201d - binauralmedia.org\" \/>\n\t\t<meta property=\"og:description\" content=\"DA INVESTIGA\u00c7\u00c3O \u00c0 VALORIZA\u00c7\u00c3O DO PATRIM\u00d3NIO Semin\u00e1rio Metodol\u00f3gico Com Lu\u00eds Gomes da Costa 11 dezembro | 9h00 - 12h00 ITS ACADEMY TURISMO E CULTURA Giulianova (Teramo, It\u00e1lia). Lu\u00eds Costa, coordenador da Binaural Nodar, foi convidado pela Associazione LEM Italia a leccionar um semin\u00e1rio metodol\u00f3gico na ITS Academy Turismo e Cultura (Giulianova, It\u00e1lia), no \u00e2mbito do\" \/>\n\t\t<meta property=\"og:url\" content=\"https:\/\/www.binauralmedia.org\/news\/arquivo\/24654\" \/>\n\t\t<meta property=\"article:published_time\" content=\"2025-12-10T11:23:38+00:00\" \/>\n\t\t<meta property=\"article:modified_time\" content=\"2025-12-16T11:31:20+00:00\" \/>\n\t\t<meta name=\"twitter:card\" content=\"summary_large_image\" \/>\n\t\t<meta name=\"twitter:title\" content=\"Semin\u00e1rio Metodol\u00f3gico \u201cDa investiga\u00e7\u00e3o \u00e0 valoriza\u00e7\u00e3o do patrim\u00f3nio\u201d - binauralmedia.org\" \/>\n\t\t<meta name=\"twitter:description\" content=\"DA INVESTIGA\u00c7\u00c3O \u00c0 VALORIZA\u00c7\u00c3O DO PATRIM\u00d3NIO Semin\u00e1rio Metodol\u00f3gico Com Lu\u00eds Gomes da Costa 11 dezembro | 9h00 - 12h00 ITS ACADEMY TURISMO E CULTURA Giulianova (Teramo, It\u00e1lia). Lu\u00eds Costa, coordenador da Binaural Nodar, foi convidado pela Associazione LEM Italia a leccionar um semin\u00e1rio metodol\u00f3gico na ITS Academy Turismo e Cultura (Giulianova, It\u00e1lia), no \u00e2mbito do\" \/>\n\t\t<script type=\"application\/ld+json\" class=\"aioseo-schema\">\n\t\t\t{\"@context\":\"https:\\\/\\\/schema.org\",\"@graph\":[{\"@type\":\"BlogPosting\",\"@id\":\"https:\\\/\\\/www.binauralmedia.org\\\/news\\\/arquivo\\\/24654#blogposting\",\"name\":\"Semin\\u00e1rio Metodol\\u00f3gico \\u201cDa investiga\\u00e7\\u00e3o \\u00e0 valoriza\\u00e7\\u00e3o do patrim\\u00f3nio\\u201d - binauralmedia.org\",\"headline\":\"Semin\\u00e1rio Metodol\\u00f3gico &#8220;Da investiga\\u00e7\\u00e3o \\u00e0 valoriza\\u00e7\\u00e3o do patrim\\u00f3nio&#8221;\",\"author\":{\"@id\":\"https:\\\/\\\/www.binauralmedia.org\\\/news\\\/arquivo\\\/author\\\/nelyferreira#author\"},\"publisher\":{\"@id\":\"https:\\\/\\\/www.binauralmedia.org\\\/news\\\/#organization\"},\"image\":{\"@type\":\"ImageObject\",\"url\":\"https:\\\/\\\/www.binauralmedia.org\\\/news\\\/wp-content\\\/uploads\\\/Seminario-Dalla-Ricerca-alla-Valorizzazione-del-Patrimonio.jpg\",\"width\":1200,\"height\":800},\"datePublished\":\"2025-12-10T11:23:38+00:00\",\"dateModified\":\"2025-12-16T11:31:20+00:00\",\"inLanguage\":\"pt-PT\",\"mainEntityOfPage\":{\"@id\":\"https:\\\/\\\/www.binauralmedia.org\\\/news\\\/arquivo\\\/24654#webpage\"},\"isPartOf\":{\"@id\":\"https:\\\/\\\/www.binauralmedia.org\\\/news\\\/arquivo\\\/24654#webpage\"},\"articleSection\":\"Etnografia Sonora e Visual, Not\\u00edcias, Optional\"},{\"@type\":\"BreadcrumbList\",\"@id\":\"https:\\\/\\\/www.binauralmedia.org\\\/news\\\/arquivo\\\/24654#breadcrumblist\",\"itemListElement\":[{\"@type\":\"ListItem\",\"@id\":\"https:\\\/\\\/www.binauralmedia.org\\\/news#listItem\",\"position\":1,\"name\":\"Home\",\"item\":\"https:\\\/\\\/www.binauralmedia.org\\\/news\",\"nextItem\":{\"@type\":\"ListItem\",\"@id\":\"https:\\\/\\\/www.binauralmedia.org\\\/news\\\/arquivo\\\/category\\\/news#listItem\",\"name\":\"Not\\u00edcias\"}},{\"@type\":\"ListItem\",\"@id\":\"https:\\\/\\\/www.binauralmedia.org\\\/news\\\/arquivo\\\/category\\\/news#listItem\",\"position\":2,\"name\":\"Not\\u00edcias\",\"item\":\"https:\\\/\\\/www.binauralmedia.org\\\/news\\\/arquivo\\\/category\\\/news\",\"nextItem\":{\"@type\":\"ListItem\",\"@id\":\"https:\\\/\\\/www.binauralmedia.org\\\/news\\\/arquivo\\\/24654#listItem\",\"name\":\"Semin\\u00e1rio Metodol\\u00f3gico &#8220;Da investiga\\u00e7\\u00e3o \\u00e0 valoriza\\u00e7\\u00e3o do patrim\\u00f3nio&#8221;\"},\"previousItem\":{\"@type\":\"ListItem\",\"@id\":\"https:\\\/\\\/www.binauralmedia.org\\\/news#listItem\",\"name\":\"Home\"}},{\"@type\":\"ListItem\",\"@id\":\"https:\\\/\\\/www.binauralmedia.org\\\/news\\\/arquivo\\\/24654#listItem\",\"position\":3,\"name\":\"Semin\\u00e1rio Metodol\\u00f3gico &#8220;Da investiga\\u00e7\\u00e3o \\u00e0 valoriza\\u00e7\\u00e3o do patrim\\u00f3nio&#8221;\",\"previousItem\":{\"@type\":\"ListItem\",\"@id\":\"https:\\\/\\\/www.binauralmedia.org\\\/news\\\/arquivo\\\/category\\\/news#listItem\",\"name\":\"Not\\u00edcias\"}}]},{\"@type\":\"Organization\",\"@id\":\"https:\\\/\\\/www.binauralmedia.org\\\/news\\\/#organization\",\"name\":\"binauralmedia.org\",\"description\":\"Rural Based Sound\\\/Media Arts & Social Research\",\"url\":\"https:\\\/\\\/www.binauralmedia.org\\\/news\\\/\"},{\"@type\":\"Person\",\"@id\":\"https:\\\/\\\/www.binauralmedia.org\\\/news\\\/arquivo\\\/author\\\/nelyferreira#author\",\"url\":\"https:\\\/\\\/www.binauralmedia.org\\\/news\\\/arquivo\\\/author\\\/nelyferreira\",\"name\":\"Nely Ferreira\"},{\"@type\":\"WebPage\",\"@id\":\"https:\\\/\\\/www.binauralmedia.org\\\/news\\\/arquivo\\\/24654#webpage\",\"url\":\"https:\\\/\\\/www.binauralmedia.org\\\/news\\\/arquivo\\\/24654\",\"name\":\"Semin\\u00e1rio Metodol\\u00f3gico \\u201cDa investiga\\u00e7\\u00e3o \\u00e0 valoriza\\u00e7\\u00e3o do patrim\\u00f3nio\\u201d - binauralmedia.org\",\"description\":\"DA INVESTIGA\\u00c7\\u00c3O \\u00c0 VALORIZA\\u00c7\\u00c3O DO PATRIM\\u00d3NIO Semin\\u00e1rio Metodol\\u00f3gico Com Lu\\u00eds Gomes da Costa 11 dezembro | 9h00 - 12h00 ITS ACADEMY TURISMO E CULTURA Giulianova (Teramo, It\\u00e1lia). Lu\\u00eds Costa, coordenador da Binaural Nodar, foi convidado pela Associazione LEM Italia a leccionar um semin\\u00e1rio metodol\\u00f3gico na ITS Academy Turismo e Cultura (Giulianova, It\\u00e1lia), no \\u00e2mbito do\",\"inLanguage\":\"pt-PT\",\"isPartOf\":{\"@id\":\"https:\\\/\\\/www.binauralmedia.org\\\/news\\\/#website\"},\"breadcrumb\":{\"@id\":\"https:\\\/\\\/www.binauralmedia.org\\\/news\\\/arquivo\\\/24654#breadcrumblist\"},\"author\":{\"@id\":\"https:\\\/\\\/www.binauralmedia.org\\\/news\\\/arquivo\\\/author\\\/nelyferreira#author\"},\"creator\":{\"@id\":\"https:\\\/\\\/www.binauralmedia.org\\\/news\\\/arquivo\\\/author\\\/nelyferreira#author\"},\"image\":{\"@type\":\"ImageObject\",\"url\":\"https:\\\/\\\/www.binauralmedia.org\\\/news\\\/wp-content\\\/uploads\\\/Seminario-Dalla-Ricerca-alla-Valorizzazione-del-Patrimonio.jpg\",\"@id\":\"https:\\\/\\\/www.binauralmedia.org\\\/news\\\/arquivo\\\/24654\\\/#mainImage\",\"width\":1200,\"height\":800},\"primaryImageOfPage\":{\"@id\":\"https:\\\/\\\/www.binauralmedia.org\\\/news\\\/arquivo\\\/24654#mainImage\"},\"datePublished\":\"2025-12-10T11:23:38+00:00\",\"dateModified\":\"2025-12-16T11:31:20+00:00\"},{\"@type\":\"WebSite\",\"@id\":\"https:\\\/\\\/www.binauralmedia.org\\\/news\\\/#website\",\"url\":\"https:\\\/\\\/www.binauralmedia.org\\\/news\\\/\",\"name\":\"binauralmedia.org\",\"description\":\"Rural Based Sound\\\/Media Arts & Social Research\",\"inLanguage\":\"pt-PT\",\"publisher\":{\"@id\":\"https:\\\/\\\/www.binauralmedia.org\\\/news\\\/#organization\"}}]}\n\t\t<\/script>\n\t\t<!-- All in One SEO -->\n\n","aioseo_head_json":{"title":"Semin\u00e1rio Metodol\u00f3gico \u201cDa investiga\u00e7\u00e3o \u00e0 valoriza\u00e7\u00e3o do patrim\u00f3nio\u201d - binauralmedia.org","description":"DA INVESTIGA\u00c7\u00c3O \u00c0 VALORIZA\u00c7\u00c3O DO PATRIM\u00d3NIO Semin\u00e1rio Metodol\u00f3gico Com Lu\u00eds Gomes da Costa 11 dezembro | 9h00 - 12h00 ITS ACADEMY TURISMO E CULTURA Giulianova (Teramo, It\u00e1lia). Lu\u00eds Costa, coordenador da Binaural Nodar, foi convidado pela Associazione LEM Italia a leccionar um semin\u00e1rio metodol\u00f3gico na ITS Academy Turismo e Cultura (Giulianova, It\u00e1lia), no \u00e2mbito do","canonical_url":"https:\/\/www.binauralmedia.org\/news\/arquivo\/24654","robots":"max-image-preview:large","keywords":"","webmasterTools":{"miscellaneous":""},"schema":{"@context":"https:\/\/schema.org","@graph":[{"@type":"BlogPosting","@id":"https:\/\/www.binauralmedia.org\/news\/arquivo\/24654#blogposting","name":"Semin\u00e1rio Metodol\u00f3gico \u201cDa investiga\u00e7\u00e3o \u00e0 valoriza\u00e7\u00e3o do patrim\u00f3nio\u201d - binauralmedia.org","headline":"Semin\u00e1rio Metodol\u00f3gico &#8220;Da investiga\u00e7\u00e3o \u00e0 valoriza\u00e7\u00e3o do patrim\u00f3nio&#8221;","author":{"@id":"https:\/\/www.binauralmedia.org\/news\/arquivo\/author\/nelyferreira#author"},"publisher":{"@id":"https:\/\/www.binauralmedia.org\/news\/#organization"},"image":{"@type":"ImageObject","url":"https:\/\/www.binauralmedia.org\/news\/wp-content\/uploads\/Seminario-Dalla-Ricerca-alla-Valorizzazione-del-Patrimonio.jpg","width":1200,"height":800},"datePublished":"2025-12-10T11:23:38+00:00","dateModified":"2025-12-16T11:31:20+00:00","inLanguage":"pt-PT","mainEntityOfPage":{"@id":"https:\/\/www.binauralmedia.org\/news\/arquivo\/24654#webpage"},"isPartOf":{"@id":"https:\/\/www.binauralmedia.org\/news\/arquivo\/24654#webpage"},"articleSection":"Etnografia Sonora e Visual, Not\u00edcias, Optional"},{"@type":"BreadcrumbList","@id":"https:\/\/www.binauralmedia.org\/news\/arquivo\/24654#breadcrumblist","itemListElement":[{"@type":"ListItem","@id":"https:\/\/www.binauralmedia.org\/news#listItem","position":1,"name":"Home","item":"https:\/\/www.binauralmedia.org\/news","nextItem":{"@type":"ListItem","@id":"https:\/\/www.binauralmedia.org\/news\/arquivo\/category\/news#listItem","name":"Not\u00edcias"}},{"@type":"ListItem","@id":"https:\/\/www.binauralmedia.org\/news\/arquivo\/category\/news#listItem","position":2,"name":"Not\u00edcias","item":"https:\/\/www.binauralmedia.org\/news\/arquivo\/category\/news","nextItem":{"@type":"ListItem","@id":"https:\/\/www.binauralmedia.org\/news\/arquivo\/24654#listItem","name":"Semin\u00e1rio Metodol\u00f3gico &#8220;Da investiga\u00e7\u00e3o \u00e0 valoriza\u00e7\u00e3o do patrim\u00f3nio&#8221;"},"previousItem":{"@type":"ListItem","@id":"https:\/\/www.binauralmedia.org\/news#listItem","name":"Home"}},{"@type":"ListItem","@id":"https:\/\/www.binauralmedia.org\/news\/arquivo\/24654#listItem","position":3,"name":"Semin\u00e1rio Metodol\u00f3gico &#8220;Da investiga\u00e7\u00e3o \u00e0 valoriza\u00e7\u00e3o do patrim\u00f3nio&#8221;","previousItem":{"@type":"ListItem","@id":"https:\/\/www.binauralmedia.org\/news\/arquivo\/category\/news#listItem","name":"Not\u00edcias"}}]},{"@type":"Organization","@id":"https:\/\/www.binauralmedia.org\/news\/#organization","name":"binauralmedia.org","description":"Rural Based Sound\/Media Arts & Social Research","url":"https:\/\/www.binauralmedia.org\/news\/"},{"@type":"Person","@id":"https:\/\/www.binauralmedia.org\/news\/arquivo\/author\/nelyferreira#author","url":"https:\/\/www.binauralmedia.org\/news\/arquivo\/author\/nelyferreira","name":"Nely Ferreira"},{"@type":"WebPage","@id":"https:\/\/www.binauralmedia.org\/news\/arquivo\/24654#webpage","url":"https:\/\/www.binauralmedia.org\/news\/arquivo\/24654","name":"Semin\u00e1rio Metodol\u00f3gico \u201cDa investiga\u00e7\u00e3o \u00e0 valoriza\u00e7\u00e3o do patrim\u00f3nio\u201d - binauralmedia.org","description":"DA INVESTIGA\u00c7\u00c3O \u00c0 VALORIZA\u00c7\u00c3O DO PATRIM\u00d3NIO Semin\u00e1rio Metodol\u00f3gico Com Lu\u00eds Gomes da Costa 11 dezembro | 9h00 - 12h00 ITS ACADEMY TURISMO E CULTURA Giulianova (Teramo, It\u00e1lia). Lu\u00eds Costa, coordenador da Binaural Nodar, foi convidado pela Associazione LEM Italia a leccionar um semin\u00e1rio metodol\u00f3gico na ITS Academy Turismo e Cultura (Giulianova, It\u00e1lia), no \u00e2mbito do","inLanguage":"pt-PT","isPartOf":{"@id":"https:\/\/www.binauralmedia.org\/news\/#website"},"breadcrumb":{"@id":"https:\/\/www.binauralmedia.org\/news\/arquivo\/24654#breadcrumblist"},"author":{"@id":"https:\/\/www.binauralmedia.org\/news\/arquivo\/author\/nelyferreira#author"},"creator":{"@id":"https:\/\/www.binauralmedia.org\/news\/arquivo\/author\/nelyferreira#author"},"image":{"@type":"ImageObject","url":"https:\/\/www.binauralmedia.org\/news\/wp-content\/uploads\/Seminario-Dalla-Ricerca-alla-Valorizzazione-del-Patrimonio.jpg","@id":"https:\/\/www.binauralmedia.org\/news\/arquivo\/24654\/#mainImage","width":1200,"height":800},"primaryImageOfPage":{"@id":"https:\/\/www.binauralmedia.org\/news\/arquivo\/24654#mainImage"},"datePublished":"2025-12-10T11:23:38+00:00","dateModified":"2025-12-16T11:31:20+00:00"},{"@type":"WebSite","@id":"https:\/\/www.binauralmedia.org\/news\/#website","url":"https:\/\/www.binauralmedia.org\/news\/","name":"binauralmedia.org","description":"Rural Based Sound\/Media Arts & Social Research","inLanguage":"pt-PT","publisher":{"@id":"https:\/\/www.binauralmedia.org\/news\/#organization"}}]},"og:locale":"pt_PT","og:site_name":"binauralmedia.org - Rural Based Sound\/Media Arts &amp; Social Research","og:type":"article","og:title":"Semin\u00e1rio Metodol\u00f3gico \u201cDa investiga\u00e7\u00e3o \u00e0 valoriza\u00e7\u00e3o do patrim\u00f3nio\u201d - binauralmedia.org","og:description":"DA INVESTIGA\u00c7\u00c3O \u00c0 VALORIZA\u00c7\u00c3O DO PATRIM\u00d3NIO Semin\u00e1rio Metodol\u00f3gico Com Lu\u00eds Gomes da Costa 11 dezembro | 9h00 - 12h00 ITS ACADEMY TURISMO E CULTURA Giulianova (Teramo, It\u00e1lia). Lu\u00eds Costa, coordenador da Binaural Nodar, foi convidado pela Associazione LEM Italia a leccionar um semin\u00e1rio metodol\u00f3gico na ITS Academy Turismo e Cultura (Giulianova, It\u00e1lia), no \u00e2mbito do","og:url":"https:\/\/www.binauralmedia.org\/news\/arquivo\/24654","article:published_time":"2025-12-10T11:23:38+00:00","article:modified_time":"2025-12-16T11:31:20+00:00","twitter:card":"summary_large_image","twitter:title":"Semin\u00e1rio Metodol\u00f3gico \u201cDa investiga\u00e7\u00e3o \u00e0 valoriza\u00e7\u00e3o do patrim\u00f3nio\u201d - binauralmedia.org","twitter:description":"DA INVESTIGA\u00c7\u00c3O \u00c0 VALORIZA\u00c7\u00c3O DO PATRIM\u00d3NIO Semin\u00e1rio Metodol\u00f3gico Com Lu\u00eds Gomes da Costa 11 dezembro | 9h00 - 12h00 ITS ACADEMY TURISMO E CULTURA Giulianova (Teramo, It\u00e1lia). Lu\u00eds Costa, coordenador da Binaural Nodar, foi convidado pela Associazione LEM Italia a leccionar um semin\u00e1rio metodol\u00f3gico na ITS Academy Turismo e Cultura (Giulianova, It\u00e1lia), no \u00e2mbito do"},"aioseo_meta_data":{"post_id":"24654","title":null,"description":null,"keywords":null,"keyphrases":null,"primary_term":null,"canonical_url":null,"og_title":null,"og_description":null,"og_object_type":"default","og_image_type":"default","og_image_custom_url":null,"og_image_custom_fields":null,"og_image_url":null,"og_image_width":null,"og_image_height":null,"og_video":null,"og_custom_url":null,"og_article_section":null,"og_article_tags":null,"twitter_use_og":false,"twitter_card":"default","twitter_image_type":"default","twitter_image_custom_url":null,"twitter_image_custom_fields":null,"twitter_image_url":null,"twitter_title":null,"twitter_description":null,"schema_type":"default","schema_type_options":null,"schema":{"blockGraphs":[],"customGraphs":[],"default":{"data":{"Article":[],"Course":[],"Dataset":[],"FAQPage":[],"Movie":[],"Person":[],"Product":[],"ProductReview":[],"Car":[],"Recipe":[],"Service":[],"SoftwareApplication":[],"WebPage":[]},"graphName":"","isEnabled":true},"graphs":[]},"pillar_content":false,"robots_default":true,"robots_noindex":false,"robots_noarchive":false,"robots_nosnippet":false,"robots_nofollow":false,"robots_noimageindex":false,"robots_noodp":false,"robots_notranslate":false,"robots_max_snippet":null,"robots_max_videopreview":null,"robots_max_imagepreview":"large","priority":null,"frequency":null,"local_seo":null,"limit_modified_date":false,"ai":null,"breadcrumb_settings":null,"seo_analyzer_scan_date":null,"created":"2026-08-05 08:29:42","updated":"2026-08-05 08:29:42","focus_keyword":null,"additional_keywords":null,"truseo_locale":null},"aioseo_breadcrumb":"<div class=\"aioseo-breadcrumbs\"><span class=\"aioseo-breadcrumb\">\n\t\t\t<a href=\"https:\/\/www.binauralmedia.org\/news\" title=\"Home\">Home<\/a>\n\t\t<\/span><span class=\"aioseo-breadcrumb-separator\">&raquo;<\/span><span class=\"aioseo-breadcrumb\">\n\t\t\t<a href=\"https:\/\/www.binauralmedia.org\/news\/arquivo\/category\/news\" title=\"Not\u00edcias\">Not\u00edcias<\/a>\n\t\t<\/span><span class=\"aioseo-breadcrumb-separator\">&raquo;<\/span><span class=\"aioseo-breadcrumb\">\n\t\t\tSemin\u00e1rio Metodol\u00f3gico \u201cDa investiga\u00e7\u00e3o \u00e0 valoriza\u00e7\u00e3o do patrim\u00f3nio\u201d\n\t\t<\/span><\/div>","aioseo_breadcrumb_json":[{"label":"Home","link":"https:\/\/www.binauralmedia.org\/news"},{"label":"Not\u00edcias","link":"https:\/\/www.binauralmedia.org\/news\/arquivo\/category\/news"},{"label":"Semin\u00e1rio Metodol\u00f3gico &#8220;Da investiga\u00e7\u00e3o \u00e0 valoriza\u00e7\u00e3o do patrim\u00f3nio&#8221;","link":"https:\/\/www.binauralmedia.org\/news\/arquivo\/24654"}],"_links":{"self":[{"href":"https:\/\/www.binauralmedia.org\/news\/wp-json\/wp\/v2\/posts\/24654","targetHints":{"allow":["GET"]}}],"collection":[{"href":"https:\/\/www.binauralmedia.org\/news\/wp-json\/wp\/v2\/posts"}],"about":[{"href":"https:\/\/www.binauralmedia.org\/news\/wp-json\/wp\/v2\/types\/post"}],"author":[{"embeddable":true,"href":"https:\/\/www.binauralmedia.org\/news\/wp-json\/wp\/v2\/users\/8"}],"replies":[{"embeddable":true,"href":"https:\/\/www.binauralmedia.org\/news\/wp-json\/wp\/v2\/comments?post=24654"}],"version-history":[{"count":1,"href":"https:\/\/www.binauralmedia.org\/news\/wp-json\/wp\/v2\/posts\/24654\/revisions"}],"predecessor-version":[{"id":24657,"href":"https:\/\/www.binauralmedia.org\/news\/wp-json\/wp\/v2\/posts\/24654\/revisions\/24657"}],"wp:featuredmedia":[{"embeddable":true,"href":"https:\/\/www.binauralmedia.org\/news\/wp-json\/wp\/v2\/media\/24656"}],"wp:attachment":[{"href":"https:\/\/www.binauralmedia.org\/news\/wp-json\/wp\/v2\/media?parent=24654"}],"wp:term":[{"taxonomy":"category","embeddable":true,"href":"https:\/\/www.binauralmedia.org\/news\/wp-json\/wp\/v2\/categories?post=24654"},{"taxonomy":"post_tag","embeddable":true,"href":"https:\/\/www.binauralmedia.org\/news\/wp-json\/wp\/v2\/tags?post=24654"}],"curies":[{"name":"wp","href":"https:\/\/api.w.org\/{rel}","templated":true}]}}