{"id":24620,"date":"2025-12-03T15:10:25","date_gmt":"2025-12-03T15:10:25","guid":{"rendered":"https:\/\/www.binauralmedia.org\/news?p=24620"},"modified":"2025-12-06T15:29:46","modified_gmt":"2025-12-06T15:29:46","slug":"premio-marta-iannetti-cerimonia-de-premiacao","status":"publish","type":"post","link":"https:\/\/www.binauralmedia.org\/news\/arquivo\/24620","title":{"rendered":"Pr\u00eamio Marta Iannetti \u2013 Cerim\u00f4nia de Premia\u00e7\u00e3o"},"content":{"rendered":"<div class=\"fusion-fullwidth fullwidth-box fusion-builder-row-1 fusion-flex-container nonhundred-percent-fullwidth non-hundred-percent-height-scrolling\" style=\"--awb-border-radius-top-left:0px;--awb-border-radius-top-right:0px;--awb-border-radius-bottom-right:0px;--awb-border-radius-bottom-left:0px;--awb-flex-wrap:wrap;\" ><div class=\"fusion-builder-row fusion-row fusion-flex-align-items-flex-start fusion-flex-content-wrap\" style=\"max-width:1144px;margin-left: calc(-4% \/ 2 );margin-right: calc(-4% \/ 2 );\"><div class=\"fusion-layout-column fusion_builder_column fusion-builder-column-0 fusion_builder_column_1_1 1_1 fusion-flex-column\" style=\"--awb-bg-size:cover;--awb-width-large:100%;--awb-margin-top-large:0px;--awb-spacing-right-large:1.92%;--awb-margin-bottom-large:0px;--awb-spacing-left-large:1.92%;--awb-width-medium:100%;--awb-spacing-right-medium:1.92%;--awb-spacing-left-medium:1.92%;--awb-width-small:100%;--awb-spacing-right-small:1.92%;--awb-spacing-left-small:1.92%;\"><div class=\"fusion-column-wrapper fusion-flex-justify-content-flex-start fusion-content-layout-column\"><div class=\"fusion-text fusion-text-1\"><p>PR\u00c9MIO MARTA IANNETTI<br \/>\nCerim\u00f3nia e confer\u00eancia<\/p>\n<p>9 de dezembro de 2025, das 16h00 \u00e0s 19h00<\/p>\n<p>Universidade de Teramo (It\u00e1lia)<br \/>\nDepartamento de Ci\u00eancias da Comunica\u00e7\u00e3o<br \/>\nCentro de Ensino D&#8217;Annunzio, Sala de Aula 16<\/p>\n<p>Lu\u00eds Costa, coordenador da Binaural Nodar e da Rede Tramontana, ser\u00e1 um dos oradores na cerim\u00f3nia e confer\u00eancia do Pr\u00e9mio Marta Iannetti, atribu\u00eddo pela associa\u00e7\u00e3o Bambun e pelo Centro de Estudos Don Nicola Jobbi, junto com um vasto conjunto de parceiros.<\/p>\n<p>Ap\u00f3s um longo processo de sele\u00e7\u00e3o envolvendo in\u00fameras teses e projetos criativos enviados de todo o mundo, o j\u00fari do Pr\u00e9mio Marta Iannetti, composto por especialistas na \u00e1rea da antropologia, selecionou os vencedores das tr\u00eas categorias:<\/p>\n<p>Tese de mestrado:<\/p>\n<p>Maria Elena Marabotto Petrelluzzi<\/p>\n<p>\u00abRappresentare Palestina. Pratiche cinematografiche e articolazioni identitarie palestines\u00bb | Universidade de Mil\u00e3o Bicocca.<\/p>\n<p>A pesquisa analisa as representa\u00e7\u00f5es cinematogr\u00e1ficas palestinas e as trajet\u00f3rias de constru\u00e7\u00e3o de identidade que se articulam num movimento cont\u00ednuo entre experi\u00eancias individuais e coletivas, din\u00e2micas culturais e sociais e contextos hist\u00f3ricos e pol\u00edticos. A perspetiva antropol\u00f3gica da investiga\u00e7\u00e3o foi desenvolvida dentro de um quadro lexical e metodol\u00f3gico cinematogr\u00e1fico, que visa ser uma abordagem proposta para a pesquisa capaz de restaurar a din\u00e2mica do meio cinematogr\u00e1fico e, ao mesmo tempo, a perspetiva antropol\u00f3gica.<\/p>\n<p>As diferentes formas narrativas que o cinema palestiniano tem sido capaz de assumir refletem a variedade de perspetivas dos autores, que s\u00e3o capazes de tra\u00e7ar m\u00faltiplas trajet\u00f3rias que dessensibilizam a representa\u00e7\u00e3o e se abrem a imagin\u00e1rios e modos de contar hist\u00f3rias compostos. A variedade de experi\u00eancias individuais reflete uma comunidade que, embora diasp\u00f3rica, mant\u00e9m um profundo sentido de mem\u00f3rias partilhadas e hist\u00f3ria cultural e identit\u00e1ria.<\/p>\n<p>Tese de doutoramento:<\/p>\n<p>Maria Coma-Santasusana<\/p>\n<p>\u00abTroupeaux de vie. \u00c9tude anthropologique d\u2019une communaut\u00e9 pastorale dans le nord-est du Tibet\u00bb | Instituto Nacional de L\u00ednguas e Civiliza\u00e7\u00f5es Orientais (Inalco), Paris.<\/p>\n<p>A tese aborda o pastoralismo m\u00f3vel tibetano na regi\u00e3o de Amdo, no nordeste do Tibete. Com base numa pesquisa etnogr\u00e1fica de treze meses, ela examina as diferentes maneiras pelas quais os pastores criam, mant\u00eam e desfazem os la\u00e7os que os unem aos seus animais. A rela\u00e7\u00e3o entre os pastores e os seus animais \u00e9 moldada pelo budismo e seu princ\u00edpio fundamental de compaix\u00e3o para com os animais.<\/p>\n<p>A tens\u00e3o entre essa norma religiosa e a viol\u00eancia da explora\u00e7\u00e3o caracter\u00edstica da pastor\u00edcia intensificou-se no contexto atual de integra\u00e7\u00e3o de mercado da produ\u00e7\u00e3o pastoral liderada pelo Estado. Embora os pastores n\u00e3o possam se dar ao luxo de deixar de abater e vender os seus animais, eles igualmente se envolvem em uma s\u00e9rie de estrat\u00e9gias de evas\u00e3o e compensa\u00e7\u00e3o. Ao explorar a participa\u00e7\u00e3o dos pastores em um conjunto de pr\u00e1ticas de preserva\u00e7\u00e3o da vida animal, entendidas como o oposto da matan\u00e7a, este trabalho lan\u00e7a luz sobre o papel que os animais desempenham na vida social e espiritual das comunidades pastorais \u00e0s quais pertencem.<\/p>\n<p>Trabalho criativo:<\/p>\n<p>Annagrazia Graduato<\/p>\n<p>\u00abLettera a Lidia\u00bb<\/p>\n<p>O projeto audiovisual \u00e9 concebido na forma de uma carta dirigida a uma mulher, refletindo sobre a mem\u00f3ria, a paisagem e a transforma\u00e7\u00e3o atrav\u00e9s de arquivos digitais da regi\u00e3o de Abruzzo, na It\u00e1lia central.<\/p>\n<p>A cerim\u00f3nia de entrega dos pr\u00e9mios ter\u00e1 lugar na ter\u00e7a-feira, 9 de dezembro, das 16h00 \u00e0s 19h00, na Universidade de Teramo, Departamento de Ci\u00eancias da Comunica\u00e7\u00e3o, Polo de Ensino D&#8217;Annunzio, Sala de Aula 16.<\/p>\n<p>A Binaural Nodar \u00e9 uma entidade cultural apoiada pela Rep\u00fablica Portuguesa &#8211; Cultura, Juventude e Desporto | Dire\u00e7\u00e3o-Geral das Artes.<\/p>\n<\/div><\/div><\/div><\/div><\/div>\n<p><img decoding=\"async\" class=\"lazyload alignnone wp-image-24629 size-full\" src=\"https:\/\/www.binauralmedia.org\/news\/wp-content\/uploads\/Loc_Premio_Cerimonia-1.jpg\" data-orig-src=\"https:\/\/www.binauralmedia.org\/news\/wp-content\/uploads\/Loc_Premio_Cerimonia-1.jpg\" alt=\"\" width=\"1810\" height=\"2560\" srcset=\"data:image\/svg+xml,%3Csvg%20xmlns%3D%27http%3A%2F%2Fwww.w3.org%2F2000%2Fsvg%27%20width%3D%271810%27%20height%3D%272560%27%20viewBox%3D%270%200%201810%202560%27%3E%3Crect%20width%3D%271810%27%20height%3D%272560%27%20fill-opacity%3D%220%22%2F%3E%3C%2Fsvg%3E\" data-srcset=\"https:\/\/www.binauralmedia.org\/news\/wp-content\/uploads\/Loc_Premio_Cerimonia-1-200x283.jpg 200w, https:\/\/www.binauralmedia.org\/news\/wp-content\/uploads\/Loc_Premio_Cerimonia-1-212x300.jpg 212w, https:\/\/www.binauralmedia.org\/news\/wp-content\/uploads\/Loc_Premio_Cerimonia-1-400x566.jpg 400w, https:\/\/www.binauralmedia.org\/news\/wp-content\/uploads\/Loc_Premio_Cerimonia-1-500x707.jpg 500w, https:\/\/www.binauralmedia.org\/news\/wp-content\/uploads\/Loc_Premio_Cerimonia-1-600x849.jpg 600w, https:\/\/www.binauralmedia.org\/news\/wp-content\/uploads\/Loc_Premio_Cerimonia-1-768x1086.jpg 768w, https:\/\/www.binauralmedia.org\/news\/wp-content\/uploads\/Loc_Premio_Cerimonia-1-800x1131.jpg 800w, https:\/\/www.binauralmedia.org\/news\/wp-content\/uploads\/Loc_Premio_Cerimonia-1-1086x1536.jpg 1086w, https:\/\/www.binauralmedia.org\/news\/wp-content\/uploads\/Loc_Premio_Cerimonia-1-1200x1697.jpg 1200w, https:\/\/www.binauralmedia.org\/news\/wp-content\/uploads\/Loc_Premio_Cerimonia-1-1448x2048.jpg 1448w, https:\/\/www.binauralmedia.org\/news\/wp-content\/uploads\/Loc_Premio_Cerimonia-1.jpg 1810w\" data-sizes=\"auto\" data-orig-sizes=\"(max-width: 1810px) 100vw, 1810px\" \/><\/p>\n","protected":false},"excerpt":{"rendered":"","protected":false},"author":8,"featured_media":24621,"comment_status":"closed","ping_status":"closed","sticky":false,"template":"","format":"standard","meta":{"_acf_changed":false,"_bbp_topic_count":0,"_bbp_reply_count":0,"_bbp_total_topic_count":0,"_bbp_total_reply_count":0,"_bbp_voice_count":0,"_bbp_anonymous_reply_count":0,"_bbp_topic_count_hidden":0,"_bbp_reply_count_hidden":0,"_bbp_forum_subforum_count":0,"footnotes":""},"categories":[1161,1,1159],"tags":[],"class_list":["post-24620","post","type-post","status-publish","format-standard","has-post-thumbnail","hentry","category-artistic-creations","category-news","category-educational-programme"],"acf":[],"aioseo_notices":[],"aioseo_head":"\n\t\t<!-- All in One SEO 5.0.1.1 - aioseo.com -->\n\t<meta name=\"robots\" content=\"max-image-preview:large\" \/>\n\t<meta name=\"author\" content=\"Nely Ferreira\"\/>\n\t<link rel=\"canonical\" href=\"https:\/\/www.binauralmedia.org\/news\/arquivo\/24620\" \/>\n\t<meta name=\"generator\" content=\"All in One SEO (AIOSEO) 5.0.1.1\" \/>\n\t\t<meta property=\"og:locale\" content=\"pt_PT\" \/>\n\t\t<meta property=\"og:site_name\" content=\"binauralmedia.org - Rural Based Sound\/Media Arts &amp; Social Research\" \/>\n\t\t<meta property=\"og:type\" content=\"article\" \/>\n\t\t<meta property=\"og:title\" content=\"Pr\u00eamio Marta Iannetti \u2013 Cerim\u00f4nia de Premia\u00e7\u00e3o - binauralmedia.org\" \/>\n\t\t<meta property=\"og:url\" content=\"https:\/\/www.binauralmedia.org\/news\/arquivo\/24620\" \/>\n\t\t<meta property=\"article:published_time\" content=\"2025-12-03T15:10:25+00:00\" \/>\n\t\t<meta property=\"article:modified_time\" content=\"2025-12-06T15:29:46+00:00\" \/>\n\t\t<meta name=\"twitter:card\" content=\"summary_large_image\" \/>\n\t\t<meta name=\"twitter:title\" content=\"Pr\u00eamio Marta Iannetti \u2013 Cerim\u00f4nia de Premia\u00e7\u00e3o - binauralmedia.org\" \/>\n\t\t<script type=\"application\/ld+json\" class=\"aioseo-schema\">\n\t\t\t{\"@context\":\"https:\\\/\\\/schema.org\",\"@graph\":[{\"@type\":\"BlogPosting\",\"@id\":\"https:\\\/\\\/www.binauralmedia.org\\\/news\\\/arquivo\\\/24620#blogposting\",\"name\":\"Pr\\u00eamio Marta Iannetti \\u2013 Cerim\\u00f4nia de Premia\\u00e7\\u00e3o - binauralmedia.org\",\"headline\":\"Pr\\u00eamio Marta Iannetti \\u2013 Cerim\\u00f4nia de Premia\\u00e7\\u00e3o\",\"author\":{\"@id\":\"https:\\\/\\\/www.binauralmedia.org\\\/news\\\/arquivo\\\/author\\\/nelyferreira#author\"},\"publisher\":{\"@id\":\"https:\\\/\\\/www.binauralmedia.org\\\/news\\\/#organization\"},\"image\":{\"@type\":\"ImageObject\",\"url\":\"https:\\\/\\\/www.binauralmedia.org\\\/news\\\/wp-content\\\/uploads\\\/Premio-Marta-Iannetti_cerimonia.jpg\",\"width\":1200,\"height\":800},\"datePublished\":\"2025-12-03T15:10:25+00:00\",\"dateModified\":\"2025-12-06T15:29:46+00:00\",\"inLanguage\":\"pt-PT\",\"mainEntityOfPage\":{\"@id\":\"https:\\\/\\\/www.binauralmedia.org\\\/news\\\/arquivo\\\/24620#webpage\"},\"isPartOf\":{\"@id\":\"https:\\\/\\\/www.binauralmedia.org\\\/news\\\/arquivo\\\/24620#webpage\"},\"articleSection\":\"Cria\\u00e7\\u00f5es Art\\u00edsticas, Not\\u00edcias, Programa Educativo, Optional\"},{\"@type\":\"BreadcrumbList\",\"@id\":\"https:\\\/\\\/www.binauralmedia.org\\\/news\\\/arquivo\\\/24620#breadcrumblist\",\"itemListElement\":[{\"@type\":\"ListItem\",\"@id\":\"https:\\\/\\\/www.binauralmedia.org\\\/news#listItem\",\"position\":1,\"name\":\"Home\",\"item\":\"https:\\\/\\\/www.binauralmedia.org\\\/news\",\"nextItem\":{\"@type\":\"ListItem\",\"@id\":\"https:\\\/\\\/www.binauralmedia.org\\\/news\\\/arquivo\\\/category\\\/news#listItem\",\"name\":\"Not\\u00edcias\"}},{\"@type\":\"ListItem\",\"@id\":\"https:\\\/\\\/www.binauralmedia.org\\\/news\\\/arquivo\\\/category\\\/news#listItem\",\"position\":2,\"name\":\"Not\\u00edcias\",\"item\":\"https:\\\/\\\/www.binauralmedia.org\\\/news\\\/arquivo\\\/category\\\/news\",\"nextItem\":{\"@type\":\"ListItem\",\"@id\":\"https:\\\/\\\/www.binauralmedia.org\\\/news\\\/arquivo\\\/24620#listItem\",\"name\":\"Pr\\u00eamio Marta Iannetti \\u2013 Cerim\\u00f4nia de Premia\\u00e7\\u00e3o\"},\"previousItem\":{\"@type\":\"ListItem\",\"@id\":\"https:\\\/\\\/www.binauralmedia.org\\\/news#listItem\",\"name\":\"Home\"}},{\"@type\":\"ListItem\",\"@id\":\"https:\\\/\\\/www.binauralmedia.org\\\/news\\\/arquivo\\\/24620#listItem\",\"position\":3,\"name\":\"Pr\\u00eamio Marta Iannetti \\u2013 Cerim\\u00f4nia de Premia\\u00e7\\u00e3o\",\"previousItem\":{\"@type\":\"ListItem\",\"@id\":\"https:\\\/\\\/www.binauralmedia.org\\\/news\\\/arquivo\\\/category\\\/news#listItem\",\"name\":\"Not\\u00edcias\"}}]},{\"@type\":\"Organization\",\"@id\":\"https:\\\/\\\/www.binauralmedia.org\\\/news\\\/#organization\",\"name\":\"binauralmedia.org\",\"description\":\"Rural Based Sound\\\/Media Arts & Social Research\",\"url\":\"https:\\\/\\\/www.binauralmedia.org\\\/news\\\/\"},{\"@type\":\"Person\",\"@id\":\"https:\\\/\\\/www.binauralmedia.org\\\/news\\\/arquivo\\\/author\\\/nelyferreira#author\",\"url\":\"https:\\\/\\\/www.binauralmedia.org\\\/news\\\/arquivo\\\/author\\\/nelyferreira\",\"name\":\"Nely Ferreira\"},{\"@type\":\"WebPage\",\"@id\":\"https:\\\/\\\/www.binauralmedia.org\\\/news\\\/arquivo\\\/24620#webpage\",\"url\":\"https:\\\/\\\/www.binauralmedia.org\\\/news\\\/arquivo\\\/24620\",\"name\":\"Pr\\u00eamio Marta Iannetti \\u2013 Cerim\\u00f4nia de Premia\\u00e7\\u00e3o - binauralmedia.org\",\"inLanguage\":\"pt-PT\",\"isPartOf\":{\"@id\":\"https:\\\/\\\/www.binauralmedia.org\\\/news\\\/#website\"},\"breadcrumb\":{\"@id\":\"https:\\\/\\\/www.binauralmedia.org\\\/news\\\/arquivo\\\/24620#breadcrumblist\"},\"author\":{\"@id\":\"https:\\\/\\\/www.binauralmedia.org\\\/news\\\/arquivo\\\/author\\\/nelyferreira#author\"},\"creator\":{\"@id\":\"https:\\\/\\\/www.binauralmedia.org\\\/news\\\/arquivo\\\/author\\\/nelyferreira#author\"},\"image\":{\"@type\":\"ImageObject\",\"url\":\"https:\\\/\\\/www.binauralmedia.org\\\/news\\\/wp-content\\\/uploads\\\/Premio-Marta-Iannetti_cerimonia.jpg\",\"@id\":\"https:\\\/\\\/www.binauralmedia.org\\\/news\\\/arquivo\\\/24620\\\/#mainImage\",\"width\":1200,\"height\":800},\"primaryImageOfPage\":{\"@id\":\"https:\\\/\\\/www.binauralmedia.org\\\/news\\\/arquivo\\\/24620#mainImage\"},\"datePublished\":\"2025-12-03T15:10:25+00:00\",\"dateModified\":\"2025-12-06T15:29:46+00:00\"},{\"@type\":\"WebSite\",\"@id\":\"https:\\\/\\\/www.binauralmedia.org\\\/news\\\/#website\",\"url\":\"https:\\\/\\\/www.binauralmedia.org\\\/news\\\/\",\"name\":\"binauralmedia.org\",\"description\":\"Rural Based Sound\\\/Media Arts & Social Research\",\"inLanguage\":\"pt-PT\",\"publisher\":{\"@id\":\"https:\\\/\\\/www.binauralmedia.org\\\/news\\\/#organization\"}}]}\n\t\t<\/script>\n\t\t<!-- All in One SEO -->\n\n","aioseo_head_json":{"title":"Pr\u00eamio Marta Iannetti \u2013 Cerim\u00f4nia de Premia\u00e7\u00e3o - binauralmedia.org","description":"","canonical_url":"https:\/\/www.binauralmedia.org\/news\/arquivo\/24620","robots":"max-image-preview:large","keywords":"","webmasterTools":{"miscellaneous":""},"schema":{"@context":"https:\/\/schema.org","@graph":[{"@type":"BlogPosting","@id":"https:\/\/www.binauralmedia.org\/news\/arquivo\/24620#blogposting","name":"Pr\u00eamio Marta Iannetti \u2013 Cerim\u00f4nia de Premia\u00e7\u00e3o - binauralmedia.org","headline":"Pr\u00eamio Marta Iannetti \u2013 Cerim\u00f4nia de Premia\u00e7\u00e3o","author":{"@id":"https:\/\/www.binauralmedia.org\/news\/arquivo\/author\/nelyferreira#author"},"publisher":{"@id":"https:\/\/www.binauralmedia.org\/news\/#organization"},"image":{"@type":"ImageObject","url":"https:\/\/www.binauralmedia.org\/news\/wp-content\/uploads\/Premio-Marta-Iannetti_cerimonia.jpg","width":1200,"height":800},"datePublished":"2025-12-03T15:10:25+00:00","dateModified":"2025-12-06T15:29:46+00:00","inLanguage":"pt-PT","mainEntityOfPage":{"@id":"https:\/\/www.binauralmedia.org\/news\/arquivo\/24620#webpage"},"isPartOf":{"@id":"https:\/\/www.binauralmedia.org\/news\/arquivo\/24620#webpage"},"articleSection":"Cria\u00e7\u00f5es Art\u00edsticas, Not\u00edcias, Programa Educativo, Optional"},{"@type":"BreadcrumbList","@id":"https:\/\/www.binauralmedia.org\/news\/arquivo\/24620#breadcrumblist","itemListElement":[{"@type":"ListItem","@id":"https:\/\/www.binauralmedia.org\/news#listItem","position":1,"name":"Home","item":"https:\/\/www.binauralmedia.org\/news","nextItem":{"@type":"ListItem","@id":"https:\/\/www.binauralmedia.org\/news\/arquivo\/category\/news#listItem","name":"Not\u00edcias"}},{"@type":"ListItem","@id":"https:\/\/www.binauralmedia.org\/news\/arquivo\/category\/news#listItem","position":2,"name":"Not\u00edcias","item":"https:\/\/www.binauralmedia.org\/news\/arquivo\/category\/news","nextItem":{"@type":"ListItem","@id":"https:\/\/www.binauralmedia.org\/news\/arquivo\/24620#listItem","name":"Pr\u00eamio Marta Iannetti \u2013 Cerim\u00f4nia de Premia\u00e7\u00e3o"},"previousItem":{"@type":"ListItem","@id":"https:\/\/www.binauralmedia.org\/news#listItem","name":"Home"}},{"@type":"ListItem","@id":"https:\/\/www.binauralmedia.org\/news\/arquivo\/24620#listItem","position":3,"name":"Pr\u00eamio Marta Iannetti \u2013 Cerim\u00f4nia de Premia\u00e7\u00e3o","previousItem":{"@type":"ListItem","@id":"https:\/\/www.binauralmedia.org\/news\/arquivo\/category\/news#listItem","name":"Not\u00edcias"}}]},{"@type":"Organization","@id":"https:\/\/www.binauralmedia.org\/news\/#organization","name":"binauralmedia.org","description":"Rural Based Sound\/Media Arts & Social Research","url":"https:\/\/www.binauralmedia.org\/news\/"},{"@type":"Person","@id":"https:\/\/www.binauralmedia.org\/news\/arquivo\/author\/nelyferreira#author","url":"https:\/\/www.binauralmedia.org\/news\/arquivo\/author\/nelyferreira","name":"Nely Ferreira"},{"@type":"WebPage","@id":"https:\/\/www.binauralmedia.org\/news\/arquivo\/24620#webpage","url":"https:\/\/www.binauralmedia.org\/news\/arquivo\/24620","name":"Pr\u00eamio Marta Iannetti \u2013 Cerim\u00f4nia de Premia\u00e7\u00e3o - binauralmedia.org","inLanguage":"pt-PT","isPartOf":{"@id":"https:\/\/www.binauralmedia.org\/news\/#website"},"breadcrumb":{"@id":"https:\/\/www.binauralmedia.org\/news\/arquivo\/24620#breadcrumblist"},"author":{"@id":"https:\/\/www.binauralmedia.org\/news\/arquivo\/author\/nelyferreira#author"},"creator":{"@id":"https:\/\/www.binauralmedia.org\/news\/arquivo\/author\/nelyferreira#author"},"image":{"@type":"ImageObject","url":"https:\/\/www.binauralmedia.org\/news\/wp-content\/uploads\/Premio-Marta-Iannetti_cerimonia.jpg","@id":"https:\/\/www.binauralmedia.org\/news\/arquivo\/24620\/#mainImage","width":1200,"height":800},"primaryImageOfPage":{"@id":"https:\/\/www.binauralmedia.org\/news\/arquivo\/24620#mainImage"},"datePublished":"2025-12-03T15:10:25+00:00","dateModified":"2025-12-06T15:29:46+00:00"},{"@type":"WebSite","@id":"https:\/\/www.binauralmedia.org\/news\/#website","url":"https:\/\/www.binauralmedia.org\/news\/","name":"binauralmedia.org","description":"Rural Based Sound\/Media Arts & Social Research","inLanguage":"pt-PT","publisher":{"@id":"https:\/\/www.binauralmedia.org\/news\/#organization"}}]},"og:locale":"pt_PT","og:site_name":"binauralmedia.org - Rural Based Sound\/Media Arts &amp; Social Research","og:type":"article","og:title":"Pr\u00eamio Marta Iannetti \u2013 Cerim\u00f4nia de Premia\u00e7\u00e3o - binauralmedia.org","og:url":"https:\/\/www.binauralmedia.org\/news\/arquivo\/24620","article:published_time":"2025-12-03T15:10:25+00:00","article:modified_time":"2025-12-06T15:29:46+00:00","twitter:card":"summary_large_image","twitter:title":"Pr\u00eamio Marta Iannetti \u2013 Cerim\u00f4nia de Premia\u00e7\u00e3o - binauralmedia.org"},"aioseo_meta_data":{"post_id":"24620","title":null,"description":null,"keywords":null,"keyphrases":null,"primary_term":null,"canonical_url":null,"og_title":null,"og_description":null,"og_object_type":"default","og_image_type":"default","og_image_custom_url":null,"og_image_custom_fields":null,"og_image_url":null,"og_image_width":null,"og_image_height":null,"og_video":null,"og_custom_url":null,"og_article_section":null,"og_article_tags":null,"twitter_use_og":false,"twitter_card":"default","twitter_image_type":"default","twitter_image_custom_url":null,"twitter_image_custom_fields":null,"twitter_image_url":null,"twitter_title":null,"twitter_description":null,"schema_type":"default","schema_type_options":null,"schema":{"blockGraphs":[],"customGraphs":[],"default":{"data":{"Article":[],"Course":[],"Dataset":[],"FAQPage":[],"Movie":[],"Person":[],"Product":[],"ProductReview":[],"Car":[],"Recipe":[],"Service":[],"SoftwareApplication":[],"WebPage":[]},"graphName":"","isEnabled":true},"graphs":[]},"pillar_content":false,"robots_default":true,"robots_noindex":false,"robots_noarchive":false,"robots_nosnippet":false,"robots_nofollow":false,"robots_noimageindex":false,"robots_noodp":false,"robots_notranslate":false,"robots_max_snippet":null,"robots_max_videopreview":null,"robots_max_imagepreview":"large","priority":null,"frequency":null,"local_seo":null,"limit_modified_date":false,"ai":null,"breadcrumb_settings":null,"seo_analyzer_scan_date":null,"created":"2026-08-05 08:28:22","updated":"2026-08-05 08:28:22","focus_keyword":null,"additional_keywords":null,"truseo_locale":null},"aioseo_breadcrumb":"<div class=\"aioseo-breadcrumbs\"><span class=\"aioseo-breadcrumb\">\n\t\t\t<a href=\"https:\/\/www.binauralmedia.org\/news\" title=\"Home\">Home<\/a>\n\t\t<\/span><span class=\"aioseo-breadcrumb-separator\">&raquo;<\/span><span class=\"aioseo-breadcrumb\">\n\t\t\t<a href=\"https:\/\/www.binauralmedia.org\/news\/arquivo\/category\/news\" title=\"Not\u00edcias\">Not\u00edcias<\/a>\n\t\t<\/span><span class=\"aioseo-breadcrumb-separator\">&raquo;<\/span><span class=\"aioseo-breadcrumb\">\n\t\t\tPr\u00eamio Marta Iannetti \u2013 Cerim\u00f4nia de Premia\u00e7\u00e3o\n\t\t<\/span><\/div>","aioseo_breadcrumb_json":[{"label":"Home","link":"https:\/\/www.binauralmedia.org\/news"},{"label":"Not\u00edcias","link":"https:\/\/www.binauralmedia.org\/news\/arquivo\/category\/news"},{"label":"Pr\u00eamio Marta Iannetti \u2013 Cerim\u00f4nia de Premia\u00e7\u00e3o","link":"https:\/\/www.binauralmedia.org\/news\/arquivo\/24620"}],"_links":{"self":[{"href":"https:\/\/www.binauralmedia.org\/news\/wp-json\/wp\/v2\/posts\/24620","targetHints":{"allow":["GET"]}}],"collection":[{"href":"https:\/\/www.binauralmedia.org\/news\/wp-json\/wp\/v2\/posts"}],"about":[{"href":"https:\/\/www.binauralmedia.org\/news\/wp-json\/wp\/v2\/types\/post"}],"author":[{"embeddable":true,"href":"https:\/\/www.binauralmedia.org\/news\/wp-json\/wp\/v2\/users\/8"}],"replies":[{"embeddable":true,"href":"https:\/\/www.binauralmedia.org\/news\/wp-json\/wp\/v2\/comments?post=24620"}],"version-history":[{"count":3,"href":"https:\/\/www.binauralmedia.org\/news\/wp-json\/wp\/v2\/posts\/24620\/revisions"}],"predecessor-version":[{"id":24636,"href":"https:\/\/www.binauralmedia.org\/news\/wp-json\/wp\/v2\/posts\/24620\/revisions\/24636"}],"wp:featuredmedia":[{"embeddable":true,"href":"https:\/\/www.binauralmedia.org\/news\/wp-json\/wp\/v2\/media\/24621"}],"wp:attachment":[{"href":"https:\/\/www.binauralmedia.org\/news\/wp-json\/wp\/v2\/media?parent=24620"}],"wp:term":[{"taxonomy":"category","embeddable":true,"href":"https:\/\/www.binauralmedia.org\/news\/wp-json\/wp\/v2\/categories?post=24620"},{"taxonomy":"post_tag","embeddable":true,"href":"https:\/\/www.binauralmedia.org\/news\/wp-json\/wp\/v2\/tags?post=24620"}],"curies":[{"name":"wp","href":"https:\/\/api.w.org\/{rel}","templated":true}]}}