{"id":24572,"date":"2025-11-27T14:41:30","date_gmt":"2025-11-27T14:41:30","guid":{"rendered":"https:\/\/www.binauralmedia.org\/news?p=24572"},"modified":"2025-12-06T14:51:50","modified_gmt":"2025-12-06T14:51:50","slug":"um-desconhecido-da-nossa-terra-dirigido-por-rui-catalao","status":"publish","type":"post","link":"https:\/\/www.binauralmedia.org\/news\/arquivo\/24572","title":{"rendered":"&#8220;Um desconhecido da nossa terra&#8221; dirigido por Rui Catal\u00e3o"},"content":{"rendered":"<div class=\"fusion-fullwidth fullwidth-box fusion-builder-row-1 fusion-flex-container nonhundred-percent-fullwidth non-hundred-percent-height-scrolling\" style=\"--awb-border-radius-top-left:0px;--awb-border-radius-top-right:0px;--awb-border-radius-bottom-right:0px;--awb-border-radius-bottom-left:0px;--awb-flex-wrap:wrap;\" ><div class=\"fusion-builder-row fusion-row fusion-flex-align-items-flex-start fusion-flex-content-wrap\" style=\"max-width:1144px;margin-left: calc(-4% \/ 2 );margin-right: calc(-4% \/ 2 );\"><div class=\"fusion-layout-column fusion_builder_column fusion-builder-column-0 fusion_builder_column_1_1 1_1 fusion-flex-column\" style=\"--awb-bg-size:cover;--awb-width-large:100%;--awb-margin-top-large:0px;--awb-spacing-right-large:1.92%;--awb-margin-bottom-large:0px;--awb-spacing-left-large:1.92%;--awb-width-medium:100%;--awb-spacing-right-medium:1.92%;--awb-spacing-left-medium:1.92%;--awb-width-small:100%;--awb-spacing-right-small:1.92%;--awb-spacing-left-small:1.92%;\"><div class=\"fusion-column-wrapper fusion-flex-justify-content-flex-start fusion-content-layout-column\"><div class=\"fusion-text fusion-text-1\"><p>UM DESCONHECIDO DA NOSSA TERRA<br \/>\nUma cria\u00e7\u00e3o comunit\u00e1ria dirigida por Rui Catal\u00e3o<\/p>\n<p>Novembro 2025 &#8211; Maio 2026<br \/>\nVouzela e Castro Daire (Viseu D\u00e3o Laf\u00f5es)<\/p>\n<p>Um coprodu\u00e7\u00e3o da Irreal e da Binaural Nodar, em colabora\u00e7\u00e3o com a Escola Profissional de Vouzela, com o Munic\u00edpio de Vouzela, com a Escola Profissional Mariana Seixas (P\u00f3lo de Castro Daire) e com o Munic\u00edpio de Castro Daire, atrav\u00e9s da sua Biblioteca Municipal.<\/p>\n<p>A pouco mais de 30km de dist\u00e2ncia, jovens oriundos de S\u00e3o Tom\u00e9 e Pr\u00edncipe estudam em escolas profissionais de Vouzela e de Castro Daire, n\u00e3o se conhecendo entre si. <\/p>\n<p>O projeto &#8220;Um desconhecido da nossa terra&#8221; tem como prop\u00f3sito servir de complemento ao processo de forma\u00e7\u00e3o profissional dos jovens de S\u00e3o Tom\u00e9 e Pr\u00edncipe que se encontram a viver na sub-regi\u00e3o beir\u00e3 de Viseu D\u00e3o-Laf\u00f5es, nas vilas de Vouzela e de Castro Daire. O objetivo \u00e9 dinamizar a rela\u00e7\u00e3o entre si e com a comunidade local e promover um conjunto de atividades, tendo como ponto de partida o teatro, que facilitem a sua integra\u00e7\u00e3o e conviv\u00eancia, para l\u00e1 da vida escolar. <\/p>\n<p>Consistindo num programa anual que coincide, grosso modo, com o ano letivo, o trabalho ser\u00e1 desenvolvido em dois grupos a funcionarem paralelamente mas em separado, de modo a preparem encontros que v\u00e3o acontecer duas vezes, em forma de espet\u00e1culos abertos ao p\u00fablico: o primeiro, em dezembro de 2025; e o segundo, pr\u00f3ximo ao final do ano letivo, em maio de 2026.<\/p>\n<p>Um projeto apoiado pela Rep\u00fablica Portuguesa &#8211; Cultura, Juventude e Desporto | Dire\u00e7\u00e3o-Geral as Artes e integrado nas atividades da Rede Tramontana, co-financiada pelo programa Europa Criativa da Uni\u00e3o Europeia.<\/p>\n<p>A Binaural Nodar \u00e9 uma entidade cultural apoiada pela Rep\u00fablica Portuguesa &#8211; Cultura, Juventude e Desporto | Dire\u00e7\u00e3o-Geral das Artes.<\/p>\n<\/div><\/div><\/div><\/div><\/div>\n","protected":false},"excerpt":{"rendered":"","protected":false},"author":8,"featured_media":24573,"comment_status":"closed","ping_status":"closed","sticky":false,"template":"","format":"standard","meta":{"_acf_changed":false,"_bbp_topic_count":0,"_bbp_reply_count":0,"_bbp_total_topic_count":0,"_bbp_total_reply_count":0,"_bbp_voice_count":0,"_bbp_anonymous_reply_count":0,"_bbp_topic_count_hidden":0,"_bbp_reply_count_hidden":0,"_bbp_forum_subforum_count":0,"footnotes":""},"categories":[1161,1],"tags":[],"class_list":["post-24572","post","type-post","status-publish","format-standard","has-post-thumbnail","hentry","category-artistic-creations","category-news"],"acf":[],"aioseo_notices":[],"aioseo_head":"\n\t\t<!-- All in One SEO 5.0.1.1 - aioseo.com -->\n\t<meta name=\"description\" content=\"UM DESCONHECIDO DA NOSSA TERRA Uma cria\u00e7\u00e3o comunit\u00e1ria dirigida por Rui Catal\u00e3o Novembro 2025 \u2013 Maio 2026 Vouzela e Castro Daire (Viseu D\u00e3o Laf\u00f5es) Um coprodu\u00e7\u00e3o da Irreal e da Binaural Nodar, em colabora\u00e7\u00e3o com a Escola Profissional de Vouzela, com o Munic\u00edpio de Vouzela, com a Escola Profissional Mariana Seixas (P\u00f3lo de Castro Daire)\" \/>\n\t<meta name=\"robots\" content=\"max-image-preview:large\" \/>\n\t<meta name=\"author\" content=\"Nely Ferreira\"\/>\n\t<link rel=\"canonical\" href=\"https:\/\/www.binauralmedia.org\/news\/arquivo\/24572\" \/>\n\t<meta name=\"generator\" content=\"All in One SEO (AIOSEO) 5.0.1.1\" \/>\n\t\t<meta property=\"og:locale\" content=\"pt_PT\" \/>\n\t\t<meta property=\"og:site_name\" content=\"binauralmedia.org - Rural Based Sound\/Media Arts &amp; Social Research\" \/>\n\t\t<meta property=\"og:type\" content=\"article\" \/>\n\t\t<meta property=\"og:title\" content=\"\u201cUm desconhecido da nossa terra\u201d dirigido por Rui Catal\u00e3o - binauralmedia.org\" \/>\n\t\t<meta property=\"og:description\" content=\"UM DESCONHECIDO DA NOSSA TERRA Uma cria\u00e7\u00e3o comunit\u00e1ria dirigida por Rui Catal\u00e3o Novembro 2025 \u2013 Maio 2026 Vouzela e Castro Daire (Viseu D\u00e3o Laf\u00f5es) Um coprodu\u00e7\u00e3o da Irreal e da Binaural Nodar, em colabora\u00e7\u00e3o com a Escola Profissional de Vouzela, com o Munic\u00edpio de Vouzela, com a Escola Profissional Mariana Seixas (P\u00f3lo de Castro Daire)\" \/>\n\t\t<meta property=\"og:url\" content=\"https:\/\/www.binauralmedia.org\/news\/arquivo\/24572\" \/>\n\t\t<meta property=\"article:published_time\" content=\"2025-11-27T14:41:30+00:00\" \/>\n\t\t<meta property=\"article:modified_time\" content=\"2025-12-06T14:51:50+00:00\" \/>\n\t\t<meta name=\"twitter:card\" content=\"summary_large_image\" \/>\n\t\t<meta name=\"twitter:title\" content=\"\u201cUm desconhecido da nossa terra\u201d dirigido por Rui Catal\u00e3o - binauralmedia.org\" \/>\n\t\t<meta name=\"twitter:description\" content=\"UM DESCONHECIDO DA NOSSA TERRA Uma cria\u00e7\u00e3o comunit\u00e1ria dirigida por Rui Catal\u00e3o Novembro 2025 \u2013 Maio 2026 Vouzela e Castro Daire (Viseu D\u00e3o Laf\u00f5es) Um coprodu\u00e7\u00e3o da Irreal e da Binaural Nodar, em colabora\u00e7\u00e3o com a Escola Profissional de Vouzela, com o Munic\u00edpio de Vouzela, com a Escola Profissional Mariana Seixas (P\u00f3lo de Castro Daire)\" \/>\n\t\t<script type=\"application\/ld+json\" class=\"aioseo-schema\">\n\t\t\t{\"@context\":\"https:\\\/\\\/schema.org\",\"@graph\":[{\"@type\":\"BlogPosting\",\"@id\":\"https:\\\/\\\/www.binauralmedia.org\\\/news\\\/arquivo\\\/24572#blogposting\",\"name\":\"\\u201cUm desconhecido da nossa terra\\u201d dirigido por Rui Catal\\u00e3o - binauralmedia.org\",\"headline\":\"&#8220;Um desconhecido da nossa terra&#8221; dirigido por Rui Catal\\u00e3o\",\"author\":{\"@id\":\"https:\\\/\\\/www.binauralmedia.org\\\/news\\\/arquivo\\\/author\\\/nelyferreira#author\"},\"publisher\":{\"@id\":\"https:\\\/\\\/www.binauralmedia.org\\\/news\\\/#organization\"},\"image\":{\"@type\":\"ImageObject\",\"url\":\"https:\\\/\\\/www.binauralmedia.org\\\/news\\\/wp-content\\\/uploads\\\/Dgartes-Um-desconhecido-da-nossa-terra-scaled.jpg\",\"width\":2560,\"height\":1706},\"datePublished\":\"2025-11-27T14:41:30+00:00\",\"dateModified\":\"2025-12-06T14:51:50+00:00\",\"inLanguage\":\"pt-PT\",\"mainEntityOfPage\":{\"@id\":\"https:\\\/\\\/www.binauralmedia.org\\\/news\\\/arquivo\\\/24572#webpage\"},\"isPartOf\":{\"@id\":\"https:\\\/\\\/www.binauralmedia.org\\\/news\\\/arquivo\\\/24572#webpage\"},\"articleSection\":\"Cria\\u00e7\\u00f5es Art\\u00edsticas, Not\\u00edcias, Optional\"},{\"@type\":\"BreadcrumbList\",\"@id\":\"https:\\\/\\\/www.binauralmedia.org\\\/news\\\/arquivo\\\/24572#breadcrumblist\",\"itemListElement\":[{\"@type\":\"ListItem\",\"@id\":\"https:\\\/\\\/www.binauralmedia.org\\\/news#listItem\",\"position\":1,\"name\":\"Home\",\"item\":\"https:\\\/\\\/www.binauralmedia.org\\\/news\",\"nextItem\":{\"@type\":\"ListItem\",\"@id\":\"https:\\\/\\\/www.binauralmedia.org\\\/news\\\/arquivo\\\/category\\\/news#listItem\",\"name\":\"Not\\u00edcias\"}},{\"@type\":\"ListItem\",\"@id\":\"https:\\\/\\\/www.binauralmedia.org\\\/news\\\/arquivo\\\/category\\\/news#listItem\",\"position\":2,\"name\":\"Not\\u00edcias\",\"item\":\"https:\\\/\\\/www.binauralmedia.org\\\/news\\\/arquivo\\\/category\\\/news\",\"nextItem\":{\"@type\":\"ListItem\",\"@id\":\"https:\\\/\\\/www.binauralmedia.org\\\/news\\\/arquivo\\\/24572#listItem\",\"name\":\"&#8220;Um desconhecido da nossa terra&#8221; dirigido por Rui Catal\\u00e3o\"},\"previousItem\":{\"@type\":\"ListItem\",\"@id\":\"https:\\\/\\\/www.binauralmedia.org\\\/news#listItem\",\"name\":\"Home\"}},{\"@type\":\"ListItem\",\"@id\":\"https:\\\/\\\/www.binauralmedia.org\\\/news\\\/arquivo\\\/24572#listItem\",\"position\":3,\"name\":\"&#8220;Um desconhecido da nossa terra&#8221; dirigido por Rui Catal\\u00e3o\",\"previousItem\":{\"@type\":\"ListItem\",\"@id\":\"https:\\\/\\\/www.binauralmedia.org\\\/news\\\/arquivo\\\/category\\\/news#listItem\",\"name\":\"Not\\u00edcias\"}}]},{\"@type\":\"Organization\",\"@id\":\"https:\\\/\\\/www.binauralmedia.org\\\/news\\\/#organization\",\"name\":\"binauralmedia.org\",\"description\":\"Rural Based Sound\\\/Media Arts & Social Research\",\"url\":\"https:\\\/\\\/www.binauralmedia.org\\\/news\\\/\"},{\"@type\":\"Person\",\"@id\":\"https:\\\/\\\/www.binauralmedia.org\\\/news\\\/arquivo\\\/author\\\/nelyferreira#author\",\"url\":\"https:\\\/\\\/www.binauralmedia.org\\\/news\\\/arquivo\\\/author\\\/nelyferreira\",\"name\":\"Nely Ferreira\"},{\"@type\":\"WebPage\",\"@id\":\"https:\\\/\\\/www.binauralmedia.org\\\/news\\\/arquivo\\\/24572#webpage\",\"url\":\"https:\\\/\\\/www.binauralmedia.org\\\/news\\\/arquivo\\\/24572\",\"name\":\"\\u201cUm desconhecido da nossa terra\\u201d dirigido por Rui Catal\\u00e3o - binauralmedia.org\",\"description\":\"UM DESCONHECIDO DA NOSSA TERRA Uma cria\\u00e7\\u00e3o comunit\\u00e1ria dirigida por Rui Catal\\u00e3o Novembro 2025 \\u2013 Maio 2026 Vouzela e Castro Daire (Viseu D\\u00e3o Laf\\u00f5es) Um coprodu\\u00e7\\u00e3o da Irreal e da Binaural Nodar, em colabora\\u00e7\\u00e3o com a Escola Profissional de Vouzela, com o Munic\\u00edpio de Vouzela, com a Escola Profissional Mariana Seixas (P\\u00f3lo de Castro Daire)\",\"inLanguage\":\"pt-PT\",\"isPartOf\":{\"@id\":\"https:\\\/\\\/www.binauralmedia.org\\\/news\\\/#website\"},\"breadcrumb\":{\"@id\":\"https:\\\/\\\/www.binauralmedia.org\\\/news\\\/arquivo\\\/24572#breadcrumblist\"},\"author\":{\"@id\":\"https:\\\/\\\/www.binauralmedia.org\\\/news\\\/arquivo\\\/author\\\/nelyferreira#author\"},\"creator\":{\"@id\":\"https:\\\/\\\/www.binauralmedia.org\\\/news\\\/arquivo\\\/author\\\/nelyferreira#author\"},\"image\":{\"@type\":\"ImageObject\",\"url\":\"https:\\\/\\\/www.binauralmedia.org\\\/news\\\/wp-content\\\/uploads\\\/Dgartes-Um-desconhecido-da-nossa-terra-scaled.jpg\",\"@id\":\"https:\\\/\\\/www.binauralmedia.org\\\/news\\\/arquivo\\\/24572\\\/#mainImage\",\"width\":2560,\"height\":1706},\"primaryImageOfPage\":{\"@id\":\"https:\\\/\\\/www.binauralmedia.org\\\/news\\\/arquivo\\\/24572#mainImage\"},\"datePublished\":\"2025-11-27T14:41:30+00:00\",\"dateModified\":\"2025-12-06T14:51:50+00:00\"},{\"@type\":\"WebSite\",\"@id\":\"https:\\\/\\\/www.binauralmedia.org\\\/news\\\/#website\",\"url\":\"https:\\\/\\\/www.binauralmedia.org\\\/news\\\/\",\"name\":\"binauralmedia.org\",\"description\":\"Rural Based Sound\\\/Media Arts & Social Research\",\"inLanguage\":\"pt-PT\",\"publisher\":{\"@id\":\"https:\\\/\\\/www.binauralmedia.org\\\/news\\\/#organization\"}}]}\n\t\t<\/script>\n\t\t<!-- All in One SEO -->\n\n","aioseo_head_json":{"title":"\u201cUm desconhecido da nossa terra\u201d dirigido por Rui Catal\u00e3o - binauralmedia.org","description":"UM DESCONHECIDO DA NOSSA TERRA Uma cria\u00e7\u00e3o comunit\u00e1ria dirigida por Rui Catal\u00e3o Novembro 2025 \u2013 Maio 2026 Vouzela e Castro Daire (Viseu D\u00e3o Laf\u00f5es) Um coprodu\u00e7\u00e3o da Irreal e da Binaural Nodar, em colabora\u00e7\u00e3o com a Escola Profissional de Vouzela, com o Munic\u00edpio de Vouzela, com a Escola Profissional Mariana Seixas (P\u00f3lo de Castro Daire)","canonical_url":"https:\/\/www.binauralmedia.org\/news\/arquivo\/24572","robots":"max-image-preview:large","keywords":"","webmasterTools":{"miscellaneous":""},"schema":{"@context":"https:\/\/schema.org","@graph":[{"@type":"BlogPosting","@id":"https:\/\/www.binauralmedia.org\/news\/arquivo\/24572#blogposting","name":"\u201cUm desconhecido da nossa terra\u201d dirigido por Rui Catal\u00e3o - binauralmedia.org","headline":"&#8220;Um desconhecido da nossa terra&#8221; dirigido por Rui Catal\u00e3o","author":{"@id":"https:\/\/www.binauralmedia.org\/news\/arquivo\/author\/nelyferreira#author"},"publisher":{"@id":"https:\/\/www.binauralmedia.org\/news\/#organization"},"image":{"@type":"ImageObject","url":"https:\/\/www.binauralmedia.org\/news\/wp-content\/uploads\/Dgartes-Um-desconhecido-da-nossa-terra-scaled.jpg","width":2560,"height":1706},"datePublished":"2025-11-27T14:41:30+00:00","dateModified":"2025-12-06T14:51:50+00:00","inLanguage":"pt-PT","mainEntityOfPage":{"@id":"https:\/\/www.binauralmedia.org\/news\/arquivo\/24572#webpage"},"isPartOf":{"@id":"https:\/\/www.binauralmedia.org\/news\/arquivo\/24572#webpage"},"articleSection":"Cria\u00e7\u00f5es Art\u00edsticas, Not\u00edcias, Optional"},{"@type":"BreadcrumbList","@id":"https:\/\/www.binauralmedia.org\/news\/arquivo\/24572#breadcrumblist","itemListElement":[{"@type":"ListItem","@id":"https:\/\/www.binauralmedia.org\/news#listItem","position":1,"name":"Home","item":"https:\/\/www.binauralmedia.org\/news","nextItem":{"@type":"ListItem","@id":"https:\/\/www.binauralmedia.org\/news\/arquivo\/category\/news#listItem","name":"Not\u00edcias"}},{"@type":"ListItem","@id":"https:\/\/www.binauralmedia.org\/news\/arquivo\/category\/news#listItem","position":2,"name":"Not\u00edcias","item":"https:\/\/www.binauralmedia.org\/news\/arquivo\/category\/news","nextItem":{"@type":"ListItem","@id":"https:\/\/www.binauralmedia.org\/news\/arquivo\/24572#listItem","name":"&#8220;Um desconhecido da nossa terra&#8221; dirigido por Rui Catal\u00e3o"},"previousItem":{"@type":"ListItem","@id":"https:\/\/www.binauralmedia.org\/news#listItem","name":"Home"}},{"@type":"ListItem","@id":"https:\/\/www.binauralmedia.org\/news\/arquivo\/24572#listItem","position":3,"name":"&#8220;Um desconhecido da nossa terra&#8221; dirigido por Rui Catal\u00e3o","previousItem":{"@type":"ListItem","@id":"https:\/\/www.binauralmedia.org\/news\/arquivo\/category\/news#listItem","name":"Not\u00edcias"}}]},{"@type":"Organization","@id":"https:\/\/www.binauralmedia.org\/news\/#organization","name":"binauralmedia.org","description":"Rural Based Sound\/Media Arts & Social Research","url":"https:\/\/www.binauralmedia.org\/news\/"},{"@type":"Person","@id":"https:\/\/www.binauralmedia.org\/news\/arquivo\/author\/nelyferreira#author","url":"https:\/\/www.binauralmedia.org\/news\/arquivo\/author\/nelyferreira","name":"Nely Ferreira"},{"@type":"WebPage","@id":"https:\/\/www.binauralmedia.org\/news\/arquivo\/24572#webpage","url":"https:\/\/www.binauralmedia.org\/news\/arquivo\/24572","name":"\u201cUm desconhecido da nossa terra\u201d dirigido por Rui Catal\u00e3o - binauralmedia.org","description":"UM DESCONHECIDO DA NOSSA TERRA Uma cria\u00e7\u00e3o comunit\u00e1ria dirigida por Rui Catal\u00e3o Novembro 2025 \u2013 Maio 2026 Vouzela e Castro Daire (Viseu D\u00e3o Laf\u00f5es) Um coprodu\u00e7\u00e3o da Irreal e da Binaural Nodar, em colabora\u00e7\u00e3o com a Escola Profissional de Vouzela, com o Munic\u00edpio de Vouzela, com a Escola Profissional Mariana Seixas (P\u00f3lo de Castro Daire)","inLanguage":"pt-PT","isPartOf":{"@id":"https:\/\/www.binauralmedia.org\/news\/#website"},"breadcrumb":{"@id":"https:\/\/www.binauralmedia.org\/news\/arquivo\/24572#breadcrumblist"},"author":{"@id":"https:\/\/www.binauralmedia.org\/news\/arquivo\/author\/nelyferreira#author"},"creator":{"@id":"https:\/\/www.binauralmedia.org\/news\/arquivo\/author\/nelyferreira#author"},"image":{"@type":"ImageObject","url":"https:\/\/www.binauralmedia.org\/news\/wp-content\/uploads\/Dgartes-Um-desconhecido-da-nossa-terra-scaled.jpg","@id":"https:\/\/www.binauralmedia.org\/news\/arquivo\/24572\/#mainImage","width":2560,"height":1706},"primaryImageOfPage":{"@id":"https:\/\/www.binauralmedia.org\/news\/arquivo\/24572#mainImage"},"datePublished":"2025-11-27T14:41:30+00:00","dateModified":"2025-12-06T14:51:50+00:00"},{"@type":"WebSite","@id":"https:\/\/www.binauralmedia.org\/news\/#website","url":"https:\/\/www.binauralmedia.org\/news\/","name":"binauralmedia.org","description":"Rural Based Sound\/Media Arts & Social Research","inLanguage":"pt-PT","publisher":{"@id":"https:\/\/www.binauralmedia.org\/news\/#organization"}}]},"og:locale":"pt_PT","og:site_name":"binauralmedia.org - Rural Based Sound\/Media Arts &amp; Social Research","og:type":"article","og:title":"\u201cUm desconhecido da nossa terra\u201d dirigido por Rui Catal\u00e3o - binauralmedia.org","og:description":"UM DESCONHECIDO DA NOSSA TERRA Uma cria\u00e7\u00e3o comunit\u00e1ria dirigida por Rui Catal\u00e3o Novembro 2025 \u2013 Maio 2026 Vouzela e Castro Daire (Viseu D\u00e3o Laf\u00f5es) Um coprodu\u00e7\u00e3o da Irreal e da Binaural Nodar, em colabora\u00e7\u00e3o com a Escola Profissional de Vouzela, com o Munic\u00edpio de Vouzela, com a Escola Profissional Mariana Seixas (P\u00f3lo de Castro Daire)","og:url":"https:\/\/www.binauralmedia.org\/news\/arquivo\/24572","article:published_time":"2025-11-27T14:41:30+00:00","article:modified_time":"2025-12-06T14:51:50+00:00","twitter:card":"summary_large_image","twitter:title":"\u201cUm desconhecido da nossa terra\u201d dirigido por Rui Catal\u00e3o - binauralmedia.org","twitter:description":"UM DESCONHECIDO DA NOSSA TERRA Uma cria\u00e7\u00e3o comunit\u00e1ria dirigida por Rui Catal\u00e3o Novembro 2025 \u2013 Maio 2026 Vouzela e Castro Daire (Viseu D\u00e3o Laf\u00f5es) Um coprodu\u00e7\u00e3o da Irreal e da Binaural Nodar, em colabora\u00e7\u00e3o com a Escola Profissional de Vouzela, com o Munic\u00edpio de Vouzela, com a Escola Profissional Mariana Seixas (P\u00f3lo de Castro Daire)"},"aioseo_meta_data":{"post_id":"24572","title":null,"description":null,"keywords":null,"keyphrases":null,"primary_term":null,"canonical_url":null,"og_title":null,"og_description":null,"og_object_type":"default","og_image_type":"default","og_image_custom_url":null,"og_image_custom_fields":null,"og_image_url":null,"og_image_width":null,"og_image_height":null,"og_video":null,"og_custom_url":null,"og_article_section":null,"og_article_tags":null,"twitter_use_og":false,"twitter_card":"default","twitter_image_type":"default","twitter_image_custom_url":null,"twitter_image_custom_fields":null,"twitter_image_url":null,"twitter_title":null,"twitter_description":null,"schema_type":"default","schema_type_options":null,"schema":{"blockGraphs":[],"customGraphs":[],"default":{"data":{"Article":[],"Course":[],"Dataset":[],"FAQPage":[],"Movie":[],"Person":[],"Product":[],"ProductReview":[],"Car":[],"Recipe":[],"Service":[],"SoftwareApplication":[],"WebPage":[]},"graphName":"","isEnabled":true},"graphs":[]},"pillar_content":false,"robots_default":true,"robots_noindex":false,"robots_noarchive":false,"robots_nosnippet":false,"robots_nofollow":false,"robots_noimageindex":false,"robots_noodp":false,"robots_notranslate":false,"robots_max_snippet":null,"robots_max_videopreview":null,"robots_max_imagepreview":"large","priority":null,"frequency":null,"local_seo":null,"limit_modified_date":false,"ai":null,"breadcrumb_settings":null,"seo_analyzer_scan_date":null,"created":"2026-08-05 08:27:14","updated":"2026-08-05 08:27:14","focus_keyword":null,"additional_keywords":null,"truseo_locale":null},"aioseo_breadcrumb":"<div class=\"aioseo-breadcrumbs\"><span class=\"aioseo-breadcrumb\">\n\t\t\t<a href=\"https:\/\/www.binauralmedia.org\/news\" title=\"Home\">Home<\/a>\n\t\t<\/span><span class=\"aioseo-breadcrumb-separator\">&raquo;<\/span><span class=\"aioseo-breadcrumb\">\n\t\t\t<a href=\"https:\/\/www.binauralmedia.org\/news\/arquivo\/category\/news\" title=\"Not\u00edcias\">Not\u00edcias<\/a>\n\t\t<\/span><span class=\"aioseo-breadcrumb-separator\">&raquo;<\/span><span class=\"aioseo-breadcrumb\">\n\t\t\t\u201cUm desconhecido da nossa terra\u201d dirigido por Rui Catal\u00e3o\n\t\t<\/span><\/div>","aioseo_breadcrumb_json":[{"label":"Home","link":"https:\/\/www.binauralmedia.org\/news"},{"label":"Not\u00edcias","link":"https:\/\/www.binauralmedia.org\/news\/arquivo\/category\/news"},{"label":"&#8220;Um desconhecido da nossa terra&#8221; dirigido por Rui Catal\u00e3o","link":"https:\/\/www.binauralmedia.org\/news\/arquivo\/24572"}],"_links":{"self":[{"href":"https:\/\/www.binauralmedia.org\/news\/wp-json\/wp\/v2\/posts\/24572","targetHints":{"allow":["GET"]}}],"collection":[{"href":"https:\/\/www.binauralmedia.org\/news\/wp-json\/wp\/v2\/posts"}],"about":[{"href":"https:\/\/www.binauralmedia.org\/news\/wp-json\/wp\/v2\/types\/post"}],"author":[{"embeddable":true,"href":"https:\/\/www.binauralmedia.org\/news\/wp-json\/wp\/v2\/users\/8"}],"replies":[{"embeddable":true,"href":"https:\/\/www.binauralmedia.org\/news\/wp-json\/wp\/v2\/comments?post=24572"}],"version-history":[{"count":3,"href":"https:\/\/www.binauralmedia.org\/news\/wp-json\/wp\/v2\/posts\/24572\/revisions"}],"predecessor-version":[{"id":24583,"href":"https:\/\/www.binauralmedia.org\/news\/wp-json\/wp\/v2\/posts\/24572\/revisions\/24583"}],"wp:featuredmedia":[{"embeddable":true,"href":"https:\/\/www.binauralmedia.org\/news\/wp-json\/wp\/v2\/media\/24573"}],"wp:attachment":[{"href":"https:\/\/www.binauralmedia.org\/news\/wp-json\/wp\/v2\/media?parent=24572"}],"wp:term":[{"taxonomy":"category","embeddable":true,"href":"https:\/\/www.binauralmedia.org\/news\/wp-json\/wp\/v2\/categories?post=24572"},{"taxonomy":"post_tag","embeddable":true,"href":"https:\/\/www.binauralmedia.org\/news\/wp-json\/wp\/v2\/tags?post=24572"}],"curies":[{"name":"wp","href":"https:\/\/api.w.org\/{rel}","templated":true}]}}