{"id":24539,"date":"2025-11-13T09:45:38","date_gmt":"2025-11-13T09:45:38","guid":{"rendered":"https:\/\/www.binauralmedia.org\/news?p=24539"},"modified":"2025-11-20T10:06:12","modified_gmt":"2025-11-20T10:06:12","slug":"programa-de-diploma-do-audivel-ao-aural","status":"publish","type":"post","link":"https:\/\/www.binauralmedia.org\/news\/arquivo\/24539","title":{"rendered":"Programa de diploma &#8220;Do aud\u00edvel ao aural&#8221;"},"content":{"rendered":"<div class=\"fusion-fullwidth fullwidth-box fusion-builder-row-1 fusion-flex-container nonhundred-percent-fullwidth non-hundred-percent-height-scrolling\" style=\"--awb-border-radius-top-left:0px;--awb-border-radius-top-right:0px;--awb-border-radius-bottom-right:0px;--awb-border-radius-bottom-left:0px;--awb-flex-wrap:wrap;\" ><div class=\"fusion-builder-row fusion-row fusion-flex-align-items-flex-start fusion-flex-content-wrap\" style=\"max-width:1144px;margin-left: calc(-4% \/ 2 );margin-right: calc(-4% \/ 2 );\"><div class=\"fusion-layout-column fusion_builder_column fusion-builder-column-0 fusion_builder_column_1_1 1_1 fusion-flex-column\" style=\"--awb-bg-size:cover;--awb-width-large:100%;--awb-margin-top-large:0px;--awb-spacing-right-large:1.92%;--awb-margin-bottom-large:0px;--awb-spacing-left-large:1.92%;--awb-width-medium:100%;--awb-spacing-right-medium:1.92%;--awb-spacing-left-medium:1.92%;--awb-width-small:100%;--awb-spacing-right-small:1.92%;--awb-spacing-left-small:1.92%;\"><div class=\"fusion-column-wrapper fusion-flex-justify-content-flex-start fusion-content-layout-column\"><div class=\"fusion-text fusion-text-1\"><p>PROGRAMA DE DIPLOMA &#8220;DO AUD\u00cdVEL AO AURAL&#8221;<br \/>\nDe Fevereiro a Junho de 2026<br \/>\nCom a participa\u00e7\u00e3o de Lu\u00eds Costa<\/p>\n<p>Lu\u00eds Costa, coordenador da Binaural Nodar e investigador de doutoramento em cria\u00e7\u00e3o art\u00edstica nos laborat\u00f3rios ID+ (Universidade de Aveiro) e LiDA (Escola Superior de Arte e Design, Caldas da Rainha), ser\u00e1 um dos docentes do Programa de Diploma &#8220;De lo audible a lo aural: El giro social en los estudios sonoros&#8221;, coorganizado pelo Programa Ibermemoria Sonora, Fotogr\u00e1fica e Audiovisual e pela Fonoteca Nacional do M\u00e9xico.<\/p>\n<p>Os objetivos desta quarta edi\u00e7\u00e3o do programa de diploma, centram-se numa forma\u00e7\u00e3o transdisciplinar, situada na intersec\u00e7\u00e3o entre as ci\u00eancias sociais e as humanidades, cujos objetivos s\u00e3o fornecer aos participantes ferramentas te\u00f3rico-metodol\u00f3gicas para desenvolver projetos de investiga\u00e7\u00e3o social no campo dos estudos do som e da escuta, e constituir-se como um espa\u00e7o de interc\u00e2mbio e de produ\u00e7\u00e3o de conhecimento cr\u00edtico.<\/p>\n<p>O programa \u00e9 destinado a profissionais que tenham conclu\u00eddo os seus estudos de licenciatura (ou equivalente), estudantes de p\u00f3s-gradua\u00e7\u00e3o, investigadores e professores, preferencialmente com perfis ligados ao campo das ci\u00eancias sociais e humanas e com um projeto em andamento ou a ser iniciado relacionado com os temas do programa.<\/p>\n<p>O semin\u00e1rio proposto por Lu\u00eds Costa decorrer\u00e1 em 21 de maio de 2026 e intitula-se &#8220;Sonando el intersticio: ecolog\u00edas ac\u00fasticas, multisensorialidad y conexiones translocales&#8221;, propondo uma problematiza\u00e7\u00e3o da rela\u00e7\u00e3o do som com os restantes sentidos, a partir da presen\u00e7a f\u00edsica nos lugares concretos, assim como o interesse do conceito de escuta relacional, uma que se desenvolve entre v\u00e1rios territ\u00f3rios.<\/p>\n<p>O programa iniciar-se-\u00e1 a 5 de fevereiro e terminar\u00e1 a 25 de junho de 2026, tem a coordena\u00e7\u00e3o acad\u00e9mica da Dra. Ana Lidia M. Dom\u00ednguez Ruiz e incluir\u00e1 80 horas de semin\u00e1rios na modalidade virtual.<\/p>\n<p>Hor\u00e1rio: Quintas-feiras, das 16h \u00e0s 20h (GMT-6)<br \/>\nCusto: $9.000,00 MXN \/ $488 USD (mais comiss\u00e3o banc\u00e1ria pela recep\u00e7\u00e3o de pagamentos $8,00 + IVA (15%) MXN \/ $30,00 + IVA (15%) USD)<br \/>\nVagas: m\u00ednimo 15 | m\u00e1ximo 35<br \/>\nInforma\u00e7\u00f5es: fonotecainformes@gmail.com<br \/>\nPrograma completo: <a href=\"https:\/\/fonotecanacional.cultura.gob.mx\/images\/De-lo-audible-a-lo-aural-4-Convocatoria-2026.pdf?fbclid=IwY2xjawOLxtZleHRuA2FlbQIxMABicmlkETA5ZDdra3F2TDNYOVlMOVozc3J0YwZhcHBfaWQQMjIyMDM5MTc4ODIwMDg5MgABHnkoG0n1e4JCGZMW5IjEqRBuCkwlNP8r-S-wfBU6cOtUULt_qN48j4dQFFPq_aem_ASrhGXuaSwS1Gtr-MdsQlA\" target=\"_blank\" rel=\"noopener\">https:\/\/fonotecanacional.cultura.gob.mx&#8230;<\/a><\/p>\n<p>A Binaural Nodar \u00e9 uma entidade cultural apoiada pela Rep\u00fablica Portuguesa &#8211; Cultura, Juventude e Desporto | Dire\u00e7\u00e3o-Geral das Artes.<\/p>\n<\/div><\/div><\/div><\/div><\/div>\n","protected":false},"excerpt":{"rendered":"","protected":false},"author":8,"featured_media":24540,"comment_status":"closed","ping_status":"closed","sticky":false,"template":"","format":"standard","meta":{"_acf_changed":false,"_bbp_topic_count":0,"_bbp_reply_count":0,"_bbp_total_topic_count":0,"_bbp_total_reply_count":0,"_bbp_voice_count":0,"_bbp_anonymous_reply_count":0,"_bbp_topic_count_hidden":0,"_bbp_reply_count_hidden":0,"_bbp_forum_subforum_count":0,"footnotes":""},"categories":[1],"tags":[],"class_list":["post-24539","post","type-post","status-publish","format-standard","has-post-thumbnail","hentry","category-news"],"acf":[],"aioseo_notices":[],"aioseo_head":"\n\t\t<!-- All in One SEO 5.0.1.1 - aioseo.com -->\n\t<meta name=\"description\" content=\"PROGRAMA DE DIPLOMA \u201cDO AUD\u00cdVEL AO AURAL\u201d De Fevereiro a Junho de 2026 Com a participa\u00e7\u00e3o de Lu\u00eds Costa Lu\u00eds Costa, coordenador da Binaural Nodar e investigador de doutoramento em cria\u00e7\u00e3o art\u00edstica nos laborat\u00f3rios ID+ (Universidade de Aveiro) e LiDA (Escola Superior de Arte e Design, Caldas da Rainha), ser\u00e1 um dos docentes do Programa\" \/>\n\t<meta name=\"robots\" content=\"max-image-preview:large\" \/>\n\t<meta name=\"author\" content=\"Nely Ferreira\"\/>\n\t<link rel=\"canonical\" href=\"https:\/\/www.binauralmedia.org\/news\/arquivo\/24539\" \/>\n\t<meta name=\"generator\" content=\"All in One SEO (AIOSEO) 5.0.1.1\" \/>\n\t\t<meta property=\"og:locale\" content=\"pt_PT\" \/>\n\t\t<meta property=\"og:site_name\" content=\"binauralmedia.org - Rural Based Sound\/Media Arts &amp; Social Research\" \/>\n\t\t<meta property=\"og:type\" content=\"article\" \/>\n\t\t<meta property=\"og:title\" content=\"Programa de diploma \u201cDo aud\u00edvel ao aural\u201d - binauralmedia.org\" \/>\n\t\t<meta property=\"og:description\" content=\"PROGRAMA DE DIPLOMA \u201cDO AUD\u00cdVEL AO AURAL\u201d De Fevereiro a Junho de 2026 Com a participa\u00e7\u00e3o de Lu\u00eds Costa Lu\u00eds Costa, coordenador da Binaural Nodar e investigador de doutoramento em cria\u00e7\u00e3o art\u00edstica nos laborat\u00f3rios ID+ (Universidade de Aveiro) e LiDA (Escola Superior de Arte e Design, Caldas da Rainha), ser\u00e1 um dos docentes do Programa\" \/>\n\t\t<meta property=\"og:url\" content=\"https:\/\/www.binauralmedia.org\/news\/arquivo\/24539\" \/>\n\t\t<meta property=\"article:published_time\" content=\"2025-11-13T09:45:38+00:00\" \/>\n\t\t<meta property=\"article:modified_time\" content=\"2025-11-20T10:06:12+00:00\" \/>\n\t\t<meta name=\"twitter:card\" content=\"summary_large_image\" \/>\n\t\t<meta name=\"twitter:title\" content=\"Programa de diploma \u201cDo aud\u00edvel ao aural\u201d - binauralmedia.org\" \/>\n\t\t<meta name=\"twitter:description\" content=\"PROGRAMA DE DIPLOMA \u201cDO AUD\u00cdVEL AO AURAL\u201d De Fevereiro a Junho de 2026 Com a participa\u00e7\u00e3o de Lu\u00eds Costa Lu\u00eds Costa, coordenador da Binaural Nodar e investigador de doutoramento em cria\u00e7\u00e3o art\u00edstica nos laborat\u00f3rios ID+ (Universidade de Aveiro) e LiDA (Escola Superior de Arte e Design, Caldas da Rainha), ser\u00e1 um dos docentes do Programa\" \/>\n\t\t<script type=\"application\/ld+json\" class=\"aioseo-schema\">\n\t\t\t{\"@context\":\"https:\\\/\\\/schema.org\",\"@graph\":[{\"@type\":\"BlogPosting\",\"@id\":\"https:\\\/\\\/www.binauralmedia.org\\\/news\\\/arquivo\\\/24539#blogposting\",\"name\":\"Programa de diploma \\u201cDo aud\\u00edvel ao aural\\u201d - binauralmedia.org\",\"headline\":\"Programa de diploma &#8220;Do aud\\u00edvel ao aural&#8221;\",\"author\":{\"@id\":\"https:\\\/\\\/www.binauralmedia.org\\\/news\\\/arquivo\\\/author\\\/nelyferreira#author\"},\"publisher\":{\"@id\":\"https:\\\/\\\/www.binauralmedia.org\\\/news\\\/#organization\"},\"image\":{\"@type\":\"ImageObject\",\"url\":\"https:\\\/\\\/www.binauralmedia.org\\\/news\\\/wp-content\\\/uploads\\\/1-7.png\",\"width\":1200,\"height\":800},\"datePublished\":\"2025-11-13T09:45:38+00:00\",\"dateModified\":\"2025-11-20T10:06:12+00:00\",\"inLanguage\":\"pt-PT\",\"mainEntityOfPage\":{\"@id\":\"https:\\\/\\\/www.binauralmedia.org\\\/news\\\/arquivo\\\/24539#webpage\"},\"isPartOf\":{\"@id\":\"https:\\\/\\\/www.binauralmedia.org\\\/news\\\/arquivo\\\/24539#webpage\"},\"articleSection\":\"Not\\u00edcias, Optional\"},{\"@type\":\"BreadcrumbList\",\"@id\":\"https:\\\/\\\/www.binauralmedia.org\\\/news\\\/arquivo\\\/24539#breadcrumblist\",\"itemListElement\":[{\"@type\":\"ListItem\",\"@id\":\"https:\\\/\\\/www.binauralmedia.org\\\/news#listItem\",\"position\":1,\"name\":\"Home\",\"item\":\"https:\\\/\\\/www.binauralmedia.org\\\/news\",\"nextItem\":{\"@type\":\"ListItem\",\"@id\":\"https:\\\/\\\/www.binauralmedia.org\\\/news\\\/arquivo\\\/category\\\/news#listItem\",\"name\":\"Not\\u00edcias\"}},{\"@type\":\"ListItem\",\"@id\":\"https:\\\/\\\/www.binauralmedia.org\\\/news\\\/arquivo\\\/category\\\/news#listItem\",\"position\":2,\"name\":\"Not\\u00edcias\",\"item\":\"https:\\\/\\\/www.binauralmedia.org\\\/news\\\/arquivo\\\/category\\\/news\",\"nextItem\":{\"@type\":\"ListItem\",\"@id\":\"https:\\\/\\\/www.binauralmedia.org\\\/news\\\/arquivo\\\/24539#listItem\",\"name\":\"Programa de diploma &#8220;Do aud\\u00edvel ao aural&#8221;\"},\"previousItem\":{\"@type\":\"ListItem\",\"@id\":\"https:\\\/\\\/www.binauralmedia.org\\\/news#listItem\",\"name\":\"Home\"}},{\"@type\":\"ListItem\",\"@id\":\"https:\\\/\\\/www.binauralmedia.org\\\/news\\\/arquivo\\\/24539#listItem\",\"position\":3,\"name\":\"Programa de diploma &#8220;Do aud\\u00edvel ao aural&#8221;\",\"previousItem\":{\"@type\":\"ListItem\",\"@id\":\"https:\\\/\\\/www.binauralmedia.org\\\/news\\\/arquivo\\\/category\\\/news#listItem\",\"name\":\"Not\\u00edcias\"}}]},{\"@type\":\"Organization\",\"@id\":\"https:\\\/\\\/www.binauralmedia.org\\\/news\\\/#organization\",\"name\":\"binauralmedia.org\",\"description\":\"Rural Based Sound\\\/Media Arts & Social Research\",\"url\":\"https:\\\/\\\/www.binauralmedia.org\\\/news\\\/\"},{\"@type\":\"Person\",\"@id\":\"https:\\\/\\\/www.binauralmedia.org\\\/news\\\/arquivo\\\/author\\\/nelyferreira#author\",\"url\":\"https:\\\/\\\/www.binauralmedia.org\\\/news\\\/arquivo\\\/author\\\/nelyferreira\",\"name\":\"Nely Ferreira\"},{\"@type\":\"WebPage\",\"@id\":\"https:\\\/\\\/www.binauralmedia.org\\\/news\\\/arquivo\\\/24539#webpage\",\"url\":\"https:\\\/\\\/www.binauralmedia.org\\\/news\\\/arquivo\\\/24539\",\"name\":\"Programa de diploma \\u201cDo aud\\u00edvel ao aural\\u201d - binauralmedia.org\",\"description\":\"PROGRAMA DE DIPLOMA \\u201cDO AUD\\u00cdVEL AO AURAL\\u201d De Fevereiro a Junho de 2026 Com a participa\\u00e7\\u00e3o de Lu\\u00eds Costa Lu\\u00eds Costa, coordenador da Binaural Nodar e investigador de doutoramento em cria\\u00e7\\u00e3o art\\u00edstica nos laborat\\u00f3rios ID+ (Universidade de Aveiro) e LiDA (Escola Superior de Arte e Design, Caldas da Rainha), ser\\u00e1 um dos docentes do Programa\",\"inLanguage\":\"pt-PT\",\"isPartOf\":{\"@id\":\"https:\\\/\\\/www.binauralmedia.org\\\/news\\\/#website\"},\"breadcrumb\":{\"@id\":\"https:\\\/\\\/www.binauralmedia.org\\\/news\\\/arquivo\\\/24539#breadcrumblist\"},\"author\":{\"@id\":\"https:\\\/\\\/www.binauralmedia.org\\\/news\\\/arquivo\\\/author\\\/nelyferreira#author\"},\"creator\":{\"@id\":\"https:\\\/\\\/www.binauralmedia.org\\\/news\\\/arquivo\\\/author\\\/nelyferreira#author\"},\"image\":{\"@type\":\"ImageObject\",\"url\":\"https:\\\/\\\/www.binauralmedia.org\\\/news\\\/wp-content\\\/uploads\\\/1-7.png\",\"@id\":\"https:\\\/\\\/www.binauralmedia.org\\\/news\\\/arquivo\\\/24539\\\/#mainImage\",\"width\":1200,\"height\":800},\"primaryImageOfPage\":{\"@id\":\"https:\\\/\\\/www.binauralmedia.org\\\/news\\\/arquivo\\\/24539#mainImage\"},\"datePublished\":\"2025-11-13T09:45:38+00:00\",\"dateModified\":\"2025-11-20T10:06:12+00:00\"},{\"@type\":\"WebSite\",\"@id\":\"https:\\\/\\\/www.binauralmedia.org\\\/news\\\/#website\",\"url\":\"https:\\\/\\\/www.binauralmedia.org\\\/news\\\/\",\"name\":\"binauralmedia.org\",\"description\":\"Rural Based Sound\\\/Media Arts & Social Research\",\"inLanguage\":\"pt-PT\",\"publisher\":{\"@id\":\"https:\\\/\\\/www.binauralmedia.org\\\/news\\\/#organization\"}}]}\n\t\t<\/script>\n\t\t<!-- All in One SEO -->\n\n","aioseo_head_json":{"title":"Programa de diploma \u201cDo aud\u00edvel ao aural\u201d - binauralmedia.org","description":"PROGRAMA DE DIPLOMA \u201cDO AUD\u00cdVEL AO AURAL\u201d De Fevereiro a Junho de 2026 Com a participa\u00e7\u00e3o de Lu\u00eds Costa Lu\u00eds Costa, coordenador da Binaural Nodar e investigador de doutoramento em cria\u00e7\u00e3o art\u00edstica nos laborat\u00f3rios ID+ (Universidade de Aveiro) e LiDA (Escola Superior de Arte e Design, Caldas da Rainha), ser\u00e1 um dos docentes do Programa","canonical_url":"https:\/\/www.binauralmedia.org\/news\/arquivo\/24539","robots":"max-image-preview:large","keywords":"","webmasterTools":{"miscellaneous":""},"schema":{"@context":"https:\/\/schema.org","@graph":[{"@type":"BlogPosting","@id":"https:\/\/www.binauralmedia.org\/news\/arquivo\/24539#blogposting","name":"Programa de diploma \u201cDo aud\u00edvel ao aural\u201d - binauralmedia.org","headline":"Programa de diploma &#8220;Do aud\u00edvel ao aural&#8221;","author":{"@id":"https:\/\/www.binauralmedia.org\/news\/arquivo\/author\/nelyferreira#author"},"publisher":{"@id":"https:\/\/www.binauralmedia.org\/news\/#organization"},"image":{"@type":"ImageObject","url":"https:\/\/www.binauralmedia.org\/news\/wp-content\/uploads\/1-7.png","width":1200,"height":800},"datePublished":"2025-11-13T09:45:38+00:00","dateModified":"2025-11-20T10:06:12+00:00","inLanguage":"pt-PT","mainEntityOfPage":{"@id":"https:\/\/www.binauralmedia.org\/news\/arquivo\/24539#webpage"},"isPartOf":{"@id":"https:\/\/www.binauralmedia.org\/news\/arquivo\/24539#webpage"},"articleSection":"Not\u00edcias, Optional"},{"@type":"BreadcrumbList","@id":"https:\/\/www.binauralmedia.org\/news\/arquivo\/24539#breadcrumblist","itemListElement":[{"@type":"ListItem","@id":"https:\/\/www.binauralmedia.org\/news#listItem","position":1,"name":"Home","item":"https:\/\/www.binauralmedia.org\/news","nextItem":{"@type":"ListItem","@id":"https:\/\/www.binauralmedia.org\/news\/arquivo\/category\/news#listItem","name":"Not\u00edcias"}},{"@type":"ListItem","@id":"https:\/\/www.binauralmedia.org\/news\/arquivo\/category\/news#listItem","position":2,"name":"Not\u00edcias","item":"https:\/\/www.binauralmedia.org\/news\/arquivo\/category\/news","nextItem":{"@type":"ListItem","@id":"https:\/\/www.binauralmedia.org\/news\/arquivo\/24539#listItem","name":"Programa de diploma &#8220;Do aud\u00edvel ao aural&#8221;"},"previousItem":{"@type":"ListItem","@id":"https:\/\/www.binauralmedia.org\/news#listItem","name":"Home"}},{"@type":"ListItem","@id":"https:\/\/www.binauralmedia.org\/news\/arquivo\/24539#listItem","position":3,"name":"Programa de diploma &#8220;Do aud\u00edvel ao aural&#8221;","previousItem":{"@type":"ListItem","@id":"https:\/\/www.binauralmedia.org\/news\/arquivo\/category\/news#listItem","name":"Not\u00edcias"}}]},{"@type":"Organization","@id":"https:\/\/www.binauralmedia.org\/news\/#organization","name":"binauralmedia.org","description":"Rural Based Sound\/Media Arts & Social Research","url":"https:\/\/www.binauralmedia.org\/news\/"},{"@type":"Person","@id":"https:\/\/www.binauralmedia.org\/news\/arquivo\/author\/nelyferreira#author","url":"https:\/\/www.binauralmedia.org\/news\/arquivo\/author\/nelyferreira","name":"Nely Ferreira"},{"@type":"WebPage","@id":"https:\/\/www.binauralmedia.org\/news\/arquivo\/24539#webpage","url":"https:\/\/www.binauralmedia.org\/news\/arquivo\/24539","name":"Programa de diploma \u201cDo aud\u00edvel ao aural\u201d - binauralmedia.org","description":"PROGRAMA DE DIPLOMA \u201cDO AUD\u00cdVEL AO AURAL\u201d De Fevereiro a Junho de 2026 Com a participa\u00e7\u00e3o de Lu\u00eds Costa Lu\u00eds Costa, coordenador da Binaural Nodar e investigador de doutoramento em cria\u00e7\u00e3o art\u00edstica nos laborat\u00f3rios ID+ (Universidade de Aveiro) e LiDA (Escola Superior de Arte e Design, Caldas da Rainha), ser\u00e1 um dos docentes do Programa","inLanguage":"pt-PT","isPartOf":{"@id":"https:\/\/www.binauralmedia.org\/news\/#website"},"breadcrumb":{"@id":"https:\/\/www.binauralmedia.org\/news\/arquivo\/24539#breadcrumblist"},"author":{"@id":"https:\/\/www.binauralmedia.org\/news\/arquivo\/author\/nelyferreira#author"},"creator":{"@id":"https:\/\/www.binauralmedia.org\/news\/arquivo\/author\/nelyferreira#author"},"image":{"@type":"ImageObject","url":"https:\/\/www.binauralmedia.org\/news\/wp-content\/uploads\/1-7.png","@id":"https:\/\/www.binauralmedia.org\/news\/arquivo\/24539\/#mainImage","width":1200,"height":800},"primaryImageOfPage":{"@id":"https:\/\/www.binauralmedia.org\/news\/arquivo\/24539#mainImage"},"datePublished":"2025-11-13T09:45:38+00:00","dateModified":"2025-11-20T10:06:12+00:00"},{"@type":"WebSite","@id":"https:\/\/www.binauralmedia.org\/news\/#website","url":"https:\/\/www.binauralmedia.org\/news\/","name":"binauralmedia.org","description":"Rural Based Sound\/Media Arts & Social Research","inLanguage":"pt-PT","publisher":{"@id":"https:\/\/www.binauralmedia.org\/news\/#organization"}}]},"og:locale":"pt_PT","og:site_name":"binauralmedia.org - Rural Based Sound\/Media Arts &amp; Social Research","og:type":"article","og:title":"Programa de diploma \u201cDo aud\u00edvel ao aural\u201d - binauralmedia.org","og:description":"PROGRAMA DE DIPLOMA \u201cDO AUD\u00cdVEL AO AURAL\u201d De Fevereiro a Junho de 2026 Com a participa\u00e7\u00e3o de Lu\u00eds Costa Lu\u00eds Costa, coordenador da Binaural Nodar e investigador de doutoramento em cria\u00e7\u00e3o art\u00edstica nos laborat\u00f3rios ID+ (Universidade de Aveiro) e LiDA (Escola Superior de Arte e Design, Caldas da Rainha), ser\u00e1 um dos docentes do Programa","og:url":"https:\/\/www.binauralmedia.org\/news\/arquivo\/24539","article:published_time":"2025-11-13T09:45:38+00:00","article:modified_time":"2025-11-20T10:06:12+00:00","twitter:card":"summary_large_image","twitter:title":"Programa de diploma \u201cDo aud\u00edvel ao aural\u201d - binauralmedia.org","twitter:description":"PROGRAMA DE DIPLOMA \u201cDO AUD\u00cdVEL AO AURAL\u201d De Fevereiro a Junho de 2026 Com a participa\u00e7\u00e3o de Lu\u00eds Costa Lu\u00eds Costa, coordenador da Binaural Nodar e investigador de doutoramento em cria\u00e7\u00e3o art\u00edstica nos laborat\u00f3rios ID+ (Universidade de Aveiro) e LiDA (Escola Superior de Arte e Design, Caldas da Rainha), ser\u00e1 um dos docentes do Programa"},"aioseo_meta_data":{"post_id":"24539","title":null,"description":null,"keywords":null,"keyphrases":null,"primary_term":null,"canonical_url":null,"og_title":null,"og_description":null,"og_object_type":"default","og_image_type":"default","og_image_custom_url":null,"og_image_custom_fields":null,"og_image_url":null,"og_image_width":null,"og_image_height":null,"og_video":null,"og_custom_url":null,"og_article_section":null,"og_article_tags":null,"twitter_use_og":false,"twitter_card":"default","twitter_image_type":"default","twitter_image_custom_url":null,"twitter_image_custom_fields":null,"twitter_image_url":null,"twitter_title":null,"twitter_description":null,"schema_type":"default","schema_type_options":null,"schema":{"blockGraphs":[],"customGraphs":[],"default":{"data":{"Article":[],"Course":[],"Dataset":[],"FAQPage":[],"Movie":[],"Person":[],"Product":[],"ProductReview":[],"Car":[],"Recipe":[],"Service":[],"SoftwareApplication":[],"WebPage":[]},"graphName":"","isEnabled":true},"graphs":[]},"pillar_content":false,"robots_default":true,"robots_noindex":false,"robots_noarchive":false,"robots_nosnippet":false,"robots_nofollow":false,"robots_noimageindex":false,"robots_noodp":false,"robots_notranslate":false,"robots_max_snippet":null,"robots_max_videopreview":null,"robots_max_imagepreview":"large","priority":null,"frequency":null,"local_seo":null,"limit_modified_date":false,"ai":null,"breadcrumb_settings":null,"seo_analyzer_scan_date":null,"created":"2026-08-05 08:27:14","updated":"2026-08-05 08:27:14","focus_keyword":null,"additional_keywords":null,"truseo_locale":null},"aioseo_breadcrumb":"<div class=\"aioseo-breadcrumbs\"><span class=\"aioseo-breadcrumb\">\n\t\t\t<a href=\"https:\/\/www.binauralmedia.org\/news\" title=\"Home\">Home<\/a>\n\t\t<\/span><span class=\"aioseo-breadcrumb-separator\">&raquo;<\/span><span class=\"aioseo-breadcrumb\">\n\t\t\t<a href=\"https:\/\/www.binauralmedia.org\/news\/arquivo\/category\/news\" title=\"Not\u00edcias\">Not\u00edcias<\/a>\n\t\t<\/span><span class=\"aioseo-breadcrumb-separator\">&raquo;<\/span><span class=\"aioseo-breadcrumb\">\n\t\t\tPrograma de diploma \u201cDo aud\u00edvel ao aural\u201d\n\t\t<\/span><\/div>","aioseo_breadcrumb_json":[{"label":"Home","link":"https:\/\/www.binauralmedia.org\/news"},{"label":"Not\u00edcias","link":"https:\/\/www.binauralmedia.org\/news\/arquivo\/category\/news"},{"label":"Programa de diploma &#8220;Do aud\u00edvel ao aural&#8221;","link":"https:\/\/www.binauralmedia.org\/news\/arquivo\/24539"}],"_links":{"self":[{"href":"https:\/\/www.binauralmedia.org\/news\/wp-json\/wp\/v2\/posts\/24539","targetHints":{"allow":["GET"]}}],"collection":[{"href":"https:\/\/www.binauralmedia.org\/news\/wp-json\/wp\/v2\/posts"}],"about":[{"href":"https:\/\/www.binauralmedia.org\/news\/wp-json\/wp\/v2\/types\/post"}],"author":[{"embeddable":true,"href":"https:\/\/www.binauralmedia.org\/news\/wp-json\/wp\/v2\/users\/8"}],"replies":[{"embeddable":true,"href":"https:\/\/www.binauralmedia.org\/news\/wp-json\/wp\/v2\/comments?post=24539"}],"version-history":[{"count":5,"href":"https:\/\/www.binauralmedia.org\/news\/wp-json\/wp\/v2\/posts\/24539\/revisions"}],"predecessor-version":[{"id":24543,"href":"https:\/\/www.binauralmedia.org\/news\/wp-json\/wp\/v2\/posts\/24539\/revisions\/24543"}],"wp:featuredmedia":[{"embeddable":true,"href":"https:\/\/www.binauralmedia.org\/news\/wp-json\/wp\/v2\/media\/24540"}],"wp:attachment":[{"href":"https:\/\/www.binauralmedia.org\/news\/wp-json\/wp\/v2\/media?parent=24539"}],"wp:term":[{"taxonomy":"category","embeddable":true,"href":"https:\/\/www.binauralmedia.org\/news\/wp-json\/wp\/v2\/categories?post=24539"},{"taxonomy":"post_tag","embeddable":true,"href":"https:\/\/www.binauralmedia.org\/news\/wp-json\/wp\/v2\/tags?post=24539"}],"curies":[{"name":"wp","href":"https:\/\/api.w.org\/{rel}","templated":true}]}}