{"id":24511,"date":"2025-11-03T07:50:08","date_gmt":"2025-11-03T07:50:08","guid":{"rendered":"https:\/\/www.binauralmedia.org\/news?p=24511"},"modified":"2025-11-03T07:51:24","modified_gmt":"2025-11-03T07:51:24","slug":"encontro-debate-baldios-passado-presente-e-futuro-em-tendais","status":"publish","type":"post","link":"https:\/\/www.binauralmedia.org\/news\/arquivo\/24511","title":{"rendered":"Encontro-debate &#8220;Baldios: Passado, Presente e Futuro&#8221; em Tendais"},"content":{"rendered":"<div class=\"fusion-fullwidth fullwidth-box fusion-builder-row-1 fusion-flex-container nonhundred-percent-fullwidth non-hundred-percent-height-scrolling\" style=\"--awb-border-radius-top-left:0px;--awb-border-radius-top-right:0px;--awb-border-radius-bottom-right:0px;--awb-border-radius-bottom-left:0px;--awb-flex-wrap:wrap;\" ><div class=\"fusion-builder-row fusion-row fusion-flex-align-items-flex-start fusion-flex-content-wrap\" style=\"max-width:1144px;margin-left: calc(-4% \/ 2 );margin-right: calc(-4% \/ 2 );\"><div class=\"fusion-layout-column fusion_builder_column fusion-builder-column-0 fusion_builder_column_1_1 1_1 fusion-flex-column\" style=\"--awb-bg-size:cover;--awb-width-large:100%;--awb-margin-top-large:0px;--awb-spacing-right-large:1.92%;--awb-margin-bottom-large:0px;--awb-spacing-left-large:1.92%;--awb-width-medium:100%;--awb-spacing-right-medium:1.92%;--awb-spacing-left-medium:1.92%;--awb-width-small:100%;--awb-spacing-right-small:1.92%;--awb-spacing-left-small:1.92%;\"><div class=\"fusion-column-wrapper fusion-flex-justify-content-flex-start fusion-content-layout-column\"><div class=\"fusion-text fusion-text-1\"><p><strong>BALDIOS: PASSADO, PRESENTE E FUTURO<\/strong><br \/>\nEncontro-Debate<\/p>\n<p>8 de novembro | 10h15 &#8211; 14h00<br \/>\nPavilh\u00e3o Multiusos de Tendais (Cinf\u00e3es)<\/p>\n<p>Integrado na Feira da Castanha de Tendais e organizado pela Associa\u00e7\u00e3o de Defesa e Promo\u00e7\u00e3o da Freguesia de Tendais, com a colabora\u00e7\u00e3o da AEPGA, da Binaural Nodar &#8211; Associa\u00e7\u00e3o Cultural, da Palombar e do Projeto LIFE SOS Pygargus, ir\u00e1 decorrer um encontro que prop\u00f5e uma reflex\u00e3o conjunta sobre o passado, o presente e o futuro dos baldios.<\/p>\n<p>Os terrenos baldios s\u00e3o espa\u00e7os comunit\u00e1rios pertencentes \u00e0s popula\u00e7\u00f5es locais, tradicionalmente usados para o pastoreio, recolha de lenha e outras atividades de subsist\u00eancia. Durante o Estado Novo, muitos destes terrenos foram apropriados pelo Estado e sujeitos a grandes campanhas de floresta\u00e7\u00e3o, o que gerou fortes conflitos com as comunidades rurais que deles dependiam.<\/p>\n<p>Ap\u00f3s o 25 de Abril, com a aprova\u00e7\u00e3o da Lei dos Baldios de 1976, as popula\u00e7\u00f5es reconquistaram o direito de gerir coletivamente estas \u00e1reas.<\/p>\n<p>Contudo, atualmente os terrenos baldios enfrentam novos desafios. O despovoamento e o envelhecimento das comunidades rurais levaram ao abandono de diversas \u00e1reas, com a diminui\u00e7\u00e3o da pastor\u00edcia e das pr\u00e1ticas tradicionais de manejo que garantiam o equil\u00edbrio ecol\u00f3gico. Em muitas zonas, os baldios foram ocupados por torres e\u00f3licas ou outras infraestruturas, gerando receitas que, nem sempre, se traduzem em investimento sustent\u00e1vel.<\/p>\n<p>Apesar disso, os baldios continuam a representar um patrim\u00f3nio coletivo com enorme potencial. S\u00e3o espa\u00e7os estrat\u00e9gicos para a conserva\u00e7\u00e3o da natureza, o combate aos inc\u00eandios, a fixa\u00e7\u00e3o de popula\u00e7\u00f5es e a promo\u00e7\u00e3o de modelos de economia local baseados em servi\u00e7os de ecossistema e gest\u00e3o comunit\u00e1ria.<\/p>\n<p>O encontro pretende apresentar casos de estudos e ideias para uma transi\u00e7\u00e3o sustent\u00e1vel destes terrenos, criando um debate que pretende valoriz\u00e1-los enquanto espa\u00e7os de produ\u00e7\u00e3o e conserva\u00e7\u00e3o, refletindo sobre o papel e o futuro destes territ\u00f3rios comunit\u00e1rios.<\/p>\n<p>Esta transi\u00e7\u00e3o inclui dimens\u00f5es de prote\u00e7\u00e3o e valoriza\u00e7\u00e3o ambiental, de dinamiza\u00e7\u00e3o cultural e de explora\u00e7\u00e3o criativa do patrim\u00f3nio. Os baldios podem ser o ponto de partida para uma paisagem e modelos produtivos mais diversificados, que integrem pastoreio extensivo, regenera\u00e7\u00e3o natural e novas formas de cultivo.<\/p>\n<p>A paisagem gerida pelos baldios \u00e9 tamb\u00e9m um patrim\u00f3nio sensorial, vivo e expressivo, que pode ser documentado e reinterpretado atrav\u00e9s da arte e da investiga\u00e7\u00e3o.<\/p>\n<p>O encontro, a decorrer no dia 8 de Novembro, resulta da colabora\u00e7\u00e3o entre diferentes parceiros locais, culturais e cient\u00edficos, sublinhando a import\u00e2ncia de uma abordagem multidisciplinar para repensar o futuro dos baldios.<\/p>\n<p>Esta \u00e9 a primeira de v\u00e1rias iniciativas que pretendem abrir novas perspectivas sobre o territ\u00f3rio comum. A iniciativa, ligada tamb\u00e9m ao Projeto Europa Criativa Rede Tramontana, marca o in\u00edcio de um ciclo de encontros que cruzam natureza, cultura e inova\u00e7\u00e3o nas montanhas do interior.<\/p>\n<p>Programa:<br \/>\n08 de Novembro de 2025<\/p>\n<p>10h15: Recep\u00e7\u00e3o dos participantes Pavilh\u00e3o Multiusos de Tendais<\/p>\n<p>10h30: Sess\u00e3o de Abertura<br \/>\n&#8211; Freguesia de Tendais<br \/>\n&#8211; Associa\u00e7\u00e3o de Defesa e Promo\u00e7\u00e3o da Freguesia de Tendais<\/p>\n<p>11h30: Ciclo de apresenta\u00e7\u00f5es<br \/>\n&#8211; Luis Costa (Binaural Nodar)<br \/>\n&#8211; Ana Rodr\u00edguez (Mapa Sonoro do Uruguai)<br \/>\n&#8211; Miguel N\u00f3voa (Associa\u00e7\u00e3o para o Estudo e Protec\u00e7\u00e3o do Gado Asinino)<br \/>\n&#8211; Joaquim Teod\u00f3sio (Palombar &#8211; Associa\u00e7\u00e3o de Conserva\u00e7\u00e3o da Natureza e do Patrim\u00f3nio Rural e Coordenador do projecto Life SOS Pyargus)<\/p>\n<p>12h30: Pausa para caf\u00e9<\/p>\n<p>13h00: Mesa Redonda<\/p>\n<p>13:30: Sess\u00e3o de Encerramento<br \/>\n&#8211; Municipio de Cinf\u00e3es<\/p>\n<p>14h00: Almo\u00e7o conv\u00edvio<\/p>\n<p>Inscri\u00e7\u00f5es, <a href=\"https:\/\/www.aepga.pt\/evento\/actividades\/encontro-debate-baldios-passado-presente-e-futuro-8-de-novembro-10h30-1113\/inscricoes-1113\/\" target=\"_blank\" rel=\"noopener\">aqui<\/a><\/p>\n<p>A Binaural Nodar \u00e9 uma entidade cultural apoiada pela Rep\u00fablica Portuguesa &#8211; Cultura, Juventude e Desporto | Dire\u00e7\u00e3o Geral das Artes<\/p>\n<\/div><\/div><\/div><\/div><\/div>\n","protected":false},"excerpt":{"rendered":"","protected":false},"author":2,"featured_media":24512,"comment_status":"closed","ping_status":"closed","sticky":false,"template":"","format":"standard","meta":{"_acf_changed":false,"_bbp_topic_count":0,"_bbp_reply_count":0,"_bbp_total_topic_count":0,"_bbp_total_reply_count":0,"_bbp_voice_count":0,"_bbp_anonymous_reply_count":0,"_bbp_topic_count_hidden":0,"_bbp_reply_count_hidden":0,"_bbp_forum_subforum_count":0,"footnotes":""},"categories":[1158],"tags":[],"class_list":["post-24511","post","type-post","status-publish","format-standard","has-post-thumbnail","hentry","category-visual-sound-ethnograhpy"],"acf":[],"aioseo_notices":[],"aioseo_head":"\n\t\t<!-- All in One SEO 5.0.1.1 - aioseo.com -->\n\t<meta name=\"description\" content=\"BALDIOS: PASSADO, PRESENTE E FUTURO Encontro-Debate 8 de novembro | 10h15 \u2013 14h00 Pavilh\u00e3o Multiusos de Tendais (Cinf\u00e3es) Integrado na Feira da Castanha de Tendais e organizado pela Associa\u00e7\u00e3o de Defesa e Promo\u00e7\u00e3o da Freguesia de Tendais, com a colabora\u00e7\u00e3o da AEPGA, da Binaural Nodar \u2013 Associa\u00e7\u00e3o Cultural, da Palombar e do Projeto LIFE SOS\" \/>\n\t<meta name=\"robots\" content=\"max-image-preview:large\" \/>\n\t<meta name=\"author\" content=\"luiscosta\"\/>\n\t<link rel=\"canonical\" href=\"https:\/\/www.binauralmedia.org\/news\/arquivo\/24511\" \/>\n\t<meta name=\"generator\" content=\"All in One SEO (AIOSEO) 5.0.1.1\" \/>\n\t\t<meta property=\"og:locale\" content=\"pt_PT\" \/>\n\t\t<meta property=\"og:site_name\" content=\"binauralmedia.org - Rural Based Sound\/Media Arts &amp; Social Research\" \/>\n\t\t<meta property=\"og:type\" content=\"article\" \/>\n\t\t<meta property=\"og:title\" content=\"Encontro-debate \u201cBaldios: Passado, Presente e Futuro\u201d em Tendais - binauralmedia.org\" \/>\n\t\t<meta property=\"og:description\" content=\"BALDIOS: PASSADO, PRESENTE E FUTURO Encontro-Debate 8 de novembro | 10h15 \u2013 14h00 Pavilh\u00e3o Multiusos de Tendais (Cinf\u00e3es) Integrado na Feira da Castanha de Tendais e organizado pela Associa\u00e7\u00e3o de Defesa e Promo\u00e7\u00e3o da Freguesia de Tendais, com a colabora\u00e7\u00e3o da AEPGA, da Binaural Nodar \u2013 Associa\u00e7\u00e3o Cultural, da Palombar e do Projeto LIFE SOS\" \/>\n\t\t<meta property=\"og:url\" content=\"https:\/\/www.binauralmedia.org\/news\/arquivo\/24511\" \/>\n\t\t<meta property=\"article:published_time\" content=\"2025-11-03T07:50:08+00:00\" \/>\n\t\t<meta property=\"article:modified_time\" content=\"2025-11-03T07:51:24+00:00\" \/>\n\t\t<meta name=\"twitter:card\" content=\"summary_large_image\" \/>\n\t\t<meta name=\"twitter:title\" content=\"Encontro-debate \u201cBaldios: Passado, Presente e Futuro\u201d em Tendais - binauralmedia.org\" \/>\n\t\t<meta name=\"twitter:description\" content=\"BALDIOS: PASSADO, PRESENTE E FUTURO Encontro-Debate 8 de novembro | 10h15 \u2013 14h00 Pavilh\u00e3o Multiusos de Tendais (Cinf\u00e3es) Integrado na Feira da Castanha de Tendais e organizado pela Associa\u00e7\u00e3o de Defesa e Promo\u00e7\u00e3o da Freguesia de Tendais, com a colabora\u00e7\u00e3o da AEPGA, da Binaural Nodar \u2013 Associa\u00e7\u00e3o Cultural, da Palombar e do Projeto LIFE SOS\" \/>\n\t\t<script type=\"application\/ld+json\" class=\"aioseo-schema\">\n\t\t\t{\"@context\":\"https:\\\/\\\/schema.org\",\"@graph\":[{\"@type\":\"BlogPosting\",\"@id\":\"https:\\\/\\\/www.binauralmedia.org\\\/news\\\/arquivo\\\/24511#blogposting\",\"name\":\"Encontro-debate \\u201cBaldios: Passado, Presente e Futuro\\u201d em Tendais - binauralmedia.org\",\"headline\":\"Encontro-debate &#8220;Baldios: Passado, Presente e Futuro&#8221; em Tendais\",\"author\":{\"@id\":\"https:\\\/\\\/www.binauralmedia.org\\\/news\\\/arquivo\\\/author\\\/luiscosta#author\"},\"publisher\":{\"@id\":\"https:\\\/\\\/www.binauralmedia.org\\\/news\\\/#organization\"},\"image\":{\"@type\":\"ImageObject\",\"url\":\"https:\\\/\\\/www.binauralmedia.org\\\/news\\\/wp-content\\\/uploads\\\/Baldios-Passado-Presente-e-Futuro-1200-800.jpeg\",\"width\":1200,\"height\":800},\"datePublished\":\"2025-11-03T07:50:08+00:00\",\"dateModified\":\"2025-11-03T07:51:24+00:00\",\"inLanguage\":\"pt-PT\",\"mainEntityOfPage\":{\"@id\":\"https:\\\/\\\/www.binauralmedia.org\\\/news\\\/arquivo\\\/24511#webpage\"},\"isPartOf\":{\"@id\":\"https:\\\/\\\/www.binauralmedia.org\\\/news\\\/arquivo\\\/24511#webpage\"},\"articleSection\":\"Etnografia Sonora e Visual, Optional\"},{\"@type\":\"BreadcrumbList\",\"@id\":\"https:\\\/\\\/www.binauralmedia.org\\\/news\\\/arquivo\\\/24511#breadcrumblist\",\"itemListElement\":[{\"@type\":\"ListItem\",\"@id\":\"https:\\\/\\\/www.binauralmedia.org\\\/news#listItem\",\"position\":1,\"name\":\"Home\",\"item\":\"https:\\\/\\\/www.binauralmedia.org\\\/news\",\"nextItem\":{\"@type\":\"ListItem\",\"@id\":\"https:\\\/\\\/www.binauralmedia.org\\\/news\\\/arquivo\\\/category\\\/visual-sound-ethnograhpy#listItem\",\"name\":\"Etnografia Sonora e Visual\"}},{\"@type\":\"ListItem\",\"@id\":\"https:\\\/\\\/www.binauralmedia.org\\\/news\\\/arquivo\\\/category\\\/visual-sound-ethnograhpy#listItem\",\"position\":2,\"name\":\"Etnografia Sonora e Visual\",\"item\":\"https:\\\/\\\/www.binauralmedia.org\\\/news\\\/arquivo\\\/category\\\/visual-sound-ethnograhpy\",\"nextItem\":{\"@type\":\"ListItem\",\"@id\":\"https:\\\/\\\/www.binauralmedia.org\\\/news\\\/arquivo\\\/24511#listItem\",\"name\":\"Encontro-debate &#8220;Baldios: Passado, Presente e Futuro&#8221; em Tendais\"},\"previousItem\":{\"@type\":\"ListItem\",\"@id\":\"https:\\\/\\\/www.binauralmedia.org\\\/news#listItem\",\"name\":\"Home\"}},{\"@type\":\"ListItem\",\"@id\":\"https:\\\/\\\/www.binauralmedia.org\\\/news\\\/arquivo\\\/24511#listItem\",\"position\":3,\"name\":\"Encontro-debate &#8220;Baldios: Passado, Presente e Futuro&#8221; em Tendais\",\"previousItem\":{\"@type\":\"ListItem\",\"@id\":\"https:\\\/\\\/www.binauralmedia.org\\\/news\\\/arquivo\\\/category\\\/visual-sound-ethnograhpy#listItem\",\"name\":\"Etnografia Sonora e Visual\"}}]},{\"@type\":\"Organization\",\"@id\":\"https:\\\/\\\/www.binauralmedia.org\\\/news\\\/#organization\",\"name\":\"binauralmedia.org\",\"description\":\"Rural Based Sound\\\/Media Arts & Social Research\",\"url\":\"https:\\\/\\\/www.binauralmedia.org\\\/news\\\/\"},{\"@type\":\"Person\",\"@id\":\"https:\\\/\\\/www.binauralmedia.org\\\/news\\\/arquivo\\\/author\\\/luiscosta#author\",\"url\":\"https:\\\/\\\/www.binauralmedia.org\\\/news\\\/arquivo\\\/author\\\/luiscosta\",\"name\":\"luiscosta\"},{\"@type\":\"WebPage\",\"@id\":\"https:\\\/\\\/www.binauralmedia.org\\\/news\\\/arquivo\\\/24511#webpage\",\"url\":\"https:\\\/\\\/www.binauralmedia.org\\\/news\\\/arquivo\\\/24511\",\"name\":\"Encontro-debate \\u201cBaldios: Passado, Presente e Futuro\\u201d em Tendais - binauralmedia.org\",\"description\":\"BALDIOS: PASSADO, PRESENTE E FUTURO Encontro-Debate 8 de novembro | 10h15 \\u2013 14h00 Pavilh\\u00e3o Multiusos de Tendais (Cinf\\u00e3es) Integrado na Feira da Castanha de Tendais e organizado pela Associa\\u00e7\\u00e3o de Defesa e Promo\\u00e7\\u00e3o da Freguesia de Tendais, com a colabora\\u00e7\\u00e3o da AEPGA, da Binaural Nodar \\u2013 Associa\\u00e7\\u00e3o Cultural, da Palombar e do Projeto LIFE SOS\",\"inLanguage\":\"pt-PT\",\"isPartOf\":{\"@id\":\"https:\\\/\\\/www.binauralmedia.org\\\/news\\\/#website\"},\"breadcrumb\":{\"@id\":\"https:\\\/\\\/www.binauralmedia.org\\\/news\\\/arquivo\\\/24511#breadcrumblist\"},\"author\":{\"@id\":\"https:\\\/\\\/www.binauralmedia.org\\\/news\\\/arquivo\\\/author\\\/luiscosta#author\"},\"creator\":{\"@id\":\"https:\\\/\\\/www.binauralmedia.org\\\/news\\\/arquivo\\\/author\\\/luiscosta#author\"},\"image\":{\"@type\":\"ImageObject\",\"url\":\"https:\\\/\\\/www.binauralmedia.org\\\/news\\\/wp-content\\\/uploads\\\/Baldios-Passado-Presente-e-Futuro-1200-800.jpeg\",\"@id\":\"https:\\\/\\\/www.binauralmedia.org\\\/news\\\/arquivo\\\/24511\\\/#mainImage\",\"width\":1200,\"height\":800},\"primaryImageOfPage\":{\"@id\":\"https:\\\/\\\/www.binauralmedia.org\\\/news\\\/arquivo\\\/24511#mainImage\"},\"datePublished\":\"2025-11-03T07:50:08+00:00\",\"dateModified\":\"2025-11-03T07:51:24+00:00\"},{\"@type\":\"WebSite\",\"@id\":\"https:\\\/\\\/www.binauralmedia.org\\\/news\\\/#website\",\"url\":\"https:\\\/\\\/www.binauralmedia.org\\\/news\\\/\",\"name\":\"binauralmedia.org\",\"description\":\"Rural Based Sound\\\/Media Arts & Social Research\",\"inLanguage\":\"pt-PT\",\"publisher\":{\"@id\":\"https:\\\/\\\/www.binauralmedia.org\\\/news\\\/#organization\"}}]}\n\t\t<\/script>\n\t\t<!-- All in One SEO -->\n\n","aioseo_head_json":{"title":"Encontro-debate \u201cBaldios: Passado, Presente e Futuro\u201d em Tendais - binauralmedia.org","description":"BALDIOS: PASSADO, PRESENTE E FUTURO Encontro-Debate 8 de novembro | 10h15 \u2013 14h00 Pavilh\u00e3o Multiusos de Tendais (Cinf\u00e3es) Integrado na Feira da Castanha de Tendais e organizado pela Associa\u00e7\u00e3o de Defesa e Promo\u00e7\u00e3o da Freguesia de Tendais, com a colabora\u00e7\u00e3o da AEPGA, da Binaural Nodar \u2013 Associa\u00e7\u00e3o Cultural, da Palombar e do Projeto LIFE SOS","canonical_url":"https:\/\/www.binauralmedia.org\/news\/arquivo\/24511","robots":"max-image-preview:large","keywords":"","webmasterTools":{"miscellaneous":""},"schema":{"@context":"https:\/\/schema.org","@graph":[{"@type":"BlogPosting","@id":"https:\/\/www.binauralmedia.org\/news\/arquivo\/24511#blogposting","name":"Encontro-debate \u201cBaldios: Passado, Presente e Futuro\u201d em Tendais - binauralmedia.org","headline":"Encontro-debate &#8220;Baldios: Passado, Presente e Futuro&#8221; em Tendais","author":{"@id":"https:\/\/www.binauralmedia.org\/news\/arquivo\/author\/luiscosta#author"},"publisher":{"@id":"https:\/\/www.binauralmedia.org\/news\/#organization"},"image":{"@type":"ImageObject","url":"https:\/\/www.binauralmedia.org\/news\/wp-content\/uploads\/Baldios-Passado-Presente-e-Futuro-1200-800.jpeg","width":1200,"height":800},"datePublished":"2025-11-03T07:50:08+00:00","dateModified":"2025-11-03T07:51:24+00:00","inLanguage":"pt-PT","mainEntityOfPage":{"@id":"https:\/\/www.binauralmedia.org\/news\/arquivo\/24511#webpage"},"isPartOf":{"@id":"https:\/\/www.binauralmedia.org\/news\/arquivo\/24511#webpage"},"articleSection":"Etnografia Sonora e Visual, Optional"},{"@type":"BreadcrumbList","@id":"https:\/\/www.binauralmedia.org\/news\/arquivo\/24511#breadcrumblist","itemListElement":[{"@type":"ListItem","@id":"https:\/\/www.binauralmedia.org\/news#listItem","position":1,"name":"Home","item":"https:\/\/www.binauralmedia.org\/news","nextItem":{"@type":"ListItem","@id":"https:\/\/www.binauralmedia.org\/news\/arquivo\/category\/visual-sound-ethnograhpy#listItem","name":"Etnografia Sonora e Visual"}},{"@type":"ListItem","@id":"https:\/\/www.binauralmedia.org\/news\/arquivo\/category\/visual-sound-ethnograhpy#listItem","position":2,"name":"Etnografia Sonora e Visual","item":"https:\/\/www.binauralmedia.org\/news\/arquivo\/category\/visual-sound-ethnograhpy","nextItem":{"@type":"ListItem","@id":"https:\/\/www.binauralmedia.org\/news\/arquivo\/24511#listItem","name":"Encontro-debate &#8220;Baldios: Passado, Presente e Futuro&#8221; em Tendais"},"previousItem":{"@type":"ListItem","@id":"https:\/\/www.binauralmedia.org\/news#listItem","name":"Home"}},{"@type":"ListItem","@id":"https:\/\/www.binauralmedia.org\/news\/arquivo\/24511#listItem","position":3,"name":"Encontro-debate &#8220;Baldios: Passado, Presente e Futuro&#8221; em Tendais","previousItem":{"@type":"ListItem","@id":"https:\/\/www.binauralmedia.org\/news\/arquivo\/category\/visual-sound-ethnograhpy#listItem","name":"Etnografia Sonora e Visual"}}]},{"@type":"Organization","@id":"https:\/\/www.binauralmedia.org\/news\/#organization","name":"binauralmedia.org","description":"Rural Based Sound\/Media Arts & Social Research","url":"https:\/\/www.binauralmedia.org\/news\/"},{"@type":"Person","@id":"https:\/\/www.binauralmedia.org\/news\/arquivo\/author\/luiscosta#author","url":"https:\/\/www.binauralmedia.org\/news\/arquivo\/author\/luiscosta","name":"luiscosta"},{"@type":"WebPage","@id":"https:\/\/www.binauralmedia.org\/news\/arquivo\/24511#webpage","url":"https:\/\/www.binauralmedia.org\/news\/arquivo\/24511","name":"Encontro-debate \u201cBaldios: Passado, Presente e Futuro\u201d em Tendais - binauralmedia.org","description":"BALDIOS: PASSADO, PRESENTE E FUTURO Encontro-Debate 8 de novembro | 10h15 \u2013 14h00 Pavilh\u00e3o Multiusos de Tendais (Cinf\u00e3es) Integrado na Feira da Castanha de Tendais e organizado pela Associa\u00e7\u00e3o de Defesa e Promo\u00e7\u00e3o da Freguesia de Tendais, com a colabora\u00e7\u00e3o da AEPGA, da Binaural Nodar \u2013 Associa\u00e7\u00e3o Cultural, da Palombar e do Projeto LIFE SOS","inLanguage":"pt-PT","isPartOf":{"@id":"https:\/\/www.binauralmedia.org\/news\/#website"},"breadcrumb":{"@id":"https:\/\/www.binauralmedia.org\/news\/arquivo\/24511#breadcrumblist"},"author":{"@id":"https:\/\/www.binauralmedia.org\/news\/arquivo\/author\/luiscosta#author"},"creator":{"@id":"https:\/\/www.binauralmedia.org\/news\/arquivo\/author\/luiscosta#author"},"image":{"@type":"ImageObject","url":"https:\/\/www.binauralmedia.org\/news\/wp-content\/uploads\/Baldios-Passado-Presente-e-Futuro-1200-800.jpeg","@id":"https:\/\/www.binauralmedia.org\/news\/arquivo\/24511\/#mainImage","width":1200,"height":800},"primaryImageOfPage":{"@id":"https:\/\/www.binauralmedia.org\/news\/arquivo\/24511#mainImage"},"datePublished":"2025-11-03T07:50:08+00:00","dateModified":"2025-11-03T07:51:24+00:00"},{"@type":"WebSite","@id":"https:\/\/www.binauralmedia.org\/news\/#website","url":"https:\/\/www.binauralmedia.org\/news\/","name":"binauralmedia.org","description":"Rural Based Sound\/Media Arts & Social Research","inLanguage":"pt-PT","publisher":{"@id":"https:\/\/www.binauralmedia.org\/news\/#organization"}}]},"og:locale":"pt_PT","og:site_name":"binauralmedia.org - Rural Based Sound\/Media Arts &amp; Social Research","og:type":"article","og:title":"Encontro-debate \u201cBaldios: Passado, Presente e Futuro\u201d em Tendais - binauralmedia.org","og:description":"BALDIOS: PASSADO, PRESENTE E FUTURO Encontro-Debate 8 de novembro | 10h15 \u2013 14h00 Pavilh\u00e3o Multiusos de Tendais (Cinf\u00e3es) Integrado na Feira da Castanha de Tendais e organizado pela Associa\u00e7\u00e3o de Defesa e Promo\u00e7\u00e3o da Freguesia de Tendais, com a colabora\u00e7\u00e3o da AEPGA, da Binaural Nodar \u2013 Associa\u00e7\u00e3o Cultural, da Palombar e do Projeto LIFE SOS","og:url":"https:\/\/www.binauralmedia.org\/news\/arquivo\/24511","article:published_time":"2025-11-03T07:50:08+00:00","article:modified_time":"2025-11-03T07:51:24+00:00","twitter:card":"summary_large_image","twitter:title":"Encontro-debate \u201cBaldios: Passado, Presente e Futuro\u201d em Tendais - binauralmedia.org","twitter:description":"BALDIOS: PASSADO, PRESENTE E FUTURO Encontro-Debate 8 de novembro | 10h15 \u2013 14h00 Pavilh\u00e3o Multiusos de Tendais (Cinf\u00e3es) Integrado na Feira da Castanha de Tendais e organizado pela Associa\u00e7\u00e3o de Defesa e Promo\u00e7\u00e3o da Freguesia de Tendais, com a colabora\u00e7\u00e3o da AEPGA, da Binaural Nodar \u2013 Associa\u00e7\u00e3o Cultural, da Palombar e do Projeto LIFE SOS"},"aioseo_meta_data":{"post_id":"24511","title":null,"description":null,"keywords":null,"keyphrases":null,"primary_term":null,"canonical_url":null,"og_title":null,"og_description":null,"og_object_type":"default","og_image_type":"default","og_image_custom_url":null,"og_image_custom_fields":null,"og_image_url":null,"og_image_width":null,"og_image_height":null,"og_video":null,"og_custom_url":null,"og_article_section":null,"og_article_tags":null,"twitter_use_og":false,"twitter_card":"default","twitter_image_type":"default","twitter_image_custom_url":null,"twitter_image_custom_fields":null,"twitter_image_url":null,"twitter_title":null,"twitter_description":null,"schema_type":"default","schema_type_options":null,"schema":{"blockGraphs":[],"customGraphs":[],"default":{"data":{"Article":[],"Course":[],"Dataset":[],"FAQPage":[],"Movie":[],"Person":[],"Product":[],"ProductReview":[],"Car":[],"Recipe":[],"Service":[],"SoftwareApplication":[],"WebPage":[]},"graphName":"","isEnabled":true},"graphs":[]},"pillar_content":false,"robots_default":true,"robots_noindex":false,"robots_noarchive":false,"robots_nosnippet":false,"robots_nofollow":false,"robots_noimageindex":false,"robots_noodp":false,"robots_notranslate":false,"robots_max_snippet":null,"robots_max_videopreview":null,"robots_max_imagepreview":"large","priority":null,"frequency":null,"local_seo":null,"limit_modified_date":false,"ai":null,"breadcrumb_settings":null,"seo_analyzer_scan_date":null,"created":"2026-08-05 08:25:04","updated":"2026-08-05 08:25:04","focus_keyword":null,"additional_keywords":null,"truseo_locale":null},"aioseo_breadcrumb":"<div class=\"aioseo-breadcrumbs\"><span class=\"aioseo-breadcrumb\">\n\t\t\t<a href=\"https:\/\/www.binauralmedia.org\/news\" title=\"Home\">Home<\/a>\n\t\t<\/span><span class=\"aioseo-breadcrumb-separator\">&raquo;<\/span><span class=\"aioseo-breadcrumb\">\n\t\t\t<a href=\"https:\/\/www.binauralmedia.org\/news\/arquivo\/category\/visual-sound-ethnograhpy\" title=\"Etnografia Sonora e Visual\">Etnografia Sonora e Visual<\/a>\n\t\t<\/span><span class=\"aioseo-breadcrumb-separator\">&raquo;<\/span><span class=\"aioseo-breadcrumb\">\n\t\t\tEncontro-debate \u201cBaldios: Passado, Presente e Futuro\u201d em Tendais\n\t\t<\/span><\/div>","aioseo_breadcrumb_json":[{"label":"Home","link":"https:\/\/www.binauralmedia.org\/news"},{"label":"Etnografia Sonora e Visual","link":"https:\/\/www.binauralmedia.org\/news\/arquivo\/category\/visual-sound-ethnograhpy"},{"label":"Encontro-debate &#8220;Baldios: Passado, Presente e Futuro&#8221; em Tendais","link":"https:\/\/www.binauralmedia.org\/news\/arquivo\/24511"}],"_links":{"self":[{"href":"https:\/\/www.binauralmedia.org\/news\/wp-json\/wp\/v2\/posts\/24511","targetHints":{"allow":["GET"]}}],"collection":[{"href":"https:\/\/www.binauralmedia.org\/news\/wp-json\/wp\/v2\/posts"}],"about":[{"href":"https:\/\/www.binauralmedia.org\/news\/wp-json\/wp\/v2\/types\/post"}],"author":[{"embeddable":true,"href":"https:\/\/www.binauralmedia.org\/news\/wp-json\/wp\/v2\/users\/2"}],"replies":[{"embeddable":true,"href":"https:\/\/www.binauralmedia.org\/news\/wp-json\/wp\/v2\/comments?post=24511"}],"version-history":[{"count":2,"href":"https:\/\/www.binauralmedia.org\/news\/wp-json\/wp\/v2\/posts\/24511\/revisions"}],"predecessor-version":[{"id":24515,"href":"https:\/\/www.binauralmedia.org\/news\/wp-json\/wp\/v2\/posts\/24511\/revisions\/24515"}],"wp:featuredmedia":[{"embeddable":true,"href":"https:\/\/www.binauralmedia.org\/news\/wp-json\/wp\/v2\/media\/24512"}],"wp:attachment":[{"href":"https:\/\/www.binauralmedia.org\/news\/wp-json\/wp\/v2\/media?parent=24511"}],"wp:term":[{"taxonomy":"category","embeddable":true,"href":"https:\/\/www.binauralmedia.org\/news\/wp-json\/wp\/v2\/categories?post=24511"},{"taxonomy":"post_tag","embeddable":true,"href":"https:\/\/www.binauralmedia.org\/news\/wp-json\/wp\/v2\/tags?post=24511"}],"curies":[{"name":"wp","href":"https:\/\/api.w.org\/{rel}","templated":true}]}}