{"id":24476,"date":"2025-10-22T12:29:44","date_gmt":"2025-10-22T12:29:44","guid":{"rendered":"https:\/\/www.binauralmedia.org\/news?p=24476"},"modified":"2025-10-25T17:28:26","modified_gmt":"2025-10-25T17:28:26","slug":"nicolo-minisi-acolhido-pelo-programa-de-residencia-artistica-virtual-da-tramontana-network","status":"publish","type":"post","link":"https:\/\/www.binauralmedia.org\/news\/arquivo\/24476","title":{"rendered":"Nicol\u00f2 Minisi acolhido pelo programa de resid\u00eancias art\u00edsticas virtuais da Rede Tramontana"},"content":{"rendered":"<div class=\"fusion-fullwidth fullwidth-box fusion-builder-row-1 fusion-flex-container nonhundred-percent-fullwidth non-hundred-percent-height-scrolling\" style=\"--awb-border-radius-top-left:0px;--awb-border-radius-top-right:0px;--awb-border-radius-bottom-right:0px;--awb-border-radius-bottom-left:0px;--awb-flex-wrap:wrap;\" ><div class=\"fusion-builder-row fusion-row fusion-flex-align-items-flex-start fusion-flex-content-wrap\" style=\"max-width:1144px;margin-left: calc(-4% \/ 2 );margin-right: calc(-4% \/ 2 );\"><div class=\"fusion-layout-column fusion_builder_column fusion-builder-column-0 fusion_builder_column_1_1 1_1 fusion-flex-column\" style=\"--awb-bg-size:cover;--awb-width-large:100%;--awb-margin-top-large:0px;--awb-spacing-right-large:1.92%;--awb-margin-bottom-large:0px;--awb-spacing-left-large:1.92%;--awb-width-medium:100%;--awb-spacing-right-medium:1.92%;--awb-spacing-left-medium:1.92%;--awb-width-small:100%;--awb-spacing-right-small:1.92%;--awb-spacing-left-small:1.92%;\"><div class=\"fusion-column-wrapper fusion-flex-justify-content-flex-start fusion-content-layout-column\"><div class=\"fusion-text fusion-text-1\"><p>READY THOUGHT<br \/>\nResid\u00eancia art\u00edstica virtual e site-specific<\/p>\n<p>Com Nicol\u00f2 Minisi<br \/>\nOutubro de 2025 \u2013 mar\u00e7o de 2026<\/p>\n<p>Uma resid\u00eancia art\u00edstica produzida pela Binaural Nodar e integrada nas atividades criativas da Tramontana Network, um projeto cofinanciado pelo programa Europa Criativa.<\/p>\n<p>O projeto surge de uma investiga\u00e7\u00e3o sobre o som como ve\u00edculo de mem\u00f3ria e ferramenta para conectar os seres humanos e a paisagem. O ponto de partida \u00e9 o Arquivo Digital Binaural Nodar (Portugal), que preserva documentos sonoros e audiovisuais relacionados com os territ\u00f3rios de montanha da regi\u00e3o de Viseu D\u00e3o Laf\u00f5es.<\/p>\n<p>Nicol\u00f2 Minisi pretende criar uma obra de arte sonora site-specific que reflita sobre o tema das paisagens montanhosas atrav\u00e9s do conceito de uma vida ap\u00f3s a morte digital: um espa\u00e7o onde a voz escapa ao tempo, continuando a viver como um eco. A instala\u00e7\u00e3o ser\u00e1 concebida como um memorial ac\u00fastico, colocado nas alturas, reintroduzindo os sons recolhidos na paisagem: vozes a ricochetear entre os picos da montanha, a desvanecer-se, a regressar. A mem\u00f3ria transforma-se em ondas sonoras, em di\u00e1logo com o espa\u00e7o e as suas resson\u00e2ncias.<\/p>\n<p>O projeto reflete sobre o papel do arquivo como um organismo vivo &#8211; n\u00e3o apenas um local de preserva\u00e7\u00e3o, mas uma m\u00e1quina narrativa capaz de restaurar o que est\u00e1 ausente. Digitalizar a mem\u00f3ria significa nutri-la tanto tecnologicamente quanto fisicamente: o que antes era um corpo torna-se um tra\u00e7o, e o que \u00e9 um tra\u00e7o pode retornar \u00e0 presen\u00e7a.<\/p>\n<p>A proposta baseia-se em repensar o arquivo: n\u00e3o mais um recipiente est\u00e1tico, mas uma voz em constante transforma\u00e7\u00e3o. O prefixo \u201cRe\u201d \u2014 &#8220;Re-play, Re-post, Re-ady made&#8221; \u2014 sempre evoca um retorno que \u00e9 tamb\u00e9m um renascimento, um gesto de olhar para tr\u00e1s para seguir em frente. O arquivo torna-se Ready thought \u2014 pensamento pronto para atravessar o tempo.<\/p>\n<p>O projeto celebra a mem\u00f3ria oral, as paisagens sonoras e o di\u00e1logo entre tradi\u00e7\u00e3o e contemporaneidade. O som, como ferramenta de transmiss\u00e3o intergeracional, oferece-se aqui como uma ponte entre o que foi e o que pode acontecer no futuro.<\/p>\n<p>Biografia:<\/p>\n<p>Nicol\u00f2 Minisi, nascido em G\u00e9nova em 2000 e atualmente radicado em Mil\u00e3o, \u00e9 um artista italiano emergente cuja pr\u00e1tica abrange pintura e artes visuais. Obteve o seu bacharelato e mestrado na Nuova Accademia di Belle Arti (NABA) em Mil\u00e3o, onde se formou com honras. O trabalho de Minisi foi apresentado em exposi\u00e7\u00f5es individuais e coletivas em toda a It\u00e1lia, incluindo a exposi\u00e7\u00e3o individual \u00abTales from the Underground\u00bb em Lecce, em 2025, e exposi\u00e7\u00f5es coletivas not\u00e1veis, como \u00abRecombinant Ecologies\u00bb no Parco d\u2019Arte Vivente, em Turim, e \u00abVoicing the Archive\u00bb na Triennale Milano. A sua arte explora temas que ressoam com as preocupa\u00e7\u00f5es ecol\u00f3gicas e urbanas contempor\u00e2neas, muitas vezes envolvendo-se com contextos espec\u00edficos do local e projetos curatoriais experimentais.<\/p>\n<p>Paralelamente \u00e0s suas exposi\u00e7\u00f5es, Minisi participou em programas de resid\u00eancias art\u00edsticas de prest\u00edgio, Flor\u00ecda em G\u00e9nova, aprofundando o seu envolvimento com pr\u00e1ticas art\u00edsticas colaborativas e interdisciplinares. O seu trabalho integra cole\u00e7\u00f5es como Studio Flor\u00ecda, Societ\u00e0 Umanitaria e PAV. Minisi contribuiu para publica\u00e7\u00f5es e di\u00e1logos cr\u00edticos dentro da comunidade art\u00edstica, colaborando em projetos com curadores e artistas consagrados. O seu envolvimento em workshops e performances, como os da Bienal de Veneza e da Fondazione Antonio Ratti, destaca ainda mais o seu papel din\u00e2mico na cena art\u00edstica contempor\u00e2nea italiana.<\/p>\n<p>A Binaural Nodar \u00e9 uma entidade cultural apoiada pela Rep\u00fablica Portuguesa &#8211; Cultura, Juventude e Desporto | Dire\u00e7\u00e3o-Geral das Artes.<\/p>\n<\/div><\/div><\/div><\/div><\/div>\n","protected":false},"excerpt":{"rendered":"","protected":false},"author":8,"featured_media":24477,"comment_status":"closed","ping_status":"closed","sticky":false,"template":"","format":"standard","meta":{"_acf_changed":false,"_bbp_topic_count":0,"_bbp_reply_count":0,"_bbp_total_topic_count":0,"_bbp_total_reply_count":0,"_bbp_voice_count":0,"_bbp_anonymous_reply_count":0,"_bbp_topic_count_hidden":0,"_bbp_reply_count_hidden":0,"_bbp_forum_subforum_count":0,"footnotes":""},"categories":[1,676],"tags":[],"class_list":["post-24476","post","type-post","status-publish","format-standard","has-post-thumbnail","hentry","category-news","category-artist-residencies"],"acf":[],"aioseo_notices":[],"aioseo_head":"\n\t\t<!-- All in One SEO 5.0.1.1 - aioseo.com -->\n\t<meta name=\"description\" content=\"READY THOUGHT Resid\u00eancia art\u00edstica virtual e site-specific Com Nicol\u00f2 Minisi Outubro de 2025 \u2013 mar\u00e7o de 2026 Uma resid\u00eancia art\u00edstica produzida pela Binaural Nodar e integrada nas atividades criativas da Tramontana Network, um projeto cofinanciado pelo programa Europa Criativa. O projeto surge de uma investiga\u00e7\u00e3o sobre o som como ve\u00edculo de mem\u00f3ria e ferramenta para\" \/>\n\t<meta name=\"robots\" content=\"max-image-preview:large\" \/>\n\t<meta name=\"author\" content=\"Nely Ferreira\"\/>\n\t<link rel=\"canonical\" href=\"https:\/\/www.binauralmedia.org\/news\/arquivo\/24476\" \/>\n\t<meta name=\"generator\" content=\"All in One SEO (AIOSEO) 5.0.1.1\" \/>\n\t\t<meta property=\"og:locale\" content=\"pt_PT\" \/>\n\t\t<meta property=\"og:site_name\" content=\"binauralmedia.org - Rural Based Sound\/Media Arts &amp; Social Research\" \/>\n\t\t<meta property=\"og:type\" content=\"article\" \/>\n\t\t<meta property=\"og:title\" content=\"Nicol\u00f2 Minisi acolhido pelo programa de resid\u00eancias art\u00edsticas virtuais da Rede Tramontana - binauralmedia.org\" \/>\n\t\t<meta property=\"og:description\" content=\"READY THOUGHT Resid\u00eancia art\u00edstica virtual e site-specific Com Nicol\u00f2 Minisi Outubro de 2025 \u2013 mar\u00e7o de 2026 Uma resid\u00eancia art\u00edstica produzida pela Binaural Nodar e integrada nas atividades criativas da Tramontana Network, um projeto cofinanciado pelo programa Europa Criativa. O projeto surge de uma investiga\u00e7\u00e3o sobre o som como ve\u00edculo de mem\u00f3ria e ferramenta para\" \/>\n\t\t<meta property=\"og:url\" content=\"https:\/\/www.binauralmedia.org\/news\/arquivo\/24476\" \/>\n\t\t<meta property=\"article:published_time\" content=\"2025-10-22T12:29:44+00:00\" \/>\n\t\t<meta property=\"article:modified_time\" content=\"2025-10-25T17:28:26+00:00\" \/>\n\t\t<meta name=\"twitter:card\" content=\"summary_large_image\" \/>\n\t\t<meta name=\"twitter:title\" content=\"Nicol\u00f2 Minisi acolhido pelo programa de resid\u00eancias art\u00edsticas virtuais da Rede Tramontana - binauralmedia.org\" \/>\n\t\t<meta name=\"twitter:description\" content=\"READY THOUGHT Resid\u00eancia art\u00edstica virtual e site-specific Com Nicol\u00f2 Minisi Outubro de 2025 \u2013 mar\u00e7o de 2026 Uma resid\u00eancia art\u00edstica produzida pela Binaural Nodar e integrada nas atividades criativas da Tramontana Network, um projeto cofinanciado pelo programa Europa Criativa. O projeto surge de uma investiga\u00e7\u00e3o sobre o som como ve\u00edculo de mem\u00f3ria e ferramenta para\" \/>\n\t\t<script type=\"application\/ld+json\" class=\"aioseo-schema\">\n\t\t\t{\"@context\":\"https:\\\/\\\/schema.org\",\"@graph\":[{\"@type\":\"BlogPosting\",\"@id\":\"https:\\\/\\\/www.binauralmedia.org\\\/news\\\/arquivo\\\/24476#blogposting\",\"name\":\"Nicol\\u00f2 Minisi acolhido pelo programa de resid\\u00eancias art\\u00edsticas virtuais da Rede Tramontana - binauralmedia.org\",\"headline\":\"Nicol\\u00f2 Minisi acolhido pelo programa de resid\\u00eancias art\\u00edsticas virtuais da Rede Tramontana\",\"author\":{\"@id\":\"https:\\\/\\\/www.binauralmedia.org\\\/news\\\/arquivo\\\/author\\\/nelyferreira#author\"},\"publisher\":{\"@id\":\"https:\\\/\\\/www.binauralmedia.org\\\/news\\\/#organization\"},\"image\":{\"@type\":\"ImageObject\",\"url\":\"https:\\\/\\\/www.binauralmedia.org\\\/news\\\/wp-content\\\/uploads\\\/Nicolo-Minisi-1200x800-1.jpg\",\"width\":1200,\"height\":800},\"datePublished\":\"2025-10-22T12:29:44+00:00\",\"dateModified\":\"2025-10-25T17:28:26+00:00\",\"inLanguage\":\"pt-PT\",\"mainEntityOfPage\":{\"@id\":\"https:\\\/\\\/www.binauralmedia.org\\\/news\\\/arquivo\\\/24476#webpage\"},\"isPartOf\":{\"@id\":\"https:\\\/\\\/www.binauralmedia.org\\\/news\\\/arquivo\\\/24476#webpage\"},\"articleSection\":\"Not\\u00edcias, Resid\\u00eancias Art\\u00edsticas, Optional\"},{\"@type\":\"BreadcrumbList\",\"@id\":\"https:\\\/\\\/www.binauralmedia.org\\\/news\\\/arquivo\\\/24476#breadcrumblist\",\"itemListElement\":[{\"@type\":\"ListItem\",\"@id\":\"https:\\\/\\\/www.binauralmedia.org\\\/news#listItem\",\"position\":1,\"name\":\"Home\",\"item\":\"https:\\\/\\\/www.binauralmedia.org\\\/news\",\"nextItem\":{\"@type\":\"ListItem\",\"@id\":\"https:\\\/\\\/www.binauralmedia.org\\\/news\\\/arquivo\\\/category\\\/news#listItem\",\"name\":\"Not\\u00edcias\"}},{\"@type\":\"ListItem\",\"@id\":\"https:\\\/\\\/www.binauralmedia.org\\\/news\\\/arquivo\\\/category\\\/news#listItem\",\"position\":2,\"name\":\"Not\\u00edcias\",\"item\":\"https:\\\/\\\/www.binauralmedia.org\\\/news\\\/arquivo\\\/category\\\/news\",\"nextItem\":{\"@type\":\"ListItem\",\"@id\":\"https:\\\/\\\/www.binauralmedia.org\\\/news\\\/arquivo\\\/24476#listItem\",\"name\":\"Nicol\\u00f2 Minisi acolhido pelo programa de resid\\u00eancias art\\u00edsticas virtuais da Rede Tramontana\"},\"previousItem\":{\"@type\":\"ListItem\",\"@id\":\"https:\\\/\\\/www.binauralmedia.org\\\/news#listItem\",\"name\":\"Home\"}},{\"@type\":\"ListItem\",\"@id\":\"https:\\\/\\\/www.binauralmedia.org\\\/news\\\/arquivo\\\/24476#listItem\",\"position\":3,\"name\":\"Nicol\\u00f2 Minisi acolhido pelo programa de resid\\u00eancias art\\u00edsticas virtuais da Rede Tramontana\",\"previousItem\":{\"@type\":\"ListItem\",\"@id\":\"https:\\\/\\\/www.binauralmedia.org\\\/news\\\/arquivo\\\/category\\\/news#listItem\",\"name\":\"Not\\u00edcias\"}}]},{\"@type\":\"Organization\",\"@id\":\"https:\\\/\\\/www.binauralmedia.org\\\/news\\\/#organization\",\"name\":\"binauralmedia.org\",\"description\":\"Rural Based Sound\\\/Media Arts & Social Research\",\"url\":\"https:\\\/\\\/www.binauralmedia.org\\\/news\\\/\"},{\"@type\":\"Person\",\"@id\":\"https:\\\/\\\/www.binauralmedia.org\\\/news\\\/arquivo\\\/author\\\/nelyferreira#author\",\"url\":\"https:\\\/\\\/www.binauralmedia.org\\\/news\\\/arquivo\\\/author\\\/nelyferreira\",\"name\":\"Nely Ferreira\"},{\"@type\":\"WebPage\",\"@id\":\"https:\\\/\\\/www.binauralmedia.org\\\/news\\\/arquivo\\\/24476#webpage\",\"url\":\"https:\\\/\\\/www.binauralmedia.org\\\/news\\\/arquivo\\\/24476\",\"name\":\"Nicol\\u00f2 Minisi acolhido pelo programa de resid\\u00eancias art\\u00edsticas virtuais da Rede Tramontana - binauralmedia.org\",\"description\":\"READY THOUGHT Resid\\u00eancia art\\u00edstica virtual e site-specific Com Nicol\\u00f2 Minisi Outubro de 2025 \\u2013 mar\\u00e7o de 2026 Uma resid\\u00eancia art\\u00edstica produzida pela Binaural Nodar e integrada nas atividades criativas da Tramontana Network, um projeto cofinanciado pelo programa Europa Criativa. O projeto surge de uma investiga\\u00e7\\u00e3o sobre o som como ve\\u00edculo de mem\\u00f3ria e ferramenta para\",\"inLanguage\":\"pt-PT\",\"isPartOf\":{\"@id\":\"https:\\\/\\\/www.binauralmedia.org\\\/news\\\/#website\"},\"breadcrumb\":{\"@id\":\"https:\\\/\\\/www.binauralmedia.org\\\/news\\\/arquivo\\\/24476#breadcrumblist\"},\"author\":{\"@id\":\"https:\\\/\\\/www.binauralmedia.org\\\/news\\\/arquivo\\\/author\\\/nelyferreira#author\"},\"creator\":{\"@id\":\"https:\\\/\\\/www.binauralmedia.org\\\/news\\\/arquivo\\\/author\\\/nelyferreira#author\"},\"image\":{\"@type\":\"ImageObject\",\"url\":\"https:\\\/\\\/www.binauralmedia.org\\\/news\\\/wp-content\\\/uploads\\\/Nicolo-Minisi-1200x800-1.jpg\",\"@id\":\"https:\\\/\\\/www.binauralmedia.org\\\/news\\\/arquivo\\\/24476\\\/#mainImage\",\"width\":1200,\"height\":800},\"primaryImageOfPage\":{\"@id\":\"https:\\\/\\\/www.binauralmedia.org\\\/news\\\/arquivo\\\/24476#mainImage\"},\"datePublished\":\"2025-10-22T12:29:44+00:00\",\"dateModified\":\"2025-10-25T17:28:26+00:00\"},{\"@type\":\"WebSite\",\"@id\":\"https:\\\/\\\/www.binauralmedia.org\\\/news\\\/#website\",\"url\":\"https:\\\/\\\/www.binauralmedia.org\\\/news\\\/\",\"name\":\"binauralmedia.org\",\"description\":\"Rural Based Sound\\\/Media Arts & Social Research\",\"inLanguage\":\"pt-PT\",\"publisher\":{\"@id\":\"https:\\\/\\\/www.binauralmedia.org\\\/news\\\/#organization\"}}]}\n\t\t<\/script>\n\t\t<!-- All in One SEO -->\n\n","aioseo_head_json":{"title":"Nicol\u00f2 Minisi acolhido pelo programa de resid\u00eancias art\u00edsticas virtuais da Rede Tramontana - binauralmedia.org","description":"READY THOUGHT Resid\u00eancia art\u00edstica virtual e site-specific Com Nicol\u00f2 Minisi Outubro de 2025 \u2013 mar\u00e7o de 2026 Uma resid\u00eancia art\u00edstica produzida pela Binaural Nodar e integrada nas atividades criativas da Tramontana Network, um projeto cofinanciado pelo programa Europa Criativa. O projeto surge de uma investiga\u00e7\u00e3o sobre o som como ve\u00edculo de mem\u00f3ria e ferramenta para","canonical_url":"https:\/\/www.binauralmedia.org\/news\/arquivo\/24476","robots":"max-image-preview:large","keywords":"","webmasterTools":{"miscellaneous":""},"schema":{"@context":"https:\/\/schema.org","@graph":[{"@type":"BlogPosting","@id":"https:\/\/www.binauralmedia.org\/news\/arquivo\/24476#blogposting","name":"Nicol\u00f2 Minisi acolhido pelo programa de resid\u00eancias art\u00edsticas virtuais da Rede Tramontana - binauralmedia.org","headline":"Nicol\u00f2 Minisi acolhido pelo programa de resid\u00eancias art\u00edsticas virtuais da Rede Tramontana","author":{"@id":"https:\/\/www.binauralmedia.org\/news\/arquivo\/author\/nelyferreira#author"},"publisher":{"@id":"https:\/\/www.binauralmedia.org\/news\/#organization"},"image":{"@type":"ImageObject","url":"https:\/\/www.binauralmedia.org\/news\/wp-content\/uploads\/Nicolo-Minisi-1200x800-1.jpg","width":1200,"height":800},"datePublished":"2025-10-22T12:29:44+00:00","dateModified":"2025-10-25T17:28:26+00:00","inLanguage":"pt-PT","mainEntityOfPage":{"@id":"https:\/\/www.binauralmedia.org\/news\/arquivo\/24476#webpage"},"isPartOf":{"@id":"https:\/\/www.binauralmedia.org\/news\/arquivo\/24476#webpage"},"articleSection":"Not\u00edcias, Resid\u00eancias Art\u00edsticas, Optional"},{"@type":"BreadcrumbList","@id":"https:\/\/www.binauralmedia.org\/news\/arquivo\/24476#breadcrumblist","itemListElement":[{"@type":"ListItem","@id":"https:\/\/www.binauralmedia.org\/news#listItem","position":1,"name":"Home","item":"https:\/\/www.binauralmedia.org\/news","nextItem":{"@type":"ListItem","@id":"https:\/\/www.binauralmedia.org\/news\/arquivo\/category\/news#listItem","name":"Not\u00edcias"}},{"@type":"ListItem","@id":"https:\/\/www.binauralmedia.org\/news\/arquivo\/category\/news#listItem","position":2,"name":"Not\u00edcias","item":"https:\/\/www.binauralmedia.org\/news\/arquivo\/category\/news","nextItem":{"@type":"ListItem","@id":"https:\/\/www.binauralmedia.org\/news\/arquivo\/24476#listItem","name":"Nicol\u00f2 Minisi acolhido pelo programa de resid\u00eancias art\u00edsticas virtuais da Rede Tramontana"},"previousItem":{"@type":"ListItem","@id":"https:\/\/www.binauralmedia.org\/news#listItem","name":"Home"}},{"@type":"ListItem","@id":"https:\/\/www.binauralmedia.org\/news\/arquivo\/24476#listItem","position":3,"name":"Nicol\u00f2 Minisi acolhido pelo programa de resid\u00eancias art\u00edsticas virtuais da Rede Tramontana","previousItem":{"@type":"ListItem","@id":"https:\/\/www.binauralmedia.org\/news\/arquivo\/category\/news#listItem","name":"Not\u00edcias"}}]},{"@type":"Organization","@id":"https:\/\/www.binauralmedia.org\/news\/#organization","name":"binauralmedia.org","description":"Rural Based Sound\/Media Arts & Social Research","url":"https:\/\/www.binauralmedia.org\/news\/"},{"@type":"Person","@id":"https:\/\/www.binauralmedia.org\/news\/arquivo\/author\/nelyferreira#author","url":"https:\/\/www.binauralmedia.org\/news\/arquivo\/author\/nelyferreira","name":"Nely Ferreira"},{"@type":"WebPage","@id":"https:\/\/www.binauralmedia.org\/news\/arquivo\/24476#webpage","url":"https:\/\/www.binauralmedia.org\/news\/arquivo\/24476","name":"Nicol\u00f2 Minisi acolhido pelo programa de resid\u00eancias art\u00edsticas virtuais da Rede Tramontana - binauralmedia.org","description":"READY THOUGHT Resid\u00eancia art\u00edstica virtual e site-specific Com Nicol\u00f2 Minisi Outubro de 2025 \u2013 mar\u00e7o de 2026 Uma resid\u00eancia art\u00edstica produzida pela Binaural Nodar e integrada nas atividades criativas da Tramontana Network, um projeto cofinanciado pelo programa Europa Criativa. O projeto surge de uma investiga\u00e7\u00e3o sobre o som como ve\u00edculo de mem\u00f3ria e ferramenta para","inLanguage":"pt-PT","isPartOf":{"@id":"https:\/\/www.binauralmedia.org\/news\/#website"},"breadcrumb":{"@id":"https:\/\/www.binauralmedia.org\/news\/arquivo\/24476#breadcrumblist"},"author":{"@id":"https:\/\/www.binauralmedia.org\/news\/arquivo\/author\/nelyferreira#author"},"creator":{"@id":"https:\/\/www.binauralmedia.org\/news\/arquivo\/author\/nelyferreira#author"},"image":{"@type":"ImageObject","url":"https:\/\/www.binauralmedia.org\/news\/wp-content\/uploads\/Nicolo-Minisi-1200x800-1.jpg","@id":"https:\/\/www.binauralmedia.org\/news\/arquivo\/24476\/#mainImage","width":1200,"height":800},"primaryImageOfPage":{"@id":"https:\/\/www.binauralmedia.org\/news\/arquivo\/24476#mainImage"},"datePublished":"2025-10-22T12:29:44+00:00","dateModified":"2025-10-25T17:28:26+00:00"},{"@type":"WebSite","@id":"https:\/\/www.binauralmedia.org\/news\/#website","url":"https:\/\/www.binauralmedia.org\/news\/","name":"binauralmedia.org","description":"Rural Based Sound\/Media Arts & Social Research","inLanguage":"pt-PT","publisher":{"@id":"https:\/\/www.binauralmedia.org\/news\/#organization"}}]},"og:locale":"pt_PT","og:site_name":"binauralmedia.org - Rural Based Sound\/Media Arts &amp; Social Research","og:type":"article","og:title":"Nicol\u00f2 Minisi acolhido pelo programa de resid\u00eancias art\u00edsticas virtuais da Rede Tramontana - binauralmedia.org","og:description":"READY THOUGHT Resid\u00eancia art\u00edstica virtual e site-specific Com Nicol\u00f2 Minisi Outubro de 2025 \u2013 mar\u00e7o de 2026 Uma resid\u00eancia art\u00edstica produzida pela Binaural Nodar e integrada nas atividades criativas da Tramontana Network, um projeto cofinanciado pelo programa Europa Criativa. O projeto surge de uma investiga\u00e7\u00e3o sobre o som como ve\u00edculo de mem\u00f3ria e ferramenta para","og:url":"https:\/\/www.binauralmedia.org\/news\/arquivo\/24476","article:published_time":"2025-10-22T12:29:44+00:00","article:modified_time":"2025-10-25T17:28:26+00:00","twitter:card":"summary_large_image","twitter:title":"Nicol\u00f2 Minisi acolhido pelo programa de resid\u00eancias art\u00edsticas virtuais da Rede Tramontana - binauralmedia.org","twitter:description":"READY THOUGHT Resid\u00eancia art\u00edstica virtual e site-specific Com Nicol\u00f2 Minisi Outubro de 2025 \u2013 mar\u00e7o de 2026 Uma resid\u00eancia art\u00edstica produzida pela Binaural Nodar e integrada nas atividades criativas da Tramontana Network, um projeto cofinanciado pelo programa Europa Criativa. O projeto surge de uma investiga\u00e7\u00e3o sobre o som como ve\u00edculo de mem\u00f3ria e ferramenta para"},"aioseo_meta_data":{"post_id":"24476","title":null,"description":null,"keywords":null,"keyphrases":null,"primary_term":null,"canonical_url":null,"og_title":null,"og_description":null,"og_object_type":"default","og_image_type":"default","og_image_custom_url":null,"og_image_custom_fields":null,"og_image_url":null,"og_image_width":null,"og_image_height":null,"og_video":null,"og_custom_url":null,"og_article_section":null,"og_article_tags":null,"twitter_use_og":false,"twitter_card":"default","twitter_image_type":"default","twitter_image_custom_url":null,"twitter_image_custom_fields":null,"twitter_image_url":null,"twitter_title":null,"twitter_description":null,"schema_type":"default","schema_type_options":null,"schema":{"blockGraphs":[],"customGraphs":[],"default":{"data":{"Article":[],"Course":[],"Dataset":[],"FAQPage":[],"Movie":[],"Person":[],"Product":[],"ProductReview":[],"Car":[],"Recipe":[],"Service":[],"SoftwareApplication":[],"WebPage":[]},"graphName":"","isEnabled":true},"graphs":[]},"pillar_content":false,"robots_default":true,"robots_noindex":false,"robots_noarchive":false,"robots_nosnippet":false,"robots_nofollow":false,"robots_noimageindex":false,"robots_noodp":false,"robots_notranslate":false,"robots_max_snippet":null,"robots_max_videopreview":null,"robots_max_imagepreview":"large","priority":null,"frequency":null,"local_seo":null,"limit_modified_date":false,"ai":null,"breadcrumb_settings":null,"seo_analyzer_scan_date":null,"created":"2026-08-05 08:22:58","updated":"2026-08-05 08:22:58","focus_keyword":null,"additional_keywords":null,"truseo_locale":null},"aioseo_breadcrumb":"<div class=\"aioseo-breadcrumbs\"><span class=\"aioseo-breadcrumb\">\n\t\t\t<a href=\"https:\/\/www.binauralmedia.org\/news\" title=\"Home\">Home<\/a>\n\t\t<\/span><span class=\"aioseo-breadcrumb-separator\">&raquo;<\/span><span class=\"aioseo-breadcrumb\">\n\t\t\t<a href=\"https:\/\/www.binauralmedia.org\/news\/arquivo\/category\/news\" title=\"Not\u00edcias\">Not\u00edcias<\/a>\n\t\t<\/span><span class=\"aioseo-breadcrumb-separator\">&raquo;<\/span><span class=\"aioseo-breadcrumb\">\n\t\t\tNicol\u00f2 Minisi acolhido pelo programa de resid\u00eancias art\u00edsticas virtuais da Rede Tramontana\n\t\t<\/span><\/div>","aioseo_breadcrumb_json":[{"label":"Home","link":"https:\/\/www.binauralmedia.org\/news"},{"label":"Not\u00edcias","link":"https:\/\/www.binauralmedia.org\/news\/arquivo\/category\/news"},{"label":"Nicol\u00f2 Minisi acolhido pelo programa de resid\u00eancias art\u00edsticas virtuais da Rede Tramontana","link":"https:\/\/www.binauralmedia.org\/news\/arquivo\/24476"}],"_links":{"self":[{"href":"https:\/\/www.binauralmedia.org\/news\/wp-json\/wp\/v2\/posts\/24476","targetHints":{"allow":["GET"]}}],"collection":[{"href":"https:\/\/www.binauralmedia.org\/news\/wp-json\/wp\/v2\/posts"}],"about":[{"href":"https:\/\/www.binauralmedia.org\/news\/wp-json\/wp\/v2\/types\/post"}],"author":[{"embeddable":true,"href":"https:\/\/www.binauralmedia.org\/news\/wp-json\/wp\/v2\/users\/8"}],"replies":[{"embeddable":true,"href":"https:\/\/www.binauralmedia.org\/news\/wp-json\/wp\/v2\/comments?post=24476"}],"version-history":[{"count":4,"href":"https:\/\/www.binauralmedia.org\/news\/wp-json\/wp\/v2\/posts\/24476\/revisions"}],"predecessor-version":[{"id":24500,"href":"https:\/\/www.binauralmedia.org\/news\/wp-json\/wp\/v2\/posts\/24476\/revisions\/24500"}],"wp:featuredmedia":[{"embeddable":true,"href":"https:\/\/www.binauralmedia.org\/news\/wp-json\/wp\/v2\/media\/24477"}],"wp:attachment":[{"href":"https:\/\/www.binauralmedia.org\/news\/wp-json\/wp\/v2\/media?parent=24476"}],"wp:term":[{"taxonomy":"category","embeddable":true,"href":"https:\/\/www.binauralmedia.org\/news\/wp-json\/wp\/v2\/categories?post=24476"},{"taxonomy":"post_tag","embeddable":true,"href":"https:\/\/www.binauralmedia.org\/news\/wp-json\/wp\/v2\/tags?post=24476"}],"curies":[{"name":"wp","href":"https:\/\/api.w.org\/{rel}","templated":true}]}}