{"id":24454,"date":"2025-10-21T10:46:18","date_gmt":"2025-10-21T10:46:18","guid":{"rendered":"https:\/\/www.binauralmedia.org\/news?p=24454"},"modified":"2025-10-22T11:04:01","modified_gmt":"2025-10-22T11:04:01","slug":"conferencia-internacional-historia-rural-2025","status":"publish","type":"post","link":"https:\/\/www.binauralmedia.org\/news\/arquivo\/24454","title":{"rendered":"Confer\u00eancia internacional &#8220;Rural History 2025&#8221;"},"content":{"rendered":"<div class=\"fusion-fullwidth fullwidth-box fusion-builder-row-1 fusion-flex-container nonhundred-percent-fullwidth non-hundred-percent-height-scrolling\" style=\"--awb-border-radius-top-left:0px;--awb-border-radius-top-right:0px;--awb-border-radius-bottom-right:0px;--awb-border-radius-bottom-left:0px;--awb-flex-wrap:wrap;\" ><div class=\"fusion-builder-row fusion-row fusion-flex-align-items-flex-start fusion-flex-content-wrap\" style=\"max-width:1144px;margin-left: calc(-4% \/ 2 );margin-right: calc(-4% \/ 2 );\"><div class=\"fusion-layout-column fusion_builder_column fusion-builder-column-0 fusion_builder_column_1_1 1_1 fusion-flex-column\" style=\"--awb-bg-size:cover;--awb-width-large:100%;--awb-margin-top-large:0px;--awb-spacing-right-large:1.92%;--awb-margin-bottom-large:0px;--awb-spacing-left-large:1.92%;--awb-width-medium:100%;--awb-spacing-right-medium:1.92%;--awb-spacing-left-medium:1.92%;--awb-width-small:100%;--awb-spacing-right-small:1.92%;--awb-spacing-left-small:1.92%;\"><div class=\"fusion-column-wrapper fusion-flex-justify-content-flex-start fusion-content-layout-column\"><div class=\"fusion-video fusion-vimeo\" style=\"--awb-max-width:1920px;--awb-max-height:1080px;--awb-margin-bottom:5%;\"><div class=\"video-shortcode\"><div class=\"fluid-width-video-wrapper\" style=\"padding-top:56.25%;\" ><iframe title=\"Vimeo video player 1\" src=\"https:\/\/player.vimeo.com\/video\/1127539229?autoplay=0&amp;autopause=0\" width=\"1920\" height=\"1080\" allowfullscreen allow=\"autoplay; fullscreen\"><\/iframe><\/div><\/div><\/div><div class=\"fusion-text fusion-text-1\"><p>HIST\u00d3RIA RURAL 2025<br \/>\nConfer\u00eancia Internacional<br \/>\nUniversidade de Coimbra (Portugal)<br \/>\n9 a 12 de setembro de 2025<\/p>\n<p>A confer\u00eancia internacional Hist\u00f3ria Rural 2025, realizada na Universidade de Coimbra entre 9 e 12 de setembro, contou com uma sess\u00e3o promovida pela Rede Tramontana que despertou grande interesse entre os muitos participantes. A sess\u00e3o, intitulada \u00ab\u00c1gua, povoamento das terras altas e mem\u00f3ria: perspetivas multidisciplinares sobre a hist\u00f3ria rural no s\u00e9culo XX\u00bb, decorreu no dia 10 de setembro na Faculdade de Letras, moderada por Lu\u00eds Gomes da Costa, da Binaural Nodar, e Eltjana Shkreli, da GO2 Alb\u00e2nia.<\/p>\n<p>Durante a sess\u00e3o, foram apresentados cinco artigos que exploraram v\u00e1rios temas relacionados com a gest\u00e3o da \u00e1gua, o patrim\u00f3nio cultural e a mem\u00f3ria comunit\u00e1ria em diferentes regi\u00f5es da Europa, incluindo os Alpes albaneses (Eltjana Shkreli e Liridona Ura, da GO2 Alb\u00e2nia), os vales do Alto Vomano e Aterno, na regi\u00e3o de Abruzzo, em It\u00e1lia (Silvia Pallini e Renata De Rugeriis, da LEM-It\u00e1lia), a rela\u00e7\u00e3o entre o torrente Bisagno, na \u00e1rea italiana de G\u00e9nova, e o vale do rio Paiva, em Portugal (Luis Gomes da Costa, da Binaural Nodar), e as montanhas Owl, na Pol\u00f3nia (Maciej Kierzkowski e Magdalena Masewicz-Kierzkowska, da Akademia Profil).<\/p>\n<p>As apresenta\u00e7\u00f5es destacaram a import\u00e2ncia da intera\u00e7\u00e3o entre a \u00e1gua, as identidades locais, a hist\u00f3ria oral e a sustentabilidade, revelando a riqueza das abordagens multidisciplinares para compreender aspetos da hist\u00f3ria rural no s\u00e9culo XX.<\/p>\n<p>A diversidade de temas e a qualidade da investiga\u00e7\u00e3o apresentada contribu\u00edram para um debate que refor\u00e7ou o papel da Rede Tramontana na promo\u00e7\u00e3o do conhecimento sobre a hist\u00f3ria rural europeia entre a comunidade cient\u00edfica e na constru\u00e7\u00e3o de pontes entre investigadores de diferentes pa\u00edses e disciplinas (geografia, arquitetura, hist\u00f3ria, antropologia e arte).<\/p>\n<p>A Binaural Nodar \u00e9 uma organiza\u00e7\u00e3o cultural apoiada pela Rep\u00fablica Portuguesa \u2013 Cultura, Juventude e Desporto | Dire\u00e7\u00e3o-Geral das Artes.<\/p>\n<\/div><\/div><\/div><\/div><\/div>\n","protected":false},"excerpt":{"rendered":"","protected":false},"author":8,"featured_media":24456,"comment_status":"closed","ping_status":"closed","sticky":false,"template":"","format":"standard","meta":{"_acf_changed":false,"_bbp_topic_count":0,"_bbp_reply_count":0,"_bbp_total_topic_count":0,"_bbp_total_reply_count":0,"_bbp_voice_count":0,"_bbp_anonymous_reply_count":0,"_bbp_topic_count_hidden":0,"_bbp_reply_count_hidden":0,"_bbp_forum_subforum_count":0,"footnotes":""},"categories":[1,1160],"tags":[],"class_list":["post-24454","post","type-post","status-publish","format-standard","has-post-thumbnail","hentry","category-news","category-symposiums-festivals"],"acf":[],"aioseo_notices":[],"aioseo_head":"\n\t\t<!-- All in One SEO 5.0.1.1 - aioseo.com -->\n\t<meta name=\"description\" content=\"HIST\u00d3RIA RURAL 2025 Confer\u00eancia Internacional Universidade de Coimbra (Portugal) 9 a 12 de setembro de 2025 A confer\u00eancia internacional Hist\u00f3ria Rural 2025, realizada na Universidade de Coimbra entre 9 e 12 de setembro, contou com uma sess\u00e3o promovida pela Rede Tramontana que despertou grande interesse entre os muitos participantes. A sess\u00e3o, intitulada \u00ab\u00c1gua, povoamento das\" \/>\n\t<meta name=\"robots\" content=\"max-image-preview:large\" \/>\n\t<meta name=\"author\" content=\"Nely Ferreira\"\/>\n\t<link rel=\"canonical\" href=\"https:\/\/www.binauralmedia.org\/news\/arquivo\/24454\" \/>\n\t<meta name=\"generator\" content=\"All in One SEO (AIOSEO) 5.0.1.1\" \/>\n\t\t<meta property=\"og:locale\" content=\"pt_PT\" \/>\n\t\t<meta property=\"og:site_name\" content=\"binauralmedia.org - Rural Based Sound\/Media Arts &amp; Social Research\" \/>\n\t\t<meta property=\"og:type\" content=\"article\" \/>\n\t\t<meta property=\"og:title\" content=\"Confer\u00eancia internacional \u201cRural History 2025\u201d - binauralmedia.org\" \/>\n\t\t<meta property=\"og:description\" content=\"HIST\u00d3RIA RURAL 2025 Confer\u00eancia Internacional Universidade de Coimbra (Portugal) 9 a 12 de setembro de 2025 A confer\u00eancia internacional Hist\u00f3ria Rural 2025, realizada na Universidade de Coimbra entre 9 e 12 de setembro, contou com uma sess\u00e3o promovida pela Rede Tramontana que despertou grande interesse entre os muitos participantes. A sess\u00e3o, intitulada \u00ab\u00c1gua, povoamento das\" \/>\n\t\t<meta property=\"og:url\" content=\"https:\/\/www.binauralmedia.org\/news\/arquivo\/24454\" \/>\n\t\t<meta property=\"article:published_time\" content=\"2025-10-21T10:46:18+00:00\" \/>\n\t\t<meta property=\"article:modified_time\" content=\"2025-10-22T11:04:01+00:00\" \/>\n\t\t<meta name=\"twitter:card\" content=\"summary_large_image\" \/>\n\t\t<meta name=\"twitter:title\" content=\"Confer\u00eancia internacional \u201cRural History 2025\u201d - binauralmedia.org\" \/>\n\t\t<meta name=\"twitter:description\" content=\"HIST\u00d3RIA RURAL 2025 Confer\u00eancia Internacional Universidade de Coimbra (Portugal) 9 a 12 de setembro de 2025 A confer\u00eancia internacional Hist\u00f3ria Rural 2025, realizada na Universidade de Coimbra entre 9 e 12 de setembro, contou com uma sess\u00e3o promovida pela Rede Tramontana que despertou grande interesse entre os muitos participantes. A sess\u00e3o, intitulada \u00ab\u00c1gua, povoamento das\" \/>\n\t\t<script type=\"application\/ld+json\" class=\"aioseo-schema\">\n\t\t\t{\"@context\":\"https:\\\/\\\/schema.org\",\"@graph\":[{\"@type\":\"BlogPosting\",\"@id\":\"https:\\\/\\\/www.binauralmedia.org\\\/news\\\/arquivo\\\/24454#blogposting\",\"name\":\"Confer\\u00eancia internacional \\u201cRural History 2025\\u201d - binauralmedia.org\",\"headline\":\"Confer\\u00eancia internacional &#8220;Rural History 2025&#8221;\",\"author\":{\"@id\":\"https:\\\/\\\/www.binauralmedia.org\\\/news\\\/arquivo\\\/author\\\/nelyferreira#author\"},\"publisher\":{\"@id\":\"https:\\\/\\\/www.binauralmedia.org\\\/news\\\/#organization\"},\"image\":{\"@type\":\"ImageObject\",\"url\":\"https:\\\/\\\/www.binauralmedia.org\\\/news\\\/wp-content\\\/uploads\\\/1200x800-15.png\",\"width\":1200,\"height\":800},\"datePublished\":\"2025-10-21T10:46:18+00:00\",\"dateModified\":\"2025-10-22T11:04:01+00:00\",\"inLanguage\":\"pt-PT\",\"mainEntityOfPage\":{\"@id\":\"https:\\\/\\\/www.binauralmedia.org\\\/news\\\/arquivo\\\/24454#webpage\"},\"isPartOf\":{\"@id\":\"https:\\\/\\\/www.binauralmedia.org\\\/news\\\/arquivo\\\/24454#webpage\"},\"articleSection\":\"Not\\u00edcias, Simp\\u00f3sios &amp; Festivais, Optional\"},{\"@type\":\"BreadcrumbList\",\"@id\":\"https:\\\/\\\/www.binauralmedia.org\\\/news\\\/arquivo\\\/24454#breadcrumblist\",\"itemListElement\":[{\"@type\":\"ListItem\",\"@id\":\"https:\\\/\\\/www.binauralmedia.org\\\/news#listItem\",\"position\":1,\"name\":\"Home\",\"item\":\"https:\\\/\\\/www.binauralmedia.org\\\/news\",\"nextItem\":{\"@type\":\"ListItem\",\"@id\":\"https:\\\/\\\/www.binauralmedia.org\\\/news\\\/arquivo\\\/category\\\/news#listItem\",\"name\":\"Not\\u00edcias\"}},{\"@type\":\"ListItem\",\"@id\":\"https:\\\/\\\/www.binauralmedia.org\\\/news\\\/arquivo\\\/category\\\/news#listItem\",\"position\":2,\"name\":\"Not\\u00edcias\",\"item\":\"https:\\\/\\\/www.binauralmedia.org\\\/news\\\/arquivo\\\/category\\\/news\",\"nextItem\":{\"@type\":\"ListItem\",\"@id\":\"https:\\\/\\\/www.binauralmedia.org\\\/news\\\/arquivo\\\/24454#listItem\",\"name\":\"Confer\\u00eancia internacional &#8220;Rural History 2025&#8221;\"},\"previousItem\":{\"@type\":\"ListItem\",\"@id\":\"https:\\\/\\\/www.binauralmedia.org\\\/news#listItem\",\"name\":\"Home\"}},{\"@type\":\"ListItem\",\"@id\":\"https:\\\/\\\/www.binauralmedia.org\\\/news\\\/arquivo\\\/24454#listItem\",\"position\":3,\"name\":\"Confer\\u00eancia internacional &#8220;Rural History 2025&#8221;\",\"previousItem\":{\"@type\":\"ListItem\",\"@id\":\"https:\\\/\\\/www.binauralmedia.org\\\/news\\\/arquivo\\\/category\\\/news#listItem\",\"name\":\"Not\\u00edcias\"}}]},{\"@type\":\"Organization\",\"@id\":\"https:\\\/\\\/www.binauralmedia.org\\\/news\\\/#organization\",\"name\":\"binauralmedia.org\",\"description\":\"Rural Based Sound\\\/Media Arts & Social Research\",\"url\":\"https:\\\/\\\/www.binauralmedia.org\\\/news\\\/\"},{\"@type\":\"Person\",\"@id\":\"https:\\\/\\\/www.binauralmedia.org\\\/news\\\/arquivo\\\/author\\\/nelyferreira#author\",\"url\":\"https:\\\/\\\/www.binauralmedia.org\\\/news\\\/arquivo\\\/author\\\/nelyferreira\",\"name\":\"Nely Ferreira\"},{\"@type\":\"WebPage\",\"@id\":\"https:\\\/\\\/www.binauralmedia.org\\\/news\\\/arquivo\\\/24454#webpage\",\"url\":\"https:\\\/\\\/www.binauralmedia.org\\\/news\\\/arquivo\\\/24454\",\"name\":\"Confer\\u00eancia internacional \\u201cRural History 2025\\u201d - binauralmedia.org\",\"description\":\"HIST\\u00d3RIA RURAL 2025 Confer\\u00eancia Internacional Universidade de Coimbra (Portugal) 9 a 12 de setembro de 2025 A confer\\u00eancia internacional Hist\\u00f3ria Rural 2025, realizada na Universidade de Coimbra entre 9 e 12 de setembro, contou com uma sess\\u00e3o promovida pela Rede Tramontana que despertou grande interesse entre os muitos participantes. A sess\\u00e3o, intitulada \\u00ab\\u00c1gua, povoamento das\",\"inLanguage\":\"pt-PT\",\"isPartOf\":{\"@id\":\"https:\\\/\\\/www.binauralmedia.org\\\/news\\\/#website\"},\"breadcrumb\":{\"@id\":\"https:\\\/\\\/www.binauralmedia.org\\\/news\\\/arquivo\\\/24454#breadcrumblist\"},\"author\":{\"@id\":\"https:\\\/\\\/www.binauralmedia.org\\\/news\\\/arquivo\\\/author\\\/nelyferreira#author\"},\"creator\":{\"@id\":\"https:\\\/\\\/www.binauralmedia.org\\\/news\\\/arquivo\\\/author\\\/nelyferreira#author\"},\"image\":{\"@type\":\"ImageObject\",\"url\":\"https:\\\/\\\/www.binauralmedia.org\\\/news\\\/wp-content\\\/uploads\\\/1200x800-15.png\",\"@id\":\"https:\\\/\\\/www.binauralmedia.org\\\/news\\\/arquivo\\\/24454\\\/#mainImage\",\"width\":1200,\"height\":800},\"primaryImageOfPage\":{\"@id\":\"https:\\\/\\\/www.binauralmedia.org\\\/news\\\/arquivo\\\/24454#mainImage\"},\"datePublished\":\"2025-10-21T10:46:18+00:00\",\"dateModified\":\"2025-10-22T11:04:01+00:00\"},{\"@type\":\"WebSite\",\"@id\":\"https:\\\/\\\/www.binauralmedia.org\\\/news\\\/#website\",\"url\":\"https:\\\/\\\/www.binauralmedia.org\\\/news\\\/\",\"name\":\"binauralmedia.org\",\"description\":\"Rural Based Sound\\\/Media Arts & Social Research\",\"inLanguage\":\"pt-PT\",\"publisher\":{\"@id\":\"https:\\\/\\\/www.binauralmedia.org\\\/news\\\/#organization\"}}]}\n\t\t<\/script>\n\t\t<!-- All in One SEO -->\n\n","aioseo_head_json":{"title":"Confer\u00eancia internacional \u201cRural History 2025\u201d - binauralmedia.org","description":"HIST\u00d3RIA RURAL 2025 Confer\u00eancia Internacional Universidade de Coimbra (Portugal) 9 a 12 de setembro de 2025 A confer\u00eancia internacional Hist\u00f3ria Rural 2025, realizada na Universidade de Coimbra entre 9 e 12 de setembro, contou com uma sess\u00e3o promovida pela Rede Tramontana que despertou grande interesse entre os muitos participantes. A sess\u00e3o, intitulada \u00ab\u00c1gua, povoamento das","canonical_url":"https:\/\/www.binauralmedia.org\/news\/arquivo\/24454","robots":"max-image-preview:large","keywords":"","webmasterTools":{"miscellaneous":""},"schema":{"@context":"https:\/\/schema.org","@graph":[{"@type":"BlogPosting","@id":"https:\/\/www.binauralmedia.org\/news\/arquivo\/24454#blogposting","name":"Confer\u00eancia internacional \u201cRural History 2025\u201d - binauralmedia.org","headline":"Confer\u00eancia internacional &#8220;Rural History 2025&#8221;","author":{"@id":"https:\/\/www.binauralmedia.org\/news\/arquivo\/author\/nelyferreira#author"},"publisher":{"@id":"https:\/\/www.binauralmedia.org\/news\/#organization"},"image":{"@type":"ImageObject","url":"https:\/\/www.binauralmedia.org\/news\/wp-content\/uploads\/1200x800-15.png","width":1200,"height":800},"datePublished":"2025-10-21T10:46:18+00:00","dateModified":"2025-10-22T11:04:01+00:00","inLanguage":"pt-PT","mainEntityOfPage":{"@id":"https:\/\/www.binauralmedia.org\/news\/arquivo\/24454#webpage"},"isPartOf":{"@id":"https:\/\/www.binauralmedia.org\/news\/arquivo\/24454#webpage"},"articleSection":"Not\u00edcias, Simp\u00f3sios &amp; Festivais, Optional"},{"@type":"BreadcrumbList","@id":"https:\/\/www.binauralmedia.org\/news\/arquivo\/24454#breadcrumblist","itemListElement":[{"@type":"ListItem","@id":"https:\/\/www.binauralmedia.org\/news#listItem","position":1,"name":"Home","item":"https:\/\/www.binauralmedia.org\/news","nextItem":{"@type":"ListItem","@id":"https:\/\/www.binauralmedia.org\/news\/arquivo\/category\/news#listItem","name":"Not\u00edcias"}},{"@type":"ListItem","@id":"https:\/\/www.binauralmedia.org\/news\/arquivo\/category\/news#listItem","position":2,"name":"Not\u00edcias","item":"https:\/\/www.binauralmedia.org\/news\/arquivo\/category\/news","nextItem":{"@type":"ListItem","@id":"https:\/\/www.binauralmedia.org\/news\/arquivo\/24454#listItem","name":"Confer\u00eancia internacional &#8220;Rural History 2025&#8221;"},"previousItem":{"@type":"ListItem","@id":"https:\/\/www.binauralmedia.org\/news#listItem","name":"Home"}},{"@type":"ListItem","@id":"https:\/\/www.binauralmedia.org\/news\/arquivo\/24454#listItem","position":3,"name":"Confer\u00eancia internacional &#8220;Rural History 2025&#8221;","previousItem":{"@type":"ListItem","@id":"https:\/\/www.binauralmedia.org\/news\/arquivo\/category\/news#listItem","name":"Not\u00edcias"}}]},{"@type":"Organization","@id":"https:\/\/www.binauralmedia.org\/news\/#organization","name":"binauralmedia.org","description":"Rural Based Sound\/Media Arts & Social Research","url":"https:\/\/www.binauralmedia.org\/news\/"},{"@type":"Person","@id":"https:\/\/www.binauralmedia.org\/news\/arquivo\/author\/nelyferreira#author","url":"https:\/\/www.binauralmedia.org\/news\/arquivo\/author\/nelyferreira","name":"Nely Ferreira"},{"@type":"WebPage","@id":"https:\/\/www.binauralmedia.org\/news\/arquivo\/24454#webpage","url":"https:\/\/www.binauralmedia.org\/news\/arquivo\/24454","name":"Confer\u00eancia internacional \u201cRural History 2025\u201d - binauralmedia.org","description":"HIST\u00d3RIA RURAL 2025 Confer\u00eancia Internacional Universidade de Coimbra (Portugal) 9 a 12 de setembro de 2025 A confer\u00eancia internacional Hist\u00f3ria Rural 2025, realizada na Universidade de Coimbra entre 9 e 12 de setembro, contou com uma sess\u00e3o promovida pela Rede Tramontana que despertou grande interesse entre os muitos participantes. A sess\u00e3o, intitulada \u00ab\u00c1gua, povoamento das","inLanguage":"pt-PT","isPartOf":{"@id":"https:\/\/www.binauralmedia.org\/news\/#website"},"breadcrumb":{"@id":"https:\/\/www.binauralmedia.org\/news\/arquivo\/24454#breadcrumblist"},"author":{"@id":"https:\/\/www.binauralmedia.org\/news\/arquivo\/author\/nelyferreira#author"},"creator":{"@id":"https:\/\/www.binauralmedia.org\/news\/arquivo\/author\/nelyferreira#author"},"image":{"@type":"ImageObject","url":"https:\/\/www.binauralmedia.org\/news\/wp-content\/uploads\/1200x800-15.png","@id":"https:\/\/www.binauralmedia.org\/news\/arquivo\/24454\/#mainImage","width":1200,"height":800},"primaryImageOfPage":{"@id":"https:\/\/www.binauralmedia.org\/news\/arquivo\/24454#mainImage"},"datePublished":"2025-10-21T10:46:18+00:00","dateModified":"2025-10-22T11:04:01+00:00"},{"@type":"WebSite","@id":"https:\/\/www.binauralmedia.org\/news\/#website","url":"https:\/\/www.binauralmedia.org\/news\/","name":"binauralmedia.org","description":"Rural Based Sound\/Media Arts & Social Research","inLanguage":"pt-PT","publisher":{"@id":"https:\/\/www.binauralmedia.org\/news\/#organization"}}]},"og:locale":"pt_PT","og:site_name":"binauralmedia.org - Rural Based Sound\/Media Arts &amp; Social Research","og:type":"article","og:title":"Confer\u00eancia internacional \u201cRural History 2025\u201d - binauralmedia.org","og:description":"HIST\u00d3RIA RURAL 2025 Confer\u00eancia Internacional Universidade de Coimbra (Portugal) 9 a 12 de setembro de 2025 A confer\u00eancia internacional Hist\u00f3ria Rural 2025, realizada na Universidade de Coimbra entre 9 e 12 de setembro, contou com uma sess\u00e3o promovida pela Rede Tramontana que despertou grande interesse entre os muitos participantes. A sess\u00e3o, intitulada \u00ab\u00c1gua, povoamento das","og:url":"https:\/\/www.binauralmedia.org\/news\/arquivo\/24454","article:published_time":"2025-10-21T10:46:18+00:00","article:modified_time":"2025-10-22T11:04:01+00:00","twitter:card":"summary_large_image","twitter:title":"Confer\u00eancia internacional \u201cRural History 2025\u201d - binauralmedia.org","twitter:description":"HIST\u00d3RIA RURAL 2025 Confer\u00eancia Internacional Universidade de Coimbra (Portugal) 9 a 12 de setembro de 2025 A confer\u00eancia internacional Hist\u00f3ria Rural 2025, realizada na Universidade de Coimbra entre 9 e 12 de setembro, contou com uma sess\u00e3o promovida pela Rede Tramontana que despertou grande interesse entre os muitos participantes. A sess\u00e3o, intitulada \u00ab\u00c1gua, povoamento das"},"aioseo_meta_data":{"post_id":"24454","title":null,"description":null,"keywords":null,"keyphrases":null,"primary_term":null,"canonical_url":null,"og_title":null,"og_description":null,"og_object_type":"default","og_image_type":"default","og_image_custom_url":null,"og_image_custom_fields":null,"og_image_url":null,"og_image_width":null,"og_image_height":null,"og_video":null,"og_custom_url":null,"og_article_section":null,"og_article_tags":null,"twitter_use_og":false,"twitter_card":"default","twitter_image_type":"default","twitter_image_custom_url":null,"twitter_image_custom_fields":null,"twitter_image_url":null,"twitter_title":null,"twitter_description":null,"schema_type":"default","schema_type_options":null,"schema":{"blockGraphs":[],"customGraphs":[],"default":{"data":{"Article":[],"Course":[],"Dataset":[],"FAQPage":[],"Movie":[],"Person":[],"Product":[],"ProductReview":[],"Car":[],"Recipe":[],"Service":[],"SoftwareApplication":[],"WebPage":[]},"graphName":"","isEnabled":true},"graphs":[]},"pillar_content":false,"robots_default":true,"robots_noindex":false,"robots_noarchive":false,"robots_nosnippet":false,"robots_nofollow":false,"robots_noimageindex":false,"robots_noodp":false,"robots_notranslate":false,"robots_max_snippet":null,"robots_max_videopreview":null,"robots_max_imagepreview":"large","priority":null,"frequency":null,"local_seo":null,"limit_modified_date":false,"ai":null,"breadcrumb_settings":null,"seo_analyzer_scan_date":null,"created":"2026-08-05 08:22:58","updated":"2026-08-05 08:22:58","focus_keyword":null,"additional_keywords":null,"truseo_locale":null},"aioseo_breadcrumb":"<div class=\"aioseo-breadcrumbs\"><span class=\"aioseo-breadcrumb\">\n\t\t\t<a href=\"https:\/\/www.binauralmedia.org\/news\" title=\"Home\">Home<\/a>\n\t\t<\/span><span class=\"aioseo-breadcrumb-separator\">&raquo;<\/span><span class=\"aioseo-breadcrumb\">\n\t\t\t<a href=\"https:\/\/www.binauralmedia.org\/news\/arquivo\/category\/news\" title=\"Not\u00edcias\">Not\u00edcias<\/a>\n\t\t<\/span><span class=\"aioseo-breadcrumb-separator\">&raquo;<\/span><span class=\"aioseo-breadcrumb\">\n\t\t\tConfer\u00eancia internacional \u201cRural History 2025\u201d\n\t\t<\/span><\/div>","aioseo_breadcrumb_json":[{"label":"Home","link":"https:\/\/www.binauralmedia.org\/news"},{"label":"Not\u00edcias","link":"https:\/\/www.binauralmedia.org\/news\/arquivo\/category\/news"},{"label":"Confer\u00eancia internacional &#8220;Rural History 2025&#8221;","link":"https:\/\/www.binauralmedia.org\/news\/arquivo\/24454"}],"_links":{"self":[{"href":"https:\/\/www.binauralmedia.org\/news\/wp-json\/wp\/v2\/posts\/24454","targetHints":{"allow":["GET"]}}],"collection":[{"href":"https:\/\/www.binauralmedia.org\/news\/wp-json\/wp\/v2\/posts"}],"about":[{"href":"https:\/\/www.binauralmedia.org\/news\/wp-json\/wp\/v2\/types\/post"}],"author":[{"embeddable":true,"href":"https:\/\/www.binauralmedia.org\/news\/wp-json\/wp\/v2\/users\/8"}],"replies":[{"embeddable":true,"href":"https:\/\/www.binauralmedia.org\/news\/wp-json\/wp\/v2\/comments?post=24454"}],"version-history":[{"count":5,"href":"https:\/\/www.binauralmedia.org\/news\/wp-json\/wp\/v2\/posts\/24454\/revisions"}],"predecessor-version":[{"id":24463,"href":"https:\/\/www.binauralmedia.org\/news\/wp-json\/wp\/v2\/posts\/24454\/revisions\/24463"}],"wp:featuredmedia":[{"embeddable":true,"href":"https:\/\/www.binauralmedia.org\/news\/wp-json\/wp\/v2\/media\/24456"}],"wp:attachment":[{"href":"https:\/\/www.binauralmedia.org\/news\/wp-json\/wp\/v2\/media?parent=24454"}],"wp:term":[{"taxonomy":"category","embeddable":true,"href":"https:\/\/www.binauralmedia.org\/news\/wp-json\/wp\/v2\/categories?post=24454"},{"taxonomy":"post_tag","embeddable":true,"href":"https:\/\/www.binauralmedia.org\/news\/wp-json\/wp\/v2\/tags?post=24454"}],"curies":[{"name":"wp","href":"https:\/\/api.w.org\/{rel}","templated":true}]}}