{"id":24434,"date":"2025-10-10T11:13:31","date_gmt":"2025-10-10T11:13:31","guid":{"rendered":"https:\/\/www.binauralmedia.org\/news?p=24434"},"modified":"2026-04-21T09:27:59","modified_gmt":"2026-04-21T09:27:59","slug":"resultado-audiovisual-da-residencia-artistica-ouvir-tocar-e-imaginar-o-barro-negro","status":"publish","type":"post","link":"https:\/\/www.binauralmedia.org\/news\/arquivo\/24434","title":{"rendered":"Resultado audiovisual da resid\u00eancia art\u00edstica &#8220;Ouvir, tocar e imaginar o barro negro&#8221;"},"content":{"rendered":"<div class=\"fusion-fullwidth fullwidth-box fusion-builder-row-1 fusion-flex-container nonhundred-percent-fullwidth non-hundred-percent-height-scrolling\" style=\"--awb-border-radius-top-left:0px;--awb-border-radius-top-right:0px;--awb-border-radius-bottom-right:0px;--awb-border-radius-bottom-left:0px;--awb-flex-wrap:wrap;\" ><div class=\"fusion-builder-row fusion-row fusion-flex-align-items-flex-start fusion-flex-content-wrap\" style=\"max-width:1144px;margin-left: calc(-4% \/ 2 );margin-right: calc(-4% \/ 2 );\"><div class=\"fusion-layout-column fusion_builder_column fusion-builder-column-0 fusion_builder_column_1_1 1_1 fusion-flex-column\" style=\"--awb-bg-size:cover;--awb-width-large:100%;--awb-margin-top-large:0px;--awb-spacing-right-large:1.92%;--awb-margin-bottom-large:0px;--awb-spacing-left-large:1.92%;--awb-width-medium:100%;--awb-spacing-right-medium:1.92%;--awb-spacing-left-medium:1.92%;--awb-width-small:100%;--awb-spacing-right-small:1.92%;--awb-spacing-left-small:1.92%;\"><div class=\"fusion-column-wrapper fusion-flex-justify-content-flex-start fusion-content-layout-column\"><div class=\"fusion-text fusion-text-1\"><p>OUVIR, TOCAR E IMAGINAR O BARRO NEGRO<br \/>\nResid\u00eancia art\u00edstica<\/p>\n<p>19 agosto &#8211; 7 setembro 2025<br \/>\nRibolhos (Castro Daire, Portugal)<br \/>\nCom Ana Carucci (Argentina)<\/p>\n<p>Durante a resid\u00eancia art\u00edstica \u201cOuvir, tocar e imaginar o barro negro\u201d, que decorreu de 19 de agosto a 7 de setembro de 2025 na aldeia de Ribolhos, Ana Carucci desenvolveu um trabalho que entrela\u00e7ou cer\u00e2mica, som e mem\u00f3ria material, tendo como ponto de partida a t\u00e9cnica ancestral do barro negro e a sua liga\u00e7\u00e3o profunda ao entorno natural da regi\u00e3o.<\/p>\n<p>O evento, coproduzido pela Binaural Nodar, o Munic\u00edpio de Castro Daire e a Uni\u00e3o de Freguesias de Mamouros, Alva e Ribolhos, integrou-se nas atividades da Rede Tramontana, fortalecendo o di\u00e1logo entre tradi\u00e7\u00e3o e contemporaneidade, cultura local e pr\u00e1tica art\u00edstica internacional.<\/p>\n<p>Um agradecimento \u00e0 colabora\u00e7\u00e3o fant\u00e1stica da Terracotta pelo fornecimento da argila e pela cozedura das pe\u00e7as criadas por Ana Carucci.<\/p>\n<p>A Binaural Nodar \u00e9 uma entidade cultural apoiada pela Rep\u00fablica Portuguesa &#8211; Cultura, Juventude e Desporto | Dire\u00e7\u00e3o Geral das Artes.<\/p>\n<\/div><\/div><\/div><\/div><\/div>\n","protected":false},"excerpt":{"rendered":"","protected":false},"author":8,"featured_media":24435,"comment_status":"closed","ping_status":"closed","sticky":false,"template":"","format":"video","meta":{"_acf_changed":false,"_bbp_topic_count":0,"_bbp_reply_count":0,"_bbp_total_topic_count":0,"_bbp_total_reply_count":0,"_bbp_voice_count":0,"_bbp_anonymous_reply_count":0,"_bbp_topic_count_hidden":0,"_bbp_reply_count_hidden":0,"_bbp_forum_subforum_count":0,"footnotes":""},"categories":[1,676],"tags":[],"class_list":["post-24434","post","type-post","status-publish","format-video","has-post-thumbnail","hentry","category-news","category-artist-residencies","post_format-post-format-video"],"acf":[],"aioseo_notices":[],"aioseo_head":"\n\t\t<!-- All in One SEO 5.0.1.1 - aioseo.com -->\n\t<meta name=\"description\" content=\"OUVIR, TOCAR E IMAGINAR O BARRO NEGRO Resid\u00eancia art\u00edstica 19 agosto \u2013 7 setembro 2025 Ribolhos (Castro Daire, Portugal) Com Ana Carucci (Argentina) Durante a resid\u00eancia art\u00edstica \u201cOuvir, tocar e imaginar o barro negro\u201d, que decorreu de 19 de agosto a 7 de setembro de 2025 na aldeia de Ribolhos, Ana Carucci desenvolveu um trabalho\" \/>\n\t<meta name=\"robots\" content=\"max-image-preview:large\" \/>\n\t<meta name=\"author\" content=\"Nely Ferreira\"\/>\n\t<link rel=\"canonical\" href=\"https:\/\/www.binauralmedia.org\/news\/arquivo\/24434\" \/>\n\t<meta name=\"generator\" content=\"All in One SEO (AIOSEO) 5.0.1.1\" \/>\n\t\t<meta property=\"og:locale\" content=\"pt_PT\" \/>\n\t\t<meta property=\"og:site_name\" content=\"binauralmedia.org - Rural Based Sound\/Media Arts &amp; Social Research\" \/>\n\t\t<meta property=\"og:type\" content=\"article\" \/>\n\t\t<meta property=\"og:title\" content=\"Resultado audiovisual da resid\u00eancia art\u00edstica \u201cOuvir, tocar e imaginar o barro negro\u201d - binauralmedia.org\" \/>\n\t\t<meta property=\"og:description\" content=\"OUVIR, TOCAR E IMAGINAR O BARRO NEGRO Resid\u00eancia art\u00edstica 19 agosto \u2013 7 setembro 2025 Ribolhos (Castro Daire, Portugal) Com Ana Carucci (Argentina) Durante a resid\u00eancia art\u00edstica \u201cOuvir, tocar e imaginar o barro negro\u201d, que decorreu de 19 de agosto a 7 de setembro de 2025 na aldeia de Ribolhos, Ana Carucci desenvolveu um trabalho\" \/>\n\t\t<meta property=\"og:url\" content=\"https:\/\/www.binauralmedia.org\/news\/arquivo\/24434\" \/>\n\t\t<meta property=\"article:published_time\" content=\"2025-10-10T11:13:31+00:00\" \/>\n\t\t<meta property=\"article:modified_time\" content=\"2026-04-21T09:27:59+00:00\" \/>\n\t\t<meta name=\"twitter:card\" content=\"summary_large_image\" \/>\n\t\t<meta name=\"twitter:title\" content=\"Resultado audiovisual da resid\u00eancia art\u00edstica \u201cOuvir, tocar e imaginar o barro negro\u201d - binauralmedia.org\" \/>\n\t\t<meta name=\"twitter:description\" content=\"OUVIR, TOCAR E IMAGINAR O BARRO NEGRO Resid\u00eancia art\u00edstica 19 agosto \u2013 7 setembro 2025 Ribolhos (Castro Daire, Portugal) Com Ana Carucci (Argentina) Durante a resid\u00eancia art\u00edstica \u201cOuvir, tocar e imaginar o barro negro\u201d, que decorreu de 19 de agosto a 7 de setembro de 2025 na aldeia de Ribolhos, Ana Carucci desenvolveu um trabalho\" \/>\n\t\t<script type=\"application\/ld+json\" class=\"aioseo-schema\">\n\t\t\t{\"@context\":\"https:\\\/\\\/schema.org\",\"@graph\":[{\"@type\":\"BlogPosting\",\"@id\":\"https:\\\/\\\/www.binauralmedia.org\\\/news\\\/arquivo\\\/24434#blogposting\",\"name\":\"Resultado audiovisual da resid\\u00eancia art\\u00edstica \\u201cOuvir, tocar e imaginar o barro negro\\u201d - binauralmedia.org\",\"headline\":\"Resultado audiovisual da resid\\u00eancia art\\u00edstica &#8220;Ouvir, tocar e imaginar o barro negro&#8221;\",\"author\":{\"@id\":\"https:\\\/\\\/www.binauralmedia.org\\\/news\\\/arquivo\\\/author\\\/nelyferreira#author\"},\"publisher\":{\"@id\":\"https:\\\/\\\/www.binauralmedia.org\\\/news\\\/#organization\"},\"image\":{\"@type\":\"ImageObject\",\"url\":\"https:\\\/\\\/www.binauralmedia.org\\\/news\\\/wp-content\\\/uploads\\\/1200x800-14.png\",\"width\":1200,\"height\":800},\"datePublished\":\"2025-10-10T11:13:31+00:00\",\"dateModified\":\"2026-04-21T09:27:59+00:00\",\"inLanguage\":\"pt-PT\",\"mainEntityOfPage\":{\"@id\":\"https:\\\/\\\/www.binauralmedia.org\\\/news\\\/arquivo\\\/24434#webpage\"},\"isPartOf\":{\"@id\":\"https:\\\/\\\/www.binauralmedia.org\\\/news\\\/arquivo\\\/24434#webpage\"},\"articleSection\":\"Not\\u00edcias, Resid\\u00eancias Art\\u00edsticas, Video, Optional\"},{\"@type\":\"BreadcrumbList\",\"@id\":\"https:\\\/\\\/www.binauralmedia.org\\\/news\\\/arquivo\\\/24434#breadcrumblist\",\"itemListElement\":[{\"@type\":\"ListItem\",\"@id\":\"https:\\\/\\\/www.binauralmedia.org\\\/news#listItem\",\"position\":1,\"name\":\"Home\",\"item\":\"https:\\\/\\\/www.binauralmedia.org\\\/news\",\"nextItem\":{\"@type\":\"ListItem\",\"@id\":\"https:\\\/\\\/www.binauralmedia.org\\\/news\\\/arquivo\\\/category\\\/news#listItem\",\"name\":\"Not\\u00edcias\"}},{\"@type\":\"ListItem\",\"@id\":\"https:\\\/\\\/www.binauralmedia.org\\\/news\\\/arquivo\\\/category\\\/news#listItem\",\"position\":2,\"name\":\"Not\\u00edcias\",\"item\":\"https:\\\/\\\/www.binauralmedia.org\\\/news\\\/arquivo\\\/category\\\/news\",\"nextItem\":{\"@type\":\"ListItem\",\"@id\":\"https:\\\/\\\/www.binauralmedia.org\\\/news\\\/arquivo\\\/24434#listItem\",\"name\":\"Resultado audiovisual da resid\\u00eancia art\\u00edstica &#8220;Ouvir, tocar e imaginar o barro negro&#8221;\"},\"previousItem\":{\"@type\":\"ListItem\",\"@id\":\"https:\\\/\\\/www.binauralmedia.org\\\/news#listItem\",\"name\":\"Home\"}},{\"@type\":\"ListItem\",\"@id\":\"https:\\\/\\\/www.binauralmedia.org\\\/news\\\/arquivo\\\/24434#listItem\",\"position\":3,\"name\":\"Resultado audiovisual da resid\\u00eancia art\\u00edstica &#8220;Ouvir, tocar e imaginar o barro negro&#8221;\",\"previousItem\":{\"@type\":\"ListItem\",\"@id\":\"https:\\\/\\\/www.binauralmedia.org\\\/news\\\/arquivo\\\/category\\\/news#listItem\",\"name\":\"Not\\u00edcias\"}}]},{\"@type\":\"Organization\",\"@id\":\"https:\\\/\\\/www.binauralmedia.org\\\/news\\\/#organization\",\"name\":\"binauralmedia.org\",\"description\":\"Rural Based Sound\\\/Media Arts & Social Research\",\"url\":\"https:\\\/\\\/www.binauralmedia.org\\\/news\\\/\"},{\"@type\":\"Person\",\"@id\":\"https:\\\/\\\/www.binauralmedia.org\\\/news\\\/arquivo\\\/author\\\/nelyferreira#author\",\"url\":\"https:\\\/\\\/www.binauralmedia.org\\\/news\\\/arquivo\\\/author\\\/nelyferreira\",\"name\":\"Nely Ferreira\"},{\"@type\":\"WebPage\",\"@id\":\"https:\\\/\\\/www.binauralmedia.org\\\/news\\\/arquivo\\\/24434#webpage\",\"url\":\"https:\\\/\\\/www.binauralmedia.org\\\/news\\\/arquivo\\\/24434\",\"name\":\"Resultado audiovisual da resid\\u00eancia art\\u00edstica \\u201cOuvir, tocar e imaginar o barro negro\\u201d - binauralmedia.org\",\"description\":\"OUVIR, TOCAR E IMAGINAR O BARRO NEGRO Resid\\u00eancia art\\u00edstica 19 agosto \\u2013 7 setembro 2025 Ribolhos (Castro Daire, Portugal) Com Ana Carucci (Argentina) Durante a resid\\u00eancia art\\u00edstica \\u201cOuvir, tocar e imaginar o barro negro\\u201d, que decorreu de 19 de agosto a 7 de setembro de 2025 na aldeia de Ribolhos, Ana Carucci desenvolveu um trabalho\",\"inLanguage\":\"pt-PT\",\"isPartOf\":{\"@id\":\"https:\\\/\\\/www.binauralmedia.org\\\/news\\\/#website\"},\"breadcrumb\":{\"@id\":\"https:\\\/\\\/www.binauralmedia.org\\\/news\\\/arquivo\\\/24434#breadcrumblist\"},\"author\":{\"@id\":\"https:\\\/\\\/www.binauralmedia.org\\\/news\\\/arquivo\\\/author\\\/nelyferreira#author\"},\"creator\":{\"@id\":\"https:\\\/\\\/www.binauralmedia.org\\\/news\\\/arquivo\\\/author\\\/nelyferreira#author\"},\"image\":{\"@type\":\"ImageObject\",\"url\":\"https:\\\/\\\/www.binauralmedia.org\\\/news\\\/wp-content\\\/uploads\\\/1200x800-14.png\",\"@id\":\"https:\\\/\\\/www.binauralmedia.org\\\/news\\\/arquivo\\\/24434\\\/#mainImage\",\"width\":1200,\"height\":800},\"primaryImageOfPage\":{\"@id\":\"https:\\\/\\\/www.binauralmedia.org\\\/news\\\/arquivo\\\/24434#mainImage\"},\"datePublished\":\"2025-10-10T11:13:31+00:00\",\"dateModified\":\"2026-04-21T09:27:59+00:00\"},{\"@type\":\"WebSite\",\"@id\":\"https:\\\/\\\/www.binauralmedia.org\\\/news\\\/#website\",\"url\":\"https:\\\/\\\/www.binauralmedia.org\\\/news\\\/\",\"name\":\"binauralmedia.org\",\"description\":\"Rural Based Sound\\\/Media Arts & Social Research\",\"inLanguage\":\"pt-PT\",\"publisher\":{\"@id\":\"https:\\\/\\\/www.binauralmedia.org\\\/news\\\/#organization\"}}]}\n\t\t<\/script>\n\t\t<!-- All in One SEO -->\n\n","aioseo_head_json":{"title":"Resultado audiovisual da resid\u00eancia art\u00edstica \u201cOuvir, tocar e imaginar o barro negro\u201d - binauralmedia.org","description":"OUVIR, TOCAR E IMAGINAR O BARRO NEGRO Resid\u00eancia art\u00edstica 19 agosto \u2013 7 setembro 2025 Ribolhos (Castro Daire, Portugal) Com Ana Carucci (Argentina) Durante a resid\u00eancia art\u00edstica \u201cOuvir, tocar e imaginar o barro negro\u201d, que decorreu de 19 de agosto a 7 de setembro de 2025 na aldeia de Ribolhos, Ana Carucci desenvolveu um trabalho","canonical_url":"https:\/\/www.binauralmedia.org\/news\/arquivo\/24434","robots":"max-image-preview:large","keywords":"","webmasterTools":{"miscellaneous":""},"schema":{"@context":"https:\/\/schema.org","@graph":[{"@type":"BlogPosting","@id":"https:\/\/www.binauralmedia.org\/news\/arquivo\/24434#blogposting","name":"Resultado audiovisual da resid\u00eancia art\u00edstica \u201cOuvir, tocar e imaginar o barro negro\u201d - binauralmedia.org","headline":"Resultado audiovisual da resid\u00eancia art\u00edstica &#8220;Ouvir, tocar e imaginar o barro negro&#8221;","author":{"@id":"https:\/\/www.binauralmedia.org\/news\/arquivo\/author\/nelyferreira#author"},"publisher":{"@id":"https:\/\/www.binauralmedia.org\/news\/#organization"},"image":{"@type":"ImageObject","url":"https:\/\/www.binauralmedia.org\/news\/wp-content\/uploads\/1200x800-14.png","width":1200,"height":800},"datePublished":"2025-10-10T11:13:31+00:00","dateModified":"2026-04-21T09:27:59+00:00","inLanguage":"pt-PT","mainEntityOfPage":{"@id":"https:\/\/www.binauralmedia.org\/news\/arquivo\/24434#webpage"},"isPartOf":{"@id":"https:\/\/www.binauralmedia.org\/news\/arquivo\/24434#webpage"},"articleSection":"Not\u00edcias, Resid\u00eancias Art\u00edsticas, Video, Optional"},{"@type":"BreadcrumbList","@id":"https:\/\/www.binauralmedia.org\/news\/arquivo\/24434#breadcrumblist","itemListElement":[{"@type":"ListItem","@id":"https:\/\/www.binauralmedia.org\/news#listItem","position":1,"name":"Home","item":"https:\/\/www.binauralmedia.org\/news","nextItem":{"@type":"ListItem","@id":"https:\/\/www.binauralmedia.org\/news\/arquivo\/category\/news#listItem","name":"Not\u00edcias"}},{"@type":"ListItem","@id":"https:\/\/www.binauralmedia.org\/news\/arquivo\/category\/news#listItem","position":2,"name":"Not\u00edcias","item":"https:\/\/www.binauralmedia.org\/news\/arquivo\/category\/news","nextItem":{"@type":"ListItem","@id":"https:\/\/www.binauralmedia.org\/news\/arquivo\/24434#listItem","name":"Resultado audiovisual da resid\u00eancia art\u00edstica &#8220;Ouvir, tocar e imaginar o barro negro&#8221;"},"previousItem":{"@type":"ListItem","@id":"https:\/\/www.binauralmedia.org\/news#listItem","name":"Home"}},{"@type":"ListItem","@id":"https:\/\/www.binauralmedia.org\/news\/arquivo\/24434#listItem","position":3,"name":"Resultado audiovisual da resid\u00eancia art\u00edstica &#8220;Ouvir, tocar e imaginar o barro negro&#8221;","previousItem":{"@type":"ListItem","@id":"https:\/\/www.binauralmedia.org\/news\/arquivo\/category\/news#listItem","name":"Not\u00edcias"}}]},{"@type":"Organization","@id":"https:\/\/www.binauralmedia.org\/news\/#organization","name":"binauralmedia.org","description":"Rural Based Sound\/Media Arts & Social Research","url":"https:\/\/www.binauralmedia.org\/news\/"},{"@type":"Person","@id":"https:\/\/www.binauralmedia.org\/news\/arquivo\/author\/nelyferreira#author","url":"https:\/\/www.binauralmedia.org\/news\/arquivo\/author\/nelyferreira","name":"Nely Ferreira"},{"@type":"WebPage","@id":"https:\/\/www.binauralmedia.org\/news\/arquivo\/24434#webpage","url":"https:\/\/www.binauralmedia.org\/news\/arquivo\/24434","name":"Resultado audiovisual da resid\u00eancia art\u00edstica \u201cOuvir, tocar e imaginar o barro negro\u201d - binauralmedia.org","description":"OUVIR, TOCAR E IMAGINAR O BARRO NEGRO Resid\u00eancia art\u00edstica 19 agosto \u2013 7 setembro 2025 Ribolhos (Castro Daire, Portugal) Com Ana Carucci (Argentina) Durante a resid\u00eancia art\u00edstica \u201cOuvir, tocar e imaginar o barro negro\u201d, que decorreu de 19 de agosto a 7 de setembro de 2025 na aldeia de Ribolhos, Ana Carucci desenvolveu um trabalho","inLanguage":"pt-PT","isPartOf":{"@id":"https:\/\/www.binauralmedia.org\/news\/#website"},"breadcrumb":{"@id":"https:\/\/www.binauralmedia.org\/news\/arquivo\/24434#breadcrumblist"},"author":{"@id":"https:\/\/www.binauralmedia.org\/news\/arquivo\/author\/nelyferreira#author"},"creator":{"@id":"https:\/\/www.binauralmedia.org\/news\/arquivo\/author\/nelyferreira#author"},"image":{"@type":"ImageObject","url":"https:\/\/www.binauralmedia.org\/news\/wp-content\/uploads\/1200x800-14.png","@id":"https:\/\/www.binauralmedia.org\/news\/arquivo\/24434\/#mainImage","width":1200,"height":800},"primaryImageOfPage":{"@id":"https:\/\/www.binauralmedia.org\/news\/arquivo\/24434#mainImage"},"datePublished":"2025-10-10T11:13:31+00:00","dateModified":"2026-04-21T09:27:59+00:00"},{"@type":"WebSite","@id":"https:\/\/www.binauralmedia.org\/news\/#website","url":"https:\/\/www.binauralmedia.org\/news\/","name":"binauralmedia.org","description":"Rural Based Sound\/Media Arts & Social Research","inLanguage":"pt-PT","publisher":{"@id":"https:\/\/www.binauralmedia.org\/news\/#organization"}}]},"og:locale":"pt_PT","og:site_name":"binauralmedia.org - Rural Based Sound\/Media Arts &amp; Social Research","og:type":"article","og:title":"Resultado audiovisual da resid\u00eancia art\u00edstica \u201cOuvir, tocar e imaginar o barro negro\u201d - binauralmedia.org","og:description":"OUVIR, TOCAR E IMAGINAR O BARRO NEGRO Resid\u00eancia art\u00edstica 19 agosto \u2013 7 setembro 2025 Ribolhos (Castro Daire, Portugal) Com Ana Carucci (Argentina) Durante a resid\u00eancia art\u00edstica \u201cOuvir, tocar e imaginar o barro negro\u201d, que decorreu de 19 de agosto a 7 de setembro de 2025 na aldeia de Ribolhos, Ana Carucci desenvolveu um trabalho","og:url":"https:\/\/www.binauralmedia.org\/news\/arquivo\/24434","article:published_time":"2025-10-10T11:13:31+00:00","article:modified_time":"2026-04-21T09:27:59+00:00","twitter:card":"summary_large_image","twitter:title":"Resultado audiovisual da resid\u00eancia art\u00edstica \u201cOuvir, tocar e imaginar o barro negro\u201d - binauralmedia.org","twitter:description":"OUVIR, TOCAR E IMAGINAR O BARRO NEGRO Resid\u00eancia art\u00edstica 19 agosto \u2013 7 setembro 2025 Ribolhos (Castro Daire, Portugal) Com Ana Carucci (Argentina) Durante a resid\u00eancia art\u00edstica \u201cOuvir, tocar e imaginar o barro negro\u201d, que decorreu de 19 de agosto a 7 de setembro de 2025 na aldeia de Ribolhos, Ana Carucci desenvolveu um trabalho"},"aioseo_meta_data":{"post_id":"24434","title":null,"description":null,"keywords":null,"keyphrases":null,"primary_term":null,"canonical_url":null,"og_title":null,"og_description":null,"og_object_type":"default","og_image_type":"default","og_image_custom_url":null,"og_image_custom_fields":null,"og_image_url":null,"og_image_width":null,"og_image_height":null,"og_video":null,"og_custom_url":null,"og_article_section":null,"og_article_tags":null,"twitter_use_og":false,"twitter_card":"default","twitter_image_type":"default","twitter_image_custom_url":null,"twitter_image_custom_fields":null,"twitter_image_url":null,"twitter_title":null,"twitter_description":null,"schema_type":"default","schema_type_options":null,"schema":{"blockGraphs":[],"customGraphs":[],"default":{"data":{"Article":[],"Course":[],"Dataset":[],"FAQPage":[],"Movie":[],"Person":[],"Product":[],"ProductReview":[],"Car":[],"Recipe":[],"Service":[],"SoftwareApplication":[],"WebPage":[]},"graphName":"","isEnabled":true},"graphs":[]},"pillar_content":false,"robots_default":true,"robots_noindex":false,"robots_noarchive":false,"robots_nosnippet":false,"robots_nofollow":false,"robots_noimageindex":false,"robots_noodp":false,"robots_notranslate":false,"robots_max_snippet":null,"robots_max_videopreview":null,"robots_max_imagepreview":"large","priority":null,"frequency":null,"local_seo":null,"limit_modified_date":false,"ai":null,"breadcrumb_settings":null,"seo_analyzer_scan_date":null,"created":"2026-08-05 08:22:58","updated":"2026-08-05 08:22:58","focus_keyword":null,"additional_keywords":null,"truseo_locale":null},"aioseo_breadcrumb":"<div class=\"aioseo-breadcrumbs\"><span class=\"aioseo-breadcrumb\">\n\t\t\t<a href=\"https:\/\/www.binauralmedia.org\/news\" title=\"Home\">Home<\/a>\n\t\t<\/span><span class=\"aioseo-breadcrumb-separator\">&raquo;<\/span><span class=\"aioseo-breadcrumb\">\n\t\t\t<a href=\"https:\/\/www.binauralmedia.org\/news\/arquivo\/category\/news\" title=\"Not\u00edcias\">Not\u00edcias<\/a>\n\t\t<\/span><span class=\"aioseo-breadcrumb-separator\">&raquo;<\/span><span class=\"aioseo-breadcrumb\">\n\t\t\tResultado audiovisual da resid\u00eancia art\u00edstica \u201cOuvir, tocar e imaginar o barro negro\u201d\n\t\t<\/span><\/div>","aioseo_breadcrumb_json":[{"label":"Home","link":"https:\/\/www.binauralmedia.org\/news"},{"label":"Not\u00edcias","link":"https:\/\/www.binauralmedia.org\/news\/arquivo\/category\/news"},{"label":"Resultado audiovisual da resid\u00eancia art\u00edstica &#8220;Ouvir, tocar e imaginar o barro negro&#8221;","link":"https:\/\/www.binauralmedia.org\/news\/arquivo\/24434"}],"_links":{"self":[{"href":"https:\/\/www.binauralmedia.org\/news\/wp-json\/wp\/v2\/posts\/24434","targetHints":{"allow":["GET"]}}],"collection":[{"href":"https:\/\/www.binauralmedia.org\/news\/wp-json\/wp\/v2\/posts"}],"about":[{"href":"https:\/\/www.binauralmedia.org\/news\/wp-json\/wp\/v2\/types\/post"}],"author":[{"embeddable":true,"href":"https:\/\/www.binauralmedia.org\/news\/wp-json\/wp\/v2\/users\/8"}],"replies":[{"embeddable":true,"href":"https:\/\/www.binauralmedia.org\/news\/wp-json\/wp\/v2\/comments?post=24434"}],"version-history":[{"count":5,"href":"https:\/\/www.binauralmedia.org\/news\/wp-json\/wp\/v2\/posts\/24434\/revisions"}],"predecessor-version":[{"id":25195,"href":"https:\/\/www.binauralmedia.org\/news\/wp-json\/wp\/v2\/posts\/24434\/revisions\/25195"}],"wp:featuredmedia":[{"embeddable":true,"href":"https:\/\/www.binauralmedia.org\/news\/wp-json\/wp\/v2\/media\/24435"}],"wp:attachment":[{"href":"https:\/\/www.binauralmedia.org\/news\/wp-json\/wp\/v2\/media?parent=24434"}],"wp:term":[{"taxonomy":"category","embeddable":true,"href":"https:\/\/www.binauralmedia.org\/news\/wp-json\/wp\/v2\/categories?post=24434"},{"taxonomy":"post_tag","embeddable":true,"href":"https:\/\/www.binauralmedia.org\/news\/wp-json\/wp\/v2\/tags?post=24434"}],"curies":[{"name":"wp","href":"https:\/\/api.w.org\/{rel}","templated":true}]}}