{"id":24393,"date":"2025-09-30T15:18:37","date_gmt":"2025-09-30T15:18:37","guid":{"rendered":"https:\/\/www.binauralmedia.org\/news?p=24393"},"modified":"2026-03-10T13:04:06","modified_gmt":"2026-03-10T13:04:06","slug":"binaural-nodar-e-parceira-no-projeto-comunitario-paisagem-com-gente-dentro","status":"publish","type":"post","link":"https:\/\/www.binauralmedia.org\/news\/arquivo\/24393","title":{"rendered":"Binaural Nodar \u00e9 parceira no projeto comunit\u00e1rio &#8220;Paisagem com gente dentro&#8221;"},"content":{"rendered":"<div class=\"fusion-fullwidth fullwidth-box fusion-builder-row-1 fusion-flex-container nonhundred-percent-fullwidth non-hundred-percent-height-scrolling\" style=\"--awb-border-radius-top-left:0px;--awb-border-radius-top-right:0px;--awb-border-radius-bottom-right:0px;--awb-border-radius-bottom-left:0px;--awb-flex-wrap:wrap;\" ><div class=\"fusion-builder-row fusion-row fusion-flex-align-items-flex-start fusion-flex-content-wrap\" style=\"max-width:1144px;margin-left: calc(-4% \/ 2 );margin-right: calc(-4% \/ 2 );\"><div class=\"fusion-layout-column fusion_builder_column fusion-builder-column-0 fusion_builder_column_1_1 1_1 fusion-flex-column\" style=\"--awb-bg-size:cover;--awb-width-large:100%;--awb-margin-top-large:0px;--awb-spacing-right-large:1.92%;--awb-margin-bottom-large:0px;--awb-spacing-left-large:1.92%;--awb-width-medium:100%;--awb-spacing-right-medium:1.92%;--awb-spacing-left-medium:1.92%;--awb-width-small:100%;--awb-spacing-right-small:1.92%;--awb-spacing-left-small:1.92%;\"><div class=\"fusion-column-wrapper fusion-flex-justify-content-flex-start fusion-content-layout-column\"><div class=\"fusion-text fusion-text-1\"><p>PAISAGEM COM GENTE DENTRO<br \/>\nProjeto Comunit\u00e1rio<\/p>\n<p>Apresenta\u00e7\u00e3o p\u00fablica<br \/>\n29 de setembro 2025<br \/>\nOliveira de Frades<\/p>\n<p>No passado dia 29 de setembro, foi apresentado no Sal\u00e3o Nobre dos Pa\u00e7os do Concelho o projeto comunit\u00e1rio \u201cPaisagem com Gente Dentro\u201d, promovido pelo Munic\u00edpio de Oliveira de Frades.<\/p>\n<p>A iniciativa, com participa\u00e7\u00e3o da Binaural Nodar, utiliza a fotografia como ferramenta de inclus\u00e3o social, envolvendo grupos vulner\u00e1veis como idosos, imigrantes e pessoas com defici\u00eancia.<\/p>\n<p>Entre os parceiros do projeto est\u00e3o a Associa\u00e7\u00e3o de Solidariedade Social de Laf\u00f5es, a Miseric\u00f3rdia Nossa Senhora dos Milagres, a Universidade S\u00e9nior, o Agrupamento de Escolas de Oliveira de Frades e v\u00e1rios fot\u00f3grafos, que juntos contribuem para promover a integra\u00e7\u00e3o, o bem-estar e a coes\u00e3o da comunidade atrav\u00e9s da arte e da participa\u00e7\u00e3o ativa.<\/p>\n<p>O projecto \u201cPaisagem com Gente Dentro\u201d foi aprovado no \u00e2mbito do programa Inclus\u00e3o pela Cultura, atrav\u00e9s de uma candidatura submetida pelo Munic\u00edpio de Oliveira de Frades \u00e0 CCDR Centro.<\/p>\n<p>A Binaural Nodar \u00e9 uma entidade cultural apoiada pela Rep\u00fablica Portuguesa | Cultura, Juventude e Desporto &#8211; Dire\u00e7\u00e3o Geral das Artes.<\/p>\n<div id=\"jig1\" class=\"justified-image-grid jig-0185b36c9fb6efac001a10df5347aa49 jig-preset-global jig-source-facebook\"><div class=\"jig-clearfix\"><\/div><noscript id=\"jig1-html\" class=\"justified-image-grid-html\" data-lazy-src=\"skiplazyload\" data-src=\"skipunveillazyload\"><ul><li><a href=\"https:\/\/scontent-lax3-1.xx.fbcdn.net\/v\/t39.30808-6\/556899345_1265304212302595_5183015417050519308_n.jpg?_nc_cat=108&ccb=1-7&_nc_sid=46905d&_nc_ohc=2Qhm4_dDR3oQ7kNvwGFqFSz&_nc_oc=Adopibg_I7ewJaeuJ1wUTZC17q42P5w53L2ObmdthJl5C7YDr2wehbDzZOj_aYwSAic&_nc_zt=23&_nc_ht=scontent-lax3-1.xx&edm=AC7C4-wEAAAA&_nc_gid=7nL0AUiDCittR0tLl9NhpA&_nc_tpa=Q5bMBQJnoVyFmeLBREcSZoQBMrEEwxY47x17kFIQo-u1VyBj-MWL9Nhe4Ig1rm9Kfl0uCHI-6bYM4PSN&oh=00_AQIPxWrq7dBjL3sG6dvPzHk2j5l1h_WwdwNanKmxDTRXvQ&oe=6AA31366\" title=\"556899345_1265304212302595_5183015417050519308_n\"><img class=\"lazyload\" decoding=\"async\" data-jig-noscript=\"1\" src=\"data:image\/svg+xml,%3Csvg%20xmlns%3D%27http%3A%2F%2Fwww.w3.org%2F2000%2Fsvg%27%20width%3D%27408%27%20height%3D%27230%27%20viewBox%3D%270%200%20408%20230%27%3E%3Crect%20width%3D%27408%27%20height%3D%27230%27%20fill-opacity%3D%220%22%2F%3E%3C%2Fsvg%3E\" data-orig-src=\"https:\/\/scontent-lax3-1.xx.fbcdn.net\/v\/t39.30808-6\/556899345_1265304212302595_5183015417050519308_n.jpg?stp=dst-jpg_p320x320_tt6&amp;_nc_cat=108&amp;ccb=1-7&amp;_nc_sid=46905d&amp;_nc_ohc=2Qhm4_dDR3oQ7kNvwGFqFSz&amp;_nc_oc=Adopibg_I7ewJaeuJ1wUTZC17q42P5w53L2ObmdthJl5C7YDr2wehbDzZOj_aYwSAic&amp;_nc_zt=23&amp;_nc_ht=scontent-lax3-1.xx&amp;edm=AC7C4-wEAAAA&amp;_nc_gid=7nL0AUiDCittR0tLl9NhpA&amp;_nc_tpa=Q5bMBQJhZOr1vLoMvKz6Ycn8LW17-yD7FpDh-ut8PP6zxyJfNre3Quj0StsT0E9keCoG3l_ZHeD5R4xU&amp;oh=00_AQJ4x56la7_IpFJOpWJBTHpfLpSrpnz6Efd89xUZHaNjOA&amp;oe=6AA31366\" alt=\"556899345_1265304212302595_5183015417050519308_n\" width=\"408\" height=\"230\" \/><\/a><p class=\"jig-HTMLdescription\">556899345_1265304212302595_5183015417050519308_n<\/p><\/li><li><a href=\"https:\/\/scontent-lax7-1.xx.fbcdn.net\/v\/t39.30808-6\/557510696_1265304205635929_4628075494947547937_n.jpg?_nc_cat=101&ccb=1-7&_nc_sid=46905d&_nc_ohc=q9IJ3LmLti0Q7kNvwErOHQS&_nc_oc=Ado3EizYMR3ciensU8C5kb4RpKGLhuuZT1Ak8_vvnUuh-JLlPIgH9Kk1L7cKEQ23pO4&_nc_zt=23&_nc_ht=scontent-lax7-1.xx&edm=AC7C4-wEAAAA&_nc_gid=7nL0AUiDCittR0tLl9NhpA&_nc_tpa=Q5bMBQJFQFAroCy7JAi6RxASj2TFCaQQvQhftn5HwSR5So2vGgXgSTl7B4onv9jDHo4jkkIHbriDhMvO&oh=00_AQL0Zhwt6DRg8amKH6ffaWlw5W__t1TYuIFZCczNpZID0Q&oe=6AA308E5\" title=\"557510696_1265304205635929_4628075494947547937_n\"><img class=\"lazyload\" decoding=\"async\" data-jig-noscript=\"1\" src=\"data:image\/svg+xml,%3Csvg%20xmlns%3D%27http%3A%2F%2Fwww.w3.org%2F2000%2Fsvg%27%20width%3D%27408%27%20height%3D%27230%27%20viewBox%3D%270%200%20408%20230%27%3E%3Crect%20width%3D%27408%27%20height%3D%27230%27%20fill-opacity%3D%220%22%2F%3E%3C%2Fsvg%3E\" data-orig-src=\"https:\/\/scontent-lax7-1.xx.fbcdn.net\/v\/t39.30808-6\/557510696_1265304205635929_4628075494947547937_n.jpg?stp=dst-jpg_p320x320_tt6&amp;_nc_cat=101&amp;ccb=1-7&amp;_nc_sid=46905d&amp;_nc_ohc=q9IJ3LmLti0Q7kNvwErOHQS&amp;_nc_oc=Ado3EizYMR3ciensU8C5kb4RpKGLhuuZT1Ak8_vvnUuh-JLlPIgH9Kk1L7cKEQ23pO4&amp;_nc_zt=23&amp;_nc_ht=scontent-lax7-1.xx&amp;edm=AC7C4-wEAAAA&amp;_nc_gid=7nL0AUiDCittR0tLl9NhpA&amp;_nc_tpa=Q5bMBQKVnjsfdMaqdm1e90eFWSnSPc19zKokl4iZcCTHhYd3q2I4DMbMga8D9fq6INGAPbUgdDPlC98j&amp;oh=00_AQJP6i3fhhOmtSAAr1vlKVdFbIS2BbRHtK-xA1c6qmCN2w&amp;oe=6AA308E5\" alt=\"557510696_1265304205635929_4628075494947547937_n\" width=\"408\" height=\"230\" \/><\/a><p class=\"jig-HTMLdescription\">557510696_1265304205635929_4628075494947547937_n<\/p><\/li><li><a href=\"https:\/\/scontent-lax3-1.xx.fbcdn.net\/v\/t39.30808-6\/556395190_1265304288969254_235236257547854106_n.jpg?_nc_cat=102&ccb=1-7&_nc_sid=46905d&_nc_ohc=XbHukibEBHwQ7kNvwG0x7Xw&_nc_oc=AdpcJK-nCEbc5FWu3jo7hSfMSfdB6S2Hwwie-XmBjLbIAr-yD5aCSYLJqayvtXPRejw&_nc_zt=23&_nc_ht=scontent-lax3-1.xx&edm=AC7C4-wEAAAA&_nc_gid=7nL0AUiDCittR0tLl9NhpA&_nc_tpa=Q5bMBQJqaLwgek5IzIGr-H2aikVNrQ2f3BnHC3ULW_UBRd3eZHdf7hMf5APL5imkNBVDiWtKPqDezIby&oh=00_AQIfB7SOe8Rdz4opyWIeQaADVRoPf8oPNUCcRDG3UN8_Fw&oe=6AA316B5\" title=\"556395190_1265304288969254_235236257547854106_n\"><img class=\"lazyload\" decoding=\"async\" data-jig-noscript=\"1\" src=\"data:image\/svg+xml,%3Csvg%20xmlns%3D%27http%3A%2F%2Fwww.w3.org%2F2000%2Fsvg%27%20width%3D%27408%27%20height%3D%27230%27%20viewBox%3D%270%200%20408%20230%27%3E%3Crect%20width%3D%27408%27%20height%3D%27230%27%20fill-opacity%3D%220%22%2F%3E%3C%2Fsvg%3E\" data-orig-src=\"https:\/\/scontent-lax3-1.xx.fbcdn.net\/v\/t39.30808-6\/556395190_1265304288969254_235236257547854106_n.jpg?stp=dst-jpg_p320x320_tt6&amp;_nc_cat=102&amp;ccb=1-7&amp;_nc_sid=46905d&amp;_nc_ohc=XbHukibEBHwQ7kNvwG0x7Xw&amp;_nc_oc=AdpcJK-nCEbc5FWu3jo7hSfMSfdB6S2Hwwie-XmBjLbIAr-yD5aCSYLJqayvtXPRejw&amp;_nc_zt=23&amp;_nc_ht=scontent-lax3-1.xx&amp;edm=AC7C4-wEAAAA&amp;_nc_gid=7nL0AUiDCittR0tLl9NhpA&amp;_nc_tpa=Q5bMBQJGjgqNK770h7kDoSOyOwHNrv0rJyHbebuox-To5D0_4X7iOMrW-vMiiUuoa_GxA8tCHKSUDMkV&amp;oh=00_AQKjz5_ORZI38dCBFK7VkEqVpphGcev7JkoPJj31ZBKQ4w&amp;oe=6AA316B5\" alt=\"556395190_1265304288969254_235236257547854106_n\" width=\"408\" height=\"230\" \/><\/a><p class=\"jig-HTMLdescription\">556395190_1265304288969254_235236257547854106_n<\/p><\/li><li><a href=\"https:\/\/scontent-lax3-2.xx.fbcdn.net\/v\/t39.30808-6\/556961812_1265304308969252_4705786474702102920_n.jpg?_nc_cat=107&ccb=1-7&_nc_sid=46905d&_nc_ohc=xOgyjLPOUKgQ7kNvwFVy7xR&_nc_oc=AdrpTV91r1gtR-qpCjelBs8AR2XZgarsPqxGt-X0EpuC6b5A2ZR3iSnNIb-M5Sr-ngA&_nc_zt=23&_nc_ht=scontent-lax3-2.xx&edm=AC7C4-wEAAAA&_nc_gid=7nL0AUiDCittR0tLl9NhpA&_nc_tpa=Q5bMBQKdVltpjWZdVvaqE0B4_sAjWsIcUpDEYzRM3SNlI5MjToUaXKw_JDum0uEYBcAK0F0Cd-wn9TaB&oh=00_AQKlPlDaD9kQbGZHbbKvg6b4ULg9LO1Zceg45hOXsX9Q1g&oe=6AA2EB79\" title=\"556961812_1265304308969252_4705786474702102920_n\"><img class=\"lazyload\" decoding=\"async\" data-jig-noscript=\"1\" src=\"data:image\/svg+xml,%3Csvg%20xmlns%3D%27http%3A%2F%2Fwww.w3.org%2F2000%2Fsvg%27%20width%3D%27408%27%20height%3D%27230%27%20viewBox%3D%270%200%20408%20230%27%3E%3Crect%20width%3D%27408%27%20height%3D%27230%27%20fill-opacity%3D%220%22%2F%3E%3C%2Fsvg%3E\" data-orig-src=\"https:\/\/scontent-lax3-2.xx.fbcdn.net\/v\/t39.30808-6\/556961812_1265304308969252_4705786474702102920_n.jpg?stp=dst-jpg_p320x320_tt6&amp;_nc_cat=107&amp;ccb=1-7&amp;_nc_sid=46905d&amp;_nc_ohc=xOgyjLPOUKgQ7kNvwFVy7xR&amp;_nc_oc=AdrpTV91r1gtR-qpCjelBs8AR2XZgarsPqxGt-X0EpuC6b5A2ZR3iSnNIb-M5Sr-ngA&amp;_nc_zt=23&amp;_nc_ht=scontent-lax3-2.xx&amp;edm=AC7C4-wEAAAA&amp;_nc_gid=7nL0AUiDCittR0tLl9NhpA&amp;_nc_tpa=Q5bMBQL4HwwnYsHWkG6gnBKrbOFh1x65dFccZMMgAQM18RmUv0bYZ5UR_kaHPVZwrrrIBSxoOd0SxDMi&amp;oh=00_AQJQ3wODQK4lJWDBGX4GBwVxBO6lwK3RLhWniW4NAIqsQA&amp;oe=6AA2EB79\" alt=\"556961812_1265304308969252_4705786474702102920_n\" width=\"408\" height=\"230\" \/><\/a><p class=\"jig-HTMLdescription\">556961812_1265304308969252_4705786474702102920_n<\/p><\/li><li><a href=\"https:\/\/scontent-lax3-1.xx.fbcdn.net\/v\/t39.30808-6\/556168481_1265304298969253_4610911907422300749_n.jpg?_nc_cat=108&ccb=1-7&_nc_sid=46905d&_nc_ohc=lG9wgXX2xXAQ7kNvwHPhMlH&_nc_oc=AdrVxJpMi9iXhZugChALVEcQZj_pZgGa_d4jnkPmayXe2h0q2PZyboil73sWyLIEbaE&_nc_zt=23&_nc_ht=scontent-lax3-1.xx&edm=AC7C4-wEAAAA&_nc_gid=7nL0AUiDCittR0tLl9NhpA&_nc_tpa=Q5bMBQI0Fwr80TQ18clX-HFznDiejLXqivnpQ2HRt_q4pcLtXh5PlWDEMG2lbGyHLiPa5LVv9hw8cQUy&oh=00_AQIr7GeYA0LY9d8Q5g07KCjfaFtoxTPkW7mozf8Z--EZKg&oe=6AA31724\" title=\"556168481_1265304298969253_4610911907422300749_n\"><img class=\"lazyload\" decoding=\"async\" data-jig-noscript=\"1\" src=\"data:image\/svg+xml,%3Csvg%20xmlns%3D%27http%3A%2F%2Fwww.w3.org%2F2000%2Fsvg%27%20width%3D%27408%27%20height%3D%27230%27%20viewBox%3D%270%200%20408%20230%27%3E%3Crect%20width%3D%27408%27%20height%3D%27230%27%20fill-opacity%3D%220%22%2F%3E%3C%2Fsvg%3E\" data-orig-src=\"https:\/\/scontent-lax3-1.xx.fbcdn.net\/v\/t39.30808-6\/556168481_1265304298969253_4610911907422300749_n.jpg?stp=dst-jpg_p320x320_tt6&amp;_nc_cat=108&amp;ccb=1-7&amp;_nc_sid=46905d&amp;_nc_ohc=lG9wgXX2xXAQ7kNvwHPhMlH&amp;_nc_oc=AdrVxJpMi9iXhZugChALVEcQZj_pZgGa_d4jnkPmayXe2h0q2PZyboil73sWyLIEbaE&amp;_nc_zt=23&amp;_nc_ht=scontent-lax3-1.xx&amp;edm=AC7C4-wEAAAA&amp;_nc_gid=7nL0AUiDCittR0tLl9NhpA&amp;_nc_tpa=Q5bMBQL7xr83lUEiSocLf6m4zMmyXmFvrLPNDR2YNZMwbTb9uqXVu8qjVR2Ep-La3dcPLmBsCU5iflnf&amp;oh=00_AQIeFovPTgNeB0dGDTMyfx-dfbVQG0tBh2QK1tjfPtLBag&amp;oe=6AA31724\" alt=\"556168481_1265304298969253_4610911907422300749_n\" width=\"408\" height=\"230\" \/><\/a><p class=\"jig-HTMLdescription\">556168481_1265304298969253_4610911907422300749_n<\/p><\/li><li><a href=\"https:\/\/scontent-lax3-1.xx.fbcdn.net\/v\/t39.30808-6\/556600472_1265304208969262_2295667790304047442_n.jpg?_nc_cat=109&ccb=1-7&_nc_sid=46905d&_nc_ohc=gsnqfiWDCQ4Q7kNvwEAFzYD&_nc_oc=AdogYJzmw7s16E6v1UImNf2clBJe0MRKt7qXMPfRukqjfnduqdEg3VKdziuWSREHY-w&_nc_zt=23&_nc_ht=scontent-lax3-1.xx&edm=AC7C4-wEAAAA&_nc_gid=7nL0AUiDCittR0tLl9NhpA&_nc_tpa=Q5bMBQL60b0rOiNSfjlfrKIm6B5GnvS6C5lD1zZ229l5Hbx_-93qbLvXRFUI0hWrp0tujK3gHcUj7Avr&oh=00_AQL-RXCHcqm8_xhud6OjYMvOOi1H7iMjBqRCyO_O3YYgZw&oe=6AA2E973\" title=\"556600472_1265304208969262_2295667790304047442_n\"><img class=\"lazyload\" decoding=\"async\" data-jig-noscript=\"1\" src=\"data:image\/svg+xml,%3Csvg%20xmlns%3D%27http%3A%2F%2Fwww.w3.org%2F2000%2Fsvg%27%20width%3D%27408%27%20height%3D%27230%27%20viewBox%3D%270%200%20408%20230%27%3E%3Crect%20width%3D%27408%27%20height%3D%27230%27%20fill-opacity%3D%220%22%2F%3E%3C%2Fsvg%3E\" data-orig-src=\"https:\/\/scontent-lax3-1.xx.fbcdn.net\/v\/t39.30808-6\/556600472_1265304208969262_2295667790304047442_n.jpg?stp=dst-jpg_p320x320_tt6&amp;_nc_cat=109&amp;ccb=1-7&amp;_nc_sid=46905d&amp;_nc_ohc=gsnqfiWDCQ4Q7kNvwEAFzYD&amp;_nc_oc=AdogYJzmw7s16E6v1UImNf2clBJe0MRKt7qXMPfRukqjfnduqdEg3VKdziuWSREHY-w&amp;_nc_zt=23&amp;_nc_ht=scontent-lax3-1.xx&amp;edm=AC7C4-wEAAAA&amp;_nc_gid=7nL0AUiDCittR0tLl9NhpA&amp;_nc_tpa=Q5bMBQLb9XPkagq8GMuu1SCJpAeE__XDOLiAZ9ilfmlNFQNnSu-yo6w7rlMv0cNlO_KCo5BEnFpHMlb9&amp;oh=00_AQJaXQSaVdsVHUUi4rPOlhitFD2vWm_Q0XvOoDzUpgqwIw&amp;oe=6AA2E973\" alt=\"556600472_1265304208969262_2295667790304047442_n\" width=\"408\" height=\"230\" \/><\/a><p class=\"jig-HTMLdescription\">556600472_1265304208969262_2295667790304047442_n<\/p><\/li><\/ul><\/noscript><\/div>\n<\/div><\/div><\/div><\/div><\/div>\n","protected":false},"excerpt":{"rendered":"","protected":false},"author":8,"featured_media":24394,"comment_status":"closed","ping_status":"closed","sticky":false,"template":"","format":"standard","meta":{"_acf_changed":false,"_bbp_topic_count":0,"_bbp_reply_count":0,"_bbp_total_topic_count":0,"_bbp_total_reply_count":0,"_bbp_voice_count":0,"_bbp_anonymous_reply_count":0,"_bbp_topic_count_hidden":0,"_bbp_reply_count_hidden":0,"_bbp_forum_subforum_count":0,"footnotes":""},"categories":[1,676],"tags":[],"class_list":["post-24393","post","type-post","status-publish","format-standard","has-post-thumbnail","hentry","category-news","category-artist-residencies"],"acf":[],"aioseo_notices":[],"aioseo_head":"\n\t\t<!-- All in One SEO 5.0.1.1 - aioseo.com -->\n\t<meta name=\"description\" content=\"PAISAGEM COM GENTE DENTRO Projeto Comunit\u00e1rio Apresenta\u00e7\u00e3o p\u00fablica 29 de setembro 2025 Oliveira de Frades No passado dia 29 de setembro, foi apresentado no Sal\u00e3o Nobre dos Pa\u00e7os do Concelho o projeto comunit\u00e1rio \u201cPaisagem com Gente Dentro\u201d, promovido pelo Munic\u00edpio de Oliveira de Frades. A iniciativa, com participa\u00e7\u00e3o da Binaural Nodar, utiliza a fotografia como\" \/>\n\t<meta name=\"robots\" content=\"max-image-preview:large\" \/>\n\t<meta name=\"author\" content=\"Nely Ferreira\"\/>\n\t<link rel=\"canonical\" href=\"https:\/\/www.binauralmedia.org\/news\/arquivo\/24393\" \/>\n\t<meta name=\"generator\" content=\"All in One SEO (AIOSEO) 5.0.1.1\" \/>\n\t\t<meta property=\"og:locale\" content=\"pt_PT\" \/>\n\t\t<meta property=\"og:site_name\" content=\"binauralmedia.org - Rural Based Sound\/Media Arts &amp; Social Research\" \/>\n\t\t<meta property=\"og:type\" content=\"article\" \/>\n\t\t<meta property=\"og:title\" content=\"Binaural Nodar \u00e9 parceira no projeto comunit\u00e1rio \u201cPaisagem com gente dentro\u201d - binauralmedia.org\" \/>\n\t\t<meta property=\"og:description\" content=\"PAISAGEM COM GENTE DENTRO Projeto Comunit\u00e1rio Apresenta\u00e7\u00e3o p\u00fablica 29 de setembro 2025 Oliveira de Frades No passado dia 29 de setembro, foi apresentado no Sal\u00e3o Nobre dos Pa\u00e7os do Concelho o projeto comunit\u00e1rio \u201cPaisagem com Gente Dentro\u201d, promovido pelo Munic\u00edpio de Oliveira de Frades. A iniciativa, com participa\u00e7\u00e3o da Binaural Nodar, utiliza a fotografia como\" \/>\n\t\t<meta property=\"og:url\" content=\"https:\/\/www.binauralmedia.org\/news\/arquivo\/24393\" \/>\n\t\t<meta property=\"article:published_time\" content=\"2025-09-30T15:18:37+00:00\" \/>\n\t\t<meta property=\"article:modified_time\" content=\"2026-03-10T13:04:06+00:00\" \/>\n\t\t<meta name=\"twitter:card\" content=\"summary_large_image\" \/>\n\t\t<meta name=\"twitter:title\" content=\"Binaural Nodar \u00e9 parceira no projeto comunit\u00e1rio \u201cPaisagem com gente dentro\u201d - binauralmedia.org\" \/>\n\t\t<meta name=\"twitter:description\" content=\"PAISAGEM COM GENTE DENTRO Projeto Comunit\u00e1rio Apresenta\u00e7\u00e3o p\u00fablica 29 de setembro 2025 Oliveira de Frades No passado dia 29 de setembro, foi apresentado no Sal\u00e3o Nobre dos Pa\u00e7os do Concelho o projeto comunit\u00e1rio \u201cPaisagem com Gente Dentro\u201d, promovido pelo Munic\u00edpio de Oliveira de Frades. A iniciativa, com participa\u00e7\u00e3o da Binaural Nodar, utiliza a fotografia como\" \/>\n\t\t<script type=\"application\/ld+json\" class=\"aioseo-schema\">\n\t\t\t{\"@context\":\"https:\\\/\\\/schema.org\",\"@graph\":[{\"@type\":\"BlogPosting\",\"@id\":\"https:\\\/\\\/www.binauralmedia.org\\\/news\\\/arquivo\\\/24393#blogposting\",\"name\":\"Binaural Nodar \\u00e9 parceira no projeto comunit\\u00e1rio \\u201cPaisagem com gente dentro\\u201d - binauralmedia.org\",\"headline\":\"Binaural Nodar \\u00e9 parceira no projeto comunit\\u00e1rio &#8220;Paisagem com gente dentro&#8221;\",\"author\":{\"@id\":\"https:\\\/\\\/www.binauralmedia.org\\\/news\\\/arquivo\\\/author\\\/nelyferreira#author\"},\"publisher\":{\"@id\":\"https:\\\/\\\/www.binauralmedia.org\\\/news\\\/#organization\"},\"image\":{\"@type\":\"ImageObject\",\"url\":\"https:\\\/\\\/www.binauralmedia.org\\\/news\\\/wp-content\\\/uploads\\\/1200x800-12.png\",\"width\":1200,\"height\":800},\"datePublished\":\"2025-09-30T15:18:37+00:00\",\"dateModified\":\"2026-03-10T13:04:06+00:00\",\"inLanguage\":\"pt-PT\",\"mainEntityOfPage\":{\"@id\":\"https:\\\/\\\/www.binauralmedia.org\\\/news\\\/arquivo\\\/24393#webpage\"},\"isPartOf\":{\"@id\":\"https:\\\/\\\/www.binauralmedia.org\\\/news\\\/arquivo\\\/24393#webpage\"},\"articleSection\":\"Not\\u00edcias, Resid\\u00eancias Art\\u00edsticas, Optional\"},{\"@type\":\"BreadcrumbList\",\"@id\":\"https:\\\/\\\/www.binauralmedia.org\\\/news\\\/arquivo\\\/24393#breadcrumblist\",\"itemListElement\":[{\"@type\":\"ListItem\",\"@id\":\"https:\\\/\\\/www.binauralmedia.org\\\/news#listItem\",\"position\":1,\"name\":\"Home\",\"item\":\"https:\\\/\\\/www.binauralmedia.org\\\/news\",\"nextItem\":{\"@type\":\"ListItem\",\"@id\":\"https:\\\/\\\/www.binauralmedia.org\\\/news\\\/arquivo\\\/category\\\/news#listItem\",\"name\":\"Not\\u00edcias\"}},{\"@type\":\"ListItem\",\"@id\":\"https:\\\/\\\/www.binauralmedia.org\\\/news\\\/arquivo\\\/category\\\/news#listItem\",\"position\":2,\"name\":\"Not\\u00edcias\",\"item\":\"https:\\\/\\\/www.binauralmedia.org\\\/news\\\/arquivo\\\/category\\\/news\",\"nextItem\":{\"@type\":\"ListItem\",\"@id\":\"https:\\\/\\\/www.binauralmedia.org\\\/news\\\/arquivo\\\/24393#listItem\",\"name\":\"Binaural Nodar \\u00e9 parceira no projeto comunit\\u00e1rio &#8220;Paisagem com gente dentro&#8221;\"},\"previousItem\":{\"@type\":\"ListItem\",\"@id\":\"https:\\\/\\\/www.binauralmedia.org\\\/news#listItem\",\"name\":\"Home\"}},{\"@type\":\"ListItem\",\"@id\":\"https:\\\/\\\/www.binauralmedia.org\\\/news\\\/arquivo\\\/24393#listItem\",\"position\":3,\"name\":\"Binaural Nodar \\u00e9 parceira no projeto comunit\\u00e1rio &#8220;Paisagem com gente dentro&#8221;\",\"previousItem\":{\"@type\":\"ListItem\",\"@id\":\"https:\\\/\\\/www.binauralmedia.org\\\/news\\\/arquivo\\\/category\\\/news#listItem\",\"name\":\"Not\\u00edcias\"}}]},{\"@type\":\"Organization\",\"@id\":\"https:\\\/\\\/www.binauralmedia.org\\\/news\\\/#organization\",\"name\":\"binauralmedia.org\",\"description\":\"Rural Based Sound\\\/Media Arts & Social Research\",\"url\":\"https:\\\/\\\/www.binauralmedia.org\\\/news\\\/\"},{\"@type\":\"Person\",\"@id\":\"https:\\\/\\\/www.binauralmedia.org\\\/news\\\/arquivo\\\/author\\\/nelyferreira#author\",\"url\":\"https:\\\/\\\/www.binauralmedia.org\\\/news\\\/arquivo\\\/author\\\/nelyferreira\",\"name\":\"Nely Ferreira\"},{\"@type\":\"WebPage\",\"@id\":\"https:\\\/\\\/www.binauralmedia.org\\\/news\\\/arquivo\\\/24393#webpage\",\"url\":\"https:\\\/\\\/www.binauralmedia.org\\\/news\\\/arquivo\\\/24393\",\"name\":\"Binaural Nodar \\u00e9 parceira no projeto comunit\\u00e1rio \\u201cPaisagem com gente dentro\\u201d - binauralmedia.org\",\"description\":\"PAISAGEM COM GENTE DENTRO Projeto Comunit\\u00e1rio Apresenta\\u00e7\\u00e3o p\\u00fablica 29 de setembro 2025 Oliveira de Frades No passado dia 29 de setembro, foi apresentado no Sal\\u00e3o Nobre dos Pa\\u00e7os do Concelho o projeto comunit\\u00e1rio \\u201cPaisagem com Gente Dentro\\u201d, promovido pelo Munic\\u00edpio de Oliveira de Frades. A iniciativa, com participa\\u00e7\\u00e3o da Binaural Nodar, utiliza a fotografia como\",\"inLanguage\":\"pt-PT\",\"isPartOf\":{\"@id\":\"https:\\\/\\\/www.binauralmedia.org\\\/news\\\/#website\"},\"breadcrumb\":{\"@id\":\"https:\\\/\\\/www.binauralmedia.org\\\/news\\\/arquivo\\\/24393#breadcrumblist\"},\"author\":{\"@id\":\"https:\\\/\\\/www.binauralmedia.org\\\/news\\\/arquivo\\\/author\\\/nelyferreira#author\"},\"creator\":{\"@id\":\"https:\\\/\\\/www.binauralmedia.org\\\/news\\\/arquivo\\\/author\\\/nelyferreira#author\"},\"image\":{\"@type\":\"ImageObject\",\"url\":\"https:\\\/\\\/www.binauralmedia.org\\\/news\\\/wp-content\\\/uploads\\\/1200x800-12.png\",\"@id\":\"https:\\\/\\\/www.binauralmedia.org\\\/news\\\/arquivo\\\/24393\\\/#mainImage\",\"width\":1200,\"height\":800},\"primaryImageOfPage\":{\"@id\":\"https:\\\/\\\/www.binauralmedia.org\\\/news\\\/arquivo\\\/24393#mainImage\"},\"datePublished\":\"2025-09-30T15:18:37+00:00\",\"dateModified\":\"2026-03-10T13:04:06+00:00\"},{\"@type\":\"WebSite\",\"@id\":\"https:\\\/\\\/www.binauralmedia.org\\\/news\\\/#website\",\"url\":\"https:\\\/\\\/www.binauralmedia.org\\\/news\\\/\",\"name\":\"binauralmedia.org\",\"description\":\"Rural Based Sound\\\/Media Arts & Social Research\",\"inLanguage\":\"pt-PT\",\"publisher\":{\"@id\":\"https:\\\/\\\/www.binauralmedia.org\\\/news\\\/#organization\"}}]}\n\t\t<\/script>\n\t\t<!-- All in One SEO -->\n\n","aioseo_head_json":{"title":"Binaural Nodar \u00e9 parceira no projeto comunit\u00e1rio \u201cPaisagem com gente dentro\u201d - binauralmedia.org","description":"PAISAGEM COM GENTE DENTRO Projeto Comunit\u00e1rio Apresenta\u00e7\u00e3o p\u00fablica 29 de setembro 2025 Oliveira de Frades No passado dia 29 de setembro, foi apresentado no Sal\u00e3o Nobre dos Pa\u00e7os do Concelho o projeto comunit\u00e1rio \u201cPaisagem com Gente Dentro\u201d, promovido pelo Munic\u00edpio de Oliveira de Frades. A iniciativa, com participa\u00e7\u00e3o da Binaural Nodar, utiliza a fotografia como","canonical_url":"https:\/\/www.binauralmedia.org\/news\/arquivo\/24393","robots":"max-image-preview:large","keywords":"","webmasterTools":{"miscellaneous":""},"schema":{"@context":"https:\/\/schema.org","@graph":[{"@type":"BlogPosting","@id":"https:\/\/www.binauralmedia.org\/news\/arquivo\/24393#blogposting","name":"Binaural Nodar \u00e9 parceira no projeto comunit\u00e1rio \u201cPaisagem com gente dentro\u201d - binauralmedia.org","headline":"Binaural Nodar \u00e9 parceira no projeto comunit\u00e1rio &#8220;Paisagem com gente dentro&#8221;","author":{"@id":"https:\/\/www.binauralmedia.org\/news\/arquivo\/author\/nelyferreira#author"},"publisher":{"@id":"https:\/\/www.binauralmedia.org\/news\/#organization"},"image":{"@type":"ImageObject","url":"https:\/\/www.binauralmedia.org\/news\/wp-content\/uploads\/1200x800-12.png","width":1200,"height":800},"datePublished":"2025-09-30T15:18:37+00:00","dateModified":"2026-03-10T13:04:06+00:00","inLanguage":"pt-PT","mainEntityOfPage":{"@id":"https:\/\/www.binauralmedia.org\/news\/arquivo\/24393#webpage"},"isPartOf":{"@id":"https:\/\/www.binauralmedia.org\/news\/arquivo\/24393#webpage"},"articleSection":"Not\u00edcias, Resid\u00eancias Art\u00edsticas, Optional"},{"@type":"BreadcrumbList","@id":"https:\/\/www.binauralmedia.org\/news\/arquivo\/24393#breadcrumblist","itemListElement":[{"@type":"ListItem","@id":"https:\/\/www.binauralmedia.org\/news#listItem","position":1,"name":"Home","item":"https:\/\/www.binauralmedia.org\/news","nextItem":{"@type":"ListItem","@id":"https:\/\/www.binauralmedia.org\/news\/arquivo\/category\/news#listItem","name":"Not\u00edcias"}},{"@type":"ListItem","@id":"https:\/\/www.binauralmedia.org\/news\/arquivo\/category\/news#listItem","position":2,"name":"Not\u00edcias","item":"https:\/\/www.binauralmedia.org\/news\/arquivo\/category\/news","nextItem":{"@type":"ListItem","@id":"https:\/\/www.binauralmedia.org\/news\/arquivo\/24393#listItem","name":"Binaural Nodar \u00e9 parceira no projeto comunit\u00e1rio &#8220;Paisagem com gente dentro&#8221;"},"previousItem":{"@type":"ListItem","@id":"https:\/\/www.binauralmedia.org\/news#listItem","name":"Home"}},{"@type":"ListItem","@id":"https:\/\/www.binauralmedia.org\/news\/arquivo\/24393#listItem","position":3,"name":"Binaural Nodar \u00e9 parceira no projeto comunit\u00e1rio &#8220;Paisagem com gente dentro&#8221;","previousItem":{"@type":"ListItem","@id":"https:\/\/www.binauralmedia.org\/news\/arquivo\/category\/news#listItem","name":"Not\u00edcias"}}]},{"@type":"Organization","@id":"https:\/\/www.binauralmedia.org\/news\/#organization","name":"binauralmedia.org","description":"Rural Based Sound\/Media Arts & Social Research","url":"https:\/\/www.binauralmedia.org\/news\/"},{"@type":"Person","@id":"https:\/\/www.binauralmedia.org\/news\/arquivo\/author\/nelyferreira#author","url":"https:\/\/www.binauralmedia.org\/news\/arquivo\/author\/nelyferreira","name":"Nely Ferreira"},{"@type":"WebPage","@id":"https:\/\/www.binauralmedia.org\/news\/arquivo\/24393#webpage","url":"https:\/\/www.binauralmedia.org\/news\/arquivo\/24393","name":"Binaural Nodar \u00e9 parceira no projeto comunit\u00e1rio \u201cPaisagem com gente dentro\u201d - binauralmedia.org","description":"PAISAGEM COM GENTE DENTRO Projeto Comunit\u00e1rio Apresenta\u00e7\u00e3o p\u00fablica 29 de setembro 2025 Oliveira de Frades No passado dia 29 de setembro, foi apresentado no Sal\u00e3o Nobre dos Pa\u00e7os do Concelho o projeto comunit\u00e1rio \u201cPaisagem com Gente Dentro\u201d, promovido pelo Munic\u00edpio de Oliveira de Frades. A iniciativa, com participa\u00e7\u00e3o da Binaural Nodar, utiliza a fotografia como","inLanguage":"pt-PT","isPartOf":{"@id":"https:\/\/www.binauralmedia.org\/news\/#website"},"breadcrumb":{"@id":"https:\/\/www.binauralmedia.org\/news\/arquivo\/24393#breadcrumblist"},"author":{"@id":"https:\/\/www.binauralmedia.org\/news\/arquivo\/author\/nelyferreira#author"},"creator":{"@id":"https:\/\/www.binauralmedia.org\/news\/arquivo\/author\/nelyferreira#author"},"image":{"@type":"ImageObject","url":"https:\/\/www.binauralmedia.org\/news\/wp-content\/uploads\/1200x800-12.png","@id":"https:\/\/www.binauralmedia.org\/news\/arquivo\/24393\/#mainImage","width":1200,"height":800},"primaryImageOfPage":{"@id":"https:\/\/www.binauralmedia.org\/news\/arquivo\/24393#mainImage"},"datePublished":"2025-09-30T15:18:37+00:00","dateModified":"2026-03-10T13:04:06+00:00"},{"@type":"WebSite","@id":"https:\/\/www.binauralmedia.org\/news\/#website","url":"https:\/\/www.binauralmedia.org\/news\/","name":"binauralmedia.org","description":"Rural Based Sound\/Media Arts & Social Research","inLanguage":"pt-PT","publisher":{"@id":"https:\/\/www.binauralmedia.org\/news\/#organization"}}]},"og:locale":"pt_PT","og:site_name":"binauralmedia.org - Rural Based Sound\/Media Arts &amp; Social Research","og:type":"article","og:title":"Binaural Nodar \u00e9 parceira no projeto comunit\u00e1rio \u201cPaisagem com gente dentro\u201d - binauralmedia.org","og:description":"PAISAGEM COM GENTE DENTRO Projeto Comunit\u00e1rio Apresenta\u00e7\u00e3o p\u00fablica 29 de setembro 2025 Oliveira de Frades No passado dia 29 de setembro, foi apresentado no Sal\u00e3o Nobre dos Pa\u00e7os do Concelho o projeto comunit\u00e1rio \u201cPaisagem com Gente Dentro\u201d, promovido pelo Munic\u00edpio de Oliveira de Frades. A iniciativa, com participa\u00e7\u00e3o da Binaural Nodar, utiliza a fotografia como","og:url":"https:\/\/www.binauralmedia.org\/news\/arquivo\/24393","article:published_time":"2025-09-30T15:18:37+00:00","article:modified_time":"2026-03-10T13:04:06+00:00","twitter:card":"summary_large_image","twitter:title":"Binaural Nodar \u00e9 parceira no projeto comunit\u00e1rio \u201cPaisagem com gente dentro\u201d - binauralmedia.org","twitter:description":"PAISAGEM COM GENTE DENTRO Projeto Comunit\u00e1rio Apresenta\u00e7\u00e3o p\u00fablica 29 de setembro 2025 Oliveira de Frades No passado dia 29 de setembro, foi apresentado no Sal\u00e3o Nobre dos Pa\u00e7os do Concelho o projeto comunit\u00e1rio \u201cPaisagem com Gente Dentro\u201d, promovido pelo Munic\u00edpio de Oliveira de Frades. A iniciativa, com participa\u00e7\u00e3o da Binaural Nodar, utiliza a fotografia como"},"aioseo_meta_data":{"post_id":"24393","title":null,"description":null,"keywords":null,"keyphrases":null,"primary_term":null,"canonical_url":null,"og_title":null,"og_description":null,"og_object_type":"default","og_image_type":"default","og_image_custom_url":null,"og_image_custom_fields":null,"og_image_url":null,"og_image_width":null,"og_image_height":null,"og_video":null,"og_custom_url":null,"og_article_section":null,"og_article_tags":null,"twitter_use_og":false,"twitter_card":"default","twitter_image_type":"default","twitter_image_custom_url":null,"twitter_image_custom_fields":null,"twitter_image_url":null,"twitter_title":null,"twitter_description":null,"schema_type":"default","schema_type_options":null,"schema":{"blockGraphs":[],"customGraphs":[],"default":{"data":{"Article":[],"Course":[],"Dataset":[],"FAQPage":[],"Movie":[],"Person":[],"Product":[],"ProductReview":[],"Car":[],"Recipe":[],"Service":[],"SoftwareApplication":[],"WebPage":[]},"graphName":"","isEnabled":true},"graphs":[]},"pillar_content":false,"robots_default":true,"robots_noindex":false,"robots_noarchive":false,"robots_nosnippet":false,"robots_nofollow":false,"robots_noimageindex":false,"robots_noodp":false,"robots_notranslate":false,"robots_max_snippet":null,"robots_max_videopreview":null,"robots_max_imagepreview":"large","priority":null,"frequency":null,"local_seo":null,"limit_modified_date":false,"ai":null,"breadcrumb_settings":null,"seo_analyzer_scan_date":null,"created":"2026-08-05 08:20:25","updated":"2026-08-05 08:20:25","focus_keyword":null,"additional_keywords":null,"truseo_locale":null},"aioseo_breadcrumb":"<div class=\"aioseo-breadcrumbs\"><span class=\"aioseo-breadcrumb\">\n\t\t\t<a href=\"https:\/\/www.binauralmedia.org\/news\" title=\"Home\">Home<\/a>\n\t\t<\/span><span class=\"aioseo-breadcrumb-separator\">&raquo;<\/span><span class=\"aioseo-breadcrumb\">\n\t\t\t<a href=\"https:\/\/www.binauralmedia.org\/news\/arquivo\/category\/news\" title=\"Not\u00edcias\">Not\u00edcias<\/a>\n\t\t<\/span><span class=\"aioseo-breadcrumb-separator\">&raquo;<\/span><span class=\"aioseo-breadcrumb\">\n\t\t\tBinaural Nodar \u00e9 parceira no projeto comunit\u00e1rio \u201cPaisagem com gente dentro\u201d\n\t\t<\/span><\/div>","aioseo_breadcrumb_json":[{"label":"Home","link":"https:\/\/www.binauralmedia.org\/news"},{"label":"Not\u00edcias","link":"https:\/\/www.binauralmedia.org\/news\/arquivo\/category\/news"},{"label":"Binaural Nodar \u00e9 parceira no projeto comunit\u00e1rio &#8220;Paisagem com gente dentro&#8221;","link":"https:\/\/www.binauralmedia.org\/news\/arquivo\/24393"}],"_links":{"self":[{"href":"https:\/\/www.binauralmedia.org\/news\/wp-json\/wp\/v2\/posts\/24393","targetHints":{"allow":["GET"]}}],"collection":[{"href":"https:\/\/www.binauralmedia.org\/news\/wp-json\/wp\/v2\/posts"}],"about":[{"href":"https:\/\/www.binauralmedia.org\/news\/wp-json\/wp\/v2\/types\/post"}],"author":[{"embeddable":true,"href":"https:\/\/www.binauralmedia.org\/news\/wp-json\/wp\/v2\/users\/8"}],"replies":[{"embeddable":true,"href":"https:\/\/www.binauralmedia.org\/news\/wp-json\/wp\/v2\/comments?post=24393"}],"version-history":[{"count":3,"href":"https:\/\/www.binauralmedia.org\/news\/wp-json\/wp\/v2\/posts\/24393\/revisions"}],"predecessor-version":[{"id":24907,"href":"https:\/\/www.binauralmedia.org\/news\/wp-json\/wp\/v2\/posts\/24393\/revisions\/24907"}],"wp:featuredmedia":[{"embeddable":true,"href":"https:\/\/www.binauralmedia.org\/news\/wp-json\/wp\/v2\/media\/24394"}],"wp:attachment":[{"href":"https:\/\/www.binauralmedia.org\/news\/wp-json\/wp\/v2\/media?parent=24393"}],"wp:term":[{"taxonomy":"category","embeddable":true,"href":"https:\/\/www.binauralmedia.org\/news\/wp-json\/wp\/v2\/categories?post=24393"},{"taxonomy":"post_tag","embeddable":true,"href":"https:\/\/www.binauralmedia.org\/news\/wp-json\/wp\/v2\/tags?post=24393"}],"curies":[{"name":"wp","href":"https:\/\/api.w.org\/{rel}","templated":true}]}}