{"id":24365,"date":"2025-09-26T11:29:52","date_gmt":"2025-09-26T11:29:52","guid":{"rendered":"https:\/\/www.binauralmedia.org\/news?p=24365"},"modified":"2026-03-10T13:04:14","modified_gmt":"2026-03-10T13:04:14","slug":"apresentacao-publica-do-evento-paisagem-com-gente-dentro","status":"publish","type":"post","link":"https:\/\/www.binauralmedia.org\/news\/arquivo\/24365","title":{"rendered":"Apresenta\u00e7\u00e3o p\u00fablica do projeto &#8220;Paisagem com gente dentro&#8221;"},"content":{"rendered":"<div class=\"fusion-fullwidth fullwidth-box fusion-builder-row-1 fusion-flex-container nonhundred-percent-fullwidth non-hundred-percent-height-scrolling\" style=\"--awb-border-radius-top-left:0px;--awb-border-radius-top-right:0px;--awb-border-radius-bottom-right:0px;--awb-border-radius-bottom-left:0px;--awb-flex-wrap:wrap;\" ><div class=\"fusion-builder-row fusion-row fusion-flex-align-items-flex-start fusion-flex-content-wrap\" style=\"max-width:1144px;margin-left: calc(-4% \/ 2 );margin-right: calc(-4% \/ 2 );\"><div class=\"fusion-layout-column fusion_builder_column fusion-builder-column-0 fusion_builder_column_1_1 1_1 fusion-flex-column\" style=\"--awb-bg-size:cover;--awb-width-large:100%;--awb-margin-top-large:0px;--awb-spacing-right-large:1.92%;--awb-margin-bottom-large:0px;--awb-spacing-left-large:1.92%;--awb-width-medium:100%;--awb-spacing-right-medium:1.92%;--awb-spacing-left-medium:1.92%;--awb-width-small:100%;--awb-spacing-right-small:1.92%;--awb-spacing-left-small:1.92%;\"><div class=\"fusion-column-wrapper fusion-flex-justify-content-flex-start fusion-content-layout-column\"><div class=\"fusion-text fusion-text-1\"><p>PAISAGEM COM GENTE DENTRO<br \/>\nProjeto Comunit\u00e1rio<\/p>\n<p>Apresenta\u00e7\u00e3o p\u00fablica<br \/>\nSegunda-feira, 29 de setembro, 16h00<br \/>\nSal\u00e3o Nobre dos Pa\u00e7os do Concelho, Oliveira de Frades<\/p>\n<p>A Binaural Nodar vai participar no projeto comunit\u00e1rio \u201cPaisagem com Gente Dentro\u201d, promovido pelo Munic\u00edpio de Oliveira de Frades. A apresenta\u00e7\u00e3o ter\u00e1 lugar no pr\u00f3ximo dia 29, segunda feira, pelas 16h00, no Sal\u00e3o Nobre dos Pa\u00e7os do Concelho.<\/p>\n<p>Atrav\u00e9s da cultura e usando a fotografia como ferramenta para a promo\u00e7\u00e3o da inclus\u00e3o social, a iniciativa envolve grupos com maior vulnerabilidade, nomeadamente idosos, imigrantes, desempregados, pessoas com defici\u00eancia e\/ou incapacidade e cidad\u00e3os com problemas de sa\u00fade mental, entre outros, promovendo a sua integra\u00e7\u00e3o, bem-estar e coes\u00e3o comunit\u00e1ria.<\/p>\n<p>Entre as entidades participantes est\u00e3o ainda a Associa\u00e7\u00e3o de Solidariedade Social de Laf\u00f5es, a Miseric\u00f3rdia Nossa Senhora dos Milagres, a Universidade S\u00e9nior e o Agrupamento de Escolas de Oliveira de Frades, al\u00e9m de diversos fot\u00f3grafos.<\/p>\n<p>O projecto \u201cPaisagem com Gente Dentro\u201d foi aprovado no \u00e2mbito do programa Inclus\u00e3o pela Cultura, atrav\u00e9s de uma candidatura submetida pelo Munic\u00edpio de Oliveira de Frades \u00e0 CCDR Centro.<\/p>\n<p>A Binaural Nodar \u00e9 uma entidade cultural apoiada pela Rep\u00fablica Portuguesa | Cultura, Juventude e Desporto &#8211; Dire\u00e7\u00e3o Geral das Artes.<\/p>\n<\/div><\/div><\/div><\/div><\/div>\n","protected":false},"excerpt":{"rendered":"","protected":false},"author":8,"featured_media":24367,"comment_status":"closed","ping_status":"closed","sticky":false,"template":"","format":"standard","meta":{"_acf_changed":false,"_bbp_topic_count":0,"_bbp_reply_count":0,"_bbp_total_topic_count":0,"_bbp_total_reply_count":0,"_bbp_voice_count":0,"_bbp_anonymous_reply_count":0,"_bbp_topic_count_hidden":0,"_bbp_reply_count_hidden":0,"_bbp_forum_subforum_count":0,"footnotes":""},"categories":[1,676],"tags":[],"class_list":["post-24365","post","type-post","status-publish","format-standard","has-post-thumbnail","hentry","category-news","category-artist-residencies"],"acf":[],"aioseo_notices":[],"aioseo_head":"\n\t\t<!-- All in One SEO 5.0.1.1 - aioseo.com -->\n\t<meta name=\"description\" content=\"PAISAGEM COM GENTE DENTRO Projeto Comunit\u00e1rio Apresenta\u00e7\u00e3o p\u00fablica Segunda-feira, 29 de setembro, 16h00 Sal\u00e3o Nobre dos Pa\u00e7os do Concelho, Oliveira de Frades A Binaural Nodar vai participar no projeto comunit\u00e1rio \u201cPaisagem com Gente Dentro\u201d, promovido pelo Munic\u00edpio de Oliveira de Frades. A apresenta\u00e7\u00e3o ter\u00e1 lugar no pr\u00f3ximo dia 29, segunda feira, pelas 16h00, no Sal\u00e3o\" \/>\n\t<meta name=\"robots\" content=\"max-image-preview:large\" \/>\n\t<meta name=\"author\" content=\"Nely Ferreira\"\/>\n\t<link rel=\"canonical\" href=\"https:\/\/www.binauralmedia.org\/news\/arquivo\/24365\" \/>\n\t<meta name=\"generator\" content=\"All in One SEO (AIOSEO) 5.0.1.1\" \/>\n\t\t<meta property=\"og:locale\" content=\"pt_PT\" \/>\n\t\t<meta property=\"og:site_name\" content=\"binauralmedia.org - Rural Based Sound\/Media Arts &amp; Social Research\" \/>\n\t\t<meta property=\"og:type\" content=\"article\" \/>\n\t\t<meta property=\"og:title\" content=\"Apresenta\u00e7\u00e3o p\u00fablica do projeto \u201cPaisagem com gente dentro\u201d - binauralmedia.org\" \/>\n\t\t<meta property=\"og:description\" content=\"PAISAGEM COM GENTE DENTRO Projeto Comunit\u00e1rio Apresenta\u00e7\u00e3o p\u00fablica Segunda-feira, 29 de setembro, 16h00 Sal\u00e3o Nobre dos Pa\u00e7os do Concelho, Oliveira de Frades A Binaural Nodar vai participar no projeto comunit\u00e1rio \u201cPaisagem com Gente Dentro\u201d, promovido pelo Munic\u00edpio de Oliveira de Frades. A apresenta\u00e7\u00e3o ter\u00e1 lugar no pr\u00f3ximo dia 29, segunda feira, pelas 16h00, no Sal\u00e3o\" \/>\n\t\t<meta property=\"og:url\" content=\"https:\/\/www.binauralmedia.org\/news\/arquivo\/24365\" \/>\n\t\t<meta property=\"article:published_time\" content=\"2025-09-26T11:29:52+00:00\" \/>\n\t\t<meta property=\"article:modified_time\" content=\"2026-03-10T13:04:14+00:00\" \/>\n\t\t<meta name=\"twitter:card\" content=\"summary_large_image\" \/>\n\t\t<meta name=\"twitter:title\" content=\"Apresenta\u00e7\u00e3o p\u00fablica do projeto \u201cPaisagem com gente dentro\u201d - binauralmedia.org\" \/>\n\t\t<meta name=\"twitter:description\" content=\"PAISAGEM COM GENTE DENTRO Projeto Comunit\u00e1rio Apresenta\u00e7\u00e3o p\u00fablica Segunda-feira, 29 de setembro, 16h00 Sal\u00e3o Nobre dos Pa\u00e7os do Concelho, Oliveira de Frades A Binaural Nodar vai participar no projeto comunit\u00e1rio \u201cPaisagem com Gente Dentro\u201d, promovido pelo Munic\u00edpio de Oliveira de Frades. A apresenta\u00e7\u00e3o ter\u00e1 lugar no pr\u00f3ximo dia 29, segunda feira, pelas 16h00, no Sal\u00e3o\" \/>\n\t\t<script type=\"application\/ld+json\" class=\"aioseo-schema\">\n\t\t\t{\"@context\":\"https:\\\/\\\/schema.org\",\"@graph\":[{\"@type\":\"BlogPosting\",\"@id\":\"https:\\\/\\\/www.binauralmedia.org\\\/news\\\/arquivo\\\/24365#blogposting\",\"name\":\"Apresenta\\u00e7\\u00e3o p\\u00fablica do projeto \\u201cPaisagem com gente dentro\\u201d - binauralmedia.org\",\"headline\":\"Apresenta\\u00e7\\u00e3o p\\u00fablica do projeto &#8220;Paisagem com gente dentro&#8221;\",\"author\":{\"@id\":\"https:\\\/\\\/www.binauralmedia.org\\\/news\\\/arquivo\\\/author\\\/nelyferreira#author\"},\"publisher\":{\"@id\":\"https:\\\/\\\/www.binauralmedia.org\\\/news\\\/#organization\"},\"image\":{\"@type\":\"ImageObject\",\"url\":\"https:\\\/\\\/www.binauralmedia.org\\\/news\\\/wp-content\\\/uploads\\\/1200x800-11.png\",\"width\":1200,\"height\":800},\"datePublished\":\"2025-09-26T11:29:52+00:00\",\"dateModified\":\"2026-03-10T13:04:14+00:00\",\"inLanguage\":\"pt-PT\",\"mainEntityOfPage\":{\"@id\":\"https:\\\/\\\/www.binauralmedia.org\\\/news\\\/arquivo\\\/24365#webpage\"},\"isPartOf\":{\"@id\":\"https:\\\/\\\/www.binauralmedia.org\\\/news\\\/arquivo\\\/24365#webpage\"},\"articleSection\":\"Not\\u00edcias, Resid\\u00eancias Art\\u00edsticas, Optional\"},{\"@type\":\"BreadcrumbList\",\"@id\":\"https:\\\/\\\/www.binauralmedia.org\\\/news\\\/arquivo\\\/24365#breadcrumblist\",\"itemListElement\":[{\"@type\":\"ListItem\",\"@id\":\"https:\\\/\\\/www.binauralmedia.org\\\/news#listItem\",\"position\":1,\"name\":\"Home\",\"item\":\"https:\\\/\\\/www.binauralmedia.org\\\/news\",\"nextItem\":{\"@type\":\"ListItem\",\"@id\":\"https:\\\/\\\/www.binauralmedia.org\\\/news\\\/arquivo\\\/category\\\/news#listItem\",\"name\":\"Not\\u00edcias\"}},{\"@type\":\"ListItem\",\"@id\":\"https:\\\/\\\/www.binauralmedia.org\\\/news\\\/arquivo\\\/category\\\/news#listItem\",\"position\":2,\"name\":\"Not\\u00edcias\",\"item\":\"https:\\\/\\\/www.binauralmedia.org\\\/news\\\/arquivo\\\/category\\\/news\",\"nextItem\":{\"@type\":\"ListItem\",\"@id\":\"https:\\\/\\\/www.binauralmedia.org\\\/news\\\/arquivo\\\/24365#listItem\",\"name\":\"Apresenta\\u00e7\\u00e3o p\\u00fablica do projeto &#8220;Paisagem com gente dentro&#8221;\"},\"previousItem\":{\"@type\":\"ListItem\",\"@id\":\"https:\\\/\\\/www.binauralmedia.org\\\/news#listItem\",\"name\":\"Home\"}},{\"@type\":\"ListItem\",\"@id\":\"https:\\\/\\\/www.binauralmedia.org\\\/news\\\/arquivo\\\/24365#listItem\",\"position\":3,\"name\":\"Apresenta\\u00e7\\u00e3o p\\u00fablica do projeto &#8220;Paisagem com gente dentro&#8221;\",\"previousItem\":{\"@type\":\"ListItem\",\"@id\":\"https:\\\/\\\/www.binauralmedia.org\\\/news\\\/arquivo\\\/category\\\/news#listItem\",\"name\":\"Not\\u00edcias\"}}]},{\"@type\":\"Organization\",\"@id\":\"https:\\\/\\\/www.binauralmedia.org\\\/news\\\/#organization\",\"name\":\"binauralmedia.org\",\"description\":\"Rural Based Sound\\\/Media Arts & Social Research\",\"url\":\"https:\\\/\\\/www.binauralmedia.org\\\/news\\\/\"},{\"@type\":\"Person\",\"@id\":\"https:\\\/\\\/www.binauralmedia.org\\\/news\\\/arquivo\\\/author\\\/nelyferreira#author\",\"url\":\"https:\\\/\\\/www.binauralmedia.org\\\/news\\\/arquivo\\\/author\\\/nelyferreira\",\"name\":\"Nely Ferreira\"},{\"@type\":\"WebPage\",\"@id\":\"https:\\\/\\\/www.binauralmedia.org\\\/news\\\/arquivo\\\/24365#webpage\",\"url\":\"https:\\\/\\\/www.binauralmedia.org\\\/news\\\/arquivo\\\/24365\",\"name\":\"Apresenta\\u00e7\\u00e3o p\\u00fablica do projeto \\u201cPaisagem com gente dentro\\u201d - binauralmedia.org\",\"description\":\"PAISAGEM COM GENTE DENTRO Projeto Comunit\\u00e1rio Apresenta\\u00e7\\u00e3o p\\u00fablica Segunda-feira, 29 de setembro, 16h00 Sal\\u00e3o Nobre dos Pa\\u00e7os do Concelho, Oliveira de Frades A Binaural Nodar vai participar no projeto comunit\\u00e1rio \\u201cPaisagem com Gente Dentro\\u201d, promovido pelo Munic\\u00edpio de Oliveira de Frades. A apresenta\\u00e7\\u00e3o ter\\u00e1 lugar no pr\\u00f3ximo dia 29, segunda feira, pelas 16h00, no Sal\\u00e3o\",\"inLanguage\":\"pt-PT\",\"isPartOf\":{\"@id\":\"https:\\\/\\\/www.binauralmedia.org\\\/news\\\/#website\"},\"breadcrumb\":{\"@id\":\"https:\\\/\\\/www.binauralmedia.org\\\/news\\\/arquivo\\\/24365#breadcrumblist\"},\"author\":{\"@id\":\"https:\\\/\\\/www.binauralmedia.org\\\/news\\\/arquivo\\\/author\\\/nelyferreira#author\"},\"creator\":{\"@id\":\"https:\\\/\\\/www.binauralmedia.org\\\/news\\\/arquivo\\\/author\\\/nelyferreira#author\"},\"image\":{\"@type\":\"ImageObject\",\"url\":\"https:\\\/\\\/www.binauralmedia.org\\\/news\\\/wp-content\\\/uploads\\\/1200x800-11.png\",\"@id\":\"https:\\\/\\\/www.binauralmedia.org\\\/news\\\/arquivo\\\/24365\\\/#mainImage\",\"width\":1200,\"height\":800},\"primaryImageOfPage\":{\"@id\":\"https:\\\/\\\/www.binauralmedia.org\\\/news\\\/arquivo\\\/24365#mainImage\"},\"datePublished\":\"2025-09-26T11:29:52+00:00\",\"dateModified\":\"2026-03-10T13:04:14+00:00\"},{\"@type\":\"WebSite\",\"@id\":\"https:\\\/\\\/www.binauralmedia.org\\\/news\\\/#website\",\"url\":\"https:\\\/\\\/www.binauralmedia.org\\\/news\\\/\",\"name\":\"binauralmedia.org\",\"description\":\"Rural Based Sound\\\/Media Arts & Social Research\",\"inLanguage\":\"pt-PT\",\"publisher\":{\"@id\":\"https:\\\/\\\/www.binauralmedia.org\\\/news\\\/#organization\"}}]}\n\t\t<\/script>\n\t\t<!-- All in One SEO -->\n\n","aioseo_head_json":{"title":"Apresenta\u00e7\u00e3o p\u00fablica do projeto \u201cPaisagem com gente dentro\u201d - binauralmedia.org","description":"PAISAGEM COM GENTE DENTRO Projeto Comunit\u00e1rio Apresenta\u00e7\u00e3o p\u00fablica Segunda-feira, 29 de setembro, 16h00 Sal\u00e3o Nobre dos Pa\u00e7os do Concelho, Oliveira de Frades A Binaural Nodar vai participar no projeto comunit\u00e1rio \u201cPaisagem com Gente Dentro\u201d, promovido pelo Munic\u00edpio de Oliveira de Frades. A apresenta\u00e7\u00e3o ter\u00e1 lugar no pr\u00f3ximo dia 29, segunda feira, pelas 16h00, no Sal\u00e3o","canonical_url":"https:\/\/www.binauralmedia.org\/news\/arquivo\/24365","robots":"max-image-preview:large","keywords":"","webmasterTools":{"miscellaneous":""},"schema":{"@context":"https:\/\/schema.org","@graph":[{"@type":"BlogPosting","@id":"https:\/\/www.binauralmedia.org\/news\/arquivo\/24365#blogposting","name":"Apresenta\u00e7\u00e3o p\u00fablica do projeto \u201cPaisagem com gente dentro\u201d - binauralmedia.org","headline":"Apresenta\u00e7\u00e3o p\u00fablica do projeto &#8220;Paisagem com gente dentro&#8221;","author":{"@id":"https:\/\/www.binauralmedia.org\/news\/arquivo\/author\/nelyferreira#author"},"publisher":{"@id":"https:\/\/www.binauralmedia.org\/news\/#organization"},"image":{"@type":"ImageObject","url":"https:\/\/www.binauralmedia.org\/news\/wp-content\/uploads\/1200x800-11.png","width":1200,"height":800},"datePublished":"2025-09-26T11:29:52+00:00","dateModified":"2026-03-10T13:04:14+00:00","inLanguage":"pt-PT","mainEntityOfPage":{"@id":"https:\/\/www.binauralmedia.org\/news\/arquivo\/24365#webpage"},"isPartOf":{"@id":"https:\/\/www.binauralmedia.org\/news\/arquivo\/24365#webpage"},"articleSection":"Not\u00edcias, Resid\u00eancias Art\u00edsticas, Optional"},{"@type":"BreadcrumbList","@id":"https:\/\/www.binauralmedia.org\/news\/arquivo\/24365#breadcrumblist","itemListElement":[{"@type":"ListItem","@id":"https:\/\/www.binauralmedia.org\/news#listItem","position":1,"name":"Home","item":"https:\/\/www.binauralmedia.org\/news","nextItem":{"@type":"ListItem","@id":"https:\/\/www.binauralmedia.org\/news\/arquivo\/category\/news#listItem","name":"Not\u00edcias"}},{"@type":"ListItem","@id":"https:\/\/www.binauralmedia.org\/news\/arquivo\/category\/news#listItem","position":2,"name":"Not\u00edcias","item":"https:\/\/www.binauralmedia.org\/news\/arquivo\/category\/news","nextItem":{"@type":"ListItem","@id":"https:\/\/www.binauralmedia.org\/news\/arquivo\/24365#listItem","name":"Apresenta\u00e7\u00e3o p\u00fablica do projeto &#8220;Paisagem com gente dentro&#8221;"},"previousItem":{"@type":"ListItem","@id":"https:\/\/www.binauralmedia.org\/news#listItem","name":"Home"}},{"@type":"ListItem","@id":"https:\/\/www.binauralmedia.org\/news\/arquivo\/24365#listItem","position":3,"name":"Apresenta\u00e7\u00e3o p\u00fablica do projeto &#8220;Paisagem com gente dentro&#8221;","previousItem":{"@type":"ListItem","@id":"https:\/\/www.binauralmedia.org\/news\/arquivo\/category\/news#listItem","name":"Not\u00edcias"}}]},{"@type":"Organization","@id":"https:\/\/www.binauralmedia.org\/news\/#organization","name":"binauralmedia.org","description":"Rural Based Sound\/Media Arts & Social Research","url":"https:\/\/www.binauralmedia.org\/news\/"},{"@type":"Person","@id":"https:\/\/www.binauralmedia.org\/news\/arquivo\/author\/nelyferreira#author","url":"https:\/\/www.binauralmedia.org\/news\/arquivo\/author\/nelyferreira","name":"Nely Ferreira"},{"@type":"WebPage","@id":"https:\/\/www.binauralmedia.org\/news\/arquivo\/24365#webpage","url":"https:\/\/www.binauralmedia.org\/news\/arquivo\/24365","name":"Apresenta\u00e7\u00e3o p\u00fablica do projeto \u201cPaisagem com gente dentro\u201d - binauralmedia.org","description":"PAISAGEM COM GENTE DENTRO Projeto Comunit\u00e1rio Apresenta\u00e7\u00e3o p\u00fablica Segunda-feira, 29 de setembro, 16h00 Sal\u00e3o Nobre dos Pa\u00e7os do Concelho, Oliveira de Frades A Binaural Nodar vai participar no projeto comunit\u00e1rio \u201cPaisagem com Gente Dentro\u201d, promovido pelo Munic\u00edpio de Oliveira de Frades. A apresenta\u00e7\u00e3o ter\u00e1 lugar no pr\u00f3ximo dia 29, segunda feira, pelas 16h00, no Sal\u00e3o","inLanguage":"pt-PT","isPartOf":{"@id":"https:\/\/www.binauralmedia.org\/news\/#website"},"breadcrumb":{"@id":"https:\/\/www.binauralmedia.org\/news\/arquivo\/24365#breadcrumblist"},"author":{"@id":"https:\/\/www.binauralmedia.org\/news\/arquivo\/author\/nelyferreira#author"},"creator":{"@id":"https:\/\/www.binauralmedia.org\/news\/arquivo\/author\/nelyferreira#author"},"image":{"@type":"ImageObject","url":"https:\/\/www.binauralmedia.org\/news\/wp-content\/uploads\/1200x800-11.png","@id":"https:\/\/www.binauralmedia.org\/news\/arquivo\/24365\/#mainImage","width":1200,"height":800},"primaryImageOfPage":{"@id":"https:\/\/www.binauralmedia.org\/news\/arquivo\/24365#mainImage"},"datePublished":"2025-09-26T11:29:52+00:00","dateModified":"2026-03-10T13:04:14+00:00"},{"@type":"WebSite","@id":"https:\/\/www.binauralmedia.org\/news\/#website","url":"https:\/\/www.binauralmedia.org\/news\/","name":"binauralmedia.org","description":"Rural Based Sound\/Media Arts & Social Research","inLanguage":"pt-PT","publisher":{"@id":"https:\/\/www.binauralmedia.org\/news\/#organization"}}]},"og:locale":"pt_PT","og:site_name":"binauralmedia.org - Rural Based Sound\/Media Arts &amp; Social Research","og:type":"article","og:title":"Apresenta\u00e7\u00e3o p\u00fablica do projeto \u201cPaisagem com gente dentro\u201d - binauralmedia.org","og:description":"PAISAGEM COM GENTE DENTRO Projeto Comunit\u00e1rio Apresenta\u00e7\u00e3o p\u00fablica Segunda-feira, 29 de setembro, 16h00 Sal\u00e3o Nobre dos Pa\u00e7os do Concelho, Oliveira de Frades A Binaural Nodar vai participar no projeto comunit\u00e1rio \u201cPaisagem com Gente Dentro\u201d, promovido pelo Munic\u00edpio de Oliveira de Frades. A apresenta\u00e7\u00e3o ter\u00e1 lugar no pr\u00f3ximo dia 29, segunda feira, pelas 16h00, no Sal\u00e3o","og:url":"https:\/\/www.binauralmedia.org\/news\/arquivo\/24365","article:published_time":"2025-09-26T11:29:52+00:00","article:modified_time":"2026-03-10T13:04:14+00:00","twitter:card":"summary_large_image","twitter:title":"Apresenta\u00e7\u00e3o p\u00fablica do projeto \u201cPaisagem com gente dentro\u201d - binauralmedia.org","twitter:description":"PAISAGEM COM GENTE DENTRO Projeto Comunit\u00e1rio Apresenta\u00e7\u00e3o p\u00fablica Segunda-feira, 29 de setembro, 16h00 Sal\u00e3o Nobre dos Pa\u00e7os do Concelho, Oliveira de Frades A Binaural Nodar vai participar no projeto comunit\u00e1rio \u201cPaisagem com Gente Dentro\u201d, promovido pelo Munic\u00edpio de Oliveira de Frades. A apresenta\u00e7\u00e3o ter\u00e1 lugar no pr\u00f3ximo dia 29, segunda feira, pelas 16h00, no Sal\u00e3o"},"aioseo_meta_data":{"post_id":"24365","title":null,"description":null,"keywords":null,"keyphrases":null,"primary_term":null,"canonical_url":null,"og_title":null,"og_description":null,"og_object_type":"default","og_image_type":"default","og_image_custom_url":null,"og_image_custom_fields":null,"og_image_url":null,"og_image_width":null,"og_image_height":null,"og_video":null,"og_custom_url":null,"og_article_section":null,"og_article_tags":null,"twitter_use_og":false,"twitter_card":"default","twitter_image_type":"default","twitter_image_custom_url":null,"twitter_image_custom_fields":null,"twitter_image_url":null,"twitter_title":null,"twitter_description":null,"schema_type":"default","schema_type_options":null,"schema":{"blockGraphs":[],"customGraphs":[],"default":{"data":{"Article":[],"Course":[],"Dataset":[],"FAQPage":[],"Movie":[],"Person":[],"Product":[],"ProductReview":[],"Car":[],"Recipe":[],"Service":[],"SoftwareApplication":[],"WebPage":[]},"graphName":"","isEnabled":true},"graphs":[]},"pillar_content":false,"robots_default":true,"robots_noindex":false,"robots_noarchive":false,"robots_nosnippet":false,"robots_nofollow":false,"robots_noimageindex":false,"robots_noodp":false,"robots_notranslate":false,"robots_max_snippet":null,"robots_max_videopreview":null,"robots_max_imagepreview":"large","priority":null,"frequency":null,"local_seo":null,"limit_modified_date":false,"ai":null,"breadcrumb_settings":null,"seo_analyzer_scan_date":null,"created":"2026-08-05 08:18:19","updated":"2026-08-05 08:18:19","focus_keyword":null,"additional_keywords":null,"truseo_locale":null},"aioseo_breadcrumb":"<div class=\"aioseo-breadcrumbs\"><span class=\"aioseo-breadcrumb\">\n\t\t\t<a href=\"https:\/\/www.binauralmedia.org\/news\" title=\"Home\">Home<\/a>\n\t\t<\/span><span class=\"aioseo-breadcrumb-separator\">&raquo;<\/span><span class=\"aioseo-breadcrumb\">\n\t\t\t<a href=\"https:\/\/www.binauralmedia.org\/news\/arquivo\/category\/news\" title=\"Not\u00edcias\">Not\u00edcias<\/a>\n\t\t<\/span><span class=\"aioseo-breadcrumb-separator\">&raquo;<\/span><span class=\"aioseo-breadcrumb\">\n\t\t\tApresenta\u00e7\u00e3o p\u00fablica do projeto \u201cPaisagem com gente dentro\u201d\n\t\t<\/span><\/div>","aioseo_breadcrumb_json":[{"label":"Home","link":"https:\/\/www.binauralmedia.org\/news"},{"label":"Not\u00edcias","link":"https:\/\/www.binauralmedia.org\/news\/arquivo\/category\/news"},{"label":"Apresenta\u00e7\u00e3o p\u00fablica do projeto &#8220;Paisagem com gente dentro&#8221;","link":"https:\/\/www.binauralmedia.org\/news\/arquivo\/24365"}],"_links":{"self":[{"href":"https:\/\/www.binauralmedia.org\/news\/wp-json\/wp\/v2\/posts\/24365","targetHints":{"allow":["GET"]}}],"collection":[{"href":"https:\/\/www.binauralmedia.org\/news\/wp-json\/wp\/v2\/posts"}],"about":[{"href":"https:\/\/www.binauralmedia.org\/news\/wp-json\/wp\/v2\/types\/post"}],"author":[{"embeddable":true,"href":"https:\/\/www.binauralmedia.org\/news\/wp-json\/wp\/v2\/users\/8"}],"replies":[{"embeddable":true,"href":"https:\/\/www.binauralmedia.org\/news\/wp-json\/wp\/v2\/comments?post=24365"}],"version-history":[{"count":5,"href":"https:\/\/www.binauralmedia.org\/news\/wp-json\/wp\/v2\/posts\/24365\/revisions"}],"predecessor-version":[{"id":24906,"href":"https:\/\/www.binauralmedia.org\/news\/wp-json\/wp\/v2\/posts\/24365\/revisions\/24906"}],"wp:featuredmedia":[{"embeddable":true,"href":"https:\/\/www.binauralmedia.org\/news\/wp-json\/wp\/v2\/media\/24367"}],"wp:attachment":[{"href":"https:\/\/www.binauralmedia.org\/news\/wp-json\/wp\/v2\/media?parent=24365"}],"wp:term":[{"taxonomy":"category","embeddable":true,"href":"https:\/\/www.binauralmedia.org\/news\/wp-json\/wp\/v2\/categories?post=24365"},{"taxonomy":"post_tag","embeddable":true,"href":"https:\/\/www.binauralmedia.org\/news\/wp-json\/wp\/v2\/tags?post=24365"}],"curies":[{"name":"wp","href":"https:\/\/api.w.org\/{rel}","templated":true}]}}