{"id":24354,"date":"2025-09-18T11:14:55","date_gmt":"2025-09-18T11:14:55","guid":{"rendered":"https:\/\/www.binauralmedia.org\/news?p=24354"},"modified":"2025-09-29T14:38:59","modified_gmt":"2025-09-29T14:38:59","slug":"forum-tramontana-acolhe-conferencia-sobre-cooperacao-cultural-europeia","status":"publish","type":"post","link":"https:\/\/www.binauralmedia.org\/news\/arquivo\/24354","title":{"rendered":"F\u00f3rum Tramontana acolhe confer\u00eancia sobre coopera\u00e7\u00e3o cultural europeia"},"content":{"rendered":"<p>A CONSTRU\u00c7\u00c3O DO IMATERIAL<br \/>\nTrabalho cultural e coopera\u00e7\u00e3o na Europa<\/p>\n<p>Confer\u00eancia Internacional<br \/>\n25 de setembro de 2025<br \/>\n9h00 &#8211; 11h30<br \/>\nSal\u00e3o multiusos, Arsita (Teramo, It\u00e1lia)<\/p>\n<p>O coordenador da Binaural Nodar e da Rede Tramontana, Lu\u00eds Costa, ser\u00e1 um dos oradores na confer\u00eancia internacional \u00abLa costruzione dell\u2019immateriale: Lavoro culturale e cooperazione in Europa\u00bb (\u00abA constru\u00e7\u00e3o do imaterial: trabalho cultural e coopera\u00e7\u00e3o na Europa\u00bb), a ter lugar no pr\u00f3ximo dia 27 de setembro e que reunir\u00e1 uma s\u00e9rie de interven\u00e7\u00f5es relacionadas com o patrim\u00f3nio imaterial de contextos montanhosos e rurais e de como a coopera\u00e7\u00e3o pode ser realizada na pr\u00e1tica.<\/p>\n<p>Este evento ir\u00e1 aprofundar alguns aspetos frequentemente invis\u00edveis, mas vitais, da pr\u00e1tica cultural, explorando como os esfor\u00e7os colaborativos podem moldar as comunidades, as narrativas e os futuros sociais de contextos rurais europeus.<\/p>\n<p>Sauda\u00e7\u00f5es institucionais:<br \/>\nCatiuscia Cacciatore, Presidente do Munic\u00edpio de Arsita<\/p>\n<p>Oradores:<br \/>\nLu\u00eds Costa | Coordenador da Rede Tramontana | Binaural Nodar<br \/>\n\u00abRede Tramontana: catorze anos de coopera\u00e7\u00e3o internacional\u00bb<\/p>\n<p>Renata De Rugeriis, Marco Magistrali, Gianfranco Spitilli | Rede Tramontana It\u00e1lia<br \/>\n\u00abRede Tramontana nos contextos dos Apeninos e dos Alpes entre a investiga\u00e7\u00e3o e a comunidade\u00bb<\/p>\n<p>Mauro Vanni, Alessandro Perfetti | Itaca ETS, Projeto REVIVE<br \/>\n\u00abREVIVE: criatividade e comunidade nos centros hist\u00f3ricos da Europa\u00bb<\/p>\n<p>Emanuela Giorgi | Gestora de projetos, Ag\u00eancia Executiva Europeia para a Educa\u00e7\u00e3o e a Cultura (EACEA)<br \/>\n\u00abProjetos no \u00e2mbito do programa Europa Criativa: foco no valor da coopera\u00e7\u00e3o\u00bb<\/p>\n<p>Andrea Sangiovanni | Professor de Hist\u00f3ria Contempor\u00e2nea, Universidade de Teramo<br \/>\n\u00abTerrit\u00f3rio, comunidade, hist\u00f3ria p\u00fablica: o projeto Racconti raccolti\u00bb<\/p>\n<p>Pierluigi Sacco | Professor de Economia Bio-comportamental, Universidade de Chieti-Pescara<br \/>\n\u00abDesenvolvimento baseado na cultura em \u00e1reas remotas: das narrativas de decl\u00ednio \u00e0s narrativas de possibilidade\u00bb.<\/p>\n<p>A Binaural Nodar \u00e9 uma entidade financiada pela Rep\u00fablica Portuguesa &#8211; Cultura, Juventude e Desporto | Dire\u00e7\u00e3o-Geral das Artes.<\/p>\n","protected":false},"excerpt":{"rendered":"<p>A CONSTRU\u00c7\u00c3O DO IMATERIAL Trabalho cultural e coopera\u00e7\u00e3o na Europa  [&#8230;]<\/p>\n","protected":false},"author":8,"featured_media":24355,"comment_status":"closed","ping_status":"closed","sticky":false,"template":"","format":"standard","meta":{"_acf_changed":false,"_bbp_topic_count":0,"_bbp_reply_count":0,"_bbp_total_topic_count":0,"_bbp_total_reply_count":0,"_bbp_voice_count":0,"_bbp_anonymous_reply_count":0,"_bbp_topic_count_hidden":0,"_bbp_reply_count_hidden":0,"_bbp_forum_subforum_count":0,"footnotes":""},"categories":[1,1160],"tags":[],"class_list":["post-24354","post","type-post","status-publish","format-standard","has-post-thumbnail","hentry","category-news","category-symposiums-festivals"],"acf":[],"aioseo_notices":[],"aioseo_head":"\n\t\t<!-- All in One SEO 5.0.1.1 - aioseo.com -->\n\t<meta name=\"description\" content=\"A CONSTRU\u00c7\u00c3O DO IMATERIAL Trabalho cultural e coopera\u00e7\u00e3o na Europa Confer\u00eancia Internacional 25 de setembro de 2025 9h00 - 11h30 Sal\u00e3o multiusos, Arsita (Teramo, It\u00e1lia) O coordenador da Binaural Nodar e da Rede Tramontana, Lu\u00eds Costa, ser\u00e1 um dos oradores na confer\u00eancia internacional \u00abLa costruzione dell\u2019immateriale: Lavoro culturale e cooperazione in Europa\u00bb (\u00abA constru\u00e7\u00e3o do\" \/>\n\t<meta name=\"robots\" content=\"max-image-preview:large\" \/>\n\t<meta name=\"author\" content=\"Nely Ferreira\"\/>\n\t<link rel=\"canonical\" href=\"https:\/\/www.binauralmedia.org\/news\/arquivo\/24354\" \/>\n\t<meta name=\"generator\" content=\"All in One SEO (AIOSEO) 5.0.1.1\" \/>\n\t\t<meta property=\"og:locale\" content=\"pt_PT\" \/>\n\t\t<meta property=\"og:site_name\" content=\"binauralmedia.org - Rural Based Sound\/Media Arts &amp; Social Research\" \/>\n\t\t<meta property=\"og:type\" content=\"article\" \/>\n\t\t<meta property=\"og:title\" content=\"F\u00f3rum Tramontana acolhe confer\u00eancia sobre coopera\u00e7\u00e3o cultural europeia - binauralmedia.org\" \/>\n\t\t<meta property=\"og:description\" content=\"A CONSTRU\u00c7\u00c3O DO IMATERIAL Trabalho cultural e coopera\u00e7\u00e3o na Europa Confer\u00eancia Internacional 25 de setembro de 2025 9h00 - 11h30 Sal\u00e3o multiusos, Arsita (Teramo, It\u00e1lia) O coordenador da Binaural Nodar e da Rede Tramontana, Lu\u00eds Costa, ser\u00e1 um dos oradores na confer\u00eancia internacional \u00abLa costruzione dell\u2019immateriale: Lavoro culturale e cooperazione in Europa\u00bb (\u00abA constru\u00e7\u00e3o do\" \/>\n\t\t<meta property=\"og:url\" content=\"https:\/\/www.binauralmedia.org\/news\/arquivo\/24354\" \/>\n\t\t<meta property=\"article:published_time\" content=\"2025-09-18T11:14:55+00:00\" \/>\n\t\t<meta property=\"article:modified_time\" content=\"2025-09-29T14:38:59+00:00\" \/>\n\t\t<meta name=\"twitter:card\" content=\"summary_large_image\" \/>\n\t\t<meta name=\"twitter:title\" content=\"F\u00f3rum Tramontana acolhe confer\u00eancia sobre coopera\u00e7\u00e3o cultural europeia - binauralmedia.org\" \/>\n\t\t<meta name=\"twitter:description\" content=\"A CONSTRU\u00c7\u00c3O DO IMATERIAL Trabalho cultural e coopera\u00e7\u00e3o na Europa Confer\u00eancia Internacional 25 de setembro de 2025 9h00 - 11h30 Sal\u00e3o multiusos, Arsita (Teramo, It\u00e1lia) O coordenador da Binaural Nodar e da Rede Tramontana, Lu\u00eds Costa, ser\u00e1 um dos oradores na confer\u00eancia internacional \u00abLa costruzione dell\u2019immateriale: Lavoro culturale e cooperazione in Europa\u00bb (\u00abA constru\u00e7\u00e3o do\" \/>\n\t\t<script type=\"application\/ld+json\" class=\"aioseo-schema\">\n\t\t\t{\"@context\":\"https:\\\/\\\/schema.org\",\"@graph\":[{\"@type\":\"BlogPosting\",\"@id\":\"https:\\\/\\\/www.binauralmedia.org\\\/news\\\/arquivo\\\/24354#blogposting\",\"name\":\"F\\u00f3rum Tramontana acolhe confer\\u00eancia sobre coopera\\u00e7\\u00e3o cultural europeia - binauralmedia.org\",\"headline\":\"F\\u00f3rum Tramontana acolhe confer\\u00eancia sobre coopera\\u00e7\\u00e3o cultural europeia\",\"author\":{\"@id\":\"https:\\\/\\\/www.binauralmedia.org\\\/news\\\/arquivo\\\/author\\\/nelyferreira#author\"},\"publisher\":{\"@id\":\"https:\\\/\\\/www.binauralmedia.org\\\/news\\\/#organization\"},\"image\":{\"@type\":\"ImageObject\",\"url\":\"https:\\\/\\\/www.binauralmedia.org\\\/news\\\/wp-content\\\/uploads\\\/Loc_Incontro_La-costruzione-dellimmateriale_1200x800.jpg\",\"width\":1200,\"height\":800},\"datePublished\":\"2025-09-18T11:14:55+00:00\",\"dateModified\":\"2025-09-29T14:38:59+00:00\",\"inLanguage\":\"pt-PT\",\"mainEntityOfPage\":{\"@id\":\"https:\\\/\\\/www.binauralmedia.org\\\/news\\\/arquivo\\\/24354#webpage\"},\"isPartOf\":{\"@id\":\"https:\\\/\\\/www.binauralmedia.org\\\/news\\\/arquivo\\\/24354#webpage\"},\"articleSection\":\"Not\\u00edcias, Simp\\u00f3sios &amp; Festivais, Optional\"},{\"@type\":\"BreadcrumbList\",\"@id\":\"https:\\\/\\\/www.binauralmedia.org\\\/news\\\/arquivo\\\/24354#breadcrumblist\",\"itemListElement\":[{\"@type\":\"ListItem\",\"@id\":\"https:\\\/\\\/www.binauralmedia.org\\\/news#listItem\",\"position\":1,\"name\":\"Home\",\"item\":\"https:\\\/\\\/www.binauralmedia.org\\\/news\",\"nextItem\":{\"@type\":\"ListItem\",\"@id\":\"https:\\\/\\\/www.binauralmedia.org\\\/news\\\/arquivo\\\/category\\\/news#listItem\",\"name\":\"Not\\u00edcias\"}},{\"@type\":\"ListItem\",\"@id\":\"https:\\\/\\\/www.binauralmedia.org\\\/news\\\/arquivo\\\/category\\\/news#listItem\",\"position\":2,\"name\":\"Not\\u00edcias\",\"item\":\"https:\\\/\\\/www.binauralmedia.org\\\/news\\\/arquivo\\\/category\\\/news\",\"nextItem\":{\"@type\":\"ListItem\",\"@id\":\"https:\\\/\\\/www.binauralmedia.org\\\/news\\\/arquivo\\\/24354#listItem\",\"name\":\"F\\u00f3rum Tramontana acolhe confer\\u00eancia sobre coopera\\u00e7\\u00e3o cultural europeia\"},\"previousItem\":{\"@type\":\"ListItem\",\"@id\":\"https:\\\/\\\/www.binauralmedia.org\\\/news#listItem\",\"name\":\"Home\"}},{\"@type\":\"ListItem\",\"@id\":\"https:\\\/\\\/www.binauralmedia.org\\\/news\\\/arquivo\\\/24354#listItem\",\"position\":3,\"name\":\"F\\u00f3rum Tramontana acolhe confer\\u00eancia sobre coopera\\u00e7\\u00e3o cultural europeia\",\"previousItem\":{\"@type\":\"ListItem\",\"@id\":\"https:\\\/\\\/www.binauralmedia.org\\\/news\\\/arquivo\\\/category\\\/news#listItem\",\"name\":\"Not\\u00edcias\"}}]},{\"@type\":\"Organization\",\"@id\":\"https:\\\/\\\/www.binauralmedia.org\\\/news\\\/#organization\",\"name\":\"binauralmedia.org\",\"description\":\"Rural Based Sound\\\/Media Arts & Social Research\",\"url\":\"https:\\\/\\\/www.binauralmedia.org\\\/news\\\/\"},{\"@type\":\"Person\",\"@id\":\"https:\\\/\\\/www.binauralmedia.org\\\/news\\\/arquivo\\\/author\\\/nelyferreira#author\",\"url\":\"https:\\\/\\\/www.binauralmedia.org\\\/news\\\/arquivo\\\/author\\\/nelyferreira\",\"name\":\"Nely Ferreira\"},{\"@type\":\"WebPage\",\"@id\":\"https:\\\/\\\/www.binauralmedia.org\\\/news\\\/arquivo\\\/24354#webpage\",\"url\":\"https:\\\/\\\/www.binauralmedia.org\\\/news\\\/arquivo\\\/24354\",\"name\":\"F\\u00f3rum Tramontana acolhe confer\\u00eancia sobre coopera\\u00e7\\u00e3o cultural europeia - binauralmedia.org\",\"description\":\"A CONSTRU\\u00c7\\u00c3O DO IMATERIAL Trabalho cultural e coopera\\u00e7\\u00e3o na Europa Confer\\u00eancia Internacional 25 de setembro de 2025 9h00 - 11h30 Sal\\u00e3o multiusos, Arsita (Teramo, It\\u00e1lia) O coordenador da Binaural Nodar e da Rede Tramontana, Lu\\u00eds Costa, ser\\u00e1 um dos oradores na confer\\u00eancia internacional \\u00abLa costruzione dell\\u2019immateriale: Lavoro culturale e cooperazione in Europa\\u00bb (\\u00abA constru\\u00e7\\u00e3o do\",\"inLanguage\":\"pt-PT\",\"isPartOf\":{\"@id\":\"https:\\\/\\\/www.binauralmedia.org\\\/news\\\/#website\"},\"breadcrumb\":{\"@id\":\"https:\\\/\\\/www.binauralmedia.org\\\/news\\\/arquivo\\\/24354#breadcrumblist\"},\"author\":{\"@id\":\"https:\\\/\\\/www.binauralmedia.org\\\/news\\\/arquivo\\\/author\\\/nelyferreira#author\"},\"creator\":{\"@id\":\"https:\\\/\\\/www.binauralmedia.org\\\/news\\\/arquivo\\\/author\\\/nelyferreira#author\"},\"image\":{\"@type\":\"ImageObject\",\"url\":\"https:\\\/\\\/www.binauralmedia.org\\\/news\\\/wp-content\\\/uploads\\\/Loc_Incontro_La-costruzione-dellimmateriale_1200x800.jpg\",\"@id\":\"https:\\\/\\\/www.binauralmedia.org\\\/news\\\/arquivo\\\/24354\\\/#mainImage\",\"width\":1200,\"height\":800},\"primaryImageOfPage\":{\"@id\":\"https:\\\/\\\/www.binauralmedia.org\\\/news\\\/arquivo\\\/24354#mainImage\"},\"datePublished\":\"2025-09-18T11:14:55+00:00\",\"dateModified\":\"2025-09-29T14:38:59+00:00\"},{\"@type\":\"WebSite\",\"@id\":\"https:\\\/\\\/www.binauralmedia.org\\\/news\\\/#website\",\"url\":\"https:\\\/\\\/www.binauralmedia.org\\\/news\\\/\",\"name\":\"binauralmedia.org\",\"description\":\"Rural Based Sound\\\/Media Arts & Social Research\",\"inLanguage\":\"pt-PT\",\"publisher\":{\"@id\":\"https:\\\/\\\/www.binauralmedia.org\\\/news\\\/#organization\"}}]}\n\t\t<\/script>\n\t\t<!-- All in One SEO -->\n\n","aioseo_head_json":{"title":"F\u00f3rum Tramontana acolhe confer\u00eancia sobre coopera\u00e7\u00e3o cultural europeia - binauralmedia.org","description":"A CONSTRU\u00c7\u00c3O DO IMATERIAL Trabalho cultural e coopera\u00e7\u00e3o na Europa Confer\u00eancia Internacional 25 de setembro de 2025 9h00 - 11h30 Sal\u00e3o multiusos, Arsita (Teramo, It\u00e1lia) O coordenador da Binaural Nodar e da Rede Tramontana, Lu\u00eds Costa, ser\u00e1 um dos oradores na confer\u00eancia internacional \u00abLa costruzione dell\u2019immateriale: Lavoro culturale e cooperazione in Europa\u00bb (\u00abA constru\u00e7\u00e3o do","canonical_url":"https:\/\/www.binauralmedia.org\/news\/arquivo\/24354","robots":"max-image-preview:large","keywords":"","webmasterTools":{"miscellaneous":""},"schema":{"@context":"https:\/\/schema.org","@graph":[{"@type":"BlogPosting","@id":"https:\/\/www.binauralmedia.org\/news\/arquivo\/24354#blogposting","name":"F\u00f3rum Tramontana acolhe confer\u00eancia sobre coopera\u00e7\u00e3o cultural europeia - binauralmedia.org","headline":"F\u00f3rum Tramontana acolhe confer\u00eancia sobre coopera\u00e7\u00e3o cultural europeia","author":{"@id":"https:\/\/www.binauralmedia.org\/news\/arquivo\/author\/nelyferreira#author"},"publisher":{"@id":"https:\/\/www.binauralmedia.org\/news\/#organization"},"image":{"@type":"ImageObject","url":"https:\/\/www.binauralmedia.org\/news\/wp-content\/uploads\/Loc_Incontro_La-costruzione-dellimmateriale_1200x800.jpg","width":1200,"height":800},"datePublished":"2025-09-18T11:14:55+00:00","dateModified":"2025-09-29T14:38:59+00:00","inLanguage":"pt-PT","mainEntityOfPage":{"@id":"https:\/\/www.binauralmedia.org\/news\/arquivo\/24354#webpage"},"isPartOf":{"@id":"https:\/\/www.binauralmedia.org\/news\/arquivo\/24354#webpage"},"articleSection":"Not\u00edcias, Simp\u00f3sios &amp; Festivais, Optional"},{"@type":"BreadcrumbList","@id":"https:\/\/www.binauralmedia.org\/news\/arquivo\/24354#breadcrumblist","itemListElement":[{"@type":"ListItem","@id":"https:\/\/www.binauralmedia.org\/news#listItem","position":1,"name":"Home","item":"https:\/\/www.binauralmedia.org\/news","nextItem":{"@type":"ListItem","@id":"https:\/\/www.binauralmedia.org\/news\/arquivo\/category\/news#listItem","name":"Not\u00edcias"}},{"@type":"ListItem","@id":"https:\/\/www.binauralmedia.org\/news\/arquivo\/category\/news#listItem","position":2,"name":"Not\u00edcias","item":"https:\/\/www.binauralmedia.org\/news\/arquivo\/category\/news","nextItem":{"@type":"ListItem","@id":"https:\/\/www.binauralmedia.org\/news\/arquivo\/24354#listItem","name":"F\u00f3rum Tramontana acolhe confer\u00eancia sobre coopera\u00e7\u00e3o cultural europeia"},"previousItem":{"@type":"ListItem","@id":"https:\/\/www.binauralmedia.org\/news#listItem","name":"Home"}},{"@type":"ListItem","@id":"https:\/\/www.binauralmedia.org\/news\/arquivo\/24354#listItem","position":3,"name":"F\u00f3rum Tramontana acolhe confer\u00eancia sobre coopera\u00e7\u00e3o cultural europeia","previousItem":{"@type":"ListItem","@id":"https:\/\/www.binauralmedia.org\/news\/arquivo\/category\/news#listItem","name":"Not\u00edcias"}}]},{"@type":"Organization","@id":"https:\/\/www.binauralmedia.org\/news\/#organization","name":"binauralmedia.org","description":"Rural Based Sound\/Media Arts & Social Research","url":"https:\/\/www.binauralmedia.org\/news\/"},{"@type":"Person","@id":"https:\/\/www.binauralmedia.org\/news\/arquivo\/author\/nelyferreira#author","url":"https:\/\/www.binauralmedia.org\/news\/arquivo\/author\/nelyferreira","name":"Nely Ferreira"},{"@type":"WebPage","@id":"https:\/\/www.binauralmedia.org\/news\/arquivo\/24354#webpage","url":"https:\/\/www.binauralmedia.org\/news\/arquivo\/24354","name":"F\u00f3rum Tramontana acolhe confer\u00eancia sobre coopera\u00e7\u00e3o cultural europeia - binauralmedia.org","description":"A CONSTRU\u00c7\u00c3O DO IMATERIAL Trabalho cultural e coopera\u00e7\u00e3o na Europa Confer\u00eancia Internacional 25 de setembro de 2025 9h00 - 11h30 Sal\u00e3o multiusos, Arsita (Teramo, It\u00e1lia) O coordenador da Binaural Nodar e da Rede Tramontana, Lu\u00eds Costa, ser\u00e1 um dos oradores na confer\u00eancia internacional \u00abLa costruzione dell\u2019immateriale: Lavoro culturale e cooperazione in Europa\u00bb (\u00abA constru\u00e7\u00e3o do","inLanguage":"pt-PT","isPartOf":{"@id":"https:\/\/www.binauralmedia.org\/news\/#website"},"breadcrumb":{"@id":"https:\/\/www.binauralmedia.org\/news\/arquivo\/24354#breadcrumblist"},"author":{"@id":"https:\/\/www.binauralmedia.org\/news\/arquivo\/author\/nelyferreira#author"},"creator":{"@id":"https:\/\/www.binauralmedia.org\/news\/arquivo\/author\/nelyferreira#author"},"image":{"@type":"ImageObject","url":"https:\/\/www.binauralmedia.org\/news\/wp-content\/uploads\/Loc_Incontro_La-costruzione-dellimmateriale_1200x800.jpg","@id":"https:\/\/www.binauralmedia.org\/news\/arquivo\/24354\/#mainImage","width":1200,"height":800},"primaryImageOfPage":{"@id":"https:\/\/www.binauralmedia.org\/news\/arquivo\/24354#mainImage"},"datePublished":"2025-09-18T11:14:55+00:00","dateModified":"2025-09-29T14:38:59+00:00"},{"@type":"WebSite","@id":"https:\/\/www.binauralmedia.org\/news\/#website","url":"https:\/\/www.binauralmedia.org\/news\/","name":"binauralmedia.org","description":"Rural Based Sound\/Media Arts & Social Research","inLanguage":"pt-PT","publisher":{"@id":"https:\/\/www.binauralmedia.org\/news\/#organization"}}]},"og:locale":"pt_PT","og:site_name":"binauralmedia.org - Rural Based Sound\/Media Arts &amp; Social Research","og:type":"article","og:title":"F\u00f3rum Tramontana acolhe confer\u00eancia sobre coopera\u00e7\u00e3o cultural europeia - binauralmedia.org","og:description":"A CONSTRU\u00c7\u00c3O DO IMATERIAL Trabalho cultural e coopera\u00e7\u00e3o na Europa Confer\u00eancia Internacional 25 de setembro de 2025 9h00 - 11h30 Sal\u00e3o multiusos, Arsita (Teramo, It\u00e1lia) O coordenador da Binaural Nodar e da Rede Tramontana, Lu\u00eds Costa, ser\u00e1 um dos oradores na confer\u00eancia internacional \u00abLa costruzione dell\u2019immateriale: Lavoro culturale e cooperazione in Europa\u00bb (\u00abA constru\u00e7\u00e3o do","og:url":"https:\/\/www.binauralmedia.org\/news\/arquivo\/24354","article:published_time":"2025-09-18T11:14:55+00:00","article:modified_time":"2025-09-29T14:38:59+00:00","twitter:card":"summary_large_image","twitter:title":"F\u00f3rum Tramontana acolhe confer\u00eancia sobre coopera\u00e7\u00e3o cultural europeia - binauralmedia.org","twitter:description":"A CONSTRU\u00c7\u00c3O DO IMATERIAL Trabalho cultural e coopera\u00e7\u00e3o na Europa Confer\u00eancia Internacional 25 de setembro de 2025 9h00 - 11h30 Sal\u00e3o multiusos, Arsita (Teramo, It\u00e1lia) O coordenador da Binaural Nodar e da Rede Tramontana, Lu\u00eds Costa, ser\u00e1 um dos oradores na confer\u00eancia internacional \u00abLa costruzione dell\u2019immateriale: Lavoro culturale e cooperazione in Europa\u00bb (\u00abA constru\u00e7\u00e3o do"},"aioseo_meta_data":{"post_id":"24354","title":null,"description":null,"keywords":null,"keyphrases":null,"primary_term":null,"canonical_url":null,"og_title":null,"og_description":null,"og_object_type":"default","og_image_type":"default","og_image_custom_url":null,"og_image_custom_fields":null,"og_image_url":null,"og_image_width":null,"og_image_height":null,"og_video":null,"og_custom_url":null,"og_article_section":null,"og_article_tags":null,"twitter_use_og":false,"twitter_card":"default","twitter_image_type":"default","twitter_image_custom_url":null,"twitter_image_custom_fields":null,"twitter_image_url":null,"twitter_title":null,"twitter_description":null,"schema_type":"default","schema_type_options":null,"schema":{"blockGraphs":[],"customGraphs":[],"default":{"data":{"Article":[],"Course":[],"Dataset":[],"FAQPage":[],"Movie":[],"Person":[],"Product":[],"ProductReview":[],"Car":[],"Recipe":[],"Service":[],"SoftwareApplication":[],"WebPage":[]},"graphName":"","isEnabled":true},"graphs":[]},"pillar_content":false,"robots_default":true,"robots_noindex":false,"robots_noarchive":false,"robots_nosnippet":false,"robots_nofollow":false,"robots_noimageindex":false,"robots_noodp":false,"robots_notranslate":false,"robots_max_snippet":null,"robots_max_videopreview":null,"robots_max_imagepreview":"large","priority":null,"frequency":null,"local_seo":null,"limit_modified_date":false,"ai":null,"breadcrumb_settings":null,"seo_analyzer_scan_date":null,"created":"2026-08-05 08:18:19","updated":"2026-08-05 08:18:19","focus_keyword":null,"additional_keywords":null,"truseo_locale":null},"aioseo_breadcrumb":"<div class=\"aioseo-breadcrumbs\"><span class=\"aioseo-breadcrumb\">\n\t\t\t<a href=\"https:\/\/www.binauralmedia.org\/news\" title=\"Home\">Home<\/a>\n\t\t<\/span><span class=\"aioseo-breadcrumb-separator\">&raquo;<\/span><span class=\"aioseo-breadcrumb\">\n\t\t\t<a href=\"https:\/\/www.binauralmedia.org\/news\/arquivo\/category\/news\" title=\"Not\u00edcias\">Not\u00edcias<\/a>\n\t\t<\/span><span class=\"aioseo-breadcrumb-separator\">&raquo;<\/span><span class=\"aioseo-breadcrumb\">\n\t\t\tF\u00f3rum Tramontana acolhe confer\u00eancia sobre coopera\u00e7\u00e3o cultural europeia\n\t\t<\/span><\/div>","aioseo_breadcrumb_json":[{"label":"Home","link":"https:\/\/www.binauralmedia.org\/news"},{"label":"Not\u00edcias","link":"https:\/\/www.binauralmedia.org\/news\/arquivo\/category\/news"},{"label":"F\u00f3rum Tramontana acolhe confer\u00eancia sobre coopera\u00e7\u00e3o cultural europeia","link":"https:\/\/www.binauralmedia.org\/news\/arquivo\/24354"}],"_links":{"self":[{"href":"https:\/\/www.binauralmedia.org\/news\/wp-json\/wp\/v2\/posts\/24354","targetHints":{"allow":["GET"]}}],"collection":[{"href":"https:\/\/www.binauralmedia.org\/news\/wp-json\/wp\/v2\/posts"}],"about":[{"href":"https:\/\/www.binauralmedia.org\/news\/wp-json\/wp\/v2\/types\/post"}],"author":[{"embeddable":true,"href":"https:\/\/www.binauralmedia.org\/news\/wp-json\/wp\/v2\/users\/8"}],"replies":[{"embeddable":true,"href":"https:\/\/www.binauralmedia.org\/news\/wp-json\/wp\/v2\/comments?post=24354"}],"version-history":[{"count":1,"href":"https:\/\/www.binauralmedia.org\/news\/wp-json\/wp\/v2\/posts\/24354\/revisions"}],"predecessor-version":[{"id":24357,"href":"https:\/\/www.binauralmedia.org\/news\/wp-json\/wp\/v2\/posts\/24354\/revisions\/24357"}],"wp:featuredmedia":[{"embeddable":true,"href":"https:\/\/www.binauralmedia.org\/news\/wp-json\/wp\/v2\/media\/24355"}],"wp:attachment":[{"href":"https:\/\/www.binauralmedia.org\/news\/wp-json\/wp\/v2\/media?parent=24354"}],"wp:term":[{"taxonomy":"category","embeddable":true,"href":"https:\/\/www.binauralmedia.org\/news\/wp-json\/wp\/v2\/categories?post=24354"},{"taxonomy":"post_tag","embeddable":true,"href":"https:\/\/www.binauralmedia.org\/news\/wp-json\/wp\/v2\/tags?post=24354"}],"curies":[{"name":"wp","href":"https:\/\/api.w.org\/{rel}","templated":true}]}}