{"id":24230,"date":"2025-09-09T15:32:04","date_gmt":"2025-09-09T15:32:04","guid":{"rendered":"https:\/\/www.binauralmedia.org\/news?p=24230"},"modified":"2025-09-15T16:12:49","modified_gmt":"2025-09-15T16:12:49","slug":"24230","status":"publish","type":"post","link":"https:\/\/www.binauralmedia.org\/news\/arquivo\/24230","title":{"rendered":"L\u00e3, Pis\u00e3o e Burel, um evento comunit\u00e1rio"},"content":{"rendered":"<div class=\"fusion-fullwidth fullwidth-box fusion-builder-row-1 fusion-flex-container nonhundred-percent-fullwidth non-hundred-percent-height-scrolling\" style=\"--awb-border-radius-top-left:0px;--awb-border-radius-top-right:0px;--awb-border-radius-bottom-right:0px;--awb-border-radius-bottom-left:0px;--awb-flex-wrap:wrap;\" ><div class=\"fusion-builder-row fusion-row fusion-flex-align-items-flex-start fusion-flex-content-wrap\" style=\"max-width:1144px;margin-left: calc(-4% \/ 2 );margin-right: calc(-4% \/ 2 );\"><div class=\"fusion-layout-column fusion_builder_column fusion-builder-column-0 fusion_builder_column_1_1 1_1 fusion-flex-column\" style=\"--awb-bg-size:cover;--awb-width-large:100%;--awb-margin-top-large:0px;--awb-spacing-right-large:1.92%;--awb-margin-bottom-large:0px;--awb-spacing-left-large:1.92%;--awb-width-medium:100%;--awb-spacing-right-medium:1.92%;--awb-spacing-left-medium:1.92%;--awb-width-small:100%;--awb-spacing-right-small:1.92%;--awb-spacing-left-small:1.92%;\"><div class=\"fusion-column-wrapper fusion-flex-justify-content-flex-start fusion-content-layout-column\"><div class=\"fusion-text fusion-text-1\"><p>L\u00c3, PIS\u00c3O, BUREL<br \/>\nEvento Comunit\u00e1rio<\/p>\n<p>S\u00e1bado, 20 de setembro, 9h30 &#8211; 13h30<br \/>\nParadu\u00e7a (Calde, Viseu)<\/p>\n<p>Ponto de Encontro:<br \/>\nOficina do Ferreiro<br \/>\n(Travessa do Ferreiro, Paradu\u00e7a)<\/p>\n<p>Uma iniciativa da Associa\u00e7\u00e3o Social, Cultural, Desportiva e Recreativa de Paradu\u00e7a em colabora\u00e7\u00e3o com a Junta de Freguesia de Calde, o Munic\u00edpio de Viseu e a Binaural Nodar.<br \/>\nEsta atividade est\u00e1 ainda integrada no programa cultural da Rede Tramontana, um projeto cofinanciado pelo Programa Europa Criativa, assim como nas iniciativas oficiais das Jornadas Europeias do Patrim\u00f3nio de 2025.<\/p>\n<p>A Associa\u00e7\u00e3o Social, Cultural, Desportiva e Recreativa de Paradu\u00e7a levou a cabo nos \u00faltimos anos a requalifica\u00e7\u00e3o de um edif\u00edcio com alto valor patrimonial: um pis\u00e3o situado na margem do rio Vouga junto \u00e0 aldeia de Paradu\u00e7a. O pis\u00e3o \u00e9 edif\u00edcio com um mecanismo rotativo em madeira que serve para a elabora\u00e7\u00e3o do burel, tecidos de l\u00e3 imperme\u00e1veis com os quais se faziam antigamente as tradicionais capuchas.<\/p>\n<p>Ao longo dos \u00faltimos meses, foram desenvolvidas na aldeia uma s\u00e9rie de atividades de dinamiza\u00e7\u00e3o comunit\u00e1ria, incluindo recolhas sobre o papel da l\u00e3 e do burel e sobre a hist\u00f3ria do pis\u00e3o, um passeio sonoro e visitas de interpreta\u00e7\u00e3o a outros elementos arquitect\u00f3nicos da aldeia, como a Oficina do Ferreiro recuperada h\u00e1 alguns anos como espa\u00e7o museol\u00f3gico.<\/p>\n<p>A atividade \u201cL\u00e3, Pis\u00e3o, Burel\u201d representa o culminar do referido programa de atividades, incluindo uma visita \u00e0 oficina do ferreiro, um passeio pela aldeia e at\u00e9 \u00e0s margens do rio Vouga, uma visita interpretava sobre o funcionamento do pis\u00e3o, uma instala\u00e7\u00e3o audiovisual intitulada \u201cL\u00e3, Pis\u00e3o, Burel\u201d, a qual expressa numa narrativa contempor\u00e2nea o ciclo de recolhas audiovisuais efetuadas, uma exposi\u00e7\u00e3o de tecidos em l\u00e3 e em burel da comunidade local, terminando o evento com um momento de conv\u00edvio gastron\u00f3mico com a popula\u00e7\u00e3o local. <\/p>\n<p>O evento \u00e9 gratuito, n\u00e3o necessitando de reserva, bastando aparecer \u00e0s 9h30 na Travessa do Ferreiro de Paradu\u00e7a.<\/p>\n<p>A Binaural Nodar \u00e9 uma entidade cultural apoiada pela Rep\u00fablica Portuguesa &#8211; Cultura, Juventude e Desporto | Dire\u00e7\u00e3o-Geral das Artes.<\/p>\n<\/div><\/div><\/div><\/div><\/div>\n","protected":false},"excerpt":{"rendered":"","protected":false},"author":8,"featured_media":24231,"comment_status":"closed","ping_status":"closed","sticky":false,"template":"","format":"standard","meta":{"_acf_changed":false,"_bbp_topic_count":0,"_bbp_reply_count":0,"_bbp_total_topic_count":0,"_bbp_total_reply_count":0,"_bbp_voice_count":0,"_bbp_anonymous_reply_count":0,"_bbp_topic_count_hidden":0,"_bbp_reply_count_hidden":0,"_bbp_forum_subforum_count":0,"footnotes":""},"categories":[1,1159],"tags":[],"class_list":["post-24230","post","type-post","status-publish","format-standard","has-post-thumbnail","hentry","category-news","category-educational-programme"],"acf":[],"aioseo_notices":[],"aioseo_head":"\n\t\t<!-- All in One SEO 5.0.1.1 - aioseo.com -->\n\t<meta name=\"description\" content=\"L\u00c3, PIS\u00c3O, BUREL Evento Comunit\u00e1rio S\u00e1bado, 20 de setembro, 9h30 \u2013 13h30 Paradu\u00e7a (Calde, Viseu) Ponto de Encontro: Oficina do Ferreiro (Travessa do Ferreiro, Paradu\u00e7a) Uma iniciativa da Associa\u00e7\u00e3o Social, Cultural, Desportiva e Recreativa de Paradu\u00e7a em colabora\u00e7\u00e3o com a Junta de Freguesia de Calde, o Munic\u00edpio de Viseu e a Binaural Nodar. Esta atividade\" \/>\n\t<meta name=\"robots\" content=\"max-image-preview:large\" \/>\n\t<meta name=\"author\" content=\"Nely Ferreira\"\/>\n\t<link rel=\"canonical\" href=\"https:\/\/www.binauralmedia.org\/news\/arquivo\/24230\" \/>\n\t<meta name=\"generator\" content=\"All in One SEO (AIOSEO) 5.0.1.1\" \/>\n\t\t<meta property=\"og:locale\" content=\"pt_PT\" \/>\n\t\t<meta property=\"og:site_name\" content=\"binauralmedia.org - Rural Based Sound\/Media Arts &amp; Social Research\" \/>\n\t\t<meta property=\"og:type\" content=\"article\" \/>\n\t\t<meta property=\"og:title\" content=\"L\u00e3, Pis\u00e3o e Burel, um evento comunit\u00e1rio - binauralmedia.org\" \/>\n\t\t<meta property=\"og:description\" content=\"L\u00c3, PIS\u00c3O, BUREL Evento Comunit\u00e1rio S\u00e1bado, 20 de setembro, 9h30 \u2013 13h30 Paradu\u00e7a (Calde, Viseu) Ponto de Encontro: Oficina do Ferreiro (Travessa do Ferreiro, Paradu\u00e7a) Uma iniciativa da Associa\u00e7\u00e3o Social, Cultural, Desportiva e Recreativa de Paradu\u00e7a em colabora\u00e7\u00e3o com a Junta de Freguesia de Calde, o Munic\u00edpio de Viseu e a Binaural Nodar. Esta atividade\" \/>\n\t\t<meta property=\"og:url\" content=\"https:\/\/www.binauralmedia.org\/news\/arquivo\/24230\" \/>\n\t\t<meta property=\"article:published_time\" content=\"2025-09-09T15:32:04+00:00\" \/>\n\t\t<meta property=\"article:modified_time\" content=\"2025-09-15T16:12:49+00:00\" \/>\n\t\t<meta name=\"twitter:card\" content=\"summary_large_image\" \/>\n\t\t<meta name=\"twitter:title\" content=\"L\u00e3, Pis\u00e3o e Burel, um evento comunit\u00e1rio - binauralmedia.org\" \/>\n\t\t<meta name=\"twitter:description\" content=\"L\u00c3, PIS\u00c3O, BUREL Evento Comunit\u00e1rio S\u00e1bado, 20 de setembro, 9h30 \u2013 13h30 Paradu\u00e7a (Calde, Viseu) Ponto de Encontro: Oficina do Ferreiro (Travessa do Ferreiro, Paradu\u00e7a) Uma iniciativa da Associa\u00e7\u00e3o Social, Cultural, Desportiva e Recreativa de Paradu\u00e7a em colabora\u00e7\u00e3o com a Junta de Freguesia de Calde, o Munic\u00edpio de Viseu e a Binaural Nodar. Esta atividade\" \/>\n\t\t<script type=\"application\/ld+json\" class=\"aioseo-schema\">\n\t\t\t{\"@context\":\"https:\\\/\\\/schema.org\",\"@graph\":[{\"@type\":\"BlogPosting\",\"@id\":\"https:\\\/\\\/www.binauralmedia.org\\\/news\\\/arquivo\\\/24230#blogposting\",\"name\":\"L\\u00e3, Pis\\u00e3o e Burel, um evento comunit\\u00e1rio - binauralmedia.org\",\"headline\":\"L\\u00e3, Pis\\u00e3o e Burel, um evento comunit\\u00e1rio\",\"author\":{\"@id\":\"https:\\\/\\\/www.binauralmedia.org\\\/news\\\/arquivo\\\/author\\\/nelyferreira#author\"},\"publisher\":{\"@id\":\"https:\\\/\\\/www.binauralmedia.org\\\/news\\\/#organization\"},\"image\":{\"@type\":\"ImageObject\",\"url\":\"https:\\\/\\\/www.binauralmedia.org\\\/news\\\/wp-content\\\/uploads\\\/1200x800-10.png\",\"width\":1200,\"height\":800},\"datePublished\":\"2025-09-09T15:32:04+00:00\",\"dateModified\":\"2025-09-15T16:12:49+00:00\",\"inLanguage\":\"pt-PT\",\"mainEntityOfPage\":{\"@id\":\"https:\\\/\\\/www.binauralmedia.org\\\/news\\\/arquivo\\\/24230#webpage\"},\"isPartOf\":{\"@id\":\"https:\\\/\\\/www.binauralmedia.org\\\/news\\\/arquivo\\\/24230#webpage\"},\"articleSection\":\"Not\\u00edcias, Programa Educativo, Optional\"},{\"@type\":\"BreadcrumbList\",\"@id\":\"https:\\\/\\\/www.binauralmedia.org\\\/news\\\/arquivo\\\/24230#breadcrumblist\",\"itemListElement\":[{\"@type\":\"ListItem\",\"@id\":\"https:\\\/\\\/www.binauralmedia.org\\\/news#listItem\",\"position\":1,\"name\":\"Home\",\"item\":\"https:\\\/\\\/www.binauralmedia.org\\\/news\",\"nextItem\":{\"@type\":\"ListItem\",\"@id\":\"https:\\\/\\\/www.binauralmedia.org\\\/news\\\/arquivo\\\/category\\\/news#listItem\",\"name\":\"Not\\u00edcias\"}},{\"@type\":\"ListItem\",\"@id\":\"https:\\\/\\\/www.binauralmedia.org\\\/news\\\/arquivo\\\/category\\\/news#listItem\",\"position\":2,\"name\":\"Not\\u00edcias\",\"item\":\"https:\\\/\\\/www.binauralmedia.org\\\/news\\\/arquivo\\\/category\\\/news\",\"nextItem\":{\"@type\":\"ListItem\",\"@id\":\"https:\\\/\\\/www.binauralmedia.org\\\/news\\\/arquivo\\\/24230#listItem\",\"name\":\"L\\u00e3, Pis\\u00e3o e Burel, um evento comunit\\u00e1rio\"},\"previousItem\":{\"@type\":\"ListItem\",\"@id\":\"https:\\\/\\\/www.binauralmedia.org\\\/news#listItem\",\"name\":\"Home\"}},{\"@type\":\"ListItem\",\"@id\":\"https:\\\/\\\/www.binauralmedia.org\\\/news\\\/arquivo\\\/24230#listItem\",\"position\":3,\"name\":\"L\\u00e3, Pis\\u00e3o e Burel, um evento comunit\\u00e1rio\",\"previousItem\":{\"@type\":\"ListItem\",\"@id\":\"https:\\\/\\\/www.binauralmedia.org\\\/news\\\/arquivo\\\/category\\\/news#listItem\",\"name\":\"Not\\u00edcias\"}}]},{\"@type\":\"Organization\",\"@id\":\"https:\\\/\\\/www.binauralmedia.org\\\/news\\\/#organization\",\"name\":\"binauralmedia.org\",\"description\":\"Rural Based Sound\\\/Media Arts & Social Research\",\"url\":\"https:\\\/\\\/www.binauralmedia.org\\\/news\\\/\"},{\"@type\":\"Person\",\"@id\":\"https:\\\/\\\/www.binauralmedia.org\\\/news\\\/arquivo\\\/author\\\/nelyferreira#author\",\"url\":\"https:\\\/\\\/www.binauralmedia.org\\\/news\\\/arquivo\\\/author\\\/nelyferreira\",\"name\":\"Nely Ferreira\"},{\"@type\":\"WebPage\",\"@id\":\"https:\\\/\\\/www.binauralmedia.org\\\/news\\\/arquivo\\\/24230#webpage\",\"url\":\"https:\\\/\\\/www.binauralmedia.org\\\/news\\\/arquivo\\\/24230\",\"name\":\"L\\u00e3, Pis\\u00e3o e Burel, um evento comunit\\u00e1rio - binauralmedia.org\",\"description\":\"L\\u00c3, PIS\\u00c3O, BUREL Evento Comunit\\u00e1rio S\\u00e1bado, 20 de setembro, 9h30 \\u2013 13h30 Paradu\\u00e7a (Calde, Viseu) Ponto de Encontro: Oficina do Ferreiro (Travessa do Ferreiro, Paradu\\u00e7a) Uma iniciativa da Associa\\u00e7\\u00e3o Social, Cultural, Desportiva e Recreativa de Paradu\\u00e7a em colabora\\u00e7\\u00e3o com a Junta de Freguesia de Calde, o Munic\\u00edpio de Viseu e a Binaural Nodar. Esta atividade\",\"inLanguage\":\"pt-PT\",\"isPartOf\":{\"@id\":\"https:\\\/\\\/www.binauralmedia.org\\\/news\\\/#website\"},\"breadcrumb\":{\"@id\":\"https:\\\/\\\/www.binauralmedia.org\\\/news\\\/arquivo\\\/24230#breadcrumblist\"},\"author\":{\"@id\":\"https:\\\/\\\/www.binauralmedia.org\\\/news\\\/arquivo\\\/author\\\/nelyferreira#author\"},\"creator\":{\"@id\":\"https:\\\/\\\/www.binauralmedia.org\\\/news\\\/arquivo\\\/author\\\/nelyferreira#author\"},\"image\":{\"@type\":\"ImageObject\",\"url\":\"https:\\\/\\\/www.binauralmedia.org\\\/news\\\/wp-content\\\/uploads\\\/1200x800-10.png\",\"@id\":\"https:\\\/\\\/www.binauralmedia.org\\\/news\\\/arquivo\\\/24230\\\/#mainImage\",\"width\":1200,\"height\":800},\"primaryImageOfPage\":{\"@id\":\"https:\\\/\\\/www.binauralmedia.org\\\/news\\\/arquivo\\\/24230#mainImage\"},\"datePublished\":\"2025-09-09T15:32:04+00:00\",\"dateModified\":\"2025-09-15T16:12:49+00:00\"},{\"@type\":\"WebSite\",\"@id\":\"https:\\\/\\\/www.binauralmedia.org\\\/news\\\/#website\",\"url\":\"https:\\\/\\\/www.binauralmedia.org\\\/news\\\/\",\"name\":\"binauralmedia.org\",\"description\":\"Rural Based Sound\\\/Media Arts & Social Research\",\"inLanguage\":\"pt-PT\",\"publisher\":{\"@id\":\"https:\\\/\\\/www.binauralmedia.org\\\/news\\\/#organization\"}}]}\n\t\t<\/script>\n\t\t<!-- All in One SEO -->\n\n","aioseo_head_json":{"title":"L\u00e3, Pis\u00e3o e Burel, um evento comunit\u00e1rio - binauralmedia.org","description":"L\u00c3, PIS\u00c3O, BUREL Evento Comunit\u00e1rio S\u00e1bado, 20 de setembro, 9h30 \u2013 13h30 Paradu\u00e7a (Calde, Viseu) Ponto de Encontro: Oficina do Ferreiro (Travessa do Ferreiro, Paradu\u00e7a) Uma iniciativa da Associa\u00e7\u00e3o Social, Cultural, Desportiva e Recreativa de Paradu\u00e7a em colabora\u00e7\u00e3o com a Junta de Freguesia de Calde, o Munic\u00edpio de Viseu e a Binaural Nodar. Esta atividade","canonical_url":"https:\/\/www.binauralmedia.org\/news\/arquivo\/24230","robots":"max-image-preview:large","keywords":"","webmasterTools":{"miscellaneous":""},"schema":{"@context":"https:\/\/schema.org","@graph":[{"@type":"BlogPosting","@id":"https:\/\/www.binauralmedia.org\/news\/arquivo\/24230#blogposting","name":"L\u00e3, Pis\u00e3o e Burel, um evento comunit\u00e1rio - binauralmedia.org","headline":"L\u00e3, Pis\u00e3o e Burel, um evento comunit\u00e1rio","author":{"@id":"https:\/\/www.binauralmedia.org\/news\/arquivo\/author\/nelyferreira#author"},"publisher":{"@id":"https:\/\/www.binauralmedia.org\/news\/#organization"},"image":{"@type":"ImageObject","url":"https:\/\/www.binauralmedia.org\/news\/wp-content\/uploads\/1200x800-10.png","width":1200,"height":800},"datePublished":"2025-09-09T15:32:04+00:00","dateModified":"2025-09-15T16:12:49+00:00","inLanguage":"pt-PT","mainEntityOfPage":{"@id":"https:\/\/www.binauralmedia.org\/news\/arquivo\/24230#webpage"},"isPartOf":{"@id":"https:\/\/www.binauralmedia.org\/news\/arquivo\/24230#webpage"},"articleSection":"Not\u00edcias, Programa Educativo, Optional"},{"@type":"BreadcrumbList","@id":"https:\/\/www.binauralmedia.org\/news\/arquivo\/24230#breadcrumblist","itemListElement":[{"@type":"ListItem","@id":"https:\/\/www.binauralmedia.org\/news#listItem","position":1,"name":"Home","item":"https:\/\/www.binauralmedia.org\/news","nextItem":{"@type":"ListItem","@id":"https:\/\/www.binauralmedia.org\/news\/arquivo\/category\/news#listItem","name":"Not\u00edcias"}},{"@type":"ListItem","@id":"https:\/\/www.binauralmedia.org\/news\/arquivo\/category\/news#listItem","position":2,"name":"Not\u00edcias","item":"https:\/\/www.binauralmedia.org\/news\/arquivo\/category\/news","nextItem":{"@type":"ListItem","@id":"https:\/\/www.binauralmedia.org\/news\/arquivo\/24230#listItem","name":"L\u00e3, Pis\u00e3o e Burel, um evento comunit\u00e1rio"},"previousItem":{"@type":"ListItem","@id":"https:\/\/www.binauralmedia.org\/news#listItem","name":"Home"}},{"@type":"ListItem","@id":"https:\/\/www.binauralmedia.org\/news\/arquivo\/24230#listItem","position":3,"name":"L\u00e3, Pis\u00e3o e Burel, um evento comunit\u00e1rio","previousItem":{"@type":"ListItem","@id":"https:\/\/www.binauralmedia.org\/news\/arquivo\/category\/news#listItem","name":"Not\u00edcias"}}]},{"@type":"Organization","@id":"https:\/\/www.binauralmedia.org\/news\/#organization","name":"binauralmedia.org","description":"Rural Based Sound\/Media Arts & Social Research","url":"https:\/\/www.binauralmedia.org\/news\/"},{"@type":"Person","@id":"https:\/\/www.binauralmedia.org\/news\/arquivo\/author\/nelyferreira#author","url":"https:\/\/www.binauralmedia.org\/news\/arquivo\/author\/nelyferreira","name":"Nely Ferreira"},{"@type":"WebPage","@id":"https:\/\/www.binauralmedia.org\/news\/arquivo\/24230#webpage","url":"https:\/\/www.binauralmedia.org\/news\/arquivo\/24230","name":"L\u00e3, Pis\u00e3o e Burel, um evento comunit\u00e1rio - binauralmedia.org","description":"L\u00c3, PIS\u00c3O, BUREL Evento Comunit\u00e1rio S\u00e1bado, 20 de setembro, 9h30 \u2013 13h30 Paradu\u00e7a (Calde, Viseu) Ponto de Encontro: Oficina do Ferreiro (Travessa do Ferreiro, Paradu\u00e7a) Uma iniciativa da Associa\u00e7\u00e3o Social, Cultural, Desportiva e Recreativa de Paradu\u00e7a em colabora\u00e7\u00e3o com a Junta de Freguesia de Calde, o Munic\u00edpio de Viseu e a Binaural Nodar. Esta atividade","inLanguage":"pt-PT","isPartOf":{"@id":"https:\/\/www.binauralmedia.org\/news\/#website"},"breadcrumb":{"@id":"https:\/\/www.binauralmedia.org\/news\/arquivo\/24230#breadcrumblist"},"author":{"@id":"https:\/\/www.binauralmedia.org\/news\/arquivo\/author\/nelyferreira#author"},"creator":{"@id":"https:\/\/www.binauralmedia.org\/news\/arquivo\/author\/nelyferreira#author"},"image":{"@type":"ImageObject","url":"https:\/\/www.binauralmedia.org\/news\/wp-content\/uploads\/1200x800-10.png","@id":"https:\/\/www.binauralmedia.org\/news\/arquivo\/24230\/#mainImage","width":1200,"height":800},"primaryImageOfPage":{"@id":"https:\/\/www.binauralmedia.org\/news\/arquivo\/24230#mainImage"},"datePublished":"2025-09-09T15:32:04+00:00","dateModified":"2025-09-15T16:12:49+00:00"},{"@type":"WebSite","@id":"https:\/\/www.binauralmedia.org\/news\/#website","url":"https:\/\/www.binauralmedia.org\/news\/","name":"binauralmedia.org","description":"Rural Based Sound\/Media Arts & Social Research","inLanguage":"pt-PT","publisher":{"@id":"https:\/\/www.binauralmedia.org\/news\/#organization"}}]},"og:locale":"pt_PT","og:site_name":"binauralmedia.org - Rural Based Sound\/Media Arts &amp; Social Research","og:type":"article","og:title":"L\u00e3, Pis\u00e3o e Burel, um evento comunit\u00e1rio - binauralmedia.org","og:description":"L\u00c3, PIS\u00c3O, BUREL Evento Comunit\u00e1rio S\u00e1bado, 20 de setembro, 9h30 \u2013 13h30 Paradu\u00e7a (Calde, Viseu) Ponto de Encontro: Oficina do Ferreiro (Travessa do Ferreiro, Paradu\u00e7a) Uma iniciativa da Associa\u00e7\u00e3o Social, Cultural, Desportiva e Recreativa de Paradu\u00e7a em colabora\u00e7\u00e3o com a Junta de Freguesia de Calde, o Munic\u00edpio de Viseu e a Binaural Nodar. Esta atividade","og:url":"https:\/\/www.binauralmedia.org\/news\/arquivo\/24230","article:published_time":"2025-09-09T15:32:04+00:00","article:modified_time":"2025-09-15T16:12:49+00:00","twitter:card":"summary_large_image","twitter:title":"L\u00e3, Pis\u00e3o e Burel, um evento comunit\u00e1rio - binauralmedia.org","twitter:description":"L\u00c3, PIS\u00c3O, BUREL Evento Comunit\u00e1rio S\u00e1bado, 20 de setembro, 9h30 \u2013 13h30 Paradu\u00e7a (Calde, Viseu) Ponto de Encontro: Oficina do Ferreiro (Travessa do Ferreiro, Paradu\u00e7a) Uma iniciativa da Associa\u00e7\u00e3o Social, Cultural, Desportiva e Recreativa de Paradu\u00e7a em colabora\u00e7\u00e3o com a Junta de Freguesia de Calde, o Munic\u00edpio de Viseu e a Binaural Nodar. Esta atividade"},"aioseo_meta_data":{"post_id":"24230","title":null,"description":null,"keywords":null,"keyphrases":null,"primary_term":null,"canonical_url":null,"og_title":null,"og_description":null,"og_object_type":"default","og_image_type":"default","og_image_custom_url":null,"og_image_custom_fields":null,"og_image_url":null,"og_image_width":null,"og_image_height":null,"og_video":null,"og_custom_url":null,"og_article_section":null,"og_article_tags":null,"twitter_use_og":false,"twitter_card":"default","twitter_image_type":"default","twitter_image_custom_url":null,"twitter_image_custom_fields":null,"twitter_image_url":null,"twitter_title":null,"twitter_description":null,"schema_type":"default","schema_type_options":null,"schema":{"blockGraphs":[],"customGraphs":[],"default":{"data":{"Article":[],"Course":[],"Dataset":[],"FAQPage":[],"Movie":[],"Person":[],"Product":[],"ProductReview":[],"Car":[],"Recipe":[],"Service":[],"SoftwareApplication":[],"WebPage":[]},"graphName":"","isEnabled":true},"graphs":[]},"pillar_content":false,"robots_default":true,"robots_noindex":false,"robots_noarchive":false,"robots_nosnippet":false,"robots_nofollow":false,"robots_noimageindex":false,"robots_noodp":false,"robots_notranslate":false,"robots_max_snippet":null,"robots_max_videopreview":null,"robots_max_imagepreview":"large","priority":null,"frequency":null,"local_seo":null,"limit_modified_date":false,"ai":null,"breadcrumb_settings":null,"seo_analyzer_scan_date":null,"created":"2026-08-05 08:15:57","updated":"2026-08-05 08:15:57","focus_keyword":null,"additional_keywords":null,"truseo_locale":null},"aioseo_breadcrumb":"<div class=\"aioseo-breadcrumbs\"><span class=\"aioseo-breadcrumb\">\n\t\t\t<a href=\"https:\/\/www.binauralmedia.org\/news\" title=\"Home\">Home<\/a>\n\t\t<\/span><span class=\"aioseo-breadcrumb-separator\">&raquo;<\/span><span class=\"aioseo-breadcrumb\">\n\t\t\t<a href=\"https:\/\/www.binauralmedia.org\/news\/arquivo\/category\/news\" title=\"Not\u00edcias\">Not\u00edcias<\/a>\n\t\t<\/span><span class=\"aioseo-breadcrumb-separator\">&raquo;<\/span><span class=\"aioseo-breadcrumb\">\n\t\t\tL\u00e3, Pis\u00e3o e Burel, um evento comunit\u00e1rio\n\t\t<\/span><\/div>","aioseo_breadcrumb_json":[{"label":"Home","link":"https:\/\/www.binauralmedia.org\/news"},{"label":"Not\u00edcias","link":"https:\/\/www.binauralmedia.org\/news\/arquivo\/category\/news"},{"label":"L\u00e3, Pis\u00e3o e Burel, um evento comunit\u00e1rio","link":"https:\/\/www.binauralmedia.org\/news\/arquivo\/24230"}],"_links":{"self":[{"href":"https:\/\/www.binauralmedia.org\/news\/wp-json\/wp\/v2\/posts\/24230","targetHints":{"allow":["GET"]}}],"collection":[{"href":"https:\/\/www.binauralmedia.org\/news\/wp-json\/wp\/v2\/posts"}],"about":[{"href":"https:\/\/www.binauralmedia.org\/news\/wp-json\/wp\/v2\/types\/post"}],"author":[{"embeddable":true,"href":"https:\/\/www.binauralmedia.org\/news\/wp-json\/wp\/v2\/users\/8"}],"replies":[{"embeddable":true,"href":"https:\/\/www.binauralmedia.org\/news\/wp-json\/wp\/v2\/comments?post=24230"}],"version-history":[{"count":3,"href":"https:\/\/www.binauralmedia.org\/news\/wp-json\/wp\/v2\/posts\/24230\/revisions"}],"predecessor-version":[{"id":24246,"href":"https:\/\/www.binauralmedia.org\/news\/wp-json\/wp\/v2\/posts\/24230\/revisions\/24246"}],"wp:featuredmedia":[{"embeddable":true,"href":"https:\/\/www.binauralmedia.org\/news\/wp-json\/wp\/v2\/media\/24231"}],"wp:attachment":[{"href":"https:\/\/www.binauralmedia.org\/news\/wp-json\/wp\/v2\/media?parent=24230"}],"wp:term":[{"taxonomy":"category","embeddable":true,"href":"https:\/\/www.binauralmedia.org\/news\/wp-json\/wp\/v2\/categories?post=24230"},{"taxonomy":"post_tag","embeddable":true,"href":"https:\/\/www.binauralmedia.org\/news\/wp-json\/wp\/v2\/tags?post=24230"}],"curies":[{"name":"wp","href":"https:\/\/api.w.org\/{rel}","templated":true}]}}