{"id":24225,"date":"2025-08-30T15:26:17","date_gmt":"2025-08-30T15:26:17","guid":{"rendered":"https:\/\/www.binauralmedia.org\/news?p=24225"},"modified":"2025-09-15T15:30:45","modified_gmt":"2025-09-15T15:30:45","slug":"uma-manha-com-o-barro-negro","status":"publish","type":"post","link":"https:\/\/www.binauralmedia.org\/news\/arquivo\/24225","title":{"rendered":"Uma manh\u00e3 com o Barro Negro"},"content":{"rendered":"<p>UMA MANH\u00c3 COM O BARRO NEGRO<br \/>\nEvento Comunit\u00e1rio<\/p>\n<p>Domingo, 7 de setembro entre as 10h00 e as 13h00<br \/>\nOficina do Barro Negro de Ribolhos (Antiga Escola Prim\u00e1ria)<br \/>\nRibolhos (Castro Daire)<\/p>\n<p>Programa:<br \/>\n10h00: Rota pedestre do barro negro interpretada pelo oleiro Jorge Ferreira<br \/>\n11h00: Inaugura\u00e7\u00e3o de instala\u00e7\u00e3o art\u00edstica \u201cDreamtigers\u201d de Ana Carucci (Argentina)<br \/>\n11h30: Inaugura\u00e7\u00e3o dos novos conte\u00fados da Oficina do Barro Negro<br \/>\n12h00: Experi\u00eancia de moldagem com barro negro com oleiro Jorge Ferreira.<\/p>\n<p>Em setembro de 2023, foi inaugurada numa das salas da antiga escola prim\u00e1ria da aldeia de Ribolhos (Castro Daire) a Oficina do Barro Negro, um espa\u00e7o de interpreta\u00e7\u00e3o de uma tradi\u00e7\u00e3o artesanal ancorada nesta pequena aldeia, situada junto \u00e0 Estrada Nacional N\u00ba2.<\/p>\n<p>Este espa\u00e7o contou com a curadoria de Marta Carvalhal, Lu\u00eds Costa e Jorge Ferreira, tendo tido a estreita colabora\u00e7\u00e3o de duas iniciativas do Governo Portugu\u00eas: o Programa Nacional Saber Fazer e o Plano Nacional das Artes.<\/p>\n<p>O barro negro de Ribolhos teve o seu auge durante o s\u00e9culo passado, atrav\u00e9s de um conjunto de mestres especializados tanto em pe\u00e7as utilit\u00e1rias como decorativas as quais, para ficarem com a cor negra caracter\u00edstica, eram sujeitas a um processo de queima, designado soenga. Na atualidade, existe um oleiro que \u00e9 herdeiro direto da tradi\u00e7\u00e3o antiga, Jorge Ferreira, nascido na aldeia e que continua a produzir pe\u00e7as em olaria, usando a Oficina do Barro Negro para divulgar o seu trabalho.<\/p>\n<p>Nas \u00faltimas semanas, a artista residente argentina Ana Carucci tem desenvolvido na Oficina do Barro Negro um intenso trabalho em que articula uma reflex\u00e3o sobre o conceito de utilidade da cer\u00e2mica com a sua expans\u00e3o ao universo sonoro. Ser\u00e1 que pe\u00e7as que produzem uma gama variada de sons podem ser consideradas \u00fateis, como eram os potes, as ca\u00e7oilas e as vasilhas produzidas e vendidas at\u00e9 h\u00e1 d\u00e9cadas atr\u00e1s?<\/p>\n<p>O evento &#8220;Uma Manh\u00e3 com o Barro Negro&#8221; pretende ser um contexto de conv\u00edvio diversificado em que o p\u00fablico participante se possa juntar-se \u00e0 comunidade local para partilhar mem\u00f3rias, aprender em conjunto e conhecer os lugares e as hist\u00f3rias do barro negro de Ribolhos.<\/p>\n<p>O evento \u00e9 totalmente gratuito, no entanto, quem pretender participar na rota do barro negro dever\u00e1 efetuar uma Inscri\u00e7\u00e3o gratuita atrav\u00e9s do email info@binauralmedia.org. Haver\u00e1 um pequeno refor\u00e7o alimentar no final do percurso.<\/p>\n<p>Ficha t\u00e9cnica e art\u00edstica:<br \/>\nUma coprodu\u00e7\u00e3o ente a Binaural Nodar, o Munic\u00edpio de Castro Daire, atrav\u00e9s da Biblioteca Municipal e da Uni\u00e3o de Freguesias de Mamouros, Alva e Ribolhos.<br \/>\nUm evento integrado nas atividades da Rede Tramontana, um projeto co-financiado pelo Programa Europa Criativa da Uni\u00e3o Europeia<br \/>\nInstala\u00e7\u00e3o art\u00edstica: Ana Carucci<\/p>\n<p>A Binaural Nodar \u00e9 uma entidade cultural apoiada pela Rep\u00fablica Portuguesa | Cultura, Juventude e Desporto &#8211; Dire\u00e7\u00e3o Geral das Artes.<\/p>\n","protected":false},"excerpt":{"rendered":"<p>UMA MANH\u00c3 COM O BARRO NEGRO Evento Comunit\u00e1rio Domingo, 7  [&#8230;]<\/p>\n","protected":false},"author":8,"featured_media":24226,"comment_status":"closed","ping_status":"closed","sticky":false,"template":"","format":"standard","meta":{"_acf_changed":false,"_bbp_topic_count":0,"_bbp_reply_count":0,"_bbp_total_topic_count":0,"_bbp_total_reply_count":0,"_bbp_voice_count":0,"_bbp_anonymous_reply_count":0,"_bbp_topic_count_hidden":0,"_bbp_reply_count_hidden":0,"_bbp_forum_subforum_count":0,"footnotes":""},"categories":[1,676],"tags":[],"class_list":["post-24225","post","type-post","status-publish","format-standard","has-post-thumbnail","hentry","category-news","category-artist-residencies"],"acf":[],"aioseo_notices":[],"aioseo_head":"\n\t\t<!-- All in One SEO 5.0.1.1 - aioseo.com -->\n\t<meta name=\"description\" content=\"UMA MANH\u00c3 COM O BARRO NEGRO Evento Comunit\u00e1rio Domingo, 7 de setembro entre as 10h00 e as 13h00 Oficina do Barro Negro de Ribolhos (Antiga Escola Prim\u00e1ria) Ribolhos (Castro Daire) Programa: 10h00: Rota pedestre do barro negro interpretada pelo oleiro Jorge Ferreira 11h00: Inaugura\u00e7\u00e3o de instala\u00e7\u00e3o art\u00edstica \u201cDreamtigers\u201d de Ana Carucci (Argentina) 11h30: Inaugura\u00e7\u00e3o dos\" \/>\n\t<meta name=\"robots\" content=\"max-image-preview:large\" \/>\n\t<meta name=\"author\" content=\"Nely Ferreira\"\/>\n\t<link rel=\"canonical\" href=\"https:\/\/www.binauralmedia.org\/news\/arquivo\/24225\" \/>\n\t<meta name=\"generator\" content=\"All in One SEO (AIOSEO) 5.0.1.1\" \/>\n\t\t<meta property=\"og:locale\" content=\"pt_PT\" \/>\n\t\t<meta property=\"og:site_name\" content=\"binauralmedia.org - Rural Based Sound\/Media Arts &amp; Social Research\" \/>\n\t\t<meta property=\"og:type\" content=\"article\" \/>\n\t\t<meta property=\"og:title\" content=\"Uma manh\u00e3 com o Barro Negro - binauralmedia.org\" \/>\n\t\t<meta property=\"og:description\" content=\"UMA MANH\u00c3 COM O BARRO NEGRO Evento Comunit\u00e1rio Domingo, 7 de setembro entre as 10h00 e as 13h00 Oficina do Barro Negro de Ribolhos (Antiga Escola Prim\u00e1ria) Ribolhos (Castro Daire) Programa: 10h00: Rota pedestre do barro negro interpretada pelo oleiro Jorge Ferreira 11h00: Inaugura\u00e7\u00e3o de instala\u00e7\u00e3o art\u00edstica \u201cDreamtigers\u201d de Ana Carucci (Argentina) 11h30: Inaugura\u00e7\u00e3o dos\" \/>\n\t\t<meta property=\"og:url\" content=\"https:\/\/www.binauralmedia.org\/news\/arquivo\/24225\" \/>\n\t\t<meta property=\"article:published_time\" content=\"2025-08-30T15:26:17+00:00\" \/>\n\t\t<meta property=\"article:modified_time\" content=\"2025-09-15T15:30:45+00:00\" \/>\n\t\t<meta name=\"twitter:card\" content=\"summary_large_image\" \/>\n\t\t<meta name=\"twitter:title\" content=\"Uma manh\u00e3 com o Barro Negro - binauralmedia.org\" \/>\n\t\t<meta name=\"twitter:description\" content=\"UMA MANH\u00c3 COM O BARRO NEGRO Evento Comunit\u00e1rio Domingo, 7 de setembro entre as 10h00 e as 13h00 Oficina do Barro Negro de Ribolhos (Antiga Escola Prim\u00e1ria) Ribolhos (Castro Daire) Programa: 10h00: Rota pedestre do barro negro interpretada pelo oleiro Jorge Ferreira 11h00: Inaugura\u00e7\u00e3o de instala\u00e7\u00e3o art\u00edstica \u201cDreamtigers\u201d de Ana Carucci (Argentina) 11h30: Inaugura\u00e7\u00e3o dos\" \/>\n\t\t<script type=\"application\/ld+json\" class=\"aioseo-schema\">\n\t\t\t{\"@context\":\"https:\\\/\\\/schema.org\",\"@graph\":[{\"@type\":\"BlogPosting\",\"@id\":\"https:\\\/\\\/www.binauralmedia.org\\\/news\\\/arquivo\\\/24225#blogposting\",\"name\":\"Uma manh\\u00e3 com o Barro Negro - binauralmedia.org\",\"headline\":\"Uma manh\\u00e3 com o Barro Negro\",\"author\":{\"@id\":\"https:\\\/\\\/www.binauralmedia.org\\\/news\\\/arquivo\\\/author\\\/nelyferreira#author\"},\"publisher\":{\"@id\":\"https:\\\/\\\/www.binauralmedia.org\\\/news\\\/#organization\"},\"image\":{\"@type\":\"ImageObject\",\"url\":\"https:\\\/\\\/www.binauralmedia.org\\\/news\\\/wp-content\\\/uploads\\\/Uma-manha-com-o-Barro-Negro-1200x800-1.jpg\",\"width\":1200,\"height\":800},\"datePublished\":\"2025-08-30T15:26:17+00:00\",\"dateModified\":\"2025-09-15T15:30:45+00:00\",\"inLanguage\":\"pt-PT\",\"mainEntityOfPage\":{\"@id\":\"https:\\\/\\\/www.binauralmedia.org\\\/news\\\/arquivo\\\/24225#webpage\"},\"isPartOf\":{\"@id\":\"https:\\\/\\\/www.binauralmedia.org\\\/news\\\/arquivo\\\/24225#webpage\"},\"articleSection\":\"Not\\u00edcias, Resid\\u00eancias Art\\u00edsticas, Optional\"},{\"@type\":\"BreadcrumbList\",\"@id\":\"https:\\\/\\\/www.binauralmedia.org\\\/news\\\/arquivo\\\/24225#breadcrumblist\",\"itemListElement\":[{\"@type\":\"ListItem\",\"@id\":\"https:\\\/\\\/www.binauralmedia.org\\\/news#listItem\",\"position\":1,\"name\":\"Home\",\"item\":\"https:\\\/\\\/www.binauralmedia.org\\\/news\",\"nextItem\":{\"@type\":\"ListItem\",\"@id\":\"https:\\\/\\\/www.binauralmedia.org\\\/news\\\/arquivo\\\/category\\\/news#listItem\",\"name\":\"Not\\u00edcias\"}},{\"@type\":\"ListItem\",\"@id\":\"https:\\\/\\\/www.binauralmedia.org\\\/news\\\/arquivo\\\/category\\\/news#listItem\",\"position\":2,\"name\":\"Not\\u00edcias\",\"item\":\"https:\\\/\\\/www.binauralmedia.org\\\/news\\\/arquivo\\\/category\\\/news\",\"nextItem\":{\"@type\":\"ListItem\",\"@id\":\"https:\\\/\\\/www.binauralmedia.org\\\/news\\\/arquivo\\\/24225#listItem\",\"name\":\"Uma manh\\u00e3 com o Barro Negro\"},\"previousItem\":{\"@type\":\"ListItem\",\"@id\":\"https:\\\/\\\/www.binauralmedia.org\\\/news#listItem\",\"name\":\"Home\"}},{\"@type\":\"ListItem\",\"@id\":\"https:\\\/\\\/www.binauralmedia.org\\\/news\\\/arquivo\\\/24225#listItem\",\"position\":3,\"name\":\"Uma manh\\u00e3 com o Barro Negro\",\"previousItem\":{\"@type\":\"ListItem\",\"@id\":\"https:\\\/\\\/www.binauralmedia.org\\\/news\\\/arquivo\\\/category\\\/news#listItem\",\"name\":\"Not\\u00edcias\"}}]},{\"@type\":\"Organization\",\"@id\":\"https:\\\/\\\/www.binauralmedia.org\\\/news\\\/#organization\",\"name\":\"binauralmedia.org\",\"description\":\"Rural Based Sound\\\/Media Arts & Social Research\",\"url\":\"https:\\\/\\\/www.binauralmedia.org\\\/news\\\/\"},{\"@type\":\"Person\",\"@id\":\"https:\\\/\\\/www.binauralmedia.org\\\/news\\\/arquivo\\\/author\\\/nelyferreira#author\",\"url\":\"https:\\\/\\\/www.binauralmedia.org\\\/news\\\/arquivo\\\/author\\\/nelyferreira\",\"name\":\"Nely Ferreira\"},{\"@type\":\"WebPage\",\"@id\":\"https:\\\/\\\/www.binauralmedia.org\\\/news\\\/arquivo\\\/24225#webpage\",\"url\":\"https:\\\/\\\/www.binauralmedia.org\\\/news\\\/arquivo\\\/24225\",\"name\":\"Uma manh\\u00e3 com o Barro Negro - binauralmedia.org\",\"description\":\"UMA MANH\\u00c3 COM O BARRO NEGRO Evento Comunit\\u00e1rio Domingo, 7 de setembro entre as 10h00 e as 13h00 Oficina do Barro Negro de Ribolhos (Antiga Escola Prim\\u00e1ria) Ribolhos (Castro Daire) Programa: 10h00: Rota pedestre do barro negro interpretada pelo oleiro Jorge Ferreira 11h00: Inaugura\\u00e7\\u00e3o de instala\\u00e7\\u00e3o art\\u00edstica \\u201cDreamtigers\\u201d de Ana Carucci (Argentina) 11h30: Inaugura\\u00e7\\u00e3o dos\",\"inLanguage\":\"pt-PT\",\"isPartOf\":{\"@id\":\"https:\\\/\\\/www.binauralmedia.org\\\/news\\\/#website\"},\"breadcrumb\":{\"@id\":\"https:\\\/\\\/www.binauralmedia.org\\\/news\\\/arquivo\\\/24225#breadcrumblist\"},\"author\":{\"@id\":\"https:\\\/\\\/www.binauralmedia.org\\\/news\\\/arquivo\\\/author\\\/nelyferreira#author\"},\"creator\":{\"@id\":\"https:\\\/\\\/www.binauralmedia.org\\\/news\\\/arquivo\\\/author\\\/nelyferreira#author\"},\"image\":{\"@type\":\"ImageObject\",\"url\":\"https:\\\/\\\/www.binauralmedia.org\\\/news\\\/wp-content\\\/uploads\\\/Uma-manha-com-o-Barro-Negro-1200x800-1.jpg\",\"@id\":\"https:\\\/\\\/www.binauralmedia.org\\\/news\\\/arquivo\\\/24225\\\/#mainImage\",\"width\":1200,\"height\":800},\"primaryImageOfPage\":{\"@id\":\"https:\\\/\\\/www.binauralmedia.org\\\/news\\\/arquivo\\\/24225#mainImage\"},\"datePublished\":\"2025-08-30T15:26:17+00:00\",\"dateModified\":\"2025-09-15T15:30:45+00:00\"},{\"@type\":\"WebSite\",\"@id\":\"https:\\\/\\\/www.binauralmedia.org\\\/news\\\/#website\",\"url\":\"https:\\\/\\\/www.binauralmedia.org\\\/news\\\/\",\"name\":\"binauralmedia.org\",\"description\":\"Rural Based Sound\\\/Media Arts & Social Research\",\"inLanguage\":\"pt-PT\",\"publisher\":{\"@id\":\"https:\\\/\\\/www.binauralmedia.org\\\/news\\\/#organization\"}}]}\n\t\t<\/script>\n\t\t<!-- All in One SEO -->\n\n","aioseo_head_json":{"title":"Uma manh\u00e3 com o Barro Negro - binauralmedia.org","description":"UMA MANH\u00c3 COM O BARRO NEGRO Evento Comunit\u00e1rio Domingo, 7 de setembro entre as 10h00 e as 13h00 Oficina do Barro Negro de Ribolhos (Antiga Escola Prim\u00e1ria) Ribolhos (Castro Daire) Programa: 10h00: Rota pedestre do barro negro interpretada pelo oleiro Jorge Ferreira 11h00: Inaugura\u00e7\u00e3o de instala\u00e7\u00e3o art\u00edstica \u201cDreamtigers\u201d de Ana Carucci (Argentina) 11h30: Inaugura\u00e7\u00e3o dos","canonical_url":"https:\/\/www.binauralmedia.org\/news\/arquivo\/24225","robots":"max-image-preview:large","keywords":"","webmasterTools":{"miscellaneous":""},"schema":{"@context":"https:\/\/schema.org","@graph":[{"@type":"BlogPosting","@id":"https:\/\/www.binauralmedia.org\/news\/arquivo\/24225#blogposting","name":"Uma manh\u00e3 com o Barro Negro - binauralmedia.org","headline":"Uma manh\u00e3 com o Barro Negro","author":{"@id":"https:\/\/www.binauralmedia.org\/news\/arquivo\/author\/nelyferreira#author"},"publisher":{"@id":"https:\/\/www.binauralmedia.org\/news\/#organization"},"image":{"@type":"ImageObject","url":"https:\/\/www.binauralmedia.org\/news\/wp-content\/uploads\/Uma-manha-com-o-Barro-Negro-1200x800-1.jpg","width":1200,"height":800},"datePublished":"2025-08-30T15:26:17+00:00","dateModified":"2025-09-15T15:30:45+00:00","inLanguage":"pt-PT","mainEntityOfPage":{"@id":"https:\/\/www.binauralmedia.org\/news\/arquivo\/24225#webpage"},"isPartOf":{"@id":"https:\/\/www.binauralmedia.org\/news\/arquivo\/24225#webpage"},"articleSection":"Not\u00edcias, Resid\u00eancias Art\u00edsticas, Optional"},{"@type":"BreadcrumbList","@id":"https:\/\/www.binauralmedia.org\/news\/arquivo\/24225#breadcrumblist","itemListElement":[{"@type":"ListItem","@id":"https:\/\/www.binauralmedia.org\/news#listItem","position":1,"name":"Home","item":"https:\/\/www.binauralmedia.org\/news","nextItem":{"@type":"ListItem","@id":"https:\/\/www.binauralmedia.org\/news\/arquivo\/category\/news#listItem","name":"Not\u00edcias"}},{"@type":"ListItem","@id":"https:\/\/www.binauralmedia.org\/news\/arquivo\/category\/news#listItem","position":2,"name":"Not\u00edcias","item":"https:\/\/www.binauralmedia.org\/news\/arquivo\/category\/news","nextItem":{"@type":"ListItem","@id":"https:\/\/www.binauralmedia.org\/news\/arquivo\/24225#listItem","name":"Uma manh\u00e3 com o Barro Negro"},"previousItem":{"@type":"ListItem","@id":"https:\/\/www.binauralmedia.org\/news#listItem","name":"Home"}},{"@type":"ListItem","@id":"https:\/\/www.binauralmedia.org\/news\/arquivo\/24225#listItem","position":3,"name":"Uma manh\u00e3 com o Barro Negro","previousItem":{"@type":"ListItem","@id":"https:\/\/www.binauralmedia.org\/news\/arquivo\/category\/news#listItem","name":"Not\u00edcias"}}]},{"@type":"Organization","@id":"https:\/\/www.binauralmedia.org\/news\/#organization","name":"binauralmedia.org","description":"Rural Based Sound\/Media Arts & Social Research","url":"https:\/\/www.binauralmedia.org\/news\/"},{"@type":"Person","@id":"https:\/\/www.binauralmedia.org\/news\/arquivo\/author\/nelyferreira#author","url":"https:\/\/www.binauralmedia.org\/news\/arquivo\/author\/nelyferreira","name":"Nely Ferreira"},{"@type":"WebPage","@id":"https:\/\/www.binauralmedia.org\/news\/arquivo\/24225#webpage","url":"https:\/\/www.binauralmedia.org\/news\/arquivo\/24225","name":"Uma manh\u00e3 com o Barro Negro - binauralmedia.org","description":"UMA MANH\u00c3 COM O BARRO NEGRO Evento Comunit\u00e1rio Domingo, 7 de setembro entre as 10h00 e as 13h00 Oficina do Barro Negro de Ribolhos (Antiga Escola Prim\u00e1ria) Ribolhos (Castro Daire) Programa: 10h00: Rota pedestre do barro negro interpretada pelo oleiro Jorge Ferreira 11h00: Inaugura\u00e7\u00e3o de instala\u00e7\u00e3o art\u00edstica \u201cDreamtigers\u201d de Ana Carucci (Argentina) 11h30: Inaugura\u00e7\u00e3o dos","inLanguage":"pt-PT","isPartOf":{"@id":"https:\/\/www.binauralmedia.org\/news\/#website"},"breadcrumb":{"@id":"https:\/\/www.binauralmedia.org\/news\/arquivo\/24225#breadcrumblist"},"author":{"@id":"https:\/\/www.binauralmedia.org\/news\/arquivo\/author\/nelyferreira#author"},"creator":{"@id":"https:\/\/www.binauralmedia.org\/news\/arquivo\/author\/nelyferreira#author"},"image":{"@type":"ImageObject","url":"https:\/\/www.binauralmedia.org\/news\/wp-content\/uploads\/Uma-manha-com-o-Barro-Negro-1200x800-1.jpg","@id":"https:\/\/www.binauralmedia.org\/news\/arquivo\/24225\/#mainImage","width":1200,"height":800},"primaryImageOfPage":{"@id":"https:\/\/www.binauralmedia.org\/news\/arquivo\/24225#mainImage"},"datePublished":"2025-08-30T15:26:17+00:00","dateModified":"2025-09-15T15:30:45+00:00"},{"@type":"WebSite","@id":"https:\/\/www.binauralmedia.org\/news\/#website","url":"https:\/\/www.binauralmedia.org\/news\/","name":"binauralmedia.org","description":"Rural Based Sound\/Media Arts & Social Research","inLanguage":"pt-PT","publisher":{"@id":"https:\/\/www.binauralmedia.org\/news\/#organization"}}]},"og:locale":"pt_PT","og:site_name":"binauralmedia.org - Rural Based Sound\/Media Arts &amp; Social Research","og:type":"article","og:title":"Uma manh\u00e3 com o Barro Negro - binauralmedia.org","og:description":"UMA MANH\u00c3 COM O BARRO NEGRO Evento Comunit\u00e1rio Domingo, 7 de setembro entre as 10h00 e as 13h00 Oficina do Barro Negro de Ribolhos (Antiga Escola Prim\u00e1ria) Ribolhos (Castro Daire) Programa: 10h00: Rota pedestre do barro negro interpretada pelo oleiro Jorge Ferreira 11h00: Inaugura\u00e7\u00e3o de instala\u00e7\u00e3o art\u00edstica \u201cDreamtigers\u201d de Ana Carucci (Argentina) 11h30: Inaugura\u00e7\u00e3o dos","og:url":"https:\/\/www.binauralmedia.org\/news\/arquivo\/24225","article:published_time":"2025-08-30T15:26:17+00:00","article:modified_time":"2025-09-15T15:30:45+00:00","twitter:card":"summary_large_image","twitter:title":"Uma manh\u00e3 com o Barro Negro - binauralmedia.org","twitter:description":"UMA MANH\u00c3 COM O BARRO NEGRO Evento Comunit\u00e1rio Domingo, 7 de setembro entre as 10h00 e as 13h00 Oficina do Barro Negro de Ribolhos (Antiga Escola Prim\u00e1ria) Ribolhos (Castro Daire) Programa: 10h00: Rota pedestre do barro negro interpretada pelo oleiro Jorge Ferreira 11h00: Inaugura\u00e7\u00e3o de instala\u00e7\u00e3o art\u00edstica \u201cDreamtigers\u201d de Ana Carucci (Argentina) 11h30: Inaugura\u00e7\u00e3o dos"},"aioseo_meta_data":{"post_id":"24225","title":null,"description":null,"keywords":null,"keyphrases":null,"primary_term":null,"canonical_url":null,"og_title":null,"og_description":null,"og_object_type":"default","og_image_type":"default","og_image_custom_url":null,"og_image_custom_fields":null,"og_image_url":null,"og_image_width":null,"og_image_height":null,"og_video":null,"og_custom_url":null,"og_article_section":null,"og_article_tags":null,"twitter_use_og":false,"twitter_card":"default","twitter_image_type":"default","twitter_image_custom_url":null,"twitter_image_custom_fields":null,"twitter_image_url":null,"twitter_title":null,"twitter_description":null,"schema_type":"default","schema_type_options":null,"schema":{"blockGraphs":[],"customGraphs":[],"default":{"data":{"Article":[],"Course":[],"Dataset":[],"FAQPage":[],"Movie":[],"Person":[],"Product":[],"ProductReview":[],"Car":[],"Recipe":[],"Service":[],"SoftwareApplication":[],"WebPage":[]},"graphName":"","isEnabled":true},"graphs":[]},"pillar_content":false,"robots_default":true,"robots_noindex":false,"robots_noarchive":false,"robots_nosnippet":false,"robots_nofollow":false,"robots_noimageindex":false,"robots_noodp":false,"robots_notranslate":false,"robots_max_snippet":null,"robots_max_videopreview":null,"robots_max_imagepreview":"large","priority":null,"frequency":null,"local_seo":null,"limit_modified_date":false,"ai":null,"breadcrumb_settings":null,"seo_analyzer_scan_date":null,"created":"2026-08-05 08:15:57","updated":"2026-08-05 08:15:57","focus_keyword":null,"additional_keywords":null,"truseo_locale":null},"aioseo_breadcrumb":"<div class=\"aioseo-breadcrumbs\"><span class=\"aioseo-breadcrumb\">\n\t\t\t<a href=\"https:\/\/www.binauralmedia.org\/news\" title=\"Home\">Home<\/a>\n\t\t<\/span><span class=\"aioseo-breadcrumb-separator\">&raquo;<\/span><span class=\"aioseo-breadcrumb\">\n\t\t\t<a href=\"https:\/\/www.binauralmedia.org\/news\/arquivo\/category\/news\" title=\"Not\u00edcias\">Not\u00edcias<\/a>\n\t\t<\/span><span class=\"aioseo-breadcrumb-separator\">&raquo;<\/span><span class=\"aioseo-breadcrumb\">\n\t\t\tUma manh\u00e3 com o Barro Negro\n\t\t<\/span><\/div>","aioseo_breadcrumb_json":[{"label":"Home","link":"https:\/\/www.binauralmedia.org\/news"},{"label":"Not\u00edcias","link":"https:\/\/www.binauralmedia.org\/news\/arquivo\/category\/news"},{"label":"Uma manh\u00e3 com o Barro Negro","link":"https:\/\/www.binauralmedia.org\/news\/arquivo\/24225"}],"_links":{"self":[{"href":"https:\/\/www.binauralmedia.org\/news\/wp-json\/wp\/v2\/posts\/24225","targetHints":{"allow":["GET"]}}],"collection":[{"href":"https:\/\/www.binauralmedia.org\/news\/wp-json\/wp\/v2\/posts"}],"about":[{"href":"https:\/\/www.binauralmedia.org\/news\/wp-json\/wp\/v2\/types\/post"}],"author":[{"embeddable":true,"href":"https:\/\/www.binauralmedia.org\/news\/wp-json\/wp\/v2\/users\/8"}],"replies":[{"embeddable":true,"href":"https:\/\/www.binauralmedia.org\/news\/wp-json\/wp\/v2\/comments?post=24225"}],"version-history":[{"count":1,"href":"https:\/\/www.binauralmedia.org\/news\/wp-json\/wp\/v2\/posts\/24225\/revisions"}],"predecessor-version":[{"id":24228,"href":"https:\/\/www.binauralmedia.org\/news\/wp-json\/wp\/v2\/posts\/24225\/revisions\/24228"}],"wp:featuredmedia":[{"embeddable":true,"href":"https:\/\/www.binauralmedia.org\/news\/wp-json\/wp\/v2\/media\/24226"}],"wp:attachment":[{"href":"https:\/\/www.binauralmedia.org\/news\/wp-json\/wp\/v2\/media?parent=24225"}],"wp:term":[{"taxonomy":"category","embeddable":true,"href":"https:\/\/www.binauralmedia.org\/news\/wp-json\/wp\/v2\/categories?post=24225"},{"taxonomy":"post_tag","embeddable":true,"href":"https:\/\/www.binauralmedia.org\/news\/wp-json\/wp\/v2\/tags?post=24225"}],"curies":[{"name":"wp","href":"https:\/\/api.w.org\/{rel}","templated":true}]}}