{"id":24183,"date":"2025-08-05T14:06:50","date_gmt":"2025-08-05T14:06:50","guid":{"rendered":"https:\/\/www.binauralmedia.org\/news?p=24183"},"modified":"2025-08-13T14:20:34","modified_gmt":"2025-08-13T14:20:34","slug":"ouvir-tocar-e-imaginar-o-barro-negro","status":"publish","type":"post","link":"https:\/\/www.binauralmedia.org\/news\/arquivo\/24183","title":{"rendered":"Ouvir, tocar e imaginar o barro negro"},"content":{"rendered":"<p>OUVIR, TOCAR E IMAGINAR O BARRO NEGRO<br \/>\nResid\u00eancia Art\u00edstica<br \/>\nAna Carucci (Argentina)<\/p>\n<p>19 de agosto \u2013 7 de setembro de 2025<br \/>\nRibolhos (Castro Daire, Portugal)<\/p>\n<p>Uma coprodu\u00e7\u00e3o entre a Binaural Nodar e o Munic\u00edpio de Castro Daire, atrav\u00e9s da sua Biblioteca Municipal e da Uni\u00e3o de Freguesias de Mamouros, Alva e Ribolhos. Uma resid\u00eancia art\u00edstica integrada no projeto Rede Tramontana, cofinanciado pelo programa Europa Criativa, que inclui parceiros de regi\u00f5es montanhosas de Portugal, Espanha, Fran\u00e7a, It\u00e1lia, Rom\u00e9nia, Alb\u00e2nia e Pol\u00f3nia.<\/p>\n<p>As coisas \/ que podem ser usadas e n\u00e3o s\u00e3o usadas, \/ que est\u00e3o \u00e0 espera nas salas de estar, \/ nos est\u00fadios, nos quartos, \/ s\u00e3o mais silenciosas e profundas \/ do que as outras. \/ [&#8230;] \/ A espada \/ que n\u00e3o matou ningu\u00e9m \/ \u00e9 mais terr\u00edvel \/ do que a espada \/ que matou.<\/p>\n<p>Do poema Coisas.<\/p>\n<p>[&#8230;] Agora que estou cego, continuo a sonhar com tigres, mas agora o sonho \u00e9 perturbado, incoerente. O tigre aparece-me, mas \u00e9 feito de madeira ou gesso; ou ent\u00e3o, sou eu quem sonha, mas de uma forma estranha \u2014 como se o tigre sonhado estivesse a sonhar comigo.<br \/>\nDo poema Dreamtigers.<\/p>\n<p>Excertos de El hacedor, 1960, de Jorge Luis Borges<\/p>\n<p>Durante a sua resid\u00eancia art\u00edstica em Ribolhos, Ana Carucci desenvolver\u00e1 um conjunto de obras que entrela\u00e7a cer\u00e2mica, som e mem\u00f3ria material, tomando como ponto de partida a t\u00e9cnica ancestral do barro negro e a sua profunda liga\u00e7\u00e3o ao entorno natural de Ribolhos. Este projeto surge do desejo de dialogar com uma tradi\u00e7\u00e3o viva atrav\u00e9s da sua pr\u00e1tica contempor\u00e2nea, com a inten\u00e7\u00e3o de criar pe\u00e7as que desafiem categorias fixas.<\/p>\n<p>Ana Carucci construir\u00e1 uma s\u00e9rie de objetos cer\u00e2micos que funcionam como poss\u00edveis instrumentos, esculturas ou ambos ao mesmo tempo. Pe\u00e7as que produzem som, sugerem utilidade ou a contradizem; ativam um espa\u00e7o po\u00e9tico entre o funcional e o in\u00fatil, o quotidiano e o simb\u00f3lico. O cerne desta explora\u00e7\u00e3o reside na tens\u00e3o entre funcionalidade e a evoca\u00e7\u00e3o. Algumas pe\u00e7as ter\u00e3o apitos, enquanto outras incluir\u00e3o ranhuras, texturas, cavidades e corpos vibrat\u00f3rios, semelhantes a idiofones de fric\u00e7\u00e3o, para explorar sons t\u00e9nues, secos, \u00e1speros, agudos ou ressonantes. A artista tamb\u00e9m ir\u00e1 gravar sons do ambiente circundante e do processo criativo, combinando-os posteriormente com os produzidos pelas pe\u00e7as para compor uma atmosfera sonora e material.<\/p>\n<p>A artista est\u00e1 particularmente interessada em como o barro negro de Ribolhos se transformou quando o pl\u00e1stico irrompeu para substitu\u00ed-lo, passando de servir necessidades concretas para se tornar num ve\u00edculo de representa\u00e7\u00e3o, de narrativas e de simbolismo. A partir dessa mudan\u00e7a, Ana Carucci pretende considerar os objetos como formas nas quais as regras de uso se expandem, se confundem e se sobrep\u00f5em. Essa transi\u00e7\u00e3o do funcional para o simb\u00f3lico permite-lhe explorar outras formas de relacionar-se com os objetos, mais abertas, sens\u00edveis e vivas.<\/p>\n<p>O motor central do trabalho de Ana Carucci reside na rela\u00e7\u00e3o entre natureza e cultura, e neste projeto essa interse\u00e7\u00e3o toma forma: a argila como um material vivo e pleno de hist\u00f3ria, e a sua perspetiva como uma lente sens\u00edvel filtrada pelo presente. A artista \u00e9 atra\u00edda pelo que pode emergir neste di\u00e1logo entre a sua experi\u00eancia t\u00e1til com o material, a mem\u00f3ria desta pr\u00e1tica, o que ir\u00e1 encontrar, o que ir\u00e1 trazer consigo e o que ir\u00e1 sonhar enquanto trabalha.<\/p>\n<p>Ana Carucci \u00e9 uma artista argentina atualmente radicada em Espanha. Ela dedica-se \u00e0 pintura, ao desenho e ao som, criando instala\u00e7\u00f5es art\u00edsticas, m\u00fasica e paisagens sonoras. <\/p>\n<p>As suas obras surgem da explora\u00e7\u00e3o dos espa\u00e7os entre a abstra\u00e7\u00e3o e a literalidade, brincando com a linguagem e a mem\u00f3ria dos sentidos. A natureza e a sua rela\u00e7\u00e3o com a cultura s\u00e3o um tema recorrente na sua pr\u00e1tica art\u00edstica. Em 2022, Ana Carucci participou no programa de resid\u00eancia AADK Espanha e na resid\u00eancia Countdown Grabowsee em Berlim, Alemanha. Em 2024, participou no programa de resid\u00eancias art\u00edsticas \u201cO cantar das nascentes\u201d produzido pela Binaural Nodar. O seu trabalho Notebook 1 foi selecionado pelo Fundo de Artes Visuais da Argentina no contexto do seu pr\u00e9mio nacional em 2017.<\/p>\n<p>A Binaural Nodar \u00e9 uma estrutura cultural apoiada pela Rep\u00fablica Portuguesa &#8211; Cultura, Juventude e Desporto | Dire\u00e7\u00e3o-Geral das Artes.<\/p>\n","protected":false},"excerpt":{"rendered":"<p>OUVIR, TOCAR E IMAGINAR O BARRO NEGRO Resid\u00eancia Art\u00edstica Ana  [&#8230;]<\/p>\n","protected":false},"author":8,"featured_media":24186,"comment_status":"closed","ping_status":"closed","sticky":false,"template":"","format":"standard","meta":{"_acf_changed":false,"_bbp_topic_count":0,"_bbp_reply_count":0,"_bbp_total_topic_count":0,"_bbp_total_reply_count":0,"_bbp_voice_count":0,"_bbp_anonymous_reply_count":0,"_bbp_topic_count_hidden":0,"_bbp_reply_count_hidden":0,"_bbp_forum_subforum_count":0,"footnotes":""},"categories":[1,676],"tags":[],"class_list":["post-24183","post","type-post","status-publish","format-standard","has-post-thumbnail","hentry","category-news","category-artist-residencies"],"acf":[],"aioseo_notices":[],"aioseo_head":"\n\t\t<!-- All in One SEO 5.0.1.1 - aioseo.com -->\n\t<meta name=\"description\" content=\"OUVIR, TOCAR E IMAGINAR O BARRO NEGRO Resid\u00eancia Art\u00edstica Ana Carucci (Argentina) 19 de agosto \u2013 7 de setembro de 2025 Ribolhos (Castro Daire, Portugal) Uma coprodu\u00e7\u00e3o entre a Binaural Nodar e o Munic\u00edpio de Castro Daire, atrav\u00e9s da sua Biblioteca Municipal e da Uni\u00e3o de Freguesias de Mamouros, Alva e Ribolhos. Uma resid\u00eancia art\u00edstica\" \/>\n\t<meta name=\"robots\" content=\"max-image-preview:large\" \/>\n\t<meta name=\"author\" content=\"Nely Ferreira\"\/>\n\t<link rel=\"canonical\" href=\"https:\/\/www.binauralmedia.org\/news\/arquivo\/24183\" \/>\n\t<meta name=\"generator\" content=\"All in One SEO (AIOSEO) 5.0.1.1\" \/>\n\t\t<meta property=\"og:locale\" content=\"pt_PT\" \/>\n\t\t<meta property=\"og:site_name\" content=\"binauralmedia.org - Rural Based Sound\/Media Arts &amp; Social Research\" \/>\n\t\t<meta property=\"og:type\" content=\"article\" \/>\n\t\t<meta property=\"og:title\" content=\"Ouvir, tocar e imaginar o barro negro - binauralmedia.org\" \/>\n\t\t<meta property=\"og:description\" content=\"OUVIR, TOCAR E IMAGINAR O BARRO NEGRO Resid\u00eancia Art\u00edstica Ana Carucci (Argentina) 19 de agosto \u2013 7 de setembro de 2025 Ribolhos (Castro Daire, Portugal) Uma coprodu\u00e7\u00e3o entre a Binaural Nodar e o Munic\u00edpio de Castro Daire, atrav\u00e9s da sua Biblioteca Municipal e da Uni\u00e3o de Freguesias de Mamouros, Alva e Ribolhos. Uma resid\u00eancia art\u00edstica\" \/>\n\t\t<meta property=\"og:url\" content=\"https:\/\/www.binauralmedia.org\/news\/arquivo\/24183\" \/>\n\t\t<meta property=\"article:published_time\" content=\"2025-08-05T14:06:50+00:00\" \/>\n\t\t<meta property=\"article:modified_time\" content=\"2025-08-13T14:20:34+00:00\" \/>\n\t\t<meta name=\"twitter:card\" content=\"summary_large_image\" \/>\n\t\t<meta name=\"twitter:title\" content=\"Ouvir, tocar e imaginar o barro negro - binauralmedia.org\" \/>\n\t\t<meta name=\"twitter:description\" content=\"OUVIR, TOCAR E IMAGINAR O BARRO NEGRO Resid\u00eancia Art\u00edstica Ana Carucci (Argentina) 19 de agosto \u2013 7 de setembro de 2025 Ribolhos (Castro Daire, Portugal) Uma coprodu\u00e7\u00e3o entre a Binaural Nodar e o Munic\u00edpio de Castro Daire, atrav\u00e9s da sua Biblioteca Municipal e da Uni\u00e3o de Freguesias de Mamouros, Alva e Ribolhos. Uma resid\u00eancia art\u00edstica\" \/>\n\t\t<script type=\"application\/ld+json\" class=\"aioseo-schema\">\n\t\t\t{\"@context\":\"https:\\\/\\\/schema.org\",\"@graph\":[{\"@type\":\"BlogPosting\",\"@id\":\"https:\\\/\\\/www.binauralmedia.org\\\/news\\\/arquivo\\\/24183#blogposting\",\"name\":\"Ouvir, tocar e imaginar o barro negro - binauralmedia.org\",\"headline\":\"Ouvir, tocar e imaginar o barro negro\",\"author\":{\"@id\":\"https:\\\/\\\/www.binauralmedia.org\\\/news\\\/arquivo\\\/author\\\/nelyferreira#author\"},\"publisher\":{\"@id\":\"https:\\\/\\\/www.binauralmedia.org\\\/news\\\/#organization\"},\"image\":{\"@type\":\"ImageObject\",\"url\":\"https:\\\/\\\/www.binauralmedia.org\\\/news\\\/wp-content\\\/uploads\\\/Dgartes-Ouvir-tocar-e-imaginar-o-Barro-Negro-web.jpg\",\"width\":1200,\"height\":800},\"datePublished\":\"2025-08-05T14:06:50+00:00\",\"dateModified\":\"2025-08-13T14:20:34+00:00\",\"inLanguage\":\"pt-PT\",\"mainEntityOfPage\":{\"@id\":\"https:\\\/\\\/www.binauralmedia.org\\\/news\\\/arquivo\\\/24183#webpage\"},\"isPartOf\":{\"@id\":\"https:\\\/\\\/www.binauralmedia.org\\\/news\\\/arquivo\\\/24183#webpage\"},\"articleSection\":\"Not\\u00edcias, Resid\\u00eancias Art\\u00edsticas, Optional\"},{\"@type\":\"BreadcrumbList\",\"@id\":\"https:\\\/\\\/www.binauralmedia.org\\\/news\\\/arquivo\\\/24183#breadcrumblist\",\"itemListElement\":[{\"@type\":\"ListItem\",\"@id\":\"https:\\\/\\\/www.binauralmedia.org\\\/news#listItem\",\"position\":1,\"name\":\"Home\",\"item\":\"https:\\\/\\\/www.binauralmedia.org\\\/news\",\"nextItem\":{\"@type\":\"ListItem\",\"@id\":\"https:\\\/\\\/www.binauralmedia.org\\\/news\\\/arquivo\\\/category\\\/news#listItem\",\"name\":\"Not\\u00edcias\"}},{\"@type\":\"ListItem\",\"@id\":\"https:\\\/\\\/www.binauralmedia.org\\\/news\\\/arquivo\\\/category\\\/news#listItem\",\"position\":2,\"name\":\"Not\\u00edcias\",\"item\":\"https:\\\/\\\/www.binauralmedia.org\\\/news\\\/arquivo\\\/category\\\/news\",\"nextItem\":{\"@type\":\"ListItem\",\"@id\":\"https:\\\/\\\/www.binauralmedia.org\\\/news\\\/arquivo\\\/24183#listItem\",\"name\":\"Ouvir, tocar e imaginar o barro negro\"},\"previousItem\":{\"@type\":\"ListItem\",\"@id\":\"https:\\\/\\\/www.binauralmedia.org\\\/news#listItem\",\"name\":\"Home\"}},{\"@type\":\"ListItem\",\"@id\":\"https:\\\/\\\/www.binauralmedia.org\\\/news\\\/arquivo\\\/24183#listItem\",\"position\":3,\"name\":\"Ouvir, tocar e imaginar o barro negro\",\"previousItem\":{\"@type\":\"ListItem\",\"@id\":\"https:\\\/\\\/www.binauralmedia.org\\\/news\\\/arquivo\\\/category\\\/news#listItem\",\"name\":\"Not\\u00edcias\"}}]},{\"@type\":\"Organization\",\"@id\":\"https:\\\/\\\/www.binauralmedia.org\\\/news\\\/#organization\",\"name\":\"binauralmedia.org\",\"description\":\"Rural Based Sound\\\/Media Arts & Social Research\",\"url\":\"https:\\\/\\\/www.binauralmedia.org\\\/news\\\/\"},{\"@type\":\"Person\",\"@id\":\"https:\\\/\\\/www.binauralmedia.org\\\/news\\\/arquivo\\\/author\\\/nelyferreira#author\",\"url\":\"https:\\\/\\\/www.binauralmedia.org\\\/news\\\/arquivo\\\/author\\\/nelyferreira\",\"name\":\"Nely Ferreira\"},{\"@type\":\"WebPage\",\"@id\":\"https:\\\/\\\/www.binauralmedia.org\\\/news\\\/arquivo\\\/24183#webpage\",\"url\":\"https:\\\/\\\/www.binauralmedia.org\\\/news\\\/arquivo\\\/24183\",\"name\":\"Ouvir, tocar e imaginar o barro negro - binauralmedia.org\",\"description\":\"OUVIR, TOCAR E IMAGINAR O BARRO NEGRO Resid\\u00eancia Art\\u00edstica Ana Carucci (Argentina) 19 de agosto \\u2013 7 de setembro de 2025 Ribolhos (Castro Daire, Portugal) Uma coprodu\\u00e7\\u00e3o entre a Binaural Nodar e o Munic\\u00edpio de Castro Daire, atrav\\u00e9s da sua Biblioteca Municipal e da Uni\\u00e3o de Freguesias de Mamouros, Alva e Ribolhos. Uma resid\\u00eancia art\\u00edstica\",\"inLanguage\":\"pt-PT\",\"isPartOf\":{\"@id\":\"https:\\\/\\\/www.binauralmedia.org\\\/news\\\/#website\"},\"breadcrumb\":{\"@id\":\"https:\\\/\\\/www.binauralmedia.org\\\/news\\\/arquivo\\\/24183#breadcrumblist\"},\"author\":{\"@id\":\"https:\\\/\\\/www.binauralmedia.org\\\/news\\\/arquivo\\\/author\\\/nelyferreira#author\"},\"creator\":{\"@id\":\"https:\\\/\\\/www.binauralmedia.org\\\/news\\\/arquivo\\\/author\\\/nelyferreira#author\"},\"image\":{\"@type\":\"ImageObject\",\"url\":\"https:\\\/\\\/www.binauralmedia.org\\\/news\\\/wp-content\\\/uploads\\\/Dgartes-Ouvir-tocar-e-imaginar-o-Barro-Negro-web.jpg\",\"@id\":\"https:\\\/\\\/www.binauralmedia.org\\\/news\\\/arquivo\\\/24183\\\/#mainImage\",\"width\":1200,\"height\":800},\"primaryImageOfPage\":{\"@id\":\"https:\\\/\\\/www.binauralmedia.org\\\/news\\\/arquivo\\\/24183#mainImage\"},\"datePublished\":\"2025-08-05T14:06:50+00:00\",\"dateModified\":\"2025-08-13T14:20:34+00:00\"},{\"@type\":\"WebSite\",\"@id\":\"https:\\\/\\\/www.binauralmedia.org\\\/news\\\/#website\",\"url\":\"https:\\\/\\\/www.binauralmedia.org\\\/news\\\/\",\"name\":\"binauralmedia.org\",\"description\":\"Rural Based Sound\\\/Media Arts & Social Research\",\"inLanguage\":\"pt-PT\",\"publisher\":{\"@id\":\"https:\\\/\\\/www.binauralmedia.org\\\/news\\\/#organization\"}}]}\n\t\t<\/script>\n\t\t<!-- All in One SEO -->\n\n","aioseo_head_json":{"title":"Ouvir, tocar e imaginar o barro negro - binauralmedia.org","description":"OUVIR, TOCAR E IMAGINAR O BARRO NEGRO Resid\u00eancia Art\u00edstica Ana Carucci (Argentina) 19 de agosto \u2013 7 de setembro de 2025 Ribolhos (Castro Daire, Portugal) Uma coprodu\u00e7\u00e3o entre a Binaural Nodar e o Munic\u00edpio de Castro Daire, atrav\u00e9s da sua Biblioteca Municipal e da Uni\u00e3o de Freguesias de Mamouros, Alva e Ribolhos. Uma resid\u00eancia art\u00edstica","canonical_url":"https:\/\/www.binauralmedia.org\/news\/arquivo\/24183","robots":"max-image-preview:large","keywords":"","webmasterTools":{"miscellaneous":""},"schema":{"@context":"https:\/\/schema.org","@graph":[{"@type":"BlogPosting","@id":"https:\/\/www.binauralmedia.org\/news\/arquivo\/24183#blogposting","name":"Ouvir, tocar e imaginar o barro negro - binauralmedia.org","headline":"Ouvir, tocar e imaginar o barro negro","author":{"@id":"https:\/\/www.binauralmedia.org\/news\/arquivo\/author\/nelyferreira#author"},"publisher":{"@id":"https:\/\/www.binauralmedia.org\/news\/#organization"},"image":{"@type":"ImageObject","url":"https:\/\/www.binauralmedia.org\/news\/wp-content\/uploads\/Dgartes-Ouvir-tocar-e-imaginar-o-Barro-Negro-web.jpg","width":1200,"height":800},"datePublished":"2025-08-05T14:06:50+00:00","dateModified":"2025-08-13T14:20:34+00:00","inLanguage":"pt-PT","mainEntityOfPage":{"@id":"https:\/\/www.binauralmedia.org\/news\/arquivo\/24183#webpage"},"isPartOf":{"@id":"https:\/\/www.binauralmedia.org\/news\/arquivo\/24183#webpage"},"articleSection":"Not\u00edcias, Resid\u00eancias Art\u00edsticas, Optional"},{"@type":"BreadcrumbList","@id":"https:\/\/www.binauralmedia.org\/news\/arquivo\/24183#breadcrumblist","itemListElement":[{"@type":"ListItem","@id":"https:\/\/www.binauralmedia.org\/news#listItem","position":1,"name":"Home","item":"https:\/\/www.binauralmedia.org\/news","nextItem":{"@type":"ListItem","@id":"https:\/\/www.binauralmedia.org\/news\/arquivo\/category\/news#listItem","name":"Not\u00edcias"}},{"@type":"ListItem","@id":"https:\/\/www.binauralmedia.org\/news\/arquivo\/category\/news#listItem","position":2,"name":"Not\u00edcias","item":"https:\/\/www.binauralmedia.org\/news\/arquivo\/category\/news","nextItem":{"@type":"ListItem","@id":"https:\/\/www.binauralmedia.org\/news\/arquivo\/24183#listItem","name":"Ouvir, tocar e imaginar o barro negro"},"previousItem":{"@type":"ListItem","@id":"https:\/\/www.binauralmedia.org\/news#listItem","name":"Home"}},{"@type":"ListItem","@id":"https:\/\/www.binauralmedia.org\/news\/arquivo\/24183#listItem","position":3,"name":"Ouvir, tocar e imaginar o barro negro","previousItem":{"@type":"ListItem","@id":"https:\/\/www.binauralmedia.org\/news\/arquivo\/category\/news#listItem","name":"Not\u00edcias"}}]},{"@type":"Organization","@id":"https:\/\/www.binauralmedia.org\/news\/#organization","name":"binauralmedia.org","description":"Rural Based Sound\/Media Arts & Social Research","url":"https:\/\/www.binauralmedia.org\/news\/"},{"@type":"Person","@id":"https:\/\/www.binauralmedia.org\/news\/arquivo\/author\/nelyferreira#author","url":"https:\/\/www.binauralmedia.org\/news\/arquivo\/author\/nelyferreira","name":"Nely Ferreira"},{"@type":"WebPage","@id":"https:\/\/www.binauralmedia.org\/news\/arquivo\/24183#webpage","url":"https:\/\/www.binauralmedia.org\/news\/arquivo\/24183","name":"Ouvir, tocar e imaginar o barro negro - binauralmedia.org","description":"OUVIR, TOCAR E IMAGINAR O BARRO NEGRO Resid\u00eancia Art\u00edstica Ana Carucci (Argentina) 19 de agosto \u2013 7 de setembro de 2025 Ribolhos (Castro Daire, Portugal) Uma coprodu\u00e7\u00e3o entre a Binaural Nodar e o Munic\u00edpio de Castro Daire, atrav\u00e9s da sua Biblioteca Municipal e da Uni\u00e3o de Freguesias de Mamouros, Alva e Ribolhos. Uma resid\u00eancia art\u00edstica","inLanguage":"pt-PT","isPartOf":{"@id":"https:\/\/www.binauralmedia.org\/news\/#website"},"breadcrumb":{"@id":"https:\/\/www.binauralmedia.org\/news\/arquivo\/24183#breadcrumblist"},"author":{"@id":"https:\/\/www.binauralmedia.org\/news\/arquivo\/author\/nelyferreira#author"},"creator":{"@id":"https:\/\/www.binauralmedia.org\/news\/arquivo\/author\/nelyferreira#author"},"image":{"@type":"ImageObject","url":"https:\/\/www.binauralmedia.org\/news\/wp-content\/uploads\/Dgartes-Ouvir-tocar-e-imaginar-o-Barro-Negro-web.jpg","@id":"https:\/\/www.binauralmedia.org\/news\/arquivo\/24183\/#mainImage","width":1200,"height":800},"primaryImageOfPage":{"@id":"https:\/\/www.binauralmedia.org\/news\/arquivo\/24183#mainImage"},"datePublished":"2025-08-05T14:06:50+00:00","dateModified":"2025-08-13T14:20:34+00:00"},{"@type":"WebSite","@id":"https:\/\/www.binauralmedia.org\/news\/#website","url":"https:\/\/www.binauralmedia.org\/news\/","name":"binauralmedia.org","description":"Rural Based Sound\/Media Arts & Social Research","inLanguage":"pt-PT","publisher":{"@id":"https:\/\/www.binauralmedia.org\/news\/#organization"}}]},"og:locale":"pt_PT","og:site_name":"binauralmedia.org - Rural Based Sound\/Media Arts &amp; Social Research","og:type":"article","og:title":"Ouvir, tocar e imaginar o barro negro - binauralmedia.org","og:description":"OUVIR, TOCAR E IMAGINAR O BARRO NEGRO Resid\u00eancia Art\u00edstica Ana Carucci (Argentina) 19 de agosto \u2013 7 de setembro de 2025 Ribolhos (Castro Daire, Portugal) Uma coprodu\u00e7\u00e3o entre a Binaural Nodar e o Munic\u00edpio de Castro Daire, atrav\u00e9s da sua Biblioteca Municipal e da Uni\u00e3o de Freguesias de Mamouros, Alva e Ribolhos. Uma resid\u00eancia art\u00edstica","og:url":"https:\/\/www.binauralmedia.org\/news\/arquivo\/24183","article:published_time":"2025-08-05T14:06:50+00:00","article:modified_time":"2025-08-13T14:20:34+00:00","twitter:card":"summary_large_image","twitter:title":"Ouvir, tocar e imaginar o barro negro - binauralmedia.org","twitter:description":"OUVIR, TOCAR E IMAGINAR O BARRO NEGRO Resid\u00eancia Art\u00edstica Ana Carucci (Argentina) 19 de agosto \u2013 7 de setembro de 2025 Ribolhos (Castro Daire, Portugal) Uma coprodu\u00e7\u00e3o entre a Binaural Nodar e o Munic\u00edpio de Castro Daire, atrav\u00e9s da sua Biblioteca Municipal e da Uni\u00e3o de Freguesias de Mamouros, Alva e Ribolhos. Uma resid\u00eancia art\u00edstica"},"aioseo_meta_data":{"post_id":"24183","title":null,"description":null,"keywords":null,"keyphrases":null,"primary_term":null,"canonical_url":null,"og_title":null,"og_description":null,"og_object_type":"default","og_image_type":"default","og_image_custom_url":null,"og_image_custom_fields":null,"og_image_url":null,"og_image_width":null,"og_image_height":null,"og_video":null,"og_custom_url":null,"og_article_section":null,"og_article_tags":null,"twitter_use_og":false,"twitter_card":"default","twitter_image_type":"default","twitter_image_custom_url":null,"twitter_image_custom_fields":null,"twitter_image_url":null,"twitter_title":null,"twitter_description":null,"schema_type":"default","schema_type_options":null,"schema":{"blockGraphs":[],"customGraphs":[],"default":{"data":{"Article":[],"Course":[],"Dataset":[],"FAQPage":[],"Movie":[],"Person":[],"Product":[],"ProductReview":[],"Car":[],"Recipe":[],"Service":[],"SoftwareApplication":[],"WebPage":[]},"graphName":"","isEnabled":true},"graphs":[]},"pillar_content":false,"robots_default":true,"robots_noindex":false,"robots_noarchive":false,"robots_nosnippet":false,"robots_nofollow":false,"robots_noimageindex":false,"robots_noodp":false,"robots_notranslate":false,"robots_max_snippet":null,"robots_max_videopreview":null,"robots_max_imagepreview":"large","priority":null,"frequency":null,"local_seo":null,"limit_modified_date":false,"ai":null,"breadcrumb_settings":null,"seo_analyzer_scan_date":null,"created":"2026-08-05 08:13:52","updated":"2026-08-05 08:13:52","focus_keyword":null,"additional_keywords":null,"truseo_locale":null},"aioseo_breadcrumb":"<div class=\"aioseo-breadcrumbs\"><span class=\"aioseo-breadcrumb\">\n\t\t\t<a href=\"https:\/\/www.binauralmedia.org\/news\" title=\"Home\">Home<\/a>\n\t\t<\/span><span class=\"aioseo-breadcrumb-separator\">&raquo;<\/span><span class=\"aioseo-breadcrumb\">\n\t\t\t<a href=\"https:\/\/www.binauralmedia.org\/news\/arquivo\/category\/news\" title=\"Not\u00edcias\">Not\u00edcias<\/a>\n\t\t<\/span><span class=\"aioseo-breadcrumb-separator\">&raquo;<\/span><span class=\"aioseo-breadcrumb\">\n\t\t\tOuvir, tocar e imaginar o barro negro\n\t\t<\/span><\/div>","aioseo_breadcrumb_json":[{"label":"Home","link":"https:\/\/www.binauralmedia.org\/news"},{"label":"Not\u00edcias","link":"https:\/\/www.binauralmedia.org\/news\/arquivo\/category\/news"},{"label":"Ouvir, tocar e imaginar o barro negro","link":"https:\/\/www.binauralmedia.org\/news\/arquivo\/24183"}],"_links":{"self":[{"href":"https:\/\/www.binauralmedia.org\/news\/wp-json\/wp\/v2\/posts\/24183","targetHints":{"allow":["GET"]}}],"collection":[{"href":"https:\/\/www.binauralmedia.org\/news\/wp-json\/wp\/v2\/posts"}],"about":[{"href":"https:\/\/www.binauralmedia.org\/news\/wp-json\/wp\/v2\/types\/post"}],"author":[{"embeddable":true,"href":"https:\/\/www.binauralmedia.org\/news\/wp-json\/wp\/v2\/users\/8"}],"replies":[{"embeddable":true,"href":"https:\/\/www.binauralmedia.org\/news\/wp-json\/wp\/v2\/comments?post=24183"}],"version-history":[{"count":2,"href":"https:\/\/www.binauralmedia.org\/news\/wp-json\/wp\/v2\/posts\/24183\/revisions"}],"predecessor-version":[{"id":24192,"href":"https:\/\/www.binauralmedia.org\/news\/wp-json\/wp\/v2\/posts\/24183\/revisions\/24192"}],"wp:featuredmedia":[{"embeddable":true,"href":"https:\/\/www.binauralmedia.org\/news\/wp-json\/wp\/v2\/media\/24186"}],"wp:attachment":[{"href":"https:\/\/www.binauralmedia.org\/news\/wp-json\/wp\/v2\/media?parent=24183"}],"wp:term":[{"taxonomy":"category","embeddable":true,"href":"https:\/\/www.binauralmedia.org\/news\/wp-json\/wp\/v2\/categories?post=24183"},{"taxonomy":"post_tag","embeddable":true,"href":"https:\/\/www.binauralmedia.org\/news\/wp-json\/wp\/v2\/tags?post=24183"}],"curies":[{"name":"wp","href":"https:\/\/api.w.org\/{rel}","templated":true}]}}