{"id":24150,"date":"2025-08-02T11:44:01","date_gmt":"2025-08-02T11:44:01","guid":{"rendered":"https:\/\/www.binauralmedia.org\/news?p=24150"},"modified":"2025-08-13T13:52:05","modified_gmt":"2025-08-13T13:52:05","slug":"video-resumo-da-residencia-artistica-escutar-a-juventude-rural","status":"publish","type":"post","link":"https:\/\/www.binauralmedia.org\/news\/arquivo\/24150","title":{"rendered":"V\u00eddeo resumo da resid\u00eancia art\u00edstica &#8220;Escutar a juventude rural&#8221;"},"content":{"rendered":"<p><iframe src=\"https:\/\/player.vimeo.com\/video\/1109652527?title=1&amp;byline=1&amp;portrait=1&amp;color=\" width=\"640\" height=\"360\" frameborder=\"0\" webkitAllowFullScreen mozallowfullscreen allowFullScreen><\/iframe><\/p>\n<p>ESCUTAR A JUVENTUDE RURAL<br \/>\nResid\u00eancia Art\u00edstica<\/p>\n<p>V\u00e1rzea de Calde (Viseu)<br \/>\n30 junho a 12 julho 2025<\/p>\n<p>Decorreu entre 30 de junho e 12 de julho, em V\u00e1rzea de Calde, a resid\u00eancia art\u00edstica &#8220;Escutar a Juventude Rural&#8221;, promovida pela Binaural Nodar com o apoio do Munic\u00edpio de Viseu, da Junta de Freguesia de Calde e do espa\u00e7o art\u00edstico italiano Studio Flor\u00ecda. Esta iniciativa esteve integrada no projeto europeu Tramontana, uma rede de estruturas culturais que operam em contexto de montanha, cofinanciada pelo programa Europa Criativa.<\/p>\n<p>Durante duas semanas, os artistas Adriana Lopes (Portugal), Leele J\u00fcrjen (Est\u00f3nia), Lu\u00eds Costa (Portugal) e Sanae Mazouz (Marrocos\/It\u00e1lia) desenvolveram projetos art\u00edsticos que refletiram sobre as rela\u00e7\u00f5es entre juventude e os contextos rurais. As propostas partiram de temas como a sociabilidade infantil e juvenil no meio rural, o impacto das transforma\u00e7\u00f5es sociais nas aldeias e o potencial regenerador do contacto com a natureza e com as tradi\u00e7\u00f5es.<\/p>\n<p>A resid\u00eancia terminou no dia 12 de julho com uma apresenta\u00e7\u00e3o p\u00fablica dos processos art\u00edsticos desenvolvidos, num momento de partilha entre os artistas, a comunidade local e entidades parceiras.<\/p>\n<p>A Binaural Nodar \u00e9 uma entidade cultural apoiada pela Rep\u00fablica Portuguesa \u2013 Cultura, Juventude e Desporto | Dire\u00e7\u00e3o-Geral das Artes.<\/p>\n","protected":false},"excerpt":{"rendered":"<p>ESCUTAR A JUVENTUDE RURAL Resid\u00eancia Art\u00edstica V\u00e1rzea de Calde (Viseu)  [&#8230;]<\/p>\n","protected":false},"author":8,"featured_media":24171,"comment_status":"closed","ping_status":"closed","sticky":false,"template":"","format":"video","meta":{"_acf_changed":false,"_bbp_topic_count":0,"_bbp_reply_count":0,"_bbp_total_topic_count":0,"_bbp_total_reply_count":0,"_bbp_voice_count":0,"_bbp_anonymous_reply_count":0,"_bbp_topic_count_hidden":0,"_bbp_reply_count_hidden":0,"_bbp_forum_subforum_count":0,"footnotes":""},"categories":[1,676],"tags":[],"class_list":["post-24150","post","type-post","status-publish","format-video","has-post-thumbnail","hentry","category-news","category-artist-residencies","post_format-post-format-video"],"acf":[],"aioseo_notices":[],"aioseo_head":"\n\t\t<!-- All in One SEO 5.0.1.1 - aioseo.com -->\n\t<meta name=\"description\" content=\"ESCUTAR A JUVENTUDE RURAL Resid\u00eancia Art\u00edstica V\u00e1rzea de Calde (Viseu) 30 junho a 12 julho 2025 Decorreu entre 30 de junho e 12 de julho, em V\u00e1rzea de Calde, a resid\u00eancia art\u00edstica &quot;Escutar a Juventude Rural&quot;, promovida pela Binaural Nodar com o apoio do Munic\u00edpio de Viseu, da Junta de Freguesia de Calde e do\" \/>\n\t<meta name=\"robots\" content=\"max-image-preview:large\" \/>\n\t<meta name=\"author\" content=\"Nely Ferreira\"\/>\n\t<link rel=\"canonical\" href=\"https:\/\/www.binauralmedia.org\/news\/arquivo\/24150\" \/>\n\t<meta name=\"generator\" content=\"All in One SEO (AIOSEO) 5.0.1.1\" \/>\n\t\t<meta property=\"og:locale\" content=\"pt_PT\" \/>\n\t\t<meta property=\"og:site_name\" content=\"binauralmedia.org - Rural Based Sound\/Media Arts &amp; Social Research\" \/>\n\t\t<meta property=\"og:type\" content=\"article\" \/>\n\t\t<meta property=\"og:title\" content=\"V\u00eddeo resumo da resid\u00eancia art\u00edstica \u201cEscutar a juventude rural\u201d - binauralmedia.org\" \/>\n\t\t<meta property=\"og:description\" content=\"ESCUTAR A JUVENTUDE RURAL Resid\u00eancia Art\u00edstica V\u00e1rzea de Calde (Viseu) 30 junho a 12 julho 2025 Decorreu entre 30 de junho e 12 de julho, em V\u00e1rzea de Calde, a resid\u00eancia art\u00edstica &quot;Escutar a Juventude Rural&quot;, promovida pela Binaural Nodar com o apoio do Munic\u00edpio de Viseu, da Junta de Freguesia de Calde e do\" \/>\n\t\t<meta property=\"og:url\" content=\"https:\/\/www.binauralmedia.org\/news\/arquivo\/24150\" \/>\n\t\t<meta property=\"article:published_time\" content=\"2025-08-02T11:44:01+00:00\" \/>\n\t\t<meta property=\"article:modified_time\" content=\"2025-08-13T13:52:05+00:00\" \/>\n\t\t<meta name=\"twitter:card\" content=\"summary_large_image\" \/>\n\t\t<meta name=\"twitter:title\" content=\"V\u00eddeo resumo da resid\u00eancia art\u00edstica \u201cEscutar a juventude rural\u201d - binauralmedia.org\" \/>\n\t\t<meta name=\"twitter:description\" content=\"ESCUTAR A JUVENTUDE RURAL Resid\u00eancia Art\u00edstica V\u00e1rzea de Calde (Viseu) 30 junho a 12 julho 2025 Decorreu entre 30 de junho e 12 de julho, em V\u00e1rzea de Calde, a resid\u00eancia art\u00edstica &quot;Escutar a Juventude Rural&quot;, promovida pela Binaural Nodar com o apoio do Munic\u00edpio de Viseu, da Junta de Freguesia de Calde e do\" \/>\n\t\t<script type=\"application\/ld+json\" class=\"aioseo-schema\">\n\t\t\t{\"@context\":\"https:\\\/\\\/schema.org\",\"@graph\":[{\"@type\":\"BlogPosting\",\"@id\":\"https:\\\/\\\/www.binauralmedia.org\\\/news\\\/arquivo\\\/24150#blogposting\",\"name\":\"V\\u00eddeo resumo da resid\\u00eancia art\\u00edstica \\u201cEscutar a juventude rural\\u201d - binauralmedia.org\",\"headline\":\"V\\u00eddeo resumo da resid\\u00eancia art\\u00edstica &#8220;Escutar a juventude rural&#8221;\",\"author\":{\"@id\":\"https:\\\/\\\/www.binauralmedia.org\\\/news\\\/arquivo\\\/author\\\/nelyferreira#author\"},\"publisher\":{\"@id\":\"https:\\\/\\\/www.binauralmedia.org\\\/news\\\/#organization\"},\"image\":{\"@type\":\"ImageObject\",\"url\":\"https:\\\/\\\/www.binauralmedia.org\\\/news\\\/wp-content\\\/uploads\\\/1200x800-2-4.png\",\"width\":1200,\"height\":800},\"datePublished\":\"2025-08-02T11:44:01+00:00\",\"dateModified\":\"2025-08-13T13:52:05+00:00\",\"inLanguage\":\"pt-PT\",\"mainEntityOfPage\":{\"@id\":\"https:\\\/\\\/www.binauralmedia.org\\\/news\\\/arquivo\\\/24150#webpage\"},\"isPartOf\":{\"@id\":\"https:\\\/\\\/www.binauralmedia.org\\\/news\\\/arquivo\\\/24150#webpage\"},\"articleSection\":\"Not\\u00edcias, Resid\\u00eancias Art\\u00edsticas, Video, Optional\"},{\"@type\":\"BreadcrumbList\",\"@id\":\"https:\\\/\\\/www.binauralmedia.org\\\/news\\\/arquivo\\\/24150#breadcrumblist\",\"itemListElement\":[{\"@type\":\"ListItem\",\"@id\":\"https:\\\/\\\/www.binauralmedia.org\\\/news#listItem\",\"position\":1,\"name\":\"Home\",\"item\":\"https:\\\/\\\/www.binauralmedia.org\\\/news\",\"nextItem\":{\"@type\":\"ListItem\",\"@id\":\"https:\\\/\\\/www.binauralmedia.org\\\/news\\\/arquivo\\\/category\\\/news#listItem\",\"name\":\"Not\\u00edcias\"}},{\"@type\":\"ListItem\",\"@id\":\"https:\\\/\\\/www.binauralmedia.org\\\/news\\\/arquivo\\\/category\\\/news#listItem\",\"position\":2,\"name\":\"Not\\u00edcias\",\"item\":\"https:\\\/\\\/www.binauralmedia.org\\\/news\\\/arquivo\\\/category\\\/news\",\"nextItem\":{\"@type\":\"ListItem\",\"@id\":\"https:\\\/\\\/www.binauralmedia.org\\\/news\\\/arquivo\\\/24150#listItem\",\"name\":\"V\\u00eddeo resumo da resid\\u00eancia art\\u00edstica &#8220;Escutar a juventude rural&#8221;\"},\"previousItem\":{\"@type\":\"ListItem\",\"@id\":\"https:\\\/\\\/www.binauralmedia.org\\\/news#listItem\",\"name\":\"Home\"}},{\"@type\":\"ListItem\",\"@id\":\"https:\\\/\\\/www.binauralmedia.org\\\/news\\\/arquivo\\\/24150#listItem\",\"position\":3,\"name\":\"V\\u00eddeo resumo da resid\\u00eancia art\\u00edstica &#8220;Escutar a juventude rural&#8221;\",\"previousItem\":{\"@type\":\"ListItem\",\"@id\":\"https:\\\/\\\/www.binauralmedia.org\\\/news\\\/arquivo\\\/category\\\/news#listItem\",\"name\":\"Not\\u00edcias\"}}]},{\"@type\":\"Organization\",\"@id\":\"https:\\\/\\\/www.binauralmedia.org\\\/news\\\/#organization\",\"name\":\"binauralmedia.org\",\"description\":\"Rural Based Sound\\\/Media Arts & Social Research\",\"url\":\"https:\\\/\\\/www.binauralmedia.org\\\/news\\\/\"},{\"@type\":\"Person\",\"@id\":\"https:\\\/\\\/www.binauralmedia.org\\\/news\\\/arquivo\\\/author\\\/nelyferreira#author\",\"url\":\"https:\\\/\\\/www.binauralmedia.org\\\/news\\\/arquivo\\\/author\\\/nelyferreira\",\"name\":\"Nely Ferreira\"},{\"@type\":\"WebPage\",\"@id\":\"https:\\\/\\\/www.binauralmedia.org\\\/news\\\/arquivo\\\/24150#webpage\",\"url\":\"https:\\\/\\\/www.binauralmedia.org\\\/news\\\/arquivo\\\/24150\",\"name\":\"V\\u00eddeo resumo da resid\\u00eancia art\\u00edstica \\u201cEscutar a juventude rural\\u201d - binauralmedia.org\",\"description\":\"ESCUTAR A JUVENTUDE RURAL Resid\\u00eancia Art\\u00edstica V\\u00e1rzea de Calde (Viseu) 30 junho a 12 julho 2025 Decorreu entre 30 de junho e 12 de julho, em V\\u00e1rzea de Calde, a resid\\u00eancia art\\u00edstica \\\"Escutar a Juventude Rural\\\", promovida pela Binaural Nodar com o apoio do Munic\\u00edpio de Viseu, da Junta de Freguesia de Calde e do\",\"inLanguage\":\"pt-PT\",\"isPartOf\":{\"@id\":\"https:\\\/\\\/www.binauralmedia.org\\\/news\\\/#website\"},\"breadcrumb\":{\"@id\":\"https:\\\/\\\/www.binauralmedia.org\\\/news\\\/arquivo\\\/24150#breadcrumblist\"},\"author\":{\"@id\":\"https:\\\/\\\/www.binauralmedia.org\\\/news\\\/arquivo\\\/author\\\/nelyferreira#author\"},\"creator\":{\"@id\":\"https:\\\/\\\/www.binauralmedia.org\\\/news\\\/arquivo\\\/author\\\/nelyferreira#author\"},\"image\":{\"@type\":\"ImageObject\",\"url\":\"https:\\\/\\\/www.binauralmedia.org\\\/news\\\/wp-content\\\/uploads\\\/1200x800-2-4.png\",\"@id\":\"https:\\\/\\\/www.binauralmedia.org\\\/news\\\/arquivo\\\/24150\\\/#mainImage\",\"width\":1200,\"height\":800},\"primaryImageOfPage\":{\"@id\":\"https:\\\/\\\/www.binauralmedia.org\\\/news\\\/arquivo\\\/24150#mainImage\"},\"datePublished\":\"2025-08-02T11:44:01+00:00\",\"dateModified\":\"2025-08-13T13:52:05+00:00\"},{\"@type\":\"WebSite\",\"@id\":\"https:\\\/\\\/www.binauralmedia.org\\\/news\\\/#website\",\"url\":\"https:\\\/\\\/www.binauralmedia.org\\\/news\\\/\",\"name\":\"binauralmedia.org\",\"description\":\"Rural Based Sound\\\/Media Arts & Social Research\",\"inLanguage\":\"pt-PT\",\"publisher\":{\"@id\":\"https:\\\/\\\/www.binauralmedia.org\\\/news\\\/#organization\"}}]}\n\t\t<\/script>\n\t\t<!-- All in One SEO -->\n\n","aioseo_head_json":{"title":"V\u00eddeo resumo da resid\u00eancia art\u00edstica \u201cEscutar a juventude rural\u201d - binauralmedia.org","description":"ESCUTAR A JUVENTUDE RURAL Resid\u00eancia Art\u00edstica V\u00e1rzea de Calde (Viseu) 30 junho a 12 julho 2025 Decorreu entre 30 de junho e 12 de julho, em V\u00e1rzea de Calde, a resid\u00eancia art\u00edstica \"Escutar a Juventude Rural\", promovida pela Binaural Nodar com o apoio do Munic\u00edpio de Viseu, da Junta de Freguesia de Calde e do","canonical_url":"https:\/\/www.binauralmedia.org\/news\/arquivo\/24150","robots":"max-image-preview:large","keywords":"","webmasterTools":{"miscellaneous":""},"schema":{"@context":"https:\/\/schema.org","@graph":[{"@type":"BlogPosting","@id":"https:\/\/www.binauralmedia.org\/news\/arquivo\/24150#blogposting","name":"V\u00eddeo resumo da resid\u00eancia art\u00edstica \u201cEscutar a juventude rural\u201d - binauralmedia.org","headline":"V\u00eddeo resumo da resid\u00eancia art\u00edstica &#8220;Escutar a juventude rural&#8221;","author":{"@id":"https:\/\/www.binauralmedia.org\/news\/arquivo\/author\/nelyferreira#author"},"publisher":{"@id":"https:\/\/www.binauralmedia.org\/news\/#organization"},"image":{"@type":"ImageObject","url":"https:\/\/www.binauralmedia.org\/news\/wp-content\/uploads\/1200x800-2-4.png","width":1200,"height":800},"datePublished":"2025-08-02T11:44:01+00:00","dateModified":"2025-08-13T13:52:05+00:00","inLanguage":"pt-PT","mainEntityOfPage":{"@id":"https:\/\/www.binauralmedia.org\/news\/arquivo\/24150#webpage"},"isPartOf":{"@id":"https:\/\/www.binauralmedia.org\/news\/arquivo\/24150#webpage"},"articleSection":"Not\u00edcias, Resid\u00eancias Art\u00edsticas, Video, Optional"},{"@type":"BreadcrumbList","@id":"https:\/\/www.binauralmedia.org\/news\/arquivo\/24150#breadcrumblist","itemListElement":[{"@type":"ListItem","@id":"https:\/\/www.binauralmedia.org\/news#listItem","position":1,"name":"Home","item":"https:\/\/www.binauralmedia.org\/news","nextItem":{"@type":"ListItem","@id":"https:\/\/www.binauralmedia.org\/news\/arquivo\/category\/news#listItem","name":"Not\u00edcias"}},{"@type":"ListItem","@id":"https:\/\/www.binauralmedia.org\/news\/arquivo\/category\/news#listItem","position":2,"name":"Not\u00edcias","item":"https:\/\/www.binauralmedia.org\/news\/arquivo\/category\/news","nextItem":{"@type":"ListItem","@id":"https:\/\/www.binauralmedia.org\/news\/arquivo\/24150#listItem","name":"V\u00eddeo resumo da resid\u00eancia art\u00edstica &#8220;Escutar a juventude rural&#8221;"},"previousItem":{"@type":"ListItem","@id":"https:\/\/www.binauralmedia.org\/news#listItem","name":"Home"}},{"@type":"ListItem","@id":"https:\/\/www.binauralmedia.org\/news\/arquivo\/24150#listItem","position":3,"name":"V\u00eddeo resumo da resid\u00eancia art\u00edstica &#8220;Escutar a juventude rural&#8221;","previousItem":{"@type":"ListItem","@id":"https:\/\/www.binauralmedia.org\/news\/arquivo\/category\/news#listItem","name":"Not\u00edcias"}}]},{"@type":"Organization","@id":"https:\/\/www.binauralmedia.org\/news\/#organization","name":"binauralmedia.org","description":"Rural Based Sound\/Media Arts & Social Research","url":"https:\/\/www.binauralmedia.org\/news\/"},{"@type":"Person","@id":"https:\/\/www.binauralmedia.org\/news\/arquivo\/author\/nelyferreira#author","url":"https:\/\/www.binauralmedia.org\/news\/arquivo\/author\/nelyferreira","name":"Nely Ferreira"},{"@type":"WebPage","@id":"https:\/\/www.binauralmedia.org\/news\/arquivo\/24150#webpage","url":"https:\/\/www.binauralmedia.org\/news\/arquivo\/24150","name":"V\u00eddeo resumo da resid\u00eancia art\u00edstica \u201cEscutar a juventude rural\u201d - binauralmedia.org","description":"ESCUTAR A JUVENTUDE RURAL Resid\u00eancia Art\u00edstica V\u00e1rzea de Calde (Viseu) 30 junho a 12 julho 2025 Decorreu entre 30 de junho e 12 de julho, em V\u00e1rzea de Calde, a resid\u00eancia art\u00edstica \"Escutar a Juventude Rural\", promovida pela Binaural Nodar com o apoio do Munic\u00edpio de Viseu, da Junta de Freguesia de Calde e do","inLanguage":"pt-PT","isPartOf":{"@id":"https:\/\/www.binauralmedia.org\/news\/#website"},"breadcrumb":{"@id":"https:\/\/www.binauralmedia.org\/news\/arquivo\/24150#breadcrumblist"},"author":{"@id":"https:\/\/www.binauralmedia.org\/news\/arquivo\/author\/nelyferreira#author"},"creator":{"@id":"https:\/\/www.binauralmedia.org\/news\/arquivo\/author\/nelyferreira#author"},"image":{"@type":"ImageObject","url":"https:\/\/www.binauralmedia.org\/news\/wp-content\/uploads\/1200x800-2-4.png","@id":"https:\/\/www.binauralmedia.org\/news\/arquivo\/24150\/#mainImage","width":1200,"height":800},"primaryImageOfPage":{"@id":"https:\/\/www.binauralmedia.org\/news\/arquivo\/24150#mainImage"},"datePublished":"2025-08-02T11:44:01+00:00","dateModified":"2025-08-13T13:52:05+00:00"},{"@type":"WebSite","@id":"https:\/\/www.binauralmedia.org\/news\/#website","url":"https:\/\/www.binauralmedia.org\/news\/","name":"binauralmedia.org","description":"Rural Based Sound\/Media Arts & Social Research","inLanguage":"pt-PT","publisher":{"@id":"https:\/\/www.binauralmedia.org\/news\/#organization"}}]},"og:locale":"pt_PT","og:site_name":"binauralmedia.org - Rural Based Sound\/Media Arts &amp; Social Research","og:type":"article","og:title":"V\u00eddeo resumo da resid\u00eancia art\u00edstica \u201cEscutar a juventude rural\u201d - binauralmedia.org","og:description":"ESCUTAR A JUVENTUDE RURAL Resid\u00eancia Art\u00edstica V\u00e1rzea de Calde (Viseu) 30 junho a 12 julho 2025 Decorreu entre 30 de junho e 12 de julho, em V\u00e1rzea de Calde, a resid\u00eancia art\u00edstica &quot;Escutar a Juventude Rural&quot;, promovida pela Binaural Nodar com o apoio do Munic\u00edpio de Viseu, da Junta de Freguesia de Calde e do","og:url":"https:\/\/www.binauralmedia.org\/news\/arquivo\/24150","article:published_time":"2025-08-02T11:44:01+00:00","article:modified_time":"2025-08-13T13:52:05+00:00","twitter:card":"summary_large_image","twitter:title":"V\u00eddeo resumo da resid\u00eancia art\u00edstica \u201cEscutar a juventude rural\u201d - binauralmedia.org","twitter:description":"ESCUTAR A JUVENTUDE RURAL Resid\u00eancia Art\u00edstica V\u00e1rzea de Calde (Viseu) 30 junho a 12 julho 2025 Decorreu entre 30 de junho e 12 de julho, em V\u00e1rzea de Calde, a resid\u00eancia art\u00edstica &quot;Escutar a Juventude Rural&quot;, promovida pela Binaural Nodar com o apoio do Munic\u00edpio de Viseu, da Junta de Freguesia de Calde e do"},"aioseo_meta_data":{"post_id":"24150","title":null,"description":null,"keywords":null,"keyphrases":null,"primary_term":null,"canonical_url":null,"og_title":null,"og_description":null,"og_object_type":"default","og_image_type":"default","og_image_custom_url":null,"og_image_custom_fields":null,"og_image_url":null,"og_image_width":null,"og_image_height":null,"og_video":null,"og_custom_url":null,"og_article_section":null,"og_article_tags":null,"twitter_use_og":false,"twitter_card":"default","twitter_image_type":"default","twitter_image_custom_url":null,"twitter_image_custom_fields":null,"twitter_image_url":null,"twitter_title":null,"twitter_description":null,"schema_type":"default","schema_type_options":null,"schema":{"blockGraphs":[],"customGraphs":[],"default":{"data":{"Article":[],"Course":[],"Dataset":[],"FAQPage":[],"Movie":[],"Person":[],"Product":[],"ProductReview":[],"Car":[],"Recipe":[],"Service":[],"SoftwareApplication":[],"WebPage":[]},"graphName":"","isEnabled":true},"graphs":[]},"pillar_content":false,"robots_default":true,"robots_noindex":false,"robots_noarchive":false,"robots_nosnippet":false,"robots_nofollow":false,"robots_noimageindex":false,"robots_noodp":false,"robots_notranslate":false,"robots_max_snippet":null,"robots_max_videopreview":null,"robots_max_imagepreview":"large","priority":null,"frequency":null,"local_seo":null,"limit_modified_date":false,"ai":null,"breadcrumb_settings":null,"seo_analyzer_scan_date":null,"created":"2026-08-05 08:11:51","updated":"2026-08-05 08:11:51","focus_keyword":null,"additional_keywords":null,"truseo_locale":null},"aioseo_breadcrumb":"<div class=\"aioseo-breadcrumbs\"><span class=\"aioseo-breadcrumb\">\n\t\t\t<a href=\"https:\/\/www.binauralmedia.org\/news\" title=\"Home\">Home<\/a>\n\t\t<\/span><span class=\"aioseo-breadcrumb-separator\">&raquo;<\/span><span class=\"aioseo-breadcrumb\">\n\t\t\t<a href=\"https:\/\/www.binauralmedia.org\/news\/arquivo\/category\/news\" title=\"Not\u00edcias\">Not\u00edcias<\/a>\n\t\t<\/span><span class=\"aioseo-breadcrumb-separator\">&raquo;<\/span><span class=\"aioseo-breadcrumb\">\n\t\t\tV\u00eddeo resumo da resid\u00eancia art\u00edstica \u201cEscutar a juventude rural\u201d\n\t\t<\/span><\/div>","aioseo_breadcrumb_json":[{"label":"Home","link":"https:\/\/www.binauralmedia.org\/news"},{"label":"Not\u00edcias","link":"https:\/\/www.binauralmedia.org\/news\/arquivo\/category\/news"},{"label":"V\u00eddeo resumo da resid\u00eancia art\u00edstica &#8220;Escutar a juventude rural&#8221;","link":"https:\/\/www.binauralmedia.org\/news\/arquivo\/24150"}],"_links":{"self":[{"href":"https:\/\/www.binauralmedia.org\/news\/wp-json\/wp\/v2\/posts\/24150","targetHints":{"allow":["GET"]}}],"collection":[{"href":"https:\/\/www.binauralmedia.org\/news\/wp-json\/wp\/v2\/posts"}],"about":[{"href":"https:\/\/www.binauralmedia.org\/news\/wp-json\/wp\/v2\/types\/post"}],"author":[{"embeddable":true,"href":"https:\/\/www.binauralmedia.org\/news\/wp-json\/wp\/v2\/users\/8"}],"replies":[{"embeddable":true,"href":"https:\/\/www.binauralmedia.org\/news\/wp-json\/wp\/v2\/comments?post=24150"}],"version-history":[{"count":1,"href":"https:\/\/www.binauralmedia.org\/news\/wp-json\/wp\/v2\/posts\/24150\/revisions"}],"predecessor-version":[{"id":24173,"href":"https:\/\/www.binauralmedia.org\/news\/wp-json\/wp\/v2\/posts\/24150\/revisions\/24173"}],"wp:featuredmedia":[{"embeddable":true,"href":"https:\/\/www.binauralmedia.org\/news\/wp-json\/wp\/v2\/media\/24171"}],"wp:attachment":[{"href":"https:\/\/www.binauralmedia.org\/news\/wp-json\/wp\/v2\/media?parent=24150"}],"wp:term":[{"taxonomy":"category","embeddable":true,"href":"https:\/\/www.binauralmedia.org\/news\/wp-json\/wp\/v2\/categories?post=24150"},{"taxonomy":"post_tag","embeddable":true,"href":"https:\/\/www.binauralmedia.org\/news\/wp-json\/wp\/v2\/tags?post=24150"}],"curies":[{"name":"wp","href":"https:\/\/api.w.org\/{rel}","templated":true}]}}