{"id":23921,"date":"2025-07-07T13:35:26","date_gmt":"2025-07-07T13:35:26","guid":{"rendered":"https:\/\/www.binauralmedia.org\/news?p=23921"},"modified":"2025-07-15T13:37:27","modified_gmt":"2025-07-15T13:37:27","slug":"sketch-and-sound-atelies-de-deriva-sonora-e-visual","status":"publish","type":"post","link":"https:\/\/www.binauralmedia.org\/news\/arquivo\/23921","title":{"rendered":"&#8220;Sketch and Sound&#8221; ateli\u00eas de deriva sonora e visual"},"content":{"rendered":"<p>SKETCH &#038; SOUND<br \/>\nAteli\u00eas de deriva sonora e visual<br \/>\nV\u00e1rzea de Calde, Julho 2025<\/p>\n<p>A Binaural Nodar prop\u00f5e em julho de 2025 os ateli\u00eas de ver\u00e3o &#8220;Sketch &#038; Sound&#8221;, desenvolvidos no Museu do Linho de V\u00e1rzea de Calde, em parceria com o Munic\u00edpio de Viseu e com a Junta de Freguesia de Calde. Os ateli\u00eas &#8220;Sketch &#038; Sound&#8221; est\u00e3o integrados nas atividades da rede Tramontana, um projeto co-financiado pelo Programa Europa Criativa da Uni\u00e3o Europeia.<\/p>\n<p>Estes ateli\u00eas consistem num conjunto de derivas espont\u00e2neas pelo espa\u00e7o interior e exterior do Museu do Linho e pela aldeia de V\u00e1rzea de Calde, com o objetivo de estimular nas crian\u00e7as uma escuta sens\u00edvel e uma compreens\u00e3o da rela\u00e7\u00e3o entre o universo sonoro e o universo do desenho, relacionando-os, cruzando-os e contrapondo-os.<\/p>\n<p>O resultado final destes ateli\u00eas ser\u00e1 apresentado em agosto, na forma de uma pe\u00e7a audiovisual que reunir\u00e1 a sensibilidade de dezenas de crian\u00e7as.<\/p>\n<p>Informa\u00e7\u00f5es quanto a inscri\u00e7\u00f5es de grupos nestes ateli\u00eas, atrav\u00e9s do telefone 232 427 428 e do email museu.varzea@cmviseu.pt.<\/p>\n<p>A Binaural Nodar \u00e9 uma entidade cultural apoiada pela Rep\u00fablica Portuguesa | Cultura &#8211; Dire\u00e7\u00e3o Geral das Artes.<\/p>\n","protected":false},"excerpt":{"rendered":"<p>SKETCH &#038; SOUND Ateli\u00eas de deriva sonora e visual V\u00e1rzea  [&#8230;]<\/p>\n","protected":false},"author":8,"featured_media":23922,"comment_status":"closed","ping_status":"closed","sticky":false,"template":"","format":"standard","meta":{"_acf_changed":false,"_bbp_topic_count":0,"_bbp_reply_count":0,"_bbp_total_topic_count":0,"_bbp_total_reply_count":0,"_bbp_voice_count":0,"_bbp_anonymous_reply_count":0,"_bbp_topic_count_hidden":0,"_bbp_reply_count_hidden":0,"_bbp_forum_subforum_count":0,"footnotes":""},"categories":[1,1159],"tags":[],"class_list":["post-23921","post","type-post","status-publish","format-standard","has-post-thumbnail","hentry","category-news","category-educational-programme"],"acf":[],"aioseo_notices":[],"aioseo_head":"\n\t\t<!-- All in One SEO 5.0.1.1 - aioseo.com -->\n\t<meta name=\"description\" content=\"SKETCH &amp; SOUND Ateli\u00eas de deriva sonora e visual V\u00e1rzea de Calde, Julho 2025 A Binaural Nodar prop\u00f5e em julho de 2025 os ateli\u00eas de ver\u00e3o &quot;Sketch &amp; Sound&quot;, desenvolvidos no Museu do Linho de V\u00e1rzea de Calde, em parceria com o Munic\u00edpio de Viseu e com a Junta de Freguesia de Calde. Os ateli\u00eas\" \/>\n\t<meta name=\"robots\" content=\"max-image-preview:large\" \/>\n\t<meta name=\"author\" content=\"Nely Ferreira\"\/>\n\t<link rel=\"canonical\" href=\"https:\/\/www.binauralmedia.org\/news\/arquivo\/23921\" \/>\n\t<meta name=\"generator\" content=\"All in One SEO (AIOSEO) 5.0.1.1\" \/>\n\t\t<meta property=\"og:locale\" content=\"pt_PT\" \/>\n\t\t<meta property=\"og:site_name\" content=\"binauralmedia.org - Rural Based Sound\/Media Arts &amp; Social Research\" \/>\n\t\t<meta property=\"og:type\" content=\"article\" \/>\n\t\t<meta property=\"og:title\" content=\"\u201cSketch and Sound\u201d ateli\u00eas de deriva sonora e visual - binauralmedia.org\" \/>\n\t\t<meta property=\"og:description\" content=\"SKETCH &amp; SOUND Ateli\u00eas de deriva sonora e visual V\u00e1rzea de Calde, Julho 2025 A Binaural Nodar prop\u00f5e em julho de 2025 os ateli\u00eas de ver\u00e3o &quot;Sketch &amp; Sound&quot;, desenvolvidos no Museu do Linho de V\u00e1rzea de Calde, em parceria com o Munic\u00edpio de Viseu e com a Junta de Freguesia de Calde. Os ateli\u00eas\" \/>\n\t\t<meta property=\"og:url\" content=\"https:\/\/www.binauralmedia.org\/news\/arquivo\/23921\" \/>\n\t\t<meta property=\"article:published_time\" content=\"2025-07-07T13:35:26+00:00\" \/>\n\t\t<meta property=\"article:modified_time\" content=\"2025-07-15T13:37:27+00:00\" \/>\n\t\t<meta name=\"twitter:card\" content=\"summary_large_image\" \/>\n\t\t<meta name=\"twitter:title\" content=\"\u201cSketch and Sound\u201d ateli\u00eas de deriva sonora e visual - binauralmedia.org\" \/>\n\t\t<meta name=\"twitter:description\" content=\"SKETCH &amp; SOUND Ateli\u00eas de deriva sonora e visual V\u00e1rzea de Calde, Julho 2025 A Binaural Nodar prop\u00f5e em julho de 2025 os ateli\u00eas de ver\u00e3o &quot;Sketch &amp; Sound&quot;, desenvolvidos no Museu do Linho de V\u00e1rzea de Calde, em parceria com o Munic\u00edpio de Viseu e com a Junta de Freguesia de Calde. Os ateli\u00eas\" \/>\n\t\t<script type=\"application\/ld+json\" class=\"aioseo-schema\">\n\t\t\t{\"@context\":\"https:\\\/\\\/schema.org\",\"@graph\":[{\"@type\":\"BlogPosting\",\"@id\":\"https:\\\/\\\/www.binauralmedia.org\\\/news\\\/arquivo\\\/23921#blogposting\",\"name\":\"\\u201cSketch and Sound\\u201d ateli\\u00eas de deriva sonora e visual - binauralmedia.org\",\"headline\":\"&#8220;Sketch and Sound&#8221; ateli\\u00eas de deriva sonora e visual\",\"author\":{\"@id\":\"https:\\\/\\\/www.binauralmedia.org\\\/news\\\/arquivo\\\/author\\\/nelyferreira#author\"},\"publisher\":{\"@id\":\"https:\\\/\\\/www.binauralmedia.org\\\/news\\\/#organization\"},\"image\":{\"@type\":\"ImageObject\",\"url\":\"https:\\\/\\\/www.binauralmedia.org\\\/news\\\/wp-content\\\/uploads\\\/sketchsound2025-1200x800-1.jpg\",\"width\":1200,\"height\":800},\"datePublished\":\"2025-07-07T13:35:26+00:00\",\"dateModified\":\"2025-07-15T13:37:27+00:00\",\"inLanguage\":\"pt-PT\",\"mainEntityOfPage\":{\"@id\":\"https:\\\/\\\/www.binauralmedia.org\\\/news\\\/arquivo\\\/23921#webpage\"},\"isPartOf\":{\"@id\":\"https:\\\/\\\/www.binauralmedia.org\\\/news\\\/arquivo\\\/23921#webpage\"},\"articleSection\":\"Not\\u00edcias, Programa Educativo, Optional\"},{\"@type\":\"BreadcrumbList\",\"@id\":\"https:\\\/\\\/www.binauralmedia.org\\\/news\\\/arquivo\\\/23921#breadcrumblist\",\"itemListElement\":[{\"@type\":\"ListItem\",\"@id\":\"https:\\\/\\\/www.binauralmedia.org\\\/news#listItem\",\"position\":1,\"name\":\"Home\",\"item\":\"https:\\\/\\\/www.binauralmedia.org\\\/news\",\"nextItem\":{\"@type\":\"ListItem\",\"@id\":\"https:\\\/\\\/www.binauralmedia.org\\\/news\\\/arquivo\\\/category\\\/news#listItem\",\"name\":\"Not\\u00edcias\"}},{\"@type\":\"ListItem\",\"@id\":\"https:\\\/\\\/www.binauralmedia.org\\\/news\\\/arquivo\\\/category\\\/news#listItem\",\"position\":2,\"name\":\"Not\\u00edcias\",\"item\":\"https:\\\/\\\/www.binauralmedia.org\\\/news\\\/arquivo\\\/category\\\/news\",\"nextItem\":{\"@type\":\"ListItem\",\"@id\":\"https:\\\/\\\/www.binauralmedia.org\\\/news\\\/arquivo\\\/23921#listItem\",\"name\":\"&#8220;Sketch and Sound&#8221; ateli\\u00eas de deriva sonora e visual\"},\"previousItem\":{\"@type\":\"ListItem\",\"@id\":\"https:\\\/\\\/www.binauralmedia.org\\\/news#listItem\",\"name\":\"Home\"}},{\"@type\":\"ListItem\",\"@id\":\"https:\\\/\\\/www.binauralmedia.org\\\/news\\\/arquivo\\\/23921#listItem\",\"position\":3,\"name\":\"&#8220;Sketch and Sound&#8221; ateli\\u00eas de deriva sonora e visual\",\"previousItem\":{\"@type\":\"ListItem\",\"@id\":\"https:\\\/\\\/www.binauralmedia.org\\\/news\\\/arquivo\\\/category\\\/news#listItem\",\"name\":\"Not\\u00edcias\"}}]},{\"@type\":\"Organization\",\"@id\":\"https:\\\/\\\/www.binauralmedia.org\\\/news\\\/#organization\",\"name\":\"binauralmedia.org\",\"description\":\"Rural Based Sound\\\/Media Arts & Social Research\",\"url\":\"https:\\\/\\\/www.binauralmedia.org\\\/news\\\/\"},{\"@type\":\"Person\",\"@id\":\"https:\\\/\\\/www.binauralmedia.org\\\/news\\\/arquivo\\\/author\\\/nelyferreira#author\",\"url\":\"https:\\\/\\\/www.binauralmedia.org\\\/news\\\/arquivo\\\/author\\\/nelyferreira\",\"name\":\"Nely Ferreira\"},{\"@type\":\"WebPage\",\"@id\":\"https:\\\/\\\/www.binauralmedia.org\\\/news\\\/arquivo\\\/23921#webpage\",\"url\":\"https:\\\/\\\/www.binauralmedia.org\\\/news\\\/arquivo\\\/23921\",\"name\":\"\\u201cSketch and Sound\\u201d ateli\\u00eas de deriva sonora e visual - binauralmedia.org\",\"description\":\"SKETCH & SOUND Ateli\\u00eas de deriva sonora e visual V\\u00e1rzea de Calde, Julho 2025 A Binaural Nodar prop\\u00f5e em julho de 2025 os ateli\\u00eas de ver\\u00e3o \\\"Sketch & Sound\\\", desenvolvidos no Museu do Linho de V\\u00e1rzea de Calde, em parceria com o Munic\\u00edpio de Viseu e com a Junta de Freguesia de Calde. Os ateli\\u00eas\",\"inLanguage\":\"pt-PT\",\"isPartOf\":{\"@id\":\"https:\\\/\\\/www.binauralmedia.org\\\/news\\\/#website\"},\"breadcrumb\":{\"@id\":\"https:\\\/\\\/www.binauralmedia.org\\\/news\\\/arquivo\\\/23921#breadcrumblist\"},\"author\":{\"@id\":\"https:\\\/\\\/www.binauralmedia.org\\\/news\\\/arquivo\\\/author\\\/nelyferreira#author\"},\"creator\":{\"@id\":\"https:\\\/\\\/www.binauralmedia.org\\\/news\\\/arquivo\\\/author\\\/nelyferreira#author\"},\"image\":{\"@type\":\"ImageObject\",\"url\":\"https:\\\/\\\/www.binauralmedia.org\\\/news\\\/wp-content\\\/uploads\\\/sketchsound2025-1200x800-1.jpg\",\"@id\":\"https:\\\/\\\/www.binauralmedia.org\\\/news\\\/arquivo\\\/23921\\\/#mainImage\",\"width\":1200,\"height\":800},\"primaryImageOfPage\":{\"@id\":\"https:\\\/\\\/www.binauralmedia.org\\\/news\\\/arquivo\\\/23921#mainImage\"},\"datePublished\":\"2025-07-07T13:35:26+00:00\",\"dateModified\":\"2025-07-15T13:37:27+00:00\"},{\"@type\":\"WebSite\",\"@id\":\"https:\\\/\\\/www.binauralmedia.org\\\/news\\\/#website\",\"url\":\"https:\\\/\\\/www.binauralmedia.org\\\/news\\\/\",\"name\":\"binauralmedia.org\",\"description\":\"Rural Based Sound\\\/Media Arts & Social Research\",\"inLanguage\":\"pt-PT\",\"publisher\":{\"@id\":\"https:\\\/\\\/www.binauralmedia.org\\\/news\\\/#organization\"}}]}\n\t\t<\/script>\n\t\t<!-- All in One SEO -->\n\n","aioseo_head_json":{"title":"\u201cSketch and Sound\u201d ateli\u00eas de deriva sonora e visual - binauralmedia.org","description":"SKETCH & SOUND Ateli\u00eas de deriva sonora e visual V\u00e1rzea de Calde, Julho 2025 A Binaural Nodar prop\u00f5e em julho de 2025 os ateli\u00eas de ver\u00e3o \"Sketch & Sound\", desenvolvidos no Museu do Linho de V\u00e1rzea de Calde, em parceria com o Munic\u00edpio de Viseu e com a Junta de Freguesia de Calde. Os ateli\u00eas","canonical_url":"https:\/\/www.binauralmedia.org\/news\/arquivo\/23921","robots":"max-image-preview:large","keywords":"","webmasterTools":{"miscellaneous":""},"schema":{"@context":"https:\/\/schema.org","@graph":[{"@type":"BlogPosting","@id":"https:\/\/www.binauralmedia.org\/news\/arquivo\/23921#blogposting","name":"\u201cSketch and Sound\u201d ateli\u00eas de deriva sonora e visual - binauralmedia.org","headline":"&#8220;Sketch and Sound&#8221; ateli\u00eas de deriva sonora e visual","author":{"@id":"https:\/\/www.binauralmedia.org\/news\/arquivo\/author\/nelyferreira#author"},"publisher":{"@id":"https:\/\/www.binauralmedia.org\/news\/#organization"},"image":{"@type":"ImageObject","url":"https:\/\/www.binauralmedia.org\/news\/wp-content\/uploads\/sketchsound2025-1200x800-1.jpg","width":1200,"height":800},"datePublished":"2025-07-07T13:35:26+00:00","dateModified":"2025-07-15T13:37:27+00:00","inLanguage":"pt-PT","mainEntityOfPage":{"@id":"https:\/\/www.binauralmedia.org\/news\/arquivo\/23921#webpage"},"isPartOf":{"@id":"https:\/\/www.binauralmedia.org\/news\/arquivo\/23921#webpage"},"articleSection":"Not\u00edcias, Programa Educativo, Optional"},{"@type":"BreadcrumbList","@id":"https:\/\/www.binauralmedia.org\/news\/arquivo\/23921#breadcrumblist","itemListElement":[{"@type":"ListItem","@id":"https:\/\/www.binauralmedia.org\/news#listItem","position":1,"name":"Home","item":"https:\/\/www.binauralmedia.org\/news","nextItem":{"@type":"ListItem","@id":"https:\/\/www.binauralmedia.org\/news\/arquivo\/category\/news#listItem","name":"Not\u00edcias"}},{"@type":"ListItem","@id":"https:\/\/www.binauralmedia.org\/news\/arquivo\/category\/news#listItem","position":2,"name":"Not\u00edcias","item":"https:\/\/www.binauralmedia.org\/news\/arquivo\/category\/news","nextItem":{"@type":"ListItem","@id":"https:\/\/www.binauralmedia.org\/news\/arquivo\/23921#listItem","name":"&#8220;Sketch and Sound&#8221; ateli\u00eas de deriva sonora e visual"},"previousItem":{"@type":"ListItem","@id":"https:\/\/www.binauralmedia.org\/news#listItem","name":"Home"}},{"@type":"ListItem","@id":"https:\/\/www.binauralmedia.org\/news\/arquivo\/23921#listItem","position":3,"name":"&#8220;Sketch and Sound&#8221; ateli\u00eas de deriva sonora e visual","previousItem":{"@type":"ListItem","@id":"https:\/\/www.binauralmedia.org\/news\/arquivo\/category\/news#listItem","name":"Not\u00edcias"}}]},{"@type":"Organization","@id":"https:\/\/www.binauralmedia.org\/news\/#organization","name":"binauralmedia.org","description":"Rural Based Sound\/Media Arts & Social Research","url":"https:\/\/www.binauralmedia.org\/news\/"},{"@type":"Person","@id":"https:\/\/www.binauralmedia.org\/news\/arquivo\/author\/nelyferreira#author","url":"https:\/\/www.binauralmedia.org\/news\/arquivo\/author\/nelyferreira","name":"Nely Ferreira"},{"@type":"WebPage","@id":"https:\/\/www.binauralmedia.org\/news\/arquivo\/23921#webpage","url":"https:\/\/www.binauralmedia.org\/news\/arquivo\/23921","name":"\u201cSketch and Sound\u201d ateli\u00eas de deriva sonora e visual - binauralmedia.org","description":"SKETCH & SOUND Ateli\u00eas de deriva sonora e visual V\u00e1rzea de Calde, Julho 2025 A Binaural Nodar prop\u00f5e em julho de 2025 os ateli\u00eas de ver\u00e3o \"Sketch & Sound\", desenvolvidos no Museu do Linho de V\u00e1rzea de Calde, em parceria com o Munic\u00edpio de Viseu e com a Junta de Freguesia de Calde. Os ateli\u00eas","inLanguage":"pt-PT","isPartOf":{"@id":"https:\/\/www.binauralmedia.org\/news\/#website"},"breadcrumb":{"@id":"https:\/\/www.binauralmedia.org\/news\/arquivo\/23921#breadcrumblist"},"author":{"@id":"https:\/\/www.binauralmedia.org\/news\/arquivo\/author\/nelyferreira#author"},"creator":{"@id":"https:\/\/www.binauralmedia.org\/news\/arquivo\/author\/nelyferreira#author"},"image":{"@type":"ImageObject","url":"https:\/\/www.binauralmedia.org\/news\/wp-content\/uploads\/sketchsound2025-1200x800-1.jpg","@id":"https:\/\/www.binauralmedia.org\/news\/arquivo\/23921\/#mainImage","width":1200,"height":800},"primaryImageOfPage":{"@id":"https:\/\/www.binauralmedia.org\/news\/arquivo\/23921#mainImage"},"datePublished":"2025-07-07T13:35:26+00:00","dateModified":"2025-07-15T13:37:27+00:00"},{"@type":"WebSite","@id":"https:\/\/www.binauralmedia.org\/news\/#website","url":"https:\/\/www.binauralmedia.org\/news\/","name":"binauralmedia.org","description":"Rural Based Sound\/Media Arts & Social Research","inLanguage":"pt-PT","publisher":{"@id":"https:\/\/www.binauralmedia.org\/news\/#organization"}}]},"og:locale":"pt_PT","og:site_name":"binauralmedia.org - Rural Based Sound\/Media Arts &amp; Social Research","og:type":"article","og:title":"\u201cSketch and Sound\u201d ateli\u00eas de deriva sonora e visual - binauralmedia.org","og:description":"SKETCH &amp; SOUND Ateli\u00eas de deriva sonora e visual V\u00e1rzea de Calde, Julho 2025 A Binaural Nodar prop\u00f5e em julho de 2025 os ateli\u00eas de ver\u00e3o &quot;Sketch &amp; Sound&quot;, desenvolvidos no Museu do Linho de V\u00e1rzea de Calde, em parceria com o Munic\u00edpio de Viseu e com a Junta de Freguesia de Calde. Os ateli\u00eas","og:url":"https:\/\/www.binauralmedia.org\/news\/arquivo\/23921","article:published_time":"2025-07-07T13:35:26+00:00","article:modified_time":"2025-07-15T13:37:27+00:00","twitter:card":"summary_large_image","twitter:title":"\u201cSketch and Sound\u201d ateli\u00eas de deriva sonora e visual - binauralmedia.org","twitter:description":"SKETCH &amp; SOUND Ateli\u00eas de deriva sonora e visual V\u00e1rzea de Calde, Julho 2025 A Binaural Nodar prop\u00f5e em julho de 2025 os ateli\u00eas de ver\u00e3o &quot;Sketch &amp; Sound&quot;, desenvolvidos no Museu do Linho de V\u00e1rzea de Calde, em parceria com o Munic\u00edpio de Viseu e com a Junta de Freguesia de Calde. Os ateli\u00eas"},"aioseo_meta_data":{"post_id":"23921","title":null,"description":null,"keywords":null,"keyphrases":null,"primary_term":null,"canonical_url":null,"og_title":null,"og_description":null,"og_object_type":"default","og_image_type":"default","og_image_custom_url":null,"og_image_custom_fields":null,"og_image_url":null,"og_image_width":null,"og_image_height":null,"og_video":null,"og_custom_url":null,"og_article_section":null,"og_article_tags":null,"twitter_use_og":false,"twitter_card":"default","twitter_image_type":"default","twitter_image_custom_url":null,"twitter_image_custom_fields":null,"twitter_image_url":null,"twitter_title":null,"twitter_description":null,"schema_type":"default","schema_type_options":null,"schema":{"blockGraphs":[],"customGraphs":[],"default":{"data":{"Article":[],"Course":[],"Dataset":[],"FAQPage":[],"Movie":[],"Person":[],"Product":[],"ProductReview":[],"Car":[],"Recipe":[],"Service":[],"SoftwareApplication":[],"WebPage":[]},"graphName":"","isEnabled":true},"graphs":[]},"pillar_content":false,"robots_default":true,"robots_noindex":false,"robots_noarchive":false,"robots_nosnippet":false,"robots_nofollow":false,"robots_noimageindex":false,"robots_noodp":false,"robots_notranslate":false,"robots_max_snippet":null,"robots_max_videopreview":null,"robots_max_imagepreview":"large","priority":null,"frequency":null,"local_seo":null,"limit_modified_date":false,"ai":null,"breadcrumb_settings":null,"seo_analyzer_scan_date":null,"created":"2026-08-05 08:06:55","updated":"2026-08-05 08:06:55","focus_keyword":null,"additional_keywords":null,"truseo_locale":null},"aioseo_breadcrumb":"<div class=\"aioseo-breadcrumbs\"><span class=\"aioseo-breadcrumb\">\n\t\t\t<a href=\"https:\/\/www.binauralmedia.org\/news\" title=\"Home\">Home<\/a>\n\t\t<\/span><span class=\"aioseo-breadcrumb-separator\">&raquo;<\/span><span class=\"aioseo-breadcrumb\">\n\t\t\t<a href=\"https:\/\/www.binauralmedia.org\/news\/arquivo\/category\/news\" title=\"Not\u00edcias\">Not\u00edcias<\/a>\n\t\t<\/span><span class=\"aioseo-breadcrumb-separator\">&raquo;<\/span><span class=\"aioseo-breadcrumb\">\n\t\t\t\u201cSketch and Sound\u201d ateli\u00eas de deriva sonora e visual\n\t\t<\/span><\/div>","aioseo_breadcrumb_json":[{"label":"Home","link":"https:\/\/www.binauralmedia.org\/news"},{"label":"Not\u00edcias","link":"https:\/\/www.binauralmedia.org\/news\/arquivo\/category\/news"},{"label":"&#8220;Sketch and Sound&#8221; ateli\u00eas de deriva sonora e visual","link":"https:\/\/www.binauralmedia.org\/news\/arquivo\/23921"}],"_links":{"self":[{"href":"https:\/\/www.binauralmedia.org\/news\/wp-json\/wp\/v2\/posts\/23921","targetHints":{"allow":["GET"]}}],"collection":[{"href":"https:\/\/www.binauralmedia.org\/news\/wp-json\/wp\/v2\/posts"}],"about":[{"href":"https:\/\/www.binauralmedia.org\/news\/wp-json\/wp\/v2\/types\/post"}],"author":[{"embeddable":true,"href":"https:\/\/www.binauralmedia.org\/news\/wp-json\/wp\/v2\/users\/8"}],"replies":[{"embeddable":true,"href":"https:\/\/www.binauralmedia.org\/news\/wp-json\/wp\/v2\/comments?post=23921"}],"version-history":[{"count":1,"href":"https:\/\/www.binauralmedia.org\/news\/wp-json\/wp\/v2\/posts\/23921\/revisions"}],"predecessor-version":[{"id":23924,"href":"https:\/\/www.binauralmedia.org\/news\/wp-json\/wp\/v2\/posts\/23921\/revisions\/23924"}],"wp:featuredmedia":[{"embeddable":true,"href":"https:\/\/www.binauralmedia.org\/news\/wp-json\/wp\/v2\/media\/23922"}],"wp:attachment":[{"href":"https:\/\/www.binauralmedia.org\/news\/wp-json\/wp\/v2\/media?parent=23921"}],"wp:term":[{"taxonomy":"category","embeddable":true,"href":"https:\/\/www.binauralmedia.org\/news\/wp-json\/wp\/v2\/categories?post=23921"},{"taxonomy":"post_tag","embeddable":true,"href":"https:\/\/www.binauralmedia.org\/news\/wp-json\/wp\/v2\/tags?post=23921"}],"curies":[{"name":"wp","href":"https:\/\/api.w.org\/{rel}","templated":true}]}}