{"id":23903,"date":"2025-07-02T11:52:24","date_gmt":"2025-07-02T11:52:24","guid":{"rendered":"https:\/\/www.binauralmedia.org\/news?p=23903"},"modified":"2025-07-16T10:22:58","modified_gmt":"2025-07-16T10:22:58","slug":"serra-santa-uma-pela-sonora-no-festival-goat-community","status":"publish","type":"post","link":"https:\/\/www.binauralmedia.org\/news\/arquivo\/23903","title":{"rendered":"&#8220;Serra Santa&#8221; cria\u00e7\u00e3o art\u00edstica de Ana Ferreira no Festival GOAT Community"},"content":{"rendered":"<div class=\"fusion-fullwidth fullwidth-box fusion-builder-row-1 fusion-flex-container nonhundred-percent-fullwidth non-hundred-percent-height-scrolling\" style=\"--awb-border-radius-top-left:0px;--awb-border-radius-top-right:0px;--awb-border-radius-bottom-right:0px;--awb-border-radius-bottom-left:0px;--awb-flex-wrap:wrap;\" ><div class=\"fusion-builder-row fusion-row fusion-flex-align-items-flex-start fusion-flex-content-wrap\" style=\"max-width:1144px;margin-left: calc(-4% \/ 2 );margin-right: calc(-4% \/ 2 );\"><div class=\"fusion-layout-column fusion_builder_column fusion-builder-column-0 fusion_builder_column_1_1 1_1 fusion-flex-column\" style=\"--awb-bg-size:cover;--awb-width-large:100%;--awb-margin-top-large:0px;--awb-spacing-right-large:1.92%;--awb-margin-bottom-large:0px;--awb-spacing-left-large:1.92%;--awb-width-medium:100%;--awb-spacing-right-medium:1.92%;--awb-spacing-left-medium:1.92%;--awb-width-small:100%;--awb-spacing-right-small:1.92%;--awb-spacing-left-small:1.92%;\"><div class=\"fusion-column-wrapper fusion-flex-justify-content-flex-start fusion-content-layout-column\"><div class=\"fusion-text fusion-text-1\"><p>SERRA SANTA<br \/>Uma cria\u00e7\u00e3o art\u00edstica de Ana Margarida Ferreira<\/p>\n<p>Festival GOAT Community | Fraguinha, S\u00e3o Pedro do Sul<br \/>De 02 a 07 de julho 2025<\/p>\n<p>Com inspira\u00e7\u00e3o na eterna lenda de S\u00e3o Mac\u00e1rio, &#8220;Serra Santa&#8221;, \u00e9 uma pe\u00e7a sonora que visa explorar o impacto deste mesmo conto na atmosfera dos povos circundantes.<\/p>\n<p>Ao longo da pe\u00e7a, escutam-se balidos de ovelhas e pequenos cordeiros, passos sobre solo irregular, vento e outros sons ambiente que ajudam a definir a localiza\u00e7\u00e3o espacial da a\u00e7\u00e3o sonora. Esses elementos s\u00e3o pontualmente acompanhados por camadas vocais e interven\u00e7\u00f5es sonoras que sugerem uma presen\u00e7a humana ligada a pr\u00e1ticas espirituais ou comunit\u00e1rias.<\/p>\n<p>A pe\u00e7a em si, constru\u00edda a partir de material de arquivo fornecido pela Binaural Nodar &#8211; Associa\u00e7\u00e3o Cultural, faz uso de t\u00e9cnicas de grava\u00e7\u00e3o de campo, sobreposi\u00e7\u00e3o de camadas e repeti\u00e7\u00e3o do som. A narrativa sonora mant\u00e9m um ritmo constante, evitando grandes contrastes din\u00e2micos ou cortes abruptos, e opta por uma escuta prolongada e cont\u00ednua do ambiente e das suas varia\u00e7\u00f5es m\u00ednimas.<\/p>\n<p>&#8220;Serra Santa&#8221; prop\u00f5e uma escuta atenta de um territ\u00f3rio, onde o som funciona como um ve\u00edculo de mem\u00f3ria, de cren\u00e7a e de presen\u00e7a.<\/p>\n<p>FICHA ART\u00cdSTICA E T\u00c9CNICA:<br \/>Autoria: Ana Margarida Ferreira<br \/>Montagem: Ana Margarida Ferreira e Andreia Mota<br \/>Registos Sonoros: Celine Direito, Dennis B\u00e1thory-Kitsz, Elizabeth Rua, In\u00eas Costa, Jo\u00e3o Gil, Jos\u00e9 Gomes, Laurry Malainho, Lina Martins, Lu\u00eds Costa, Marta Duarte, Nely Ferreira e Tatiana Rocha<\/p>\n<p>A Binaural Nodar \u00e9 uma entidade apoiada pela Rep\u00fablica Portuguesa &#8211; Cultura | Dire\u00e7\u00e3o-Geral das Artes.<\/p>\n<\/div><\/div><\/div><\/div><\/div>\n","protected":false},"excerpt":{"rendered":"","protected":false},"author":8,"featured_media":23904,"comment_status":"closed","ping_status":"closed","sticky":false,"template":"","format":"standard","meta":{"_acf_changed":false,"_bbp_topic_count":0,"_bbp_reply_count":0,"_bbp_total_topic_count":0,"_bbp_total_reply_count":0,"_bbp_voice_count":0,"_bbp_anonymous_reply_count":0,"_bbp_topic_count_hidden":0,"_bbp_reply_count_hidden":0,"_bbp_forum_subforum_count":0,"footnotes":""},"categories":[1161,1],"tags":[],"class_list":["post-23903","post","type-post","status-publish","format-standard","has-post-thumbnail","hentry","category-artistic-creations","category-news"],"acf":[],"aioseo_notices":[],"aioseo_head":"\n\t\t<!-- All in One SEO 5.0.1.1 - aioseo.com -->\n\t<meta name=\"description\" content=\"SERRA SANTAUma cria\u00e7\u00e3o art\u00edstica de Ana Margarida Ferreira Festival GOAT Community | Fraguinha, S\u00e3o Pedro do SulDe 02 a 07 de julho 2025 Com inspira\u00e7\u00e3o na eterna lenda de S\u00e3o Mac\u00e1rio, \u201cSerra Santa\u201d, \u00e9 uma pe\u00e7a sonora que visa explorar o impacto deste mesmo conto na atmosfera dos povos circundantes. Ao longo da pe\u00e7a, escutam-se\" \/>\n\t<meta name=\"robots\" content=\"max-image-preview:large\" \/>\n\t<meta name=\"author\" content=\"Nely Ferreira\"\/>\n\t<link rel=\"canonical\" href=\"https:\/\/www.binauralmedia.org\/news\/arquivo\/23903\" \/>\n\t<meta name=\"generator\" content=\"All in One SEO (AIOSEO) 5.0.1.1\" \/>\n\t\t<meta property=\"og:locale\" content=\"pt_PT\" \/>\n\t\t<meta property=\"og:site_name\" content=\"binauralmedia.org - Rural Based Sound\/Media Arts &amp; Social Research\" \/>\n\t\t<meta property=\"og:type\" content=\"article\" \/>\n\t\t<meta property=\"og:title\" content=\"\u201cSerra Santa\u201d cria\u00e7\u00e3o art\u00edstica de Ana Ferreira no Festival GOAT Community - binauralmedia.org\" \/>\n\t\t<meta property=\"og:description\" content=\"SERRA SANTAUma cria\u00e7\u00e3o art\u00edstica de Ana Margarida Ferreira Festival GOAT Community | Fraguinha, S\u00e3o Pedro do SulDe 02 a 07 de julho 2025 Com inspira\u00e7\u00e3o na eterna lenda de S\u00e3o Mac\u00e1rio, \u201cSerra Santa\u201d, \u00e9 uma pe\u00e7a sonora que visa explorar o impacto deste mesmo conto na atmosfera dos povos circundantes. Ao longo da pe\u00e7a, escutam-se\" \/>\n\t\t<meta property=\"og:url\" content=\"https:\/\/www.binauralmedia.org\/news\/arquivo\/23903\" \/>\n\t\t<meta property=\"article:published_time\" content=\"2025-07-02T11:52:24+00:00\" \/>\n\t\t<meta property=\"article:modified_time\" content=\"2025-07-16T10:22:58+00:00\" \/>\n\t\t<meta name=\"twitter:card\" content=\"summary_large_image\" \/>\n\t\t<meta name=\"twitter:title\" content=\"\u201cSerra Santa\u201d cria\u00e7\u00e3o art\u00edstica de Ana Ferreira no Festival GOAT Community - binauralmedia.org\" \/>\n\t\t<meta name=\"twitter:description\" content=\"SERRA SANTAUma cria\u00e7\u00e3o art\u00edstica de Ana Margarida Ferreira Festival GOAT Community | Fraguinha, S\u00e3o Pedro do SulDe 02 a 07 de julho 2025 Com inspira\u00e7\u00e3o na eterna lenda de S\u00e3o Mac\u00e1rio, \u201cSerra Santa\u201d, \u00e9 uma pe\u00e7a sonora que visa explorar o impacto deste mesmo conto na atmosfera dos povos circundantes. Ao longo da pe\u00e7a, escutam-se\" \/>\n\t\t<script type=\"application\/ld+json\" class=\"aioseo-schema\">\n\t\t\t{\"@context\":\"https:\\\/\\\/schema.org\",\"@graph\":[{\"@type\":\"BlogPosting\",\"@id\":\"https:\\\/\\\/www.binauralmedia.org\\\/news\\\/arquivo\\\/23903#blogposting\",\"name\":\"\\u201cSerra Santa\\u201d cria\\u00e7\\u00e3o art\\u00edstica de Ana Ferreira no Festival GOAT Community - binauralmedia.org\",\"headline\":\"&#8220;Serra Santa&#8221; cria\\u00e7\\u00e3o art\\u00edstica de Ana Ferreira no Festival GOAT Community\",\"author\":{\"@id\":\"https:\\\/\\\/www.binauralmedia.org\\\/news\\\/arquivo\\\/author\\\/nelyferreira#author\"},\"publisher\":{\"@id\":\"https:\\\/\\\/www.binauralmedia.org\\\/news\\\/#organization\"},\"image\":{\"@type\":\"ImageObject\",\"url\":\"https:\\\/\\\/www.binauralmedia.org\\\/news\\\/wp-content\\\/uploads\\\/1200x800-3-1.png\",\"width\":1200,\"height\":800},\"datePublished\":\"2025-07-02T11:52:24+00:00\",\"dateModified\":\"2025-07-16T10:22:58+00:00\",\"inLanguage\":\"pt-PT\",\"mainEntityOfPage\":{\"@id\":\"https:\\\/\\\/www.binauralmedia.org\\\/news\\\/arquivo\\\/23903#webpage\"},\"isPartOf\":{\"@id\":\"https:\\\/\\\/www.binauralmedia.org\\\/news\\\/arquivo\\\/23903#webpage\"},\"articleSection\":\"Cria\\u00e7\\u00f5es Art\\u00edsticas, Not\\u00edcias, Optional\"},{\"@type\":\"BreadcrumbList\",\"@id\":\"https:\\\/\\\/www.binauralmedia.org\\\/news\\\/arquivo\\\/23903#breadcrumblist\",\"itemListElement\":[{\"@type\":\"ListItem\",\"@id\":\"https:\\\/\\\/www.binauralmedia.org\\\/news#listItem\",\"position\":1,\"name\":\"Home\",\"item\":\"https:\\\/\\\/www.binauralmedia.org\\\/news\",\"nextItem\":{\"@type\":\"ListItem\",\"@id\":\"https:\\\/\\\/www.binauralmedia.org\\\/news\\\/arquivo\\\/category\\\/news#listItem\",\"name\":\"Not\\u00edcias\"}},{\"@type\":\"ListItem\",\"@id\":\"https:\\\/\\\/www.binauralmedia.org\\\/news\\\/arquivo\\\/category\\\/news#listItem\",\"position\":2,\"name\":\"Not\\u00edcias\",\"item\":\"https:\\\/\\\/www.binauralmedia.org\\\/news\\\/arquivo\\\/category\\\/news\",\"nextItem\":{\"@type\":\"ListItem\",\"@id\":\"https:\\\/\\\/www.binauralmedia.org\\\/news\\\/arquivo\\\/23903#listItem\",\"name\":\"&#8220;Serra Santa&#8221; cria\\u00e7\\u00e3o art\\u00edstica de Ana Ferreira no Festival GOAT Community\"},\"previousItem\":{\"@type\":\"ListItem\",\"@id\":\"https:\\\/\\\/www.binauralmedia.org\\\/news#listItem\",\"name\":\"Home\"}},{\"@type\":\"ListItem\",\"@id\":\"https:\\\/\\\/www.binauralmedia.org\\\/news\\\/arquivo\\\/23903#listItem\",\"position\":3,\"name\":\"&#8220;Serra Santa&#8221; cria\\u00e7\\u00e3o art\\u00edstica de Ana Ferreira no Festival GOAT Community\",\"previousItem\":{\"@type\":\"ListItem\",\"@id\":\"https:\\\/\\\/www.binauralmedia.org\\\/news\\\/arquivo\\\/category\\\/news#listItem\",\"name\":\"Not\\u00edcias\"}}]},{\"@type\":\"Organization\",\"@id\":\"https:\\\/\\\/www.binauralmedia.org\\\/news\\\/#organization\",\"name\":\"binauralmedia.org\",\"description\":\"Rural Based Sound\\\/Media Arts & Social Research\",\"url\":\"https:\\\/\\\/www.binauralmedia.org\\\/news\\\/\"},{\"@type\":\"Person\",\"@id\":\"https:\\\/\\\/www.binauralmedia.org\\\/news\\\/arquivo\\\/author\\\/nelyferreira#author\",\"url\":\"https:\\\/\\\/www.binauralmedia.org\\\/news\\\/arquivo\\\/author\\\/nelyferreira\",\"name\":\"Nely Ferreira\"},{\"@type\":\"WebPage\",\"@id\":\"https:\\\/\\\/www.binauralmedia.org\\\/news\\\/arquivo\\\/23903#webpage\",\"url\":\"https:\\\/\\\/www.binauralmedia.org\\\/news\\\/arquivo\\\/23903\",\"name\":\"\\u201cSerra Santa\\u201d cria\\u00e7\\u00e3o art\\u00edstica de Ana Ferreira no Festival GOAT Community - binauralmedia.org\",\"description\":\"SERRA SANTAUma cria\\u00e7\\u00e3o art\\u00edstica de Ana Margarida Ferreira Festival GOAT Community | Fraguinha, S\\u00e3o Pedro do SulDe 02 a 07 de julho 2025 Com inspira\\u00e7\\u00e3o na eterna lenda de S\\u00e3o Mac\\u00e1rio, \\u201cSerra Santa\\u201d, \\u00e9 uma pe\\u00e7a sonora que visa explorar o impacto deste mesmo conto na atmosfera dos povos circundantes. Ao longo da pe\\u00e7a, escutam-se\",\"inLanguage\":\"pt-PT\",\"isPartOf\":{\"@id\":\"https:\\\/\\\/www.binauralmedia.org\\\/news\\\/#website\"},\"breadcrumb\":{\"@id\":\"https:\\\/\\\/www.binauralmedia.org\\\/news\\\/arquivo\\\/23903#breadcrumblist\"},\"author\":{\"@id\":\"https:\\\/\\\/www.binauralmedia.org\\\/news\\\/arquivo\\\/author\\\/nelyferreira#author\"},\"creator\":{\"@id\":\"https:\\\/\\\/www.binauralmedia.org\\\/news\\\/arquivo\\\/author\\\/nelyferreira#author\"},\"image\":{\"@type\":\"ImageObject\",\"url\":\"https:\\\/\\\/www.binauralmedia.org\\\/news\\\/wp-content\\\/uploads\\\/1200x800-3-1.png\",\"@id\":\"https:\\\/\\\/www.binauralmedia.org\\\/news\\\/arquivo\\\/23903\\\/#mainImage\",\"width\":1200,\"height\":800},\"primaryImageOfPage\":{\"@id\":\"https:\\\/\\\/www.binauralmedia.org\\\/news\\\/arquivo\\\/23903#mainImage\"},\"datePublished\":\"2025-07-02T11:52:24+00:00\",\"dateModified\":\"2025-07-16T10:22:58+00:00\"},{\"@type\":\"WebSite\",\"@id\":\"https:\\\/\\\/www.binauralmedia.org\\\/news\\\/#website\",\"url\":\"https:\\\/\\\/www.binauralmedia.org\\\/news\\\/\",\"name\":\"binauralmedia.org\",\"description\":\"Rural Based Sound\\\/Media Arts & Social Research\",\"inLanguage\":\"pt-PT\",\"publisher\":{\"@id\":\"https:\\\/\\\/www.binauralmedia.org\\\/news\\\/#organization\"}}]}\n\t\t<\/script>\n\t\t<!-- All in One SEO -->\n\n","aioseo_head_json":{"title":"\u201cSerra Santa\u201d cria\u00e7\u00e3o art\u00edstica de Ana Ferreira no Festival GOAT Community - binauralmedia.org","description":"SERRA SANTAUma cria\u00e7\u00e3o art\u00edstica de Ana Margarida Ferreira Festival GOAT Community | Fraguinha, S\u00e3o Pedro do SulDe 02 a 07 de julho 2025 Com inspira\u00e7\u00e3o na eterna lenda de S\u00e3o Mac\u00e1rio, \u201cSerra Santa\u201d, \u00e9 uma pe\u00e7a sonora que visa explorar o impacto deste mesmo conto na atmosfera dos povos circundantes. Ao longo da pe\u00e7a, escutam-se","canonical_url":"https:\/\/www.binauralmedia.org\/news\/arquivo\/23903","robots":"max-image-preview:large","keywords":"","webmasterTools":{"miscellaneous":""},"schema":{"@context":"https:\/\/schema.org","@graph":[{"@type":"BlogPosting","@id":"https:\/\/www.binauralmedia.org\/news\/arquivo\/23903#blogposting","name":"\u201cSerra Santa\u201d cria\u00e7\u00e3o art\u00edstica de Ana Ferreira no Festival GOAT Community - binauralmedia.org","headline":"&#8220;Serra Santa&#8221; cria\u00e7\u00e3o art\u00edstica de Ana Ferreira no Festival GOAT Community","author":{"@id":"https:\/\/www.binauralmedia.org\/news\/arquivo\/author\/nelyferreira#author"},"publisher":{"@id":"https:\/\/www.binauralmedia.org\/news\/#organization"},"image":{"@type":"ImageObject","url":"https:\/\/www.binauralmedia.org\/news\/wp-content\/uploads\/1200x800-3-1.png","width":1200,"height":800},"datePublished":"2025-07-02T11:52:24+00:00","dateModified":"2025-07-16T10:22:58+00:00","inLanguage":"pt-PT","mainEntityOfPage":{"@id":"https:\/\/www.binauralmedia.org\/news\/arquivo\/23903#webpage"},"isPartOf":{"@id":"https:\/\/www.binauralmedia.org\/news\/arquivo\/23903#webpage"},"articleSection":"Cria\u00e7\u00f5es Art\u00edsticas, Not\u00edcias, Optional"},{"@type":"BreadcrumbList","@id":"https:\/\/www.binauralmedia.org\/news\/arquivo\/23903#breadcrumblist","itemListElement":[{"@type":"ListItem","@id":"https:\/\/www.binauralmedia.org\/news#listItem","position":1,"name":"Home","item":"https:\/\/www.binauralmedia.org\/news","nextItem":{"@type":"ListItem","@id":"https:\/\/www.binauralmedia.org\/news\/arquivo\/category\/news#listItem","name":"Not\u00edcias"}},{"@type":"ListItem","@id":"https:\/\/www.binauralmedia.org\/news\/arquivo\/category\/news#listItem","position":2,"name":"Not\u00edcias","item":"https:\/\/www.binauralmedia.org\/news\/arquivo\/category\/news","nextItem":{"@type":"ListItem","@id":"https:\/\/www.binauralmedia.org\/news\/arquivo\/23903#listItem","name":"&#8220;Serra Santa&#8221; cria\u00e7\u00e3o art\u00edstica de Ana Ferreira no Festival GOAT Community"},"previousItem":{"@type":"ListItem","@id":"https:\/\/www.binauralmedia.org\/news#listItem","name":"Home"}},{"@type":"ListItem","@id":"https:\/\/www.binauralmedia.org\/news\/arquivo\/23903#listItem","position":3,"name":"&#8220;Serra Santa&#8221; cria\u00e7\u00e3o art\u00edstica de Ana Ferreira no Festival GOAT Community","previousItem":{"@type":"ListItem","@id":"https:\/\/www.binauralmedia.org\/news\/arquivo\/category\/news#listItem","name":"Not\u00edcias"}}]},{"@type":"Organization","@id":"https:\/\/www.binauralmedia.org\/news\/#organization","name":"binauralmedia.org","description":"Rural Based Sound\/Media Arts & Social Research","url":"https:\/\/www.binauralmedia.org\/news\/"},{"@type":"Person","@id":"https:\/\/www.binauralmedia.org\/news\/arquivo\/author\/nelyferreira#author","url":"https:\/\/www.binauralmedia.org\/news\/arquivo\/author\/nelyferreira","name":"Nely Ferreira"},{"@type":"WebPage","@id":"https:\/\/www.binauralmedia.org\/news\/arquivo\/23903#webpage","url":"https:\/\/www.binauralmedia.org\/news\/arquivo\/23903","name":"\u201cSerra Santa\u201d cria\u00e7\u00e3o art\u00edstica de Ana Ferreira no Festival GOAT Community - binauralmedia.org","description":"SERRA SANTAUma cria\u00e7\u00e3o art\u00edstica de Ana Margarida Ferreira Festival GOAT Community | Fraguinha, S\u00e3o Pedro do SulDe 02 a 07 de julho 2025 Com inspira\u00e7\u00e3o na eterna lenda de S\u00e3o Mac\u00e1rio, \u201cSerra Santa\u201d, \u00e9 uma pe\u00e7a sonora que visa explorar o impacto deste mesmo conto na atmosfera dos povos circundantes. Ao longo da pe\u00e7a, escutam-se","inLanguage":"pt-PT","isPartOf":{"@id":"https:\/\/www.binauralmedia.org\/news\/#website"},"breadcrumb":{"@id":"https:\/\/www.binauralmedia.org\/news\/arquivo\/23903#breadcrumblist"},"author":{"@id":"https:\/\/www.binauralmedia.org\/news\/arquivo\/author\/nelyferreira#author"},"creator":{"@id":"https:\/\/www.binauralmedia.org\/news\/arquivo\/author\/nelyferreira#author"},"image":{"@type":"ImageObject","url":"https:\/\/www.binauralmedia.org\/news\/wp-content\/uploads\/1200x800-3-1.png","@id":"https:\/\/www.binauralmedia.org\/news\/arquivo\/23903\/#mainImage","width":1200,"height":800},"primaryImageOfPage":{"@id":"https:\/\/www.binauralmedia.org\/news\/arquivo\/23903#mainImage"},"datePublished":"2025-07-02T11:52:24+00:00","dateModified":"2025-07-16T10:22:58+00:00"},{"@type":"WebSite","@id":"https:\/\/www.binauralmedia.org\/news\/#website","url":"https:\/\/www.binauralmedia.org\/news\/","name":"binauralmedia.org","description":"Rural Based Sound\/Media Arts & Social Research","inLanguage":"pt-PT","publisher":{"@id":"https:\/\/www.binauralmedia.org\/news\/#organization"}}]},"og:locale":"pt_PT","og:site_name":"binauralmedia.org - Rural Based Sound\/Media Arts &amp; Social Research","og:type":"article","og:title":"\u201cSerra Santa\u201d cria\u00e7\u00e3o art\u00edstica de Ana Ferreira no Festival GOAT Community - binauralmedia.org","og:description":"SERRA SANTAUma cria\u00e7\u00e3o art\u00edstica de Ana Margarida Ferreira Festival GOAT Community | Fraguinha, S\u00e3o Pedro do SulDe 02 a 07 de julho 2025 Com inspira\u00e7\u00e3o na eterna lenda de S\u00e3o Mac\u00e1rio, \u201cSerra Santa\u201d, \u00e9 uma pe\u00e7a sonora que visa explorar o impacto deste mesmo conto na atmosfera dos povos circundantes. Ao longo da pe\u00e7a, escutam-se","og:url":"https:\/\/www.binauralmedia.org\/news\/arquivo\/23903","article:published_time":"2025-07-02T11:52:24+00:00","article:modified_time":"2025-07-16T10:22:58+00:00","twitter:card":"summary_large_image","twitter:title":"\u201cSerra Santa\u201d cria\u00e7\u00e3o art\u00edstica de Ana Ferreira no Festival GOAT Community - binauralmedia.org","twitter:description":"SERRA SANTAUma cria\u00e7\u00e3o art\u00edstica de Ana Margarida Ferreira Festival GOAT Community | Fraguinha, S\u00e3o Pedro do SulDe 02 a 07 de julho 2025 Com inspira\u00e7\u00e3o na eterna lenda de S\u00e3o Mac\u00e1rio, \u201cSerra Santa\u201d, \u00e9 uma pe\u00e7a sonora que visa explorar o impacto deste mesmo conto na atmosfera dos povos circundantes. Ao longo da pe\u00e7a, escutam-se"},"aioseo_meta_data":{"post_id":"23903","title":null,"description":null,"keywords":null,"keyphrases":null,"primary_term":null,"canonical_url":null,"og_title":null,"og_description":null,"og_object_type":"default","og_image_type":"default","og_image_custom_url":null,"og_image_custom_fields":null,"og_image_url":null,"og_image_width":null,"og_image_height":null,"og_video":null,"og_custom_url":null,"og_article_section":null,"og_article_tags":null,"twitter_use_og":false,"twitter_card":"default","twitter_image_type":"default","twitter_image_custom_url":null,"twitter_image_custom_fields":null,"twitter_image_url":null,"twitter_title":null,"twitter_description":null,"schema_type":"default","schema_type_options":null,"schema":{"blockGraphs":[],"customGraphs":[],"default":{"data":{"Article":[],"Course":[],"Dataset":[],"FAQPage":[],"Movie":[],"Person":[],"Product":[],"ProductReview":[],"Car":[],"Recipe":[],"Service":[],"SoftwareApplication":[],"WebPage":[]},"graphName":"","isEnabled":true},"graphs":[]},"pillar_content":false,"robots_default":true,"robots_noindex":false,"robots_noarchive":false,"robots_nosnippet":false,"robots_nofollow":false,"robots_noimageindex":false,"robots_noodp":false,"robots_notranslate":false,"robots_max_snippet":null,"robots_max_videopreview":null,"robots_max_imagepreview":"large","priority":null,"frequency":null,"local_seo":null,"limit_modified_date":false,"ai":null,"breadcrumb_settings":null,"seo_analyzer_scan_date":null,"created":"2026-08-05 08:06:52","updated":"2026-08-05 08:06:52","focus_keyword":null,"additional_keywords":null,"truseo_locale":null},"aioseo_breadcrumb":"<div class=\"aioseo-breadcrumbs\"><span class=\"aioseo-breadcrumb\">\n\t\t\t<a href=\"https:\/\/www.binauralmedia.org\/news\" title=\"Home\">Home<\/a>\n\t\t<\/span><span class=\"aioseo-breadcrumb-separator\">&raquo;<\/span><span class=\"aioseo-breadcrumb\">\n\t\t\t<a href=\"https:\/\/www.binauralmedia.org\/news\/arquivo\/category\/news\" title=\"Not\u00edcias\">Not\u00edcias<\/a>\n\t\t<\/span><span class=\"aioseo-breadcrumb-separator\">&raquo;<\/span><span class=\"aioseo-breadcrumb\">\n\t\t\t\u201cSerra Santa\u201d cria\u00e7\u00e3o art\u00edstica de Ana Ferreira no Festival GOAT Community\n\t\t<\/span><\/div>","aioseo_breadcrumb_json":[{"label":"Home","link":"https:\/\/www.binauralmedia.org\/news"},{"label":"Not\u00edcias","link":"https:\/\/www.binauralmedia.org\/news\/arquivo\/category\/news"},{"label":"&#8220;Serra Santa&#8221; cria\u00e7\u00e3o art\u00edstica de Ana Ferreira no Festival GOAT Community","link":"https:\/\/www.binauralmedia.org\/news\/arquivo\/23903"}],"_links":{"self":[{"href":"https:\/\/www.binauralmedia.org\/news\/wp-json\/wp\/v2\/posts\/23903","targetHints":{"allow":["GET"]}}],"collection":[{"href":"https:\/\/www.binauralmedia.org\/news\/wp-json\/wp\/v2\/posts"}],"about":[{"href":"https:\/\/www.binauralmedia.org\/news\/wp-json\/wp\/v2\/types\/post"}],"author":[{"embeddable":true,"href":"https:\/\/www.binauralmedia.org\/news\/wp-json\/wp\/v2\/users\/8"}],"replies":[{"embeddable":true,"href":"https:\/\/www.binauralmedia.org\/news\/wp-json\/wp\/v2\/comments?post=23903"}],"version-history":[{"count":3,"href":"https:\/\/www.binauralmedia.org\/news\/wp-json\/wp\/v2\/posts\/23903\/revisions"}],"predecessor-version":[{"id":23969,"href":"https:\/\/www.binauralmedia.org\/news\/wp-json\/wp\/v2\/posts\/23903\/revisions\/23969"}],"wp:featuredmedia":[{"embeddable":true,"href":"https:\/\/www.binauralmedia.org\/news\/wp-json\/wp\/v2\/media\/23904"}],"wp:attachment":[{"href":"https:\/\/www.binauralmedia.org\/news\/wp-json\/wp\/v2\/media?parent=23903"}],"wp:term":[{"taxonomy":"category","embeddable":true,"href":"https:\/\/www.binauralmedia.org\/news\/wp-json\/wp\/v2\/categories?post=23903"},{"taxonomy":"post_tag","embeddable":true,"href":"https:\/\/www.binauralmedia.org\/news\/wp-json\/wp\/v2\/tags?post=23903"}],"curies":[{"name":"wp","href":"https:\/\/api.w.org\/{rel}","templated":true}]}}