{"id":23698,"date":"2025-05-16T16:17:04","date_gmt":"2025-05-16T16:17:04","guid":{"rendered":"https:\/\/www.binauralmedia.org\/news?p=23698"},"modified":"2025-05-22T16:21:50","modified_gmt":"2025-05-22T16:21:50","slug":"passeio-sonoro-do-pisao","status":"publish","type":"post","link":"https:\/\/www.binauralmedia.org\/news\/arquivo\/23698","title":{"rendered":"Passeio Sonoro do Pis\u00e3o"},"content":{"rendered":"<p>PASSEIO SONORO DO PIS\u00c3O<br \/>\nS\u00e1bado, 24 de maio, 9h00<br \/>\nParadu\u00e7a (Calde, Viseu)<br \/>\n\u00a0<br \/>\nPonto de Encontro:<br \/>\nOficina do Ferreiro<br \/>\n(Travessa do Ferreiro, Paradu\u00e7a)<br \/>\n\u00a0<br \/>\nUma iniciativa da Associa\u00e7\u00e3o Social, Cultural, Desportiva e Recreativa de Paradu\u00e7a em colabora\u00e7\u00e3o com a Junta de Freguesia de Calde, o Munic\u00edpio de Viseu e a Binaural Nodar.<br \/>\n\u00a0<br \/>\nA Associa\u00e7\u00e3o Social, Cultural, Desportiva e Recreativa de Paradu\u00e7a levou a cabo nos \u00faltimos anos a requalifica\u00e7\u00e3o de um edif\u00edcio com alto valor patrimonial: um pis\u00e3o situado na margem do rio Vouga junto \u00e0 aldeia de Paradu\u00e7a. O pis\u00e3o \u00e9 edif\u00edcio com um mecanismo rotativo em madeira que serve para a elabora\u00e7\u00e3o do burel, tecidos de l\u00e3 imperme\u00e1veis com os quais se faziam antigamente as tradicionais capuchas.<br \/>\n\u00a0<br \/>\nAproveitando a exist\u00eancia na aldeia de Paradu\u00e7a de outro edif\u00edcio reabilitado, uma oficina do ferreiro com forja e pequeno espa\u00e7o museol\u00f3gico e interpretativo, o passeio sonoro do Pis\u00e3o iniciar\u00e1 neste local, com uma contextualiza\u00e7\u00e3o sobre a hist\u00f3ria da fam\u00edlia de ferreiros da aldeia e seguir\u00e1 um trilho at\u00e9 ao rio Vouga, no \u00e2mbito do qual os participantes poder\u00e3o ouvir e gravar a paisagem sonora com diversos microfones disponibilizados pela associa\u00e7\u00e3o Binaural Nodar, parceira do evento.<br \/>\n\u00a0<br \/>\nO passeio terminar\u00e1 com uma contextualiza\u00e7\u00e3o sobre o funcionamento do pis\u00e3o e um momento de conv\u00edvio com a popula\u00e7\u00e3o local.<br \/>\n\u00a0<br \/>\nO passeio sonoro \u00e9 gratuito, n\u00e3o necessitando de reserva, bastando aparecer \u00e0s 9h00 na Travessa do Ferreiro de Paradu\u00e7a.<\/p>\n<p>A Binaural Nodar \u00e9 uma entidade cultural apoiada pela Rep\u00fablica Portuguesa &#8211; Cultura | Dire\u00e7\u00e3o-Geral das Artes.<\/p>\n","protected":false},"excerpt":{"rendered":"<p>PASSEIO SONORO DO PIS\u00c3O S\u00e1bado, 24 de maio, 9h00 Paradu\u00e7a  [&#8230;]<\/p>\n","protected":false},"author":8,"featured_media":23699,"comment_status":"closed","ping_status":"closed","sticky":false,"template":"","format":"standard","meta":{"_acf_changed":false,"_bbp_topic_count":0,"_bbp_reply_count":0,"_bbp_total_topic_count":0,"_bbp_total_reply_count":0,"_bbp_voice_count":0,"_bbp_anonymous_reply_count":0,"_bbp_topic_count_hidden":0,"_bbp_reply_count_hidden":0,"_bbp_forum_subforum_count":0,"footnotes":""},"categories":[1158,1],"tags":[],"class_list":["post-23698","post","type-post","status-publish","format-standard","has-post-thumbnail","hentry","category-visual-sound-ethnograhpy","category-news"],"acf":[],"aioseo_notices":[],"aioseo_head":"\n\t\t<!-- All in One SEO 5.0.1.1 - aioseo.com -->\n\t<meta name=\"description\" content=\"PASSEIO SONORO DO PIS\u00c3O S\u00e1bado, 24 de maio, 9h00 Paradu\u00e7a (Calde, Viseu) Ponto de Encontro: Oficina do Ferreiro (Travessa do Ferreiro, Paradu\u00e7a) Uma iniciativa da Associa\u00e7\u00e3o Social, Cultural, Desportiva e Recreativa de Paradu\u00e7a em colabora\u00e7\u00e3o com a Junta de Freguesia de Calde, o Munic\u00edpio de Viseu e a Binaural Nodar. A Associa\u00e7\u00e3o\" \/>\n\t<meta name=\"robots\" content=\"max-image-preview:large\" \/>\n\t<meta name=\"author\" content=\"Nely Ferreira\"\/>\n\t<link rel=\"canonical\" href=\"https:\/\/www.binauralmedia.org\/news\/arquivo\/23698\" \/>\n\t<meta name=\"generator\" content=\"All in One SEO (AIOSEO) 5.0.1.1\" \/>\n\t\t<meta property=\"og:locale\" content=\"pt_PT\" \/>\n\t\t<meta property=\"og:site_name\" content=\"binauralmedia.org - Rural Based Sound\/Media Arts &amp; Social Research\" \/>\n\t\t<meta property=\"og:type\" content=\"article\" \/>\n\t\t<meta property=\"og:title\" content=\"Passeio Sonoro do Pis\u00e3o - binauralmedia.org\" \/>\n\t\t<meta property=\"og:description\" content=\"PASSEIO SONORO DO PIS\u00c3O S\u00e1bado, 24 de maio, 9h00 Paradu\u00e7a (Calde, Viseu) Ponto de Encontro: Oficina do Ferreiro (Travessa do Ferreiro, Paradu\u00e7a) Uma iniciativa da Associa\u00e7\u00e3o Social, Cultural, Desportiva e Recreativa de Paradu\u00e7a em colabora\u00e7\u00e3o com a Junta de Freguesia de Calde, o Munic\u00edpio de Viseu e a Binaural Nodar. A Associa\u00e7\u00e3o\" \/>\n\t\t<meta property=\"og:url\" content=\"https:\/\/www.binauralmedia.org\/news\/arquivo\/23698\" \/>\n\t\t<meta property=\"article:published_time\" content=\"2025-05-16T16:17:04+00:00\" \/>\n\t\t<meta property=\"article:modified_time\" content=\"2025-05-22T16:21:50+00:00\" \/>\n\t\t<meta name=\"twitter:card\" content=\"summary_large_image\" \/>\n\t\t<meta name=\"twitter:title\" content=\"Passeio Sonoro do Pis\u00e3o - binauralmedia.org\" \/>\n\t\t<meta name=\"twitter:description\" content=\"PASSEIO SONORO DO PIS\u00c3O S\u00e1bado, 24 de maio, 9h00 Paradu\u00e7a (Calde, Viseu) Ponto de Encontro: Oficina do Ferreiro (Travessa do Ferreiro, Paradu\u00e7a) Uma iniciativa da Associa\u00e7\u00e3o Social, Cultural, Desportiva e Recreativa de Paradu\u00e7a em colabora\u00e7\u00e3o com a Junta de Freguesia de Calde, o Munic\u00edpio de Viseu e a Binaural Nodar. A Associa\u00e7\u00e3o\" \/>\n\t\t<script type=\"application\/ld+json\" class=\"aioseo-schema\">\n\t\t\t{\"@context\":\"https:\\\/\\\/schema.org\",\"@graph\":[{\"@type\":\"BlogPosting\",\"@id\":\"https:\\\/\\\/www.binauralmedia.org\\\/news\\\/arquivo\\\/23698#blogposting\",\"name\":\"Passeio Sonoro do Pis\\u00e3o - binauralmedia.org\",\"headline\":\"Passeio Sonoro do Pis\\u00e3o\",\"author\":{\"@id\":\"https:\\\/\\\/www.binauralmedia.org\\\/news\\\/arquivo\\\/author\\\/nelyferreira#author\"},\"publisher\":{\"@id\":\"https:\\\/\\\/www.binauralmedia.org\\\/news\\\/#organization\"},\"image\":{\"@type\":\"ImageObject\",\"url\":\"https:\\\/\\\/www.binauralmedia.org\\\/news\\\/wp-content\\\/uploads\\\/Design-sem-nome-2-1.png\",\"width\":1200,\"height\":800},\"datePublished\":\"2025-05-16T16:17:04+00:00\",\"dateModified\":\"2025-05-22T16:21:50+00:00\",\"inLanguage\":\"pt-PT\",\"mainEntityOfPage\":{\"@id\":\"https:\\\/\\\/www.binauralmedia.org\\\/news\\\/arquivo\\\/23698#webpage\"},\"isPartOf\":{\"@id\":\"https:\\\/\\\/www.binauralmedia.org\\\/news\\\/arquivo\\\/23698#webpage\"},\"articleSection\":\"Etnografia Sonora e Visual, Not\\u00edcias, Optional\"},{\"@type\":\"BreadcrumbList\",\"@id\":\"https:\\\/\\\/www.binauralmedia.org\\\/news\\\/arquivo\\\/23698#breadcrumblist\",\"itemListElement\":[{\"@type\":\"ListItem\",\"@id\":\"https:\\\/\\\/www.binauralmedia.org\\\/news#listItem\",\"position\":1,\"name\":\"Home\",\"item\":\"https:\\\/\\\/www.binauralmedia.org\\\/news\",\"nextItem\":{\"@type\":\"ListItem\",\"@id\":\"https:\\\/\\\/www.binauralmedia.org\\\/news\\\/arquivo\\\/category\\\/news#listItem\",\"name\":\"Not\\u00edcias\"}},{\"@type\":\"ListItem\",\"@id\":\"https:\\\/\\\/www.binauralmedia.org\\\/news\\\/arquivo\\\/category\\\/news#listItem\",\"position\":2,\"name\":\"Not\\u00edcias\",\"item\":\"https:\\\/\\\/www.binauralmedia.org\\\/news\\\/arquivo\\\/category\\\/news\",\"nextItem\":{\"@type\":\"ListItem\",\"@id\":\"https:\\\/\\\/www.binauralmedia.org\\\/news\\\/arquivo\\\/23698#listItem\",\"name\":\"Passeio Sonoro do Pis\\u00e3o\"},\"previousItem\":{\"@type\":\"ListItem\",\"@id\":\"https:\\\/\\\/www.binauralmedia.org\\\/news#listItem\",\"name\":\"Home\"}},{\"@type\":\"ListItem\",\"@id\":\"https:\\\/\\\/www.binauralmedia.org\\\/news\\\/arquivo\\\/23698#listItem\",\"position\":3,\"name\":\"Passeio Sonoro do Pis\\u00e3o\",\"previousItem\":{\"@type\":\"ListItem\",\"@id\":\"https:\\\/\\\/www.binauralmedia.org\\\/news\\\/arquivo\\\/category\\\/news#listItem\",\"name\":\"Not\\u00edcias\"}}]},{\"@type\":\"Organization\",\"@id\":\"https:\\\/\\\/www.binauralmedia.org\\\/news\\\/#organization\",\"name\":\"binauralmedia.org\",\"description\":\"Rural Based Sound\\\/Media Arts & Social Research\",\"url\":\"https:\\\/\\\/www.binauralmedia.org\\\/news\\\/\"},{\"@type\":\"Person\",\"@id\":\"https:\\\/\\\/www.binauralmedia.org\\\/news\\\/arquivo\\\/author\\\/nelyferreira#author\",\"url\":\"https:\\\/\\\/www.binauralmedia.org\\\/news\\\/arquivo\\\/author\\\/nelyferreira\",\"name\":\"Nely Ferreira\"},{\"@type\":\"WebPage\",\"@id\":\"https:\\\/\\\/www.binauralmedia.org\\\/news\\\/arquivo\\\/23698#webpage\",\"url\":\"https:\\\/\\\/www.binauralmedia.org\\\/news\\\/arquivo\\\/23698\",\"name\":\"Passeio Sonoro do Pis\\u00e3o - binauralmedia.org\",\"description\":\"PASSEIO SONORO DO PIS\\u00c3O S\\u00e1bado, 24 de maio, 9h00 Paradu\\u00e7a (Calde, Viseu) Ponto de Encontro: Oficina do Ferreiro (Travessa do Ferreiro, Paradu\\u00e7a) Uma iniciativa da Associa\\u00e7\\u00e3o Social, Cultural, Desportiva e Recreativa de Paradu\\u00e7a em colabora\\u00e7\\u00e3o com a Junta de Freguesia de Calde, o Munic\\u00edpio de Viseu e a Binaural Nodar. A Associa\\u00e7\\u00e3o\",\"inLanguage\":\"pt-PT\",\"isPartOf\":{\"@id\":\"https:\\\/\\\/www.binauralmedia.org\\\/news\\\/#website\"},\"breadcrumb\":{\"@id\":\"https:\\\/\\\/www.binauralmedia.org\\\/news\\\/arquivo\\\/23698#breadcrumblist\"},\"author\":{\"@id\":\"https:\\\/\\\/www.binauralmedia.org\\\/news\\\/arquivo\\\/author\\\/nelyferreira#author\"},\"creator\":{\"@id\":\"https:\\\/\\\/www.binauralmedia.org\\\/news\\\/arquivo\\\/author\\\/nelyferreira#author\"},\"image\":{\"@type\":\"ImageObject\",\"url\":\"https:\\\/\\\/www.binauralmedia.org\\\/news\\\/wp-content\\\/uploads\\\/Design-sem-nome-2-1.png\",\"@id\":\"https:\\\/\\\/www.binauralmedia.org\\\/news\\\/arquivo\\\/23698\\\/#mainImage\",\"width\":1200,\"height\":800},\"primaryImageOfPage\":{\"@id\":\"https:\\\/\\\/www.binauralmedia.org\\\/news\\\/arquivo\\\/23698#mainImage\"},\"datePublished\":\"2025-05-16T16:17:04+00:00\",\"dateModified\":\"2025-05-22T16:21:50+00:00\"},{\"@type\":\"WebSite\",\"@id\":\"https:\\\/\\\/www.binauralmedia.org\\\/news\\\/#website\",\"url\":\"https:\\\/\\\/www.binauralmedia.org\\\/news\\\/\",\"name\":\"binauralmedia.org\",\"description\":\"Rural Based Sound\\\/Media Arts & Social Research\",\"inLanguage\":\"pt-PT\",\"publisher\":{\"@id\":\"https:\\\/\\\/www.binauralmedia.org\\\/news\\\/#organization\"}}]}\n\t\t<\/script>\n\t\t<!-- All in One SEO -->\n\n","aioseo_head_json":{"title":"Passeio Sonoro do Pis\u00e3o - binauralmedia.org","description":"PASSEIO SONORO DO PIS\u00c3O S\u00e1bado, 24 de maio, 9h00 Paradu\u00e7a (Calde, Viseu) Ponto de Encontro: Oficina do Ferreiro (Travessa do Ferreiro, Paradu\u00e7a) Uma iniciativa da Associa\u00e7\u00e3o Social, Cultural, Desportiva e Recreativa de Paradu\u00e7a em colabora\u00e7\u00e3o com a Junta de Freguesia de Calde, o Munic\u00edpio de Viseu e a Binaural Nodar. A Associa\u00e7\u00e3o","canonical_url":"https:\/\/www.binauralmedia.org\/news\/arquivo\/23698","robots":"max-image-preview:large","keywords":"","webmasterTools":{"miscellaneous":""},"schema":{"@context":"https:\/\/schema.org","@graph":[{"@type":"BlogPosting","@id":"https:\/\/www.binauralmedia.org\/news\/arquivo\/23698#blogposting","name":"Passeio Sonoro do Pis\u00e3o - binauralmedia.org","headline":"Passeio Sonoro do Pis\u00e3o","author":{"@id":"https:\/\/www.binauralmedia.org\/news\/arquivo\/author\/nelyferreira#author"},"publisher":{"@id":"https:\/\/www.binauralmedia.org\/news\/#organization"},"image":{"@type":"ImageObject","url":"https:\/\/www.binauralmedia.org\/news\/wp-content\/uploads\/Design-sem-nome-2-1.png","width":1200,"height":800},"datePublished":"2025-05-16T16:17:04+00:00","dateModified":"2025-05-22T16:21:50+00:00","inLanguage":"pt-PT","mainEntityOfPage":{"@id":"https:\/\/www.binauralmedia.org\/news\/arquivo\/23698#webpage"},"isPartOf":{"@id":"https:\/\/www.binauralmedia.org\/news\/arquivo\/23698#webpage"},"articleSection":"Etnografia Sonora e Visual, Not\u00edcias, Optional"},{"@type":"BreadcrumbList","@id":"https:\/\/www.binauralmedia.org\/news\/arquivo\/23698#breadcrumblist","itemListElement":[{"@type":"ListItem","@id":"https:\/\/www.binauralmedia.org\/news#listItem","position":1,"name":"Home","item":"https:\/\/www.binauralmedia.org\/news","nextItem":{"@type":"ListItem","@id":"https:\/\/www.binauralmedia.org\/news\/arquivo\/category\/news#listItem","name":"Not\u00edcias"}},{"@type":"ListItem","@id":"https:\/\/www.binauralmedia.org\/news\/arquivo\/category\/news#listItem","position":2,"name":"Not\u00edcias","item":"https:\/\/www.binauralmedia.org\/news\/arquivo\/category\/news","nextItem":{"@type":"ListItem","@id":"https:\/\/www.binauralmedia.org\/news\/arquivo\/23698#listItem","name":"Passeio Sonoro do Pis\u00e3o"},"previousItem":{"@type":"ListItem","@id":"https:\/\/www.binauralmedia.org\/news#listItem","name":"Home"}},{"@type":"ListItem","@id":"https:\/\/www.binauralmedia.org\/news\/arquivo\/23698#listItem","position":3,"name":"Passeio Sonoro do Pis\u00e3o","previousItem":{"@type":"ListItem","@id":"https:\/\/www.binauralmedia.org\/news\/arquivo\/category\/news#listItem","name":"Not\u00edcias"}}]},{"@type":"Organization","@id":"https:\/\/www.binauralmedia.org\/news\/#organization","name":"binauralmedia.org","description":"Rural Based Sound\/Media Arts & Social Research","url":"https:\/\/www.binauralmedia.org\/news\/"},{"@type":"Person","@id":"https:\/\/www.binauralmedia.org\/news\/arquivo\/author\/nelyferreira#author","url":"https:\/\/www.binauralmedia.org\/news\/arquivo\/author\/nelyferreira","name":"Nely Ferreira"},{"@type":"WebPage","@id":"https:\/\/www.binauralmedia.org\/news\/arquivo\/23698#webpage","url":"https:\/\/www.binauralmedia.org\/news\/arquivo\/23698","name":"Passeio Sonoro do Pis\u00e3o - binauralmedia.org","description":"PASSEIO SONORO DO PIS\u00c3O S\u00e1bado, 24 de maio, 9h00 Paradu\u00e7a (Calde, Viseu) Ponto de Encontro: Oficina do Ferreiro (Travessa do Ferreiro, Paradu\u00e7a) Uma iniciativa da Associa\u00e7\u00e3o Social, Cultural, Desportiva e Recreativa de Paradu\u00e7a em colabora\u00e7\u00e3o com a Junta de Freguesia de Calde, o Munic\u00edpio de Viseu e a Binaural Nodar. A Associa\u00e7\u00e3o","inLanguage":"pt-PT","isPartOf":{"@id":"https:\/\/www.binauralmedia.org\/news\/#website"},"breadcrumb":{"@id":"https:\/\/www.binauralmedia.org\/news\/arquivo\/23698#breadcrumblist"},"author":{"@id":"https:\/\/www.binauralmedia.org\/news\/arquivo\/author\/nelyferreira#author"},"creator":{"@id":"https:\/\/www.binauralmedia.org\/news\/arquivo\/author\/nelyferreira#author"},"image":{"@type":"ImageObject","url":"https:\/\/www.binauralmedia.org\/news\/wp-content\/uploads\/Design-sem-nome-2-1.png","@id":"https:\/\/www.binauralmedia.org\/news\/arquivo\/23698\/#mainImage","width":1200,"height":800},"primaryImageOfPage":{"@id":"https:\/\/www.binauralmedia.org\/news\/arquivo\/23698#mainImage"},"datePublished":"2025-05-16T16:17:04+00:00","dateModified":"2025-05-22T16:21:50+00:00"},{"@type":"WebSite","@id":"https:\/\/www.binauralmedia.org\/news\/#website","url":"https:\/\/www.binauralmedia.org\/news\/","name":"binauralmedia.org","description":"Rural Based Sound\/Media Arts & Social Research","inLanguage":"pt-PT","publisher":{"@id":"https:\/\/www.binauralmedia.org\/news\/#organization"}}]},"og:locale":"pt_PT","og:site_name":"binauralmedia.org - Rural Based Sound\/Media Arts &amp; Social Research","og:type":"article","og:title":"Passeio Sonoro do Pis\u00e3o - binauralmedia.org","og:description":"PASSEIO SONORO DO PIS\u00c3O S\u00e1bado, 24 de maio, 9h00 Paradu\u00e7a (Calde, Viseu) Ponto de Encontro: Oficina do Ferreiro (Travessa do Ferreiro, Paradu\u00e7a) Uma iniciativa da Associa\u00e7\u00e3o Social, Cultural, Desportiva e Recreativa de Paradu\u00e7a em colabora\u00e7\u00e3o com a Junta de Freguesia de Calde, o Munic\u00edpio de Viseu e a Binaural Nodar. A Associa\u00e7\u00e3o","og:url":"https:\/\/www.binauralmedia.org\/news\/arquivo\/23698","article:published_time":"2025-05-16T16:17:04+00:00","article:modified_time":"2025-05-22T16:21:50+00:00","twitter:card":"summary_large_image","twitter:title":"Passeio Sonoro do Pis\u00e3o - binauralmedia.org","twitter:description":"PASSEIO SONORO DO PIS\u00c3O S\u00e1bado, 24 de maio, 9h00 Paradu\u00e7a (Calde, Viseu) Ponto de Encontro: Oficina do Ferreiro (Travessa do Ferreiro, Paradu\u00e7a) Uma iniciativa da Associa\u00e7\u00e3o Social, Cultural, Desportiva e Recreativa de Paradu\u00e7a em colabora\u00e7\u00e3o com a Junta de Freguesia de Calde, o Munic\u00edpio de Viseu e a Binaural Nodar. A Associa\u00e7\u00e3o"},"aioseo_meta_data":{"post_id":"23698","title":null,"description":null,"keywords":null,"keyphrases":null,"primary_term":null,"canonical_url":null,"og_title":null,"og_description":null,"og_object_type":"default","og_image_type":"default","og_image_custom_url":null,"og_image_custom_fields":null,"og_image_url":null,"og_image_width":null,"og_image_height":null,"og_video":null,"og_custom_url":null,"og_article_section":null,"og_article_tags":null,"twitter_use_og":false,"twitter_card":"default","twitter_image_type":"default","twitter_image_custom_url":null,"twitter_image_custom_fields":null,"twitter_image_url":null,"twitter_title":null,"twitter_description":null,"schema_type":"default","schema_type_options":null,"schema":{"blockGraphs":[],"customGraphs":[],"default":{"data":{"Article":[],"Course":[],"Dataset":[],"FAQPage":[],"Movie":[],"Person":[],"Product":[],"ProductReview":[],"Car":[],"Recipe":[],"Service":[],"SoftwareApplication":[],"WebPage":[]},"graphName":"","isEnabled":true},"graphs":[]},"pillar_content":false,"robots_default":true,"robots_noindex":false,"robots_noarchive":false,"robots_nosnippet":false,"robots_nofollow":false,"robots_noimageindex":false,"robots_noodp":false,"robots_notranslate":false,"robots_max_snippet":null,"robots_max_videopreview":null,"robots_max_imagepreview":"large","priority":null,"frequency":null,"local_seo":null,"limit_modified_date":false,"ai":null,"breadcrumb_settings":null,"seo_analyzer_scan_date":null,"created":"2026-08-05 08:01:20","updated":"2026-08-05 08:01:20","focus_keyword":null,"additional_keywords":null,"truseo_locale":null},"aioseo_breadcrumb":"<div class=\"aioseo-breadcrumbs\"><span class=\"aioseo-breadcrumb\">\n\t\t\t<a href=\"https:\/\/www.binauralmedia.org\/news\" title=\"Home\">Home<\/a>\n\t\t<\/span><span class=\"aioseo-breadcrumb-separator\">&raquo;<\/span><span class=\"aioseo-breadcrumb\">\n\t\t\t<a href=\"https:\/\/www.binauralmedia.org\/news\/arquivo\/category\/news\" title=\"Not\u00edcias\">Not\u00edcias<\/a>\n\t\t<\/span><span class=\"aioseo-breadcrumb-separator\">&raquo;<\/span><span class=\"aioseo-breadcrumb\">\n\t\t\tPasseio Sonoro do Pis\u00e3o\n\t\t<\/span><\/div>","aioseo_breadcrumb_json":[{"label":"Home","link":"https:\/\/www.binauralmedia.org\/news"},{"label":"Not\u00edcias","link":"https:\/\/www.binauralmedia.org\/news\/arquivo\/category\/news"},{"label":"Passeio Sonoro do Pis\u00e3o","link":"https:\/\/www.binauralmedia.org\/news\/arquivo\/23698"}],"_links":{"self":[{"href":"https:\/\/www.binauralmedia.org\/news\/wp-json\/wp\/v2\/posts\/23698","targetHints":{"allow":["GET"]}}],"collection":[{"href":"https:\/\/www.binauralmedia.org\/news\/wp-json\/wp\/v2\/posts"}],"about":[{"href":"https:\/\/www.binauralmedia.org\/news\/wp-json\/wp\/v2\/types\/post"}],"author":[{"embeddable":true,"href":"https:\/\/www.binauralmedia.org\/news\/wp-json\/wp\/v2\/users\/8"}],"replies":[{"embeddable":true,"href":"https:\/\/www.binauralmedia.org\/news\/wp-json\/wp\/v2\/comments?post=23698"}],"version-history":[{"count":2,"href":"https:\/\/www.binauralmedia.org\/news\/wp-json\/wp\/v2\/posts\/23698\/revisions"}],"predecessor-version":[{"id":23702,"href":"https:\/\/www.binauralmedia.org\/news\/wp-json\/wp\/v2\/posts\/23698\/revisions\/23702"}],"wp:featuredmedia":[{"embeddable":true,"href":"https:\/\/www.binauralmedia.org\/news\/wp-json\/wp\/v2\/media\/23699"}],"wp:attachment":[{"href":"https:\/\/www.binauralmedia.org\/news\/wp-json\/wp\/v2\/media?parent=23698"}],"wp:term":[{"taxonomy":"category","embeddable":true,"href":"https:\/\/www.binauralmedia.org\/news\/wp-json\/wp\/v2\/categories?post=23698"},{"taxonomy":"post_tag","embeddable":true,"href":"https:\/\/www.binauralmedia.org\/news\/wp-json\/wp\/v2\/tags?post=23698"}],"curies":[{"name":"wp","href":"https:\/\/api.w.org\/{rel}","templated":true}]}}