{"id":23687,"date":"2025-05-06T15:15:32","date_gmt":"2025-05-06T15:15:32","guid":{"rendered":"https:\/\/www.binauralmedia.org\/news?p=23687"},"modified":"2025-05-22T15:28:20","modified_gmt":"2025-05-22T15:28:20","slug":"exposicao-multidisciplinar-a-carqueja-no-quotidiano-de-varzea-de-calde","status":"publish","type":"post","link":"https:\/\/www.binauralmedia.org\/news\/arquivo\/23687","title":{"rendered":"Exposi\u00e7\u00e3o multidisciplinar &#8220;A carqueja no quotidiano de V\u00e1rzea de Calde&#8221;"},"content":{"rendered":"<p>A CARQUEJA NO QUOTIDIANO DE V\u00c1RZEA DE CALDE<br \/>\nExposi\u00e7\u00e3o Multidiscplinar<br \/>\nDe Ana Margarida Ferreira, Liliana Silva e Lu\u00eds Costa<\/p>\n<p>Museu do Linho de V\u00e1rzea de Calde (Viseu)<br \/>\nDe 11 maio a 31 agosto 2025<br \/>\nInaugura\u00e7\u00e3o: 11 maio \u00e0s 15h00<\/p>\n<p>Uma exposi\u00e7\u00e3o curada pela Binaural Nodar em articula\u00e7\u00e3o com o Munic\u00edpio de Viseu (Viseu Cultura), com a Junta de Freguesia de Calde, com a Associa\u00e7\u00e3o Cultural e Recreativa de V\u00e1rzea de Calde, com o Grupo Etnogr\u00e1fico de Trajes e Cantares de V\u00e1rzea de Calde, com o Instituto Polit\u00e9cnico de Viseu, com os centros de investiga\u00e7\u00e3o ID+ e LiDA e com a rede europeia Tramontana, financiada pelo programa Europa Criativa.<\/p>\n<p>Na sequ\u00eancia de um convite do grupo de trabalho V\u00e1rzea de Calde &#8211; Aldeia de Portugal, a Binaural Nodar desenvolveu ao longo do m\u00eas de maio um trabalho de pesquisa de campo etnogr\u00e1fico e de desenvolvimento criativo relacionados com a carqueja em V\u00e1rzea de Calde, cujos habitantes eram chamados de carquejeiros, pela profus\u00e3o desta planta em redor da aldeia, a qual era recolhida e transportada para Viseu, para ser queimada nos fornos que coziam o p\u00e3o em algumas padarias. <\/p>\n<p>A carqueja \u00e9 uma planta rasteira com grande resist\u00eancia aos inc\u00eandios uma vez que depois de ardida a mesma regenera-se muito rapidamente.  Esta planta tem um conhecido uso medicinal diur\u00e9tico e para as maleitas do est\u00f4mago, sendo as flores a parte usada para as infus\u00f5es, assim como tem outros usos diversificados como forragem para o gado e para produzir estrume natural, para construir vassouras, para estonar a pele dos su\u00ednos, como lenha para os fornos de cozer p\u00e3o, para a produ\u00e7\u00e3o de licor, de do\u00e7aria (bolos de carqueja e aletria) e como especiaria (arroz de carqueja).<\/p>\n<p>A exposi\u00e7\u00e3o consistir\u00e1 em tr\u00eas instala\u00e7\u00f5es art\u00edsticas complementares: uma instala\u00e7\u00e3o fotogr\u00e1fica de Liliana Silva que documenta todos os usos da carqueja identificados na aldeia de V\u00e1rzea de Calde, uma instala\u00e7\u00e3o visual de Ana Margarida Ferreira, que usa a pr\u00f3pria carqueja e desenho como express\u00f5es da dimens\u00e3o textural e crom\u00e1tica e da passagem do tempo e, finalmente uma instala\u00e7\u00e3o sonora e v\u00eddeo de Lu\u00eds Costa, integrada na investiga\u00e7\u00e3o do autor no contexto do Programa Doutoral em Cria\u00e7\u00e3o Art\u00edstica (centros de investiga\u00e7\u00e3o ID+ e LiDA), a qual prop\u00f5e a vincula\u00e7\u00e3o da carqueja com a ideia de comunidade (o monte como espa\u00e7o comum) e da rela\u00e7\u00e3o interterritorial (as plantas silvestres de montanha como caracter\u00edsticas da paisagem ib\u00e9rica).<\/p>\n<p>FICHA ART\u00cdSTICA E T\u00c9CNICA:<\/p>\n<p>Autoria: Ana Margarida Ferreira, Liliana Silva e Lu\u00eds Costa<br \/>\nMontagem: Ana Margarida Ferreira e Liliana Silva<\/p>\n<p>A Binaural Nodar \u00e9 uma entidade cultural apoiada pela Rep\u00fablica Portuguesa &#8211; Cultura | Dire\u00e7\u00e3o-Geral das Artes.<\/p>\n","protected":false},"excerpt":{"rendered":"<p>A CARQUEJA NO QUOTIDIANO DE V\u00c1RZEA DE CALDE Exposi\u00e7\u00e3o Multidiscplinar  [&#8230;]<\/p>\n","protected":false},"author":8,"featured_media":23688,"comment_status":"closed","ping_status":"closed","sticky":false,"template":"","format":"standard","meta":{"_acf_changed":false,"_bbp_topic_count":0,"_bbp_reply_count":0,"_bbp_total_topic_count":0,"_bbp_total_reply_count":0,"_bbp_voice_count":0,"_bbp_anonymous_reply_count":0,"_bbp_topic_count_hidden":0,"_bbp_reply_count_hidden":0,"_bbp_forum_subforum_count":0,"footnotes":""},"categories":[1161,1],"tags":[],"class_list":["post-23687","post","type-post","status-publish","format-standard","has-post-thumbnail","hentry","category-artistic-creations","category-news"],"acf":[],"aioseo_notices":[],"aioseo_head":"\n\t\t<!-- All in One SEO 5.0.1.1 - aioseo.com -->\n\t<meta name=\"description\" content=\"A CARQUEJA NO QUOTIDIANO DE V\u00c1RZEA DE CALDE Exposi\u00e7\u00e3o Multidiscplinar De Ana Margarida Ferreira, Liliana Silva e Lu\u00eds Costa Museu do Linho de V\u00e1rzea de Calde (Viseu) De 11 maio a 31 agosto 2025 Inaugura\u00e7\u00e3o: 11 maio \u00e0s 15h00 Uma exposi\u00e7\u00e3o curada pela Binaural Nodar em articula\u00e7\u00e3o com o Munic\u00edpio de Viseu (Viseu Cultura), com\" \/>\n\t<meta name=\"robots\" content=\"max-image-preview:large\" \/>\n\t<meta name=\"author\" content=\"Nely Ferreira\"\/>\n\t<link rel=\"canonical\" href=\"https:\/\/www.binauralmedia.org\/news\/arquivo\/23687\" \/>\n\t<meta name=\"generator\" content=\"All in One SEO (AIOSEO) 5.0.1.1\" \/>\n\t\t<meta property=\"og:locale\" content=\"pt_PT\" \/>\n\t\t<meta property=\"og:site_name\" content=\"binauralmedia.org - Rural Based Sound\/Media Arts &amp; Social Research\" \/>\n\t\t<meta property=\"og:type\" content=\"article\" \/>\n\t\t<meta property=\"og:title\" content=\"Exposi\u00e7\u00e3o multidisciplinar \u201cA carqueja no quotidiano de V\u00e1rzea de Calde\u201d - binauralmedia.org\" \/>\n\t\t<meta property=\"og:description\" content=\"A CARQUEJA NO QUOTIDIANO DE V\u00c1RZEA DE CALDE Exposi\u00e7\u00e3o Multidiscplinar De Ana Margarida Ferreira, Liliana Silva e Lu\u00eds Costa Museu do Linho de V\u00e1rzea de Calde (Viseu) De 11 maio a 31 agosto 2025 Inaugura\u00e7\u00e3o: 11 maio \u00e0s 15h00 Uma exposi\u00e7\u00e3o curada pela Binaural Nodar em articula\u00e7\u00e3o com o Munic\u00edpio de Viseu (Viseu Cultura), com\" \/>\n\t\t<meta property=\"og:url\" content=\"https:\/\/www.binauralmedia.org\/news\/arquivo\/23687\" \/>\n\t\t<meta property=\"article:published_time\" content=\"2025-05-06T15:15:32+00:00\" \/>\n\t\t<meta property=\"article:modified_time\" content=\"2025-05-22T15:28:20+00:00\" \/>\n\t\t<meta name=\"twitter:card\" content=\"summary_large_image\" \/>\n\t\t<meta name=\"twitter:title\" content=\"Exposi\u00e7\u00e3o multidisciplinar \u201cA carqueja no quotidiano de V\u00e1rzea de Calde\u201d - binauralmedia.org\" \/>\n\t\t<meta name=\"twitter:description\" content=\"A CARQUEJA NO QUOTIDIANO DE V\u00c1RZEA DE CALDE Exposi\u00e7\u00e3o Multidiscplinar De Ana Margarida Ferreira, Liliana Silva e Lu\u00eds Costa Museu do Linho de V\u00e1rzea de Calde (Viseu) De 11 maio a 31 agosto 2025 Inaugura\u00e7\u00e3o: 11 maio \u00e0s 15h00 Uma exposi\u00e7\u00e3o curada pela Binaural Nodar em articula\u00e7\u00e3o com o Munic\u00edpio de Viseu (Viseu Cultura), com\" \/>\n\t\t<script type=\"application\/ld+json\" class=\"aioseo-schema\">\n\t\t\t{\"@context\":\"https:\\\/\\\/schema.org\",\"@graph\":[{\"@type\":\"BlogPosting\",\"@id\":\"https:\\\/\\\/www.binauralmedia.org\\\/news\\\/arquivo\\\/23687#blogposting\",\"name\":\"Exposi\\u00e7\\u00e3o multidisciplinar \\u201cA carqueja no quotidiano de V\\u00e1rzea de Calde\\u201d - binauralmedia.org\",\"headline\":\"Exposi\\u00e7\\u00e3o multidisciplinar &#8220;A carqueja no quotidiano de V\\u00e1rzea de Calde&#8221;\",\"author\":{\"@id\":\"https:\\\/\\\/www.binauralmedia.org\\\/news\\\/arquivo\\\/author\\\/nelyferreira#author\"},\"publisher\":{\"@id\":\"https:\\\/\\\/www.binauralmedia.org\\\/news\\\/#organization\"},\"image\":{\"@type\":\"ImageObject\",\"url\":\"https:\\\/\\\/www.binauralmedia.org\\\/news\\\/wp-content\\\/uploads\\\/Carqueja.png\",\"width\":1200,\"height\":800},\"datePublished\":\"2025-05-06T15:15:32+00:00\",\"dateModified\":\"2025-05-22T15:28:20+00:00\",\"inLanguage\":\"pt-PT\",\"mainEntityOfPage\":{\"@id\":\"https:\\\/\\\/www.binauralmedia.org\\\/news\\\/arquivo\\\/23687#webpage\"},\"isPartOf\":{\"@id\":\"https:\\\/\\\/www.binauralmedia.org\\\/news\\\/arquivo\\\/23687#webpage\"},\"articleSection\":\"Cria\\u00e7\\u00f5es Art\\u00edsticas, Not\\u00edcias, Optional\"},{\"@type\":\"BreadcrumbList\",\"@id\":\"https:\\\/\\\/www.binauralmedia.org\\\/news\\\/arquivo\\\/23687#breadcrumblist\",\"itemListElement\":[{\"@type\":\"ListItem\",\"@id\":\"https:\\\/\\\/www.binauralmedia.org\\\/news#listItem\",\"position\":1,\"name\":\"Home\",\"item\":\"https:\\\/\\\/www.binauralmedia.org\\\/news\",\"nextItem\":{\"@type\":\"ListItem\",\"@id\":\"https:\\\/\\\/www.binauralmedia.org\\\/news\\\/arquivo\\\/category\\\/news#listItem\",\"name\":\"Not\\u00edcias\"}},{\"@type\":\"ListItem\",\"@id\":\"https:\\\/\\\/www.binauralmedia.org\\\/news\\\/arquivo\\\/category\\\/news#listItem\",\"position\":2,\"name\":\"Not\\u00edcias\",\"item\":\"https:\\\/\\\/www.binauralmedia.org\\\/news\\\/arquivo\\\/category\\\/news\",\"nextItem\":{\"@type\":\"ListItem\",\"@id\":\"https:\\\/\\\/www.binauralmedia.org\\\/news\\\/arquivo\\\/23687#listItem\",\"name\":\"Exposi\\u00e7\\u00e3o multidisciplinar &#8220;A carqueja no quotidiano de V\\u00e1rzea de Calde&#8221;\"},\"previousItem\":{\"@type\":\"ListItem\",\"@id\":\"https:\\\/\\\/www.binauralmedia.org\\\/news#listItem\",\"name\":\"Home\"}},{\"@type\":\"ListItem\",\"@id\":\"https:\\\/\\\/www.binauralmedia.org\\\/news\\\/arquivo\\\/23687#listItem\",\"position\":3,\"name\":\"Exposi\\u00e7\\u00e3o multidisciplinar &#8220;A carqueja no quotidiano de V\\u00e1rzea de Calde&#8221;\",\"previousItem\":{\"@type\":\"ListItem\",\"@id\":\"https:\\\/\\\/www.binauralmedia.org\\\/news\\\/arquivo\\\/category\\\/news#listItem\",\"name\":\"Not\\u00edcias\"}}]},{\"@type\":\"Organization\",\"@id\":\"https:\\\/\\\/www.binauralmedia.org\\\/news\\\/#organization\",\"name\":\"binauralmedia.org\",\"description\":\"Rural Based Sound\\\/Media Arts & Social Research\",\"url\":\"https:\\\/\\\/www.binauralmedia.org\\\/news\\\/\"},{\"@type\":\"Person\",\"@id\":\"https:\\\/\\\/www.binauralmedia.org\\\/news\\\/arquivo\\\/author\\\/nelyferreira#author\",\"url\":\"https:\\\/\\\/www.binauralmedia.org\\\/news\\\/arquivo\\\/author\\\/nelyferreira\",\"name\":\"Nely Ferreira\"},{\"@type\":\"WebPage\",\"@id\":\"https:\\\/\\\/www.binauralmedia.org\\\/news\\\/arquivo\\\/23687#webpage\",\"url\":\"https:\\\/\\\/www.binauralmedia.org\\\/news\\\/arquivo\\\/23687\",\"name\":\"Exposi\\u00e7\\u00e3o multidisciplinar \\u201cA carqueja no quotidiano de V\\u00e1rzea de Calde\\u201d - binauralmedia.org\",\"description\":\"A CARQUEJA NO QUOTIDIANO DE V\\u00c1RZEA DE CALDE Exposi\\u00e7\\u00e3o Multidiscplinar De Ana Margarida Ferreira, Liliana Silva e Lu\\u00eds Costa Museu do Linho de V\\u00e1rzea de Calde (Viseu) De 11 maio a 31 agosto 2025 Inaugura\\u00e7\\u00e3o: 11 maio \\u00e0s 15h00 Uma exposi\\u00e7\\u00e3o curada pela Binaural Nodar em articula\\u00e7\\u00e3o com o Munic\\u00edpio de Viseu (Viseu Cultura), com\",\"inLanguage\":\"pt-PT\",\"isPartOf\":{\"@id\":\"https:\\\/\\\/www.binauralmedia.org\\\/news\\\/#website\"},\"breadcrumb\":{\"@id\":\"https:\\\/\\\/www.binauralmedia.org\\\/news\\\/arquivo\\\/23687#breadcrumblist\"},\"author\":{\"@id\":\"https:\\\/\\\/www.binauralmedia.org\\\/news\\\/arquivo\\\/author\\\/nelyferreira#author\"},\"creator\":{\"@id\":\"https:\\\/\\\/www.binauralmedia.org\\\/news\\\/arquivo\\\/author\\\/nelyferreira#author\"},\"image\":{\"@type\":\"ImageObject\",\"url\":\"https:\\\/\\\/www.binauralmedia.org\\\/news\\\/wp-content\\\/uploads\\\/Carqueja.png\",\"@id\":\"https:\\\/\\\/www.binauralmedia.org\\\/news\\\/arquivo\\\/23687\\\/#mainImage\",\"width\":1200,\"height\":800},\"primaryImageOfPage\":{\"@id\":\"https:\\\/\\\/www.binauralmedia.org\\\/news\\\/arquivo\\\/23687#mainImage\"},\"datePublished\":\"2025-05-06T15:15:32+00:00\",\"dateModified\":\"2025-05-22T15:28:20+00:00\"},{\"@type\":\"WebSite\",\"@id\":\"https:\\\/\\\/www.binauralmedia.org\\\/news\\\/#website\",\"url\":\"https:\\\/\\\/www.binauralmedia.org\\\/news\\\/\",\"name\":\"binauralmedia.org\",\"description\":\"Rural Based Sound\\\/Media Arts & Social Research\",\"inLanguage\":\"pt-PT\",\"publisher\":{\"@id\":\"https:\\\/\\\/www.binauralmedia.org\\\/news\\\/#organization\"}}]}\n\t\t<\/script>\n\t\t<!-- All in One SEO -->\n\n","aioseo_head_json":{"title":"Exposi\u00e7\u00e3o multidisciplinar \u201cA carqueja no quotidiano de V\u00e1rzea de Calde\u201d - binauralmedia.org","description":"A CARQUEJA NO QUOTIDIANO DE V\u00c1RZEA DE CALDE Exposi\u00e7\u00e3o Multidiscplinar De Ana Margarida Ferreira, Liliana Silva e Lu\u00eds Costa Museu do Linho de V\u00e1rzea de Calde (Viseu) De 11 maio a 31 agosto 2025 Inaugura\u00e7\u00e3o: 11 maio \u00e0s 15h00 Uma exposi\u00e7\u00e3o curada pela Binaural Nodar em articula\u00e7\u00e3o com o Munic\u00edpio de Viseu (Viseu Cultura), com","canonical_url":"https:\/\/www.binauralmedia.org\/news\/arquivo\/23687","robots":"max-image-preview:large","keywords":"","webmasterTools":{"miscellaneous":""},"schema":{"@context":"https:\/\/schema.org","@graph":[{"@type":"BlogPosting","@id":"https:\/\/www.binauralmedia.org\/news\/arquivo\/23687#blogposting","name":"Exposi\u00e7\u00e3o multidisciplinar \u201cA carqueja no quotidiano de V\u00e1rzea de Calde\u201d - binauralmedia.org","headline":"Exposi\u00e7\u00e3o multidisciplinar &#8220;A carqueja no quotidiano de V\u00e1rzea de Calde&#8221;","author":{"@id":"https:\/\/www.binauralmedia.org\/news\/arquivo\/author\/nelyferreira#author"},"publisher":{"@id":"https:\/\/www.binauralmedia.org\/news\/#organization"},"image":{"@type":"ImageObject","url":"https:\/\/www.binauralmedia.org\/news\/wp-content\/uploads\/Carqueja.png","width":1200,"height":800},"datePublished":"2025-05-06T15:15:32+00:00","dateModified":"2025-05-22T15:28:20+00:00","inLanguage":"pt-PT","mainEntityOfPage":{"@id":"https:\/\/www.binauralmedia.org\/news\/arquivo\/23687#webpage"},"isPartOf":{"@id":"https:\/\/www.binauralmedia.org\/news\/arquivo\/23687#webpage"},"articleSection":"Cria\u00e7\u00f5es Art\u00edsticas, Not\u00edcias, Optional"},{"@type":"BreadcrumbList","@id":"https:\/\/www.binauralmedia.org\/news\/arquivo\/23687#breadcrumblist","itemListElement":[{"@type":"ListItem","@id":"https:\/\/www.binauralmedia.org\/news#listItem","position":1,"name":"Home","item":"https:\/\/www.binauralmedia.org\/news","nextItem":{"@type":"ListItem","@id":"https:\/\/www.binauralmedia.org\/news\/arquivo\/category\/news#listItem","name":"Not\u00edcias"}},{"@type":"ListItem","@id":"https:\/\/www.binauralmedia.org\/news\/arquivo\/category\/news#listItem","position":2,"name":"Not\u00edcias","item":"https:\/\/www.binauralmedia.org\/news\/arquivo\/category\/news","nextItem":{"@type":"ListItem","@id":"https:\/\/www.binauralmedia.org\/news\/arquivo\/23687#listItem","name":"Exposi\u00e7\u00e3o multidisciplinar &#8220;A carqueja no quotidiano de V\u00e1rzea de Calde&#8221;"},"previousItem":{"@type":"ListItem","@id":"https:\/\/www.binauralmedia.org\/news#listItem","name":"Home"}},{"@type":"ListItem","@id":"https:\/\/www.binauralmedia.org\/news\/arquivo\/23687#listItem","position":3,"name":"Exposi\u00e7\u00e3o multidisciplinar &#8220;A carqueja no quotidiano de V\u00e1rzea de Calde&#8221;","previousItem":{"@type":"ListItem","@id":"https:\/\/www.binauralmedia.org\/news\/arquivo\/category\/news#listItem","name":"Not\u00edcias"}}]},{"@type":"Organization","@id":"https:\/\/www.binauralmedia.org\/news\/#organization","name":"binauralmedia.org","description":"Rural Based Sound\/Media Arts & Social Research","url":"https:\/\/www.binauralmedia.org\/news\/"},{"@type":"Person","@id":"https:\/\/www.binauralmedia.org\/news\/arquivo\/author\/nelyferreira#author","url":"https:\/\/www.binauralmedia.org\/news\/arquivo\/author\/nelyferreira","name":"Nely Ferreira"},{"@type":"WebPage","@id":"https:\/\/www.binauralmedia.org\/news\/arquivo\/23687#webpage","url":"https:\/\/www.binauralmedia.org\/news\/arquivo\/23687","name":"Exposi\u00e7\u00e3o multidisciplinar \u201cA carqueja no quotidiano de V\u00e1rzea de Calde\u201d - binauralmedia.org","description":"A CARQUEJA NO QUOTIDIANO DE V\u00c1RZEA DE CALDE Exposi\u00e7\u00e3o Multidiscplinar De Ana Margarida Ferreira, Liliana Silva e Lu\u00eds Costa Museu do Linho de V\u00e1rzea de Calde (Viseu) De 11 maio a 31 agosto 2025 Inaugura\u00e7\u00e3o: 11 maio \u00e0s 15h00 Uma exposi\u00e7\u00e3o curada pela Binaural Nodar em articula\u00e7\u00e3o com o Munic\u00edpio de Viseu (Viseu Cultura), com","inLanguage":"pt-PT","isPartOf":{"@id":"https:\/\/www.binauralmedia.org\/news\/#website"},"breadcrumb":{"@id":"https:\/\/www.binauralmedia.org\/news\/arquivo\/23687#breadcrumblist"},"author":{"@id":"https:\/\/www.binauralmedia.org\/news\/arquivo\/author\/nelyferreira#author"},"creator":{"@id":"https:\/\/www.binauralmedia.org\/news\/arquivo\/author\/nelyferreira#author"},"image":{"@type":"ImageObject","url":"https:\/\/www.binauralmedia.org\/news\/wp-content\/uploads\/Carqueja.png","@id":"https:\/\/www.binauralmedia.org\/news\/arquivo\/23687\/#mainImage","width":1200,"height":800},"primaryImageOfPage":{"@id":"https:\/\/www.binauralmedia.org\/news\/arquivo\/23687#mainImage"},"datePublished":"2025-05-06T15:15:32+00:00","dateModified":"2025-05-22T15:28:20+00:00"},{"@type":"WebSite","@id":"https:\/\/www.binauralmedia.org\/news\/#website","url":"https:\/\/www.binauralmedia.org\/news\/","name":"binauralmedia.org","description":"Rural Based Sound\/Media Arts & Social Research","inLanguage":"pt-PT","publisher":{"@id":"https:\/\/www.binauralmedia.org\/news\/#organization"}}]},"og:locale":"pt_PT","og:site_name":"binauralmedia.org - Rural Based Sound\/Media Arts &amp; Social Research","og:type":"article","og:title":"Exposi\u00e7\u00e3o multidisciplinar \u201cA carqueja no quotidiano de V\u00e1rzea de Calde\u201d - binauralmedia.org","og:description":"A CARQUEJA NO QUOTIDIANO DE V\u00c1RZEA DE CALDE Exposi\u00e7\u00e3o Multidiscplinar De Ana Margarida Ferreira, Liliana Silva e Lu\u00eds Costa Museu do Linho de V\u00e1rzea de Calde (Viseu) De 11 maio a 31 agosto 2025 Inaugura\u00e7\u00e3o: 11 maio \u00e0s 15h00 Uma exposi\u00e7\u00e3o curada pela Binaural Nodar em articula\u00e7\u00e3o com o Munic\u00edpio de Viseu (Viseu Cultura), com","og:url":"https:\/\/www.binauralmedia.org\/news\/arquivo\/23687","article:published_time":"2025-05-06T15:15:32+00:00","article:modified_time":"2025-05-22T15:28:20+00:00","twitter:card":"summary_large_image","twitter:title":"Exposi\u00e7\u00e3o multidisciplinar \u201cA carqueja no quotidiano de V\u00e1rzea de Calde\u201d - binauralmedia.org","twitter:description":"A CARQUEJA NO QUOTIDIANO DE V\u00c1RZEA DE CALDE Exposi\u00e7\u00e3o Multidiscplinar De Ana Margarida Ferreira, Liliana Silva e Lu\u00eds Costa Museu do Linho de V\u00e1rzea de Calde (Viseu) De 11 maio a 31 agosto 2025 Inaugura\u00e7\u00e3o: 11 maio \u00e0s 15h00 Uma exposi\u00e7\u00e3o curada pela Binaural Nodar em articula\u00e7\u00e3o com o Munic\u00edpio de Viseu (Viseu Cultura), com"},"aioseo_meta_data":{"post_id":"23687","title":null,"description":null,"keywords":null,"keyphrases":null,"primary_term":null,"canonical_url":null,"og_title":null,"og_description":null,"og_object_type":"default","og_image_type":"default","og_image_custom_url":null,"og_image_custom_fields":null,"og_image_url":null,"og_image_width":null,"og_image_height":null,"og_video":null,"og_custom_url":null,"og_article_section":null,"og_article_tags":null,"twitter_use_og":false,"twitter_card":"default","twitter_image_type":"default","twitter_image_custom_url":null,"twitter_image_custom_fields":null,"twitter_image_url":null,"twitter_title":null,"twitter_description":null,"schema_type":"default","schema_type_options":null,"schema":{"blockGraphs":[],"customGraphs":[],"default":{"data":{"Article":[],"Course":[],"Dataset":[],"FAQPage":[],"Movie":[],"Person":[],"Product":[],"ProductReview":[],"Car":[],"Recipe":[],"Service":[],"SoftwareApplication":[],"WebPage":[]},"graphName":"","isEnabled":true},"graphs":[]},"pillar_content":false,"robots_default":true,"robots_noindex":false,"robots_noarchive":false,"robots_nosnippet":false,"robots_nofollow":false,"robots_noimageindex":false,"robots_noodp":false,"robots_notranslate":false,"robots_max_snippet":null,"robots_max_videopreview":null,"robots_max_imagepreview":"large","priority":null,"frequency":null,"local_seo":null,"limit_modified_date":false,"ai":null,"breadcrumb_settings":null,"seo_analyzer_scan_date":null,"created":"2026-08-05 07:58:52","updated":"2026-08-05 07:58:52","focus_keyword":null,"additional_keywords":null,"truseo_locale":null},"aioseo_breadcrumb":"<div class=\"aioseo-breadcrumbs\"><span class=\"aioseo-breadcrumb\">\n\t\t\t<a href=\"https:\/\/www.binauralmedia.org\/news\" title=\"Home\">Home<\/a>\n\t\t<\/span><span class=\"aioseo-breadcrumb-separator\">&raquo;<\/span><span class=\"aioseo-breadcrumb\">\n\t\t\t<a href=\"https:\/\/www.binauralmedia.org\/news\/arquivo\/category\/news\" title=\"Not\u00edcias\">Not\u00edcias<\/a>\n\t\t<\/span><span class=\"aioseo-breadcrumb-separator\">&raquo;<\/span><span class=\"aioseo-breadcrumb\">\n\t\t\tExposi\u00e7\u00e3o multidisciplinar \u201cA carqueja no quotidiano de V\u00e1rzea de Calde\u201d\n\t\t<\/span><\/div>","aioseo_breadcrumb_json":[{"label":"Home","link":"https:\/\/www.binauralmedia.org\/news"},{"label":"Not\u00edcias","link":"https:\/\/www.binauralmedia.org\/news\/arquivo\/category\/news"},{"label":"Exposi\u00e7\u00e3o multidisciplinar &#8220;A carqueja no quotidiano de V\u00e1rzea de Calde&#8221;","link":"https:\/\/www.binauralmedia.org\/news\/arquivo\/23687"}],"_links":{"self":[{"href":"https:\/\/www.binauralmedia.org\/news\/wp-json\/wp\/v2\/posts\/23687","targetHints":{"allow":["GET"]}}],"collection":[{"href":"https:\/\/www.binauralmedia.org\/news\/wp-json\/wp\/v2\/posts"}],"about":[{"href":"https:\/\/www.binauralmedia.org\/news\/wp-json\/wp\/v2\/types\/post"}],"author":[{"embeddable":true,"href":"https:\/\/www.binauralmedia.org\/news\/wp-json\/wp\/v2\/users\/8"}],"replies":[{"embeddable":true,"href":"https:\/\/www.binauralmedia.org\/news\/wp-json\/wp\/v2\/comments?post=23687"}],"version-history":[{"count":1,"href":"https:\/\/www.binauralmedia.org\/news\/wp-json\/wp\/v2\/posts\/23687\/revisions"}],"predecessor-version":[{"id":23690,"href":"https:\/\/www.binauralmedia.org\/news\/wp-json\/wp\/v2\/posts\/23687\/revisions\/23690"}],"wp:featuredmedia":[{"embeddable":true,"href":"https:\/\/www.binauralmedia.org\/news\/wp-json\/wp\/v2\/media\/23688"}],"wp:attachment":[{"href":"https:\/\/www.binauralmedia.org\/news\/wp-json\/wp\/v2\/media?parent=23687"}],"wp:term":[{"taxonomy":"category","embeddable":true,"href":"https:\/\/www.binauralmedia.org\/news\/wp-json\/wp\/v2\/categories?post=23687"},{"taxonomy":"post_tag","embeddable":true,"href":"https:\/\/www.binauralmedia.org\/news\/wp-json\/wp\/v2\/tags?post=23687"}],"curies":[{"name":"wp","href":"https:\/\/api.w.org\/{rel}","templated":true}]}}