{"id":23663,"date":"2025-04-24T13:30:43","date_gmt":"2025-04-24T13:30:43","guid":{"rendered":"https:\/\/www.binauralmedia.org\/news?p=23663"},"modified":"2025-05-22T13:41:16","modified_gmt":"2025-05-22T13:41:16","slug":"binaural-participou-no-projeto-braga25","status":"publish","type":"post","link":"https:\/\/www.binauralmedia.org\/news\/arquivo\/23663","title":{"rendered":"Binaural participou no projeto Braga25"},"content":{"rendered":"<div class=\"fusion-fullwidth fullwidth-box fusion-builder-row-1 fusion-flex-container nonhundred-percent-fullwidth non-hundred-percent-height-scrolling\" style=\"--awb-border-radius-top-left:0px;--awb-border-radius-top-right:0px;--awb-border-radius-bottom-right:0px;--awb-border-radius-bottom-left:0px;--awb-flex-wrap:wrap;\" ><div class=\"fusion-builder-row fusion-row fusion-flex-align-items-flex-start fusion-flex-content-wrap\" style=\"max-width:1144px;margin-left: calc(-4% \/ 2 );margin-right: calc(-4% \/ 2 );\"><div class=\"fusion-layout-column fusion_builder_column fusion-builder-column-0 fusion_builder_column_1_1 1_1 fusion-flex-column\" style=\"--awb-bg-size:cover;--awb-width-large:100%;--awb-margin-top-large:0px;--awb-spacing-right-large:1.92%;--awb-margin-bottom-large:0px;--awb-spacing-left-large:1.92%;--awb-width-medium:100%;--awb-spacing-right-medium:1.92%;--awb-spacing-left-medium:1.92%;--awb-width-small:100%;--awb-spacing-right-small:1.92%;--awb-spacing-left-small:1.92%;\"><div class=\"fusion-column-wrapper fusion-flex-justify-content-flex-start fusion-content-layout-column\"><div class=\"fusion-text fusion-text-1\"><p><iframe src=\"https:\/\/player.vimeo.com\/video\/1078040185?title=1&amp;byline=1&amp;portrait=1&amp;color=\" width=\"640\" height=\"360\" frameborder=\"0\" allowfullscreen=\"allowfullscreen\"><span data-mce-type=\"bookmark\" style=\"display: inline-block; width: 0px; overflow: hidden; line-height: 0;\" class=\"mce_SELRES_start\">\ufeff<\/span><\/iframe><\/p>\n<p>OU\u00c7O, LEMBRO E SINTO<br \/>Projeto educativo sonoro<br \/>14 a 17 de abril de 2025<br \/>Uni\u00e3o de Freguesias de Merelim S\u00e3o Paio, Pan\u00f3ias e Parada de Tib\u00e3es (Braga)<\/p>\n<p>A Binaural Nodar desenvolveu, entre os passados dias 14 e 17 de abril, o projeto educativo sonoro &#8220;Ou\u00e7o, Lembro e Sinto&#8221; que desafiou crian\u00e7as entre os 7 e 11 anos a ouvirem e a gravarem a paisagem, as atividades e as vozes de algumas zonas do seu pr\u00f3prio territ\u00f3rio, expressando em paralelo parte do seu mundo de recorda\u00e7\u00f5es, de brincadeiras e de impress\u00f5es sobre o que ouviam e viam.<\/p>\n<p>Este projeto faz parte da programa\u00e7\u00e3o do Ciclo Trajetos Comunicantes de Braga 25 &#8211; Capital Nacional da Cultura 2025.<\/p>\n<p>Cr\u00e9ditos:<\/p>\n<p>Um projeto dinamizado pela Binaural Nodar<br \/>Ideia original: Lu\u00eds Costa<br \/>Dinamiza\u00e7\u00e3o do ateli\u00ea: Lu\u00eds Costa e Nely Ferreira<br \/>Pe\u00e7a sonora: Lu\u00eds Costa<br \/>Capta\u00e7\u00e3o fotogr\u00e1fica: Nely Ferreira e volunt\u00e1rios da Braga 25<br \/>Capta\u00e7\u00e3o e edi\u00e7\u00e3o v\u00eddeo: Nely Ferreira<br \/>Curadoria: Lu\u00eds Pinto<br \/>Assist\u00eancia de produ\u00e7\u00e3o: Jos\u00e9 Carlos Barros<\/p>\n<p>A Binaural Nodar \u00e9 uma entidade cultural apoiada pela Rep\u00fablica Portuguesa &#8211; Cultura | Dire\u00e7\u00e3o-Geral das Artes.<\/p>\n<\/div><\/div><\/div><\/div><\/div>\n","protected":false},"excerpt":{"rendered":"","protected":false},"author":8,"featured_media":23664,"comment_status":"closed","ping_status":"closed","sticky":false,"template":"","format":"video","meta":{"_acf_changed":false,"_bbp_topic_count":0,"_bbp_reply_count":0,"_bbp_total_topic_count":0,"_bbp_total_reply_count":0,"_bbp_voice_count":0,"_bbp_anonymous_reply_count":0,"_bbp_topic_count_hidden":0,"_bbp_reply_count_hidden":0,"_bbp_forum_subforum_count":0,"footnotes":""},"categories":[1,1159],"tags":[],"class_list":["post-23663","post","type-post","status-publish","format-video","has-post-thumbnail","hentry","category-news","category-educational-programme","post_format-post-format-video"],"acf":[],"aioseo_notices":[],"aioseo_head":"\n\t\t<!-- All in One SEO 5.0.1.1 - aioseo.com -->\n\t<meta name=\"description\" content=\"\ufeff OU\u00c7O, LEMBRO E SINTOProjeto educativo sonoro14 a 17 de abril de 2025Uni\u00e3o de Freguesias de Merelim S\u00e3o Paio, Pan\u00f3ias e Parada de Tib\u00e3es (Braga) A Binaural Nodar desenvolveu, entre os passados dias 14 e 17 de abril, o projeto educativo sonoro \u201cOu\u00e7o, Lembro e Sinto\u201d que desafiou crian\u00e7as entre os 7 e 11 anos\" \/>\n\t<meta name=\"robots\" content=\"max-image-preview:large\" \/>\n\t<meta name=\"author\" content=\"Nely Ferreira\"\/>\n\t<link rel=\"canonical\" href=\"https:\/\/www.binauralmedia.org\/news\/arquivo\/23663\" \/>\n\t<meta name=\"generator\" content=\"All in One SEO (AIOSEO) 5.0.1.1\" \/>\n\t\t<meta property=\"og:locale\" content=\"pt_PT\" \/>\n\t\t<meta property=\"og:site_name\" content=\"binauralmedia.org - Rural Based Sound\/Media Arts &amp; Social Research\" \/>\n\t\t<meta property=\"og:type\" content=\"article\" \/>\n\t\t<meta property=\"og:title\" content=\"Binaural participou no projeto Braga25 - binauralmedia.org\" \/>\n\t\t<meta property=\"og:description\" content=\"\ufeff OU\u00c7O, LEMBRO E SINTOProjeto educativo sonoro14 a 17 de abril de 2025Uni\u00e3o de Freguesias de Merelim S\u00e3o Paio, Pan\u00f3ias e Parada de Tib\u00e3es (Braga) A Binaural Nodar desenvolveu, entre os passados dias 14 e 17 de abril, o projeto educativo sonoro \u201cOu\u00e7o, Lembro e Sinto\u201d que desafiou crian\u00e7as entre os 7 e 11 anos\" \/>\n\t\t<meta property=\"og:url\" content=\"https:\/\/www.binauralmedia.org\/news\/arquivo\/23663\" \/>\n\t\t<meta property=\"article:published_time\" content=\"2025-04-24T13:30:43+00:00\" \/>\n\t\t<meta property=\"article:modified_time\" content=\"2025-05-22T13:41:16+00:00\" \/>\n\t\t<meta name=\"twitter:card\" content=\"summary_large_image\" \/>\n\t\t<meta name=\"twitter:title\" content=\"Binaural participou no projeto Braga25 - binauralmedia.org\" \/>\n\t\t<meta name=\"twitter:description\" content=\"\ufeff OU\u00c7O, LEMBRO E SINTOProjeto educativo sonoro14 a 17 de abril de 2025Uni\u00e3o de Freguesias de Merelim S\u00e3o Paio, Pan\u00f3ias e Parada de Tib\u00e3es (Braga) A Binaural Nodar desenvolveu, entre os passados dias 14 e 17 de abril, o projeto educativo sonoro \u201cOu\u00e7o, Lembro e Sinto\u201d que desafiou crian\u00e7as entre os 7 e 11 anos\" \/>\n\t\t<script type=\"application\/ld+json\" class=\"aioseo-schema\">\n\t\t\t{\"@context\":\"https:\\\/\\\/schema.org\",\"@graph\":[{\"@type\":\"BlogPosting\",\"@id\":\"https:\\\/\\\/www.binauralmedia.org\\\/news\\\/arquivo\\\/23663#blogposting\",\"name\":\"Binaural participou no projeto Braga25 - binauralmedia.org\",\"headline\":\"Binaural participou no projeto Braga25\",\"author\":{\"@id\":\"https:\\\/\\\/www.binauralmedia.org\\\/news\\\/arquivo\\\/author\\\/nelyferreira#author\"},\"publisher\":{\"@id\":\"https:\\\/\\\/www.binauralmedia.org\\\/news\\\/#organization\"},\"image\":{\"@type\":\"ImageObject\",\"url\":\"https:\\\/\\\/www.binauralmedia.org\\\/news\\\/wp-content\\\/uploads\\\/Braga_Video.png\",\"width\":1200,\"height\":800},\"datePublished\":\"2025-04-24T13:30:43+00:00\",\"dateModified\":\"2025-05-22T13:41:16+00:00\",\"inLanguage\":\"pt-PT\",\"mainEntityOfPage\":{\"@id\":\"https:\\\/\\\/www.binauralmedia.org\\\/news\\\/arquivo\\\/23663#webpage\"},\"isPartOf\":{\"@id\":\"https:\\\/\\\/www.binauralmedia.org\\\/news\\\/arquivo\\\/23663#webpage\"},\"articleSection\":\"Not\\u00edcias, Programa Educativo, Video, Optional\"},{\"@type\":\"BreadcrumbList\",\"@id\":\"https:\\\/\\\/www.binauralmedia.org\\\/news\\\/arquivo\\\/23663#breadcrumblist\",\"itemListElement\":[{\"@type\":\"ListItem\",\"@id\":\"https:\\\/\\\/www.binauralmedia.org\\\/news#listItem\",\"position\":1,\"name\":\"Home\",\"item\":\"https:\\\/\\\/www.binauralmedia.org\\\/news\",\"nextItem\":{\"@type\":\"ListItem\",\"@id\":\"https:\\\/\\\/www.binauralmedia.org\\\/news\\\/arquivo\\\/category\\\/news#listItem\",\"name\":\"Not\\u00edcias\"}},{\"@type\":\"ListItem\",\"@id\":\"https:\\\/\\\/www.binauralmedia.org\\\/news\\\/arquivo\\\/category\\\/news#listItem\",\"position\":2,\"name\":\"Not\\u00edcias\",\"item\":\"https:\\\/\\\/www.binauralmedia.org\\\/news\\\/arquivo\\\/category\\\/news\",\"nextItem\":{\"@type\":\"ListItem\",\"@id\":\"https:\\\/\\\/www.binauralmedia.org\\\/news\\\/arquivo\\\/23663#listItem\",\"name\":\"Binaural participou no projeto Braga25\"},\"previousItem\":{\"@type\":\"ListItem\",\"@id\":\"https:\\\/\\\/www.binauralmedia.org\\\/news#listItem\",\"name\":\"Home\"}},{\"@type\":\"ListItem\",\"@id\":\"https:\\\/\\\/www.binauralmedia.org\\\/news\\\/arquivo\\\/23663#listItem\",\"position\":3,\"name\":\"Binaural participou no projeto Braga25\",\"previousItem\":{\"@type\":\"ListItem\",\"@id\":\"https:\\\/\\\/www.binauralmedia.org\\\/news\\\/arquivo\\\/category\\\/news#listItem\",\"name\":\"Not\\u00edcias\"}}]},{\"@type\":\"Organization\",\"@id\":\"https:\\\/\\\/www.binauralmedia.org\\\/news\\\/#organization\",\"name\":\"binauralmedia.org\",\"description\":\"Rural Based Sound\\\/Media Arts & Social Research\",\"url\":\"https:\\\/\\\/www.binauralmedia.org\\\/news\\\/\"},{\"@type\":\"Person\",\"@id\":\"https:\\\/\\\/www.binauralmedia.org\\\/news\\\/arquivo\\\/author\\\/nelyferreira#author\",\"url\":\"https:\\\/\\\/www.binauralmedia.org\\\/news\\\/arquivo\\\/author\\\/nelyferreira\",\"name\":\"Nely Ferreira\"},{\"@type\":\"WebPage\",\"@id\":\"https:\\\/\\\/www.binauralmedia.org\\\/news\\\/arquivo\\\/23663#webpage\",\"url\":\"https:\\\/\\\/www.binauralmedia.org\\\/news\\\/arquivo\\\/23663\",\"name\":\"Binaural participou no projeto Braga25 - binauralmedia.org\",\"description\":\"\\ufeff OU\\u00c7O, LEMBRO E SINTOProjeto educativo sonoro14 a 17 de abril de 2025Uni\\u00e3o de Freguesias de Merelim S\\u00e3o Paio, Pan\\u00f3ias e Parada de Tib\\u00e3es (Braga) A Binaural Nodar desenvolveu, entre os passados dias 14 e 17 de abril, o projeto educativo sonoro \\u201cOu\\u00e7o, Lembro e Sinto\\u201d que desafiou crian\\u00e7as entre os 7 e 11 anos\",\"inLanguage\":\"pt-PT\",\"isPartOf\":{\"@id\":\"https:\\\/\\\/www.binauralmedia.org\\\/news\\\/#website\"},\"breadcrumb\":{\"@id\":\"https:\\\/\\\/www.binauralmedia.org\\\/news\\\/arquivo\\\/23663#breadcrumblist\"},\"author\":{\"@id\":\"https:\\\/\\\/www.binauralmedia.org\\\/news\\\/arquivo\\\/author\\\/nelyferreira#author\"},\"creator\":{\"@id\":\"https:\\\/\\\/www.binauralmedia.org\\\/news\\\/arquivo\\\/author\\\/nelyferreira#author\"},\"image\":{\"@type\":\"ImageObject\",\"url\":\"https:\\\/\\\/www.binauralmedia.org\\\/news\\\/wp-content\\\/uploads\\\/Braga_Video.png\",\"@id\":\"https:\\\/\\\/www.binauralmedia.org\\\/news\\\/arquivo\\\/23663\\\/#mainImage\",\"width\":1200,\"height\":800},\"primaryImageOfPage\":{\"@id\":\"https:\\\/\\\/www.binauralmedia.org\\\/news\\\/arquivo\\\/23663#mainImage\"},\"datePublished\":\"2025-04-24T13:30:43+00:00\",\"dateModified\":\"2025-05-22T13:41:16+00:00\"},{\"@type\":\"WebSite\",\"@id\":\"https:\\\/\\\/www.binauralmedia.org\\\/news\\\/#website\",\"url\":\"https:\\\/\\\/www.binauralmedia.org\\\/news\\\/\",\"name\":\"binauralmedia.org\",\"description\":\"Rural Based Sound\\\/Media Arts & Social Research\",\"inLanguage\":\"pt-PT\",\"publisher\":{\"@id\":\"https:\\\/\\\/www.binauralmedia.org\\\/news\\\/#organization\"}}]}\n\t\t<\/script>\n\t\t<!-- All in One SEO -->\n\n","aioseo_head_json":{"title":"Binaural participou no projeto Braga25 - binauralmedia.org","description":"\ufeff OU\u00c7O, LEMBRO E SINTOProjeto educativo sonoro14 a 17 de abril de 2025Uni\u00e3o de Freguesias de Merelim S\u00e3o Paio, Pan\u00f3ias e Parada de Tib\u00e3es (Braga) A Binaural Nodar desenvolveu, entre os passados dias 14 e 17 de abril, o projeto educativo sonoro \u201cOu\u00e7o, Lembro e Sinto\u201d que desafiou crian\u00e7as entre os 7 e 11 anos","canonical_url":"https:\/\/www.binauralmedia.org\/news\/arquivo\/23663","robots":"max-image-preview:large","keywords":"","webmasterTools":{"miscellaneous":""},"schema":{"@context":"https:\/\/schema.org","@graph":[{"@type":"BlogPosting","@id":"https:\/\/www.binauralmedia.org\/news\/arquivo\/23663#blogposting","name":"Binaural participou no projeto Braga25 - binauralmedia.org","headline":"Binaural participou no projeto Braga25","author":{"@id":"https:\/\/www.binauralmedia.org\/news\/arquivo\/author\/nelyferreira#author"},"publisher":{"@id":"https:\/\/www.binauralmedia.org\/news\/#organization"},"image":{"@type":"ImageObject","url":"https:\/\/www.binauralmedia.org\/news\/wp-content\/uploads\/Braga_Video.png","width":1200,"height":800},"datePublished":"2025-04-24T13:30:43+00:00","dateModified":"2025-05-22T13:41:16+00:00","inLanguage":"pt-PT","mainEntityOfPage":{"@id":"https:\/\/www.binauralmedia.org\/news\/arquivo\/23663#webpage"},"isPartOf":{"@id":"https:\/\/www.binauralmedia.org\/news\/arquivo\/23663#webpage"},"articleSection":"Not\u00edcias, Programa Educativo, Video, Optional"},{"@type":"BreadcrumbList","@id":"https:\/\/www.binauralmedia.org\/news\/arquivo\/23663#breadcrumblist","itemListElement":[{"@type":"ListItem","@id":"https:\/\/www.binauralmedia.org\/news#listItem","position":1,"name":"Home","item":"https:\/\/www.binauralmedia.org\/news","nextItem":{"@type":"ListItem","@id":"https:\/\/www.binauralmedia.org\/news\/arquivo\/category\/news#listItem","name":"Not\u00edcias"}},{"@type":"ListItem","@id":"https:\/\/www.binauralmedia.org\/news\/arquivo\/category\/news#listItem","position":2,"name":"Not\u00edcias","item":"https:\/\/www.binauralmedia.org\/news\/arquivo\/category\/news","nextItem":{"@type":"ListItem","@id":"https:\/\/www.binauralmedia.org\/news\/arquivo\/23663#listItem","name":"Binaural participou no projeto Braga25"},"previousItem":{"@type":"ListItem","@id":"https:\/\/www.binauralmedia.org\/news#listItem","name":"Home"}},{"@type":"ListItem","@id":"https:\/\/www.binauralmedia.org\/news\/arquivo\/23663#listItem","position":3,"name":"Binaural participou no projeto Braga25","previousItem":{"@type":"ListItem","@id":"https:\/\/www.binauralmedia.org\/news\/arquivo\/category\/news#listItem","name":"Not\u00edcias"}}]},{"@type":"Organization","@id":"https:\/\/www.binauralmedia.org\/news\/#organization","name":"binauralmedia.org","description":"Rural Based Sound\/Media Arts & Social Research","url":"https:\/\/www.binauralmedia.org\/news\/"},{"@type":"Person","@id":"https:\/\/www.binauralmedia.org\/news\/arquivo\/author\/nelyferreira#author","url":"https:\/\/www.binauralmedia.org\/news\/arquivo\/author\/nelyferreira","name":"Nely Ferreira"},{"@type":"WebPage","@id":"https:\/\/www.binauralmedia.org\/news\/arquivo\/23663#webpage","url":"https:\/\/www.binauralmedia.org\/news\/arquivo\/23663","name":"Binaural participou no projeto Braga25 - binauralmedia.org","description":"\ufeff OU\u00c7O, LEMBRO E SINTOProjeto educativo sonoro14 a 17 de abril de 2025Uni\u00e3o de Freguesias de Merelim S\u00e3o Paio, Pan\u00f3ias e Parada de Tib\u00e3es (Braga) A Binaural Nodar desenvolveu, entre os passados dias 14 e 17 de abril, o projeto educativo sonoro \u201cOu\u00e7o, Lembro e Sinto\u201d que desafiou crian\u00e7as entre os 7 e 11 anos","inLanguage":"pt-PT","isPartOf":{"@id":"https:\/\/www.binauralmedia.org\/news\/#website"},"breadcrumb":{"@id":"https:\/\/www.binauralmedia.org\/news\/arquivo\/23663#breadcrumblist"},"author":{"@id":"https:\/\/www.binauralmedia.org\/news\/arquivo\/author\/nelyferreira#author"},"creator":{"@id":"https:\/\/www.binauralmedia.org\/news\/arquivo\/author\/nelyferreira#author"},"image":{"@type":"ImageObject","url":"https:\/\/www.binauralmedia.org\/news\/wp-content\/uploads\/Braga_Video.png","@id":"https:\/\/www.binauralmedia.org\/news\/arquivo\/23663\/#mainImage","width":1200,"height":800},"primaryImageOfPage":{"@id":"https:\/\/www.binauralmedia.org\/news\/arquivo\/23663#mainImage"},"datePublished":"2025-04-24T13:30:43+00:00","dateModified":"2025-05-22T13:41:16+00:00"},{"@type":"WebSite","@id":"https:\/\/www.binauralmedia.org\/news\/#website","url":"https:\/\/www.binauralmedia.org\/news\/","name":"binauralmedia.org","description":"Rural Based Sound\/Media Arts & Social Research","inLanguage":"pt-PT","publisher":{"@id":"https:\/\/www.binauralmedia.org\/news\/#organization"}}]},"og:locale":"pt_PT","og:site_name":"binauralmedia.org - Rural Based Sound\/Media Arts &amp; Social Research","og:type":"article","og:title":"Binaural participou no projeto Braga25 - binauralmedia.org","og:description":"\ufeff OU\u00c7O, LEMBRO E SINTOProjeto educativo sonoro14 a 17 de abril de 2025Uni\u00e3o de Freguesias de Merelim S\u00e3o Paio, Pan\u00f3ias e Parada de Tib\u00e3es (Braga) A Binaural Nodar desenvolveu, entre os passados dias 14 e 17 de abril, o projeto educativo sonoro \u201cOu\u00e7o, Lembro e Sinto\u201d que desafiou crian\u00e7as entre os 7 e 11 anos","og:url":"https:\/\/www.binauralmedia.org\/news\/arquivo\/23663","article:published_time":"2025-04-24T13:30:43+00:00","article:modified_time":"2025-05-22T13:41:16+00:00","twitter:card":"summary_large_image","twitter:title":"Binaural participou no projeto Braga25 - binauralmedia.org","twitter:description":"\ufeff OU\u00c7O, LEMBRO E SINTOProjeto educativo sonoro14 a 17 de abril de 2025Uni\u00e3o de Freguesias de Merelim S\u00e3o Paio, Pan\u00f3ias e Parada de Tib\u00e3es (Braga) A Binaural Nodar desenvolveu, entre os passados dias 14 e 17 de abril, o projeto educativo sonoro \u201cOu\u00e7o, Lembro e Sinto\u201d que desafiou crian\u00e7as entre os 7 e 11 anos"},"aioseo_meta_data":{"post_id":"23663","title":null,"description":null,"keywords":null,"keyphrases":null,"primary_term":null,"canonical_url":null,"og_title":null,"og_description":null,"og_object_type":"default","og_image_type":"default","og_image_custom_url":null,"og_image_custom_fields":null,"og_image_url":null,"og_image_width":null,"og_image_height":null,"og_video":null,"og_custom_url":null,"og_article_section":null,"og_article_tags":null,"twitter_use_og":false,"twitter_card":"default","twitter_image_type":"default","twitter_image_custom_url":null,"twitter_image_custom_fields":null,"twitter_image_url":null,"twitter_title":null,"twitter_description":null,"schema_type":"default","schema_type_options":null,"schema":{"blockGraphs":[],"customGraphs":[],"default":{"data":{"Article":[],"Course":[],"Dataset":[],"FAQPage":[],"Movie":[],"Person":[],"Product":[],"ProductReview":[],"Car":[],"Recipe":[],"Service":[],"SoftwareApplication":[],"WebPage":[]},"graphName":"","isEnabled":true},"graphs":[]},"pillar_content":false,"robots_default":true,"robots_noindex":false,"robots_noarchive":false,"robots_nosnippet":false,"robots_nofollow":false,"robots_noimageindex":false,"robots_noodp":false,"robots_notranslate":false,"robots_max_snippet":null,"robots_max_videopreview":null,"robots_max_imagepreview":"large","priority":null,"frequency":null,"local_seo":null,"limit_modified_date":false,"ai":null,"breadcrumb_settings":null,"seo_analyzer_scan_date":null,"created":"2026-08-05 07:58:51","updated":"2026-08-05 07:58:51","focus_keyword":null,"additional_keywords":null,"truseo_locale":null},"aioseo_breadcrumb":"<div class=\"aioseo-breadcrumbs\"><span class=\"aioseo-breadcrumb\">\n\t\t\t<a href=\"https:\/\/www.binauralmedia.org\/news\" title=\"Home\">Home<\/a>\n\t\t<\/span><span class=\"aioseo-breadcrumb-separator\">&raquo;<\/span><span class=\"aioseo-breadcrumb\">\n\t\t\t<a href=\"https:\/\/www.binauralmedia.org\/news\/arquivo\/category\/news\" title=\"Not\u00edcias\">Not\u00edcias<\/a>\n\t\t<\/span><span class=\"aioseo-breadcrumb-separator\">&raquo;<\/span><span class=\"aioseo-breadcrumb\">\n\t\t\tBinaural participou no projeto Braga25\n\t\t<\/span><\/div>","aioseo_breadcrumb_json":[{"label":"Home","link":"https:\/\/www.binauralmedia.org\/news"},{"label":"Not\u00edcias","link":"https:\/\/www.binauralmedia.org\/news\/arquivo\/category\/news"},{"label":"Binaural participou no projeto Braga25","link":"https:\/\/www.binauralmedia.org\/news\/arquivo\/23663"}],"_links":{"self":[{"href":"https:\/\/www.binauralmedia.org\/news\/wp-json\/wp\/v2\/posts\/23663","targetHints":{"allow":["GET"]}}],"collection":[{"href":"https:\/\/www.binauralmedia.org\/news\/wp-json\/wp\/v2\/posts"}],"about":[{"href":"https:\/\/www.binauralmedia.org\/news\/wp-json\/wp\/v2\/types\/post"}],"author":[{"embeddable":true,"href":"https:\/\/www.binauralmedia.org\/news\/wp-json\/wp\/v2\/users\/8"}],"replies":[{"embeddable":true,"href":"https:\/\/www.binauralmedia.org\/news\/wp-json\/wp\/v2\/comments?post=23663"}],"version-history":[{"count":3,"href":"https:\/\/www.binauralmedia.org\/news\/wp-json\/wp\/v2\/posts\/23663\/revisions"}],"predecessor-version":[{"id":23668,"href":"https:\/\/www.binauralmedia.org\/news\/wp-json\/wp\/v2\/posts\/23663\/revisions\/23668"}],"wp:featuredmedia":[{"embeddable":true,"href":"https:\/\/www.binauralmedia.org\/news\/wp-json\/wp\/v2\/media\/23664"}],"wp:attachment":[{"href":"https:\/\/www.binauralmedia.org\/news\/wp-json\/wp\/v2\/media?parent=23663"}],"wp:term":[{"taxonomy":"category","embeddable":true,"href":"https:\/\/www.binauralmedia.org\/news\/wp-json\/wp\/v2\/categories?post=23663"},{"taxonomy":"post_tag","embeddable":true,"href":"https:\/\/www.binauralmedia.org\/news\/wp-json\/wp\/v2\/tags?post=23663"}],"curies":[{"name":"wp","href":"https:\/\/api.w.org\/{rel}","templated":true}]}}