{"id":23645,"date":"2025-04-09T11:54:48","date_gmt":"2025-04-09T11:54:48","guid":{"rendered":"https:\/\/www.binauralmedia.org\/news?p=23645"},"modified":"2025-05-22T13:08:42","modified_gmt":"2025-05-22T13:08:42","slug":"ouco-lembro-e-sinto-projeto-educativo-sonoro-em-braga","status":"publish","type":"post","link":"https:\/\/www.binauralmedia.org\/news\/arquivo\/23645","title":{"rendered":"&#8220;Ou\u00e7o, Lembro e Sinto&#8221; projeto educativo sonoro em Braga"},"content":{"rendered":"<div class=\"fusion-fullwidth fullwidth-box fusion-builder-row-1 fusion-flex-container nonhundred-percent-fullwidth non-hundred-percent-height-scrolling\" style=\"--awb-border-radius-top-left:0px;--awb-border-radius-top-right:0px;--awb-border-radius-bottom-right:0px;--awb-border-radius-bottom-left:0px;--awb-flex-wrap:wrap;\" ><div class=\"fusion-builder-row fusion-row fusion-flex-align-items-flex-start fusion-flex-content-wrap\" style=\"max-width:1144px;margin-left: calc(-4% \/ 2 );margin-right: calc(-4% \/ 2 );\"><div class=\"fusion-layout-column fusion_builder_column fusion-builder-column-0 fusion_builder_column_1_1 1_1 fusion-flex-column\" style=\"--awb-bg-size:cover;--awb-width-large:100%;--awb-margin-top-large:0px;--awb-spacing-right-large:1.92%;--awb-margin-bottom-large:0px;--awb-spacing-left-large:1.92%;--awb-width-medium:100%;--awb-spacing-right-medium:1.92%;--awb-spacing-left-medium:1.92%;--awb-width-small:100%;--awb-spacing-right-small:1.92%;--awb-spacing-left-small:1.92%;\"><div class=\"fusion-column-wrapper fusion-flex-justify-content-flex-start fusion-content-layout-column\"><div class=\"fusion-text fusion-text-1\"><p>OU\u00c7O, LEMBRO E SINTO<br \/>\nProjeto educativo sonoro<\/p>\n<p>Com Lu\u00eds Costa e Nely Ferreira<br \/>\n14  a 17 de abril de 2025 das 10h00 \u00e0s 17h00<br \/>\nZona Fluvial de Merelim S\u00e3o Paio e Horta Comunit\u00e1ria de Parada de Tib\u00e3es (Concelho de Braga)<\/p>\n<p>Apresenta\u00e7\u00e3o p\u00fablica: 17 abril \u00e0s 1800<br \/>\nJunta de Freguesia de Merelim S\u00e3o Paio<\/p>\n<p>Um projeto integrado na programa\u00e7\u00e3o de Braga 25 &#8211; Capital Portuguesa da Cultura, contando com os apoios do Munic\u00edpio de Braga, da Uni\u00e3o das Freguesias de Merelim (S\u00e3o Paio), Panoias e Parada de Tib\u00e3es, do Centro de Estudos de Comunica\u00e7\u00e3o e Sociedade (CECS), do projeto Audire e da Empresa de Transportes Urbanos de Braga (TUB).<\/p>\n<p>O projeto educativo sonoro \u201cOu\u00e7o, Lembro e Sinto\u201d ir\u00e1 desafiar crian\u00e7as entre os 7 e 11 anos a ouvirem e a gravarem a paisagem, as atividades e as vozes presentes na Zona Fluvial de Merelim S\u00e3o Paio e da Horta Comunit\u00e1ria de Parada de Tib\u00e3es, de forma a expressarem parte do seu mundo pessoal de recorda\u00e7\u00f5es, construindo-se como resultado um conjunto de narrativas compostas por paisagens sonoras e oralidade, as quais ter\u00e3o um valor simultaneamente territorial, relativo aos lugares a percorrer e a escutar, e espec\u00edfico, relativo \u00e0 hist\u00f3ria e \u00e0 sensibilidade dos participantes na oficina.<\/p>\n<p>Cr\u00e9ditos:<\/p>\n<p>Um projeto dinamizado pela Binaural Nodar<br \/>\nIdeia original: Lu\u00eds Costa<br \/>\nDinamiza\u00e7\u00e3o do ateli\u00ea: Lu\u00eds Costa e Nely Ferreira<br \/>\nEdi\u00e7\u00e3o sonora: Lu\u00eds Costa e Nely Ferreira<br \/>\nCuradoria: Lu\u00eds Pinto<br \/>\nAssist\u00eancia de produ\u00e7\u00e3o: Jos\u00e9 Carlos Barros<br \/>\nFotografia de Lais Pereira \/ Braga 25<\/p>\n<p>A Binaural Nodar \u00e9 uma entidade cultural apoiada pela Rep\u00fablica Portuguesa &#8211; Cultura | Dire\u00e7\u00e3o-Geral das Artes.<\/p>\n<\/div><\/div><\/div><\/div><\/div>\n","protected":false},"excerpt":{"rendered":"","protected":false},"author":8,"featured_media":23647,"comment_status":"closed","ping_status":"closed","sticky":false,"template":"","format":"standard","meta":{"_acf_changed":false,"_bbp_topic_count":0,"_bbp_reply_count":0,"_bbp_total_topic_count":0,"_bbp_total_reply_count":0,"_bbp_voice_count":0,"_bbp_anonymous_reply_count":0,"_bbp_topic_count_hidden":0,"_bbp_reply_count_hidden":0,"_bbp_forum_subforum_count":0,"footnotes":""},"categories":[1,1159],"tags":[],"class_list":["post-23645","post","type-post","status-publish","format-standard","has-post-thumbnail","hentry","category-news","category-educational-programme"],"acf":[],"aioseo_notices":[],"aioseo_head":"\n\t\t<!-- All in One SEO 5.0.1.1 - aioseo.com -->\n\t<meta name=\"description\" content=\"OU\u00c7O, LEMBRO E SINTO Projeto educativo sonoro Com Lu\u00eds Costa e Nely Ferreira 14 a 17 de abril de 2025 das 10h00 \u00e0s 17h00 Zona Fluvial de Merelim S\u00e3o Paio e Horta Comunit\u00e1ria de Parada de Tib\u00e3es (Concelho de Braga) Apresenta\u00e7\u00e3o p\u00fablica: 17 abril \u00e0s 1800 Junta de Freguesia de Merelim S\u00e3o Paio Um projeto\" \/>\n\t<meta name=\"robots\" content=\"max-image-preview:large\" \/>\n\t<meta name=\"author\" content=\"Nely Ferreira\"\/>\n\t<link rel=\"canonical\" href=\"https:\/\/www.binauralmedia.org\/news\/arquivo\/23645\" \/>\n\t<meta name=\"generator\" content=\"All in One SEO (AIOSEO) 5.0.1.1\" \/>\n\t\t<meta property=\"og:locale\" content=\"pt_PT\" \/>\n\t\t<meta property=\"og:site_name\" content=\"binauralmedia.org - Rural Based Sound\/Media Arts &amp; Social Research\" \/>\n\t\t<meta property=\"og:type\" content=\"article\" \/>\n\t\t<meta property=\"og:title\" content=\"\u201cOu\u00e7o, Lembro e Sinto\u201d projeto educativo sonoro em Braga - binauralmedia.org\" \/>\n\t\t<meta property=\"og:description\" content=\"OU\u00c7O, LEMBRO E SINTO Projeto educativo sonoro Com Lu\u00eds Costa e Nely Ferreira 14 a 17 de abril de 2025 das 10h00 \u00e0s 17h00 Zona Fluvial de Merelim S\u00e3o Paio e Horta Comunit\u00e1ria de Parada de Tib\u00e3es (Concelho de Braga) Apresenta\u00e7\u00e3o p\u00fablica: 17 abril \u00e0s 1800 Junta de Freguesia de Merelim S\u00e3o Paio Um projeto\" \/>\n\t\t<meta property=\"og:url\" content=\"https:\/\/www.binauralmedia.org\/news\/arquivo\/23645\" \/>\n\t\t<meta property=\"article:published_time\" content=\"2025-04-09T11:54:48+00:00\" \/>\n\t\t<meta property=\"article:modified_time\" content=\"2025-05-22T13:08:42+00:00\" \/>\n\t\t<meta name=\"twitter:card\" content=\"summary_large_image\" \/>\n\t\t<meta name=\"twitter:title\" content=\"\u201cOu\u00e7o, Lembro e Sinto\u201d projeto educativo sonoro em Braga - binauralmedia.org\" \/>\n\t\t<meta name=\"twitter:description\" content=\"OU\u00c7O, LEMBRO E SINTO Projeto educativo sonoro Com Lu\u00eds Costa e Nely Ferreira 14 a 17 de abril de 2025 das 10h00 \u00e0s 17h00 Zona Fluvial de Merelim S\u00e3o Paio e Horta Comunit\u00e1ria de Parada de Tib\u00e3es (Concelho de Braga) Apresenta\u00e7\u00e3o p\u00fablica: 17 abril \u00e0s 1800 Junta de Freguesia de Merelim S\u00e3o Paio Um projeto\" \/>\n\t\t<script type=\"application\/ld+json\" class=\"aioseo-schema\">\n\t\t\t{\"@context\":\"https:\\\/\\\/schema.org\",\"@graph\":[{\"@type\":\"BlogPosting\",\"@id\":\"https:\\\/\\\/www.binauralmedia.org\\\/news\\\/arquivo\\\/23645#blogposting\",\"name\":\"\\u201cOu\\u00e7o, Lembro e Sinto\\u201d projeto educativo sonoro em Braga - binauralmedia.org\",\"headline\":\"&#8220;Ou\\u00e7o, Lembro e Sinto&#8221; projeto educativo sonoro em Braga\",\"author\":{\"@id\":\"https:\\\/\\\/www.binauralmedia.org\\\/news\\\/arquivo\\\/author\\\/nelyferreira#author\"},\"publisher\":{\"@id\":\"https:\\\/\\\/www.binauralmedia.org\\\/news\\\/#organization\"},\"image\":{\"@type\":\"ImageObject\",\"url\":\"https:\\\/\\\/www.binauralmedia.org\\\/news\\\/wp-content\\\/uploads\\\/Ouco-Lembro-e-Sinto-Braga-1200X800.jpg\",\"width\":1200,\"height\":800},\"datePublished\":\"2025-04-09T11:54:48+00:00\",\"dateModified\":\"2025-05-22T13:08:42+00:00\",\"inLanguage\":\"pt-PT\",\"mainEntityOfPage\":{\"@id\":\"https:\\\/\\\/www.binauralmedia.org\\\/news\\\/arquivo\\\/23645#webpage\"},\"isPartOf\":{\"@id\":\"https:\\\/\\\/www.binauralmedia.org\\\/news\\\/arquivo\\\/23645#webpage\"},\"articleSection\":\"Not\\u00edcias, Programa Educativo, Optional\"},{\"@type\":\"BreadcrumbList\",\"@id\":\"https:\\\/\\\/www.binauralmedia.org\\\/news\\\/arquivo\\\/23645#breadcrumblist\",\"itemListElement\":[{\"@type\":\"ListItem\",\"@id\":\"https:\\\/\\\/www.binauralmedia.org\\\/news#listItem\",\"position\":1,\"name\":\"Home\",\"item\":\"https:\\\/\\\/www.binauralmedia.org\\\/news\",\"nextItem\":{\"@type\":\"ListItem\",\"@id\":\"https:\\\/\\\/www.binauralmedia.org\\\/news\\\/arquivo\\\/category\\\/news#listItem\",\"name\":\"Not\\u00edcias\"}},{\"@type\":\"ListItem\",\"@id\":\"https:\\\/\\\/www.binauralmedia.org\\\/news\\\/arquivo\\\/category\\\/news#listItem\",\"position\":2,\"name\":\"Not\\u00edcias\",\"item\":\"https:\\\/\\\/www.binauralmedia.org\\\/news\\\/arquivo\\\/category\\\/news\",\"nextItem\":{\"@type\":\"ListItem\",\"@id\":\"https:\\\/\\\/www.binauralmedia.org\\\/news\\\/arquivo\\\/23645#listItem\",\"name\":\"&#8220;Ou\\u00e7o, Lembro e Sinto&#8221; projeto educativo sonoro em Braga\"},\"previousItem\":{\"@type\":\"ListItem\",\"@id\":\"https:\\\/\\\/www.binauralmedia.org\\\/news#listItem\",\"name\":\"Home\"}},{\"@type\":\"ListItem\",\"@id\":\"https:\\\/\\\/www.binauralmedia.org\\\/news\\\/arquivo\\\/23645#listItem\",\"position\":3,\"name\":\"&#8220;Ou\\u00e7o, Lembro e Sinto&#8221; projeto educativo sonoro em Braga\",\"previousItem\":{\"@type\":\"ListItem\",\"@id\":\"https:\\\/\\\/www.binauralmedia.org\\\/news\\\/arquivo\\\/category\\\/news#listItem\",\"name\":\"Not\\u00edcias\"}}]},{\"@type\":\"Organization\",\"@id\":\"https:\\\/\\\/www.binauralmedia.org\\\/news\\\/#organization\",\"name\":\"binauralmedia.org\",\"description\":\"Rural Based Sound\\\/Media Arts & Social Research\",\"url\":\"https:\\\/\\\/www.binauralmedia.org\\\/news\\\/\"},{\"@type\":\"Person\",\"@id\":\"https:\\\/\\\/www.binauralmedia.org\\\/news\\\/arquivo\\\/author\\\/nelyferreira#author\",\"url\":\"https:\\\/\\\/www.binauralmedia.org\\\/news\\\/arquivo\\\/author\\\/nelyferreira\",\"name\":\"Nely Ferreira\"},{\"@type\":\"WebPage\",\"@id\":\"https:\\\/\\\/www.binauralmedia.org\\\/news\\\/arquivo\\\/23645#webpage\",\"url\":\"https:\\\/\\\/www.binauralmedia.org\\\/news\\\/arquivo\\\/23645\",\"name\":\"\\u201cOu\\u00e7o, Lembro e Sinto\\u201d projeto educativo sonoro em Braga - binauralmedia.org\",\"description\":\"OU\\u00c7O, LEMBRO E SINTO Projeto educativo sonoro Com Lu\\u00eds Costa e Nely Ferreira 14 a 17 de abril de 2025 das 10h00 \\u00e0s 17h00 Zona Fluvial de Merelim S\\u00e3o Paio e Horta Comunit\\u00e1ria de Parada de Tib\\u00e3es (Concelho de Braga) Apresenta\\u00e7\\u00e3o p\\u00fablica: 17 abril \\u00e0s 1800 Junta de Freguesia de Merelim S\\u00e3o Paio Um projeto\",\"inLanguage\":\"pt-PT\",\"isPartOf\":{\"@id\":\"https:\\\/\\\/www.binauralmedia.org\\\/news\\\/#website\"},\"breadcrumb\":{\"@id\":\"https:\\\/\\\/www.binauralmedia.org\\\/news\\\/arquivo\\\/23645#breadcrumblist\"},\"author\":{\"@id\":\"https:\\\/\\\/www.binauralmedia.org\\\/news\\\/arquivo\\\/author\\\/nelyferreira#author\"},\"creator\":{\"@id\":\"https:\\\/\\\/www.binauralmedia.org\\\/news\\\/arquivo\\\/author\\\/nelyferreira#author\"},\"image\":{\"@type\":\"ImageObject\",\"url\":\"https:\\\/\\\/www.binauralmedia.org\\\/news\\\/wp-content\\\/uploads\\\/Ouco-Lembro-e-Sinto-Braga-1200X800.jpg\",\"@id\":\"https:\\\/\\\/www.binauralmedia.org\\\/news\\\/arquivo\\\/23645\\\/#mainImage\",\"width\":1200,\"height\":800},\"primaryImageOfPage\":{\"@id\":\"https:\\\/\\\/www.binauralmedia.org\\\/news\\\/arquivo\\\/23645#mainImage\"},\"datePublished\":\"2025-04-09T11:54:48+00:00\",\"dateModified\":\"2025-05-22T13:08:42+00:00\"},{\"@type\":\"WebSite\",\"@id\":\"https:\\\/\\\/www.binauralmedia.org\\\/news\\\/#website\",\"url\":\"https:\\\/\\\/www.binauralmedia.org\\\/news\\\/\",\"name\":\"binauralmedia.org\",\"description\":\"Rural Based Sound\\\/Media Arts & Social Research\",\"inLanguage\":\"pt-PT\",\"publisher\":{\"@id\":\"https:\\\/\\\/www.binauralmedia.org\\\/news\\\/#organization\"}}]}\n\t\t<\/script>\n\t\t<!-- All in One SEO -->\n\n","aioseo_head_json":{"title":"\u201cOu\u00e7o, Lembro e Sinto\u201d projeto educativo sonoro em Braga - binauralmedia.org","description":"OU\u00c7O, LEMBRO E SINTO Projeto educativo sonoro Com Lu\u00eds Costa e Nely Ferreira 14 a 17 de abril de 2025 das 10h00 \u00e0s 17h00 Zona Fluvial de Merelim S\u00e3o Paio e Horta Comunit\u00e1ria de Parada de Tib\u00e3es (Concelho de Braga) Apresenta\u00e7\u00e3o p\u00fablica: 17 abril \u00e0s 1800 Junta de Freguesia de Merelim S\u00e3o Paio Um projeto","canonical_url":"https:\/\/www.binauralmedia.org\/news\/arquivo\/23645","robots":"max-image-preview:large","keywords":"","webmasterTools":{"miscellaneous":""},"schema":{"@context":"https:\/\/schema.org","@graph":[{"@type":"BlogPosting","@id":"https:\/\/www.binauralmedia.org\/news\/arquivo\/23645#blogposting","name":"\u201cOu\u00e7o, Lembro e Sinto\u201d projeto educativo sonoro em Braga - binauralmedia.org","headline":"&#8220;Ou\u00e7o, Lembro e Sinto&#8221; projeto educativo sonoro em Braga","author":{"@id":"https:\/\/www.binauralmedia.org\/news\/arquivo\/author\/nelyferreira#author"},"publisher":{"@id":"https:\/\/www.binauralmedia.org\/news\/#organization"},"image":{"@type":"ImageObject","url":"https:\/\/www.binauralmedia.org\/news\/wp-content\/uploads\/Ouco-Lembro-e-Sinto-Braga-1200X800.jpg","width":1200,"height":800},"datePublished":"2025-04-09T11:54:48+00:00","dateModified":"2025-05-22T13:08:42+00:00","inLanguage":"pt-PT","mainEntityOfPage":{"@id":"https:\/\/www.binauralmedia.org\/news\/arquivo\/23645#webpage"},"isPartOf":{"@id":"https:\/\/www.binauralmedia.org\/news\/arquivo\/23645#webpage"},"articleSection":"Not\u00edcias, Programa Educativo, Optional"},{"@type":"BreadcrumbList","@id":"https:\/\/www.binauralmedia.org\/news\/arquivo\/23645#breadcrumblist","itemListElement":[{"@type":"ListItem","@id":"https:\/\/www.binauralmedia.org\/news#listItem","position":1,"name":"Home","item":"https:\/\/www.binauralmedia.org\/news","nextItem":{"@type":"ListItem","@id":"https:\/\/www.binauralmedia.org\/news\/arquivo\/category\/news#listItem","name":"Not\u00edcias"}},{"@type":"ListItem","@id":"https:\/\/www.binauralmedia.org\/news\/arquivo\/category\/news#listItem","position":2,"name":"Not\u00edcias","item":"https:\/\/www.binauralmedia.org\/news\/arquivo\/category\/news","nextItem":{"@type":"ListItem","@id":"https:\/\/www.binauralmedia.org\/news\/arquivo\/23645#listItem","name":"&#8220;Ou\u00e7o, Lembro e Sinto&#8221; projeto educativo sonoro em Braga"},"previousItem":{"@type":"ListItem","@id":"https:\/\/www.binauralmedia.org\/news#listItem","name":"Home"}},{"@type":"ListItem","@id":"https:\/\/www.binauralmedia.org\/news\/arquivo\/23645#listItem","position":3,"name":"&#8220;Ou\u00e7o, Lembro e Sinto&#8221; projeto educativo sonoro em Braga","previousItem":{"@type":"ListItem","@id":"https:\/\/www.binauralmedia.org\/news\/arquivo\/category\/news#listItem","name":"Not\u00edcias"}}]},{"@type":"Organization","@id":"https:\/\/www.binauralmedia.org\/news\/#organization","name":"binauralmedia.org","description":"Rural Based Sound\/Media Arts & Social Research","url":"https:\/\/www.binauralmedia.org\/news\/"},{"@type":"Person","@id":"https:\/\/www.binauralmedia.org\/news\/arquivo\/author\/nelyferreira#author","url":"https:\/\/www.binauralmedia.org\/news\/arquivo\/author\/nelyferreira","name":"Nely Ferreira"},{"@type":"WebPage","@id":"https:\/\/www.binauralmedia.org\/news\/arquivo\/23645#webpage","url":"https:\/\/www.binauralmedia.org\/news\/arquivo\/23645","name":"\u201cOu\u00e7o, Lembro e Sinto\u201d projeto educativo sonoro em Braga - binauralmedia.org","description":"OU\u00c7O, LEMBRO E SINTO Projeto educativo sonoro Com Lu\u00eds Costa e Nely Ferreira 14 a 17 de abril de 2025 das 10h00 \u00e0s 17h00 Zona Fluvial de Merelim S\u00e3o Paio e Horta Comunit\u00e1ria de Parada de Tib\u00e3es (Concelho de Braga) Apresenta\u00e7\u00e3o p\u00fablica: 17 abril \u00e0s 1800 Junta de Freguesia de Merelim S\u00e3o Paio Um projeto","inLanguage":"pt-PT","isPartOf":{"@id":"https:\/\/www.binauralmedia.org\/news\/#website"},"breadcrumb":{"@id":"https:\/\/www.binauralmedia.org\/news\/arquivo\/23645#breadcrumblist"},"author":{"@id":"https:\/\/www.binauralmedia.org\/news\/arquivo\/author\/nelyferreira#author"},"creator":{"@id":"https:\/\/www.binauralmedia.org\/news\/arquivo\/author\/nelyferreira#author"},"image":{"@type":"ImageObject","url":"https:\/\/www.binauralmedia.org\/news\/wp-content\/uploads\/Ouco-Lembro-e-Sinto-Braga-1200X800.jpg","@id":"https:\/\/www.binauralmedia.org\/news\/arquivo\/23645\/#mainImage","width":1200,"height":800},"primaryImageOfPage":{"@id":"https:\/\/www.binauralmedia.org\/news\/arquivo\/23645#mainImage"},"datePublished":"2025-04-09T11:54:48+00:00","dateModified":"2025-05-22T13:08:42+00:00"},{"@type":"WebSite","@id":"https:\/\/www.binauralmedia.org\/news\/#website","url":"https:\/\/www.binauralmedia.org\/news\/","name":"binauralmedia.org","description":"Rural Based Sound\/Media Arts & Social Research","inLanguage":"pt-PT","publisher":{"@id":"https:\/\/www.binauralmedia.org\/news\/#organization"}}]},"og:locale":"pt_PT","og:site_name":"binauralmedia.org - Rural Based Sound\/Media Arts &amp; Social Research","og:type":"article","og:title":"\u201cOu\u00e7o, Lembro e Sinto\u201d projeto educativo sonoro em Braga - binauralmedia.org","og:description":"OU\u00c7O, LEMBRO E SINTO Projeto educativo sonoro Com Lu\u00eds Costa e Nely Ferreira 14 a 17 de abril de 2025 das 10h00 \u00e0s 17h00 Zona Fluvial de Merelim S\u00e3o Paio e Horta Comunit\u00e1ria de Parada de Tib\u00e3es (Concelho de Braga) Apresenta\u00e7\u00e3o p\u00fablica: 17 abril \u00e0s 1800 Junta de Freguesia de Merelim S\u00e3o Paio Um projeto","og:url":"https:\/\/www.binauralmedia.org\/news\/arquivo\/23645","article:published_time":"2025-04-09T11:54:48+00:00","article:modified_time":"2025-05-22T13:08:42+00:00","twitter:card":"summary_large_image","twitter:title":"\u201cOu\u00e7o, Lembro e Sinto\u201d projeto educativo sonoro em Braga - binauralmedia.org","twitter:description":"OU\u00c7O, LEMBRO E SINTO Projeto educativo sonoro Com Lu\u00eds Costa e Nely Ferreira 14 a 17 de abril de 2025 das 10h00 \u00e0s 17h00 Zona Fluvial de Merelim S\u00e3o Paio e Horta Comunit\u00e1ria de Parada de Tib\u00e3es (Concelho de Braga) Apresenta\u00e7\u00e3o p\u00fablica: 17 abril \u00e0s 1800 Junta de Freguesia de Merelim S\u00e3o Paio Um projeto"},"aioseo_meta_data":{"post_id":"23645","title":null,"description":null,"keywords":null,"keyphrases":null,"primary_term":null,"canonical_url":null,"og_title":null,"og_description":null,"og_object_type":"default","og_image_type":"default","og_image_custom_url":null,"og_image_custom_fields":null,"og_image_url":null,"og_image_width":null,"og_image_height":null,"og_video":null,"og_custom_url":null,"og_article_section":null,"og_article_tags":null,"twitter_use_og":false,"twitter_card":"default","twitter_image_type":"default","twitter_image_custom_url":null,"twitter_image_custom_fields":null,"twitter_image_url":null,"twitter_title":null,"twitter_description":null,"schema_type":"default","schema_type_options":null,"schema":{"blockGraphs":[],"customGraphs":[],"default":{"data":{"Article":[],"Course":[],"Dataset":[],"FAQPage":[],"Movie":[],"Person":[],"Product":[],"ProductReview":[],"Car":[],"Recipe":[],"Service":[],"SoftwareApplication":[],"WebPage":[]},"graphName":"","isEnabled":true},"graphs":[]},"pillar_content":false,"robots_default":true,"robots_noindex":false,"robots_noarchive":false,"robots_nosnippet":false,"robots_nofollow":false,"robots_noimageindex":false,"robots_noodp":false,"robots_notranslate":false,"robots_max_snippet":null,"robots_max_videopreview":null,"robots_max_imagepreview":"large","priority":null,"frequency":null,"local_seo":null,"limit_modified_date":false,"ai":null,"breadcrumb_settings":null,"seo_analyzer_scan_date":null,"created":"2026-08-05 07:57:33","updated":"2026-08-05 07:57:33","focus_keyword":null,"additional_keywords":null,"truseo_locale":null},"aioseo_breadcrumb":"<div class=\"aioseo-breadcrumbs\"><span class=\"aioseo-breadcrumb\">\n\t\t\t<a href=\"https:\/\/www.binauralmedia.org\/news\" title=\"Home\">Home<\/a>\n\t\t<\/span><span class=\"aioseo-breadcrumb-separator\">&raquo;<\/span><span class=\"aioseo-breadcrumb\">\n\t\t\t<a href=\"https:\/\/www.binauralmedia.org\/news\/arquivo\/category\/news\" title=\"Not\u00edcias\">Not\u00edcias<\/a>\n\t\t<\/span><span class=\"aioseo-breadcrumb-separator\">&raquo;<\/span><span class=\"aioseo-breadcrumb\">\n\t\t\t\u201cOu\u00e7o, Lembro e Sinto\u201d projeto educativo sonoro em Braga\n\t\t<\/span><\/div>","aioseo_breadcrumb_json":[{"label":"Home","link":"https:\/\/www.binauralmedia.org\/news"},{"label":"Not\u00edcias","link":"https:\/\/www.binauralmedia.org\/news\/arquivo\/category\/news"},{"label":"&#8220;Ou\u00e7o, Lembro e Sinto&#8221; projeto educativo sonoro em Braga","link":"https:\/\/www.binauralmedia.org\/news\/arquivo\/23645"}],"_links":{"self":[{"href":"https:\/\/www.binauralmedia.org\/news\/wp-json\/wp\/v2\/posts\/23645","targetHints":{"allow":["GET"]}}],"collection":[{"href":"https:\/\/www.binauralmedia.org\/news\/wp-json\/wp\/v2\/posts"}],"about":[{"href":"https:\/\/www.binauralmedia.org\/news\/wp-json\/wp\/v2\/types\/post"}],"author":[{"embeddable":true,"href":"https:\/\/www.binauralmedia.org\/news\/wp-json\/wp\/v2\/users\/8"}],"replies":[{"embeddable":true,"href":"https:\/\/www.binauralmedia.org\/news\/wp-json\/wp\/v2\/comments?post=23645"}],"version-history":[{"count":2,"href":"https:\/\/www.binauralmedia.org\/news\/wp-json\/wp\/v2\/posts\/23645\/revisions"}],"predecessor-version":[{"id":23649,"href":"https:\/\/www.binauralmedia.org\/news\/wp-json\/wp\/v2\/posts\/23645\/revisions\/23649"}],"wp:featuredmedia":[{"embeddable":true,"href":"https:\/\/www.binauralmedia.org\/news\/wp-json\/wp\/v2\/media\/23647"}],"wp:attachment":[{"href":"https:\/\/www.binauralmedia.org\/news\/wp-json\/wp\/v2\/media?parent=23645"}],"wp:term":[{"taxonomy":"category","embeddable":true,"href":"https:\/\/www.binauralmedia.org\/news\/wp-json\/wp\/v2\/categories?post=23645"},{"taxonomy":"post_tag","embeddable":true,"href":"https:\/\/www.binauralmedia.org\/news\/wp-json\/wp\/v2\/tags?post=23645"}],"curies":[{"name":"wp","href":"https:\/\/api.w.org\/{rel}","templated":true}]}}