{"id":23567,"date":"2025-03-16T10:58:17","date_gmt":"2025-03-16T10:58:17","guid":{"rendered":"https:\/\/www.binauralmedia.org\/news?p=23567"},"modified":"2025-04-04T13:57:31","modified_gmt":"2025-04-04T13:57:31","slug":"video-da-residencia-artistica-em-varzea-de-calde","status":"publish","type":"post","link":"https:\/\/www.binauralmedia.org\/news\/arquivo\/23567","title":{"rendered":"V\u00eddeo da resid\u00eancia art\u00edstica em V\u00e1rzea de Calde"},"content":{"rendered":"<div class=\"fusion-fullwidth fullwidth-box fusion-builder-row-1 fusion-flex-container nonhundred-percent-fullwidth non-hundred-percent-height-scrolling\" style=\"--awb-border-radius-top-left:0px;--awb-border-radius-top-right:0px;--awb-border-radius-bottom-right:0px;--awb-border-radius-bottom-left:0px;--awb-flex-wrap:wrap;\" ><div class=\"fusion-builder-row fusion-row fusion-flex-align-items-flex-start fusion-flex-content-wrap\" style=\"max-width:1144px;margin-left: calc(-4% \/ 2 );margin-right: calc(-4% \/ 2 );\"><div class=\"fusion-layout-column fusion_builder_column fusion-builder-column-0 fusion_builder_column_1_1 1_1 fusion-flex-column\" style=\"--awb-bg-size:cover;--awb-width-large:100%;--awb-margin-top-large:0px;--awb-spacing-right-large:1.92%;--awb-margin-bottom-large:0px;--awb-spacing-left-large:1.92%;--awb-width-medium:100%;--awb-spacing-right-medium:1.92%;--awb-spacing-left-medium:1.92%;--awb-width-small:100%;--awb-spacing-right-small:1.92%;--awb-spacing-left-small:1.92%;\"><div class=\"fusion-column-wrapper fusion-flex-justify-content-flex-start fusion-content-layout-column\"><div class=\"fusion-video fusion-vimeo\" style=\"--awb-max-width:600px;--awb-max-height:360px;--awb-margin-bottom:3%;\"><div class=\"video-shortcode\"><div class=\"fluid-width-video-wrapper\" style=\"padding-top:60%;\" ><iframe title=\"Vimeo video player 1\" src=\"https:\/\/player.vimeo.com\/video\/1072501404?autoplay=0&amp;autopause=0\" width=\"600\" height=\"360\" allowfullscreen allow=\"autoplay; fullscreen\"><\/iframe><\/div><\/div><\/div><div class=\"fusion-text fusion-text-1\"><p>TECENDO O SOM<br \/>Arte Interdisciplinar numa Paisagem em Evolu\u00e7\u00e3o<\/p>\n<p>Uma resid\u00eancia art\u00edstica e de investiga\u00e7\u00e3o com Maya McCollum<br \/>20 de janeiro a 22 de fevereiro 2025<br \/>V\u00e1rzea de Calde (Viseu)<\/p>\n<p>A resid\u00eancia art\u00edstica e de investiga\u00e7\u00e3o com Maya McCollum, realizada de 20 de janeiro a 22 de fevereiro de 2025 em V\u00e1rzea de Calde, chegou ao fim. A artista, acolhida pela Binaural Nodar com uma bolsa Thomas J. Watson, trabalhou com som, artesanato t\u00eaxtil e tecnologias contempor\u00e2neas, visando reimaginar uma produ\u00e7\u00e3o local sustent\u00e1vel, considerando as quest\u00f5es ambientais e as altera\u00e7\u00f5es clim\u00e1ticas. O foco de Maya foi entender como os artistas podem envolver-se com as comunidades de forma mutuamente ben\u00e9fica, enriquecendo tanto a comunidade quanto o processo criativo.<\/p>\n<p>Maya McCollum \u00e9 uma artista sonora e investigadora dos EUA, que estuda atualmente a intersec\u00e7\u00e3o entre o artesanato t\u00eaxtil tradicional e as tecnologias contempor\u00e2neas de escuta e\/ou sonoras. No contexto das modalidades de artes t\u00eaxteis e de grava\u00e7\u00e3o de campo, a recolha, tanto sonora como material, tem a capacidade de nos ajudar a formar diferentes entendimentos sobre os lugares, atrav\u00e9s de abordagens multissensoriais, da observa\u00e7\u00e3o e da intimidade. A pr\u00e1tica de Maya utiliza frequentemente uma combina\u00e7\u00e3o entre anima\u00e7\u00e3o, video-mapping, performance e t\u00e9cnicas escult\u00f3ricas, explorando a forma como as nossas pr\u00e1ticas tecnol\u00f3gicas e materiais foram impressas nas paisagens \u00e0 nossa volta, gravando as hist\u00f3rias coletivas enraizadas e formando uma mem\u00f3ria da pr\u00f3pria presen\u00e7a art\u00edstica.<\/p>\n<p>Ficha art\u00edstica e t\u00e9cnica:<\/p>\n<p>Uma resid\u00eancia organizada pela Binaural Nodar com o apoio do Munic\u00edpio de Viseu (Viseu Cultura) e da Junta de Freguesia de Calde e cofinanciada por uma bolsa de estudo Thomas J. Watson.<br \/>Artista e investigadora acolhida: Maya McCollum<br \/>Produ\u00e7\u00e3o, media\u00e7\u00e3o comunit\u00e1ria e documenta\u00e7\u00e3o fotogr\u00e1fica e audiovisual: Lu\u00eds Costa e Ana Margarida Ferreira<\/p>\n<p>A Binaural Nodar \u00e9 uma entidade cultural apoiada pela Rep\u00fablica Portuguesa &#8211; Cultura | Dire\u00e7\u00e3o-Geral das Artes.<\/p>\n<\/div><\/div><\/div><\/div><\/div>\n","protected":false},"excerpt":{"rendered":"","protected":false},"author":8,"featured_media":23569,"comment_status":"closed","ping_status":"closed","sticky":false,"template":"","format":"video","meta":{"_acf_changed":false,"_bbp_topic_count":0,"_bbp_reply_count":0,"_bbp_total_topic_count":0,"_bbp_total_reply_count":0,"_bbp_voice_count":0,"_bbp_anonymous_reply_count":0,"_bbp_topic_count_hidden":0,"_bbp_reply_count_hidden":0,"_bbp_forum_subforum_count":0,"footnotes":""},"categories":[1,676],"tags":[],"class_list":["post-23567","post","type-post","status-publish","format-video","has-post-thumbnail","hentry","category-news","category-artist-residencies","post_format-post-format-video"],"acf":[],"aioseo_notices":[],"aioseo_head":"\n\t\t<!-- All in One SEO 5.0.1.1 - aioseo.com -->\n\t<meta name=\"description\" content=\"TECENDO O SOMArte Interdisciplinar numa Paisagem em Evolu\u00e7\u00e3o Uma resid\u00eancia art\u00edstica e de investiga\u00e7\u00e3o com Maya McCollum20 de janeiro a 22 de fevereiro 2025V\u00e1rzea de Calde (Viseu) A resid\u00eancia art\u00edstica e de investiga\u00e7\u00e3o com Maya McCollum, realizada de 20 de janeiro a 22 de fevereiro de 2025 em V\u00e1rzea de Calde, chegou ao fim. A\" \/>\n\t<meta name=\"robots\" content=\"max-image-preview:large\" \/>\n\t<meta name=\"author\" content=\"Nely Ferreira\"\/>\n\t<link rel=\"canonical\" href=\"https:\/\/www.binauralmedia.org\/news\/arquivo\/23567\" \/>\n\t<meta name=\"generator\" content=\"All in One SEO (AIOSEO) 5.0.1.1\" \/>\n\t\t<meta property=\"og:locale\" content=\"pt_PT\" \/>\n\t\t<meta property=\"og:site_name\" content=\"binauralmedia.org - Rural Based Sound\/Media Arts &amp; Social Research\" \/>\n\t\t<meta property=\"og:type\" content=\"article\" \/>\n\t\t<meta property=\"og:title\" content=\"V\u00eddeo da resid\u00eancia art\u00edstica em V\u00e1rzea de Calde - binauralmedia.org\" \/>\n\t\t<meta property=\"og:description\" content=\"TECENDO O SOMArte Interdisciplinar numa Paisagem em Evolu\u00e7\u00e3o Uma resid\u00eancia art\u00edstica e de investiga\u00e7\u00e3o com Maya McCollum20 de janeiro a 22 de fevereiro 2025V\u00e1rzea de Calde (Viseu) A resid\u00eancia art\u00edstica e de investiga\u00e7\u00e3o com Maya McCollum, realizada de 20 de janeiro a 22 de fevereiro de 2025 em V\u00e1rzea de Calde, chegou ao fim. A\" \/>\n\t\t<meta property=\"og:url\" content=\"https:\/\/www.binauralmedia.org\/news\/arquivo\/23567\" \/>\n\t\t<meta property=\"article:published_time\" content=\"2025-03-16T10:58:17+00:00\" \/>\n\t\t<meta property=\"article:modified_time\" content=\"2025-04-04T13:57:31+00:00\" \/>\n\t\t<meta name=\"twitter:card\" content=\"summary_large_image\" \/>\n\t\t<meta name=\"twitter:title\" content=\"V\u00eddeo da resid\u00eancia art\u00edstica em V\u00e1rzea de Calde - binauralmedia.org\" \/>\n\t\t<meta name=\"twitter:description\" content=\"TECENDO O SOMArte Interdisciplinar numa Paisagem em Evolu\u00e7\u00e3o Uma resid\u00eancia art\u00edstica e de investiga\u00e7\u00e3o com Maya McCollum20 de janeiro a 22 de fevereiro 2025V\u00e1rzea de Calde (Viseu) A resid\u00eancia art\u00edstica e de investiga\u00e7\u00e3o com Maya McCollum, realizada de 20 de janeiro a 22 de fevereiro de 2025 em V\u00e1rzea de Calde, chegou ao fim. A\" \/>\n\t\t<script type=\"application\/ld+json\" class=\"aioseo-schema\">\n\t\t\t{\"@context\":\"https:\\\/\\\/schema.org\",\"@graph\":[{\"@type\":\"BlogPosting\",\"@id\":\"https:\\\/\\\/www.binauralmedia.org\\\/news\\\/arquivo\\\/23567#blogposting\",\"name\":\"V\\u00eddeo da resid\\u00eancia art\\u00edstica em V\\u00e1rzea de Calde - binauralmedia.org\",\"headline\":\"V\\u00eddeo da resid\\u00eancia art\\u00edstica em V\\u00e1rzea de Calde\",\"author\":{\"@id\":\"https:\\\/\\\/www.binauralmedia.org\\\/news\\\/arquivo\\\/author\\\/nelyferreira#author\"},\"publisher\":{\"@id\":\"https:\\\/\\\/www.binauralmedia.org\\\/news\\\/#organization\"},\"image\":{\"@type\":\"ImageObject\",\"url\":\"https:\\\/\\\/www.binauralmedia.org\\\/news\\\/wp-content\\\/uploads\\\/Video-da-residencia-artistica-em-Varzea-de-Calde.jpg\",\"width\":1200,\"height\":800},\"datePublished\":\"2025-03-16T10:58:17+00:00\",\"dateModified\":\"2025-04-04T13:57:31+00:00\",\"inLanguage\":\"pt-PT\",\"mainEntityOfPage\":{\"@id\":\"https:\\\/\\\/www.binauralmedia.org\\\/news\\\/arquivo\\\/23567#webpage\"},\"isPartOf\":{\"@id\":\"https:\\\/\\\/www.binauralmedia.org\\\/news\\\/arquivo\\\/23567#webpage\"},\"articleSection\":\"Not\\u00edcias, Resid\\u00eancias Art\\u00edsticas, Video, Optional\"},{\"@type\":\"BreadcrumbList\",\"@id\":\"https:\\\/\\\/www.binauralmedia.org\\\/news\\\/arquivo\\\/23567#breadcrumblist\",\"itemListElement\":[{\"@type\":\"ListItem\",\"@id\":\"https:\\\/\\\/www.binauralmedia.org\\\/news#listItem\",\"position\":1,\"name\":\"Home\",\"item\":\"https:\\\/\\\/www.binauralmedia.org\\\/news\",\"nextItem\":{\"@type\":\"ListItem\",\"@id\":\"https:\\\/\\\/www.binauralmedia.org\\\/news\\\/arquivo\\\/category\\\/news#listItem\",\"name\":\"Not\\u00edcias\"}},{\"@type\":\"ListItem\",\"@id\":\"https:\\\/\\\/www.binauralmedia.org\\\/news\\\/arquivo\\\/category\\\/news#listItem\",\"position\":2,\"name\":\"Not\\u00edcias\",\"item\":\"https:\\\/\\\/www.binauralmedia.org\\\/news\\\/arquivo\\\/category\\\/news\",\"nextItem\":{\"@type\":\"ListItem\",\"@id\":\"https:\\\/\\\/www.binauralmedia.org\\\/news\\\/arquivo\\\/23567#listItem\",\"name\":\"V\\u00eddeo da resid\\u00eancia art\\u00edstica em V\\u00e1rzea de Calde\"},\"previousItem\":{\"@type\":\"ListItem\",\"@id\":\"https:\\\/\\\/www.binauralmedia.org\\\/news#listItem\",\"name\":\"Home\"}},{\"@type\":\"ListItem\",\"@id\":\"https:\\\/\\\/www.binauralmedia.org\\\/news\\\/arquivo\\\/23567#listItem\",\"position\":3,\"name\":\"V\\u00eddeo da resid\\u00eancia art\\u00edstica em V\\u00e1rzea de Calde\",\"previousItem\":{\"@type\":\"ListItem\",\"@id\":\"https:\\\/\\\/www.binauralmedia.org\\\/news\\\/arquivo\\\/category\\\/news#listItem\",\"name\":\"Not\\u00edcias\"}}]},{\"@type\":\"Organization\",\"@id\":\"https:\\\/\\\/www.binauralmedia.org\\\/news\\\/#organization\",\"name\":\"binauralmedia.org\",\"description\":\"Rural Based Sound\\\/Media Arts & Social Research\",\"url\":\"https:\\\/\\\/www.binauralmedia.org\\\/news\\\/\"},{\"@type\":\"Person\",\"@id\":\"https:\\\/\\\/www.binauralmedia.org\\\/news\\\/arquivo\\\/author\\\/nelyferreira#author\",\"url\":\"https:\\\/\\\/www.binauralmedia.org\\\/news\\\/arquivo\\\/author\\\/nelyferreira\",\"name\":\"Nely Ferreira\"},{\"@type\":\"WebPage\",\"@id\":\"https:\\\/\\\/www.binauralmedia.org\\\/news\\\/arquivo\\\/23567#webpage\",\"url\":\"https:\\\/\\\/www.binauralmedia.org\\\/news\\\/arquivo\\\/23567\",\"name\":\"V\\u00eddeo da resid\\u00eancia art\\u00edstica em V\\u00e1rzea de Calde - binauralmedia.org\",\"description\":\"TECENDO O SOMArte Interdisciplinar numa Paisagem em Evolu\\u00e7\\u00e3o Uma resid\\u00eancia art\\u00edstica e de investiga\\u00e7\\u00e3o com Maya McCollum20 de janeiro a 22 de fevereiro 2025V\\u00e1rzea de Calde (Viseu) A resid\\u00eancia art\\u00edstica e de investiga\\u00e7\\u00e3o com Maya McCollum, realizada de 20 de janeiro a 22 de fevereiro de 2025 em V\\u00e1rzea de Calde, chegou ao fim. A\",\"inLanguage\":\"pt-PT\",\"isPartOf\":{\"@id\":\"https:\\\/\\\/www.binauralmedia.org\\\/news\\\/#website\"},\"breadcrumb\":{\"@id\":\"https:\\\/\\\/www.binauralmedia.org\\\/news\\\/arquivo\\\/23567#breadcrumblist\"},\"author\":{\"@id\":\"https:\\\/\\\/www.binauralmedia.org\\\/news\\\/arquivo\\\/author\\\/nelyferreira#author\"},\"creator\":{\"@id\":\"https:\\\/\\\/www.binauralmedia.org\\\/news\\\/arquivo\\\/author\\\/nelyferreira#author\"},\"image\":{\"@type\":\"ImageObject\",\"url\":\"https:\\\/\\\/www.binauralmedia.org\\\/news\\\/wp-content\\\/uploads\\\/Video-da-residencia-artistica-em-Varzea-de-Calde.jpg\",\"@id\":\"https:\\\/\\\/www.binauralmedia.org\\\/news\\\/arquivo\\\/23567\\\/#mainImage\",\"width\":1200,\"height\":800},\"primaryImageOfPage\":{\"@id\":\"https:\\\/\\\/www.binauralmedia.org\\\/news\\\/arquivo\\\/23567#mainImage\"},\"datePublished\":\"2025-03-16T10:58:17+00:00\",\"dateModified\":\"2025-04-04T13:57:31+00:00\"},{\"@type\":\"WebSite\",\"@id\":\"https:\\\/\\\/www.binauralmedia.org\\\/news\\\/#website\",\"url\":\"https:\\\/\\\/www.binauralmedia.org\\\/news\\\/\",\"name\":\"binauralmedia.org\",\"description\":\"Rural Based Sound\\\/Media Arts & Social Research\",\"inLanguage\":\"pt-PT\",\"publisher\":{\"@id\":\"https:\\\/\\\/www.binauralmedia.org\\\/news\\\/#organization\"}}]}\n\t\t<\/script>\n\t\t<!-- All in One SEO -->\n\n","aioseo_head_json":{"title":"V\u00eddeo da resid\u00eancia art\u00edstica em V\u00e1rzea de Calde - binauralmedia.org","description":"TECENDO O SOMArte Interdisciplinar numa Paisagem em Evolu\u00e7\u00e3o Uma resid\u00eancia art\u00edstica e de investiga\u00e7\u00e3o com Maya McCollum20 de janeiro a 22 de fevereiro 2025V\u00e1rzea de Calde (Viseu) A resid\u00eancia art\u00edstica e de investiga\u00e7\u00e3o com Maya McCollum, realizada de 20 de janeiro a 22 de fevereiro de 2025 em V\u00e1rzea de Calde, chegou ao fim. A","canonical_url":"https:\/\/www.binauralmedia.org\/news\/arquivo\/23567","robots":"max-image-preview:large","keywords":"","webmasterTools":{"miscellaneous":""},"schema":{"@context":"https:\/\/schema.org","@graph":[{"@type":"BlogPosting","@id":"https:\/\/www.binauralmedia.org\/news\/arquivo\/23567#blogposting","name":"V\u00eddeo da resid\u00eancia art\u00edstica em V\u00e1rzea de Calde - binauralmedia.org","headline":"V\u00eddeo da resid\u00eancia art\u00edstica em V\u00e1rzea de Calde","author":{"@id":"https:\/\/www.binauralmedia.org\/news\/arquivo\/author\/nelyferreira#author"},"publisher":{"@id":"https:\/\/www.binauralmedia.org\/news\/#organization"},"image":{"@type":"ImageObject","url":"https:\/\/www.binauralmedia.org\/news\/wp-content\/uploads\/Video-da-residencia-artistica-em-Varzea-de-Calde.jpg","width":1200,"height":800},"datePublished":"2025-03-16T10:58:17+00:00","dateModified":"2025-04-04T13:57:31+00:00","inLanguage":"pt-PT","mainEntityOfPage":{"@id":"https:\/\/www.binauralmedia.org\/news\/arquivo\/23567#webpage"},"isPartOf":{"@id":"https:\/\/www.binauralmedia.org\/news\/arquivo\/23567#webpage"},"articleSection":"Not\u00edcias, Resid\u00eancias Art\u00edsticas, Video, Optional"},{"@type":"BreadcrumbList","@id":"https:\/\/www.binauralmedia.org\/news\/arquivo\/23567#breadcrumblist","itemListElement":[{"@type":"ListItem","@id":"https:\/\/www.binauralmedia.org\/news#listItem","position":1,"name":"Home","item":"https:\/\/www.binauralmedia.org\/news","nextItem":{"@type":"ListItem","@id":"https:\/\/www.binauralmedia.org\/news\/arquivo\/category\/news#listItem","name":"Not\u00edcias"}},{"@type":"ListItem","@id":"https:\/\/www.binauralmedia.org\/news\/arquivo\/category\/news#listItem","position":2,"name":"Not\u00edcias","item":"https:\/\/www.binauralmedia.org\/news\/arquivo\/category\/news","nextItem":{"@type":"ListItem","@id":"https:\/\/www.binauralmedia.org\/news\/arquivo\/23567#listItem","name":"V\u00eddeo da resid\u00eancia art\u00edstica em V\u00e1rzea de Calde"},"previousItem":{"@type":"ListItem","@id":"https:\/\/www.binauralmedia.org\/news#listItem","name":"Home"}},{"@type":"ListItem","@id":"https:\/\/www.binauralmedia.org\/news\/arquivo\/23567#listItem","position":3,"name":"V\u00eddeo da resid\u00eancia art\u00edstica em V\u00e1rzea de Calde","previousItem":{"@type":"ListItem","@id":"https:\/\/www.binauralmedia.org\/news\/arquivo\/category\/news#listItem","name":"Not\u00edcias"}}]},{"@type":"Organization","@id":"https:\/\/www.binauralmedia.org\/news\/#organization","name":"binauralmedia.org","description":"Rural Based Sound\/Media Arts & Social Research","url":"https:\/\/www.binauralmedia.org\/news\/"},{"@type":"Person","@id":"https:\/\/www.binauralmedia.org\/news\/arquivo\/author\/nelyferreira#author","url":"https:\/\/www.binauralmedia.org\/news\/arquivo\/author\/nelyferreira","name":"Nely Ferreira"},{"@type":"WebPage","@id":"https:\/\/www.binauralmedia.org\/news\/arquivo\/23567#webpage","url":"https:\/\/www.binauralmedia.org\/news\/arquivo\/23567","name":"V\u00eddeo da resid\u00eancia art\u00edstica em V\u00e1rzea de Calde - binauralmedia.org","description":"TECENDO O SOMArte Interdisciplinar numa Paisagem em Evolu\u00e7\u00e3o Uma resid\u00eancia art\u00edstica e de investiga\u00e7\u00e3o com Maya McCollum20 de janeiro a 22 de fevereiro 2025V\u00e1rzea de Calde (Viseu) A resid\u00eancia art\u00edstica e de investiga\u00e7\u00e3o com Maya McCollum, realizada de 20 de janeiro a 22 de fevereiro de 2025 em V\u00e1rzea de Calde, chegou ao fim. A","inLanguage":"pt-PT","isPartOf":{"@id":"https:\/\/www.binauralmedia.org\/news\/#website"},"breadcrumb":{"@id":"https:\/\/www.binauralmedia.org\/news\/arquivo\/23567#breadcrumblist"},"author":{"@id":"https:\/\/www.binauralmedia.org\/news\/arquivo\/author\/nelyferreira#author"},"creator":{"@id":"https:\/\/www.binauralmedia.org\/news\/arquivo\/author\/nelyferreira#author"},"image":{"@type":"ImageObject","url":"https:\/\/www.binauralmedia.org\/news\/wp-content\/uploads\/Video-da-residencia-artistica-em-Varzea-de-Calde.jpg","@id":"https:\/\/www.binauralmedia.org\/news\/arquivo\/23567\/#mainImage","width":1200,"height":800},"primaryImageOfPage":{"@id":"https:\/\/www.binauralmedia.org\/news\/arquivo\/23567#mainImage"},"datePublished":"2025-03-16T10:58:17+00:00","dateModified":"2025-04-04T13:57:31+00:00"},{"@type":"WebSite","@id":"https:\/\/www.binauralmedia.org\/news\/#website","url":"https:\/\/www.binauralmedia.org\/news\/","name":"binauralmedia.org","description":"Rural Based Sound\/Media Arts & Social Research","inLanguage":"pt-PT","publisher":{"@id":"https:\/\/www.binauralmedia.org\/news\/#organization"}}]},"og:locale":"pt_PT","og:site_name":"binauralmedia.org - Rural Based Sound\/Media Arts &amp; Social Research","og:type":"article","og:title":"V\u00eddeo da resid\u00eancia art\u00edstica em V\u00e1rzea de Calde - binauralmedia.org","og:description":"TECENDO O SOMArte Interdisciplinar numa Paisagem em Evolu\u00e7\u00e3o Uma resid\u00eancia art\u00edstica e de investiga\u00e7\u00e3o com Maya McCollum20 de janeiro a 22 de fevereiro 2025V\u00e1rzea de Calde (Viseu) A resid\u00eancia art\u00edstica e de investiga\u00e7\u00e3o com Maya McCollum, realizada de 20 de janeiro a 22 de fevereiro de 2025 em V\u00e1rzea de Calde, chegou ao fim. A","og:url":"https:\/\/www.binauralmedia.org\/news\/arquivo\/23567","article:published_time":"2025-03-16T10:58:17+00:00","article:modified_time":"2025-04-04T13:57:31+00:00","twitter:card":"summary_large_image","twitter:title":"V\u00eddeo da resid\u00eancia art\u00edstica em V\u00e1rzea de Calde - binauralmedia.org","twitter:description":"TECENDO O SOMArte Interdisciplinar numa Paisagem em Evolu\u00e7\u00e3o Uma resid\u00eancia art\u00edstica e de investiga\u00e7\u00e3o com Maya McCollum20 de janeiro a 22 de fevereiro 2025V\u00e1rzea de Calde (Viseu) A resid\u00eancia art\u00edstica e de investiga\u00e7\u00e3o com Maya McCollum, realizada de 20 de janeiro a 22 de fevereiro de 2025 em V\u00e1rzea de Calde, chegou ao fim. A"},"aioseo_meta_data":{"post_id":"23567","title":null,"description":null,"keywords":null,"keyphrases":null,"primary_term":null,"canonical_url":null,"og_title":null,"og_description":null,"og_object_type":"default","og_image_type":"default","og_image_custom_url":null,"og_image_custom_fields":null,"og_image_url":null,"og_image_width":null,"og_image_height":null,"og_video":null,"og_custom_url":null,"og_article_section":null,"og_article_tags":null,"twitter_use_og":false,"twitter_card":"default","twitter_image_type":"default","twitter_image_custom_url":null,"twitter_image_custom_fields":null,"twitter_image_url":null,"twitter_title":null,"twitter_description":null,"schema_type":"default","schema_type_options":null,"schema":{"blockGraphs":[],"customGraphs":[],"default":{"data":{"Article":[],"Course":[],"Dataset":[],"FAQPage":[],"Movie":[],"Person":[],"Product":[],"ProductReview":[],"Car":[],"Recipe":[],"Service":[],"SoftwareApplication":[],"WebPage":[]},"graphName":"","isEnabled":true},"graphs":[]},"pillar_content":false,"robots_default":true,"robots_noindex":false,"robots_noarchive":false,"robots_nosnippet":false,"robots_nofollow":false,"robots_noimageindex":false,"robots_noodp":false,"robots_notranslate":false,"robots_max_snippet":null,"robots_max_videopreview":null,"robots_max_imagepreview":"large","priority":null,"frequency":null,"local_seo":null,"limit_modified_date":false,"ai":null,"breadcrumb_settings":null,"seo_analyzer_scan_date":null,"created":"2026-08-05 07:55:06","updated":"2026-08-05 07:55:06","focus_keyword":null,"additional_keywords":null,"truseo_locale":null},"aioseo_breadcrumb":"<div class=\"aioseo-breadcrumbs\"><span class=\"aioseo-breadcrumb\">\n\t\t\t<a href=\"https:\/\/www.binauralmedia.org\/news\" title=\"Home\">Home<\/a>\n\t\t<\/span><span class=\"aioseo-breadcrumb-separator\">&raquo;<\/span><span class=\"aioseo-breadcrumb\">\n\t\t\t<a href=\"https:\/\/www.binauralmedia.org\/news\/arquivo\/category\/news\" title=\"Not\u00edcias\">Not\u00edcias<\/a>\n\t\t<\/span><span class=\"aioseo-breadcrumb-separator\">&raquo;<\/span><span class=\"aioseo-breadcrumb\">\n\t\t\tV\u00eddeo da resid\u00eancia art\u00edstica em V\u00e1rzea de Calde\n\t\t<\/span><\/div>","aioseo_breadcrumb_json":[{"label":"Home","link":"https:\/\/www.binauralmedia.org\/news"},{"label":"Not\u00edcias","link":"https:\/\/www.binauralmedia.org\/news\/arquivo\/category\/news"},{"label":"V\u00eddeo da resid\u00eancia art\u00edstica em V\u00e1rzea de Calde","link":"https:\/\/www.binauralmedia.org\/news\/arquivo\/23567"}],"_links":{"self":[{"href":"https:\/\/www.binauralmedia.org\/news\/wp-json\/wp\/v2\/posts\/23567","targetHints":{"allow":["GET"]}}],"collection":[{"href":"https:\/\/www.binauralmedia.org\/news\/wp-json\/wp\/v2\/posts"}],"about":[{"href":"https:\/\/www.binauralmedia.org\/news\/wp-json\/wp\/v2\/types\/post"}],"author":[{"embeddable":true,"href":"https:\/\/www.binauralmedia.org\/news\/wp-json\/wp\/v2\/users\/8"}],"replies":[{"embeddable":true,"href":"https:\/\/www.binauralmedia.org\/news\/wp-json\/wp\/v2\/comments?post=23567"}],"version-history":[{"count":2,"href":"https:\/\/www.binauralmedia.org\/news\/wp-json\/wp\/v2\/posts\/23567\/revisions"}],"predecessor-version":[{"id":23572,"href":"https:\/\/www.binauralmedia.org\/news\/wp-json\/wp\/v2\/posts\/23567\/revisions\/23572"}],"wp:featuredmedia":[{"embeddable":true,"href":"https:\/\/www.binauralmedia.org\/news\/wp-json\/wp\/v2\/media\/23569"}],"wp:attachment":[{"href":"https:\/\/www.binauralmedia.org\/news\/wp-json\/wp\/v2\/media?parent=23567"}],"wp:term":[{"taxonomy":"category","embeddable":true,"href":"https:\/\/www.binauralmedia.org\/news\/wp-json\/wp\/v2\/categories?post=23567"},{"taxonomy":"post_tag","embeddable":true,"href":"https:\/\/www.binauralmedia.org\/news\/wp-json\/wp\/v2\/tags?post=23567"}],"curies":[{"name":"wp","href":"https:\/\/api.w.org\/{rel}","templated":true}]}}