{"id":23526,"date":"2025-02-04T16:04:09","date_gmt":"2025-02-04T16:04:09","guid":{"rendered":"https:\/\/www.binauralmedia.org\/news?p=23526"},"modified":"2025-04-04T14:37:05","modified_gmt":"2025-04-04T14:37:05","slug":"atelie-dramaturgico-em-castro-daire","status":"publish","type":"post","link":"https:\/\/www.binauralmedia.org\/news\/arquivo\/23526","title":{"rendered":"Ateli\u00ea dramat\u00fargico em Castro Daire"},"content":{"rendered":"<div class=\"fusion-fullwidth fullwidth-box fusion-builder-row-1 fusion-flex-container nonhundred-percent-fullwidth non-hundred-percent-height-scrolling\" style=\"--awb-border-radius-top-left:0px;--awb-border-radius-top-right:0px;--awb-border-radius-bottom-right:0px;--awb-border-radius-bottom-left:0px;--awb-flex-wrap:wrap;\" ><div class=\"fusion-builder-row fusion-row fusion-flex-align-items-flex-start fusion-flex-content-wrap\" style=\"max-width:1144px;margin-left: calc(-4% \/ 2 );margin-right: calc(-4% \/ 2 );\"><div class=\"fusion-layout-column fusion_builder_column fusion-builder-column-0 fusion_builder_column_1_1 1_1 fusion-flex-column\" style=\"--awb-bg-size:cover;--awb-width-large:100%;--awb-margin-top-large:0px;--awb-spacing-right-large:1.92%;--awb-margin-bottom-large:0px;--awb-spacing-left-large:1.92%;--awb-width-medium:100%;--awb-spacing-right-medium:1.92%;--awb-spacing-left-medium:1.92%;--awb-width-small:100%;--awb-spacing-right-small:1.92%;--awb-spacing-left-small:1.92%;\"><div class=\"fusion-column-wrapper fusion-flex-justify-content-flex-start fusion-content-layout-column\"><div class=\"fusion-video fusion-vimeo\" style=\"--awb-max-width:600px;--awb-max-height:360px;--awb-margin-bottom:3%;\"><div class=\"video-shortcode\"><div class=\"fluid-width-video-wrapper\" style=\"padding-top:60%;\" ><iframe title=\"Vimeo video player 1\" src=\"https:\/\/player.vimeo.com\/video\/1072247397?autoplay=0&amp;autopause=0\" width=\"600\" height=\"360\" allowfullscreen allow=\"autoplay; fullscreen\"><\/iframe><\/div><\/div><\/div><div class=\"fusion-text fusion-text-1\"><p>MAL DE ULISSES<br \/>\nUma cria\u00e7\u00e3o de Rui Catal\u00e3o<\/p>\n<p>Ateli\u00ea dramat\u00fargico<br \/>\n09 a 13 de dezembro 2024<br \/>\nCastro Daire &#8211; Biblioteca Municipal<\/p>\n<p>Uma coprodu\u00e7\u00e3o entre a Binaural Nodar e a Castro Daire &#8211; Biblioteca Municipal, com apoio do Agrupamento de Escolas de Castro Daire e da EPMS &#8211; Escola Profissional Mariana Seixas.<br \/>\nA pesquisa teatral Mal de Ulisses, inspirada no s\u00edndrome de Ulisses, focou-se em testemunhos pessoais quais, por sua vez, geraram mon\u00f3logos, envolvendo pessoas de comunidades migrantes.<\/p>\n<p>Em Castro Daire, os ateli\u00eas utilizaram as entrevistas como exerc\u00edcios de leitura e explora\u00e7\u00e3o c\u00e9nica, com o uso de telem\u00f3veis para apoio de leitura e imers\u00e3o nas personagens.<\/p>\n<p>Rui Catal\u00e3o:<\/p>\n<p>Articulando conceitos e g\u00e9neros teatrais como teatro-document\u00e1rio, teatro-jornalismo, teatro comunit\u00e1rio e teatro-autobiogr\u00e1fico, de que foi pioneiro, cruzando texto com movimenta\u00e7\u00e3o coreogr\u00e1fica, e improvisa\u00e7\u00e3o estruturada com fixa\u00e7\u00e3o de gestos espont\u00e2neos, Rui Catal\u00e3o envolve as comunidades onde interv\u00e9m no processo criativo, na produ\u00e7\u00e3o e divulga\u00e7\u00e3o dos espet\u00e1culos.  <\/p>\n<p>Rui Catal\u00e3o promove um modelo de trabalho estruturante para a comunidade envolvida: o grupo de trabalho deve tornar-se progressivamente aut\u00f3nomo com o avan\u00e7ar do projeto. A t\u00edtulo de exemplo: desde que em 2015 come\u00e7ou a trabalhar com habitantes da di\u00e1spora africana, no bairro do Vale da Amoreira, Rui Catal\u00e3o dirigiu sete pe\u00e7as baseadas nos relatos destas pessoas e do seu processo de adapta\u00e7\u00e3o. Entretanto, esse grupo autonomizou-se: a Artep\u00f3lon Associa\u00e7\u00e3o passou a produzir os seus espet\u00e1culos, dirigidos por Jo\u00e3ozinho da Costa, e a orientar nas escolas locais o workshop \u201cE agora faz tu\u201d concebido por Rui Catal\u00e3o. <\/p>\n<p>Ficha t\u00e9cnica:<\/p>\n<p>Concep\u00e7\u00e3o e direc\u00e7\u00e3o: Rui Catal\u00e3o<br \/>\nDirec\u00e7\u00e3o t\u00e9cnica: Jo\u00e3o Chic\u00f3<br \/>\nDirec\u00e7\u00e3o de Produ\u00e7\u00e3o: Marta Moreira<br \/>\nProdu\u00e7\u00e3o e Gest\u00e3o: Irreal<br \/>\nCoprodu\u00e7\u00e3o: Teatro Rivoli &#8211; Teatro Municipal do Porto; Festival Todos  &#8211; Caminhada de Culturas; Futurama; F\u00f3rum Cultural Jos\u00e9 Manuel Figueiredo\/Centro de Experimenta\u00e7\u00e3o Art\u00edstica; Teatro A Oficina; Binaural Nodar e Teatro das Figuras<br \/>\nApoio Institucional: Rep\u00fablica Portuguesa \u2013 Cultura \/ Dire\u00e7\u00e3o-Geral das Artes, Funda\u00e7\u00e3o GDA<\/p>\n<p>Edi\u00e7\u00e3o audiovisual de Ana Margarida Ferreira para a Binaural Nodar<\/p>\n<p>A Binaural Nodar \u00e9 uma entidade cultural apoiada pela Rep\u00fablica Portuguesa &#8211; Cultura | Dire\u00e7\u00e3o-Geral das Artes.<\/p>\n<\/div><\/div><\/div><\/div><\/div>\n","protected":false},"excerpt":{"rendered":"","protected":false},"author":8,"featured_media":23529,"comment_status":"closed","ping_status":"closed","sticky":false,"template":"","format":"video","meta":{"_acf_changed":false,"_bbp_topic_count":0,"_bbp_reply_count":0,"_bbp_total_topic_count":0,"_bbp_total_reply_count":0,"_bbp_voice_count":0,"_bbp_anonymous_reply_count":0,"_bbp_topic_count_hidden":0,"_bbp_reply_count_hidden":0,"_bbp_forum_subforum_count":0,"footnotes":""},"categories":[1,1159],"tags":[],"class_list":["post-23526","post","type-post","status-publish","format-video","has-post-thumbnail","hentry","category-news","category-educational-programme","post_format-post-format-video"],"acf":[],"aioseo_notices":[],"aioseo_head":"\n\t\t<!-- All in One SEO 5.0.1.1 - aioseo.com -->\n\t<meta name=\"description\" content=\"MAL DE ULISSES Uma cria\u00e7\u00e3o de Rui Catal\u00e3o Ateli\u00ea dramat\u00fargico 09 a 13 de dezembro 2024 Castro Daire \u2013 Biblioteca Municipal Uma coprodu\u00e7\u00e3o entre a Binaural Nodar e a Castro Daire \u2013 Biblioteca Municipal, com apoio do Agrupamento de Escolas de Castro Daire e da EPMS \u2013 Escola Profissional Mariana Seixas. A pesquisa teatral Mal\" \/>\n\t<meta name=\"robots\" content=\"max-image-preview:large\" \/>\n\t<meta name=\"author\" content=\"Nely Ferreira\"\/>\n\t<link rel=\"canonical\" href=\"https:\/\/www.binauralmedia.org\/news\/arquivo\/23526\" \/>\n\t<meta name=\"generator\" content=\"All in One SEO (AIOSEO) 5.0.1.1\" \/>\n\t\t<meta property=\"og:locale\" content=\"pt_PT\" \/>\n\t\t<meta property=\"og:site_name\" content=\"binauralmedia.org - Rural Based Sound\/Media Arts &amp; Social Research\" \/>\n\t\t<meta property=\"og:type\" content=\"article\" \/>\n\t\t<meta property=\"og:title\" content=\"Ateli\u00ea dramat\u00fargico em Castro Daire - binauralmedia.org\" \/>\n\t\t<meta property=\"og:description\" content=\"MAL DE ULISSES Uma cria\u00e7\u00e3o de Rui Catal\u00e3o Ateli\u00ea dramat\u00fargico 09 a 13 de dezembro 2024 Castro Daire \u2013 Biblioteca Municipal Uma coprodu\u00e7\u00e3o entre a Binaural Nodar e a Castro Daire \u2013 Biblioteca Municipal, com apoio do Agrupamento de Escolas de Castro Daire e da EPMS \u2013 Escola Profissional Mariana Seixas. A pesquisa teatral Mal\" \/>\n\t\t<meta property=\"og:url\" content=\"https:\/\/www.binauralmedia.org\/news\/arquivo\/23526\" \/>\n\t\t<meta property=\"article:published_time\" content=\"2025-02-04T16:04:09+00:00\" \/>\n\t\t<meta property=\"article:modified_time\" content=\"2025-04-04T14:37:05+00:00\" \/>\n\t\t<meta name=\"twitter:card\" content=\"summary_large_image\" \/>\n\t\t<meta name=\"twitter:title\" content=\"Ateli\u00ea dramat\u00fargico em Castro Daire - binauralmedia.org\" \/>\n\t\t<meta name=\"twitter:description\" content=\"MAL DE ULISSES Uma cria\u00e7\u00e3o de Rui Catal\u00e3o Ateli\u00ea dramat\u00fargico 09 a 13 de dezembro 2024 Castro Daire \u2013 Biblioteca Municipal Uma coprodu\u00e7\u00e3o entre a Binaural Nodar e a Castro Daire \u2013 Biblioteca Municipal, com apoio do Agrupamento de Escolas de Castro Daire e da EPMS \u2013 Escola Profissional Mariana Seixas. A pesquisa teatral Mal\" \/>\n\t\t<script type=\"application\/ld+json\" class=\"aioseo-schema\">\n\t\t\t{\"@context\":\"https:\\\/\\\/schema.org\",\"@graph\":[{\"@type\":\"BlogPosting\",\"@id\":\"https:\\\/\\\/www.binauralmedia.org\\\/news\\\/arquivo\\\/23526#blogposting\",\"name\":\"Ateli\\u00ea dramat\\u00fargico em Castro Daire - binauralmedia.org\",\"headline\":\"Ateli\\u00ea dramat\\u00fargico em Castro Daire\",\"author\":{\"@id\":\"https:\\\/\\\/www.binauralmedia.org\\\/news\\\/arquivo\\\/author\\\/nelyferreira#author\"},\"publisher\":{\"@id\":\"https:\\\/\\\/www.binauralmedia.org\\\/news\\\/#organization\"},\"image\":{\"@type\":\"ImageObject\",\"url\":\"https:\\\/\\\/www.binauralmedia.org\\\/news\\\/wp-content\\\/uploads\\\/Mal-de-Ulisses_Castro-Daire.png\",\"width\":1200,\"height\":800},\"datePublished\":\"2025-02-04T16:04:09+00:00\",\"dateModified\":\"2025-04-04T14:37:05+00:00\",\"inLanguage\":\"pt-PT\",\"mainEntityOfPage\":{\"@id\":\"https:\\\/\\\/www.binauralmedia.org\\\/news\\\/arquivo\\\/23526#webpage\"},\"isPartOf\":{\"@id\":\"https:\\\/\\\/www.binauralmedia.org\\\/news\\\/arquivo\\\/23526#webpage\"},\"articleSection\":\"Not\\u00edcias, Programa Educativo, Video, Optional\"},{\"@type\":\"BreadcrumbList\",\"@id\":\"https:\\\/\\\/www.binauralmedia.org\\\/news\\\/arquivo\\\/23526#breadcrumblist\",\"itemListElement\":[{\"@type\":\"ListItem\",\"@id\":\"https:\\\/\\\/www.binauralmedia.org\\\/news#listItem\",\"position\":1,\"name\":\"Home\",\"item\":\"https:\\\/\\\/www.binauralmedia.org\\\/news\",\"nextItem\":{\"@type\":\"ListItem\",\"@id\":\"https:\\\/\\\/www.binauralmedia.org\\\/news\\\/arquivo\\\/category\\\/news#listItem\",\"name\":\"Not\\u00edcias\"}},{\"@type\":\"ListItem\",\"@id\":\"https:\\\/\\\/www.binauralmedia.org\\\/news\\\/arquivo\\\/category\\\/news#listItem\",\"position\":2,\"name\":\"Not\\u00edcias\",\"item\":\"https:\\\/\\\/www.binauralmedia.org\\\/news\\\/arquivo\\\/category\\\/news\",\"nextItem\":{\"@type\":\"ListItem\",\"@id\":\"https:\\\/\\\/www.binauralmedia.org\\\/news\\\/arquivo\\\/23526#listItem\",\"name\":\"Ateli\\u00ea dramat\\u00fargico em Castro Daire\"},\"previousItem\":{\"@type\":\"ListItem\",\"@id\":\"https:\\\/\\\/www.binauralmedia.org\\\/news#listItem\",\"name\":\"Home\"}},{\"@type\":\"ListItem\",\"@id\":\"https:\\\/\\\/www.binauralmedia.org\\\/news\\\/arquivo\\\/23526#listItem\",\"position\":3,\"name\":\"Ateli\\u00ea dramat\\u00fargico em Castro Daire\",\"previousItem\":{\"@type\":\"ListItem\",\"@id\":\"https:\\\/\\\/www.binauralmedia.org\\\/news\\\/arquivo\\\/category\\\/news#listItem\",\"name\":\"Not\\u00edcias\"}}]},{\"@type\":\"Organization\",\"@id\":\"https:\\\/\\\/www.binauralmedia.org\\\/news\\\/#organization\",\"name\":\"binauralmedia.org\",\"description\":\"Rural Based Sound\\\/Media Arts & Social Research\",\"url\":\"https:\\\/\\\/www.binauralmedia.org\\\/news\\\/\"},{\"@type\":\"Person\",\"@id\":\"https:\\\/\\\/www.binauralmedia.org\\\/news\\\/arquivo\\\/author\\\/nelyferreira#author\",\"url\":\"https:\\\/\\\/www.binauralmedia.org\\\/news\\\/arquivo\\\/author\\\/nelyferreira\",\"name\":\"Nely Ferreira\"},{\"@type\":\"WebPage\",\"@id\":\"https:\\\/\\\/www.binauralmedia.org\\\/news\\\/arquivo\\\/23526#webpage\",\"url\":\"https:\\\/\\\/www.binauralmedia.org\\\/news\\\/arquivo\\\/23526\",\"name\":\"Ateli\\u00ea dramat\\u00fargico em Castro Daire - binauralmedia.org\",\"description\":\"MAL DE ULISSES Uma cria\\u00e7\\u00e3o de Rui Catal\\u00e3o Ateli\\u00ea dramat\\u00fargico 09 a 13 de dezembro 2024 Castro Daire \\u2013 Biblioteca Municipal Uma coprodu\\u00e7\\u00e3o entre a Binaural Nodar e a Castro Daire \\u2013 Biblioteca Municipal, com apoio do Agrupamento de Escolas de Castro Daire e da EPMS \\u2013 Escola Profissional Mariana Seixas. A pesquisa teatral Mal\",\"inLanguage\":\"pt-PT\",\"isPartOf\":{\"@id\":\"https:\\\/\\\/www.binauralmedia.org\\\/news\\\/#website\"},\"breadcrumb\":{\"@id\":\"https:\\\/\\\/www.binauralmedia.org\\\/news\\\/arquivo\\\/23526#breadcrumblist\"},\"author\":{\"@id\":\"https:\\\/\\\/www.binauralmedia.org\\\/news\\\/arquivo\\\/author\\\/nelyferreira#author\"},\"creator\":{\"@id\":\"https:\\\/\\\/www.binauralmedia.org\\\/news\\\/arquivo\\\/author\\\/nelyferreira#author\"},\"image\":{\"@type\":\"ImageObject\",\"url\":\"https:\\\/\\\/www.binauralmedia.org\\\/news\\\/wp-content\\\/uploads\\\/Mal-de-Ulisses_Castro-Daire.png\",\"@id\":\"https:\\\/\\\/www.binauralmedia.org\\\/news\\\/arquivo\\\/23526\\\/#mainImage\",\"width\":1200,\"height\":800},\"primaryImageOfPage\":{\"@id\":\"https:\\\/\\\/www.binauralmedia.org\\\/news\\\/arquivo\\\/23526#mainImage\"},\"datePublished\":\"2025-02-04T16:04:09+00:00\",\"dateModified\":\"2025-04-04T14:37:05+00:00\"},{\"@type\":\"WebSite\",\"@id\":\"https:\\\/\\\/www.binauralmedia.org\\\/news\\\/#website\",\"url\":\"https:\\\/\\\/www.binauralmedia.org\\\/news\\\/\",\"name\":\"binauralmedia.org\",\"description\":\"Rural Based Sound\\\/Media Arts & Social Research\",\"inLanguage\":\"pt-PT\",\"publisher\":{\"@id\":\"https:\\\/\\\/www.binauralmedia.org\\\/news\\\/#organization\"}}]}\n\t\t<\/script>\n\t\t<!-- All in One SEO -->\n\n","aioseo_head_json":{"title":"Ateli\u00ea dramat\u00fargico em Castro Daire - binauralmedia.org","description":"MAL DE ULISSES Uma cria\u00e7\u00e3o de Rui Catal\u00e3o Ateli\u00ea dramat\u00fargico 09 a 13 de dezembro 2024 Castro Daire \u2013 Biblioteca Municipal Uma coprodu\u00e7\u00e3o entre a Binaural Nodar e a Castro Daire \u2013 Biblioteca Municipal, com apoio do Agrupamento de Escolas de Castro Daire e da EPMS \u2013 Escola Profissional Mariana Seixas. A pesquisa teatral Mal","canonical_url":"https:\/\/www.binauralmedia.org\/news\/arquivo\/23526","robots":"max-image-preview:large","keywords":"","webmasterTools":{"miscellaneous":""},"schema":{"@context":"https:\/\/schema.org","@graph":[{"@type":"BlogPosting","@id":"https:\/\/www.binauralmedia.org\/news\/arquivo\/23526#blogposting","name":"Ateli\u00ea dramat\u00fargico em Castro Daire - binauralmedia.org","headline":"Ateli\u00ea dramat\u00fargico em Castro Daire","author":{"@id":"https:\/\/www.binauralmedia.org\/news\/arquivo\/author\/nelyferreira#author"},"publisher":{"@id":"https:\/\/www.binauralmedia.org\/news\/#organization"},"image":{"@type":"ImageObject","url":"https:\/\/www.binauralmedia.org\/news\/wp-content\/uploads\/Mal-de-Ulisses_Castro-Daire.png","width":1200,"height":800},"datePublished":"2025-02-04T16:04:09+00:00","dateModified":"2025-04-04T14:37:05+00:00","inLanguage":"pt-PT","mainEntityOfPage":{"@id":"https:\/\/www.binauralmedia.org\/news\/arquivo\/23526#webpage"},"isPartOf":{"@id":"https:\/\/www.binauralmedia.org\/news\/arquivo\/23526#webpage"},"articleSection":"Not\u00edcias, Programa Educativo, Video, Optional"},{"@type":"BreadcrumbList","@id":"https:\/\/www.binauralmedia.org\/news\/arquivo\/23526#breadcrumblist","itemListElement":[{"@type":"ListItem","@id":"https:\/\/www.binauralmedia.org\/news#listItem","position":1,"name":"Home","item":"https:\/\/www.binauralmedia.org\/news","nextItem":{"@type":"ListItem","@id":"https:\/\/www.binauralmedia.org\/news\/arquivo\/category\/news#listItem","name":"Not\u00edcias"}},{"@type":"ListItem","@id":"https:\/\/www.binauralmedia.org\/news\/arquivo\/category\/news#listItem","position":2,"name":"Not\u00edcias","item":"https:\/\/www.binauralmedia.org\/news\/arquivo\/category\/news","nextItem":{"@type":"ListItem","@id":"https:\/\/www.binauralmedia.org\/news\/arquivo\/23526#listItem","name":"Ateli\u00ea dramat\u00fargico em Castro Daire"},"previousItem":{"@type":"ListItem","@id":"https:\/\/www.binauralmedia.org\/news#listItem","name":"Home"}},{"@type":"ListItem","@id":"https:\/\/www.binauralmedia.org\/news\/arquivo\/23526#listItem","position":3,"name":"Ateli\u00ea dramat\u00fargico em Castro Daire","previousItem":{"@type":"ListItem","@id":"https:\/\/www.binauralmedia.org\/news\/arquivo\/category\/news#listItem","name":"Not\u00edcias"}}]},{"@type":"Organization","@id":"https:\/\/www.binauralmedia.org\/news\/#organization","name":"binauralmedia.org","description":"Rural Based Sound\/Media Arts & Social Research","url":"https:\/\/www.binauralmedia.org\/news\/"},{"@type":"Person","@id":"https:\/\/www.binauralmedia.org\/news\/arquivo\/author\/nelyferreira#author","url":"https:\/\/www.binauralmedia.org\/news\/arquivo\/author\/nelyferreira","name":"Nely Ferreira"},{"@type":"WebPage","@id":"https:\/\/www.binauralmedia.org\/news\/arquivo\/23526#webpage","url":"https:\/\/www.binauralmedia.org\/news\/arquivo\/23526","name":"Ateli\u00ea dramat\u00fargico em Castro Daire - binauralmedia.org","description":"MAL DE ULISSES Uma cria\u00e7\u00e3o de Rui Catal\u00e3o Ateli\u00ea dramat\u00fargico 09 a 13 de dezembro 2024 Castro Daire \u2013 Biblioteca Municipal Uma coprodu\u00e7\u00e3o entre a Binaural Nodar e a Castro Daire \u2013 Biblioteca Municipal, com apoio do Agrupamento de Escolas de Castro Daire e da EPMS \u2013 Escola Profissional Mariana Seixas. A pesquisa teatral Mal","inLanguage":"pt-PT","isPartOf":{"@id":"https:\/\/www.binauralmedia.org\/news\/#website"},"breadcrumb":{"@id":"https:\/\/www.binauralmedia.org\/news\/arquivo\/23526#breadcrumblist"},"author":{"@id":"https:\/\/www.binauralmedia.org\/news\/arquivo\/author\/nelyferreira#author"},"creator":{"@id":"https:\/\/www.binauralmedia.org\/news\/arquivo\/author\/nelyferreira#author"},"image":{"@type":"ImageObject","url":"https:\/\/www.binauralmedia.org\/news\/wp-content\/uploads\/Mal-de-Ulisses_Castro-Daire.png","@id":"https:\/\/www.binauralmedia.org\/news\/arquivo\/23526\/#mainImage","width":1200,"height":800},"primaryImageOfPage":{"@id":"https:\/\/www.binauralmedia.org\/news\/arquivo\/23526#mainImage"},"datePublished":"2025-02-04T16:04:09+00:00","dateModified":"2025-04-04T14:37:05+00:00"},{"@type":"WebSite","@id":"https:\/\/www.binauralmedia.org\/news\/#website","url":"https:\/\/www.binauralmedia.org\/news\/","name":"binauralmedia.org","description":"Rural Based Sound\/Media Arts & Social Research","inLanguage":"pt-PT","publisher":{"@id":"https:\/\/www.binauralmedia.org\/news\/#organization"}}]},"og:locale":"pt_PT","og:site_name":"binauralmedia.org - Rural Based Sound\/Media Arts &amp; Social Research","og:type":"article","og:title":"Ateli\u00ea dramat\u00fargico em Castro Daire - binauralmedia.org","og:description":"MAL DE ULISSES Uma cria\u00e7\u00e3o de Rui Catal\u00e3o Ateli\u00ea dramat\u00fargico 09 a 13 de dezembro 2024 Castro Daire \u2013 Biblioteca Municipal Uma coprodu\u00e7\u00e3o entre a Binaural Nodar e a Castro Daire \u2013 Biblioteca Municipal, com apoio do Agrupamento de Escolas de Castro Daire e da EPMS \u2013 Escola Profissional Mariana Seixas. A pesquisa teatral Mal","og:url":"https:\/\/www.binauralmedia.org\/news\/arquivo\/23526","article:published_time":"2025-02-04T16:04:09+00:00","article:modified_time":"2025-04-04T14:37:05+00:00","twitter:card":"summary_large_image","twitter:title":"Ateli\u00ea dramat\u00fargico em Castro Daire - binauralmedia.org","twitter:description":"MAL DE ULISSES Uma cria\u00e7\u00e3o de Rui Catal\u00e3o Ateli\u00ea dramat\u00fargico 09 a 13 de dezembro 2024 Castro Daire \u2013 Biblioteca Municipal Uma coprodu\u00e7\u00e3o entre a Binaural Nodar e a Castro Daire \u2013 Biblioteca Municipal, com apoio do Agrupamento de Escolas de Castro Daire e da EPMS \u2013 Escola Profissional Mariana Seixas. A pesquisa teatral Mal"},"aioseo_meta_data":{"post_id":"23526","title":null,"description":null,"keywords":null,"keyphrases":null,"primary_term":null,"canonical_url":null,"og_title":null,"og_description":null,"og_object_type":"default","og_image_type":"default","og_image_custom_url":null,"og_image_custom_fields":null,"og_image_url":null,"og_image_width":null,"og_image_height":null,"og_video":null,"og_custom_url":null,"og_article_section":null,"og_article_tags":null,"twitter_use_og":false,"twitter_card":"default","twitter_image_type":"default","twitter_image_custom_url":null,"twitter_image_custom_fields":null,"twitter_image_url":null,"twitter_title":null,"twitter_description":null,"schema_type":"default","schema_type_options":null,"schema":{"blockGraphs":[],"customGraphs":[],"default":{"data":{"Article":[],"Course":[],"Dataset":[],"FAQPage":[],"Movie":[],"Person":[],"Product":[],"ProductReview":[],"Car":[],"Recipe":[],"Service":[],"SoftwareApplication":[],"WebPage":[]},"graphName":"","isEnabled":true},"graphs":[]},"pillar_content":false,"robots_default":true,"robots_noindex":false,"robots_noarchive":false,"robots_nosnippet":false,"robots_nofollow":false,"robots_noimageindex":false,"robots_noodp":false,"robots_notranslate":false,"robots_max_snippet":null,"robots_max_videopreview":null,"robots_max_imagepreview":"large","priority":null,"frequency":null,"local_seo":null,"limit_modified_date":false,"ai":null,"breadcrumb_settings":null,"seo_analyzer_scan_date":null,"created":"2026-08-05 07:52:13","updated":"2026-08-05 07:52:13","focus_keyword":null,"additional_keywords":null,"truseo_locale":null},"aioseo_breadcrumb":"<div class=\"aioseo-breadcrumbs\"><span class=\"aioseo-breadcrumb\">\n\t\t\t<a href=\"https:\/\/www.binauralmedia.org\/news\" title=\"Home\">Home<\/a>\n\t\t<\/span><span class=\"aioseo-breadcrumb-separator\">&raquo;<\/span><span class=\"aioseo-breadcrumb\">\n\t\t\t<a href=\"https:\/\/www.binauralmedia.org\/news\/arquivo\/category\/news\" title=\"Not\u00edcias\">Not\u00edcias<\/a>\n\t\t<\/span><span class=\"aioseo-breadcrumb-separator\">&raquo;<\/span><span class=\"aioseo-breadcrumb\">\n\t\t\tAteli\u00ea dramat\u00fargico em Castro Daire\n\t\t<\/span><\/div>","aioseo_breadcrumb_json":[{"label":"Home","link":"https:\/\/www.binauralmedia.org\/news"},{"label":"Not\u00edcias","link":"https:\/\/www.binauralmedia.org\/news\/arquivo\/category\/news"},{"label":"Ateli\u00ea dramat\u00fargico em Castro Daire","link":"https:\/\/www.binauralmedia.org\/news\/arquivo\/23526"}],"_links":{"self":[{"href":"https:\/\/www.binauralmedia.org\/news\/wp-json\/wp\/v2\/posts\/23526","targetHints":{"allow":["GET"]}}],"collection":[{"href":"https:\/\/www.binauralmedia.org\/news\/wp-json\/wp\/v2\/posts"}],"about":[{"href":"https:\/\/www.binauralmedia.org\/news\/wp-json\/wp\/v2\/types\/post"}],"author":[{"embeddable":true,"href":"https:\/\/www.binauralmedia.org\/news\/wp-json\/wp\/v2\/users\/8"}],"replies":[{"embeddable":true,"href":"https:\/\/www.binauralmedia.org\/news\/wp-json\/wp\/v2\/comments?post=23526"}],"version-history":[{"count":2,"href":"https:\/\/www.binauralmedia.org\/news\/wp-json\/wp\/v2\/posts\/23526\/revisions"}],"predecessor-version":[{"id":23533,"href":"https:\/\/www.binauralmedia.org\/news\/wp-json\/wp\/v2\/posts\/23526\/revisions\/23533"}],"wp:featuredmedia":[{"embeddable":true,"href":"https:\/\/www.binauralmedia.org\/news\/wp-json\/wp\/v2\/media\/23529"}],"wp:attachment":[{"href":"https:\/\/www.binauralmedia.org\/news\/wp-json\/wp\/v2\/media?parent=23526"}],"wp:term":[{"taxonomy":"category","embeddable":true,"href":"https:\/\/www.binauralmedia.org\/news\/wp-json\/wp\/v2\/categories?post=23526"},{"taxonomy":"post_tag","embeddable":true,"href":"https:\/\/www.binauralmedia.org\/news\/wp-json\/wp\/v2\/tags?post=23526"}],"curies":[{"name":"wp","href":"https:\/\/api.w.org\/{rel}","templated":true}]}}