{"id":23450,"date":"2025-03-30T15:42:52","date_gmt":"2025-03-30T15:42:52","guid":{"rendered":"https:\/\/www.binauralmedia.org\/news?p=23450"},"modified":"2025-03-30T15:45:08","modified_gmt":"2025-03-30T15:45:08","slug":"instalacao-de-maira-ortins-inaugura-no-museu-do-linho-de-varzea-de-calde","status":"publish","type":"post","link":"https:\/\/www.binauralmedia.org\/news\/arquivo\/23450","title":{"rendered":"Instala\u00e7\u00e3o de Ma\u00edra Ortins inaugura no Museu do Linho de V\u00e1rzea de Calde"},"content":{"rendered":"<div class=\"fusion-fullwidth fullwidth-box fusion-builder-row-1 fusion-flex-container nonhundred-percent-fullwidth non-hundred-percent-height-scrolling\" style=\"--awb-border-radius-top-left:0px;--awb-border-radius-top-right:0px;--awb-border-radius-bottom-right:0px;--awb-border-radius-bottom-left:0px;--awb-flex-wrap:wrap;\" ><div class=\"fusion-builder-row fusion-row fusion-flex-align-items-flex-start fusion-flex-content-wrap\" style=\"max-width:1144px;margin-left: calc(-4% \/ 2 );margin-right: calc(-4% \/ 2 );\"><div class=\"fusion-layout-column fusion_builder_column fusion-builder-column-0 fusion_builder_column_1_1 1_1 fusion-flex-column\" style=\"--awb-bg-size:cover;--awb-width-large:100%;--awb-margin-top-large:0px;--awb-spacing-right-large:1.92%;--awb-margin-bottom-large:0px;--awb-spacing-left-large:1.92%;--awb-width-medium:100%;--awb-spacing-right-medium:1.92%;--awb-spacing-left-medium:1.92%;--awb-width-small:100%;--awb-spacing-right-small:1.92%;--awb-spacing-left-small:1.92%;\"><div class=\"fusion-column-wrapper fusion-flex-justify-content-flex-start fusion-content-layout-column\"><div class=\"fusion-text fusion-text-1\"><p><strong>A MENINA DO RIO<\/strong><br \/>\nInstala\u00e7\u00e3o multim\u00e9dia interativa<br \/>\nDe Ma\u00edra Ortins<\/p>\n<p>5 abril \u2013 4 maio 2025<br \/>\nInaugura\u00e7\u00e3o: 5 abril de 2025 \u00e0s 15h00<br \/>\nMuseu do Linho de V\u00e1rzea de Calde (Viseu)<\/p>\n<p>Uma produ\u00e7\u00e3o da Binaural Nodar, em parceria com o munic\u00edpio de Viseu e com a Junta de Freguesia de Calde, contando com apoio institucional do Departamento de Comunica\u00e7\u00e3o e Arte da Universidade de Aveiro e estando igualmente integrada nas atividades de programa\u00e7\u00e3o cultural do projeto Tramontana, cofinanciado pelo Programa Europa Criativa.<\/p>\n<p>A instala\u00e7\u00e3o multim\u00e9dia interativa A Menina do Rio (2024) parte de uma analogia da mem\u00f3ria, constru\u00edda a partir de lembran\u00e7as afetivas em ambientes dom\u00e9sticos. A obra fundamenta-se nas recorda\u00e7\u00f5es da av\u00f3 materna da artista, a qual, por meio das suas rela\u00e7\u00f5es interpessoais, reinventou a sua pr\u00f3pria hist\u00f3ria. A aus\u00eancia da figura masculina provedora e a autonomia financeira feminina emergem como camadas centrais da instala\u00e7\u00e3o, potencializadas por dispositivos tecnol\u00f3gicos que promovem intera\u00e7\u00e3o e refor\u00e7am o seu contexto. Em A Menina do Rio, as antigas can\u00e7\u00f5es e os relatos fragmentados de um quotidiano ligado ao rio ajudam a construir identidades que evocam o feminino e remetem a um passado melanc\u00f3lico. Dessa forma, a a\u00e7\u00e3o encarnada no fazer art\u00edstico possibilita a reconfigura\u00e7\u00e3o das mem\u00f3rias afetivas por meio da imagina\u00e7\u00e3o, permitindo que o passado seja resignificado no presente.<\/p>\n<p>Esta instala\u00e7\u00e3o relaciona-se simbolicamente com a aldeia de V\u00e1rzea de Calde, nomeadamente atrav\u00e9s da presen\u00e7a de materiais como o linho e das mem\u00f3rias de paisagens ribeirinhas.<\/p>\n<p>Materiais da obra:<\/p>\n<p>M\u00e1quina de costura interativa, obras bidimensionais em linho manufaturado, fotografia, dedal, renda, desenho sobre linho.<\/p>\n<p>Ma\u00edra Ortins \u00e9 uma artista multidisciplinar nascida na cidade do Recife em 1980. Radicou-se no Cear\u00e1 e possui Gradua\u00e7\u00e3o em Letras, UFC, (2006), sendo atualmente mestranda em Cria\u00e7\u00e3o Art\u00edstica Contempor\u00e2nea pela Universidade de Aveiro, Portugal. Participou de v\u00e1rios sal\u00f5es e exposi\u00e7\u00f5es coletivas e individuais pelo Brasil e exterior. A sua obra consta em acervos importantes de museus brasileiros e em institui\u00e7\u00f5es p\u00fablicas no estrangeiro.<\/p>\n<p>Pr\u00e9mios:<br \/>\n2024\/ Pr\u00e9mio Internacional John Goto, ESMAD P. PORTO, Portugal<br \/>\n2020\/ Pr\u00e9mio de aquisi\u00e7\u00e3o \u2013 Secult Ce, Fortaleza, Brasil<br \/>\n2018\/69\u00ba Sal\u00e3o de Abril-Fortaleza, Brasil<br \/>\n2009\/ Pr\u00e9mio Desenho, Unifor Pl\u00e1stica, Fortaleza, Brasil<\/p>\n<\/div><\/div><\/div><\/div><\/div>\n","protected":false},"excerpt":{"rendered":"","protected":false},"author":2,"featured_media":23451,"comment_status":"closed","ping_status":"closed","sticky":false,"template":"","format":"standard","meta":{"_acf_changed":false,"_bbp_topic_count":0,"_bbp_reply_count":0,"_bbp_total_topic_count":0,"_bbp_total_reply_count":0,"_bbp_voice_count":0,"_bbp_anonymous_reply_count":0,"_bbp_topic_count_hidden":0,"_bbp_reply_count_hidden":0,"_bbp_forum_subforum_count":0,"footnotes":""},"categories":[1161,1],"tags":[],"class_list":["post-23450","post","type-post","status-publish","format-standard","has-post-thumbnail","hentry","category-artistic-creations","category-news"],"acf":[],"aioseo_notices":[],"aioseo_head":"\n\t\t<!-- All in One SEO 5.0.1.1 - aioseo.com -->\n\t<meta name=\"description\" content=\"A MENINA DO RIO Instala\u00e7\u00e3o multim\u00e9dia interativa De Ma\u00edra Ortins 5 abril \u2013 4 maio 2025 Inaugura\u00e7\u00e3o: 5 abril de 2025 \u00e0s 15h00 Museu do Linho de V\u00e1rzea de Calde (Viseu) Uma produ\u00e7\u00e3o da Binaural Nodar, em parceria com o munic\u00edpio de Viseu e com a Junta de Freguesia de Calde, contando com apoio institucional\" \/>\n\t<meta name=\"robots\" content=\"max-image-preview:large\" \/>\n\t<meta name=\"author\" content=\"luiscosta\"\/>\n\t<link rel=\"canonical\" href=\"https:\/\/www.binauralmedia.org\/news\/arquivo\/23450\" \/>\n\t<meta name=\"generator\" content=\"All in One SEO (AIOSEO) 5.0.1.1\" \/>\n\t\t<meta property=\"og:locale\" content=\"pt_PT\" \/>\n\t\t<meta property=\"og:site_name\" content=\"binauralmedia.org - Rural Based Sound\/Media Arts &amp; Social Research\" \/>\n\t\t<meta property=\"og:type\" content=\"article\" \/>\n\t\t<meta property=\"og:title\" content=\"Instala\u00e7\u00e3o de Ma\u00edra Ortins inaugura no Museu do Linho de V\u00e1rzea de Calde - binauralmedia.org\" \/>\n\t\t<meta property=\"og:description\" content=\"A MENINA DO RIO Instala\u00e7\u00e3o multim\u00e9dia interativa De Ma\u00edra Ortins 5 abril \u2013 4 maio 2025 Inaugura\u00e7\u00e3o: 5 abril de 2025 \u00e0s 15h00 Museu do Linho de V\u00e1rzea de Calde (Viseu) Uma produ\u00e7\u00e3o da Binaural Nodar, em parceria com o munic\u00edpio de Viseu e com a Junta de Freguesia de Calde, contando com apoio institucional\" \/>\n\t\t<meta property=\"og:url\" content=\"https:\/\/www.binauralmedia.org\/news\/arquivo\/23450\" \/>\n\t\t<meta property=\"article:published_time\" content=\"2025-03-30T15:42:52+00:00\" \/>\n\t\t<meta property=\"article:modified_time\" content=\"2025-03-30T15:45:08+00:00\" \/>\n\t\t<meta name=\"twitter:card\" content=\"summary_large_image\" \/>\n\t\t<meta name=\"twitter:title\" content=\"Instala\u00e7\u00e3o de Ma\u00edra Ortins inaugura no Museu do Linho de V\u00e1rzea de Calde - binauralmedia.org\" \/>\n\t\t<meta name=\"twitter:description\" content=\"A MENINA DO RIO Instala\u00e7\u00e3o multim\u00e9dia interativa De Ma\u00edra Ortins 5 abril \u2013 4 maio 2025 Inaugura\u00e7\u00e3o: 5 abril de 2025 \u00e0s 15h00 Museu do Linho de V\u00e1rzea de Calde (Viseu) Uma produ\u00e7\u00e3o da Binaural Nodar, em parceria com o munic\u00edpio de Viseu e com a Junta de Freguesia de Calde, contando com apoio institucional\" \/>\n\t\t<script type=\"application\/ld+json\" class=\"aioseo-schema\">\n\t\t\t{\"@context\":\"https:\\\/\\\/schema.org\",\"@graph\":[{\"@type\":\"BlogPosting\",\"@id\":\"https:\\\/\\\/www.binauralmedia.org\\\/news\\\/arquivo\\\/23450#blogposting\",\"name\":\"Instala\\u00e7\\u00e3o de Ma\\u00edra Ortins inaugura no Museu do Linho de V\\u00e1rzea de Calde - binauralmedia.org\",\"headline\":\"Instala\\u00e7\\u00e3o de Ma\\u00edra Ortins inaugura no Museu do Linho de V\\u00e1rzea de Calde\",\"author\":{\"@id\":\"https:\\\/\\\/www.binauralmedia.org\\\/news\\\/arquivo\\\/author\\\/luiscosta#author\"},\"publisher\":{\"@id\":\"https:\\\/\\\/www.binauralmedia.org\\\/news\\\/#organization\"},\"image\":{\"@type\":\"ImageObject\",\"url\":\"https:\\\/\\\/www.binauralmedia.org\\\/news\\\/wp-content\\\/uploads\\\/Dgartes-A-Menina-do-Rio-e1743349289373.jpg\",\"width\":1200,\"height\":800},\"datePublished\":\"2025-03-30T15:42:52+00:00\",\"dateModified\":\"2025-03-30T15:45:08+00:00\",\"inLanguage\":\"pt-PT\",\"mainEntityOfPage\":{\"@id\":\"https:\\\/\\\/www.binauralmedia.org\\\/news\\\/arquivo\\\/23450#webpage\"},\"isPartOf\":{\"@id\":\"https:\\\/\\\/www.binauralmedia.org\\\/news\\\/arquivo\\\/23450#webpage\"},\"articleSection\":\"Cria\\u00e7\\u00f5es Art\\u00edsticas, Not\\u00edcias, Opcional\"},{\"@type\":\"BreadcrumbList\",\"@id\":\"https:\\\/\\\/www.binauralmedia.org\\\/news\\\/arquivo\\\/23450#breadcrumblist\",\"itemListElement\":[{\"@type\":\"ListItem\",\"@id\":\"https:\\\/\\\/www.binauralmedia.org\\\/news#listItem\",\"position\":1,\"name\":\"Home\",\"item\":\"https:\\\/\\\/www.binauralmedia.org\\\/news\",\"nextItem\":{\"@type\":\"ListItem\",\"@id\":\"https:\\\/\\\/www.binauralmedia.org\\\/news\\\/arquivo\\\/category\\\/news#listItem\",\"name\":\"Not\\u00edcias\"}},{\"@type\":\"ListItem\",\"@id\":\"https:\\\/\\\/www.binauralmedia.org\\\/news\\\/arquivo\\\/category\\\/news#listItem\",\"position\":2,\"name\":\"Not\\u00edcias\",\"item\":\"https:\\\/\\\/www.binauralmedia.org\\\/news\\\/arquivo\\\/category\\\/news\",\"nextItem\":{\"@type\":\"ListItem\",\"@id\":\"https:\\\/\\\/www.binauralmedia.org\\\/news\\\/arquivo\\\/23450#listItem\",\"name\":\"Instala\\u00e7\\u00e3o de Ma\\u00edra Ortins inaugura no Museu do Linho de V\\u00e1rzea de Calde\"},\"previousItem\":{\"@type\":\"ListItem\",\"@id\":\"https:\\\/\\\/www.binauralmedia.org\\\/news#listItem\",\"name\":\"Home\"}},{\"@type\":\"ListItem\",\"@id\":\"https:\\\/\\\/www.binauralmedia.org\\\/news\\\/arquivo\\\/23450#listItem\",\"position\":3,\"name\":\"Instala\\u00e7\\u00e3o de Ma\\u00edra Ortins inaugura no Museu do Linho de V\\u00e1rzea de Calde\",\"previousItem\":{\"@type\":\"ListItem\",\"@id\":\"https:\\\/\\\/www.binauralmedia.org\\\/news\\\/arquivo\\\/category\\\/news#listItem\",\"name\":\"Not\\u00edcias\"}}]},{\"@type\":\"Organization\",\"@id\":\"https:\\\/\\\/www.binauralmedia.org\\\/news\\\/#organization\",\"name\":\"binauralmedia.org\",\"description\":\"Rural Based Sound\\\/Media Arts & Social Research\",\"url\":\"https:\\\/\\\/www.binauralmedia.org\\\/news\\\/\"},{\"@type\":\"Person\",\"@id\":\"https:\\\/\\\/www.binauralmedia.org\\\/news\\\/arquivo\\\/author\\\/luiscosta#author\",\"url\":\"https:\\\/\\\/www.binauralmedia.org\\\/news\\\/arquivo\\\/author\\\/luiscosta\",\"name\":\"luiscosta\"},{\"@type\":\"WebPage\",\"@id\":\"https:\\\/\\\/www.binauralmedia.org\\\/news\\\/arquivo\\\/23450#webpage\",\"url\":\"https:\\\/\\\/www.binauralmedia.org\\\/news\\\/arquivo\\\/23450\",\"name\":\"Instala\\u00e7\\u00e3o de Ma\\u00edra Ortins inaugura no Museu do Linho de V\\u00e1rzea de Calde - binauralmedia.org\",\"description\":\"A MENINA DO RIO Instala\\u00e7\\u00e3o multim\\u00e9dia interativa De Ma\\u00edra Ortins 5 abril \\u2013 4 maio 2025 Inaugura\\u00e7\\u00e3o: 5 abril de 2025 \\u00e0s 15h00 Museu do Linho de V\\u00e1rzea de Calde (Viseu) Uma produ\\u00e7\\u00e3o da Binaural Nodar, em parceria com o munic\\u00edpio de Viseu e com a Junta de Freguesia de Calde, contando com apoio institucional\",\"inLanguage\":\"pt-PT\",\"isPartOf\":{\"@id\":\"https:\\\/\\\/www.binauralmedia.org\\\/news\\\/#website\"},\"breadcrumb\":{\"@id\":\"https:\\\/\\\/www.binauralmedia.org\\\/news\\\/arquivo\\\/23450#breadcrumblist\"},\"author\":{\"@id\":\"https:\\\/\\\/www.binauralmedia.org\\\/news\\\/arquivo\\\/author\\\/luiscosta#author\"},\"creator\":{\"@id\":\"https:\\\/\\\/www.binauralmedia.org\\\/news\\\/arquivo\\\/author\\\/luiscosta#author\"},\"image\":{\"@type\":\"ImageObject\",\"url\":\"https:\\\/\\\/www.binauralmedia.org\\\/news\\\/wp-content\\\/uploads\\\/Dgartes-A-Menina-do-Rio-e1743349289373.jpg\",\"@id\":\"https:\\\/\\\/www.binauralmedia.org\\\/news\\\/arquivo\\\/23450\\\/#mainImage\",\"width\":1200,\"height\":800},\"primaryImageOfPage\":{\"@id\":\"https:\\\/\\\/www.binauralmedia.org\\\/news\\\/arquivo\\\/23450#mainImage\"},\"datePublished\":\"2025-03-30T15:42:52+00:00\",\"dateModified\":\"2025-03-30T15:45:08+00:00\"},{\"@type\":\"WebSite\",\"@id\":\"https:\\\/\\\/www.binauralmedia.org\\\/news\\\/#website\",\"url\":\"https:\\\/\\\/www.binauralmedia.org\\\/news\\\/\",\"name\":\"binauralmedia.org\",\"description\":\"Rural Based Sound\\\/Media Arts & Social Research\",\"inLanguage\":\"pt-PT\",\"publisher\":{\"@id\":\"https:\\\/\\\/www.binauralmedia.org\\\/news\\\/#organization\"}}]}\n\t\t<\/script>\n\t\t<!-- All in One SEO -->\n\n","aioseo_head_json":{"title":"Instala\u00e7\u00e3o de Ma\u00edra Ortins inaugura no Museu do Linho de V\u00e1rzea de Calde - binauralmedia.org","description":"A MENINA DO RIO Instala\u00e7\u00e3o multim\u00e9dia interativa De Ma\u00edra Ortins 5 abril \u2013 4 maio 2025 Inaugura\u00e7\u00e3o: 5 abril de 2025 \u00e0s 15h00 Museu do Linho de V\u00e1rzea de Calde (Viseu) Uma produ\u00e7\u00e3o da Binaural Nodar, em parceria com o munic\u00edpio de Viseu e com a Junta de Freguesia de Calde, contando com apoio institucional","canonical_url":"https:\/\/www.binauralmedia.org\/news\/arquivo\/23450","robots":"max-image-preview:large","keywords":"","webmasterTools":{"miscellaneous":""},"schema":{"@context":"https:\/\/schema.org","@graph":[{"@type":"BlogPosting","@id":"https:\/\/www.binauralmedia.org\/news\/arquivo\/23450#blogposting","name":"Instala\u00e7\u00e3o de Ma\u00edra Ortins inaugura no Museu do Linho de V\u00e1rzea de Calde - binauralmedia.org","headline":"Instala\u00e7\u00e3o de Ma\u00edra Ortins inaugura no Museu do Linho de V\u00e1rzea de Calde","author":{"@id":"https:\/\/www.binauralmedia.org\/news\/arquivo\/author\/luiscosta#author"},"publisher":{"@id":"https:\/\/www.binauralmedia.org\/news\/#organization"},"image":{"@type":"ImageObject","url":"https:\/\/www.binauralmedia.org\/news\/wp-content\/uploads\/Dgartes-A-Menina-do-Rio-e1743349289373.jpg","width":1200,"height":800},"datePublished":"2025-03-30T15:42:52+00:00","dateModified":"2025-03-30T15:45:08+00:00","inLanguage":"pt-PT","mainEntityOfPage":{"@id":"https:\/\/www.binauralmedia.org\/news\/arquivo\/23450#webpage"},"isPartOf":{"@id":"https:\/\/www.binauralmedia.org\/news\/arquivo\/23450#webpage"},"articleSection":"Cria\u00e7\u00f5es Art\u00edsticas, Not\u00edcias, Opcional"},{"@type":"BreadcrumbList","@id":"https:\/\/www.binauralmedia.org\/news\/arquivo\/23450#breadcrumblist","itemListElement":[{"@type":"ListItem","@id":"https:\/\/www.binauralmedia.org\/news#listItem","position":1,"name":"Home","item":"https:\/\/www.binauralmedia.org\/news","nextItem":{"@type":"ListItem","@id":"https:\/\/www.binauralmedia.org\/news\/arquivo\/category\/news#listItem","name":"Not\u00edcias"}},{"@type":"ListItem","@id":"https:\/\/www.binauralmedia.org\/news\/arquivo\/category\/news#listItem","position":2,"name":"Not\u00edcias","item":"https:\/\/www.binauralmedia.org\/news\/arquivo\/category\/news","nextItem":{"@type":"ListItem","@id":"https:\/\/www.binauralmedia.org\/news\/arquivo\/23450#listItem","name":"Instala\u00e7\u00e3o de Ma\u00edra Ortins inaugura no Museu do Linho de V\u00e1rzea de Calde"},"previousItem":{"@type":"ListItem","@id":"https:\/\/www.binauralmedia.org\/news#listItem","name":"Home"}},{"@type":"ListItem","@id":"https:\/\/www.binauralmedia.org\/news\/arquivo\/23450#listItem","position":3,"name":"Instala\u00e7\u00e3o de Ma\u00edra Ortins inaugura no Museu do Linho de V\u00e1rzea de Calde","previousItem":{"@type":"ListItem","@id":"https:\/\/www.binauralmedia.org\/news\/arquivo\/category\/news#listItem","name":"Not\u00edcias"}}]},{"@type":"Organization","@id":"https:\/\/www.binauralmedia.org\/news\/#organization","name":"binauralmedia.org","description":"Rural Based Sound\/Media Arts & Social Research","url":"https:\/\/www.binauralmedia.org\/news\/"},{"@type":"Person","@id":"https:\/\/www.binauralmedia.org\/news\/arquivo\/author\/luiscosta#author","url":"https:\/\/www.binauralmedia.org\/news\/arquivo\/author\/luiscosta","name":"luiscosta"},{"@type":"WebPage","@id":"https:\/\/www.binauralmedia.org\/news\/arquivo\/23450#webpage","url":"https:\/\/www.binauralmedia.org\/news\/arquivo\/23450","name":"Instala\u00e7\u00e3o de Ma\u00edra Ortins inaugura no Museu do Linho de V\u00e1rzea de Calde - binauralmedia.org","description":"A MENINA DO RIO Instala\u00e7\u00e3o multim\u00e9dia interativa De Ma\u00edra Ortins 5 abril \u2013 4 maio 2025 Inaugura\u00e7\u00e3o: 5 abril de 2025 \u00e0s 15h00 Museu do Linho de V\u00e1rzea de Calde (Viseu) Uma produ\u00e7\u00e3o da Binaural Nodar, em parceria com o munic\u00edpio de Viseu e com a Junta de Freguesia de Calde, contando com apoio institucional","inLanguage":"pt-PT","isPartOf":{"@id":"https:\/\/www.binauralmedia.org\/news\/#website"},"breadcrumb":{"@id":"https:\/\/www.binauralmedia.org\/news\/arquivo\/23450#breadcrumblist"},"author":{"@id":"https:\/\/www.binauralmedia.org\/news\/arquivo\/author\/luiscosta#author"},"creator":{"@id":"https:\/\/www.binauralmedia.org\/news\/arquivo\/author\/luiscosta#author"},"image":{"@type":"ImageObject","url":"https:\/\/www.binauralmedia.org\/news\/wp-content\/uploads\/Dgartes-A-Menina-do-Rio-e1743349289373.jpg","@id":"https:\/\/www.binauralmedia.org\/news\/arquivo\/23450\/#mainImage","width":1200,"height":800},"primaryImageOfPage":{"@id":"https:\/\/www.binauralmedia.org\/news\/arquivo\/23450#mainImage"},"datePublished":"2025-03-30T15:42:52+00:00","dateModified":"2025-03-30T15:45:08+00:00"},{"@type":"WebSite","@id":"https:\/\/www.binauralmedia.org\/news\/#website","url":"https:\/\/www.binauralmedia.org\/news\/","name":"binauralmedia.org","description":"Rural Based Sound\/Media Arts & Social Research","inLanguage":"pt-PT","publisher":{"@id":"https:\/\/www.binauralmedia.org\/news\/#organization"}}]},"og:locale":"pt_PT","og:site_name":"binauralmedia.org - Rural Based Sound\/Media Arts &amp; Social Research","og:type":"article","og:title":"Instala\u00e7\u00e3o de Ma\u00edra Ortins inaugura no Museu do Linho de V\u00e1rzea de Calde - binauralmedia.org","og:description":"A MENINA DO RIO Instala\u00e7\u00e3o multim\u00e9dia interativa De Ma\u00edra Ortins 5 abril \u2013 4 maio 2025 Inaugura\u00e7\u00e3o: 5 abril de 2025 \u00e0s 15h00 Museu do Linho de V\u00e1rzea de Calde (Viseu) Uma produ\u00e7\u00e3o da Binaural Nodar, em parceria com o munic\u00edpio de Viseu e com a Junta de Freguesia de Calde, contando com apoio institucional","og:url":"https:\/\/www.binauralmedia.org\/news\/arquivo\/23450","article:published_time":"2025-03-30T15:42:52+00:00","article:modified_time":"2025-03-30T15:45:08+00:00","twitter:card":"summary_large_image","twitter:title":"Instala\u00e7\u00e3o de Ma\u00edra Ortins inaugura no Museu do Linho de V\u00e1rzea de Calde - binauralmedia.org","twitter:description":"A MENINA DO RIO Instala\u00e7\u00e3o multim\u00e9dia interativa De Ma\u00edra Ortins 5 abril \u2013 4 maio 2025 Inaugura\u00e7\u00e3o: 5 abril de 2025 \u00e0s 15h00 Museu do Linho de V\u00e1rzea de Calde (Viseu) Uma produ\u00e7\u00e3o da Binaural Nodar, em parceria com o munic\u00edpio de Viseu e com a Junta de Freguesia de Calde, contando com apoio institucional"},"aioseo_meta_data":{"post_id":"23450","title":null,"description":null,"keywords":null,"keyphrases":null,"primary_term":null,"canonical_url":null,"og_title":null,"og_description":null,"og_object_type":"default","og_image_type":"default","og_image_custom_url":null,"og_image_custom_fields":null,"og_image_url":null,"og_image_width":null,"og_image_height":null,"og_video":null,"og_custom_url":null,"og_article_section":null,"og_article_tags":null,"twitter_use_og":false,"twitter_card":"default","twitter_image_type":"default","twitter_image_custom_url":null,"twitter_image_custom_fields":null,"twitter_image_url":null,"twitter_title":null,"twitter_description":null,"schema_type":"default","schema_type_options":null,"schema":{"blockGraphs":[],"customGraphs":[],"default":{"data":{"Article":[],"Course":[],"Dataset":[],"FAQPage":[],"Movie":[],"Person":[],"Product":[],"ProductReview":[],"Car":[],"Recipe":[],"Service":[],"SoftwareApplication":[],"WebPage":[]},"graphName":"","isEnabled":true},"graphs":[]},"pillar_content":false,"robots_default":true,"robots_noindex":false,"robots_noarchive":false,"robots_nosnippet":false,"robots_nofollow":false,"robots_noimageindex":false,"robots_noodp":false,"robots_notranslate":false,"robots_max_snippet":null,"robots_max_videopreview":null,"robots_max_imagepreview":"large","priority":null,"frequency":null,"local_seo":null,"limit_modified_date":false,"ai":null,"breadcrumb_settings":null,"seo_analyzer_scan_date":null,"created":"2026-08-05 07:55:06","updated":"2026-08-05 07:55:06","focus_keyword":null,"additional_keywords":null,"truseo_locale":null},"aioseo_breadcrumb":"<div class=\"aioseo-breadcrumbs\"><span class=\"aioseo-breadcrumb\">\n\t\t\t<a href=\"https:\/\/www.binauralmedia.org\/news\" title=\"Home\">Home<\/a>\n\t\t<\/span><span class=\"aioseo-breadcrumb-separator\">&raquo;<\/span><span class=\"aioseo-breadcrumb\">\n\t\t\t<a href=\"https:\/\/www.binauralmedia.org\/news\/arquivo\/category\/news\" title=\"Not\u00edcias\">Not\u00edcias<\/a>\n\t\t<\/span><span class=\"aioseo-breadcrumb-separator\">&raquo;<\/span><span class=\"aioseo-breadcrumb\">\n\t\t\tInstala\u00e7\u00e3o de Ma\u00edra Ortins inaugura no Museu do Linho de V\u00e1rzea de Calde\n\t\t<\/span><\/div>","aioseo_breadcrumb_json":[{"label":"Home","link":"https:\/\/www.binauralmedia.org\/news"},{"label":"Not\u00edcias","link":"https:\/\/www.binauralmedia.org\/news\/arquivo\/category\/news"},{"label":"Instala\u00e7\u00e3o de Ma\u00edra Ortins inaugura no Museu do Linho de V\u00e1rzea de Calde","link":"https:\/\/www.binauralmedia.org\/news\/arquivo\/23450"}],"_links":{"self":[{"href":"https:\/\/www.binauralmedia.org\/news\/wp-json\/wp\/v2\/posts\/23450","targetHints":{"allow":["GET"]}}],"collection":[{"href":"https:\/\/www.binauralmedia.org\/news\/wp-json\/wp\/v2\/posts"}],"about":[{"href":"https:\/\/www.binauralmedia.org\/news\/wp-json\/wp\/v2\/types\/post"}],"author":[{"embeddable":true,"href":"https:\/\/www.binauralmedia.org\/news\/wp-json\/wp\/v2\/users\/2"}],"replies":[{"embeddable":true,"href":"https:\/\/www.binauralmedia.org\/news\/wp-json\/wp\/v2\/comments?post=23450"}],"version-history":[{"count":2,"href":"https:\/\/www.binauralmedia.org\/news\/wp-json\/wp\/v2\/posts\/23450\/revisions"}],"predecessor-version":[{"id":23456,"href":"https:\/\/www.binauralmedia.org\/news\/wp-json\/wp\/v2\/posts\/23450\/revisions\/23456"}],"wp:featuredmedia":[{"embeddable":true,"href":"https:\/\/www.binauralmedia.org\/news\/wp-json\/wp\/v2\/media\/23451"}],"wp:attachment":[{"href":"https:\/\/www.binauralmedia.org\/news\/wp-json\/wp\/v2\/media?parent=23450"}],"wp:term":[{"taxonomy":"category","embeddable":true,"href":"https:\/\/www.binauralmedia.org\/news\/wp-json\/wp\/v2\/categories?post=23450"},{"taxonomy":"post_tag","embeddable":true,"href":"https:\/\/www.binauralmedia.org\/news\/wp-json\/wp\/v2\/tags?post=23450"}],"curies":[{"name":"wp","href":"https:\/\/api.w.org\/{rel}","templated":true}]}}