{"id":22858,"date":"2025-01-07T15:56:49","date_gmt":"2025-01-07T15:56:49","guid":{"rendered":"https:\/\/www.binauralmedia.org\/news\/arquivo\/22858"},"modified":"2025-01-08T12:51:08","modified_gmt":"2025-01-08T12:51:08","slug":"artist-and-researcher-maya-mccollum-crosses-sound-creation-and-textile-traditions","status":"publish","type":"post","link":"https:\/\/www.binauralmedia.org\/news\/arquivo\/22858","title":{"rendered":"Artista e investigadora Maya McCollum entrela\u00e7a a cria\u00e7\u00e3o sonora com as tradi\u00e7\u00f5es t\u00eaxteis"},"content":{"rendered":"<div class=\"fusion-fullwidth fullwidth-box fusion-builder-row-1 fusion-flex-container nonhundred-percent-fullwidth non-hundred-percent-height-scrolling\" style=\"--awb-border-radius-top-left:0px;--awb-border-radius-top-right:0px;--awb-border-radius-bottom-right:0px;--awb-border-radius-bottom-left:0px;--awb-flex-wrap:wrap;\" ><div class=\"fusion-builder-row fusion-row fusion-flex-align-items-flex-start fusion-flex-content-wrap\" style=\"max-width:1144px;margin-left: calc(-4% \/ 2 );margin-right: calc(-4% \/ 2 );\"><div class=\"fusion-layout-column fusion_builder_column fusion-builder-column-0 fusion_builder_column_1_1 1_1 fusion-flex-column\" style=\"--awb-bg-size:cover;--awb-width-large:100%;--awb-margin-top-large:0px;--awb-spacing-right-large:1.92%;--awb-margin-bottom-large:0px;--awb-spacing-left-large:1.92%;--awb-width-medium:100%;--awb-spacing-right-medium:1.92%;--awb-spacing-left-medium:1.92%;--awb-width-small:100%;--awb-spacing-right-small:1.92%;--awb-spacing-left-small:1.92%;\"><div class=\"fusion-column-wrapper fusion-flex-justify-content-flex-start fusion-content-layout-column\"><div class=\"fusion-text fusion-text-1\"><p><strong>Tecendo o Som: Arte Interdisciplinar numa Paisagem em Evolu\u00e7\u00e3o<\/strong><br \/>\nUma resid\u00eancia de investiga\u00e7\u00e3o com Maya McCollum<br \/>\n20 de janeiro &#8211; 22 de fevereiro 2025<br \/>\nV\u00e1rzea de Calde (Viseu, Portugal)<\/p>\n<p>Uma resid\u00eancia organizada pela Binaural Nodar com o apoio local do Munic\u00edpio de Viseu e da Junta de Freguesia de Calde e co-financiada por uma bolsa de estudo Thomas J. Watson.<\/p>\n<p>Maya McCollum ser\u00e1 acolhida pela Binaural Nodar na aldeia de V\u00e1rzea de Calde, no contexto de uma bolsa Thomas J. Watson, para trabalhar com som, tradi\u00e7\u00f5es de artesanato t\u00eaxtil e tecnologias contempor\u00e2neas, de forma a reimaginar uma produ\u00e7\u00e3o local sustent\u00e1vel em termos ambientais, em contextos de altera\u00e7\u00f5es clim\u00e1ticas e de industrializa\u00e7\u00e3o. Maya procura, nomeadamente, aprender como os artistas se envolvem com as comunidades e as suas hist\u00f3rias de forma mutuamente ben\u00e9fica, enriquecendo quer a comunidade quer o processo de cria\u00e7\u00e3o art\u00edstica.<\/p>\n<p>Maya McCollum \u00e9 uma artista sonora e investigadora dos EUA, que estuda atualmente a intersec\u00e7\u00e3o entre o artesanato t\u00eaxtil tradicional e as tecnologias contempor\u00e2neas de escuta e\/ou sonoras. No contexto das modalidades de artes t\u00eaxteis e de grava\u00e7\u00e3o de campo, a recolha, tanto sonora como material, tem a capacidade de nos ajudar a formar diferentes entendimentos sobre os lugares, atrav\u00e9s de abordagens multissensoriais, da observa\u00e7\u00e3o e da intimidade. A pr\u00e1tica de Maya utiliza frequentemente uma combina\u00e7\u00e3o entre anima\u00e7\u00e3o, video-mapping, performance e t\u00e9cnicas escult\u00f3ricas, explorando a forma como as nossas pr\u00e1ticas tecnol\u00f3gicas e materiais foram impressas nas paisagens \u00e0 nossa volta, gravando as hist\u00f3rias coletivas enraizadas e formando uma mem\u00f3ria da pr\u00f3pria presen\u00e7a art\u00edstica.<\/p>\n<\/div><\/div><\/div><\/div><\/div>\n","protected":false},"excerpt":{"rendered":"","protected":false},"author":2,"featured_media":22856,"comment_status":"closed","ping_status":"closed","sticky":false,"template":"","format":"standard","meta":{"_acf_changed":false,"_bbp_topic_count":0,"_bbp_reply_count":0,"_bbp_total_topic_count":0,"_bbp_total_reply_count":0,"_bbp_voice_count":0,"_bbp_anonymous_reply_count":0,"_bbp_topic_count_hidden":0,"_bbp_reply_count_hidden":0,"_bbp_forum_subforum_count":0,"footnotes":""},"categories":[676],"tags":[],"class_list":["post-22858","post","type-post","status-publish","format-standard","has-post-thumbnail","hentry","category-artist-residencies"],"acf":[],"aioseo_notices":[],"aioseo_head":"\n\t\t<!-- All in One SEO 5.0.1.1 - aioseo.com -->\n\t<meta name=\"description\" content=\"Tecendo o Som: Arte Interdisciplinar numa Paisagem em Evolu\u00e7\u00e3o Uma resid\u00eancia de investiga\u00e7\u00e3o com Maya McCollum 20 de janeiro \u2013 22 de fevereiro 2025 V\u00e1rzea de Calde (Viseu, Portugal) Uma resid\u00eancia organizada pela Binaural Nodar com o apoio local do Munic\u00edpio de Viseu e da Junta de Freguesia de Calde e co-financiada por uma bolsa\" \/>\n\t<meta name=\"robots\" content=\"max-image-preview:large\" \/>\n\t<meta name=\"author\" content=\"luiscosta\"\/>\n\t<link rel=\"canonical\" href=\"https:\/\/www.binauralmedia.org\/news\/arquivo\/22858\" \/>\n\t<meta name=\"generator\" content=\"All in One SEO (AIOSEO) 5.0.1.1\" \/>\n\t\t<meta property=\"og:locale\" content=\"pt_PT\" \/>\n\t\t<meta property=\"og:site_name\" content=\"binauralmedia.org - Rural Based Sound\/Media Arts &amp; Social Research\" \/>\n\t\t<meta property=\"og:type\" content=\"article\" \/>\n\t\t<meta property=\"og:title\" content=\"Artista e investigadora Maya McCollum entrela\u00e7a a cria\u00e7\u00e3o sonora com as tradi\u00e7\u00f5es t\u00eaxteis - binauralmedia.org\" \/>\n\t\t<meta property=\"og:description\" content=\"Tecendo o Som: Arte Interdisciplinar numa Paisagem em Evolu\u00e7\u00e3o Uma resid\u00eancia de investiga\u00e7\u00e3o com Maya McCollum 20 de janeiro \u2013 22 de fevereiro 2025 V\u00e1rzea de Calde (Viseu, Portugal) Uma resid\u00eancia organizada pela Binaural Nodar com o apoio local do Munic\u00edpio de Viseu e da Junta de Freguesia de Calde e co-financiada por uma bolsa\" \/>\n\t\t<meta property=\"og:url\" content=\"https:\/\/www.binauralmedia.org\/news\/arquivo\/22858\" \/>\n\t\t<meta property=\"article:published_time\" content=\"2025-01-07T15:56:49+00:00\" \/>\n\t\t<meta property=\"article:modified_time\" content=\"2025-01-08T12:51:08+00:00\" \/>\n\t\t<meta name=\"twitter:card\" content=\"summary_large_image\" \/>\n\t\t<meta name=\"twitter:title\" content=\"Artista e investigadora Maya McCollum entrela\u00e7a a cria\u00e7\u00e3o sonora com as tradi\u00e7\u00f5es t\u00eaxteis - binauralmedia.org\" \/>\n\t\t<meta name=\"twitter:description\" content=\"Tecendo o Som: Arte Interdisciplinar numa Paisagem em Evolu\u00e7\u00e3o Uma resid\u00eancia de investiga\u00e7\u00e3o com Maya McCollum 20 de janeiro \u2013 22 de fevereiro 2025 V\u00e1rzea de Calde (Viseu, Portugal) Uma resid\u00eancia organizada pela Binaural Nodar com o apoio local do Munic\u00edpio de Viseu e da Junta de Freguesia de Calde e co-financiada por uma bolsa\" \/>\n\t\t<script type=\"application\/ld+json\" class=\"aioseo-schema\">\n\t\t\t{\"@context\":\"https:\\\/\\\/schema.org\",\"@graph\":[{\"@type\":\"BlogPosting\",\"@id\":\"https:\\\/\\\/www.binauralmedia.org\\\/news\\\/arquivo\\\/22858#blogposting\",\"name\":\"Artista e investigadora Maya McCollum entrela\\u00e7a a cria\\u00e7\\u00e3o sonora com as tradi\\u00e7\\u00f5es t\\u00eaxteis - binauralmedia.org\",\"headline\":\"Artista e investigadora Maya McCollum entrela\\u00e7a a cria\\u00e7\\u00e3o sonora com as tradi\\u00e7\\u00f5es t\\u00eaxteis\",\"author\":{\"@id\":\"https:\\\/\\\/www.binauralmedia.org\\\/news\\\/arquivo\\\/author\\\/luiscosta#author\"},\"publisher\":{\"@id\":\"https:\\\/\\\/www.binauralmedia.org\\\/news\\\/#organization\"},\"image\":{\"@type\":\"ImageObject\",\"url\":\"https:\\\/\\\/www.binauralmedia.org\\\/news\\\/wp-content\\\/uploads\\\/Weaving-Sound-new.jpg\",\"width\":1200,\"height\":800},\"datePublished\":\"2025-01-07T15:56:49+00:00\",\"dateModified\":\"2025-01-08T12:51:08+00:00\",\"inLanguage\":\"pt-PT\",\"mainEntityOfPage\":{\"@id\":\"https:\\\/\\\/www.binauralmedia.org\\\/news\\\/arquivo\\\/22858#webpage\"},\"isPartOf\":{\"@id\":\"https:\\\/\\\/www.binauralmedia.org\\\/news\\\/arquivo\\\/22858#webpage\"},\"articleSection\":\"Resid\\u00eancias Art\\u00edsticas, Opcional\"},{\"@type\":\"BreadcrumbList\",\"@id\":\"https:\\\/\\\/www.binauralmedia.org\\\/news\\\/arquivo\\\/22858#breadcrumblist\",\"itemListElement\":[{\"@type\":\"ListItem\",\"@id\":\"https:\\\/\\\/www.binauralmedia.org\\\/news#listItem\",\"position\":1,\"name\":\"Home\",\"item\":\"https:\\\/\\\/www.binauralmedia.org\\\/news\",\"nextItem\":{\"@type\":\"ListItem\",\"@id\":\"https:\\\/\\\/www.binauralmedia.org\\\/news\\\/arquivo\\\/category\\\/artist-residencies#listItem\",\"name\":\"Resid\\u00eancias Art\\u00edsticas\"}},{\"@type\":\"ListItem\",\"@id\":\"https:\\\/\\\/www.binauralmedia.org\\\/news\\\/arquivo\\\/category\\\/artist-residencies#listItem\",\"position\":2,\"name\":\"Resid\\u00eancias Art\\u00edsticas\",\"item\":\"https:\\\/\\\/www.binauralmedia.org\\\/news\\\/arquivo\\\/category\\\/artist-residencies\",\"nextItem\":{\"@type\":\"ListItem\",\"@id\":\"https:\\\/\\\/www.binauralmedia.org\\\/news\\\/arquivo\\\/22858#listItem\",\"name\":\"Artista e investigadora Maya McCollum entrela\\u00e7a a cria\\u00e7\\u00e3o sonora com as tradi\\u00e7\\u00f5es t\\u00eaxteis\"},\"previousItem\":{\"@type\":\"ListItem\",\"@id\":\"https:\\\/\\\/www.binauralmedia.org\\\/news#listItem\",\"name\":\"Home\"}},{\"@type\":\"ListItem\",\"@id\":\"https:\\\/\\\/www.binauralmedia.org\\\/news\\\/arquivo\\\/22858#listItem\",\"position\":3,\"name\":\"Artista e investigadora Maya McCollum entrela\\u00e7a a cria\\u00e7\\u00e3o sonora com as tradi\\u00e7\\u00f5es t\\u00eaxteis\",\"previousItem\":{\"@type\":\"ListItem\",\"@id\":\"https:\\\/\\\/www.binauralmedia.org\\\/news\\\/arquivo\\\/category\\\/artist-residencies#listItem\",\"name\":\"Resid\\u00eancias Art\\u00edsticas\"}}]},{\"@type\":\"Organization\",\"@id\":\"https:\\\/\\\/www.binauralmedia.org\\\/news\\\/#organization\",\"name\":\"binauralmedia.org\",\"description\":\"Rural Based Sound\\\/Media Arts & Social Research\",\"url\":\"https:\\\/\\\/www.binauralmedia.org\\\/news\\\/\"},{\"@type\":\"Person\",\"@id\":\"https:\\\/\\\/www.binauralmedia.org\\\/news\\\/arquivo\\\/author\\\/luiscosta#author\",\"url\":\"https:\\\/\\\/www.binauralmedia.org\\\/news\\\/arquivo\\\/author\\\/luiscosta\",\"name\":\"luiscosta\"},{\"@type\":\"WebPage\",\"@id\":\"https:\\\/\\\/www.binauralmedia.org\\\/news\\\/arquivo\\\/22858#webpage\",\"url\":\"https:\\\/\\\/www.binauralmedia.org\\\/news\\\/arquivo\\\/22858\",\"name\":\"Artista e investigadora Maya McCollum entrela\\u00e7a a cria\\u00e7\\u00e3o sonora com as tradi\\u00e7\\u00f5es t\\u00eaxteis - binauralmedia.org\",\"description\":\"Tecendo o Som: Arte Interdisciplinar numa Paisagem em Evolu\\u00e7\\u00e3o Uma resid\\u00eancia de investiga\\u00e7\\u00e3o com Maya McCollum 20 de janeiro \\u2013 22 de fevereiro 2025 V\\u00e1rzea de Calde (Viseu, Portugal) Uma resid\\u00eancia organizada pela Binaural Nodar com o apoio local do Munic\\u00edpio de Viseu e da Junta de Freguesia de Calde e co-financiada por uma bolsa\",\"inLanguage\":\"pt-PT\",\"isPartOf\":{\"@id\":\"https:\\\/\\\/www.binauralmedia.org\\\/news\\\/#website\"},\"breadcrumb\":{\"@id\":\"https:\\\/\\\/www.binauralmedia.org\\\/news\\\/arquivo\\\/22858#breadcrumblist\"},\"author\":{\"@id\":\"https:\\\/\\\/www.binauralmedia.org\\\/news\\\/arquivo\\\/author\\\/luiscosta#author\"},\"creator\":{\"@id\":\"https:\\\/\\\/www.binauralmedia.org\\\/news\\\/arquivo\\\/author\\\/luiscosta#author\"},\"image\":{\"@type\":\"ImageObject\",\"url\":\"https:\\\/\\\/www.binauralmedia.org\\\/news\\\/wp-content\\\/uploads\\\/Weaving-Sound-new.jpg\",\"@id\":\"https:\\\/\\\/www.binauralmedia.org\\\/news\\\/arquivo\\\/22858\\\/#mainImage\",\"width\":1200,\"height\":800},\"primaryImageOfPage\":{\"@id\":\"https:\\\/\\\/www.binauralmedia.org\\\/news\\\/arquivo\\\/22858#mainImage\"},\"datePublished\":\"2025-01-07T15:56:49+00:00\",\"dateModified\":\"2025-01-08T12:51:08+00:00\"},{\"@type\":\"WebSite\",\"@id\":\"https:\\\/\\\/www.binauralmedia.org\\\/news\\\/#website\",\"url\":\"https:\\\/\\\/www.binauralmedia.org\\\/news\\\/\",\"name\":\"binauralmedia.org\",\"description\":\"Rural Based Sound\\\/Media Arts & Social Research\",\"inLanguage\":\"pt-PT\",\"publisher\":{\"@id\":\"https:\\\/\\\/www.binauralmedia.org\\\/news\\\/#organization\"}}]}\n\t\t<\/script>\n\t\t<!-- All in One SEO -->\n\n","aioseo_head_json":{"title":"Artista e investigadora Maya McCollum entrela\u00e7a a cria\u00e7\u00e3o sonora com as tradi\u00e7\u00f5es t\u00eaxteis - binauralmedia.org","description":"Tecendo o Som: Arte Interdisciplinar numa Paisagem em Evolu\u00e7\u00e3o Uma resid\u00eancia de investiga\u00e7\u00e3o com Maya McCollum 20 de janeiro \u2013 22 de fevereiro 2025 V\u00e1rzea de Calde (Viseu, Portugal) Uma resid\u00eancia organizada pela Binaural Nodar com o apoio local do Munic\u00edpio de Viseu e da Junta de Freguesia de Calde e co-financiada por uma bolsa","canonical_url":"https:\/\/www.binauralmedia.org\/news\/arquivo\/22858","robots":"max-image-preview:large","keywords":"","webmasterTools":{"miscellaneous":""},"schema":{"@context":"https:\/\/schema.org","@graph":[{"@type":"BlogPosting","@id":"https:\/\/www.binauralmedia.org\/news\/arquivo\/22858#blogposting","name":"Artista e investigadora Maya McCollum entrela\u00e7a a cria\u00e7\u00e3o sonora com as tradi\u00e7\u00f5es t\u00eaxteis - binauralmedia.org","headline":"Artista e investigadora Maya McCollum entrela\u00e7a a cria\u00e7\u00e3o sonora com as tradi\u00e7\u00f5es t\u00eaxteis","author":{"@id":"https:\/\/www.binauralmedia.org\/news\/arquivo\/author\/luiscosta#author"},"publisher":{"@id":"https:\/\/www.binauralmedia.org\/news\/#organization"},"image":{"@type":"ImageObject","url":"https:\/\/www.binauralmedia.org\/news\/wp-content\/uploads\/Weaving-Sound-new.jpg","width":1200,"height":800},"datePublished":"2025-01-07T15:56:49+00:00","dateModified":"2025-01-08T12:51:08+00:00","inLanguage":"pt-PT","mainEntityOfPage":{"@id":"https:\/\/www.binauralmedia.org\/news\/arquivo\/22858#webpage"},"isPartOf":{"@id":"https:\/\/www.binauralmedia.org\/news\/arquivo\/22858#webpage"},"articleSection":"Resid\u00eancias Art\u00edsticas, Opcional"},{"@type":"BreadcrumbList","@id":"https:\/\/www.binauralmedia.org\/news\/arquivo\/22858#breadcrumblist","itemListElement":[{"@type":"ListItem","@id":"https:\/\/www.binauralmedia.org\/news#listItem","position":1,"name":"Home","item":"https:\/\/www.binauralmedia.org\/news","nextItem":{"@type":"ListItem","@id":"https:\/\/www.binauralmedia.org\/news\/arquivo\/category\/artist-residencies#listItem","name":"Resid\u00eancias Art\u00edsticas"}},{"@type":"ListItem","@id":"https:\/\/www.binauralmedia.org\/news\/arquivo\/category\/artist-residencies#listItem","position":2,"name":"Resid\u00eancias Art\u00edsticas","item":"https:\/\/www.binauralmedia.org\/news\/arquivo\/category\/artist-residencies","nextItem":{"@type":"ListItem","@id":"https:\/\/www.binauralmedia.org\/news\/arquivo\/22858#listItem","name":"Artista e investigadora Maya McCollum entrela\u00e7a a cria\u00e7\u00e3o sonora com as tradi\u00e7\u00f5es t\u00eaxteis"},"previousItem":{"@type":"ListItem","@id":"https:\/\/www.binauralmedia.org\/news#listItem","name":"Home"}},{"@type":"ListItem","@id":"https:\/\/www.binauralmedia.org\/news\/arquivo\/22858#listItem","position":3,"name":"Artista e investigadora Maya McCollum entrela\u00e7a a cria\u00e7\u00e3o sonora com as tradi\u00e7\u00f5es t\u00eaxteis","previousItem":{"@type":"ListItem","@id":"https:\/\/www.binauralmedia.org\/news\/arquivo\/category\/artist-residencies#listItem","name":"Resid\u00eancias Art\u00edsticas"}}]},{"@type":"Organization","@id":"https:\/\/www.binauralmedia.org\/news\/#organization","name":"binauralmedia.org","description":"Rural Based Sound\/Media Arts & Social Research","url":"https:\/\/www.binauralmedia.org\/news\/"},{"@type":"Person","@id":"https:\/\/www.binauralmedia.org\/news\/arquivo\/author\/luiscosta#author","url":"https:\/\/www.binauralmedia.org\/news\/arquivo\/author\/luiscosta","name":"luiscosta"},{"@type":"WebPage","@id":"https:\/\/www.binauralmedia.org\/news\/arquivo\/22858#webpage","url":"https:\/\/www.binauralmedia.org\/news\/arquivo\/22858","name":"Artista e investigadora Maya McCollum entrela\u00e7a a cria\u00e7\u00e3o sonora com as tradi\u00e7\u00f5es t\u00eaxteis - binauralmedia.org","description":"Tecendo o Som: Arte Interdisciplinar numa Paisagem em Evolu\u00e7\u00e3o Uma resid\u00eancia de investiga\u00e7\u00e3o com Maya McCollum 20 de janeiro \u2013 22 de fevereiro 2025 V\u00e1rzea de Calde (Viseu, Portugal) Uma resid\u00eancia organizada pela Binaural Nodar com o apoio local do Munic\u00edpio de Viseu e da Junta de Freguesia de Calde e co-financiada por uma bolsa","inLanguage":"pt-PT","isPartOf":{"@id":"https:\/\/www.binauralmedia.org\/news\/#website"},"breadcrumb":{"@id":"https:\/\/www.binauralmedia.org\/news\/arquivo\/22858#breadcrumblist"},"author":{"@id":"https:\/\/www.binauralmedia.org\/news\/arquivo\/author\/luiscosta#author"},"creator":{"@id":"https:\/\/www.binauralmedia.org\/news\/arquivo\/author\/luiscosta#author"},"image":{"@type":"ImageObject","url":"https:\/\/www.binauralmedia.org\/news\/wp-content\/uploads\/Weaving-Sound-new.jpg","@id":"https:\/\/www.binauralmedia.org\/news\/arquivo\/22858\/#mainImage","width":1200,"height":800},"primaryImageOfPage":{"@id":"https:\/\/www.binauralmedia.org\/news\/arquivo\/22858#mainImage"},"datePublished":"2025-01-07T15:56:49+00:00","dateModified":"2025-01-08T12:51:08+00:00"},{"@type":"WebSite","@id":"https:\/\/www.binauralmedia.org\/news\/#website","url":"https:\/\/www.binauralmedia.org\/news\/","name":"binauralmedia.org","description":"Rural Based Sound\/Media Arts & Social Research","inLanguage":"pt-PT","publisher":{"@id":"https:\/\/www.binauralmedia.org\/news\/#organization"}}]},"og:locale":"pt_PT","og:site_name":"binauralmedia.org - Rural Based Sound\/Media Arts &amp; Social Research","og:type":"article","og:title":"Artista e investigadora Maya McCollum entrela\u00e7a a cria\u00e7\u00e3o sonora com as tradi\u00e7\u00f5es t\u00eaxteis - binauralmedia.org","og:description":"Tecendo o Som: Arte Interdisciplinar numa Paisagem em Evolu\u00e7\u00e3o Uma resid\u00eancia de investiga\u00e7\u00e3o com Maya McCollum 20 de janeiro \u2013 22 de fevereiro 2025 V\u00e1rzea de Calde (Viseu, Portugal) Uma resid\u00eancia organizada pela Binaural Nodar com o apoio local do Munic\u00edpio de Viseu e da Junta de Freguesia de Calde e co-financiada por uma bolsa","og:url":"https:\/\/www.binauralmedia.org\/news\/arquivo\/22858","article:published_time":"2025-01-07T15:56:49+00:00","article:modified_time":"2025-01-08T12:51:08+00:00","twitter:card":"summary_large_image","twitter:title":"Artista e investigadora Maya McCollum entrela\u00e7a a cria\u00e7\u00e3o sonora com as tradi\u00e7\u00f5es t\u00eaxteis - binauralmedia.org","twitter:description":"Tecendo o Som: Arte Interdisciplinar numa Paisagem em Evolu\u00e7\u00e3o Uma resid\u00eancia de investiga\u00e7\u00e3o com Maya McCollum 20 de janeiro \u2013 22 de fevereiro 2025 V\u00e1rzea de Calde (Viseu, Portugal) Uma resid\u00eancia organizada pela Binaural Nodar com o apoio local do Munic\u00edpio de Viseu e da Junta de Freguesia de Calde e co-financiada por uma bolsa"},"aioseo_meta_data":{"post_id":"22858","title":null,"description":null,"keywords":null,"keyphrases":null,"primary_term":null,"canonical_url":null,"og_title":null,"og_description":null,"og_object_type":"default","og_image_type":"default","og_image_custom_url":null,"og_image_custom_fields":null,"og_image_url":null,"og_image_width":null,"og_image_height":null,"og_video":null,"og_custom_url":null,"og_article_section":null,"og_article_tags":null,"twitter_use_og":false,"twitter_card":"default","twitter_image_type":"default","twitter_image_custom_url":null,"twitter_image_custom_fields":null,"twitter_image_url":null,"twitter_title":null,"twitter_description":null,"schema_type":"default","schema_type_options":null,"schema":{"blockGraphs":[],"customGraphs":[],"default":{"data":{"Article":[],"Course":[],"Dataset":[],"FAQPage":[],"Movie":[],"Person":[],"Product":[],"ProductReview":[],"Car":[],"Recipe":[],"Service":[],"SoftwareApplication":[],"WebPage":[]},"graphName":"","isEnabled":true},"graphs":[]},"pillar_content":false,"robots_default":true,"robots_noindex":false,"robots_noarchive":false,"robots_nosnippet":false,"robots_nofollow":false,"robots_noimageindex":false,"robots_noodp":false,"robots_notranslate":false,"robots_max_snippet":null,"robots_max_videopreview":null,"robots_max_imagepreview":"large","priority":null,"frequency":null,"local_seo":null,"limit_modified_date":false,"ai":null,"breadcrumb_settings":null,"seo_analyzer_scan_date":null,"created":"2026-08-05 07:51:08","updated":"2026-08-05 07:51:08","focus_keyword":null,"additional_keywords":null,"truseo_locale":null},"aioseo_breadcrumb":"<div class=\"aioseo-breadcrumbs\"><span class=\"aioseo-breadcrumb\">\n\t\t\t<a href=\"https:\/\/www.binauralmedia.org\/news\" title=\"Home\">Home<\/a>\n\t\t<\/span><span class=\"aioseo-breadcrumb-separator\">&raquo;<\/span><span class=\"aioseo-breadcrumb\">\n\t\t\t<a href=\"https:\/\/www.binauralmedia.org\/news\/arquivo\/category\/artist-residencies\" title=\"Resid\u00eancias Art\u00edsticas\">Resid\u00eancias Art\u00edsticas<\/a>\n\t\t<\/span><span class=\"aioseo-breadcrumb-separator\">&raquo;<\/span><span class=\"aioseo-breadcrumb\">\n\t\t\tArtista e investigadora Maya McCollum entrela\u00e7a a cria\u00e7\u00e3o sonora com as tradi\u00e7\u00f5es t\u00eaxteis\n\t\t<\/span><\/div>","aioseo_breadcrumb_json":[{"label":"Home","link":"https:\/\/www.binauralmedia.org\/news"},{"label":"Resid\u00eancias Art\u00edsticas","link":"https:\/\/www.binauralmedia.org\/news\/arquivo\/category\/artist-residencies"},{"label":"Artista e investigadora Maya McCollum entrela\u00e7a a cria\u00e7\u00e3o sonora com as tradi\u00e7\u00f5es t\u00eaxteis","link":"https:\/\/www.binauralmedia.org\/news\/arquivo\/22858"}],"_links":{"self":[{"href":"https:\/\/www.binauralmedia.org\/news\/wp-json\/wp\/v2\/posts\/22858","targetHints":{"allow":["GET"]}}],"collection":[{"href":"https:\/\/www.binauralmedia.org\/news\/wp-json\/wp\/v2\/posts"}],"about":[{"href":"https:\/\/www.binauralmedia.org\/news\/wp-json\/wp\/v2\/types\/post"}],"author":[{"embeddable":true,"href":"https:\/\/www.binauralmedia.org\/news\/wp-json\/wp\/v2\/users\/2"}],"replies":[{"embeddable":true,"href":"https:\/\/www.binauralmedia.org\/news\/wp-json\/wp\/v2\/comments?post=22858"}],"version-history":[{"count":3,"href":"https:\/\/www.binauralmedia.org\/news\/wp-json\/wp\/v2\/posts\/22858\/revisions"}],"predecessor-version":[{"id":22868,"href":"https:\/\/www.binauralmedia.org\/news\/wp-json\/wp\/v2\/posts\/22858\/revisions\/22868"}],"wp:featuredmedia":[{"embeddable":true,"href":"https:\/\/www.binauralmedia.org\/news\/wp-json\/wp\/v2\/media\/22856"}],"wp:attachment":[{"href":"https:\/\/www.binauralmedia.org\/news\/wp-json\/wp\/v2\/media?parent=22858"}],"wp:term":[{"taxonomy":"category","embeddable":true,"href":"https:\/\/www.binauralmedia.org\/news\/wp-json\/wp\/v2\/categories?post=22858"},{"taxonomy":"post_tag","embeddable":true,"href":"https:\/\/www.binauralmedia.org\/news\/wp-json\/wp\/v2\/tags?post=22858"}],"curies":[{"name":"wp","href":"https:\/\/api.w.org\/{rel}","templated":true}]}}