{"id":22573,"date":"2024-12-05T19:46:14","date_gmt":"2024-12-05T19:46:14","guid":{"rendered":"https:\/\/www.binauralmedia.org\/news?p=22573"},"modified":"2025-01-06T12:58:28","modified_gmt":"2025-01-06T12:58:28","slug":"mal-de-ulisses-um-atelie-dramaturgico-de-rui-catalao","status":"publish","type":"post","link":"https:\/\/www.binauralmedia.org\/news\/arquivo\/22573","title":{"rendered":"\u201cMal de Ulisses\u201d um ateli\u00ea dramat\u00fargico de Rui Catal\u00e3o"},"content":{"rendered":"<p>MAL DE ULISSES<br \/>\nUma cria\u00e7\u00e3o de Rui Catal\u00e3o<\/p>\n<p>Ateli\u00ea dramat\u00fargico<br \/>\n9-13 dezembro 2024<br \/>\nCentro Municipal de Cultura de Castro Daire<\/p>\n<p>Uma coprodu\u00e7\u00e3o entre a Binaural Nodar e a Biblioteca Municipal de Castro Daire com apoio do Agrupamento de Escolas de Castro Daire e da EPMS &#8211; Escola Profissional Mariana Seixas.<\/p>\n<p>H\u00e1 uma nova popula\u00e7\u00e3o em crescimento acelerado na Europa, bem mais jovem do que a m\u00e9dia de idades da restante popula\u00e7\u00e3o europeia, e que tem uma viv\u00eancia distinta de paisagens que nos s\u00e3o familiares. Inspirado nas desventuras do her\u00f3i hom\u00e9rico, a s\u00edndrome de Ulisses, ou \u201cs\u00edndrome do emigrante com stress cr\u00f3nico e m\u00faltiplo\u201d, descreve o quadro severo que aflige imigrantes e refugiados. \u00c9 um termo cunhado pelo psiquiatra espanhol Joseba Achotegui para descrever o sentimento de perda associado ao processo de mudan\u00e7a de um lugar, com h\u00e1bitos e presen\u00e7as familiares, para outro onde tudo \u00e9 desconhecido.<\/p>\n<p>Partindo do conceito psiqui\u00e1trico de s\u00edndrome de Ulisses, e da sintomatologia que lhe est\u00e1 associada, a pesquisa teatral da cria\u00e7\u00e3o Mal de Ulisses incide em hist\u00f3rias de vida familiares, tendo por base testemunhos pessoais dessa experi\u00eancia. A recolha de material, recorrendo a entrevistas e depoimentos, visa definir textos sob a forma de mon\u00f3logos. No processo, s\u00e3o envolvidos no espet\u00e1culo pessoas de diversas comunidades migrantes. A op\u00e7\u00e3o por envolver int\u00e9rpretes com hist\u00f3rias de vida relacionadas com o tema, deve-se a valorizarmos a experi\u00eancia na primeira pessoa. O seu comportamento corporal, a sua mem\u00f3ria, a sua experi\u00eancia, s\u00e3o mat\u00e9rias importantes para o trabalho. Com uma grande aten\u00e7\u00e3o a aspetos identit\u00e1rios, que definem a cultura, o car\u00e1cter e as origens dos participantes, o trabalho est\u00e1 ancorado na dramaturgia: \u00e9 a partir de entrevistas que se define a dramaturgia da pe\u00e7a. Os entrevistados podem mesmo ser os int\u00e9rpretes das hist\u00f3rias. <\/p>\n<p>O ciclo de ateli\u00eas a desenvolver em Castro Daire seguir\u00e1 a seguinte metodologia: a partir de entrevistas realizadas para o desenvolvimento do espet\u00e1culo Mal de Ulisses, os participantes far\u00e3o exerc\u00edcios de leitura. Usando os telem\u00f3veis como suporte de leitura, exploram a dimens\u00e3o c\u00e9nica e coreogr\u00e1fica dos textos, assim como o processo de imers\u00e3o nas personagens que interpretam. <\/p>\n<p>Rui Catal\u00e3o:<\/p>\n<p>Articulando conceitos e g\u00e9neros teatrais como teatro-document\u00e1rio, teatro-jornalismo, teatro comunit\u00e1rio e teatro-autobiogr\u00e1fico, de que foi pioneiro, cruzando texto com movimenta\u00e7\u00e3o coreogr\u00e1fica, e improvisa\u00e7\u00e3o estruturada com fixa\u00e7\u00e3o de gestos espont\u00e2neos, Rui Catal\u00e3o envolve as comunidades onde interv\u00e9m no processo criativo, na produ\u00e7\u00e3o e divulga\u00e7\u00e3o dos espet\u00e1culos.  <\/p>\n<p>Rui Catal\u00e3o promove um modelo de trabalho estruturante para a comunidade envolvida: o grupo de trabalho deve tornar-se progressivamente aut\u00f3nomo com o avan\u00e7ar do projeto. A t\u00edtulo de exemplo: desde que em 2015 come\u00e7ou a trabalhar com habitantes da di\u00e1spora africana, no bairro do Vale da Amoreira, Rui Catal\u00e3o dirigiu sete pe\u00e7as baseadas nos relatos destas pessoas e do seu processo de adapta\u00e7\u00e3o. Entretanto, esse grupo autonomizou-se: a Artep\u00f3lon Associa\u00e7\u00e3o passou a produzir os seus espet\u00e1culos, dirigidos por Jo\u00e3ozinho da Costa, e a orientar nas escolas locais o workshop \u201cE agora faz tu\u201d concebido por Rui Catal\u00e3o. <\/p>\n<p>Ficha t\u00e9cnica:<\/p>\n<p>Concep\u00e7\u00e3o e direc\u00e7\u00e3o: Rui Catal\u00e3o<br \/>\nDirec\u00e7\u00e3o t\u00e9cnica: Jo\u00e3o Chic\u00f3<br \/>\nDirec\u00e7\u00e3o de Produ\u00e7\u00e3o: Marta Moreira<br \/>\nProdu\u00e7\u00e3o e Gest\u00e3o: Irreal<br \/>\nCoprodu\u00e7\u00e3o: Teatro Rivoli &#8211; Teatro Municipal do Porto; Festival Todos  &#8211; Caminhada de Culturas; Futurama; F\u00f3rum Cultural Jos\u00e9 Manuel Figueiredo\/Centro de Experimenta\u00e7\u00e3o Art\u00edstica; Teatro A Oficina; Binaural Nodar e Teatro das Figuras<br \/>\nApoio Institucional: Rep\u00fablica Portuguesa \u2013 Cultura \/ Dire\u00e7\u00e3o-Geral das Artes, Funda\u00e7\u00e3o GDA.<\/p>\n<p>A Binaural Nodar \u00e9 uma entidade apoiada pela Rep\u00fablica Portuguesa &#8211; Cultura | Dire\u00e7\u00e3o-Geral das Artes.<\/p>\n","protected":false},"excerpt":{"rendered":"<p>MAL DE ULISSES Uma cria\u00e7\u00e3o de Rui Catal\u00e3o Ateli\u00ea dramat\u00fargico  [&#8230;]<\/p>\n","protected":false},"author":8,"featured_media":22574,"comment_status":"closed","ping_status":"closed","sticky":false,"template":"","format":"standard","meta":{"_acf_changed":false,"_bbp_topic_count":0,"_bbp_reply_count":0,"_bbp_total_topic_count":0,"_bbp_total_reply_count":0,"_bbp_voice_count":0,"_bbp_anonymous_reply_count":0,"_bbp_topic_count_hidden":0,"_bbp_reply_count_hidden":0,"_bbp_forum_subforum_count":0,"footnotes":""},"categories":[1158,1,1159],"tags":[],"class_list":["post-22573","post","type-post","status-publish","format-standard","has-post-thumbnail","hentry","category-visual-sound-ethnograhpy","category-news","category-educational-programme"],"acf":[],"aioseo_notices":[],"aioseo_head":"\n\t\t<!-- All in One SEO 5.0.1.1 - aioseo.com -->\n\t<meta name=\"description\" content=\"MAL DE ULISSES Uma cria\u00e7\u00e3o de Rui Catal\u00e3o Ateli\u00ea dramat\u00fargico 9-13 dezembro 2024 Centro Municipal de Cultura de Castro Daire Uma coprodu\u00e7\u00e3o entre a Binaural Nodar e a Biblioteca Municipal de Castro Daire com apoio do Agrupamento de Escolas de Castro Daire e da EPMS - Escola Profissional Mariana Seixas. H\u00e1 uma nova popula\u00e7\u00e3o em\" \/>\n\t<meta name=\"robots\" content=\"max-image-preview:large\" \/>\n\t<meta name=\"author\" content=\"Nely Ferreira\"\/>\n\t<link rel=\"canonical\" href=\"https:\/\/www.binauralmedia.org\/news\/arquivo\/22573\" \/>\n\t<meta name=\"generator\" content=\"All in One SEO (AIOSEO) 5.0.1.1\" \/>\n\t\t<meta property=\"og:locale\" content=\"pt_PT\" \/>\n\t\t<meta property=\"og:site_name\" content=\"binauralmedia.org - Rural Based Sound\/Media Arts &amp; Social Research\" \/>\n\t\t<meta property=\"og:type\" content=\"article\" \/>\n\t\t<meta property=\"og:title\" content=\"\u201cMal de Ulisses\u201d um ateli\u00ea dramat\u00fargico de Rui Catal\u00e3o - binauralmedia.org\" \/>\n\t\t<meta property=\"og:description\" content=\"MAL DE ULISSES Uma cria\u00e7\u00e3o de Rui Catal\u00e3o Ateli\u00ea dramat\u00fargico 9-13 dezembro 2024 Centro Municipal de Cultura de Castro Daire Uma coprodu\u00e7\u00e3o entre a Binaural Nodar e a Biblioteca Municipal de Castro Daire com apoio do Agrupamento de Escolas de Castro Daire e da EPMS - Escola Profissional Mariana Seixas. H\u00e1 uma nova popula\u00e7\u00e3o em\" \/>\n\t\t<meta property=\"og:url\" content=\"https:\/\/www.binauralmedia.org\/news\/arquivo\/22573\" \/>\n\t\t<meta property=\"article:published_time\" content=\"2024-12-05T19:46:14+00:00\" \/>\n\t\t<meta property=\"article:modified_time\" content=\"2025-01-06T12:58:28+00:00\" \/>\n\t\t<meta name=\"twitter:card\" content=\"summary_large_image\" \/>\n\t\t<meta name=\"twitter:title\" content=\"\u201cMal de Ulisses\u201d um ateli\u00ea dramat\u00fargico de Rui Catal\u00e3o - binauralmedia.org\" \/>\n\t\t<meta name=\"twitter:description\" content=\"MAL DE ULISSES Uma cria\u00e7\u00e3o de Rui Catal\u00e3o Ateli\u00ea dramat\u00fargico 9-13 dezembro 2024 Centro Municipal de Cultura de Castro Daire Uma coprodu\u00e7\u00e3o entre a Binaural Nodar e a Biblioteca Municipal de Castro Daire com apoio do Agrupamento de Escolas de Castro Daire e da EPMS - Escola Profissional Mariana Seixas. H\u00e1 uma nova popula\u00e7\u00e3o em\" \/>\n\t\t<script type=\"application\/ld+json\" class=\"aioseo-schema\">\n\t\t\t{\"@context\":\"https:\\\/\\\/schema.org\",\"@graph\":[{\"@type\":\"BlogPosting\",\"@id\":\"https:\\\/\\\/www.binauralmedia.org\\\/news\\\/arquivo\\\/22573#blogposting\",\"name\":\"\\u201cMal de Ulisses\\u201d um ateli\\u00ea dramat\\u00fargico de Rui Catal\\u00e3o - binauralmedia.org\",\"headline\":\"\\u201cMal de Ulisses\\u201d um ateli\\u00ea dramat\\u00fargico de Rui Catal\\u00e3o\",\"author\":{\"@id\":\"https:\\\/\\\/www.binauralmedia.org\\\/news\\\/arquivo\\\/author\\\/nelyferreira#author\"},\"publisher\":{\"@id\":\"https:\\\/\\\/www.binauralmedia.org\\\/news\\\/#organization\"},\"image\":{\"@type\":\"ImageObject\",\"url\":\"https:\\\/\\\/www.binauralmedia.org\\\/news\\\/wp-content\\\/uploads\\\/Dgartes-Mal-de-Ulisses-Castro-Daire.jpg\",\"width\":1200,\"height\":800},\"datePublished\":\"2024-12-05T19:46:14+00:00\",\"dateModified\":\"2025-01-06T12:58:28+00:00\",\"inLanguage\":\"pt-PT\",\"mainEntityOfPage\":{\"@id\":\"https:\\\/\\\/www.binauralmedia.org\\\/news\\\/arquivo\\\/22573#webpage\"},\"isPartOf\":{\"@id\":\"https:\\\/\\\/www.binauralmedia.org\\\/news\\\/arquivo\\\/22573#webpage\"},\"articleSection\":\"Etnografia Sonora e Visual, Not\\u00edcias, Programa Educativo, Opcional\"},{\"@type\":\"BreadcrumbList\",\"@id\":\"https:\\\/\\\/www.binauralmedia.org\\\/news\\\/arquivo\\\/22573#breadcrumblist\",\"itemListElement\":[{\"@type\":\"ListItem\",\"@id\":\"https:\\\/\\\/www.binauralmedia.org\\\/news#listItem\",\"position\":1,\"name\":\"Home\",\"item\":\"https:\\\/\\\/www.binauralmedia.org\\\/news\",\"nextItem\":{\"@type\":\"ListItem\",\"@id\":\"https:\\\/\\\/www.binauralmedia.org\\\/news\\\/arquivo\\\/category\\\/news#listItem\",\"name\":\"Not\\u00edcias\"}},{\"@type\":\"ListItem\",\"@id\":\"https:\\\/\\\/www.binauralmedia.org\\\/news\\\/arquivo\\\/category\\\/news#listItem\",\"position\":2,\"name\":\"Not\\u00edcias\",\"item\":\"https:\\\/\\\/www.binauralmedia.org\\\/news\\\/arquivo\\\/category\\\/news\",\"nextItem\":{\"@type\":\"ListItem\",\"@id\":\"https:\\\/\\\/www.binauralmedia.org\\\/news\\\/arquivo\\\/22573#listItem\",\"name\":\"\\u201cMal de Ulisses\\u201d um ateli\\u00ea dramat\\u00fargico de Rui Catal\\u00e3o\"},\"previousItem\":{\"@type\":\"ListItem\",\"@id\":\"https:\\\/\\\/www.binauralmedia.org\\\/news#listItem\",\"name\":\"Home\"}},{\"@type\":\"ListItem\",\"@id\":\"https:\\\/\\\/www.binauralmedia.org\\\/news\\\/arquivo\\\/22573#listItem\",\"position\":3,\"name\":\"\\u201cMal de Ulisses\\u201d um ateli\\u00ea dramat\\u00fargico de Rui Catal\\u00e3o\",\"previousItem\":{\"@type\":\"ListItem\",\"@id\":\"https:\\\/\\\/www.binauralmedia.org\\\/news\\\/arquivo\\\/category\\\/news#listItem\",\"name\":\"Not\\u00edcias\"}}]},{\"@type\":\"Organization\",\"@id\":\"https:\\\/\\\/www.binauralmedia.org\\\/news\\\/#organization\",\"name\":\"binauralmedia.org\",\"description\":\"Rural Based Sound\\\/Media Arts & Social Research\",\"url\":\"https:\\\/\\\/www.binauralmedia.org\\\/news\\\/\"},{\"@type\":\"Person\",\"@id\":\"https:\\\/\\\/www.binauralmedia.org\\\/news\\\/arquivo\\\/author\\\/nelyferreira#author\",\"url\":\"https:\\\/\\\/www.binauralmedia.org\\\/news\\\/arquivo\\\/author\\\/nelyferreira\",\"name\":\"Nely Ferreira\"},{\"@type\":\"WebPage\",\"@id\":\"https:\\\/\\\/www.binauralmedia.org\\\/news\\\/arquivo\\\/22573#webpage\",\"url\":\"https:\\\/\\\/www.binauralmedia.org\\\/news\\\/arquivo\\\/22573\",\"name\":\"\\u201cMal de Ulisses\\u201d um ateli\\u00ea dramat\\u00fargico de Rui Catal\\u00e3o - binauralmedia.org\",\"description\":\"MAL DE ULISSES Uma cria\\u00e7\\u00e3o de Rui Catal\\u00e3o Ateli\\u00ea dramat\\u00fargico 9-13 dezembro 2024 Centro Municipal de Cultura de Castro Daire Uma coprodu\\u00e7\\u00e3o entre a Binaural Nodar e a Biblioteca Municipal de Castro Daire com apoio do Agrupamento de Escolas de Castro Daire e da EPMS - Escola Profissional Mariana Seixas. H\\u00e1 uma nova popula\\u00e7\\u00e3o em\",\"inLanguage\":\"pt-PT\",\"isPartOf\":{\"@id\":\"https:\\\/\\\/www.binauralmedia.org\\\/news\\\/#website\"},\"breadcrumb\":{\"@id\":\"https:\\\/\\\/www.binauralmedia.org\\\/news\\\/arquivo\\\/22573#breadcrumblist\"},\"author\":{\"@id\":\"https:\\\/\\\/www.binauralmedia.org\\\/news\\\/arquivo\\\/author\\\/nelyferreira#author\"},\"creator\":{\"@id\":\"https:\\\/\\\/www.binauralmedia.org\\\/news\\\/arquivo\\\/author\\\/nelyferreira#author\"},\"image\":{\"@type\":\"ImageObject\",\"url\":\"https:\\\/\\\/www.binauralmedia.org\\\/news\\\/wp-content\\\/uploads\\\/Dgartes-Mal-de-Ulisses-Castro-Daire.jpg\",\"@id\":\"https:\\\/\\\/www.binauralmedia.org\\\/news\\\/arquivo\\\/22573\\\/#mainImage\",\"width\":1200,\"height\":800},\"primaryImageOfPage\":{\"@id\":\"https:\\\/\\\/www.binauralmedia.org\\\/news\\\/arquivo\\\/22573#mainImage\"},\"datePublished\":\"2024-12-05T19:46:14+00:00\",\"dateModified\":\"2025-01-06T12:58:28+00:00\"},{\"@type\":\"WebSite\",\"@id\":\"https:\\\/\\\/www.binauralmedia.org\\\/news\\\/#website\",\"url\":\"https:\\\/\\\/www.binauralmedia.org\\\/news\\\/\",\"name\":\"binauralmedia.org\",\"description\":\"Rural Based Sound\\\/Media Arts & Social Research\",\"inLanguage\":\"pt-PT\",\"publisher\":{\"@id\":\"https:\\\/\\\/www.binauralmedia.org\\\/news\\\/#organization\"}}]}\n\t\t<\/script>\n\t\t<!-- All in One SEO -->\n\n","aioseo_head_json":{"title":"\u201cMal de Ulisses\u201d um ateli\u00ea dramat\u00fargico de Rui Catal\u00e3o - binauralmedia.org","description":"MAL DE ULISSES Uma cria\u00e7\u00e3o de Rui Catal\u00e3o Ateli\u00ea dramat\u00fargico 9-13 dezembro 2024 Centro Municipal de Cultura de Castro Daire Uma coprodu\u00e7\u00e3o entre a Binaural Nodar e a Biblioteca Municipal de Castro Daire com apoio do Agrupamento de Escolas de Castro Daire e da EPMS - Escola Profissional Mariana Seixas. H\u00e1 uma nova popula\u00e7\u00e3o em","canonical_url":"https:\/\/www.binauralmedia.org\/news\/arquivo\/22573","robots":"max-image-preview:large","keywords":"","webmasterTools":{"miscellaneous":""},"schema":{"@context":"https:\/\/schema.org","@graph":[{"@type":"BlogPosting","@id":"https:\/\/www.binauralmedia.org\/news\/arquivo\/22573#blogposting","name":"\u201cMal de Ulisses\u201d um ateli\u00ea dramat\u00fargico de Rui Catal\u00e3o - binauralmedia.org","headline":"\u201cMal de Ulisses\u201d um ateli\u00ea dramat\u00fargico de Rui Catal\u00e3o","author":{"@id":"https:\/\/www.binauralmedia.org\/news\/arquivo\/author\/nelyferreira#author"},"publisher":{"@id":"https:\/\/www.binauralmedia.org\/news\/#organization"},"image":{"@type":"ImageObject","url":"https:\/\/www.binauralmedia.org\/news\/wp-content\/uploads\/Dgartes-Mal-de-Ulisses-Castro-Daire.jpg","width":1200,"height":800},"datePublished":"2024-12-05T19:46:14+00:00","dateModified":"2025-01-06T12:58:28+00:00","inLanguage":"pt-PT","mainEntityOfPage":{"@id":"https:\/\/www.binauralmedia.org\/news\/arquivo\/22573#webpage"},"isPartOf":{"@id":"https:\/\/www.binauralmedia.org\/news\/arquivo\/22573#webpage"},"articleSection":"Etnografia Sonora e Visual, Not\u00edcias, Programa Educativo, Opcional"},{"@type":"BreadcrumbList","@id":"https:\/\/www.binauralmedia.org\/news\/arquivo\/22573#breadcrumblist","itemListElement":[{"@type":"ListItem","@id":"https:\/\/www.binauralmedia.org\/news#listItem","position":1,"name":"Home","item":"https:\/\/www.binauralmedia.org\/news","nextItem":{"@type":"ListItem","@id":"https:\/\/www.binauralmedia.org\/news\/arquivo\/category\/news#listItem","name":"Not\u00edcias"}},{"@type":"ListItem","@id":"https:\/\/www.binauralmedia.org\/news\/arquivo\/category\/news#listItem","position":2,"name":"Not\u00edcias","item":"https:\/\/www.binauralmedia.org\/news\/arquivo\/category\/news","nextItem":{"@type":"ListItem","@id":"https:\/\/www.binauralmedia.org\/news\/arquivo\/22573#listItem","name":"\u201cMal de Ulisses\u201d um ateli\u00ea dramat\u00fargico de Rui Catal\u00e3o"},"previousItem":{"@type":"ListItem","@id":"https:\/\/www.binauralmedia.org\/news#listItem","name":"Home"}},{"@type":"ListItem","@id":"https:\/\/www.binauralmedia.org\/news\/arquivo\/22573#listItem","position":3,"name":"\u201cMal de Ulisses\u201d um ateli\u00ea dramat\u00fargico de Rui Catal\u00e3o","previousItem":{"@type":"ListItem","@id":"https:\/\/www.binauralmedia.org\/news\/arquivo\/category\/news#listItem","name":"Not\u00edcias"}}]},{"@type":"Organization","@id":"https:\/\/www.binauralmedia.org\/news\/#organization","name":"binauralmedia.org","description":"Rural Based Sound\/Media Arts & Social Research","url":"https:\/\/www.binauralmedia.org\/news\/"},{"@type":"Person","@id":"https:\/\/www.binauralmedia.org\/news\/arquivo\/author\/nelyferreira#author","url":"https:\/\/www.binauralmedia.org\/news\/arquivo\/author\/nelyferreira","name":"Nely Ferreira"},{"@type":"WebPage","@id":"https:\/\/www.binauralmedia.org\/news\/arquivo\/22573#webpage","url":"https:\/\/www.binauralmedia.org\/news\/arquivo\/22573","name":"\u201cMal de Ulisses\u201d um ateli\u00ea dramat\u00fargico de Rui Catal\u00e3o - binauralmedia.org","description":"MAL DE ULISSES Uma cria\u00e7\u00e3o de Rui Catal\u00e3o Ateli\u00ea dramat\u00fargico 9-13 dezembro 2024 Centro Municipal de Cultura de Castro Daire Uma coprodu\u00e7\u00e3o entre a Binaural Nodar e a Biblioteca Municipal de Castro Daire com apoio do Agrupamento de Escolas de Castro Daire e da EPMS - Escola Profissional Mariana Seixas. H\u00e1 uma nova popula\u00e7\u00e3o em","inLanguage":"pt-PT","isPartOf":{"@id":"https:\/\/www.binauralmedia.org\/news\/#website"},"breadcrumb":{"@id":"https:\/\/www.binauralmedia.org\/news\/arquivo\/22573#breadcrumblist"},"author":{"@id":"https:\/\/www.binauralmedia.org\/news\/arquivo\/author\/nelyferreira#author"},"creator":{"@id":"https:\/\/www.binauralmedia.org\/news\/arquivo\/author\/nelyferreira#author"},"image":{"@type":"ImageObject","url":"https:\/\/www.binauralmedia.org\/news\/wp-content\/uploads\/Dgartes-Mal-de-Ulisses-Castro-Daire.jpg","@id":"https:\/\/www.binauralmedia.org\/news\/arquivo\/22573\/#mainImage","width":1200,"height":800},"primaryImageOfPage":{"@id":"https:\/\/www.binauralmedia.org\/news\/arquivo\/22573#mainImage"},"datePublished":"2024-12-05T19:46:14+00:00","dateModified":"2025-01-06T12:58:28+00:00"},{"@type":"WebSite","@id":"https:\/\/www.binauralmedia.org\/news\/#website","url":"https:\/\/www.binauralmedia.org\/news\/","name":"binauralmedia.org","description":"Rural Based Sound\/Media Arts & Social Research","inLanguage":"pt-PT","publisher":{"@id":"https:\/\/www.binauralmedia.org\/news\/#organization"}}]},"og:locale":"pt_PT","og:site_name":"binauralmedia.org - Rural Based Sound\/Media Arts &amp; Social Research","og:type":"article","og:title":"\u201cMal de Ulisses\u201d um ateli\u00ea dramat\u00fargico de Rui Catal\u00e3o - binauralmedia.org","og:description":"MAL DE ULISSES Uma cria\u00e7\u00e3o de Rui Catal\u00e3o Ateli\u00ea dramat\u00fargico 9-13 dezembro 2024 Centro Municipal de Cultura de Castro Daire Uma coprodu\u00e7\u00e3o entre a Binaural Nodar e a Biblioteca Municipal de Castro Daire com apoio do Agrupamento de Escolas de Castro Daire e da EPMS - Escola Profissional Mariana Seixas. H\u00e1 uma nova popula\u00e7\u00e3o em","og:url":"https:\/\/www.binauralmedia.org\/news\/arquivo\/22573","article:published_time":"2024-12-05T19:46:14+00:00","article:modified_time":"2025-01-06T12:58:28+00:00","twitter:card":"summary_large_image","twitter:title":"\u201cMal de Ulisses\u201d um ateli\u00ea dramat\u00fargico de Rui Catal\u00e3o - binauralmedia.org","twitter:description":"MAL DE ULISSES Uma cria\u00e7\u00e3o de Rui Catal\u00e3o Ateli\u00ea dramat\u00fargico 9-13 dezembro 2024 Centro Municipal de Cultura de Castro Daire Uma coprodu\u00e7\u00e3o entre a Binaural Nodar e a Biblioteca Municipal de Castro Daire com apoio do Agrupamento de Escolas de Castro Daire e da EPMS - Escola Profissional Mariana Seixas. H\u00e1 uma nova popula\u00e7\u00e3o em"},"aioseo_meta_data":{"post_id":"22573","title":null,"description":null,"keywords":null,"keyphrases":null,"primary_term":null,"canonical_url":null,"og_title":null,"og_description":null,"og_object_type":"default","og_image_type":"default","og_image_custom_url":null,"og_image_custom_fields":null,"og_image_url":null,"og_image_width":null,"og_image_height":null,"og_video":null,"og_custom_url":null,"og_article_section":null,"og_article_tags":null,"twitter_use_og":false,"twitter_card":"default","twitter_image_type":"default","twitter_image_custom_url":null,"twitter_image_custom_fields":null,"twitter_image_url":null,"twitter_title":null,"twitter_description":null,"schema_type":"default","schema_type_options":null,"schema":{"blockGraphs":[],"customGraphs":[],"default":{"data":{"Article":[],"Course":[],"Dataset":[],"FAQPage":[],"Movie":[],"Person":[],"Product":[],"ProductReview":[],"Car":[],"Recipe":[],"Service":[],"SoftwareApplication":[],"WebPage":[]},"graphName":"","isEnabled":true},"graphs":[]},"pillar_content":false,"robots_default":true,"robots_noindex":false,"robots_noarchive":false,"robots_nosnippet":false,"robots_nofollow":false,"robots_noimageindex":false,"robots_noodp":false,"robots_notranslate":false,"robots_max_snippet":null,"robots_max_videopreview":null,"robots_max_imagepreview":"large","priority":null,"frequency":null,"local_seo":null,"limit_modified_date":false,"ai":null,"breadcrumb_settings":null,"seo_analyzer_scan_date":null,"created":"2026-08-05 07:48:19","updated":"2026-08-05 07:48:19","focus_keyword":null,"additional_keywords":null,"truseo_locale":null},"aioseo_breadcrumb":"<div class=\"aioseo-breadcrumbs\"><span class=\"aioseo-breadcrumb\">\n\t\t\t<a href=\"https:\/\/www.binauralmedia.org\/news\" title=\"Home\">Home<\/a>\n\t\t<\/span><span class=\"aioseo-breadcrumb-separator\">&raquo;<\/span><span class=\"aioseo-breadcrumb\">\n\t\t\t<a href=\"https:\/\/www.binauralmedia.org\/news\/arquivo\/category\/news\" title=\"Not\u00edcias\">Not\u00edcias<\/a>\n\t\t<\/span><span class=\"aioseo-breadcrumb-separator\">&raquo;<\/span><span class=\"aioseo-breadcrumb\">\n\t\t\t\u201cMal de Ulisses\u201d um ateli\u00ea dramat\u00fargico de Rui Catal\u00e3o\n\t\t<\/span><\/div>","aioseo_breadcrumb_json":[{"label":"Home","link":"https:\/\/www.binauralmedia.org\/news"},{"label":"Not\u00edcias","link":"https:\/\/www.binauralmedia.org\/news\/arquivo\/category\/news"},{"label":"\u201cMal de Ulisses\u201d um ateli\u00ea dramat\u00fargico de Rui Catal\u00e3o","link":"https:\/\/www.binauralmedia.org\/news\/arquivo\/22573"}],"_links":{"self":[{"href":"https:\/\/www.binauralmedia.org\/news\/wp-json\/wp\/v2\/posts\/22573","targetHints":{"allow":["GET"]}}],"collection":[{"href":"https:\/\/www.binauralmedia.org\/news\/wp-json\/wp\/v2\/posts"}],"about":[{"href":"https:\/\/www.binauralmedia.org\/news\/wp-json\/wp\/v2\/types\/post"}],"author":[{"embeddable":true,"href":"https:\/\/www.binauralmedia.org\/news\/wp-json\/wp\/v2\/users\/8"}],"replies":[{"embeddable":true,"href":"https:\/\/www.binauralmedia.org\/news\/wp-json\/wp\/v2\/comments?post=22573"}],"version-history":[{"count":1,"href":"https:\/\/www.binauralmedia.org\/news\/wp-json\/wp\/v2\/posts\/22573\/revisions"}],"predecessor-version":[{"id":22576,"href":"https:\/\/www.binauralmedia.org\/news\/wp-json\/wp\/v2\/posts\/22573\/revisions\/22576"}],"wp:featuredmedia":[{"embeddable":true,"href":"https:\/\/www.binauralmedia.org\/news\/wp-json\/wp\/v2\/media\/22574"}],"wp:attachment":[{"href":"https:\/\/www.binauralmedia.org\/news\/wp-json\/wp\/v2\/media?parent=22573"}],"wp:term":[{"taxonomy":"category","embeddable":true,"href":"https:\/\/www.binauralmedia.org\/news\/wp-json\/wp\/v2\/categories?post=22573"},{"taxonomy":"post_tag","embeddable":true,"href":"https:\/\/www.binauralmedia.org\/news\/wp-json\/wp\/v2\/tags?post=22573"}],"curies":[{"name":"wp","href":"https:\/\/api.w.org\/{rel}","templated":true}]}}