{"id":22533,"date":"2024-11-29T18:57:17","date_gmt":"2024-11-29T18:57:17","guid":{"rendered":"https:\/\/www.binauralmedia.org\/news?p=22533"},"modified":"2025-01-06T12:59:20","modified_gmt":"2025-01-06T12:59:20","slug":"mulheres-de-agua-da-freguesia-de-calde-exposicao-fotografica-e-sonora","status":"publish","type":"post","link":"https:\/\/www.binauralmedia.org\/news\/arquivo\/22533","title":{"rendered":"\u201cMulheres de \u00e1gua da freguesia de Calde\u201d exposi\u00e7\u00e3o fotogr\u00e1fica e sonora"},"content":{"rendered":"<div class=\"fusion-fullwidth fullwidth-box fusion-builder-row-1 fusion-flex-container nonhundred-percent-fullwidth non-hundred-percent-height-scrolling\" style=\"--awb-border-radius-top-left:0px;--awb-border-radius-top-right:0px;--awb-border-radius-bottom-right:0px;--awb-border-radius-bottom-left:0px;--awb-flex-wrap:wrap;\" ><div class=\"fusion-builder-row fusion-row fusion-flex-align-items-flex-start fusion-flex-content-wrap\" style=\"max-width:1144px;margin-left: calc(-4% \/ 2 );margin-right: calc(-4% \/ 2 );\"><div class=\"fusion-layout-column fusion_builder_column fusion-builder-column-0 fusion_builder_column_1_1 1_1 fusion-flex-column\" style=\"--awb-bg-size:cover;--awb-width-large:100%;--awb-margin-top-large:0px;--awb-spacing-right-large:1.92%;--awb-margin-bottom-large:0px;--awb-spacing-left-large:1.92%;--awb-width-medium:100%;--awb-spacing-right-medium:1.92%;--awb-spacing-left-medium:1.92%;--awb-width-small:100%;--awb-spacing-right-small:1.92%;--awb-spacing-left-small:1.92%;\"><div class=\"fusion-column-wrapper fusion-flex-justify-content-flex-start fusion-content-layout-column\"><div class=\"fusion-text fusion-text-1\"><p><iframe src=\"https:\/\/player.vimeo.com\/video\/1041799377?title=1&amp;byline=1&amp;portrait=1&amp;color=\" width=\"640\" height=\"360\" frameborder=\"0\" webkitAllowFullScreen mozallowfullscreen allowFullScreen><\/iframe><\/p>\n<p>MULHERES DE \u00c1GUA DA FREGUESIA DE CALDE<br \/>\nExposi\u00e7\u00e3o fotogr\u00e1fica e sonora<\/p>\n<p>De Ana Margarida Ferreira e Lu\u00eds Costa<br \/>\nDe 26 de outubro a 22 de novembro 2024<br \/>\nMuseu do Linho de V\u00e1rzea de Calde<\/p>\n<p>Uma coprodu\u00e7\u00e3o entre a Binaural Nodar, o Munic\u00edpio de Viseu e a  Junta de Freguesia de Calde.<\/p>\n<p>A exposi\u00e7\u00e3o &#8220;Mulheres de \u00c1gua da Freguesia de Calde&#8221; constitui uma homenagem a todas as mulheres, jovens, adultas e anci\u00e3s, da freguesia de Calde, evidenciando a profunda coes\u00e3o intergeracional destas terras situadas a norte da cidade de Viseu, assim como visa estabelecer uma rela\u00e7\u00e3o simb\u00f3lica entre a mulher e a \u00e1gua, uma que est\u00e1 presente em tantas culturas e civiliza\u00e7\u00f5es, como a placenta da mulher gr\u00e1vida, a \u00e1gua do baptismo; \u00e1gua e purifica\u00e7\u00e3o do corpo, a \u00e1gua da rega dos campos, \u00e1gua e bem estar psicol\u00f3gico, etc.<\/p>\n<p>\u201cMulheres de \u00c1gua da Freguesia de Calde\u201d est\u00e1 igualmente integrada na Rede europeia Tramontana, uma iniciativa cofinanciada pelo programa Europa Criativa e que re\u00fane 11 parceiros de 7 pa\u00edses, tendo o patrim\u00f3nio cultural das regi\u00f5es de montanha como tem\u00e1tica de interven\u00e7\u00e3o multidisciplinar, nas \u00e1reas da pesquisa etnogr\u00e1fica sonora e audiovisual, educa\u00e7\u00e3o etnogr\u00e1fica e art\u00edstica, desenvolvimento de arquivos digitais, e da cria\u00e7\u00e3o e programa\u00e7\u00e3o art\u00edstica contempor\u00e2neas.<\/p>\n<p>A Binaural Nodar \u00e9 uma entidade apoiada pela Rep\u00fablica Portuguesa &#8211; Cultura | Dire\u00e7\u00e3o-Geral das Artes.<\/p>\n<\/div><\/div><\/div><\/div><\/div>\n","protected":false},"excerpt":{"rendered":"","protected":false},"author":8,"featured_media":22536,"comment_status":"closed","ping_status":"closed","sticky":false,"template":"","format":"video","meta":{"_acf_changed":false,"_bbp_topic_count":0,"_bbp_reply_count":0,"_bbp_total_topic_count":0,"_bbp_total_reply_count":0,"_bbp_voice_count":0,"_bbp_anonymous_reply_count":0,"_bbp_topic_count_hidden":0,"_bbp_reply_count_hidden":0,"_bbp_forum_subforum_count":0,"footnotes":""},"categories":[1158,1],"tags":[],"class_list":["post-22533","post","type-post","status-publish","format-video","has-post-thumbnail","hentry","category-visual-sound-ethnograhpy","category-news","post_format-post-format-video"],"acf":[],"aioseo_notices":[],"aioseo_head":"\n\t\t<!-- All in One SEO 5.0.1.1 - aioseo.com -->\n\t<meta name=\"description\" content=\"MULHERES DE \u00c1GUA DA FREGUESIA DE CALDE Exposi\u00e7\u00e3o fotogr\u00e1fica e sonora De Ana Margarida Ferreira e Lu\u00eds Costa De 26 de outubro a 22 de novembro 2024 Museu do Linho de V\u00e1rzea de Calde Uma coprodu\u00e7\u00e3o entre a Binaural Nodar, o Munic\u00edpio de Viseu e a Junta de Freguesia de Calde. A exposi\u00e7\u00e3o \u201cMulheres de\" \/>\n\t<meta name=\"robots\" content=\"max-image-preview:large\" \/>\n\t<meta name=\"author\" content=\"Nely Ferreira\"\/>\n\t<link rel=\"canonical\" href=\"https:\/\/www.binauralmedia.org\/news\/arquivo\/22533\" \/>\n\t<meta name=\"generator\" content=\"All in One SEO (AIOSEO) 5.0.1.1\" \/>\n\t\t<meta property=\"og:locale\" content=\"pt_PT\" \/>\n\t\t<meta property=\"og:site_name\" content=\"binauralmedia.org - Rural Based Sound\/Media Arts &amp; Social Research\" \/>\n\t\t<meta property=\"og:type\" content=\"article\" \/>\n\t\t<meta property=\"og:title\" content=\"\u201cMulheres de \u00e1gua da freguesia de Calde\u201d exposi\u00e7\u00e3o fotogr\u00e1fica e sonora - binauralmedia.org\" \/>\n\t\t<meta property=\"og:description\" content=\"MULHERES DE \u00c1GUA DA FREGUESIA DE CALDE Exposi\u00e7\u00e3o fotogr\u00e1fica e sonora De Ana Margarida Ferreira e Lu\u00eds Costa De 26 de outubro a 22 de novembro 2024 Museu do Linho de V\u00e1rzea de Calde Uma coprodu\u00e7\u00e3o entre a Binaural Nodar, o Munic\u00edpio de Viseu e a Junta de Freguesia de Calde. A exposi\u00e7\u00e3o \u201cMulheres de\" \/>\n\t\t<meta property=\"og:url\" content=\"https:\/\/www.binauralmedia.org\/news\/arquivo\/22533\" \/>\n\t\t<meta property=\"article:published_time\" content=\"2024-11-29T18:57:17+00:00\" \/>\n\t\t<meta property=\"article:modified_time\" content=\"2025-01-06T12:59:20+00:00\" \/>\n\t\t<meta name=\"twitter:card\" content=\"summary_large_image\" \/>\n\t\t<meta name=\"twitter:title\" content=\"\u201cMulheres de \u00e1gua da freguesia de Calde\u201d exposi\u00e7\u00e3o fotogr\u00e1fica e sonora - binauralmedia.org\" \/>\n\t\t<meta name=\"twitter:description\" content=\"MULHERES DE \u00c1GUA DA FREGUESIA DE CALDE Exposi\u00e7\u00e3o fotogr\u00e1fica e sonora De Ana Margarida Ferreira e Lu\u00eds Costa De 26 de outubro a 22 de novembro 2024 Museu do Linho de V\u00e1rzea de Calde Uma coprodu\u00e7\u00e3o entre a Binaural Nodar, o Munic\u00edpio de Viseu e a Junta de Freguesia de Calde. A exposi\u00e7\u00e3o \u201cMulheres de\" \/>\n\t\t<script type=\"application\/ld+json\" class=\"aioseo-schema\">\n\t\t\t{\"@context\":\"https:\\\/\\\/schema.org\",\"@graph\":[{\"@type\":\"BlogPosting\",\"@id\":\"https:\\\/\\\/www.binauralmedia.org\\\/news\\\/arquivo\\\/22533#blogposting\",\"name\":\"\\u201cMulheres de \\u00e1gua da freguesia de Calde\\u201d exposi\\u00e7\\u00e3o fotogr\\u00e1fica e sonora - binauralmedia.org\",\"headline\":\"\\u201cMulheres de \\u00e1gua da freguesia de Calde\\u201d exposi\\u00e7\\u00e3o fotogr\\u00e1fica e sonora\",\"author\":{\"@id\":\"https:\\\/\\\/www.binauralmedia.org\\\/news\\\/arquivo\\\/author\\\/nelyferreira#author\"},\"publisher\":{\"@id\":\"https:\\\/\\\/www.binauralmedia.org\\\/news\\\/#organization\"},\"image\":{\"@type\":\"ImageObject\",\"url\":\"https:\\\/\\\/www.binauralmedia.org\\\/news\\\/wp-content\\\/uploads\\\/Mulheres-Varzea-de-Calde.png\",\"width\":1200,\"height\":800},\"datePublished\":\"2024-11-29T18:57:17+00:00\",\"dateModified\":\"2025-01-06T12:59:20+00:00\",\"inLanguage\":\"pt-PT\",\"mainEntityOfPage\":{\"@id\":\"https:\\\/\\\/www.binauralmedia.org\\\/news\\\/arquivo\\\/22533#webpage\"},\"isPartOf\":{\"@id\":\"https:\\\/\\\/www.binauralmedia.org\\\/news\\\/arquivo\\\/22533#webpage\"},\"articleSection\":\"Etnografia Sonora e Visual, Not\\u00edcias, Video, Opcional\"},{\"@type\":\"BreadcrumbList\",\"@id\":\"https:\\\/\\\/www.binauralmedia.org\\\/news\\\/arquivo\\\/22533#breadcrumblist\",\"itemListElement\":[{\"@type\":\"ListItem\",\"@id\":\"https:\\\/\\\/www.binauralmedia.org\\\/news#listItem\",\"position\":1,\"name\":\"Home\",\"item\":\"https:\\\/\\\/www.binauralmedia.org\\\/news\",\"nextItem\":{\"@type\":\"ListItem\",\"@id\":\"https:\\\/\\\/www.binauralmedia.org\\\/news\\\/arquivo\\\/category\\\/news#listItem\",\"name\":\"Not\\u00edcias\"}},{\"@type\":\"ListItem\",\"@id\":\"https:\\\/\\\/www.binauralmedia.org\\\/news\\\/arquivo\\\/category\\\/news#listItem\",\"position\":2,\"name\":\"Not\\u00edcias\",\"item\":\"https:\\\/\\\/www.binauralmedia.org\\\/news\\\/arquivo\\\/category\\\/news\",\"nextItem\":{\"@type\":\"ListItem\",\"@id\":\"https:\\\/\\\/www.binauralmedia.org\\\/news\\\/arquivo\\\/22533#listItem\",\"name\":\"\\u201cMulheres de \\u00e1gua da freguesia de Calde\\u201d exposi\\u00e7\\u00e3o fotogr\\u00e1fica e sonora\"},\"previousItem\":{\"@type\":\"ListItem\",\"@id\":\"https:\\\/\\\/www.binauralmedia.org\\\/news#listItem\",\"name\":\"Home\"}},{\"@type\":\"ListItem\",\"@id\":\"https:\\\/\\\/www.binauralmedia.org\\\/news\\\/arquivo\\\/22533#listItem\",\"position\":3,\"name\":\"\\u201cMulheres de \\u00e1gua da freguesia de Calde\\u201d exposi\\u00e7\\u00e3o fotogr\\u00e1fica e sonora\",\"previousItem\":{\"@type\":\"ListItem\",\"@id\":\"https:\\\/\\\/www.binauralmedia.org\\\/news\\\/arquivo\\\/category\\\/news#listItem\",\"name\":\"Not\\u00edcias\"}}]},{\"@type\":\"Organization\",\"@id\":\"https:\\\/\\\/www.binauralmedia.org\\\/news\\\/#organization\",\"name\":\"binauralmedia.org\",\"description\":\"Rural Based Sound\\\/Media Arts & Social Research\",\"url\":\"https:\\\/\\\/www.binauralmedia.org\\\/news\\\/\"},{\"@type\":\"Person\",\"@id\":\"https:\\\/\\\/www.binauralmedia.org\\\/news\\\/arquivo\\\/author\\\/nelyferreira#author\",\"url\":\"https:\\\/\\\/www.binauralmedia.org\\\/news\\\/arquivo\\\/author\\\/nelyferreira\",\"name\":\"Nely Ferreira\"},{\"@type\":\"WebPage\",\"@id\":\"https:\\\/\\\/www.binauralmedia.org\\\/news\\\/arquivo\\\/22533#webpage\",\"url\":\"https:\\\/\\\/www.binauralmedia.org\\\/news\\\/arquivo\\\/22533\",\"name\":\"\\u201cMulheres de \\u00e1gua da freguesia de Calde\\u201d exposi\\u00e7\\u00e3o fotogr\\u00e1fica e sonora - binauralmedia.org\",\"description\":\"MULHERES DE \\u00c1GUA DA FREGUESIA DE CALDE Exposi\\u00e7\\u00e3o fotogr\\u00e1fica e sonora De Ana Margarida Ferreira e Lu\\u00eds Costa De 26 de outubro a 22 de novembro 2024 Museu do Linho de V\\u00e1rzea de Calde Uma coprodu\\u00e7\\u00e3o entre a Binaural Nodar, o Munic\\u00edpio de Viseu e a Junta de Freguesia de Calde. A exposi\\u00e7\\u00e3o \\u201cMulheres de\",\"inLanguage\":\"pt-PT\",\"isPartOf\":{\"@id\":\"https:\\\/\\\/www.binauralmedia.org\\\/news\\\/#website\"},\"breadcrumb\":{\"@id\":\"https:\\\/\\\/www.binauralmedia.org\\\/news\\\/arquivo\\\/22533#breadcrumblist\"},\"author\":{\"@id\":\"https:\\\/\\\/www.binauralmedia.org\\\/news\\\/arquivo\\\/author\\\/nelyferreira#author\"},\"creator\":{\"@id\":\"https:\\\/\\\/www.binauralmedia.org\\\/news\\\/arquivo\\\/author\\\/nelyferreira#author\"},\"image\":{\"@type\":\"ImageObject\",\"url\":\"https:\\\/\\\/www.binauralmedia.org\\\/news\\\/wp-content\\\/uploads\\\/Mulheres-Varzea-de-Calde.png\",\"@id\":\"https:\\\/\\\/www.binauralmedia.org\\\/news\\\/arquivo\\\/22533\\\/#mainImage\",\"width\":1200,\"height\":800},\"primaryImageOfPage\":{\"@id\":\"https:\\\/\\\/www.binauralmedia.org\\\/news\\\/arquivo\\\/22533#mainImage\"},\"datePublished\":\"2024-11-29T18:57:17+00:00\",\"dateModified\":\"2025-01-06T12:59:20+00:00\"},{\"@type\":\"WebSite\",\"@id\":\"https:\\\/\\\/www.binauralmedia.org\\\/news\\\/#website\",\"url\":\"https:\\\/\\\/www.binauralmedia.org\\\/news\\\/\",\"name\":\"binauralmedia.org\",\"description\":\"Rural Based Sound\\\/Media Arts & Social Research\",\"inLanguage\":\"pt-PT\",\"publisher\":{\"@id\":\"https:\\\/\\\/www.binauralmedia.org\\\/news\\\/#organization\"}}]}\n\t\t<\/script>\n\t\t<!-- All in One SEO -->\n\n","aioseo_head_json":{"title":"\u201cMulheres de \u00e1gua da freguesia de Calde\u201d exposi\u00e7\u00e3o fotogr\u00e1fica e sonora - binauralmedia.org","description":"MULHERES DE \u00c1GUA DA FREGUESIA DE CALDE Exposi\u00e7\u00e3o fotogr\u00e1fica e sonora De Ana Margarida Ferreira e Lu\u00eds Costa De 26 de outubro a 22 de novembro 2024 Museu do Linho de V\u00e1rzea de Calde Uma coprodu\u00e7\u00e3o entre a Binaural Nodar, o Munic\u00edpio de Viseu e a Junta de Freguesia de Calde. A exposi\u00e7\u00e3o \u201cMulheres de","canonical_url":"https:\/\/www.binauralmedia.org\/news\/arquivo\/22533","robots":"max-image-preview:large","keywords":"","webmasterTools":{"miscellaneous":""},"schema":{"@context":"https:\/\/schema.org","@graph":[{"@type":"BlogPosting","@id":"https:\/\/www.binauralmedia.org\/news\/arquivo\/22533#blogposting","name":"\u201cMulheres de \u00e1gua da freguesia de Calde\u201d exposi\u00e7\u00e3o fotogr\u00e1fica e sonora - binauralmedia.org","headline":"\u201cMulheres de \u00e1gua da freguesia de Calde\u201d exposi\u00e7\u00e3o fotogr\u00e1fica e sonora","author":{"@id":"https:\/\/www.binauralmedia.org\/news\/arquivo\/author\/nelyferreira#author"},"publisher":{"@id":"https:\/\/www.binauralmedia.org\/news\/#organization"},"image":{"@type":"ImageObject","url":"https:\/\/www.binauralmedia.org\/news\/wp-content\/uploads\/Mulheres-Varzea-de-Calde.png","width":1200,"height":800},"datePublished":"2024-11-29T18:57:17+00:00","dateModified":"2025-01-06T12:59:20+00:00","inLanguage":"pt-PT","mainEntityOfPage":{"@id":"https:\/\/www.binauralmedia.org\/news\/arquivo\/22533#webpage"},"isPartOf":{"@id":"https:\/\/www.binauralmedia.org\/news\/arquivo\/22533#webpage"},"articleSection":"Etnografia Sonora e Visual, Not\u00edcias, Video, Opcional"},{"@type":"BreadcrumbList","@id":"https:\/\/www.binauralmedia.org\/news\/arquivo\/22533#breadcrumblist","itemListElement":[{"@type":"ListItem","@id":"https:\/\/www.binauralmedia.org\/news#listItem","position":1,"name":"Home","item":"https:\/\/www.binauralmedia.org\/news","nextItem":{"@type":"ListItem","@id":"https:\/\/www.binauralmedia.org\/news\/arquivo\/category\/news#listItem","name":"Not\u00edcias"}},{"@type":"ListItem","@id":"https:\/\/www.binauralmedia.org\/news\/arquivo\/category\/news#listItem","position":2,"name":"Not\u00edcias","item":"https:\/\/www.binauralmedia.org\/news\/arquivo\/category\/news","nextItem":{"@type":"ListItem","@id":"https:\/\/www.binauralmedia.org\/news\/arquivo\/22533#listItem","name":"\u201cMulheres de \u00e1gua da freguesia de Calde\u201d exposi\u00e7\u00e3o fotogr\u00e1fica e sonora"},"previousItem":{"@type":"ListItem","@id":"https:\/\/www.binauralmedia.org\/news#listItem","name":"Home"}},{"@type":"ListItem","@id":"https:\/\/www.binauralmedia.org\/news\/arquivo\/22533#listItem","position":3,"name":"\u201cMulheres de \u00e1gua da freguesia de Calde\u201d exposi\u00e7\u00e3o fotogr\u00e1fica e sonora","previousItem":{"@type":"ListItem","@id":"https:\/\/www.binauralmedia.org\/news\/arquivo\/category\/news#listItem","name":"Not\u00edcias"}}]},{"@type":"Organization","@id":"https:\/\/www.binauralmedia.org\/news\/#organization","name":"binauralmedia.org","description":"Rural Based Sound\/Media Arts & Social Research","url":"https:\/\/www.binauralmedia.org\/news\/"},{"@type":"Person","@id":"https:\/\/www.binauralmedia.org\/news\/arquivo\/author\/nelyferreira#author","url":"https:\/\/www.binauralmedia.org\/news\/arquivo\/author\/nelyferreira","name":"Nely Ferreira"},{"@type":"WebPage","@id":"https:\/\/www.binauralmedia.org\/news\/arquivo\/22533#webpage","url":"https:\/\/www.binauralmedia.org\/news\/arquivo\/22533","name":"\u201cMulheres de \u00e1gua da freguesia de Calde\u201d exposi\u00e7\u00e3o fotogr\u00e1fica e sonora - binauralmedia.org","description":"MULHERES DE \u00c1GUA DA FREGUESIA DE CALDE Exposi\u00e7\u00e3o fotogr\u00e1fica e sonora De Ana Margarida Ferreira e Lu\u00eds Costa De 26 de outubro a 22 de novembro 2024 Museu do Linho de V\u00e1rzea de Calde Uma coprodu\u00e7\u00e3o entre a Binaural Nodar, o Munic\u00edpio de Viseu e a Junta de Freguesia de Calde. A exposi\u00e7\u00e3o \u201cMulheres de","inLanguage":"pt-PT","isPartOf":{"@id":"https:\/\/www.binauralmedia.org\/news\/#website"},"breadcrumb":{"@id":"https:\/\/www.binauralmedia.org\/news\/arquivo\/22533#breadcrumblist"},"author":{"@id":"https:\/\/www.binauralmedia.org\/news\/arquivo\/author\/nelyferreira#author"},"creator":{"@id":"https:\/\/www.binauralmedia.org\/news\/arquivo\/author\/nelyferreira#author"},"image":{"@type":"ImageObject","url":"https:\/\/www.binauralmedia.org\/news\/wp-content\/uploads\/Mulheres-Varzea-de-Calde.png","@id":"https:\/\/www.binauralmedia.org\/news\/arquivo\/22533\/#mainImage","width":1200,"height":800},"primaryImageOfPage":{"@id":"https:\/\/www.binauralmedia.org\/news\/arquivo\/22533#mainImage"},"datePublished":"2024-11-29T18:57:17+00:00","dateModified":"2025-01-06T12:59:20+00:00"},{"@type":"WebSite","@id":"https:\/\/www.binauralmedia.org\/news\/#website","url":"https:\/\/www.binauralmedia.org\/news\/","name":"binauralmedia.org","description":"Rural Based Sound\/Media Arts & Social Research","inLanguage":"pt-PT","publisher":{"@id":"https:\/\/www.binauralmedia.org\/news\/#organization"}}]},"og:locale":"pt_PT","og:site_name":"binauralmedia.org - Rural Based Sound\/Media Arts &amp; Social Research","og:type":"article","og:title":"\u201cMulheres de \u00e1gua da freguesia de Calde\u201d exposi\u00e7\u00e3o fotogr\u00e1fica e sonora - binauralmedia.org","og:description":"MULHERES DE \u00c1GUA DA FREGUESIA DE CALDE Exposi\u00e7\u00e3o fotogr\u00e1fica e sonora De Ana Margarida Ferreira e Lu\u00eds Costa De 26 de outubro a 22 de novembro 2024 Museu do Linho de V\u00e1rzea de Calde Uma coprodu\u00e7\u00e3o entre a Binaural Nodar, o Munic\u00edpio de Viseu e a Junta de Freguesia de Calde. A exposi\u00e7\u00e3o \u201cMulheres de","og:url":"https:\/\/www.binauralmedia.org\/news\/arquivo\/22533","article:published_time":"2024-11-29T18:57:17+00:00","article:modified_time":"2025-01-06T12:59:20+00:00","twitter:card":"summary_large_image","twitter:title":"\u201cMulheres de \u00e1gua da freguesia de Calde\u201d exposi\u00e7\u00e3o fotogr\u00e1fica e sonora - binauralmedia.org","twitter:description":"MULHERES DE \u00c1GUA DA FREGUESIA DE CALDE Exposi\u00e7\u00e3o fotogr\u00e1fica e sonora De Ana Margarida Ferreira e Lu\u00eds Costa De 26 de outubro a 22 de novembro 2024 Museu do Linho de V\u00e1rzea de Calde Uma coprodu\u00e7\u00e3o entre a Binaural Nodar, o Munic\u00edpio de Viseu e a Junta de Freguesia de Calde. A exposi\u00e7\u00e3o \u201cMulheres de"},"aioseo_meta_data":{"post_id":"22533","title":null,"description":null,"keywords":null,"keyphrases":null,"primary_term":null,"canonical_url":null,"og_title":null,"og_description":null,"og_object_type":"default","og_image_type":"default","og_image_custom_url":null,"og_image_custom_fields":null,"og_image_url":null,"og_image_width":null,"og_image_height":null,"og_video":null,"og_custom_url":null,"og_article_section":null,"og_article_tags":null,"twitter_use_og":false,"twitter_card":"default","twitter_image_type":"default","twitter_image_custom_url":null,"twitter_image_custom_fields":null,"twitter_image_url":null,"twitter_title":null,"twitter_description":null,"schema_type":"default","schema_type_options":null,"schema":{"blockGraphs":[],"customGraphs":[],"default":{"data":{"Article":[],"Course":[],"Dataset":[],"FAQPage":[],"Movie":[],"Person":[],"Product":[],"ProductReview":[],"Car":[],"Recipe":[],"Service":[],"SoftwareApplication":[],"WebPage":[]},"graphName":"","isEnabled":true},"graphs":[]},"pillar_content":false,"robots_default":true,"robots_noindex":false,"robots_noarchive":false,"robots_nosnippet":false,"robots_nofollow":false,"robots_noimageindex":false,"robots_noodp":false,"robots_notranslate":false,"robots_max_snippet":null,"robots_max_videopreview":null,"robots_max_imagepreview":"large","priority":null,"frequency":null,"local_seo":null,"limit_modified_date":false,"ai":null,"breadcrumb_settings":null,"seo_analyzer_scan_date":null,"created":"2026-08-05 07:45:29","updated":"2026-08-05 07:45:29","focus_keyword":null,"additional_keywords":null,"truseo_locale":null},"aioseo_breadcrumb":"<div class=\"aioseo-breadcrumbs\"><span class=\"aioseo-breadcrumb\">\n\t\t\t<a href=\"https:\/\/www.binauralmedia.org\/news\" title=\"Home\">Home<\/a>\n\t\t<\/span><span class=\"aioseo-breadcrumb-separator\">&raquo;<\/span><span class=\"aioseo-breadcrumb\">\n\t\t\t<a href=\"https:\/\/www.binauralmedia.org\/news\/arquivo\/category\/news\" title=\"Not\u00edcias\">Not\u00edcias<\/a>\n\t\t<\/span><span class=\"aioseo-breadcrumb-separator\">&raquo;<\/span><span class=\"aioseo-breadcrumb\">\n\t\t\t\u201cMulheres de \u00e1gua da freguesia de Calde\u201d exposi\u00e7\u00e3o fotogr\u00e1fica e sonora\n\t\t<\/span><\/div>","aioseo_breadcrumb_json":[{"label":"Home","link":"https:\/\/www.binauralmedia.org\/news"},{"label":"Not\u00edcias","link":"https:\/\/www.binauralmedia.org\/news\/arquivo\/category\/news"},{"label":"\u201cMulheres de \u00e1gua da freguesia de Calde\u201d exposi\u00e7\u00e3o fotogr\u00e1fica e sonora","link":"https:\/\/www.binauralmedia.org\/news\/arquivo\/22533"}],"_links":{"self":[{"href":"https:\/\/www.binauralmedia.org\/news\/wp-json\/wp\/v2\/posts\/22533","targetHints":{"allow":["GET"]}}],"collection":[{"href":"https:\/\/www.binauralmedia.org\/news\/wp-json\/wp\/v2\/posts"}],"about":[{"href":"https:\/\/www.binauralmedia.org\/news\/wp-json\/wp\/v2\/types\/post"}],"author":[{"embeddable":true,"href":"https:\/\/www.binauralmedia.org\/news\/wp-json\/wp\/v2\/users\/8"}],"replies":[{"embeddable":true,"href":"https:\/\/www.binauralmedia.org\/news\/wp-json\/wp\/v2\/comments?post=22533"}],"version-history":[{"count":2,"href":"https:\/\/www.binauralmedia.org\/news\/wp-json\/wp\/v2\/posts\/22533\/revisions"}],"predecessor-version":[{"id":22539,"href":"https:\/\/www.binauralmedia.org\/news\/wp-json\/wp\/v2\/posts\/22533\/revisions\/22539"}],"wp:featuredmedia":[{"embeddable":true,"href":"https:\/\/www.binauralmedia.org\/news\/wp-json\/wp\/v2\/media\/22536"}],"wp:attachment":[{"href":"https:\/\/www.binauralmedia.org\/news\/wp-json\/wp\/v2\/media?parent=22533"}],"wp:term":[{"taxonomy":"category","embeddable":true,"href":"https:\/\/www.binauralmedia.org\/news\/wp-json\/wp\/v2\/categories?post=22533"},{"taxonomy":"post_tag","embeddable":true,"href":"https:\/\/www.binauralmedia.org\/news\/wp-json\/wp\/v2\/tags?post=22533"}],"curies":[{"name":"wp","href":"https:\/\/api.w.org\/{rel}","templated":true}]}}