{"id":22462,"date":"2024-11-04T17:15:16","date_gmt":"2024-11-04T17:15:16","guid":{"rendered":"https:\/\/www.binauralmedia.org\/news?p=22462"},"modified":"2024-11-07T17:21:14","modified_gmt":"2024-11-07T17:21:14","slug":"residencia-artistica-finis%cb%88t%c9%9brra","status":"publish","type":"post","link":"https:\/\/www.binauralmedia.org\/news\/arquivo\/22462","title":{"rendered":"Resid\u00eancia Art\u00edstica \u201c[finis\u02c8t\u025brra]\u201d"},"content":{"rendered":"<p>[finis\u02c8t\u025brra]<br \/>\nPr\u00e1ticas e Teorias para um Fim de Mundo<br \/>\nUma cria\u00e7\u00e3o de Sara Vieira Marques <\/p>\n<p>Resid\u00eancia art\u00edstica<br \/>\n11 a 15 novembro 2024<br \/>\nLaf\u00f5es Cult Lab (Vouzela)<\/p>\n<p>Uma coprodu\u00e7\u00e3o entre a Binaural Nodar e o Munic\u00edpio de Vouzela.<\/p>\n<p>[finis\u02c8t\u025brra] \u00e9 a mitologia de um lugar que evoca o fim do mundo. \u00c9 tamb\u00e9m o nome deste projecto de investiga\u00e7\u00e3o, que usa a escuta como ferramenta para imaginar o que existir\u00e1 para l\u00e1 desse fim. Acreditando em futuros de narrativas inclusivas, onde o humano n\u00e3o ocupa a narrativa central, e atrav\u00e9s de uma abordagem especulativa e interdisciplinar, [finis\u02c8t\u025brra] Pr\u00e1ticas e Teorias para um Fim de Mundo convoca pr\u00e1ticas e teorias para enunciar poss\u00edveis  &#8220;futuros do futuro\u201d.  <\/p>\n<p>Durante a resid\u00eancia art\u00edstica no Laf\u00f5es Cult Lab de Vouzela, Sara Vieira Marques e Santiago Rodriguez Tricot desenvolver\u00e3o a pr\u00e1tica \u201cUndoing Listening\u201d, uma pr\u00e1tica performativa que prop\u00f5e desfazer e sistematizar a escuta para ampliar as suas possibilidades. Utilizando o som, a ac\u00fastica e um dispositivo instalativo, os artistas prop\u00f5em explorar as tens\u00f5es e ambiguidades dramat\u00fargicas entre ver e escutar, acreditando serem geradoras de potencial especulativo do devir.<\/p>\n<p>Ficha t\u00e9cnica e art\u00edstica <\/p>\n<p>Direc\u00e7\u00e3o Art\u00edstica,  Investiga\u00e7\u00e3o e Performance | Sara Vieira Marques<br \/>\nAcompanhamento Art\u00edstico  | Nuno Preto e Santiago Rodriguez Tricot<br \/>\nConcep\u00e7\u00e3o de dispositivos instalativos | Sara Vieira Marques e Santiago Rodriguez Tricot<br \/>\nConstru\u00e7\u00e3o de objecto  | Carlos Neves<br \/>\n\u2018Grupo Explorat\u00f3rio de Pr\u00e1ticas Sonoras\u2019 study group | Jo\u00e3o Grilo; \u00c1ngela D\u00edaz Quintela; In\u00eas Luzio; Santiago Rodriguez Tricot e  Irina Pereira<br \/>\nCo-produ\u00e7\u00e3o  |  Bolsa \u201cArtistas Douro\u201d, atribu\u00edda pela mala voadora, com financiamento da C\u00e2mara Municipal do Porto<br \/>\nApoio \u00e0 Investiga\u00e7\u00e3o Art\u00edstica | \u201cReclamar Tempo 2024\u201d CAMPUS Paulo Cunha e Silva<br \/>\nApoio \u00e0 Cria\u00e7\u00e3o em Resid\u00eancia | fAUNA &#8211; Teatro da Didasc\u00e1lia (Joane-PT); Artists\u2019Shelter &#8211; Sekoia (Porto-PT); ApalleirA (Sarria-ES); Gnration (Braga-PT); CRL &#8211; Central El\u00e9trica (Porto-PT); Binaural Nodar (Vouzela-PT);  O Espa\u00e7o do Tempo (Montemor-o-Novo-PT).<\/p>\n<p>Sara Vieira Marques<br \/>\n(Lisboa, 1992)<\/p>\n<p>Artista interdisciplinar, vive e trabalha a partir do Porto. A sua pr\u00e1tica art\u00edstica, de car\u00e1cter expandido, articula instala\u00e7\u00e3o c\u00e9nica, performance e investiga\u00e7\u00e3o em v\u00e1rios projectos entre as Artes Performativas e Visuais, explorando as rela\u00e7\u00f5es materiais do espa\u00e7o-tempo para gerar ambientes e situa\u00e7\u00f5es que permitam outras formas de relacionamento entre corpos humanos, n\u00e3o-humanos e mais-que-humanos. Licenciada em Produ\u00e7\u00e3o e Design &#8211; Cenografia pela ESMAE (IPP Porto) e Mestre em Antropologia &#8211; Culturas Visuais (FCSH\/NOVA, Lisboa) com investiga\u00e7\u00e3o sobre a ag\u00eancia material e perspectivismos p\u00f3s-humanos. Participou ainda em PACAP#4 (Forum Dan\u00e7a, Lisboa-PT), onde desenvolveu trabalho acompanhada por Chrysa Parkinson, Christine de Smedt, Eszter Salamon, Jo\u00e3o Fiadeiro, Moriah Evens, Paula Casp\u00e3o e Xavier Le Roy.  Dos seus projectos destaca: AURORA (Espa\u00e7o Alkantara, 2020) &#8211; uma performance que explora as rela\u00e7\u00f5es coreogr\u00e1ficas entre a arquitectura, o som e a geologia; OSSU (Pegada, 2020) &#8211; um di\u00e1rio etnogr\u00e1fico performativo; HEADLESSMEN (FCSH\/Doclisboa, 2021) &#8211; um filme documental sobre ecologias materiais e sonoras; e RESONATING ISLANDS_A SONOROUS ARCHIPELAGO (Arquip\u00e9lago CAC, 2023).<\/p>\n<p>Santiago Rodriguez Tricot<br \/>\n(Montevideo, 1986)<\/p>\n<p>Artista visual e desenhador c\u00e9nico uruguaio, radicado no Porto. Explora performativamente as linguagens da luz, do espa\u00e7o e da mat\u00e9ria atrav\u00e9s de processos de cria\u00e7\u00e3o colaborativa em m\u00fasica e artes vivas. Foi bolseiro FEFCA (UI), contexto a partir do qual desenvolveu MOCHILA DE PIEDRA. Co-criador e m\u00fasico no projecto de m\u00fasica electr\u00f3nica MUX. Junto a Leticia Skrycky, Juan Ru\u00e9talo, Erika del Pino e Fabrizio Rossi, \u00e9 co-criador do projecto HORMIGONERA: uma pr\u00e1tica performativa sobre produ\u00e7\u00e3o c\u00e9nica e processos dramat\u00fargicos, atrav\u00e9s do espa\u00e7o, da mat\u00e9ria, da luz e do som. O projecto de investiga\u00e7\u00e3o art\u00edstica que leva com Sara Vieira Marques, RESONATING ISLANDS_A SONOROUS ARCHIPELAGO foi apoiado pela Funda\u00e7\u00e3o Calouste Gulbenkian. Como desenhador e criador, colabora e\/ou colaborou em projectos de: Tamara Cubas, Santiago Turenne, Juan Dom\u00ednguez Rojo, Marcela Levi &#038; Lucia Russo, Vera Garat, Yann Marussich. Faz a coordena\u00e7\u00e3o t\u00e9cnica de FIDCU &#8211; Festival Internacional de Dan\u00e7a Contempor\u00e2nea do Uruguai e de NIDO &#8211; Encontro Internacional de Artes Vivas (UI).<\/p>\n<p>A Binaural Nodar \u00e9 uma entidade apoiada pela Rep\u00fablica Portuguesa &#8211; Cultura | Dire\u00e7\u00e3o-Geral das Artes.<\/p>\n","protected":false},"excerpt":{"rendered":"<p>[finis\u02c8t\u025brra] Pr\u00e1ticas e Teorias para um Fim de Mundo Uma  [&#8230;]<\/p>\n","protected":false},"author":8,"featured_media":22464,"comment_status":"closed","ping_status":"closed","sticky":false,"template":"","format":"standard","meta":{"_acf_changed":false,"_bbp_topic_count":0,"_bbp_reply_count":0,"_bbp_total_topic_count":0,"_bbp_total_reply_count":0,"_bbp_voice_count":0,"_bbp_anonymous_reply_count":0,"_bbp_topic_count_hidden":0,"_bbp_reply_count_hidden":0,"_bbp_forum_subforum_count":0,"footnotes":""},"categories":[1,676],"tags":[],"class_list":["post-22462","post","type-post","status-publish","format-standard","has-post-thumbnail","hentry","category-news","category-artist-residencies"],"acf":[],"aioseo_notices":[],"aioseo_head":"\n\t\t<!-- All in One SEO 5.0.1.1 - aioseo.com -->\n\t<meta name=\"description\" content=\"[finis\u02c8t\u025brra] Pr\u00e1ticas e Teorias para um Fim de Mundo Uma cria\u00e7\u00e3o de Sara Vieira Marques Resid\u00eancia art\u00edstica 11 a 15 novembro 2024 Laf\u00f5es Cult Lab (Vouzela) Uma coprodu\u00e7\u00e3o entre a Binaural Nodar e o Munic\u00edpio de Vouzela. [finis\u02c8t\u025brra] \u00e9 a mitologia de um lugar que evoca o fim do mundo. \u00c9 tamb\u00e9m o nome deste\" \/>\n\t<meta name=\"robots\" content=\"max-image-preview:large\" \/>\n\t<meta name=\"author\" content=\"Nely Ferreira\"\/>\n\t<link rel=\"canonical\" href=\"https:\/\/www.binauralmedia.org\/news\/arquivo\/22462\" \/>\n\t<meta name=\"generator\" content=\"All in One SEO (AIOSEO) 5.0.1.1\" \/>\n\t\t<meta property=\"og:locale\" content=\"pt_PT\" \/>\n\t\t<meta property=\"og:site_name\" content=\"binauralmedia.org - Rural Based Sound\/Media Arts &amp; Social Research\" \/>\n\t\t<meta property=\"og:type\" content=\"article\" \/>\n\t\t<meta property=\"og:title\" content=\"Resid\u00eancia Art\u00edstica \u201c[finis\u02c8t\u025brra]\u201d - binauralmedia.org\" \/>\n\t\t<meta property=\"og:description\" content=\"[finis\u02c8t\u025brra] Pr\u00e1ticas e Teorias para um Fim de Mundo Uma cria\u00e7\u00e3o de Sara Vieira Marques Resid\u00eancia art\u00edstica 11 a 15 novembro 2024 Laf\u00f5es Cult Lab (Vouzela) Uma coprodu\u00e7\u00e3o entre a Binaural Nodar e o Munic\u00edpio de Vouzela. [finis\u02c8t\u025brra] \u00e9 a mitologia de um lugar que evoca o fim do mundo. \u00c9 tamb\u00e9m o nome deste\" \/>\n\t\t<meta property=\"og:url\" content=\"https:\/\/www.binauralmedia.org\/news\/arquivo\/22462\" \/>\n\t\t<meta property=\"article:published_time\" content=\"2024-11-04T17:15:16+00:00\" \/>\n\t\t<meta property=\"article:modified_time\" content=\"2024-11-07T17:21:14+00:00\" \/>\n\t\t<meta name=\"twitter:card\" content=\"summary_large_image\" \/>\n\t\t<meta name=\"twitter:title\" content=\"Resid\u00eancia Art\u00edstica \u201c[finis\u02c8t\u025brra]\u201d - binauralmedia.org\" \/>\n\t\t<meta name=\"twitter:description\" content=\"[finis\u02c8t\u025brra] Pr\u00e1ticas e Teorias para um Fim de Mundo Uma cria\u00e7\u00e3o de Sara Vieira Marques Resid\u00eancia art\u00edstica 11 a 15 novembro 2024 Laf\u00f5es Cult Lab (Vouzela) Uma coprodu\u00e7\u00e3o entre a Binaural Nodar e o Munic\u00edpio de Vouzela. [finis\u02c8t\u025brra] \u00e9 a mitologia de um lugar que evoca o fim do mundo. \u00c9 tamb\u00e9m o nome deste\" \/>\n\t\t<script type=\"application\/ld+json\" class=\"aioseo-schema\">\n\t\t\t{\"@context\":\"https:\\\/\\\/schema.org\",\"@graph\":[{\"@type\":\"BlogPosting\",\"@id\":\"https:\\\/\\\/www.binauralmedia.org\\\/news\\\/arquivo\\\/22462#blogposting\",\"name\":\"Resid\\u00eancia Art\\u00edstica \\u201c[finis\\u02c8t\\u025brra]\\u201d - binauralmedia.org\",\"headline\":\"Resid\\u00eancia Art\\u00edstica \\u201c[finis\\u02c8t\\u025brra]\\u201d\",\"author\":{\"@id\":\"https:\\\/\\\/www.binauralmedia.org\\\/news\\\/arquivo\\\/author\\\/nelyferreira#author\"},\"publisher\":{\"@id\":\"https:\\\/\\\/www.binauralmedia.org\\\/news\\\/#organization\"},\"image\":{\"@type\":\"ImageObject\",\"url\":\"https:\\\/\\\/www.binauralmedia.org\\\/news\\\/wp-content\\\/uploads\\\/FInisterra-1200x800-1.tif\"},\"datePublished\":\"2024-11-04T17:15:16+00:00\",\"dateModified\":\"2024-11-07T17:21:14+00:00\",\"inLanguage\":\"pt-PT\",\"mainEntityOfPage\":{\"@id\":\"https:\\\/\\\/www.binauralmedia.org\\\/news\\\/arquivo\\\/22462#webpage\"},\"isPartOf\":{\"@id\":\"https:\\\/\\\/www.binauralmedia.org\\\/news\\\/arquivo\\\/22462#webpage\"},\"articleSection\":\"Not\\u00edcias, Resid\\u00eancias Art\\u00edsticas, Opcional\"},{\"@type\":\"BreadcrumbList\",\"@id\":\"https:\\\/\\\/www.binauralmedia.org\\\/news\\\/arquivo\\\/22462#breadcrumblist\",\"itemListElement\":[{\"@type\":\"ListItem\",\"@id\":\"https:\\\/\\\/www.binauralmedia.org\\\/news#listItem\",\"position\":1,\"name\":\"Home\",\"item\":\"https:\\\/\\\/www.binauralmedia.org\\\/news\",\"nextItem\":{\"@type\":\"ListItem\",\"@id\":\"https:\\\/\\\/www.binauralmedia.org\\\/news\\\/arquivo\\\/category\\\/news#listItem\",\"name\":\"Not\\u00edcias\"}},{\"@type\":\"ListItem\",\"@id\":\"https:\\\/\\\/www.binauralmedia.org\\\/news\\\/arquivo\\\/category\\\/news#listItem\",\"position\":2,\"name\":\"Not\\u00edcias\",\"item\":\"https:\\\/\\\/www.binauralmedia.org\\\/news\\\/arquivo\\\/category\\\/news\",\"nextItem\":{\"@type\":\"ListItem\",\"@id\":\"https:\\\/\\\/www.binauralmedia.org\\\/news\\\/arquivo\\\/22462#listItem\",\"name\":\"Resid\\u00eancia Art\\u00edstica \\u201c[finis\\u02c8t\\u025brra]\\u201d\"},\"previousItem\":{\"@type\":\"ListItem\",\"@id\":\"https:\\\/\\\/www.binauralmedia.org\\\/news#listItem\",\"name\":\"Home\"}},{\"@type\":\"ListItem\",\"@id\":\"https:\\\/\\\/www.binauralmedia.org\\\/news\\\/arquivo\\\/22462#listItem\",\"position\":3,\"name\":\"Resid\\u00eancia Art\\u00edstica \\u201c[finis\\u02c8t\\u025brra]\\u201d\",\"previousItem\":{\"@type\":\"ListItem\",\"@id\":\"https:\\\/\\\/www.binauralmedia.org\\\/news\\\/arquivo\\\/category\\\/news#listItem\",\"name\":\"Not\\u00edcias\"}}]},{\"@type\":\"Organization\",\"@id\":\"https:\\\/\\\/www.binauralmedia.org\\\/news\\\/#organization\",\"name\":\"binauralmedia.org\",\"description\":\"Rural Based Sound\\\/Media Arts & Social Research\",\"url\":\"https:\\\/\\\/www.binauralmedia.org\\\/news\\\/\"},{\"@type\":\"Person\",\"@id\":\"https:\\\/\\\/www.binauralmedia.org\\\/news\\\/arquivo\\\/author\\\/nelyferreira#author\",\"url\":\"https:\\\/\\\/www.binauralmedia.org\\\/news\\\/arquivo\\\/author\\\/nelyferreira\",\"name\":\"Nely Ferreira\"},{\"@type\":\"WebPage\",\"@id\":\"https:\\\/\\\/www.binauralmedia.org\\\/news\\\/arquivo\\\/22462#webpage\",\"url\":\"https:\\\/\\\/www.binauralmedia.org\\\/news\\\/arquivo\\\/22462\",\"name\":\"Resid\\u00eancia Art\\u00edstica \\u201c[finis\\u02c8t\\u025brra]\\u201d - binauralmedia.org\",\"description\":\"[finis\\u02c8t\\u025brra] Pr\\u00e1ticas e Teorias para um Fim de Mundo Uma cria\\u00e7\\u00e3o de Sara Vieira Marques Resid\\u00eancia art\\u00edstica 11 a 15 novembro 2024 Laf\\u00f5es Cult Lab (Vouzela) Uma coprodu\\u00e7\\u00e3o entre a Binaural Nodar e o Munic\\u00edpio de Vouzela. [finis\\u02c8t\\u025brra] \\u00e9 a mitologia de um lugar que evoca o fim do mundo. \\u00c9 tamb\\u00e9m o nome deste\",\"inLanguage\":\"pt-PT\",\"isPartOf\":{\"@id\":\"https:\\\/\\\/www.binauralmedia.org\\\/news\\\/#website\"},\"breadcrumb\":{\"@id\":\"https:\\\/\\\/www.binauralmedia.org\\\/news\\\/arquivo\\\/22462#breadcrumblist\"},\"author\":{\"@id\":\"https:\\\/\\\/www.binauralmedia.org\\\/news\\\/arquivo\\\/author\\\/nelyferreira#author\"},\"creator\":{\"@id\":\"https:\\\/\\\/www.binauralmedia.org\\\/news\\\/arquivo\\\/author\\\/nelyferreira#author\"},\"image\":{\"@type\":\"ImageObject\",\"url\":\"https:\\\/\\\/www.binauralmedia.org\\\/news\\\/wp-content\\\/uploads\\\/FInisterra-1200x800-1.tif\",\"@id\":\"https:\\\/\\\/www.binauralmedia.org\\\/news\\\/arquivo\\\/22462\\\/#mainImage\"},\"primaryImageOfPage\":{\"@id\":\"https:\\\/\\\/www.binauralmedia.org\\\/news\\\/arquivo\\\/22462#mainImage\"},\"datePublished\":\"2024-11-04T17:15:16+00:00\",\"dateModified\":\"2024-11-07T17:21:14+00:00\"},{\"@type\":\"WebSite\",\"@id\":\"https:\\\/\\\/www.binauralmedia.org\\\/news\\\/#website\",\"url\":\"https:\\\/\\\/www.binauralmedia.org\\\/news\\\/\",\"name\":\"binauralmedia.org\",\"description\":\"Rural Based Sound\\\/Media Arts & Social Research\",\"inLanguage\":\"pt-PT\",\"publisher\":{\"@id\":\"https:\\\/\\\/www.binauralmedia.org\\\/news\\\/#organization\"}}]}\n\t\t<\/script>\n\t\t<!-- All in One SEO -->\n\n","aioseo_head_json":{"title":"Resid\u00eancia Art\u00edstica \u201c[finis\u02c8t\u025brra]\u201d - binauralmedia.org","description":"[finis\u02c8t\u025brra] Pr\u00e1ticas e Teorias para um Fim de Mundo Uma cria\u00e7\u00e3o de Sara Vieira Marques Resid\u00eancia art\u00edstica 11 a 15 novembro 2024 Laf\u00f5es Cult Lab (Vouzela) Uma coprodu\u00e7\u00e3o entre a Binaural Nodar e o Munic\u00edpio de Vouzela. [finis\u02c8t\u025brra] \u00e9 a mitologia de um lugar que evoca o fim do mundo. \u00c9 tamb\u00e9m o nome deste","canonical_url":"https:\/\/www.binauralmedia.org\/news\/arquivo\/22462","robots":"max-image-preview:large","keywords":"","webmasterTools":{"miscellaneous":""},"schema":{"@context":"https:\/\/schema.org","@graph":[{"@type":"BlogPosting","@id":"https:\/\/www.binauralmedia.org\/news\/arquivo\/22462#blogposting","name":"Resid\u00eancia Art\u00edstica \u201c[finis\u02c8t\u025brra]\u201d - binauralmedia.org","headline":"Resid\u00eancia Art\u00edstica \u201c[finis\u02c8t\u025brra]\u201d","author":{"@id":"https:\/\/www.binauralmedia.org\/news\/arquivo\/author\/nelyferreira#author"},"publisher":{"@id":"https:\/\/www.binauralmedia.org\/news\/#organization"},"image":{"@type":"ImageObject","url":"https:\/\/www.binauralmedia.org\/news\/wp-content\/uploads\/FInisterra-1200x800-1.tif"},"datePublished":"2024-11-04T17:15:16+00:00","dateModified":"2024-11-07T17:21:14+00:00","inLanguage":"pt-PT","mainEntityOfPage":{"@id":"https:\/\/www.binauralmedia.org\/news\/arquivo\/22462#webpage"},"isPartOf":{"@id":"https:\/\/www.binauralmedia.org\/news\/arquivo\/22462#webpage"},"articleSection":"Not\u00edcias, Resid\u00eancias Art\u00edsticas, Opcional"},{"@type":"BreadcrumbList","@id":"https:\/\/www.binauralmedia.org\/news\/arquivo\/22462#breadcrumblist","itemListElement":[{"@type":"ListItem","@id":"https:\/\/www.binauralmedia.org\/news#listItem","position":1,"name":"Home","item":"https:\/\/www.binauralmedia.org\/news","nextItem":{"@type":"ListItem","@id":"https:\/\/www.binauralmedia.org\/news\/arquivo\/category\/news#listItem","name":"Not\u00edcias"}},{"@type":"ListItem","@id":"https:\/\/www.binauralmedia.org\/news\/arquivo\/category\/news#listItem","position":2,"name":"Not\u00edcias","item":"https:\/\/www.binauralmedia.org\/news\/arquivo\/category\/news","nextItem":{"@type":"ListItem","@id":"https:\/\/www.binauralmedia.org\/news\/arquivo\/22462#listItem","name":"Resid\u00eancia Art\u00edstica \u201c[finis\u02c8t\u025brra]\u201d"},"previousItem":{"@type":"ListItem","@id":"https:\/\/www.binauralmedia.org\/news#listItem","name":"Home"}},{"@type":"ListItem","@id":"https:\/\/www.binauralmedia.org\/news\/arquivo\/22462#listItem","position":3,"name":"Resid\u00eancia Art\u00edstica \u201c[finis\u02c8t\u025brra]\u201d","previousItem":{"@type":"ListItem","@id":"https:\/\/www.binauralmedia.org\/news\/arquivo\/category\/news#listItem","name":"Not\u00edcias"}}]},{"@type":"Organization","@id":"https:\/\/www.binauralmedia.org\/news\/#organization","name":"binauralmedia.org","description":"Rural Based Sound\/Media Arts & Social Research","url":"https:\/\/www.binauralmedia.org\/news\/"},{"@type":"Person","@id":"https:\/\/www.binauralmedia.org\/news\/arquivo\/author\/nelyferreira#author","url":"https:\/\/www.binauralmedia.org\/news\/arquivo\/author\/nelyferreira","name":"Nely Ferreira"},{"@type":"WebPage","@id":"https:\/\/www.binauralmedia.org\/news\/arquivo\/22462#webpage","url":"https:\/\/www.binauralmedia.org\/news\/arquivo\/22462","name":"Resid\u00eancia Art\u00edstica \u201c[finis\u02c8t\u025brra]\u201d - binauralmedia.org","description":"[finis\u02c8t\u025brra] Pr\u00e1ticas e Teorias para um Fim de Mundo Uma cria\u00e7\u00e3o de Sara Vieira Marques Resid\u00eancia art\u00edstica 11 a 15 novembro 2024 Laf\u00f5es Cult Lab (Vouzela) Uma coprodu\u00e7\u00e3o entre a Binaural Nodar e o Munic\u00edpio de Vouzela. [finis\u02c8t\u025brra] \u00e9 a mitologia de um lugar que evoca o fim do mundo. \u00c9 tamb\u00e9m o nome deste","inLanguage":"pt-PT","isPartOf":{"@id":"https:\/\/www.binauralmedia.org\/news\/#website"},"breadcrumb":{"@id":"https:\/\/www.binauralmedia.org\/news\/arquivo\/22462#breadcrumblist"},"author":{"@id":"https:\/\/www.binauralmedia.org\/news\/arquivo\/author\/nelyferreira#author"},"creator":{"@id":"https:\/\/www.binauralmedia.org\/news\/arquivo\/author\/nelyferreira#author"},"image":{"@type":"ImageObject","url":"https:\/\/www.binauralmedia.org\/news\/wp-content\/uploads\/FInisterra-1200x800-1.tif","@id":"https:\/\/www.binauralmedia.org\/news\/arquivo\/22462\/#mainImage"},"primaryImageOfPage":{"@id":"https:\/\/www.binauralmedia.org\/news\/arquivo\/22462#mainImage"},"datePublished":"2024-11-04T17:15:16+00:00","dateModified":"2024-11-07T17:21:14+00:00"},{"@type":"WebSite","@id":"https:\/\/www.binauralmedia.org\/news\/#website","url":"https:\/\/www.binauralmedia.org\/news\/","name":"binauralmedia.org","description":"Rural Based Sound\/Media Arts & Social Research","inLanguage":"pt-PT","publisher":{"@id":"https:\/\/www.binauralmedia.org\/news\/#organization"}}]},"og:locale":"pt_PT","og:site_name":"binauralmedia.org - Rural Based Sound\/Media Arts &amp; Social Research","og:type":"article","og:title":"Resid\u00eancia Art\u00edstica \u201c[finis\u02c8t\u025brra]\u201d - binauralmedia.org","og:description":"[finis\u02c8t\u025brra] Pr\u00e1ticas e Teorias para um Fim de Mundo Uma cria\u00e7\u00e3o de Sara Vieira Marques Resid\u00eancia art\u00edstica 11 a 15 novembro 2024 Laf\u00f5es Cult Lab (Vouzela) Uma coprodu\u00e7\u00e3o entre a Binaural Nodar e o Munic\u00edpio de Vouzela. [finis\u02c8t\u025brra] \u00e9 a mitologia de um lugar que evoca o fim do mundo. \u00c9 tamb\u00e9m o nome deste","og:url":"https:\/\/www.binauralmedia.org\/news\/arquivo\/22462","article:published_time":"2024-11-04T17:15:16+00:00","article:modified_time":"2024-11-07T17:21:14+00:00","twitter:card":"summary_large_image","twitter:title":"Resid\u00eancia Art\u00edstica \u201c[finis\u02c8t\u025brra]\u201d - binauralmedia.org","twitter:description":"[finis\u02c8t\u025brra] Pr\u00e1ticas e Teorias para um Fim de Mundo Uma cria\u00e7\u00e3o de Sara Vieira Marques Resid\u00eancia art\u00edstica 11 a 15 novembro 2024 Laf\u00f5es Cult Lab (Vouzela) Uma coprodu\u00e7\u00e3o entre a Binaural Nodar e o Munic\u00edpio de Vouzela. [finis\u02c8t\u025brra] \u00e9 a mitologia de um lugar que evoca o fim do mundo. \u00c9 tamb\u00e9m o nome deste"},"aioseo_meta_data":{"post_id":"22462","title":null,"description":null,"keywords":null,"keyphrases":null,"primary_term":null,"canonical_url":null,"og_title":null,"og_description":null,"og_object_type":"default","og_image_type":"default","og_image_custom_url":null,"og_image_custom_fields":null,"og_image_url":null,"og_image_width":null,"og_image_height":null,"og_video":null,"og_custom_url":null,"og_article_section":null,"og_article_tags":null,"twitter_use_og":false,"twitter_card":"default","twitter_image_type":"default","twitter_image_custom_url":null,"twitter_image_custom_fields":null,"twitter_image_url":null,"twitter_title":null,"twitter_description":null,"schema_type":"default","schema_type_options":null,"schema":{"blockGraphs":[],"customGraphs":[],"default":{"data":{"Article":[],"Course":[],"Dataset":[],"FAQPage":[],"Movie":[],"Person":[],"Product":[],"ProductReview":[],"Car":[],"Recipe":[],"Service":[],"SoftwareApplication":[],"WebPage":[]},"graphName":"","isEnabled":true},"graphs":[]},"pillar_content":false,"robots_default":true,"robots_noindex":false,"robots_noarchive":false,"robots_nosnippet":false,"robots_nofollow":false,"robots_noimageindex":false,"robots_noodp":false,"robots_notranslate":false,"robots_max_snippet":null,"robots_max_videopreview":null,"robots_max_imagepreview":"large","priority":null,"frequency":null,"local_seo":null,"limit_modified_date":false,"ai":null,"breadcrumb_settings":null,"seo_analyzer_scan_date":null,"created":"2026-08-05 07:43:30","updated":"2026-08-05 07:43:30","focus_keyword":null,"additional_keywords":null,"truseo_locale":null},"aioseo_breadcrumb":"<div class=\"aioseo-breadcrumbs\"><span class=\"aioseo-breadcrumb\">\n\t\t\t<a href=\"https:\/\/www.binauralmedia.org\/news\" title=\"Home\">Home<\/a>\n\t\t<\/span><span class=\"aioseo-breadcrumb-separator\">&raquo;<\/span><span class=\"aioseo-breadcrumb\">\n\t\t\t<a href=\"https:\/\/www.binauralmedia.org\/news\/arquivo\/category\/news\" title=\"Not\u00edcias\">Not\u00edcias<\/a>\n\t\t<\/span><span class=\"aioseo-breadcrumb-separator\">&raquo;<\/span><span class=\"aioseo-breadcrumb\">\n\t\t\tResid\u00eancia Art\u00edstica \u201c[finis\u02c8t\u025brra]\u201d\n\t\t<\/span><\/div>","aioseo_breadcrumb_json":[{"label":"Home","link":"https:\/\/www.binauralmedia.org\/news"},{"label":"Not\u00edcias","link":"https:\/\/www.binauralmedia.org\/news\/arquivo\/category\/news"},{"label":"Resid\u00eancia Art\u00edstica \u201c[finis\u02c8t\u025brra]\u201d","link":"https:\/\/www.binauralmedia.org\/news\/arquivo\/22462"}],"_links":{"self":[{"href":"https:\/\/www.binauralmedia.org\/news\/wp-json\/wp\/v2\/posts\/22462","targetHints":{"allow":["GET"]}}],"collection":[{"href":"https:\/\/www.binauralmedia.org\/news\/wp-json\/wp\/v2\/posts"}],"about":[{"href":"https:\/\/www.binauralmedia.org\/news\/wp-json\/wp\/v2\/types\/post"}],"author":[{"embeddable":true,"href":"https:\/\/www.binauralmedia.org\/news\/wp-json\/wp\/v2\/users\/8"}],"replies":[{"embeddable":true,"href":"https:\/\/www.binauralmedia.org\/news\/wp-json\/wp\/v2\/comments?post=22462"}],"version-history":[{"count":2,"href":"https:\/\/www.binauralmedia.org\/news\/wp-json\/wp\/v2\/posts\/22462\/revisions"}],"predecessor-version":[{"id":22492,"href":"https:\/\/www.binauralmedia.org\/news\/wp-json\/wp\/v2\/posts\/22462\/revisions\/22492"}],"wp:featuredmedia":[{"embeddable":true,"href":"https:\/\/www.binauralmedia.org\/news\/wp-json\/wp\/v2\/media\/22464"}],"wp:attachment":[{"href":"https:\/\/www.binauralmedia.org\/news\/wp-json\/wp\/v2\/media?parent=22462"}],"wp:term":[{"taxonomy":"category","embeddable":true,"href":"https:\/\/www.binauralmedia.org\/news\/wp-json\/wp\/v2\/categories?post=22462"},{"taxonomy":"post_tag","embeddable":true,"href":"https:\/\/www.binauralmedia.org\/news\/wp-json\/wp\/v2\/tags?post=22462"}],"curies":[{"name":"wp","href":"https:\/\/api.w.org\/{rel}","templated":true}]}}