{"id":22439,"date":"2024-10-19T14:46:47","date_gmt":"2024-10-19T14:46:47","guid":{"rendered":"https:\/\/www.binauralmedia.org\/news?p=22439"},"modified":"2024-11-07T16:25:19","modified_gmt":"2024-11-07T16:25:19","slug":"inaugurou-a-exposicao-aqua-femina-o-fluxo-da-vida-rural-feminina-em-vouzela","status":"publish","type":"post","link":"https:\/\/www.binauralmedia.org\/news\/arquivo\/22439","title":{"rendered":"Inaugurou a exposi\u00e7\u00e3o &#8220;Aqua Femina: O Fluxo da Vida Rural Feminina&#8221; em Vouzela"},"content":{"rendered":"<p>AQUA FEMINA: O FLUXO DA VIDA RURAL FEMININA<br \/>\nExposi\u00e7\u00e3o documental e multim\u00e9dia<br \/>\nDe Liliana Silva e Lu\u00eds Costa<br \/>\nDe 15 de outubro a 7 novembro 2024<br \/>\nLaf\u00f5es Cult Lab (Vouzela)<\/p>\n<p>No passado dia 15 de outubro, Dia Internacional da Mulher Rural, inaugurou no espa\u00e7o Laf\u00f5es Cult Lab a exposi\u00e7\u00e3o &#8220;Aqua Femina: O fluxo da vida rural feminina&#8221;, com a presen\u00e7a da Exma. Ministra da Juventude e Moderniza\u00e7\u00e3o do XXIV Governo Constitucional, Dra. Margarida Balseiro Lopes, do Exmo. Presidente do Munic\u00edpio de Vouzela, Dr. Carlos Oliveira, de v\u00e1rios representantes de entidades locais e de muito p\u00fablico. A exposi\u00e7\u00e3o foi apresentada pelo coordenador da Binaural Nodar, Luis Gomes da Costa.<\/p>\n<p>Esta exposi\u00e7\u00e3o constituiu uma homenagem \u00e0s mulheres rurais de Vouzela e da regi\u00e3o de Laf\u00f5es, tanto de tempos passados, como da atualidade, estimulando uma compreens\u00e3o sobre o papel do universo feminino na defini\u00e7\u00e3o da cosmovis\u00e3o do mundo rural, usando a \u00e1gua como aspeto carregado de simbolismo, um que est\u00e1 ligado ao nascimento, ao baptismo, aos trabalhos agr\u00edcolas e \u00e0 vida social em geral.<\/p>\n<p>A exposi\u00e7\u00e3o conta com o apoio do Munic\u00edpio de Vouzela, estando igualmente integrada no projeto Europa Criativa Rede Tramontana, que re\u00fane 11 parceiros que trabalham em zonas de montanha de Portugal, Espanha, Fran\u00e7a, It\u00e1lia, Rom\u00e9nia, Alb\u00e2nia e Pol\u00f3nia.<\/p>\n<p>Fotografias de Liliana Silva e de Ana Margarida Ferreira para a Binaural Nodar.<\/p>\n<p>A Binaural Nodar \u00e9 uma entidade apoiada pela Rep\u00fablica Portuguesa &#8211; Cultura | Dire\u00e7\u00e3o-Geral das Artes.<\/p>\n\n","protected":false},"excerpt":{"rendered":"<p>AQUA FEMINA: O FLUXO DA VIDA RURAL FEMININA Exposi\u00e7\u00e3o documental  [&#8230;]<\/p>\n","protected":false},"author":8,"featured_media":22440,"comment_status":"closed","ping_status":"closed","sticky":false,"template":"","format":"standard","meta":{"_acf_changed":false,"_bbp_topic_count":0,"_bbp_reply_count":0,"_bbp_total_topic_count":0,"_bbp_total_reply_count":0,"_bbp_voice_count":0,"_bbp_anonymous_reply_count":0,"_bbp_topic_count_hidden":0,"_bbp_reply_count_hidden":0,"_bbp_forum_subforum_count":0,"footnotes":""},"categories":[1],"tags":[],"class_list":["post-22439","post","type-post","status-publish","format-standard","has-post-thumbnail","hentry","category-news"],"acf":[],"aioseo_notices":[],"aioseo_head":"\n\t\t<!-- All in One SEO 5.0.1.1 - aioseo.com -->\n\t<meta name=\"description\" content=\"AQUA FEMINA: O FLUXO DA VIDA RURAL FEMININA Exposi\u00e7\u00e3o documental e multim\u00e9dia De Liliana Silva e Lu\u00eds Costa De 15 de outubro a 7 novembro 2024 Laf\u00f5es Cult Lab (Vouzela) No passado dia 15 de outubro, Dia Internacional da Mulher Rural, inaugurou no espa\u00e7o Laf\u00f5es Cult Lab a exposi\u00e7\u00e3o &quot;Aqua Femina: O fluxo da vida\" \/>\n\t<meta name=\"robots\" content=\"max-image-preview:large\" \/>\n\t<meta name=\"author\" content=\"Nely Ferreira\"\/>\n\t<link rel=\"canonical\" href=\"https:\/\/www.binauralmedia.org\/news\/arquivo\/22439\" \/>\n\t<meta name=\"generator\" content=\"All in One SEO (AIOSEO) 5.0.1.1\" \/>\n\t\t<meta property=\"og:locale\" content=\"pt_PT\" \/>\n\t\t<meta property=\"og:site_name\" content=\"binauralmedia.org - Rural Based Sound\/Media Arts &amp; Social Research\" \/>\n\t\t<meta property=\"og:type\" content=\"article\" \/>\n\t\t<meta property=\"og:title\" content=\"Inaugurou a exposi\u00e7\u00e3o \u201cAqua Femina: O Fluxo da Vida Rural Feminina\u201d em Vouzela - binauralmedia.org\" \/>\n\t\t<meta property=\"og:description\" content=\"AQUA FEMINA: O FLUXO DA VIDA RURAL FEMININA Exposi\u00e7\u00e3o documental e multim\u00e9dia De Liliana Silva e Lu\u00eds Costa De 15 de outubro a 7 novembro 2024 Laf\u00f5es Cult Lab (Vouzela) No passado dia 15 de outubro, Dia Internacional da Mulher Rural, inaugurou no espa\u00e7o Laf\u00f5es Cult Lab a exposi\u00e7\u00e3o &quot;Aqua Femina: O fluxo da vida\" \/>\n\t\t<meta property=\"og:url\" content=\"https:\/\/www.binauralmedia.org\/news\/arquivo\/22439\" \/>\n\t\t<meta property=\"article:published_time\" content=\"2024-10-19T14:46:47+00:00\" \/>\n\t\t<meta property=\"article:modified_time\" content=\"2024-11-07T16:25:19+00:00\" \/>\n\t\t<meta name=\"twitter:card\" content=\"summary_large_image\" \/>\n\t\t<meta name=\"twitter:title\" content=\"Inaugurou a exposi\u00e7\u00e3o \u201cAqua Femina: O Fluxo da Vida Rural Feminina\u201d em Vouzela - binauralmedia.org\" \/>\n\t\t<meta name=\"twitter:description\" content=\"AQUA FEMINA: O FLUXO DA VIDA RURAL FEMININA Exposi\u00e7\u00e3o documental e multim\u00e9dia De Liliana Silva e Lu\u00eds Costa De 15 de outubro a 7 novembro 2024 Laf\u00f5es Cult Lab (Vouzela) No passado dia 15 de outubro, Dia Internacional da Mulher Rural, inaugurou no espa\u00e7o Laf\u00f5es Cult Lab a exposi\u00e7\u00e3o &quot;Aqua Femina: O fluxo da vida\" \/>\n\t\t<script type=\"application\/ld+json\" class=\"aioseo-schema\">\n\t\t\t{\"@context\":\"https:\\\/\\\/schema.org\",\"@graph\":[{\"@type\":\"BlogPosting\",\"@id\":\"https:\\\/\\\/www.binauralmedia.org\\\/news\\\/arquivo\\\/22439#blogposting\",\"name\":\"Inaugurou a exposi\\u00e7\\u00e3o \\u201cAqua Femina: O Fluxo da Vida Rural Feminina\\u201d em Vouzela - binauralmedia.org\",\"headline\":\"Inaugurou a exposi\\u00e7\\u00e3o &#8220;Aqua Femina: O Fluxo da Vida Rural Feminina&#8221; em Vouzela\",\"author\":{\"@id\":\"https:\\\/\\\/www.binauralmedia.org\\\/news\\\/arquivo\\\/author\\\/nelyferreira#author\"},\"publisher\":{\"@id\":\"https:\\\/\\\/www.binauralmedia.org\\\/news\\\/#organization\"},\"image\":{\"@type\":\"ImageObject\",\"url\":\"https:\\\/\\\/www.binauralmedia.org\\\/news\\\/wp-content\\\/uploads\\\/Aqua-Fimina.png\",\"width\":1200,\"height\":800},\"datePublished\":\"2024-10-19T14:46:47+00:00\",\"dateModified\":\"2024-11-07T16:25:19+00:00\",\"inLanguage\":\"pt-PT\",\"mainEntityOfPage\":{\"@id\":\"https:\\\/\\\/www.binauralmedia.org\\\/news\\\/arquivo\\\/22439#webpage\"},\"isPartOf\":{\"@id\":\"https:\\\/\\\/www.binauralmedia.org\\\/news\\\/arquivo\\\/22439#webpage\"},\"articleSection\":\"Not\\u00edcias, Opcional\"},{\"@type\":\"BreadcrumbList\",\"@id\":\"https:\\\/\\\/www.binauralmedia.org\\\/news\\\/arquivo\\\/22439#breadcrumblist\",\"itemListElement\":[{\"@type\":\"ListItem\",\"@id\":\"https:\\\/\\\/www.binauralmedia.org\\\/news#listItem\",\"position\":1,\"name\":\"Home\",\"item\":\"https:\\\/\\\/www.binauralmedia.org\\\/news\",\"nextItem\":{\"@type\":\"ListItem\",\"@id\":\"https:\\\/\\\/www.binauralmedia.org\\\/news\\\/arquivo\\\/category\\\/news#listItem\",\"name\":\"Not\\u00edcias\"}},{\"@type\":\"ListItem\",\"@id\":\"https:\\\/\\\/www.binauralmedia.org\\\/news\\\/arquivo\\\/category\\\/news#listItem\",\"position\":2,\"name\":\"Not\\u00edcias\",\"item\":\"https:\\\/\\\/www.binauralmedia.org\\\/news\\\/arquivo\\\/category\\\/news\",\"nextItem\":{\"@type\":\"ListItem\",\"@id\":\"https:\\\/\\\/www.binauralmedia.org\\\/news\\\/arquivo\\\/22439#listItem\",\"name\":\"Inaugurou a exposi\\u00e7\\u00e3o &#8220;Aqua Femina: O Fluxo da Vida Rural Feminina&#8221; em Vouzela\"},\"previousItem\":{\"@type\":\"ListItem\",\"@id\":\"https:\\\/\\\/www.binauralmedia.org\\\/news#listItem\",\"name\":\"Home\"}},{\"@type\":\"ListItem\",\"@id\":\"https:\\\/\\\/www.binauralmedia.org\\\/news\\\/arquivo\\\/22439#listItem\",\"position\":3,\"name\":\"Inaugurou a exposi\\u00e7\\u00e3o &#8220;Aqua Femina: O Fluxo da Vida Rural Feminina&#8221; em Vouzela\",\"previousItem\":{\"@type\":\"ListItem\",\"@id\":\"https:\\\/\\\/www.binauralmedia.org\\\/news\\\/arquivo\\\/category\\\/news#listItem\",\"name\":\"Not\\u00edcias\"}}]},{\"@type\":\"Organization\",\"@id\":\"https:\\\/\\\/www.binauralmedia.org\\\/news\\\/#organization\",\"name\":\"binauralmedia.org\",\"description\":\"Rural Based Sound\\\/Media Arts & Social Research\",\"url\":\"https:\\\/\\\/www.binauralmedia.org\\\/news\\\/\"},{\"@type\":\"Person\",\"@id\":\"https:\\\/\\\/www.binauralmedia.org\\\/news\\\/arquivo\\\/author\\\/nelyferreira#author\",\"url\":\"https:\\\/\\\/www.binauralmedia.org\\\/news\\\/arquivo\\\/author\\\/nelyferreira\",\"name\":\"Nely Ferreira\"},{\"@type\":\"WebPage\",\"@id\":\"https:\\\/\\\/www.binauralmedia.org\\\/news\\\/arquivo\\\/22439#webpage\",\"url\":\"https:\\\/\\\/www.binauralmedia.org\\\/news\\\/arquivo\\\/22439\",\"name\":\"Inaugurou a exposi\\u00e7\\u00e3o \\u201cAqua Femina: O Fluxo da Vida Rural Feminina\\u201d em Vouzela - binauralmedia.org\",\"description\":\"AQUA FEMINA: O FLUXO DA VIDA RURAL FEMININA Exposi\\u00e7\\u00e3o documental e multim\\u00e9dia De Liliana Silva e Lu\\u00eds Costa De 15 de outubro a 7 novembro 2024 Laf\\u00f5es Cult Lab (Vouzela) No passado dia 15 de outubro, Dia Internacional da Mulher Rural, inaugurou no espa\\u00e7o Laf\\u00f5es Cult Lab a exposi\\u00e7\\u00e3o \\\"Aqua Femina: O fluxo da vida\",\"inLanguage\":\"pt-PT\",\"isPartOf\":{\"@id\":\"https:\\\/\\\/www.binauralmedia.org\\\/news\\\/#website\"},\"breadcrumb\":{\"@id\":\"https:\\\/\\\/www.binauralmedia.org\\\/news\\\/arquivo\\\/22439#breadcrumblist\"},\"author\":{\"@id\":\"https:\\\/\\\/www.binauralmedia.org\\\/news\\\/arquivo\\\/author\\\/nelyferreira#author\"},\"creator\":{\"@id\":\"https:\\\/\\\/www.binauralmedia.org\\\/news\\\/arquivo\\\/author\\\/nelyferreira#author\"},\"image\":{\"@type\":\"ImageObject\",\"url\":\"https:\\\/\\\/www.binauralmedia.org\\\/news\\\/wp-content\\\/uploads\\\/Aqua-Fimina.png\",\"@id\":\"https:\\\/\\\/www.binauralmedia.org\\\/news\\\/arquivo\\\/22439\\\/#mainImage\",\"width\":1200,\"height\":800},\"primaryImageOfPage\":{\"@id\":\"https:\\\/\\\/www.binauralmedia.org\\\/news\\\/arquivo\\\/22439#mainImage\"},\"datePublished\":\"2024-10-19T14:46:47+00:00\",\"dateModified\":\"2024-11-07T16:25:19+00:00\"},{\"@type\":\"WebSite\",\"@id\":\"https:\\\/\\\/www.binauralmedia.org\\\/news\\\/#website\",\"url\":\"https:\\\/\\\/www.binauralmedia.org\\\/news\\\/\",\"name\":\"binauralmedia.org\",\"description\":\"Rural Based Sound\\\/Media Arts & Social Research\",\"inLanguage\":\"pt-PT\",\"publisher\":{\"@id\":\"https:\\\/\\\/www.binauralmedia.org\\\/news\\\/#organization\"}}]}\n\t\t<\/script>\n\t\t<!-- All in One SEO -->\n\n","aioseo_head_json":{"title":"Inaugurou a exposi\u00e7\u00e3o \u201cAqua Femina: O Fluxo da Vida Rural Feminina\u201d em Vouzela - binauralmedia.org","description":"AQUA FEMINA: O FLUXO DA VIDA RURAL FEMININA Exposi\u00e7\u00e3o documental e multim\u00e9dia De Liliana Silva e Lu\u00eds Costa De 15 de outubro a 7 novembro 2024 Laf\u00f5es Cult Lab (Vouzela) No passado dia 15 de outubro, Dia Internacional da Mulher Rural, inaugurou no espa\u00e7o Laf\u00f5es Cult Lab a exposi\u00e7\u00e3o \"Aqua Femina: O fluxo da vida","canonical_url":"https:\/\/www.binauralmedia.org\/news\/arquivo\/22439","robots":"max-image-preview:large","keywords":"","webmasterTools":{"miscellaneous":""},"schema":{"@context":"https:\/\/schema.org","@graph":[{"@type":"BlogPosting","@id":"https:\/\/www.binauralmedia.org\/news\/arquivo\/22439#blogposting","name":"Inaugurou a exposi\u00e7\u00e3o \u201cAqua Femina: O Fluxo da Vida Rural Feminina\u201d em Vouzela - binauralmedia.org","headline":"Inaugurou a exposi\u00e7\u00e3o &#8220;Aqua Femina: O Fluxo da Vida Rural Feminina&#8221; em Vouzela","author":{"@id":"https:\/\/www.binauralmedia.org\/news\/arquivo\/author\/nelyferreira#author"},"publisher":{"@id":"https:\/\/www.binauralmedia.org\/news\/#organization"},"image":{"@type":"ImageObject","url":"https:\/\/www.binauralmedia.org\/news\/wp-content\/uploads\/Aqua-Fimina.png","width":1200,"height":800},"datePublished":"2024-10-19T14:46:47+00:00","dateModified":"2024-11-07T16:25:19+00:00","inLanguage":"pt-PT","mainEntityOfPage":{"@id":"https:\/\/www.binauralmedia.org\/news\/arquivo\/22439#webpage"},"isPartOf":{"@id":"https:\/\/www.binauralmedia.org\/news\/arquivo\/22439#webpage"},"articleSection":"Not\u00edcias, Opcional"},{"@type":"BreadcrumbList","@id":"https:\/\/www.binauralmedia.org\/news\/arquivo\/22439#breadcrumblist","itemListElement":[{"@type":"ListItem","@id":"https:\/\/www.binauralmedia.org\/news#listItem","position":1,"name":"Home","item":"https:\/\/www.binauralmedia.org\/news","nextItem":{"@type":"ListItem","@id":"https:\/\/www.binauralmedia.org\/news\/arquivo\/category\/news#listItem","name":"Not\u00edcias"}},{"@type":"ListItem","@id":"https:\/\/www.binauralmedia.org\/news\/arquivo\/category\/news#listItem","position":2,"name":"Not\u00edcias","item":"https:\/\/www.binauralmedia.org\/news\/arquivo\/category\/news","nextItem":{"@type":"ListItem","@id":"https:\/\/www.binauralmedia.org\/news\/arquivo\/22439#listItem","name":"Inaugurou a exposi\u00e7\u00e3o &#8220;Aqua Femina: O Fluxo da Vida Rural Feminina&#8221; em Vouzela"},"previousItem":{"@type":"ListItem","@id":"https:\/\/www.binauralmedia.org\/news#listItem","name":"Home"}},{"@type":"ListItem","@id":"https:\/\/www.binauralmedia.org\/news\/arquivo\/22439#listItem","position":3,"name":"Inaugurou a exposi\u00e7\u00e3o &#8220;Aqua Femina: O Fluxo da Vida Rural Feminina&#8221; em Vouzela","previousItem":{"@type":"ListItem","@id":"https:\/\/www.binauralmedia.org\/news\/arquivo\/category\/news#listItem","name":"Not\u00edcias"}}]},{"@type":"Organization","@id":"https:\/\/www.binauralmedia.org\/news\/#organization","name":"binauralmedia.org","description":"Rural Based Sound\/Media Arts & Social Research","url":"https:\/\/www.binauralmedia.org\/news\/"},{"@type":"Person","@id":"https:\/\/www.binauralmedia.org\/news\/arquivo\/author\/nelyferreira#author","url":"https:\/\/www.binauralmedia.org\/news\/arquivo\/author\/nelyferreira","name":"Nely Ferreira"},{"@type":"WebPage","@id":"https:\/\/www.binauralmedia.org\/news\/arquivo\/22439#webpage","url":"https:\/\/www.binauralmedia.org\/news\/arquivo\/22439","name":"Inaugurou a exposi\u00e7\u00e3o \u201cAqua Femina: O Fluxo da Vida Rural Feminina\u201d em Vouzela - binauralmedia.org","description":"AQUA FEMINA: O FLUXO DA VIDA RURAL FEMININA Exposi\u00e7\u00e3o documental e multim\u00e9dia De Liliana Silva e Lu\u00eds Costa De 15 de outubro a 7 novembro 2024 Laf\u00f5es Cult Lab (Vouzela) No passado dia 15 de outubro, Dia Internacional da Mulher Rural, inaugurou no espa\u00e7o Laf\u00f5es Cult Lab a exposi\u00e7\u00e3o \"Aqua Femina: O fluxo da vida","inLanguage":"pt-PT","isPartOf":{"@id":"https:\/\/www.binauralmedia.org\/news\/#website"},"breadcrumb":{"@id":"https:\/\/www.binauralmedia.org\/news\/arquivo\/22439#breadcrumblist"},"author":{"@id":"https:\/\/www.binauralmedia.org\/news\/arquivo\/author\/nelyferreira#author"},"creator":{"@id":"https:\/\/www.binauralmedia.org\/news\/arquivo\/author\/nelyferreira#author"},"image":{"@type":"ImageObject","url":"https:\/\/www.binauralmedia.org\/news\/wp-content\/uploads\/Aqua-Fimina.png","@id":"https:\/\/www.binauralmedia.org\/news\/arquivo\/22439\/#mainImage","width":1200,"height":800},"primaryImageOfPage":{"@id":"https:\/\/www.binauralmedia.org\/news\/arquivo\/22439#mainImage"},"datePublished":"2024-10-19T14:46:47+00:00","dateModified":"2024-11-07T16:25:19+00:00"},{"@type":"WebSite","@id":"https:\/\/www.binauralmedia.org\/news\/#website","url":"https:\/\/www.binauralmedia.org\/news\/","name":"binauralmedia.org","description":"Rural Based Sound\/Media Arts & Social Research","inLanguage":"pt-PT","publisher":{"@id":"https:\/\/www.binauralmedia.org\/news\/#organization"}}]},"og:locale":"pt_PT","og:site_name":"binauralmedia.org - Rural Based Sound\/Media Arts &amp; Social Research","og:type":"article","og:title":"Inaugurou a exposi\u00e7\u00e3o \u201cAqua Femina: O Fluxo da Vida Rural Feminina\u201d em Vouzela - binauralmedia.org","og:description":"AQUA FEMINA: O FLUXO DA VIDA RURAL FEMININA Exposi\u00e7\u00e3o documental e multim\u00e9dia De Liliana Silva e Lu\u00eds Costa De 15 de outubro a 7 novembro 2024 Laf\u00f5es Cult Lab (Vouzela) No passado dia 15 de outubro, Dia Internacional da Mulher Rural, inaugurou no espa\u00e7o Laf\u00f5es Cult Lab a exposi\u00e7\u00e3o &quot;Aqua Femina: O fluxo da vida","og:url":"https:\/\/www.binauralmedia.org\/news\/arquivo\/22439","article:published_time":"2024-10-19T14:46:47+00:00","article:modified_time":"2024-11-07T16:25:19+00:00","twitter:card":"summary_large_image","twitter:title":"Inaugurou a exposi\u00e7\u00e3o \u201cAqua Femina: O Fluxo da Vida Rural Feminina\u201d em Vouzela - binauralmedia.org","twitter:description":"AQUA FEMINA: O FLUXO DA VIDA RURAL FEMININA Exposi\u00e7\u00e3o documental e multim\u00e9dia De Liliana Silva e Lu\u00eds Costa De 15 de outubro a 7 novembro 2024 Laf\u00f5es Cult Lab (Vouzela) No passado dia 15 de outubro, Dia Internacional da Mulher Rural, inaugurou no espa\u00e7o Laf\u00f5es Cult Lab a exposi\u00e7\u00e3o &quot;Aqua Femina: O fluxo da vida"},"aioseo_meta_data":{"post_id":"22439","title":null,"description":null,"keywords":null,"keyphrases":null,"primary_term":null,"canonical_url":null,"og_title":null,"og_description":null,"og_object_type":"default","og_image_type":"default","og_image_custom_url":null,"og_image_custom_fields":null,"og_image_url":null,"og_image_width":null,"og_image_height":null,"og_video":null,"og_custom_url":null,"og_article_section":null,"og_article_tags":null,"twitter_use_og":false,"twitter_card":"default","twitter_image_type":"default","twitter_image_custom_url":null,"twitter_image_custom_fields":null,"twitter_image_url":null,"twitter_title":null,"twitter_description":null,"schema_type":"default","schema_type_options":null,"schema":{"blockGraphs":[],"customGraphs":[],"default":{"data":{"Article":[],"Course":[],"Dataset":[],"FAQPage":[],"Movie":[],"Person":[],"Product":[],"ProductReview":[],"Car":[],"Recipe":[],"Service":[],"SoftwareApplication":[],"WebPage":[]},"graphName":"","isEnabled":true},"graphs":[]},"pillar_content":false,"robots_default":true,"robots_noindex":false,"robots_noarchive":false,"robots_nosnippet":false,"robots_nofollow":false,"robots_noimageindex":false,"robots_noodp":false,"robots_notranslate":false,"robots_max_snippet":null,"robots_max_videopreview":null,"robots_max_imagepreview":"large","priority":null,"frequency":null,"local_seo":null,"limit_modified_date":false,"ai":null,"breadcrumb_settings":null,"seo_analyzer_scan_date":null,"created":"2026-08-05 07:41:39","updated":"2026-08-05 07:41:39","focus_keyword":null,"additional_keywords":null,"truseo_locale":null},"aioseo_breadcrumb":"<div class=\"aioseo-breadcrumbs\"><span class=\"aioseo-breadcrumb\">\n\t\t\t<a href=\"https:\/\/www.binauralmedia.org\/news\" title=\"Home\">Home<\/a>\n\t\t<\/span><span class=\"aioseo-breadcrumb-separator\">&raquo;<\/span><span class=\"aioseo-breadcrumb\">\n\t\t\t<a href=\"https:\/\/www.binauralmedia.org\/news\/arquivo\/category\/news\" title=\"Not\u00edcias\">Not\u00edcias<\/a>\n\t\t<\/span><span class=\"aioseo-breadcrumb-separator\">&raquo;<\/span><span class=\"aioseo-breadcrumb\">\n\t\t\tInaugurou a exposi\u00e7\u00e3o \u201cAqua Femina: O Fluxo da Vida Rural Feminina\u201d em Vouzela\n\t\t<\/span><\/div>","aioseo_breadcrumb_json":[{"label":"Home","link":"https:\/\/www.binauralmedia.org\/news"},{"label":"Not\u00edcias","link":"https:\/\/www.binauralmedia.org\/news\/arquivo\/category\/news"},{"label":"Inaugurou a exposi\u00e7\u00e3o &#8220;Aqua Femina: O Fluxo da Vida Rural Feminina&#8221; em Vouzela","link":"https:\/\/www.binauralmedia.org\/news\/arquivo\/22439"}],"_links":{"self":[{"href":"https:\/\/www.binauralmedia.org\/news\/wp-json\/wp\/v2\/posts\/22439","targetHints":{"allow":["GET"]}}],"collection":[{"href":"https:\/\/www.binauralmedia.org\/news\/wp-json\/wp\/v2\/posts"}],"about":[{"href":"https:\/\/www.binauralmedia.org\/news\/wp-json\/wp\/v2\/types\/post"}],"author":[{"embeddable":true,"href":"https:\/\/www.binauralmedia.org\/news\/wp-json\/wp\/v2\/users\/8"}],"replies":[{"embeddable":true,"href":"https:\/\/www.binauralmedia.org\/news\/wp-json\/wp\/v2\/comments?post=22439"}],"version-history":[{"count":1,"href":"https:\/\/www.binauralmedia.org\/news\/wp-json\/wp\/v2\/posts\/22439\/revisions"}],"predecessor-version":[{"id":22442,"href":"https:\/\/www.binauralmedia.org\/news\/wp-json\/wp\/v2\/posts\/22439\/revisions\/22442"}],"wp:featuredmedia":[{"embeddable":true,"href":"https:\/\/www.binauralmedia.org\/news\/wp-json\/wp\/v2\/media\/22440"}],"wp:attachment":[{"href":"https:\/\/www.binauralmedia.org\/news\/wp-json\/wp\/v2\/media?parent=22439"}],"wp:term":[{"taxonomy":"category","embeddable":true,"href":"https:\/\/www.binauralmedia.org\/news\/wp-json\/wp\/v2\/categories?post=22439"},{"taxonomy":"post_tag","embeddable":true,"href":"https:\/\/www.binauralmedia.org\/news\/wp-json\/wp\/v2\/tags?post=22439"}],"curies":[{"name":"wp","href":"https:\/\/api.w.org\/{rel}","templated":true}]}}