{"id":22408,"date":"2024-10-15T16:57:08","date_gmt":"2024-10-15T16:57:08","guid":{"rendered":"https:\/\/www.binauralmedia.org\/news?p=22408"},"modified":"2024-11-07T12:50:05","modified_gmt":"2024-11-07T12:50:05","slug":"exposicao-fotografica-e-sonora-mulheres-de-agua-da-freguesia-de-calde","status":"publish","type":"post","link":"https:\/\/www.binauralmedia.org\/news\/arquivo\/22408","title":{"rendered":"Exposi\u00e7\u00e3o Fotogr\u00e1fica e Sonora &#8220;Mulheres de \u00c1gua da Freguesia de Calde&#8221;"},"content":{"rendered":"<div class=\"fusion-fullwidth fullwidth-box fusion-builder-row-1 fusion-flex-container has-pattern-background has-mask-background nonhundred-percent-fullwidth non-hundred-percent-height-scrolling\" style=\"--awb-border-radius-top-left:0px;--awb-border-radius-top-right:0px;--awb-border-radius-bottom-right:0px;--awb-border-radius-bottom-left:0px;--awb-flex-wrap:wrap;\" ><div class=\"fusion-builder-row fusion-row fusion-flex-align-items-flex-start fusion-flex-content-wrap\" style=\"max-width:1144px;margin-left: calc(-4% \/ 2 );margin-right: calc(-4% \/ 2 );\"><div class=\"fusion-layout-column fusion_builder_column fusion-builder-column-0 fusion_builder_column_1_1 1_1 fusion-flex-column\" style=\"--awb-bg-size:cover;--awb-width-large:100%;--awb-margin-top-large:0px;--awb-spacing-right-large:1.92%;--awb-margin-bottom-large:20px;--awb-spacing-left-large:1.92%;--awb-width-medium:100%;--awb-order-medium:0;--awb-spacing-right-medium:1.92%;--awb-spacing-left-medium:1.92%;--awb-width-small:100%;--awb-order-small:0;--awb-spacing-right-small:1.92%;--awb-spacing-left-small:1.92%;\"><div class=\"fusion-column-wrapper fusion-column-has-shadow fusion-flex-justify-content-flex-start fusion-content-layout-column\"><div class=\"fusion-text fusion-text-1\"><div class=\"xdj266r x11i5rnm xat24cr x1mh8g0r x1vvkbs x126k92a\">\n<div dir=\"auto\">\n<p>MULHERES DE \u00c1GUA DA FREGUESIA DE CALDE<\/p>\n<\/div>\n<\/div>\n<div class=\"x11i5rnm xat24cr x1mh8g0r x1vvkbs xtlvy1s x126k92a\">\n<div dir=\"auto\">Exposi\u00e7\u00e3o fotogr\u00e1fica e sonora<\/div>\n<div dir=\"auto\">\n<p>De Ana Margarida Ferreira e Lu\u00eds Costa<\/p>\n<\/div>\n<\/div>\n<div class=\"x11i5rnm xat24cr x1mh8g0r x1vvkbs xtlvy1s x126k92a\">\n<div dir=\"auto\">De 26 de outubro a 22 de novembro<\/div>\n<div dir=\"auto\">Inaugura\u00e7\u00e3o: S\u00e1bado, 26 de outubro \u00e1s 15h00<\/div>\n<div dir=\"auto\">\n<p>Museu do Linho de V\u00e1rzea de Calde<\/p>\n<\/div>\n<\/div>\n<div class=\"x11i5rnm xat24cr x1mh8g0r x1vvkbs xtlvy1s x126k92a\">\n<div dir=\"auto\">\n<p>Uma coprodu\u00e7\u00e3o entre a Binaural Nodar, o Munic\u00edpio de Viseu e a Freguesia de Calde<\/p>\n<\/div>\n<\/div>\n<div class=\"x11i5rnm xat24cr x1mh8g0r x1vvkbs xtlvy1s x126k92a\">\n<div dir=\"auto\">\n<p>A associa\u00e7\u00e3o Binaural Nodar come\u00e7ou em 2014 a trabalhar na freguesia de Calde, nos dom\u00ednios da etnografia sonora e audiovisual e da cria\u00e7\u00e3o art\u00edstica. Desde o primeiro momento que existiu uma estreita colabora\u00e7\u00e3o com o Munic\u00edpio de Viseu, com a Junta de Freguesia de Calde, com as associa\u00e7\u00f5es locais e com as comunidades das v\u00e1rias aldeias.<\/p>\n<\/div>\n<\/div>\n<div class=\"x11i5rnm xat24cr x1mh8g0r x1vvkbs xtlvy1s x126k92a\">\n<div dir=\"auto\">\n<p>De entre as m\u00faltiplas dimens\u00f5es tem\u00e1ticas que foram exploradas nos \u00faltimos anos, a presen\u00e7a da \u00e1gua enquanto realidade tamb\u00e9m cultural motivou uma s\u00e9rie de projetos criativos (recolhas audiovisuais, exposi\u00e7\u00f5es e resid\u00eancias art\u00edsticas), tal a sua import\u00e2ncia para a sustentabilidade ambiental, econ\u00f3mica e social destas comunidades.<\/p>\n<\/div>\n<\/div>\n<div class=\"x11i5rnm xat24cr x1mh8g0r x1vvkbs xtlvy1s x126k92a\">\n<div dir=\"auto\">\n<p>Por outro lado, o papel das mulheres rurais da freguesia, no contexto dos processos de perpetua\u00e7\u00e3o da mem\u00f3ria e de dinamiza\u00e7\u00e3o social sempre tocou profundamente a equipa da Binaural Nodar, tendo sido tecida ao longo dos anos uma &#8216;manta&#8217; de cumplicidades e de amizades com o universo feminino, a qual em muito facilitou os processos de media\u00e7\u00e3o comunit\u00e1ria. No momento em que a Binaural Nodar regressa \u00e0 freguesia de Calde para uma interven\u00e7\u00e3o continuada, prop\u00f5em-se ligar estas duas dimens\u00f5es: a \u00e1gua e a mulher.<\/p>\n<\/div>\n<\/div>\n<div class=\"x11i5rnm xat24cr x1mh8g0r x1vvkbs xtlvy1s x126k92a\">\n<div dir=\"auto\">\n<p>Aproveitando a ocasi\u00e3o da celebra\u00e7\u00e3o do Dia Internacional da Mulher Rural, no dia 15 de Outubro, arranca no m\u00eas de Outubro o projeto criativo &#8216;Mulheres de \u00c1gua da Freguesia de Calde&#8217; que ter\u00e1 como resultado final uma exposi\u00e7\u00e3o fotogr\u00e1fica e sonora, da autoria de Lu\u00eds Costa e Ana Margarida Ferreira e que inaugurar\u00e1 no dia 26 de outubro de 2024.<\/p>\n<\/div>\n<\/div>\n<div class=\"x11i5rnm xat24cr x1mh8g0r x1vvkbs xtlvy1s x126k92a\">\n<div dir=\"auto\">\n<p>Com este projeto, pretende-se tamb\u00e9m homenagear todas as mulheres, jovens, adultas e anci\u00e3s, da freguesia de Calde, evidenciando a profunda coes\u00e3o intergeracional destas terras situadas a norte da cidade de Viseu, assim como estabelecer uma rela\u00e7\u00e3o simb\u00f3lica entre a mulher e a \u00e1gua, uma que est\u00e1 presente em tantas culturas e civiliza\u00e7\u00f5es, como a placenta da mulher gr\u00e1vida, a \u00e1gua do baptismo; \u00e1gua e purifica\u00e7\u00e3o do corpo, a \u00e1gua da rega dos campos, \u00e1gua e bem estar psicol\u00f3gico, etc.<\/p>\n<\/div>\n<\/div>\n<div class=\"x11i5rnm xat24cr x1mh8g0r x1vvkbs xtlvy1s x126k92a\">\n<div dir=\"auto\">\n<p>\u201cMulheres de \u00e1gua da freguesia de Calde\u201d est\u00e1 integrada na Rede europeia Tramontana, uma iniciativa cofinanciada pelo programa Europa Criativa e que re\u00fane 11 parceiros de 7 pa\u00edses, tendo o patrim\u00f3nio cultural das regi\u00f5es de montanha como tem\u00e1tica de interven\u00e7\u00e3o multidisciplinar, nas \u00e1reas da pesquisa etnogr\u00e1fica sonora e audiovisual, educa\u00e7\u00e3o etnogr\u00e1fica e art\u00edstica, desenvolvimento de arquivos digitais, e da cria\u00e7\u00e3o e programa\u00e7\u00e3o art\u00edstica contempor\u00e2neas.<\/p>\n<\/div>\n<\/div>\n<div class=\"x11i5rnm xat24cr x1mh8g0r x1vvkbs xtlvy1s x126k92a\">\n<div dir=\"auto\">\n<p>A Binaural Nodar \u00e9 uma entidade apoiada pela Rep\u00fablica Portuguesa &#8211; Cultura | Dire\u00e7\u00e3o-Geral das Artes.<\/p>\n<\/div>\n<\/div>\n<\/div><\/div><\/div><\/div><\/div>\n","protected":false},"excerpt":{"rendered":"","protected":false},"author":13,"featured_media":22426,"comment_status":"closed","ping_status":"closed","sticky":false,"template":"","format":"standard","meta":{"_acf_changed":false,"_bbp_topic_count":0,"_bbp_reply_count":0,"_bbp_total_topic_count":0,"_bbp_total_reply_count":0,"_bbp_voice_count":0,"_bbp_anonymous_reply_count":0,"_bbp_topic_count_hidden":0,"_bbp_reply_count_hidden":0,"_bbp_forum_subforum_count":0,"footnotes":""},"categories":[1],"tags":[],"class_list":["post-22408","post","type-post","status-publish","format-standard","has-post-thumbnail","hentry","category-news"],"acf":[],"aioseo_notices":[],"aioseo_head":"\n\t\t<!-- All in One SEO 5.0.1.1 - aioseo.com -->\n\t<meta name=\"description\" content=\"MULHERES DE \u00c1GUA DA FREGUESIA DE CALDE Exposi\u00e7\u00e3o fotogr\u00e1fica e sonora De Ana Margarida Ferreira e Lu\u00eds Costa De 26 de outubro a 22 de novembro Inaugura\u00e7\u00e3o: S\u00e1bado, 26 de outubro \u00e1s 15h00 Museu do Linho de V\u00e1rzea de Calde Uma coprodu\u00e7\u00e3o entre a Binaural Nodar, o Munic\u00edpio de Viseu e a Freguesia de Calde\" \/>\n\t<meta name=\"robots\" content=\"max-image-preview:large\" \/>\n\t<meta name=\"author\" content=\"Ana Ferreira\"\/>\n\t<link rel=\"canonical\" href=\"https:\/\/www.binauralmedia.org\/news\/arquivo\/22408\" \/>\n\t<meta name=\"generator\" content=\"All in One SEO (AIOSEO) 5.0.1.1\" \/>\n\t\t<meta property=\"og:locale\" content=\"pt_PT\" \/>\n\t\t<meta property=\"og:site_name\" content=\"binauralmedia.org - Rural Based Sound\/Media Arts &amp; Social Research\" \/>\n\t\t<meta property=\"og:type\" content=\"article\" \/>\n\t\t<meta property=\"og:title\" content=\"Exposi\u00e7\u00e3o Fotogr\u00e1fica e Sonora \u201cMulheres de \u00c1gua da Freguesia de Calde\u201d - binauralmedia.org\" \/>\n\t\t<meta property=\"og:description\" content=\"MULHERES DE \u00c1GUA DA FREGUESIA DE CALDE Exposi\u00e7\u00e3o fotogr\u00e1fica e sonora De Ana Margarida Ferreira e Lu\u00eds Costa De 26 de outubro a 22 de novembro Inaugura\u00e7\u00e3o: S\u00e1bado, 26 de outubro \u00e1s 15h00 Museu do Linho de V\u00e1rzea de Calde Uma coprodu\u00e7\u00e3o entre a Binaural Nodar, o Munic\u00edpio de Viseu e a Freguesia de Calde\" \/>\n\t\t<meta property=\"og:url\" content=\"https:\/\/www.binauralmedia.org\/news\/arquivo\/22408\" \/>\n\t\t<meta property=\"article:published_time\" content=\"2024-10-15T16:57:08+00:00\" \/>\n\t\t<meta property=\"article:modified_time\" content=\"2024-11-07T12:50:05+00:00\" \/>\n\t\t<meta name=\"twitter:card\" content=\"summary_large_image\" \/>\n\t\t<meta name=\"twitter:title\" content=\"Exposi\u00e7\u00e3o Fotogr\u00e1fica e Sonora \u201cMulheres de \u00c1gua da Freguesia de Calde\u201d - binauralmedia.org\" \/>\n\t\t<meta name=\"twitter:description\" content=\"MULHERES DE \u00c1GUA DA FREGUESIA DE CALDE Exposi\u00e7\u00e3o fotogr\u00e1fica e sonora De Ana Margarida Ferreira e Lu\u00eds Costa De 26 de outubro a 22 de novembro Inaugura\u00e7\u00e3o: S\u00e1bado, 26 de outubro \u00e1s 15h00 Museu do Linho de V\u00e1rzea de Calde Uma coprodu\u00e7\u00e3o entre a Binaural Nodar, o Munic\u00edpio de Viseu e a Freguesia de Calde\" \/>\n\t\t<script type=\"application\/ld+json\" class=\"aioseo-schema\">\n\t\t\t{\"@context\":\"https:\\\/\\\/schema.org\",\"@graph\":[{\"@type\":\"BlogPosting\",\"@id\":\"https:\\\/\\\/www.binauralmedia.org\\\/news\\\/arquivo\\\/22408#blogposting\",\"name\":\"Exposi\\u00e7\\u00e3o Fotogr\\u00e1fica e Sonora \\u201cMulheres de \\u00c1gua da Freguesia de Calde\\u201d - binauralmedia.org\",\"headline\":\"Exposi\\u00e7\\u00e3o Fotogr\\u00e1fica e Sonora &#8220;Mulheres de \\u00c1gua da Freguesia de Calde&#8221;\",\"author\":{\"@id\":\"https:\\\/\\\/www.binauralmedia.org\\\/news\\\/arquivo\\\/author\\\/anaferreira#author\"},\"publisher\":{\"@id\":\"https:\\\/\\\/www.binauralmedia.org\\\/news\\\/#organization\"},\"image\":{\"@type\":\"ImageObject\",\"url\":\"https:\\\/\\\/www.binauralmedia.org\\\/news\\\/wp-content\\\/uploads\\\/Versao-Dg-artes.png\",\"width\":5000,\"height\":3334},\"datePublished\":\"2024-10-15T16:57:08+00:00\",\"dateModified\":\"2024-11-07T12:50:05+00:00\",\"inLanguage\":\"pt-PT\",\"mainEntityOfPage\":{\"@id\":\"https:\\\/\\\/www.binauralmedia.org\\\/news\\\/arquivo\\\/22408#webpage\"},\"isPartOf\":{\"@id\":\"https:\\\/\\\/www.binauralmedia.org\\\/news\\\/arquivo\\\/22408#webpage\"},\"articleSection\":\"Not\\u00edcias, Opcional\"},{\"@type\":\"BreadcrumbList\",\"@id\":\"https:\\\/\\\/www.binauralmedia.org\\\/news\\\/arquivo\\\/22408#breadcrumblist\",\"itemListElement\":[{\"@type\":\"ListItem\",\"@id\":\"https:\\\/\\\/www.binauralmedia.org\\\/news#listItem\",\"position\":1,\"name\":\"Home\",\"item\":\"https:\\\/\\\/www.binauralmedia.org\\\/news\",\"nextItem\":{\"@type\":\"ListItem\",\"@id\":\"https:\\\/\\\/www.binauralmedia.org\\\/news\\\/arquivo\\\/category\\\/news#listItem\",\"name\":\"Not\\u00edcias\"}},{\"@type\":\"ListItem\",\"@id\":\"https:\\\/\\\/www.binauralmedia.org\\\/news\\\/arquivo\\\/category\\\/news#listItem\",\"position\":2,\"name\":\"Not\\u00edcias\",\"item\":\"https:\\\/\\\/www.binauralmedia.org\\\/news\\\/arquivo\\\/category\\\/news\",\"nextItem\":{\"@type\":\"ListItem\",\"@id\":\"https:\\\/\\\/www.binauralmedia.org\\\/news\\\/arquivo\\\/22408#listItem\",\"name\":\"Exposi\\u00e7\\u00e3o Fotogr\\u00e1fica e Sonora &#8220;Mulheres de \\u00c1gua da Freguesia de Calde&#8221;\"},\"previousItem\":{\"@type\":\"ListItem\",\"@id\":\"https:\\\/\\\/www.binauralmedia.org\\\/news#listItem\",\"name\":\"Home\"}},{\"@type\":\"ListItem\",\"@id\":\"https:\\\/\\\/www.binauralmedia.org\\\/news\\\/arquivo\\\/22408#listItem\",\"position\":3,\"name\":\"Exposi\\u00e7\\u00e3o Fotogr\\u00e1fica e Sonora &#8220;Mulheres de \\u00c1gua da Freguesia de Calde&#8221;\",\"previousItem\":{\"@type\":\"ListItem\",\"@id\":\"https:\\\/\\\/www.binauralmedia.org\\\/news\\\/arquivo\\\/category\\\/news#listItem\",\"name\":\"Not\\u00edcias\"}}]},{\"@type\":\"Organization\",\"@id\":\"https:\\\/\\\/www.binauralmedia.org\\\/news\\\/#organization\",\"name\":\"binauralmedia.org\",\"description\":\"Rural Based Sound\\\/Media Arts & Social Research\",\"url\":\"https:\\\/\\\/www.binauralmedia.org\\\/news\\\/\"},{\"@type\":\"Person\",\"@id\":\"https:\\\/\\\/www.binauralmedia.org\\\/news\\\/arquivo\\\/author\\\/anaferreira#author\",\"url\":\"https:\\\/\\\/www.binauralmedia.org\\\/news\\\/arquivo\\\/author\\\/anaferreira\",\"name\":\"Ana Ferreira\"},{\"@type\":\"WebPage\",\"@id\":\"https:\\\/\\\/www.binauralmedia.org\\\/news\\\/arquivo\\\/22408#webpage\",\"url\":\"https:\\\/\\\/www.binauralmedia.org\\\/news\\\/arquivo\\\/22408\",\"name\":\"Exposi\\u00e7\\u00e3o Fotogr\\u00e1fica e Sonora \\u201cMulheres de \\u00c1gua da Freguesia de Calde\\u201d - binauralmedia.org\",\"description\":\"MULHERES DE \\u00c1GUA DA FREGUESIA DE CALDE Exposi\\u00e7\\u00e3o fotogr\\u00e1fica e sonora De Ana Margarida Ferreira e Lu\\u00eds Costa De 26 de outubro a 22 de novembro Inaugura\\u00e7\\u00e3o: S\\u00e1bado, 26 de outubro \\u00e1s 15h00 Museu do Linho de V\\u00e1rzea de Calde Uma coprodu\\u00e7\\u00e3o entre a Binaural Nodar, o Munic\\u00edpio de Viseu e a Freguesia de Calde\",\"inLanguage\":\"pt-PT\",\"isPartOf\":{\"@id\":\"https:\\\/\\\/www.binauralmedia.org\\\/news\\\/#website\"},\"breadcrumb\":{\"@id\":\"https:\\\/\\\/www.binauralmedia.org\\\/news\\\/arquivo\\\/22408#breadcrumblist\"},\"author\":{\"@id\":\"https:\\\/\\\/www.binauralmedia.org\\\/news\\\/arquivo\\\/author\\\/anaferreira#author\"},\"creator\":{\"@id\":\"https:\\\/\\\/www.binauralmedia.org\\\/news\\\/arquivo\\\/author\\\/anaferreira#author\"},\"image\":{\"@type\":\"ImageObject\",\"url\":\"https:\\\/\\\/www.binauralmedia.org\\\/news\\\/wp-content\\\/uploads\\\/Versao-Dg-artes.png\",\"@id\":\"https:\\\/\\\/www.binauralmedia.org\\\/news\\\/arquivo\\\/22408\\\/#mainImage\",\"width\":5000,\"height\":3334},\"primaryImageOfPage\":{\"@id\":\"https:\\\/\\\/www.binauralmedia.org\\\/news\\\/arquivo\\\/22408#mainImage\"},\"datePublished\":\"2024-10-15T16:57:08+00:00\",\"dateModified\":\"2024-11-07T12:50:05+00:00\"},{\"@type\":\"WebSite\",\"@id\":\"https:\\\/\\\/www.binauralmedia.org\\\/news\\\/#website\",\"url\":\"https:\\\/\\\/www.binauralmedia.org\\\/news\\\/\",\"name\":\"binauralmedia.org\",\"description\":\"Rural Based Sound\\\/Media Arts & Social Research\",\"inLanguage\":\"pt-PT\",\"publisher\":{\"@id\":\"https:\\\/\\\/www.binauralmedia.org\\\/news\\\/#organization\"}}]}\n\t\t<\/script>\n\t\t<!-- All in One SEO -->\n\n","aioseo_head_json":{"title":"Exposi\u00e7\u00e3o Fotogr\u00e1fica e Sonora \u201cMulheres de \u00c1gua da Freguesia de Calde\u201d - binauralmedia.org","description":"MULHERES DE \u00c1GUA DA FREGUESIA DE CALDE Exposi\u00e7\u00e3o fotogr\u00e1fica e sonora De Ana Margarida Ferreira e Lu\u00eds Costa De 26 de outubro a 22 de novembro Inaugura\u00e7\u00e3o: S\u00e1bado, 26 de outubro \u00e1s 15h00 Museu do Linho de V\u00e1rzea de Calde Uma coprodu\u00e7\u00e3o entre a Binaural Nodar, o Munic\u00edpio de Viseu e a Freguesia de Calde","canonical_url":"https:\/\/www.binauralmedia.org\/news\/arquivo\/22408","robots":"max-image-preview:large","keywords":"","webmasterTools":{"miscellaneous":""},"schema":{"@context":"https:\/\/schema.org","@graph":[{"@type":"BlogPosting","@id":"https:\/\/www.binauralmedia.org\/news\/arquivo\/22408#blogposting","name":"Exposi\u00e7\u00e3o Fotogr\u00e1fica e Sonora \u201cMulheres de \u00c1gua da Freguesia de Calde\u201d - binauralmedia.org","headline":"Exposi\u00e7\u00e3o Fotogr\u00e1fica e Sonora &#8220;Mulheres de \u00c1gua da Freguesia de Calde&#8221;","author":{"@id":"https:\/\/www.binauralmedia.org\/news\/arquivo\/author\/anaferreira#author"},"publisher":{"@id":"https:\/\/www.binauralmedia.org\/news\/#organization"},"image":{"@type":"ImageObject","url":"https:\/\/www.binauralmedia.org\/news\/wp-content\/uploads\/Versao-Dg-artes.png","width":5000,"height":3334},"datePublished":"2024-10-15T16:57:08+00:00","dateModified":"2024-11-07T12:50:05+00:00","inLanguage":"pt-PT","mainEntityOfPage":{"@id":"https:\/\/www.binauralmedia.org\/news\/arquivo\/22408#webpage"},"isPartOf":{"@id":"https:\/\/www.binauralmedia.org\/news\/arquivo\/22408#webpage"},"articleSection":"Not\u00edcias, Opcional"},{"@type":"BreadcrumbList","@id":"https:\/\/www.binauralmedia.org\/news\/arquivo\/22408#breadcrumblist","itemListElement":[{"@type":"ListItem","@id":"https:\/\/www.binauralmedia.org\/news#listItem","position":1,"name":"Home","item":"https:\/\/www.binauralmedia.org\/news","nextItem":{"@type":"ListItem","@id":"https:\/\/www.binauralmedia.org\/news\/arquivo\/category\/news#listItem","name":"Not\u00edcias"}},{"@type":"ListItem","@id":"https:\/\/www.binauralmedia.org\/news\/arquivo\/category\/news#listItem","position":2,"name":"Not\u00edcias","item":"https:\/\/www.binauralmedia.org\/news\/arquivo\/category\/news","nextItem":{"@type":"ListItem","@id":"https:\/\/www.binauralmedia.org\/news\/arquivo\/22408#listItem","name":"Exposi\u00e7\u00e3o Fotogr\u00e1fica e Sonora &#8220;Mulheres de \u00c1gua da Freguesia de Calde&#8221;"},"previousItem":{"@type":"ListItem","@id":"https:\/\/www.binauralmedia.org\/news#listItem","name":"Home"}},{"@type":"ListItem","@id":"https:\/\/www.binauralmedia.org\/news\/arquivo\/22408#listItem","position":3,"name":"Exposi\u00e7\u00e3o Fotogr\u00e1fica e Sonora &#8220;Mulheres de \u00c1gua da Freguesia de Calde&#8221;","previousItem":{"@type":"ListItem","@id":"https:\/\/www.binauralmedia.org\/news\/arquivo\/category\/news#listItem","name":"Not\u00edcias"}}]},{"@type":"Organization","@id":"https:\/\/www.binauralmedia.org\/news\/#organization","name":"binauralmedia.org","description":"Rural Based Sound\/Media Arts & Social Research","url":"https:\/\/www.binauralmedia.org\/news\/"},{"@type":"Person","@id":"https:\/\/www.binauralmedia.org\/news\/arquivo\/author\/anaferreira#author","url":"https:\/\/www.binauralmedia.org\/news\/arquivo\/author\/anaferreira","name":"Ana Ferreira"},{"@type":"WebPage","@id":"https:\/\/www.binauralmedia.org\/news\/arquivo\/22408#webpage","url":"https:\/\/www.binauralmedia.org\/news\/arquivo\/22408","name":"Exposi\u00e7\u00e3o Fotogr\u00e1fica e Sonora \u201cMulheres de \u00c1gua da Freguesia de Calde\u201d - binauralmedia.org","description":"MULHERES DE \u00c1GUA DA FREGUESIA DE CALDE Exposi\u00e7\u00e3o fotogr\u00e1fica e sonora De Ana Margarida Ferreira e Lu\u00eds Costa De 26 de outubro a 22 de novembro Inaugura\u00e7\u00e3o: S\u00e1bado, 26 de outubro \u00e1s 15h00 Museu do Linho de V\u00e1rzea de Calde Uma coprodu\u00e7\u00e3o entre a Binaural Nodar, o Munic\u00edpio de Viseu e a Freguesia de Calde","inLanguage":"pt-PT","isPartOf":{"@id":"https:\/\/www.binauralmedia.org\/news\/#website"},"breadcrumb":{"@id":"https:\/\/www.binauralmedia.org\/news\/arquivo\/22408#breadcrumblist"},"author":{"@id":"https:\/\/www.binauralmedia.org\/news\/arquivo\/author\/anaferreira#author"},"creator":{"@id":"https:\/\/www.binauralmedia.org\/news\/arquivo\/author\/anaferreira#author"},"image":{"@type":"ImageObject","url":"https:\/\/www.binauralmedia.org\/news\/wp-content\/uploads\/Versao-Dg-artes.png","@id":"https:\/\/www.binauralmedia.org\/news\/arquivo\/22408\/#mainImage","width":5000,"height":3334},"primaryImageOfPage":{"@id":"https:\/\/www.binauralmedia.org\/news\/arquivo\/22408#mainImage"},"datePublished":"2024-10-15T16:57:08+00:00","dateModified":"2024-11-07T12:50:05+00:00"},{"@type":"WebSite","@id":"https:\/\/www.binauralmedia.org\/news\/#website","url":"https:\/\/www.binauralmedia.org\/news\/","name":"binauralmedia.org","description":"Rural Based Sound\/Media Arts & Social Research","inLanguage":"pt-PT","publisher":{"@id":"https:\/\/www.binauralmedia.org\/news\/#organization"}}]},"og:locale":"pt_PT","og:site_name":"binauralmedia.org - Rural Based Sound\/Media Arts &amp; Social Research","og:type":"article","og:title":"Exposi\u00e7\u00e3o Fotogr\u00e1fica e Sonora \u201cMulheres de \u00c1gua da Freguesia de Calde\u201d - binauralmedia.org","og:description":"MULHERES DE \u00c1GUA DA FREGUESIA DE CALDE Exposi\u00e7\u00e3o fotogr\u00e1fica e sonora De Ana Margarida Ferreira e Lu\u00eds Costa De 26 de outubro a 22 de novembro Inaugura\u00e7\u00e3o: S\u00e1bado, 26 de outubro \u00e1s 15h00 Museu do Linho de V\u00e1rzea de Calde Uma coprodu\u00e7\u00e3o entre a Binaural Nodar, o Munic\u00edpio de Viseu e a Freguesia de Calde","og:url":"https:\/\/www.binauralmedia.org\/news\/arquivo\/22408","article:published_time":"2024-10-15T16:57:08+00:00","article:modified_time":"2024-11-07T12:50:05+00:00","twitter:card":"summary_large_image","twitter:title":"Exposi\u00e7\u00e3o Fotogr\u00e1fica e Sonora \u201cMulheres de \u00c1gua da Freguesia de Calde\u201d - binauralmedia.org","twitter:description":"MULHERES DE \u00c1GUA DA FREGUESIA DE CALDE Exposi\u00e7\u00e3o fotogr\u00e1fica e sonora De Ana Margarida Ferreira e Lu\u00eds Costa De 26 de outubro a 22 de novembro Inaugura\u00e7\u00e3o: S\u00e1bado, 26 de outubro \u00e1s 15h00 Museu do Linho de V\u00e1rzea de Calde Uma coprodu\u00e7\u00e3o entre a Binaural Nodar, o Munic\u00edpio de Viseu e a Freguesia de Calde"},"aioseo_meta_data":{"post_id":"22408","title":null,"description":null,"keywords":null,"keyphrases":null,"primary_term":null,"canonical_url":null,"og_title":null,"og_description":null,"og_object_type":"default","og_image_type":"default","og_image_custom_url":null,"og_image_custom_fields":null,"og_image_url":null,"og_image_width":null,"og_image_height":null,"og_video":null,"og_custom_url":null,"og_article_section":null,"og_article_tags":null,"twitter_use_og":false,"twitter_card":"default","twitter_image_type":"default","twitter_image_custom_url":null,"twitter_image_custom_fields":null,"twitter_image_url":null,"twitter_title":null,"twitter_description":null,"schema_type":"default","schema_type_options":null,"schema":{"blockGraphs":[],"customGraphs":[],"default":{"data":{"Article":[],"Course":[],"Dataset":[],"FAQPage":[],"Movie":[],"Person":[],"Product":[],"ProductReview":[],"Car":[],"Recipe":[],"Service":[],"SoftwareApplication":[],"WebPage":[]},"graphName":"","isEnabled":true},"graphs":[]},"pillar_content":false,"robots_default":true,"robots_noindex":false,"robots_noarchive":false,"robots_nosnippet":false,"robots_nofollow":false,"robots_noimageindex":false,"robots_noodp":false,"robots_notranslate":false,"robots_max_snippet":null,"robots_max_videopreview":null,"robots_max_imagepreview":"large","priority":null,"frequency":null,"local_seo":null,"limit_modified_date":false,"ai":null,"breadcrumb_settings":null,"seo_analyzer_scan_date":null,"created":"2026-08-05 07:41:38","updated":"2026-08-05 07:41:38","focus_keyword":null,"additional_keywords":null,"truseo_locale":null},"aioseo_breadcrumb":"<div class=\"aioseo-breadcrumbs\"><span class=\"aioseo-breadcrumb\">\n\t\t\t<a href=\"https:\/\/www.binauralmedia.org\/news\" title=\"Home\">Home<\/a>\n\t\t<\/span><span class=\"aioseo-breadcrumb-separator\">&raquo;<\/span><span class=\"aioseo-breadcrumb\">\n\t\t\t<a href=\"https:\/\/www.binauralmedia.org\/news\/arquivo\/category\/news\" title=\"Not\u00edcias\">Not\u00edcias<\/a>\n\t\t<\/span><span class=\"aioseo-breadcrumb-separator\">&raquo;<\/span><span class=\"aioseo-breadcrumb\">\n\t\t\tExposi\u00e7\u00e3o Fotogr\u00e1fica e Sonora \u201cMulheres de \u00c1gua da Freguesia de Calde\u201d\n\t\t<\/span><\/div>","aioseo_breadcrumb_json":[{"label":"Home","link":"https:\/\/www.binauralmedia.org\/news"},{"label":"Not\u00edcias","link":"https:\/\/www.binauralmedia.org\/news\/arquivo\/category\/news"},{"label":"Exposi\u00e7\u00e3o Fotogr\u00e1fica e Sonora &#8220;Mulheres de \u00c1gua da Freguesia de Calde&#8221;","link":"https:\/\/www.binauralmedia.org\/news\/arquivo\/22408"}],"_links":{"self":[{"href":"https:\/\/www.binauralmedia.org\/news\/wp-json\/wp\/v2\/posts\/22408","targetHints":{"allow":["GET"]}}],"collection":[{"href":"https:\/\/www.binauralmedia.org\/news\/wp-json\/wp\/v2\/posts"}],"about":[{"href":"https:\/\/www.binauralmedia.org\/news\/wp-json\/wp\/v2\/types\/post"}],"author":[{"embeddable":true,"href":"https:\/\/www.binauralmedia.org\/news\/wp-json\/wp\/v2\/users\/13"}],"replies":[{"embeddable":true,"href":"https:\/\/www.binauralmedia.org\/news\/wp-json\/wp\/v2\/comments?post=22408"}],"version-history":[{"count":3,"href":"https:\/\/www.binauralmedia.org\/news\/wp-json\/wp\/v2\/posts\/22408\/revisions"}],"predecessor-version":[{"id":22425,"href":"https:\/\/www.binauralmedia.org\/news\/wp-json\/wp\/v2\/posts\/22408\/revisions\/22425"}],"wp:featuredmedia":[{"embeddable":true,"href":"https:\/\/www.binauralmedia.org\/news\/wp-json\/wp\/v2\/media\/22426"}],"wp:attachment":[{"href":"https:\/\/www.binauralmedia.org\/news\/wp-json\/wp\/v2\/media?parent=22408"}],"wp:term":[{"taxonomy":"category","embeddable":true,"href":"https:\/\/www.binauralmedia.org\/news\/wp-json\/wp\/v2\/categories?post=22408"},{"taxonomy":"post_tag","embeddable":true,"href":"https:\/\/www.binauralmedia.org\/news\/wp-json\/wp\/v2\/tags?post=22408"}],"curies":[{"name":"wp","href":"https:\/\/api.w.org\/{rel}","templated":true}]}}