{"id":22359,"date":"2024-09-26T10:14:11","date_gmt":"2024-09-26T10:14:11","guid":{"rendered":"https:\/\/www.binauralmedia.org\/news?p=22359"},"modified":"2024-11-05T10:36:47","modified_gmt":"2024-11-05T10:36:47","slug":"performance-audiovisual-trajetoria-de-teatro-do-frio","status":"publish","type":"post","link":"https:\/\/www.binauralmedia.org\/news\/arquivo\/22359","title":{"rendered":"Performance Audiovisual &#8220;Trajet\u00f3ria&#8221; de Teatro do Frio"},"content":{"rendered":"<div class=\"fusion-fullwidth fullwidth-box fusion-builder-row-1 fusion-flex-container has-pattern-background has-mask-background nonhundred-percent-fullwidth non-hundred-percent-height-scrolling\" style=\"--awb-border-radius-top-left:0px;--awb-border-radius-top-right:0px;--awb-border-radius-bottom-right:0px;--awb-border-radius-bottom-left:0px;--awb-flex-wrap:wrap;\" ><div class=\"fusion-builder-row fusion-row fusion-flex-align-items-flex-start fusion-flex-content-wrap\" style=\"max-width:1144px;margin-left: calc(-4% \/ 2 );margin-right: calc(-4% \/ 2 );\"><div class=\"fusion-layout-column fusion_builder_column fusion-builder-column-0 fusion_builder_column_1_1 1_1 fusion-flex-column\" style=\"--awb-bg-size:cover;--awb-width-large:100%;--awb-margin-top-large:0px;--awb-spacing-right-large:1.92%;--awb-margin-bottom-large:20px;--awb-spacing-left-large:1.92%;--awb-width-medium:100%;--awb-order-medium:0;--awb-spacing-right-medium:1.92%;--awb-spacing-left-medium:1.92%;--awb-width-small:100%;--awb-order-small:0;--awb-spacing-right-small:1.92%;--awb-spacing-left-small:1.92%;\"><div class=\"fusion-column-wrapper fusion-column-has-shadow fusion-flex-justify-content-flex-start fusion-content-layout-column\"><div class=\"fusion-text fusion-text-1\"><div class=\"xdj266r x11i5rnm xat24cr x1mh8g0r x1vvkbs x126k92a\">\n<div dir=\"auto\">TRAJET\u00d3RIA<\/div>\n<div dir=\"auto\">Performance Audiovisual<\/div>\n<div dir=\"auto\">Teatro do Frio<\/div>\n<div dir=\"auto\">5 outubro \u00e0s 21h00<\/div>\n<div dir=\"auto\">\n<p>Laf\u00f5es Cult Lab (Vouzela)<\/p>\n<\/div>\n<\/div>\n<div class=\"x11i5rnm xat24cr x1mh8g0r x1vvkbs xtlvy1s x126k92a\">\n<div dir=\"auto\">\n<p>Na sequ\u00eancia de uma resid\u00eancia art\u00edstica realizada em Vouzela em 2023, a Binaural Nodar, ir\u00e1 acolher, em parceria com o <span class=\"html-span xdj266r x11i5rnm xat24cr x1mh8g0r xexx8yu x4uap5 x18d9i69 xkhd6sd x1hl2dhg x16tdsg8 x1vvkbs\"><span class=\"xt0psk2\">Munic\u00edpio de Vouzela<\/span><\/span>, a performance audiovisual &#8220;Trajet\u00f3ria&#8221; do <span class=\"html-span xdj266r x11i5rnm xat24cr x1mh8g0r xexx8yu x4uap5 x18d9i69 xkhd6sd x1hl2dhg x16tdsg8 x1vvkbs\"><span class=\"xt0psk2\">Teatro Do Frio<\/span><\/span>, uma companhia c\u00famplice desde h\u00e1 alguns anos.<\/p>\n<\/div>\n<\/div>\n<div class=\"x11i5rnm xat24cr x1mh8g0r x1vvkbs xtlvy1s x126k92a\">\n<div dir=\"auto\">\n<p>A cada elemento do p\u00fablico ser\u00e1 oferecida uma publica\u00e7\u00e3o da Binaural Nodar (\u00e0 escolha entre v\u00e1rias) e haver\u00e1 um pequeno beberete final, de conv\u00edvio entre artistas, Binaural Nodar e p\u00fablico.<\/p>\n<\/div>\n<\/div>\n<div class=\"x11i5rnm xat24cr x1mh8g0r x1vvkbs xtlvy1s x126k92a\">\n<div dir=\"auto\">\n<p>&#8220;Trajet\u00f3ria&#8221; \u00e9 uma performance audiovisual que emerge da recolha de sons e imagens, tecendo uma linha imagin\u00e1ria atrav\u00e9s dos trilhos percorridos em bicicleta por Rodrigo Malvar (sonoplasta e performer) e Gon\u00e7alo Mota (videasta e antrop\u00f3logo), durante as expedi\u00e7\u00f5es do projeto de pesquisa e cria\u00e7\u00e3o Gyrovagus. \u00c0 composi\u00e7\u00e3o sonora interpreta\u00e7\u00e3o junta-se In\u00eas Lapa e Catarina Lacerda na dramaturgia.<\/p>\n<\/div>\n<\/div>\n<div class=\"x11i5rnm xat24cr x1mh8g0r x1vvkbs xtlvy1s x126k92a\">\n<div dir=\"auto\">Foram companheiros de viagem: Inqu\u00e9rito de Geografia de Orlando Ribeiro, Tao Te Ching de Lao Tzu de Ursula K. Le Guin, Traveling in the Dark de Trinh T. Minh-h\u00e1.<\/div>\n<\/div>\n<div class=\"x11i5rnm xat24cr x1mh8g0r x1vvkbs xtlvy1s x126k92a\">\n<div dir=\"auto\">Ficha art\u00edstica e t\u00e9cnica:<\/div>\n<\/div>\n<div class=\"x11i5rnm xat24cr x1mh8g0r x1vvkbs xtlvy1s x126k92a\">\n<div dir=\"auto\">Dire\u00e7\u00e3o Art\u00edstica: Rodrigo Malvar<\/div>\n<div dir=\"auto\">Dramaturgia: Catarina Lacerda e Gon\u00e7alo Mota<\/div>\n<div dir=\"auto\">Composi\u00e7\u00e3o Sonora: Henrique Apolin\u00e1rio e Rodrigo Malvar<\/div>\n<div dir=\"auto\">Imagem: Gon\u00e7alo Mota<\/div>\n<div dir=\"auto\">Interpreta\u00e7\u00e3o: In\u00eas Lapa e Rodrigo Malvar<\/div>\n<div dir=\"auto\">Recolha Audiovisual: Rodrigo Malvar e Gon\u00e7alo Mota<\/div>\n<div dir=\"auto\">Opera\u00e7\u00e3o t\u00e9cnica: Rafael Silva<\/div>\n<div dir=\"auto\">Registo fotografia e v\u00eddeo do espet\u00e1culo: Miguel F e Ana Maria Dinis<\/div>\n<div dir=\"auto\">Dire\u00e7\u00e3o de Produ\u00e7\u00e3o: Paula Silva<\/div>\n<div dir=\"auto\">Produ\u00e7\u00e3o Executiva: Ana de Sousa Vieira<\/div>\n<div dir=\"auto\">Comunica\u00e7\u00e3o: Ana Maria Dinis<\/div>\n<div dir=\"auto\">Produtor: Teatro do Frio<\/div>\n<div dir=\"auto\">Co-produtores: FITEI e Binaural Nodar<\/div>\n<div dir=\"auto\">Apoios: BEEQ, POLISPORT<\/div>\n<div dir=\"auto\">Apoio a resid\u00eancias: crl \u2013 central el\u00e9trica<\/div>\n<div dir=\"auto\">Agradecimentos: Agostinho Pereira de Miranda, Ciclo Ebikes, Viveiros Dias<\/div>\n<div dir=\"auto\">Trajet\u00f3ria \u00e9 uma performance audiovisual inserida no projeto de investiga\u00e7\u00e3o Gyrovagus<\/div>\n<div dir=\"auto\">Dura\u00e7\u00e3o: aprox. 50min<\/div>\n<div dir=\"auto\">\n<p>Faixa et\u00e1ria: M\/12<\/p>\n<\/div>\n<\/div>\n<div class=\"x11i5rnm xat24cr x1mh8g0r x1vvkbs xtlvy1s x126k92a\">\n<div dir=\"auto\">A Binaural Nodar \u00e9 uma entidade cultural apoiada pela Rep\u00fablica Portuguesa &#8211; Cultura | <span class=\"html-span xdj266r x11i5rnm xat24cr x1mh8g0r xexx8yu x4uap5 x18d9i69 xkhd6sd x1hl2dhg x16tdsg8 x1vvkbs\"><span class=\"xt0psk2\">Dire\u00e7\u00e3o-Geral das Artes<\/span><\/span>.<\/div>\n<\/div>\n<\/div><\/div><\/div><\/div><\/div>\n","protected":false},"excerpt":{"rendered":"","protected":false},"author":13,"featured_media":22360,"comment_status":"closed","ping_status":"closed","sticky":false,"template":"","format":"standard","meta":{"_acf_changed":false,"_bbp_topic_count":0,"_bbp_reply_count":0,"_bbp_total_topic_count":0,"_bbp_total_reply_count":0,"_bbp_voice_count":0,"_bbp_anonymous_reply_count":0,"_bbp_topic_count_hidden":0,"_bbp_reply_count_hidden":0,"_bbp_forum_subforum_count":0,"footnotes":""},"categories":[1161,1158],"tags":[],"class_list":["post-22359","post","type-post","status-publish","format-standard","has-post-thumbnail","hentry","category-artistic-creations","category-visual-sound-ethnograhpy"],"acf":[],"aioseo_notices":[],"aioseo_head":"\n\t\t<!-- All in One SEO 5.0.1.1 - aioseo.com -->\n\t<meta name=\"description\" content=\"TRAJET\u00d3RIA Performance Audiovisual Teatro do Frio 5 outubro \u00e0s 21h00 Laf\u00f5es Cult Lab (Vouzela) Na sequ\u00eancia de uma resid\u00eancia art\u00edstica realizada em Vouzela em 2023, a Binaural Nodar, ir\u00e1 acolher, em parceria com o Munic\u00edpio de Vouzela, a performance audiovisual \u201cTrajet\u00f3ria\u201d do Teatro Do Frio, uma companhia c\u00famplice desde h\u00e1 alguns anos. A cada elemento\" \/>\n\t<meta name=\"robots\" content=\"max-image-preview:large\" \/>\n\t<meta name=\"author\" content=\"Ana Ferreira\"\/>\n\t<link rel=\"canonical\" href=\"https:\/\/www.binauralmedia.org\/news\/arquivo\/22359\" \/>\n\t<meta name=\"generator\" content=\"All in One SEO (AIOSEO) 5.0.1.1\" \/>\n\t\t<meta property=\"og:locale\" content=\"pt_PT\" \/>\n\t\t<meta property=\"og:site_name\" content=\"binauralmedia.org - Rural Based Sound\/Media Arts &amp; Social Research\" \/>\n\t\t<meta property=\"og:type\" content=\"article\" \/>\n\t\t<meta property=\"og:title\" content=\"Performance Audiovisual \u201cTrajet\u00f3ria\u201d de Teatro do Frio - binauralmedia.org\" \/>\n\t\t<meta property=\"og:description\" content=\"TRAJET\u00d3RIA Performance Audiovisual Teatro do Frio 5 outubro \u00e0s 21h00 Laf\u00f5es Cult Lab (Vouzela) Na sequ\u00eancia de uma resid\u00eancia art\u00edstica realizada em Vouzela em 2023, a Binaural Nodar, ir\u00e1 acolher, em parceria com o Munic\u00edpio de Vouzela, a performance audiovisual \u201cTrajet\u00f3ria\u201d do Teatro Do Frio, uma companhia c\u00famplice desde h\u00e1 alguns anos. A cada elemento\" \/>\n\t\t<meta property=\"og:url\" content=\"https:\/\/www.binauralmedia.org\/news\/arquivo\/22359\" \/>\n\t\t<meta property=\"article:published_time\" content=\"2024-09-26T10:14:11+00:00\" \/>\n\t\t<meta property=\"article:modified_time\" content=\"2024-11-05T10:36:47+00:00\" \/>\n\t\t<meta name=\"twitter:card\" content=\"summary_large_image\" \/>\n\t\t<meta name=\"twitter:title\" content=\"Performance Audiovisual \u201cTrajet\u00f3ria\u201d de Teatro do Frio - binauralmedia.org\" \/>\n\t\t<meta name=\"twitter:description\" content=\"TRAJET\u00d3RIA Performance Audiovisual Teatro do Frio 5 outubro \u00e0s 21h00 Laf\u00f5es Cult Lab (Vouzela) Na sequ\u00eancia de uma resid\u00eancia art\u00edstica realizada em Vouzela em 2023, a Binaural Nodar, ir\u00e1 acolher, em parceria com o Munic\u00edpio de Vouzela, a performance audiovisual \u201cTrajet\u00f3ria\u201d do Teatro Do Frio, uma companhia c\u00famplice desde h\u00e1 alguns anos. A cada elemento\" \/>\n\t\t<script type=\"application\/ld+json\" class=\"aioseo-schema\">\n\t\t\t{\"@context\":\"https:\\\/\\\/schema.org\",\"@graph\":[{\"@type\":\"BlogPosting\",\"@id\":\"https:\\\/\\\/www.binauralmedia.org\\\/news\\\/arquivo\\\/22359#blogposting\",\"name\":\"Performance Audiovisual \\u201cTrajet\\u00f3ria\\u201d de Teatro do Frio - binauralmedia.org\",\"headline\":\"Performance Audiovisual &#8220;Trajet\\u00f3ria&#8221; de Teatro do Frio\",\"author\":{\"@id\":\"https:\\\/\\\/www.binauralmedia.org\\\/news\\\/arquivo\\\/author\\\/anaferreira#author\"},\"publisher\":{\"@id\":\"https:\\\/\\\/www.binauralmedia.org\\\/news\\\/#organization\"},\"image\":{\"@type\":\"ImageObject\",\"url\":\"https:\\\/\\\/www.binauralmedia.org\\\/news\\\/wp-content\\\/uploads\\\/Performance-Audiovisual-Trajetoria-de-Teatro-do-Frio.png\",\"width\":1200,\"height\":800},\"datePublished\":\"2024-09-26T10:14:11+00:00\",\"dateModified\":\"2024-11-05T10:36:47+00:00\",\"inLanguage\":\"pt-PT\",\"mainEntityOfPage\":{\"@id\":\"https:\\\/\\\/www.binauralmedia.org\\\/news\\\/arquivo\\\/22359#webpage\"},\"isPartOf\":{\"@id\":\"https:\\\/\\\/www.binauralmedia.org\\\/news\\\/arquivo\\\/22359#webpage\"},\"articleSection\":\"Cria\\u00e7\\u00f5es Art\\u00edsticas, Etnografia Sonora e Visual, Opcional\"},{\"@type\":\"BreadcrumbList\",\"@id\":\"https:\\\/\\\/www.binauralmedia.org\\\/news\\\/arquivo\\\/22359#breadcrumblist\",\"itemListElement\":[{\"@type\":\"ListItem\",\"@id\":\"https:\\\/\\\/www.binauralmedia.org\\\/news#listItem\",\"position\":1,\"name\":\"Home\",\"item\":\"https:\\\/\\\/www.binauralmedia.org\\\/news\",\"nextItem\":{\"@type\":\"ListItem\",\"@id\":\"https:\\\/\\\/www.binauralmedia.org\\\/news\\\/arquivo\\\/category\\\/visual-sound-ethnograhpy#listItem\",\"name\":\"Etnografia Sonora e Visual\"}},{\"@type\":\"ListItem\",\"@id\":\"https:\\\/\\\/www.binauralmedia.org\\\/news\\\/arquivo\\\/category\\\/visual-sound-ethnograhpy#listItem\",\"position\":2,\"name\":\"Etnografia Sonora e Visual\",\"item\":\"https:\\\/\\\/www.binauralmedia.org\\\/news\\\/arquivo\\\/category\\\/visual-sound-ethnograhpy\",\"nextItem\":{\"@type\":\"ListItem\",\"@id\":\"https:\\\/\\\/www.binauralmedia.org\\\/news\\\/arquivo\\\/22359#listItem\",\"name\":\"Performance Audiovisual &#8220;Trajet\\u00f3ria&#8221; de Teatro do Frio\"},\"previousItem\":{\"@type\":\"ListItem\",\"@id\":\"https:\\\/\\\/www.binauralmedia.org\\\/news#listItem\",\"name\":\"Home\"}},{\"@type\":\"ListItem\",\"@id\":\"https:\\\/\\\/www.binauralmedia.org\\\/news\\\/arquivo\\\/22359#listItem\",\"position\":3,\"name\":\"Performance Audiovisual &#8220;Trajet\\u00f3ria&#8221; de Teatro do Frio\",\"previousItem\":{\"@type\":\"ListItem\",\"@id\":\"https:\\\/\\\/www.binauralmedia.org\\\/news\\\/arquivo\\\/category\\\/visual-sound-ethnograhpy#listItem\",\"name\":\"Etnografia Sonora e Visual\"}}]},{\"@type\":\"Organization\",\"@id\":\"https:\\\/\\\/www.binauralmedia.org\\\/news\\\/#organization\",\"name\":\"binauralmedia.org\",\"description\":\"Rural Based Sound\\\/Media Arts & Social Research\",\"url\":\"https:\\\/\\\/www.binauralmedia.org\\\/news\\\/\"},{\"@type\":\"Person\",\"@id\":\"https:\\\/\\\/www.binauralmedia.org\\\/news\\\/arquivo\\\/author\\\/anaferreira#author\",\"url\":\"https:\\\/\\\/www.binauralmedia.org\\\/news\\\/arquivo\\\/author\\\/anaferreira\",\"name\":\"Ana Ferreira\"},{\"@type\":\"WebPage\",\"@id\":\"https:\\\/\\\/www.binauralmedia.org\\\/news\\\/arquivo\\\/22359#webpage\",\"url\":\"https:\\\/\\\/www.binauralmedia.org\\\/news\\\/arquivo\\\/22359\",\"name\":\"Performance Audiovisual \\u201cTrajet\\u00f3ria\\u201d de Teatro do Frio - binauralmedia.org\",\"description\":\"TRAJET\\u00d3RIA Performance Audiovisual Teatro do Frio 5 outubro \\u00e0s 21h00 Laf\\u00f5es Cult Lab (Vouzela) Na sequ\\u00eancia de uma resid\\u00eancia art\\u00edstica realizada em Vouzela em 2023, a Binaural Nodar, ir\\u00e1 acolher, em parceria com o Munic\\u00edpio de Vouzela, a performance audiovisual \\u201cTrajet\\u00f3ria\\u201d do Teatro Do Frio, uma companhia c\\u00famplice desde h\\u00e1 alguns anos. A cada elemento\",\"inLanguage\":\"pt-PT\",\"isPartOf\":{\"@id\":\"https:\\\/\\\/www.binauralmedia.org\\\/news\\\/#website\"},\"breadcrumb\":{\"@id\":\"https:\\\/\\\/www.binauralmedia.org\\\/news\\\/arquivo\\\/22359#breadcrumblist\"},\"author\":{\"@id\":\"https:\\\/\\\/www.binauralmedia.org\\\/news\\\/arquivo\\\/author\\\/anaferreira#author\"},\"creator\":{\"@id\":\"https:\\\/\\\/www.binauralmedia.org\\\/news\\\/arquivo\\\/author\\\/anaferreira#author\"},\"image\":{\"@type\":\"ImageObject\",\"url\":\"https:\\\/\\\/www.binauralmedia.org\\\/news\\\/wp-content\\\/uploads\\\/Performance-Audiovisual-Trajetoria-de-Teatro-do-Frio.png\",\"@id\":\"https:\\\/\\\/www.binauralmedia.org\\\/news\\\/arquivo\\\/22359\\\/#mainImage\",\"width\":1200,\"height\":800},\"primaryImageOfPage\":{\"@id\":\"https:\\\/\\\/www.binauralmedia.org\\\/news\\\/arquivo\\\/22359#mainImage\"},\"datePublished\":\"2024-09-26T10:14:11+00:00\",\"dateModified\":\"2024-11-05T10:36:47+00:00\"},{\"@type\":\"WebSite\",\"@id\":\"https:\\\/\\\/www.binauralmedia.org\\\/news\\\/#website\",\"url\":\"https:\\\/\\\/www.binauralmedia.org\\\/news\\\/\",\"name\":\"binauralmedia.org\",\"description\":\"Rural Based Sound\\\/Media Arts & Social Research\",\"inLanguage\":\"pt-PT\",\"publisher\":{\"@id\":\"https:\\\/\\\/www.binauralmedia.org\\\/news\\\/#organization\"}}]}\n\t\t<\/script>\n\t\t<!-- All in One SEO -->\n\n","aioseo_head_json":{"title":"Performance Audiovisual \u201cTrajet\u00f3ria\u201d de Teatro do Frio - binauralmedia.org","description":"TRAJET\u00d3RIA Performance Audiovisual Teatro do Frio 5 outubro \u00e0s 21h00 Laf\u00f5es Cult Lab (Vouzela) Na sequ\u00eancia de uma resid\u00eancia art\u00edstica realizada em Vouzela em 2023, a Binaural Nodar, ir\u00e1 acolher, em parceria com o Munic\u00edpio de Vouzela, a performance audiovisual \u201cTrajet\u00f3ria\u201d do Teatro Do Frio, uma companhia c\u00famplice desde h\u00e1 alguns anos. A cada elemento","canonical_url":"https:\/\/www.binauralmedia.org\/news\/arquivo\/22359","robots":"max-image-preview:large","keywords":"","webmasterTools":{"miscellaneous":""},"schema":{"@context":"https:\/\/schema.org","@graph":[{"@type":"BlogPosting","@id":"https:\/\/www.binauralmedia.org\/news\/arquivo\/22359#blogposting","name":"Performance Audiovisual \u201cTrajet\u00f3ria\u201d de Teatro do Frio - binauralmedia.org","headline":"Performance Audiovisual &#8220;Trajet\u00f3ria&#8221; de Teatro do Frio","author":{"@id":"https:\/\/www.binauralmedia.org\/news\/arquivo\/author\/anaferreira#author"},"publisher":{"@id":"https:\/\/www.binauralmedia.org\/news\/#organization"},"image":{"@type":"ImageObject","url":"https:\/\/www.binauralmedia.org\/news\/wp-content\/uploads\/Performance-Audiovisual-Trajetoria-de-Teatro-do-Frio.png","width":1200,"height":800},"datePublished":"2024-09-26T10:14:11+00:00","dateModified":"2024-11-05T10:36:47+00:00","inLanguage":"pt-PT","mainEntityOfPage":{"@id":"https:\/\/www.binauralmedia.org\/news\/arquivo\/22359#webpage"},"isPartOf":{"@id":"https:\/\/www.binauralmedia.org\/news\/arquivo\/22359#webpage"},"articleSection":"Cria\u00e7\u00f5es Art\u00edsticas, Etnografia Sonora e Visual, Opcional"},{"@type":"BreadcrumbList","@id":"https:\/\/www.binauralmedia.org\/news\/arquivo\/22359#breadcrumblist","itemListElement":[{"@type":"ListItem","@id":"https:\/\/www.binauralmedia.org\/news#listItem","position":1,"name":"Home","item":"https:\/\/www.binauralmedia.org\/news","nextItem":{"@type":"ListItem","@id":"https:\/\/www.binauralmedia.org\/news\/arquivo\/category\/visual-sound-ethnograhpy#listItem","name":"Etnografia Sonora e Visual"}},{"@type":"ListItem","@id":"https:\/\/www.binauralmedia.org\/news\/arquivo\/category\/visual-sound-ethnograhpy#listItem","position":2,"name":"Etnografia Sonora e Visual","item":"https:\/\/www.binauralmedia.org\/news\/arquivo\/category\/visual-sound-ethnograhpy","nextItem":{"@type":"ListItem","@id":"https:\/\/www.binauralmedia.org\/news\/arquivo\/22359#listItem","name":"Performance Audiovisual &#8220;Trajet\u00f3ria&#8221; de Teatro do Frio"},"previousItem":{"@type":"ListItem","@id":"https:\/\/www.binauralmedia.org\/news#listItem","name":"Home"}},{"@type":"ListItem","@id":"https:\/\/www.binauralmedia.org\/news\/arquivo\/22359#listItem","position":3,"name":"Performance Audiovisual &#8220;Trajet\u00f3ria&#8221; de Teatro do Frio","previousItem":{"@type":"ListItem","@id":"https:\/\/www.binauralmedia.org\/news\/arquivo\/category\/visual-sound-ethnograhpy#listItem","name":"Etnografia Sonora e Visual"}}]},{"@type":"Organization","@id":"https:\/\/www.binauralmedia.org\/news\/#organization","name":"binauralmedia.org","description":"Rural Based Sound\/Media Arts & Social Research","url":"https:\/\/www.binauralmedia.org\/news\/"},{"@type":"Person","@id":"https:\/\/www.binauralmedia.org\/news\/arquivo\/author\/anaferreira#author","url":"https:\/\/www.binauralmedia.org\/news\/arquivo\/author\/anaferreira","name":"Ana Ferreira"},{"@type":"WebPage","@id":"https:\/\/www.binauralmedia.org\/news\/arquivo\/22359#webpage","url":"https:\/\/www.binauralmedia.org\/news\/arquivo\/22359","name":"Performance Audiovisual \u201cTrajet\u00f3ria\u201d de Teatro do Frio - binauralmedia.org","description":"TRAJET\u00d3RIA Performance Audiovisual Teatro do Frio 5 outubro \u00e0s 21h00 Laf\u00f5es Cult Lab (Vouzela) Na sequ\u00eancia de uma resid\u00eancia art\u00edstica realizada em Vouzela em 2023, a Binaural Nodar, ir\u00e1 acolher, em parceria com o Munic\u00edpio de Vouzela, a performance audiovisual \u201cTrajet\u00f3ria\u201d do Teatro Do Frio, uma companhia c\u00famplice desde h\u00e1 alguns anos. A cada elemento","inLanguage":"pt-PT","isPartOf":{"@id":"https:\/\/www.binauralmedia.org\/news\/#website"},"breadcrumb":{"@id":"https:\/\/www.binauralmedia.org\/news\/arquivo\/22359#breadcrumblist"},"author":{"@id":"https:\/\/www.binauralmedia.org\/news\/arquivo\/author\/anaferreira#author"},"creator":{"@id":"https:\/\/www.binauralmedia.org\/news\/arquivo\/author\/anaferreira#author"},"image":{"@type":"ImageObject","url":"https:\/\/www.binauralmedia.org\/news\/wp-content\/uploads\/Performance-Audiovisual-Trajetoria-de-Teatro-do-Frio.png","@id":"https:\/\/www.binauralmedia.org\/news\/arquivo\/22359\/#mainImage","width":1200,"height":800},"primaryImageOfPage":{"@id":"https:\/\/www.binauralmedia.org\/news\/arquivo\/22359#mainImage"},"datePublished":"2024-09-26T10:14:11+00:00","dateModified":"2024-11-05T10:36:47+00:00"},{"@type":"WebSite","@id":"https:\/\/www.binauralmedia.org\/news\/#website","url":"https:\/\/www.binauralmedia.org\/news\/","name":"binauralmedia.org","description":"Rural Based Sound\/Media Arts & Social Research","inLanguage":"pt-PT","publisher":{"@id":"https:\/\/www.binauralmedia.org\/news\/#organization"}}]},"og:locale":"pt_PT","og:site_name":"binauralmedia.org - Rural Based Sound\/Media Arts &amp; Social Research","og:type":"article","og:title":"Performance Audiovisual \u201cTrajet\u00f3ria\u201d de Teatro do Frio - binauralmedia.org","og:description":"TRAJET\u00d3RIA Performance Audiovisual Teatro do Frio 5 outubro \u00e0s 21h00 Laf\u00f5es Cult Lab (Vouzela) Na sequ\u00eancia de uma resid\u00eancia art\u00edstica realizada em Vouzela em 2023, a Binaural Nodar, ir\u00e1 acolher, em parceria com o Munic\u00edpio de Vouzela, a performance audiovisual \u201cTrajet\u00f3ria\u201d do Teatro Do Frio, uma companhia c\u00famplice desde h\u00e1 alguns anos. A cada elemento","og:url":"https:\/\/www.binauralmedia.org\/news\/arquivo\/22359","article:published_time":"2024-09-26T10:14:11+00:00","article:modified_time":"2024-11-05T10:36:47+00:00","twitter:card":"summary_large_image","twitter:title":"Performance Audiovisual \u201cTrajet\u00f3ria\u201d de Teatro do Frio - binauralmedia.org","twitter:description":"TRAJET\u00d3RIA Performance Audiovisual Teatro do Frio 5 outubro \u00e0s 21h00 Laf\u00f5es Cult Lab (Vouzela) Na sequ\u00eancia de uma resid\u00eancia art\u00edstica realizada em Vouzela em 2023, a Binaural Nodar, ir\u00e1 acolher, em parceria com o Munic\u00edpio de Vouzela, a performance audiovisual \u201cTrajet\u00f3ria\u201d do Teatro Do Frio, uma companhia c\u00famplice desde h\u00e1 alguns anos. A cada elemento"},"aioseo_meta_data":{"post_id":"22359","title":null,"description":null,"keywords":null,"keyphrases":null,"primary_term":null,"canonical_url":null,"og_title":null,"og_description":null,"og_object_type":"default","og_image_type":"default","og_image_custom_url":null,"og_image_custom_fields":null,"og_image_url":null,"og_image_width":null,"og_image_height":null,"og_video":null,"og_custom_url":null,"og_article_section":null,"og_article_tags":null,"twitter_use_og":false,"twitter_card":"default","twitter_image_type":"default","twitter_image_custom_url":null,"twitter_image_custom_fields":null,"twitter_image_url":null,"twitter_title":null,"twitter_description":null,"schema_type":"default","schema_type_options":null,"schema":{"blockGraphs":[],"customGraphs":[],"default":{"data":{"Article":[],"Course":[],"Dataset":[],"FAQPage":[],"Movie":[],"Person":[],"Product":[],"ProductReview":[],"Car":[],"Recipe":[],"Service":[],"SoftwareApplication":[],"WebPage":[]},"graphName":"","isEnabled":true},"graphs":[]},"pillar_content":false,"robots_default":true,"robots_noindex":false,"robots_noarchive":false,"robots_nosnippet":false,"robots_nofollow":false,"robots_noimageindex":false,"robots_noodp":false,"robots_notranslate":false,"robots_max_snippet":null,"robots_max_videopreview":null,"robots_max_imagepreview":"large","priority":null,"frequency":null,"local_seo":null,"limit_modified_date":false,"ai":null,"breadcrumb_settings":null,"seo_analyzer_scan_date":null,"created":"2026-08-05 07:33:35","updated":"2026-08-05 07:33:35","focus_keyword":null,"additional_keywords":null,"truseo_locale":null},"aioseo_breadcrumb":"<div class=\"aioseo-breadcrumbs\"><span class=\"aioseo-breadcrumb\">\n\t\t\t<a href=\"https:\/\/www.binauralmedia.org\/news\" title=\"Home\">Home<\/a>\n\t\t<\/span><span class=\"aioseo-breadcrumb-separator\">&raquo;<\/span><span class=\"aioseo-breadcrumb\">\n\t\t\t<a href=\"https:\/\/www.binauralmedia.org\/news\/arquivo\/category\/visual-sound-ethnograhpy\" title=\"Etnografia Sonora e Visual\">Etnografia Sonora e Visual<\/a>\n\t\t<\/span><span class=\"aioseo-breadcrumb-separator\">&raquo;<\/span><span class=\"aioseo-breadcrumb\">\n\t\t\tPerformance Audiovisual \u201cTrajet\u00f3ria\u201d de Teatro do Frio\n\t\t<\/span><\/div>","aioseo_breadcrumb_json":[{"label":"Home","link":"https:\/\/www.binauralmedia.org\/news"},{"label":"Etnografia Sonora e Visual","link":"https:\/\/www.binauralmedia.org\/news\/arquivo\/category\/visual-sound-ethnograhpy"},{"label":"Performance Audiovisual &#8220;Trajet\u00f3ria&#8221; de Teatro do Frio","link":"https:\/\/www.binauralmedia.org\/news\/arquivo\/22359"}],"_links":{"self":[{"href":"https:\/\/www.binauralmedia.org\/news\/wp-json\/wp\/v2\/posts\/22359","targetHints":{"allow":["GET"]}}],"collection":[{"href":"https:\/\/www.binauralmedia.org\/news\/wp-json\/wp\/v2\/posts"}],"about":[{"href":"https:\/\/www.binauralmedia.org\/news\/wp-json\/wp\/v2\/types\/post"}],"author":[{"embeddable":true,"href":"https:\/\/www.binauralmedia.org\/news\/wp-json\/wp\/v2\/users\/13"}],"replies":[{"embeddable":true,"href":"https:\/\/www.binauralmedia.org\/news\/wp-json\/wp\/v2\/comments?post=22359"}],"version-history":[{"count":1,"href":"https:\/\/www.binauralmedia.org\/news\/wp-json\/wp\/v2\/posts\/22359\/revisions"}],"predecessor-version":[{"id":22362,"href":"https:\/\/www.binauralmedia.org\/news\/wp-json\/wp\/v2\/posts\/22359\/revisions\/22362"}],"wp:featuredmedia":[{"embeddable":true,"href":"https:\/\/www.binauralmedia.org\/news\/wp-json\/wp\/v2\/media\/22360"}],"wp:attachment":[{"href":"https:\/\/www.binauralmedia.org\/news\/wp-json\/wp\/v2\/media?parent=22359"}],"wp:term":[{"taxonomy":"category","embeddable":true,"href":"https:\/\/www.binauralmedia.org\/news\/wp-json\/wp\/v2\/categories?post=22359"},{"taxonomy":"post_tag","embeddable":true,"href":"https:\/\/www.binauralmedia.org\/news\/wp-json\/wp\/v2\/tags?post=22359"}],"curies":[{"name":"wp","href":"https:\/\/api.w.org\/{rel}","templated":true}]}}