{"id":22069,"date":"2024-09-18T14:08:30","date_gmt":"2024-09-18T14:08:30","guid":{"rendered":"https:\/\/www.binauralmedia.org\/news?p=22069"},"modified":"2024-10-23T15:48:42","modified_gmt":"2024-10-23T15:48:42","slug":"binaural-nodar-presente-em-conferencia-sobre-redes-culturais-europeias","status":"publish","type":"post","link":"https:\/\/www.binauralmedia.org\/news\/arquivo\/22069","title":{"rendered":"Binaural Nodar presente em confer\u00eancia sobre redes culturais europeias"},"content":{"rendered":"<div class=\"fusion-fullwidth fullwidth-box fusion-builder-row-1 fusion-flex-container nonhundred-percent-fullwidth non-hundred-percent-height-scrolling\" style=\"--awb-border-radius-top-left:0px;--awb-border-radius-top-right:0px;--awb-border-radius-bottom-right:0px;--awb-border-radius-bottom-left:0px;--awb-flex-wrap:wrap;\" ><div class=\"fusion-builder-row fusion-row fusion-flex-align-items-flex-start fusion-flex-content-wrap\" style=\"max-width:1144px;margin-left: calc(-4% \/ 2 );margin-right: calc(-4% \/ 2 );\"><div class=\"fusion-layout-column fusion_builder_column fusion-builder-column-0 fusion_builder_column_1_1 1_1 fusion-flex-column\" style=\"--awb-bg-size:cover;--awb-width-large:100%;--awb-margin-top-large:0px;--awb-spacing-right-large:1.92%;--awb-margin-bottom-large:0px;--awb-spacing-left-large:1.92%;--awb-width-medium:100%;--awb-spacing-right-medium:1.92%;--awb-spacing-left-medium:1.92%;--awb-width-small:100%;--awb-spacing-right-small:1.92%;--awb-spacing-left-small:1.92%;\"><div class=\"fusion-column-wrapper fusion-flex-justify-content-flex-start fusion-content-layout-column\"><div class=\"fusion-text fusion-text-1\"><p>BINAURAL NODAR PRESENTE EM CONFER\u00caNCIA SOBRE REDES CULTURAIS EUROPEIAS<\/p>\n<p>O coordenador da Binaural Nodar, Luis Gomes da Costa, estar\u00e1 presente em ambos os dias da Confer\u00eancia de Coimbra para partilhar a experi\u00eancia da associa\u00e7\u00e3o na participa\u00e7\u00e3o e\/ou lideran\u00e7a de 6 projetos Europa Criativa desde 2012, como R\u00e9seau Tramontana, &#8216;Sound of Culture, Culture of Sound&#8217; e &#8216;Where the city loses its name&#8217;.<\/p>\n<p>A Confer\u00eancia de Coimbra, nos dias 23 e 24 de Setembro, no Convento de S\u00e3o Francisco, \u00e9 centrada no papel vital que as redes culturais e o networking cultural desempenham no futuro da Europa. A confer\u00eancia \u00e9 coorganizada por: Europa Criativa Portugal, Munic\u00edpio de Coimbra e Culture Action Europe.<\/p>\n<p>A abrir as hostes no segundo dia da confer\u00eancia, seis redes europeias promovem um debate aberto sobre o seu papel, o seu funcionamento, quais os principais desafios e ambi\u00e7\u00f5es.<br \/>A participa\u00e7\u00e3o no evento \u00e9 gratuita, mas mediante registo, que pode fazer aqui: <a href=\"https:\/\/tinyurl.com\/programaconferenciacoimbra24\" target=\"_blank\" rel=\"noopener\">https:\/\/tinyurl.com\/programaconferenciacoimbra24<\/a>.<\/p>\n<p>Importante: a inscri\u00e7\u00e3o na Confer\u00eancia de Coimbra, uma iniciativa do Centro de Informa\u00e7\u00e3o Europa Criativa, Culture Action Europe e Munic\u00edpio de Coimbra, com a colabora\u00e7\u00e3o de Europa Creativa Cultura-Espa\u00f1a, \u00e9 automaticamente confirmada at\u00e9 atingir a lota\u00e7\u00e3o da sala.<\/p>\n<p>A Binaural Nodar \u00e9 uma entidade cultural apoiada pela Rep\u00fablica Portuguesa &#8211; Cultura | Dire\u00e7\u00e3o-Geral das Artes.<\/p>\n<\/div><\/div><\/div><\/div><\/div>\n","protected":false},"excerpt":{"rendered":"","protected":false},"author":8,"featured_media":22075,"comment_status":"closed","ping_status":"closed","sticky":false,"template":"","format":"standard","meta":{"_acf_changed":false,"_bbp_topic_count":0,"_bbp_reply_count":0,"_bbp_total_topic_count":0,"_bbp_total_reply_count":0,"_bbp_voice_count":0,"_bbp_anonymous_reply_count":0,"_bbp_topic_count_hidden":0,"_bbp_reply_count_hidden":0,"_bbp_forum_subforum_count":0,"footnotes":""},"categories":[1],"tags":[],"class_list":["post-22069","post","type-post","status-publish","format-standard","has-post-thumbnail","hentry","category-news"],"acf":[],"aioseo_notices":[],"aioseo_head":"\n\t\t<!-- All in One SEO 5.0.1.1 - aioseo.com -->\n\t<meta name=\"description\" content=\"BINAURAL NODAR PRESENTE EM CONFER\u00caNCIA SOBRE REDES CULTURAIS EUROPEIAS O coordenador da Binaural Nodar, Luis Gomes da Costa, estar\u00e1 presente em ambos os dias da Confer\u00eancia de Coimbra para partilhar a experi\u00eancia da associa\u00e7\u00e3o na participa\u00e7\u00e3o e\/ou lideran\u00e7a de 6 projetos Europa Criativa desde 2012, como R\u00e9seau Tramontana, \u2018Sound of Culture, Culture of Sound\u2019 e\" \/>\n\t<meta name=\"robots\" content=\"max-image-preview:large\" \/>\n\t<meta name=\"author\" content=\"Nely Ferreira\"\/>\n\t<link rel=\"canonical\" href=\"https:\/\/www.binauralmedia.org\/news\/arquivo\/22069\" \/>\n\t<meta name=\"generator\" content=\"All in One SEO (AIOSEO) 5.0.1.1\" \/>\n\t\t<meta property=\"og:locale\" content=\"pt_PT\" \/>\n\t\t<meta property=\"og:site_name\" content=\"binauralmedia.org - Rural Based Sound\/Media Arts &amp; Social Research\" \/>\n\t\t<meta property=\"og:type\" content=\"article\" \/>\n\t\t<meta property=\"og:title\" content=\"Binaural Nodar presente em confer\u00eancia sobre redes culturais europeias - binauralmedia.org\" \/>\n\t\t<meta property=\"og:description\" content=\"BINAURAL NODAR PRESENTE EM CONFER\u00caNCIA SOBRE REDES CULTURAIS EUROPEIAS O coordenador da Binaural Nodar, Luis Gomes da Costa, estar\u00e1 presente em ambos os dias da Confer\u00eancia de Coimbra para partilhar a experi\u00eancia da associa\u00e7\u00e3o na participa\u00e7\u00e3o e\/ou lideran\u00e7a de 6 projetos Europa Criativa desde 2012, como R\u00e9seau Tramontana, \u2018Sound of Culture, Culture of Sound\u2019 e\" \/>\n\t\t<meta property=\"og:url\" content=\"https:\/\/www.binauralmedia.org\/news\/arquivo\/22069\" \/>\n\t\t<meta property=\"article:published_time\" content=\"2024-09-18T14:08:30+00:00\" \/>\n\t\t<meta property=\"article:modified_time\" content=\"2024-10-23T15:48:42+00:00\" \/>\n\t\t<meta name=\"twitter:card\" content=\"summary_large_image\" \/>\n\t\t<meta name=\"twitter:title\" content=\"Binaural Nodar presente em confer\u00eancia sobre redes culturais europeias - binauralmedia.org\" \/>\n\t\t<meta name=\"twitter:description\" content=\"BINAURAL NODAR PRESENTE EM CONFER\u00caNCIA SOBRE REDES CULTURAIS EUROPEIAS O coordenador da Binaural Nodar, Luis Gomes da Costa, estar\u00e1 presente em ambos os dias da Confer\u00eancia de Coimbra para partilhar a experi\u00eancia da associa\u00e7\u00e3o na participa\u00e7\u00e3o e\/ou lideran\u00e7a de 6 projetos Europa Criativa desde 2012, como R\u00e9seau Tramontana, \u2018Sound of Culture, Culture of Sound\u2019 e\" \/>\n\t\t<script type=\"application\/ld+json\" class=\"aioseo-schema\">\n\t\t\t{\"@context\":\"https:\\\/\\\/schema.org\",\"@graph\":[{\"@type\":\"BlogPosting\",\"@id\":\"https:\\\/\\\/www.binauralmedia.org\\\/news\\\/arquivo\\\/22069#blogposting\",\"name\":\"Binaural Nodar presente em confer\\u00eancia sobre redes culturais europeias - binauralmedia.org\",\"headline\":\"Binaural Nodar presente em confer\\u00eancia sobre redes culturais europeias\",\"author\":{\"@id\":\"https:\\\/\\\/www.binauralmedia.org\\\/news\\\/arquivo\\\/author\\\/nelyferreira#author\"},\"publisher\":{\"@id\":\"https:\\\/\\\/www.binauralmedia.org\\\/news\\\/#organization\"},\"image\":{\"@type\":\"ImageObject\",\"url\":\"https:\\\/\\\/www.binauralmedia.org\\\/news\\\/wp-content\\\/uploads\\\/coimbra.png\",\"width\":1200,\"height\":800},\"datePublished\":\"2024-09-18T14:08:30+00:00\",\"dateModified\":\"2024-10-23T15:48:42+00:00\",\"inLanguage\":\"pt-PT\",\"mainEntityOfPage\":{\"@id\":\"https:\\\/\\\/www.binauralmedia.org\\\/news\\\/arquivo\\\/22069#webpage\"},\"isPartOf\":{\"@id\":\"https:\\\/\\\/www.binauralmedia.org\\\/news\\\/arquivo\\\/22069#webpage\"},\"articleSection\":\"Not\\u00edcias, Opcional\"},{\"@type\":\"BreadcrumbList\",\"@id\":\"https:\\\/\\\/www.binauralmedia.org\\\/news\\\/arquivo\\\/22069#breadcrumblist\",\"itemListElement\":[{\"@type\":\"ListItem\",\"@id\":\"https:\\\/\\\/www.binauralmedia.org\\\/news#listItem\",\"position\":1,\"name\":\"Home\",\"item\":\"https:\\\/\\\/www.binauralmedia.org\\\/news\",\"nextItem\":{\"@type\":\"ListItem\",\"@id\":\"https:\\\/\\\/www.binauralmedia.org\\\/news\\\/arquivo\\\/category\\\/news#listItem\",\"name\":\"Not\\u00edcias\"}},{\"@type\":\"ListItem\",\"@id\":\"https:\\\/\\\/www.binauralmedia.org\\\/news\\\/arquivo\\\/category\\\/news#listItem\",\"position\":2,\"name\":\"Not\\u00edcias\",\"item\":\"https:\\\/\\\/www.binauralmedia.org\\\/news\\\/arquivo\\\/category\\\/news\",\"nextItem\":{\"@type\":\"ListItem\",\"@id\":\"https:\\\/\\\/www.binauralmedia.org\\\/news\\\/arquivo\\\/22069#listItem\",\"name\":\"Binaural Nodar presente em confer\\u00eancia sobre redes culturais europeias\"},\"previousItem\":{\"@type\":\"ListItem\",\"@id\":\"https:\\\/\\\/www.binauralmedia.org\\\/news#listItem\",\"name\":\"Home\"}},{\"@type\":\"ListItem\",\"@id\":\"https:\\\/\\\/www.binauralmedia.org\\\/news\\\/arquivo\\\/22069#listItem\",\"position\":3,\"name\":\"Binaural Nodar presente em confer\\u00eancia sobre redes culturais europeias\",\"previousItem\":{\"@type\":\"ListItem\",\"@id\":\"https:\\\/\\\/www.binauralmedia.org\\\/news\\\/arquivo\\\/category\\\/news#listItem\",\"name\":\"Not\\u00edcias\"}}]},{\"@type\":\"Organization\",\"@id\":\"https:\\\/\\\/www.binauralmedia.org\\\/news\\\/#organization\",\"name\":\"binauralmedia.org\",\"description\":\"Rural Based Sound\\\/Media Arts & Social Research\",\"url\":\"https:\\\/\\\/www.binauralmedia.org\\\/news\\\/\"},{\"@type\":\"Person\",\"@id\":\"https:\\\/\\\/www.binauralmedia.org\\\/news\\\/arquivo\\\/author\\\/nelyferreira#author\",\"url\":\"https:\\\/\\\/www.binauralmedia.org\\\/news\\\/arquivo\\\/author\\\/nelyferreira\",\"name\":\"Nely Ferreira\"},{\"@type\":\"WebPage\",\"@id\":\"https:\\\/\\\/www.binauralmedia.org\\\/news\\\/arquivo\\\/22069#webpage\",\"url\":\"https:\\\/\\\/www.binauralmedia.org\\\/news\\\/arquivo\\\/22069\",\"name\":\"Binaural Nodar presente em confer\\u00eancia sobre redes culturais europeias - binauralmedia.org\",\"description\":\"BINAURAL NODAR PRESENTE EM CONFER\\u00caNCIA SOBRE REDES CULTURAIS EUROPEIAS O coordenador da Binaural Nodar, Luis Gomes da Costa, estar\\u00e1 presente em ambos os dias da Confer\\u00eancia de Coimbra para partilhar a experi\\u00eancia da associa\\u00e7\\u00e3o na participa\\u00e7\\u00e3o e\\\/ou lideran\\u00e7a de 6 projetos Europa Criativa desde 2012, como R\\u00e9seau Tramontana, \\u2018Sound of Culture, Culture of Sound\\u2019 e\",\"inLanguage\":\"pt-PT\",\"isPartOf\":{\"@id\":\"https:\\\/\\\/www.binauralmedia.org\\\/news\\\/#website\"},\"breadcrumb\":{\"@id\":\"https:\\\/\\\/www.binauralmedia.org\\\/news\\\/arquivo\\\/22069#breadcrumblist\"},\"author\":{\"@id\":\"https:\\\/\\\/www.binauralmedia.org\\\/news\\\/arquivo\\\/author\\\/nelyferreira#author\"},\"creator\":{\"@id\":\"https:\\\/\\\/www.binauralmedia.org\\\/news\\\/arquivo\\\/author\\\/nelyferreira#author\"},\"image\":{\"@type\":\"ImageObject\",\"url\":\"https:\\\/\\\/www.binauralmedia.org\\\/news\\\/wp-content\\\/uploads\\\/coimbra.png\",\"@id\":\"https:\\\/\\\/www.binauralmedia.org\\\/news\\\/arquivo\\\/22069\\\/#mainImage\",\"width\":1200,\"height\":800},\"primaryImageOfPage\":{\"@id\":\"https:\\\/\\\/www.binauralmedia.org\\\/news\\\/arquivo\\\/22069#mainImage\"},\"datePublished\":\"2024-09-18T14:08:30+00:00\",\"dateModified\":\"2024-10-23T15:48:42+00:00\"},{\"@type\":\"WebSite\",\"@id\":\"https:\\\/\\\/www.binauralmedia.org\\\/news\\\/#website\",\"url\":\"https:\\\/\\\/www.binauralmedia.org\\\/news\\\/\",\"name\":\"binauralmedia.org\",\"description\":\"Rural Based Sound\\\/Media Arts & Social Research\",\"inLanguage\":\"pt-PT\",\"publisher\":{\"@id\":\"https:\\\/\\\/www.binauralmedia.org\\\/news\\\/#organization\"}}]}\n\t\t<\/script>\n\t\t<!-- All in One SEO -->\n\n","aioseo_head_json":{"title":"Binaural Nodar presente em confer\u00eancia sobre redes culturais europeias - binauralmedia.org","description":"BINAURAL NODAR PRESENTE EM CONFER\u00caNCIA SOBRE REDES CULTURAIS EUROPEIAS O coordenador da Binaural Nodar, Luis Gomes da Costa, estar\u00e1 presente em ambos os dias da Confer\u00eancia de Coimbra para partilhar a experi\u00eancia da associa\u00e7\u00e3o na participa\u00e7\u00e3o e\/ou lideran\u00e7a de 6 projetos Europa Criativa desde 2012, como R\u00e9seau Tramontana, \u2018Sound of Culture, Culture of Sound\u2019 e","canonical_url":"https:\/\/www.binauralmedia.org\/news\/arquivo\/22069","robots":"max-image-preview:large","keywords":"","webmasterTools":{"miscellaneous":""},"schema":{"@context":"https:\/\/schema.org","@graph":[{"@type":"BlogPosting","@id":"https:\/\/www.binauralmedia.org\/news\/arquivo\/22069#blogposting","name":"Binaural Nodar presente em confer\u00eancia sobre redes culturais europeias - binauralmedia.org","headline":"Binaural Nodar presente em confer\u00eancia sobre redes culturais europeias","author":{"@id":"https:\/\/www.binauralmedia.org\/news\/arquivo\/author\/nelyferreira#author"},"publisher":{"@id":"https:\/\/www.binauralmedia.org\/news\/#organization"},"image":{"@type":"ImageObject","url":"https:\/\/www.binauralmedia.org\/news\/wp-content\/uploads\/coimbra.png","width":1200,"height":800},"datePublished":"2024-09-18T14:08:30+00:00","dateModified":"2024-10-23T15:48:42+00:00","inLanguage":"pt-PT","mainEntityOfPage":{"@id":"https:\/\/www.binauralmedia.org\/news\/arquivo\/22069#webpage"},"isPartOf":{"@id":"https:\/\/www.binauralmedia.org\/news\/arquivo\/22069#webpage"},"articleSection":"Not\u00edcias, Opcional"},{"@type":"BreadcrumbList","@id":"https:\/\/www.binauralmedia.org\/news\/arquivo\/22069#breadcrumblist","itemListElement":[{"@type":"ListItem","@id":"https:\/\/www.binauralmedia.org\/news#listItem","position":1,"name":"Home","item":"https:\/\/www.binauralmedia.org\/news","nextItem":{"@type":"ListItem","@id":"https:\/\/www.binauralmedia.org\/news\/arquivo\/category\/news#listItem","name":"Not\u00edcias"}},{"@type":"ListItem","@id":"https:\/\/www.binauralmedia.org\/news\/arquivo\/category\/news#listItem","position":2,"name":"Not\u00edcias","item":"https:\/\/www.binauralmedia.org\/news\/arquivo\/category\/news","nextItem":{"@type":"ListItem","@id":"https:\/\/www.binauralmedia.org\/news\/arquivo\/22069#listItem","name":"Binaural Nodar presente em confer\u00eancia sobre redes culturais europeias"},"previousItem":{"@type":"ListItem","@id":"https:\/\/www.binauralmedia.org\/news#listItem","name":"Home"}},{"@type":"ListItem","@id":"https:\/\/www.binauralmedia.org\/news\/arquivo\/22069#listItem","position":3,"name":"Binaural Nodar presente em confer\u00eancia sobre redes culturais europeias","previousItem":{"@type":"ListItem","@id":"https:\/\/www.binauralmedia.org\/news\/arquivo\/category\/news#listItem","name":"Not\u00edcias"}}]},{"@type":"Organization","@id":"https:\/\/www.binauralmedia.org\/news\/#organization","name":"binauralmedia.org","description":"Rural Based Sound\/Media Arts & Social Research","url":"https:\/\/www.binauralmedia.org\/news\/"},{"@type":"Person","@id":"https:\/\/www.binauralmedia.org\/news\/arquivo\/author\/nelyferreira#author","url":"https:\/\/www.binauralmedia.org\/news\/arquivo\/author\/nelyferreira","name":"Nely Ferreira"},{"@type":"WebPage","@id":"https:\/\/www.binauralmedia.org\/news\/arquivo\/22069#webpage","url":"https:\/\/www.binauralmedia.org\/news\/arquivo\/22069","name":"Binaural Nodar presente em confer\u00eancia sobre redes culturais europeias - binauralmedia.org","description":"BINAURAL NODAR PRESENTE EM CONFER\u00caNCIA SOBRE REDES CULTURAIS EUROPEIAS O coordenador da Binaural Nodar, Luis Gomes da Costa, estar\u00e1 presente em ambos os dias da Confer\u00eancia de Coimbra para partilhar a experi\u00eancia da associa\u00e7\u00e3o na participa\u00e7\u00e3o e\/ou lideran\u00e7a de 6 projetos Europa Criativa desde 2012, como R\u00e9seau Tramontana, \u2018Sound of Culture, Culture of Sound\u2019 e","inLanguage":"pt-PT","isPartOf":{"@id":"https:\/\/www.binauralmedia.org\/news\/#website"},"breadcrumb":{"@id":"https:\/\/www.binauralmedia.org\/news\/arquivo\/22069#breadcrumblist"},"author":{"@id":"https:\/\/www.binauralmedia.org\/news\/arquivo\/author\/nelyferreira#author"},"creator":{"@id":"https:\/\/www.binauralmedia.org\/news\/arquivo\/author\/nelyferreira#author"},"image":{"@type":"ImageObject","url":"https:\/\/www.binauralmedia.org\/news\/wp-content\/uploads\/coimbra.png","@id":"https:\/\/www.binauralmedia.org\/news\/arquivo\/22069\/#mainImage","width":1200,"height":800},"primaryImageOfPage":{"@id":"https:\/\/www.binauralmedia.org\/news\/arquivo\/22069#mainImage"},"datePublished":"2024-09-18T14:08:30+00:00","dateModified":"2024-10-23T15:48:42+00:00"},{"@type":"WebSite","@id":"https:\/\/www.binauralmedia.org\/news\/#website","url":"https:\/\/www.binauralmedia.org\/news\/","name":"binauralmedia.org","description":"Rural Based Sound\/Media Arts & Social Research","inLanguage":"pt-PT","publisher":{"@id":"https:\/\/www.binauralmedia.org\/news\/#organization"}}]},"og:locale":"pt_PT","og:site_name":"binauralmedia.org - Rural Based Sound\/Media Arts &amp; Social Research","og:type":"article","og:title":"Binaural Nodar presente em confer\u00eancia sobre redes culturais europeias - binauralmedia.org","og:description":"BINAURAL NODAR PRESENTE EM CONFER\u00caNCIA SOBRE REDES CULTURAIS EUROPEIAS O coordenador da Binaural Nodar, Luis Gomes da Costa, estar\u00e1 presente em ambos os dias da Confer\u00eancia de Coimbra para partilhar a experi\u00eancia da associa\u00e7\u00e3o na participa\u00e7\u00e3o e\/ou lideran\u00e7a de 6 projetos Europa Criativa desde 2012, como R\u00e9seau Tramontana, \u2018Sound of Culture, Culture of Sound\u2019 e","og:url":"https:\/\/www.binauralmedia.org\/news\/arquivo\/22069","article:published_time":"2024-09-18T14:08:30+00:00","article:modified_time":"2024-10-23T15:48:42+00:00","twitter:card":"summary_large_image","twitter:title":"Binaural Nodar presente em confer\u00eancia sobre redes culturais europeias - binauralmedia.org","twitter:description":"BINAURAL NODAR PRESENTE EM CONFER\u00caNCIA SOBRE REDES CULTURAIS EUROPEIAS O coordenador da Binaural Nodar, Luis Gomes da Costa, estar\u00e1 presente em ambos os dias da Confer\u00eancia de Coimbra para partilhar a experi\u00eancia da associa\u00e7\u00e3o na participa\u00e7\u00e3o e\/ou lideran\u00e7a de 6 projetos Europa Criativa desde 2012, como R\u00e9seau Tramontana, \u2018Sound of Culture, Culture of Sound\u2019 e"},"aioseo_meta_data":{"post_id":"22069","title":null,"description":null,"keywords":null,"keyphrases":null,"primary_term":null,"canonical_url":null,"og_title":null,"og_description":null,"og_object_type":"default","og_image_type":"default","og_image_custom_url":null,"og_image_custom_fields":null,"og_image_url":null,"og_image_width":null,"og_image_height":null,"og_video":null,"og_custom_url":null,"og_article_section":null,"og_article_tags":null,"twitter_use_og":false,"twitter_card":"default","twitter_image_type":"default","twitter_image_custom_url":null,"twitter_image_custom_fields":null,"twitter_image_url":null,"twitter_title":null,"twitter_description":null,"schema_type":"default","schema_type_options":null,"schema":{"blockGraphs":[],"customGraphs":[],"default":{"data":{"Article":[],"Course":[],"Dataset":[],"FAQPage":[],"Movie":[],"Person":[],"Product":[],"ProductReview":[],"Car":[],"Recipe":[],"Service":[],"SoftwareApplication":[],"WebPage":[]},"graphName":"","isEnabled":true},"graphs":[]},"pillar_content":false,"robots_default":true,"robots_noindex":false,"robots_noarchive":false,"robots_nosnippet":false,"robots_nofollow":false,"robots_noimageindex":false,"robots_noodp":false,"robots_notranslate":false,"robots_max_snippet":null,"robots_max_videopreview":null,"robots_max_imagepreview":"large","priority":null,"frequency":null,"local_seo":null,"limit_modified_date":false,"ai":null,"breadcrumb_settings":null,"seo_analyzer_scan_date":null,"created":"2026-08-05 07:27:11","updated":"2026-08-05 07:27:11","focus_keyword":null,"additional_keywords":null,"truseo_locale":null},"aioseo_breadcrumb":"<div class=\"aioseo-breadcrumbs\"><span class=\"aioseo-breadcrumb\">\n\t\t\t<a href=\"https:\/\/www.binauralmedia.org\/news\" title=\"Home\">Home<\/a>\n\t\t<\/span><span class=\"aioseo-breadcrumb-separator\">&raquo;<\/span><span class=\"aioseo-breadcrumb\">\n\t\t\t<a href=\"https:\/\/www.binauralmedia.org\/news\/arquivo\/category\/news\" title=\"Not\u00edcias\">Not\u00edcias<\/a>\n\t\t<\/span><span class=\"aioseo-breadcrumb-separator\">&raquo;<\/span><span class=\"aioseo-breadcrumb\">\n\t\t\tBinaural Nodar presente em confer\u00eancia sobre redes culturais europeias\n\t\t<\/span><\/div>","aioseo_breadcrumb_json":[{"label":"Home","link":"https:\/\/www.binauralmedia.org\/news"},{"label":"Not\u00edcias","link":"https:\/\/www.binauralmedia.org\/news\/arquivo\/category\/news"},{"label":"Binaural Nodar presente em confer\u00eancia sobre redes culturais europeias","link":"https:\/\/www.binauralmedia.org\/news\/arquivo\/22069"}],"_links":{"self":[{"href":"https:\/\/www.binauralmedia.org\/news\/wp-json\/wp\/v2\/posts\/22069","targetHints":{"allow":["GET"]}}],"collection":[{"href":"https:\/\/www.binauralmedia.org\/news\/wp-json\/wp\/v2\/posts"}],"about":[{"href":"https:\/\/www.binauralmedia.org\/news\/wp-json\/wp\/v2\/types\/post"}],"author":[{"embeddable":true,"href":"https:\/\/www.binauralmedia.org\/news\/wp-json\/wp\/v2\/users\/8"}],"replies":[{"embeddable":true,"href":"https:\/\/www.binauralmedia.org\/news\/wp-json\/wp\/v2\/comments?post=22069"}],"version-history":[{"count":5,"href":"https:\/\/www.binauralmedia.org\/news\/wp-json\/wp\/v2\/posts\/22069\/revisions"}],"predecessor-version":[{"id":22185,"href":"https:\/\/www.binauralmedia.org\/news\/wp-json\/wp\/v2\/posts\/22069\/revisions\/22185"}],"wp:featuredmedia":[{"embeddable":true,"href":"https:\/\/www.binauralmedia.org\/news\/wp-json\/wp\/v2\/media\/22075"}],"wp:attachment":[{"href":"https:\/\/www.binauralmedia.org\/news\/wp-json\/wp\/v2\/media?parent=22069"}],"wp:term":[{"taxonomy":"category","embeddable":true,"href":"https:\/\/www.binauralmedia.org\/news\/wp-json\/wp\/v2\/categories?post=22069"},{"taxonomy":"post_tag","embeddable":true,"href":"https:\/\/www.binauralmedia.org\/news\/wp-json\/wp\/v2\/tags?post=22069"}],"curies":[{"name":"wp","href":"https:\/\/api.w.org\/{rel}","templated":true}]}}