{"id":22051,"date":"2024-09-12T11:23:55","date_gmt":"2024-09-12T11:23:55","guid":{"rendered":"https:\/\/www.binauralmedia.org\/news?p=22051"},"modified":"2024-10-23T15:49:47","modified_gmt":"2024-10-23T15:49:47","slug":"sons-do-vale-senales-uma-composicao-sonora-coletiva","status":"publish","type":"post","link":"https:\/\/www.binauralmedia.org\/news\/arquivo\/22051","title":{"rendered":"Sons do Vale Senales, uma composi\u00e7\u00e3o sonora coletiva"},"content":{"rendered":"<p><div class=\"fusion-fullwidth fullwidth-box fusion-builder-row-1 fusion-flex-container nonhundred-percent-fullwidth non-hundred-percent-height-scrolling\" style=\"--awb-border-radius-top-left:0px;--awb-border-radius-top-right:0px;--awb-border-radius-bottom-right:0px;--awb-border-radius-bottom-left:0px;--awb-flex-wrap:wrap;\" ><div class=\"fusion-builder-row fusion-row fusion-flex-align-items-flex-start fusion-flex-content-wrap\" style=\"max-width:1144px;margin-left: calc(-4% \/ 2 );margin-right: calc(-4% \/ 2 );\"><div class=\"fusion-layout-column fusion_builder_column fusion-builder-column-0 fusion_builder_column_1_1 1_1 fusion-flex-column\" style=\"--awb-bg-size:cover;--awb-width-large:100%;--awb-margin-top-large:0px;--awb-spacing-right-large:1.92%;--awb-margin-bottom-large:0px;--awb-spacing-left-large:1.92%;--awb-width-medium:100%;--awb-spacing-right-medium:1.92%;--awb-spacing-left-medium:1.92%;--awb-width-small:100%;--awb-spacing-right-small:1.92%;--awb-spacing-left-small:1.92%;\"><div class=\"fusion-column-wrapper fusion-flex-justify-content-flex-start fusion-content-layout-column\"><div class=\"fusion-text fusion-text-1\"><p>SONS DO VALE SENALES<br \/>Uma composi\u00e7\u00e3o sonora coletiva<\/p>\n<p>Uma composi\u00e7\u00e3o sonora coletiva criada no contexto da masterclass &#8220;Sons do Vale Senales&#8221; que decorreu na Prov\u00edncia Aut\u00f3noma Italiana de Bolzano entre 31 de agosto e 4 de setembro de 2024 e que foi dirigida pelo coordenador da Binaural Nodar, Luis Costa com assist\u00eancia do coordenador da associa\u00e7\u00e3o italiana Bambun APS, Gianfranco Spitilli.<\/p>\n<p>A composi\u00e7\u00e3o sonora foi concebida como uma hist\u00f3ria imagin\u00e1ria do povoamento do vale Senales, desde a paisagem sem presen\u00e7a humana, at\u00e9 \u00e0 cria\u00e7\u00e3o do Mosteiro Cartuxo onde o sil\u00eancio e as ora\u00e7\u00f5es poder\u00e3o ter sido aspectos-chave da sua paisagem sonora, passando pela agricultura e pecu\u00e1ria que lentamente ocuparam as colinas que circundam o mosteiro, terminando com a mistura moderna de atividades manuais e motorizadas.<\/p>\n<p>Todos os sons foram gravados e compostos por:<\/p>\n<p>Daniela Brugger, Francesca Corradini, Gianfranco Spitilli, Giorgio Perini, Greta F. Franco, Luis Costa, Maria van Eijk, Matilde Ramini, Matteo Ferrari, Patrizia Pfeifer, Tommaso Barbieri e Valerio Latino.<\/p>\n<p>Masteriza\u00e7\u00e3o final de Lu\u00eds Costa.<\/p>\n<p>A Binaural Nodar \u00e9 uma entidade cultural apoiada pela Rep\u00fablica Portuguesa &#8211; Cultura | Dire\u00e7\u00e3o-Geral das Artes.<\/p>\n<\/div><div class=\"fusion-soundcloud\"><iframe scrolling=\"no\" frameborder=\"no\" width=\"100%\" height=\"166\" allow=\"autoplay\" src=\"https:\/\/w.soundcloud.com\/player\/?url=https:\/\/soundcloud.com\/binauralmedia\/i-suoni-della-val-senales?fbclid=IwY2xjawFeLwRleHRuA2FlbQIxMQABHfacWWypClnErNj45o1vBi4jgioKkAOISixJx-ROrBzXzn33RviBsVnxJg_aem_ioB1eGWP0xde6pujnCMVRw&amp;auto_play=false&amp;hide_related=false&amp;show_comments=true&amp;show_user=true&amp;show_reposts=false&amp;visual=false&amp;color=ff7700\" title=\"soundcloud\"><\/iframe><\/div><\/div><\/div><\/div><\/div><div class=\"fusion-fullwidth fullwidth-box fusion-builder-row-2 fusion-flex-container nonhundred-percent-fullwidth non-hundred-percent-height-scrolling\" style=\"--awb-border-radius-top-left:0px;--awb-border-radius-top-right:0px;--awb-border-radius-bottom-right:0px;--awb-border-radius-bottom-left:0px;--awb-flex-wrap:wrap;\" ><\/div><\/p>\n","protected":false},"excerpt":{"rendered":"","protected":false},"author":8,"featured_media":21580,"comment_status":"closed","ping_status":"closed","sticky":false,"template":"","format":"audio","meta":{"_acf_changed":false,"_bbp_topic_count":0,"_bbp_reply_count":0,"_bbp_total_topic_count":0,"_bbp_total_reply_count":0,"_bbp_voice_count":0,"_bbp_anonymous_reply_count":0,"_bbp_topic_count_hidden":0,"_bbp_reply_count_hidden":0,"_bbp_forum_subforum_count":0,"footnotes":""},"categories":[1158,1,1159],"tags":[],"class_list":["post-22051","post","type-post","status-publish","format-audio","has-post-thumbnail","hentry","category-visual-sound-ethnograhpy","category-news","category-educational-programme","post_format-post-format-audio"],"acf":[],"aioseo_notices":[],"aioseo_head":"\n\t\t<!-- All in One SEO 5.0.1.1 - aioseo.com -->\n\t<meta name=\"description\" content=\"SONS DO VALE SENALESUma composi\u00e7\u00e3o sonora coletiva Uma composi\u00e7\u00e3o sonora coletiva criada no contexto da masterclass \u201cSons do Vale Senales\u201d que decorreu na Prov\u00edncia Aut\u00f3noma Italiana de Bolzano entre 31 de agosto e 4 de setembro de 2024 e que foi dirigida pelo coordenador da Binaural Nodar, Luis Costa com assist\u00eancia do coordenador da associa\u00e7\u00e3o\" \/>\n\t<meta name=\"robots\" content=\"max-image-preview:large\" \/>\n\t<meta name=\"author\" content=\"Nely Ferreira\"\/>\n\t<link rel=\"canonical\" href=\"https:\/\/www.binauralmedia.org\/news\/arquivo\/22051\" \/>\n\t<meta name=\"generator\" content=\"All in One SEO (AIOSEO) 5.0.1.1\" \/>\n\t\t<meta property=\"og:locale\" content=\"pt_PT\" \/>\n\t\t<meta property=\"og:site_name\" content=\"binauralmedia.org - Rural Based Sound\/Media Arts &amp; Social Research\" \/>\n\t\t<meta property=\"og:type\" content=\"article\" \/>\n\t\t<meta property=\"og:title\" content=\"Sons do Vale Senales, uma composi\u00e7\u00e3o sonora coletiva - binauralmedia.org\" \/>\n\t\t<meta property=\"og:description\" content=\"SONS DO VALE SENALESUma composi\u00e7\u00e3o sonora coletiva Uma composi\u00e7\u00e3o sonora coletiva criada no contexto da masterclass \u201cSons do Vale Senales\u201d que decorreu na Prov\u00edncia Aut\u00f3noma Italiana de Bolzano entre 31 de agosto e 4 de setembro de 2024 e que foi dirigida pelo coordenador da Binaural Nodar, Luis Costa com assist\u00eancia do coordenador da associa\u00e7\u00e3o\" \/>\n\t\t<meta property=\"og:url\" content=\"https:\/\/www.binauralmedia.org\/news\/arquivo\/22051\" \/>\n\t\t<meta property=\"article:published_time\" content=\"2024-09-12T11:23:55+00:00\" \/>\n\t\t<meta property=\"article:modified_time\" content=\"2024-10-23T15:49:47+00:00\" \/>\n\t\t<meta name=\"twitter:card\" content=\"summary_large_image\" \/>\n\t\t<meta name=\"twitter:title\" content=\"Sons do Vale Senales, uma composi\u00e7\u00e3o sonora coletiva - binauralmedia.org\" \/>\n\t\t<meta name=\"twitter:description\" content=\"SONS DO VALE SENALESUma composi\u00e7\u00e3o sonora coletiva Uma composi\u00e7\u00e3o sonora coletiva criada no contexto da masterclass \u201cSons do Vale Senales\u201d que decorreu na Prov\u00edncia Aut\u00f3noma Italiana de Bolzano entre 31 de agosto e 4 de setembro de 2024 e que foi dirigida pelo coordenador da Binaural Nodar, Luis Costa com assist\u00eancia do coordenador da associa\u00e7\u00e3o\" \/>\n\t\t<script type=\"application\/ld+json\" class=\"aioseo-schema\">\n\t\t\t{\"@context\":\"https:\\\/\\\/schema.org\",\"@graph\":[{\"@type\":\"BlogPosting\",\"@id\":\"https:\\\/\\\/www.binauralmedia.org\\\/news\\\/arquivo\\\/22051#blogposting\",\"name\":\"Sons do Vale Senales, uma composi\\u00e7\\u00e3o sonora coletiva - binauralmedia.org\",\"headline\":\"Sons do Vale Senales, uma composi\\u00e7\\u00e3o sonora coletiva\",\"author\":{\"@id\":\"https:\\\/\\\/www.binauralmedia.org\\\/news\\\/arquivo\\\/author\\\/nelyferreira#author\"},\"publisher\":{\"@id\":\"https:\\\/\\\/www.binauralmedia.org\\\/news\\\/#organization\"},\"image\":{\"@type\":\"ImageObject\",\"url\":\"https:\\\/\\\/www.binauralmedia.org\\\/news\\\/wp-content\\\/uploads\\\/I-Suoni-della-Val-Senales-1200x800-1.png\",\"width\":1200,\"height\":800},\"datePublished\":\"2024-09-12T11:23:55+00:00\",\"dateModified\":\"2024-10-23T15:49:47+00:00\",\"inLanguage\":\"pt-PT\",\"mainEntityOfPage\":{\"@id\":\"https:\\\/\\\/www.binauralmedia.org\\\/news\\\/arquivo\\\/22051#webpage\"},\"isPartOf\":{\"@id\":\"https:\\\/\\\/www.binauralmedia.org\\\/news\\\/arquivo\\\/22051#webpage\"},\"articleSection\":\"Etnografia Sonora e Visual, Not\\u00edcias, Programa Educativo, Audio, Opcional\"},{\"@type\":\"BreadcrumbList\",\"@id\":\"https:\\\/\\\/www.binauralmedia.org\\\/news\\\/arquivo\\\/22051#breadcrumblist\",\"itemListElement\":[{\"@type\":\"ListItem\",\"@id\":\"https:\\\/\\\/www.binauralmedia.org\\\/news#listItem\",\"position\":1,\"name\":\"Home\",\"item\":\"https:\\\/\\\/www.binauralmedia.org\\\/news\",\"nextItem\":{\"@type\":\"ListItem\",\"@id\":\"https:\\\/\\\/www.binauralmedia.org\\\/news\\\/arquivo\\\/category\\\/news#listItem\",\"name\":\"Not\\u00edcias\"}},{\"@type\":\"ListItem\",\"@id\":\"https:\\\/\\\/www.binauralmedia.org\\\/news\\\/arquivo\\\/category\\\/news#listItem\",\"position\":2,\"name\":\"Not\\u00edcias\",\"item\":\"https:\\\/\\\/www.binauralmedia.org\\\/news\\\/arquivo\\\/category\\\/news\",\"nextItem\":{\"@type\":\"ListItem\",\"@id\":\"https:\\\/\\\/www.binauralmedia.org\\\/news\\\/arquivo\\\/22051#listItem\",\"name\":\"Sons do Vale Senales, uma composi\\u00e7\\u00e3o sonora coletiva\"},\"previousItem\":{\"@type\":\"ListItem\",\"@id\":\"https:\\\/\\\/www.binauralmedia.org\\\/news#listItem\",\"name\":\"Home\"}},{\"@type\":\"ListItem\",\"@id\":\"https:\\\/\\\/www.binauralmedia.org\\\/news\\\/arquivo\\\/22051#listItem\",\"position\":3,\"name\":\"Sons do Vale Senales, uma composi\\u00e7\\u00e3o sonora coletiva\",\"previousItem\":{\"@type\":\"ListItem\",\"@id\":\"https:\\\/\\\/www.binauralmedia.org\\\/news\\\/arquivo\\\/category\\\/news#listItem\",\"name\":\"Not\\u00edcias\"}}]},{\"@type\":\"Organization\",\"@id\":\"https:\\\/\\\/www.binauralmedia.org\\\/news\\\/#organization\",\"name\":\"binauralmedia.org\",\"description\":\"Rural Based Sound\\\/Media Arts & Social Research\",\"url\":\"https:\\\/\\\/www.binauralmedia.org\\\/news\\\/\"},{\"@type\":\"Person\",\"@id\":\"https:\\\/\\\/www.binauralmedia.org\\\/news\\\/arquivo\\\/author\\\/nelyferreira#author\",\"url\":\"https:\\\/\\\/www.binauralmedia.org\\\/news\\\/arquivo\\\/author\\\/nelyferreira\",\"name\":\"Nely Ferreira\"},{\"@type\":\"WebPage\",\"@id\":\"https:\\\/\\\/www.binauralmedia.org\\\/news\\\/arquivo\\\/22051#webpage\",\"url\":\"https:\\\/\\\/www.binauralmedia.org\\\/news\\\/arquivo\\\/22051\",\"name\":\"Sons do Vale Senales, uma composi\\u00e7\\u00e3o sonora coletiva - binauralmedia.org\",\"description\":\"SONS DO VALE SENALESUma composi\\u00e7\\u00e3o sonora coletiva Uma composi\\u00e7\\u00e3o sonora coletiva criada no contexto da masterclass \\u201cSons do Vale Senales\\u201d que decorreu na Prov\\u00edncia Aut\\u00f3noma Italiana de Bolzano entre 31 de agosto e 4 de setembro de 2024 e que foi dirigida pelo coordenador da Binaural Nodar, Luis Costa com assist\\u00eancia do coordenador da associa\\u00e7\\u00e3o\",\"inLanguage\":\"pt-PT\",\"isPartOf\":{\"@id\":\"https:\\\/\\\/www.binauralmedia.org\\\/news\\\/#website\"},\"breadcrumb\":{\"@id\":\"https:\\\/\\\/www.binauralmedia.org\\\/news\\\/arquivo\\\/22051#breadcrumblist\"},\"author\":{\"@id\":\"https:\\\/\\\/www.binauralmedia.org\\\/news\\\/arquivo\\\/author\\\/nelyferreira#author\"},\"creator\":{\"@id\":\"https:\\\/\\\/www.binauralmedia.org\\\/news\\\/arquivo\\\/author\\\/nelyferreira#author\"},\"image\":{\"@type\":\"ImageObject\",\"url\":\"https:\\\/\\\/www.binauralmedia.org\\\/news\\\/wp-content\\\/uploads\\\/I-Suoni-della-Val-Senales-1200x800-1.png\",\"@id\":\"https:\\\/\\\/www.binauralmedia.org\\\/news\\\/arquivo\\\/22051\\\/#mainImage\",\"width\":1200,\"height\":800},\"primaryImageOfPage\":{\"@id\":\"https:\\\/\\\/www.binauralmedia.org\\\/news\\\/arquivo\\\/22051#mainImage\"},\"datePublished\":\"2024-09-12T11:23:55+00:00\",\"dateModified\":\"2024-10-23T15:49:47+00:00\"},{\"@type\":\"WebSite\",\"@id\":\"https:\\\/\\\/www.binauralmedia.org\\\/news\\\/#website\",\"url\":\"https:\\\/\\\/www.binauralmedia.org\\\/news\\\/\",\"name\":\"binauralmedia.org\",\"description\":\"Rural Based Sound\\\/Media Arts & Social Research\",\"inLanguage\":\"pt-PT\",\"publisher\":{\"@id\":\"https:\\\/\\\/www.binauralmedia.org\\\/news\\\/#organization\"}}]}\n\t\t<\/script>\n\t\t<!-- All in One SEO -->\n\n","aioseo_head_json":{"title":"Sons do Vale Senales, uma composi\u00e7\u00e3o sonora coletiva - binauralmedia.org","description":"SONS DO VALE SENALESUma composi\u00e7\u00e3o sonora coletiva Uma composi\u00e7\u00e3o sonora coletiva criada no contexto da masterclass \u201cSons do Vale Senales\u201d que decorreu na Prov\u00edncia Aut\u00f3noma Italiana de Bolzano entre 31 de agosto e 4 de setembro de 2024 e que foi dirigida pelo coordenador da Binaural Nodar, Luis Costa com assist\u00eancia do coordenador da associa\u00e7\u00e3o","canonical_url":"https:\/\/www.binauralmedia.org\/news\/arquivo\/22051","robots":"max-image-preview:large","keywords":"","webmasterTools":{"miscellaneous":""},"schema":{"@context":"https:\/\/schema.org","@graph":[{"@type":"BlogPosting","@id":"https:\/\/www.binauralmedia.org\/news\/arquivo\/22051#blogposting","name":"Sons do Vale Senales, uma composi\u00e7\u00e3o sonora coletiva - binauralmedia.org","headline":"Sons do Vale Senales, uma composi\u00e7\u00e3o sonora coletiva","author":{"@id":"https:\/\/www.binauralmedia.org\/news\/arquivo\/author\/nelyferreira#author"},"publisher":{"@id":"https:\/\/www.binauralmedia.org\/news\/#organization"},"image":{"@type":"ImageObject","url":"https:\/\/www.binauralmedia.org\/news\/wp-content\/uploads\/I-Suoni-della-Val-Senales-1200x800-1.png","width":1200,"height":800},"datePublished":"2024-09-12T11:23:55+00:00","dateModified":"2024-10-23T15:49:47+00:00","inLanguage":"pt-PT","mainEntityOfPage":{"@id":"https:\/\/www.binauralmedia.org\/news\/arquivo\/22051#webpage"},"isPartOf":{"@id":"https:\/\/www.binauralmedia.org\/news\/arquivo\/22051#webpage"},"articleSection":"Etnografia Sonora e Visual, Not\u00edcias, Programa Educativo, Audio, Opcional"},{"@type":"BreadcrumbList","@id":"https:\/\/www.binauralmedia.org\/news\/arquivo\/22051#breadcrumblist","itemListElement":[{"@type":"ListItem","@id":"https:\/\/www.binauralmedia.org\/news#listItem","position":1,"name":"Home","item":"https:\/\/www.binauralmedia.org\/news","nextItem":{"@type":"ListItem","@id":"https:\/\/www.binauralmedia.org\/news\/arquivo\/category\/news#listItem","name":"Not\u00edcias"}},{"@type":"ListItem","@id":"https:\/\/www.binauralmedia.org\/news\/arquivo\/category\/news#listItem","position":2,"name":"Not\u00edcias","item":"https:\/\/www.binauralmedia.org\/news\/arquivo\/category\/news","nextItem":{"@type":"ListItem","@id":"https:\/\/www.binauralmedia.org\/news\/arquivo\/22051#listItem","name":"Sons do Vale Senales, uma composi\u00e7\u00e3o sonora coletiva"},"previousItem":{"@type":"ListItem","@id":"https:\/\/www.binauralmedia.org\/news#listItem","name":"Home"}},{"@type":"ListItem","@id":"https:\/\/www.binauralmedia.org\/news\/arquivo\/22051#listItem","position":3,"name":"Sons do Vale Senales, uma composi\u00e7\u00e3o sonora coletiva","previousItem":{"@type":"ListItem","@id":"https:\/\/www.binauralmedia.org\/news\/arquivo\/category\/news#listItem","name":"Not\u00edcias"}}]},{"@type":"Organization","@id":"https:\/\/www.binauralmedia.org\/news\/#organization","name":"binauralmedia.org","description":"Rural Based Sound\/Media Arts & Social Research","url":"https:\/\/www.binauralmedia.org\/news\/"},{"@type":"Person","@id":"https:\/\/www.binauralmedia.org\/news\/arquivo\/author\/nelyferreira#author","url":"https:\/\/www.binauralmedia.org\/news\/arquivo\/author\/nelyferreira","name":"Nely Ferreira"},{"@type":"WebPage","@id":"https:\/\/www.binauralmedia.org\/news\/arquivo\/22051#webpage","url":"https:\/\/www.binauralmedia.org\/news\/arquivo\/22051","name":"Sons do Vale Senales, uma composi\u00e7\u00e3o sonora coletiva - binauralmedia.org","description":"SONS DO VALE SENALESUma composi\u00e7\u00e3o sonora coletiva Uma composi\u00e7\u00e3o sonora coletiva criada no contexto da masterclass \u201cSons do Vale Senales\u201d que decorreu na Prov\u00edncia Aut\u00f3noma Italiana de Bolzano entre 31 de agosto e 4 de setembro de 2024 e que foi dirigida pelo coordenador da Binaural Nodar, Luis Costa com assist\u00eancia do coordenador da associa\u00e7\u00e3o","inLanguage":"pt-PT","isPartOf":{"@id":"https:\/\/www.binauralmedia.org\/news\/#website"},"breadcrumb":{"@id":"https:\/\/www.binauralmedia.org\/news\/arquivo\/22051#breadcrumblist"},"author":{"@id":"https:\/\/www.binauralmedia.org\/news\/arquivo\/author\/nelyferreira#author"},"creator":{"@id":"https:\/\/www.binauralmedia.org\/news\/arquivo\/author\/nelyferreira#author"},"image":{"@type":"ImageObject","url":"https:\/\/www.binauralmedia.org\/news\/wp-content\/uploads\/I-Suoni-della-Val-Senales-1200x800-1.png","@id":"https:\/\/www.binauralmedia.org\/news\/arquivo\/22051\/#mainImage","width":1200,"height":800},"primaryImageOfPage":{"@id":"https:\/\/www.binauralmedia.org\/news\/arquivo\/22051#mainImage"},"datePublished":"2024-09-12T11:23:55+00:00","dateModified":"2024-10-23T15:49:47+00:00"},{"@type":"WebSite","@id":"https:\/\/www.binauralmedia.org\/news\/#website","url":"https:\/\/www.binauralmedia.org\/news\/","name":"binauralmedia.org","description":"Rural Based Sound\/Media Arts & Social Research","inLanguage":"pt-PT","publisher":{"@id":"https:\/\/www.binauralmedia.org\/news\/#organization"}}]},"og:locale":"pt_PT","og:site_name":"binauralmedia.org - Rural Based Sound\/Media Arts &amp; Social Research","og:type":"article","og:title":"Sons do Vale Senales, uma composi\u00e7\u00e3o sonora coletiva - binauralmedia.org","og:description":"SONS DO VALE SENALESUma composi\u00e7\u00e3o sonora coletiva Uma composi\u00e7\u00e3o sonora coletiva criada no contexto da masterclass \u201cSons do Vale Senales\u201d que decorreu na Prov\u00edncia Aut\u00f3noma Italiana de Bolzano entre 31 de agosto e 4 de setembro de 2024 e que foi dirigida pelo coordenador da Binaural Nodar, Luis Costa com assist\u00eancia do coordenador da associa\u00e7\u00e3o","og:url":"https:\/\/www.binauralmedia.org\/news\/arquivo\/22051","article:published_time":"2024-09-12T11:23:55+00:00","article:modified_time":"2024-10-23T15:49:47+00:00","twitter:card":"summary_large_image","twitter:title":"Sons do Vale Senales, uma composi\u00e7\u00e3o sonora coletiva - binauralmedia.org","twitter:description":"SONS DO VALE SENALESUma composi\u00e7\u00e3o sonora coletiva Uma composi\u00e7\u00e3o sonora coletiva criada no contexto da masterclass \u201cSons do Vale Senales\u201d que decorreu na Prov\u00edncia Aut\u00f3noma Italiana de Bolzano entre 31 de agosto e 4 de setembro de 2024 e que foi dirigida pelo coordenador da Binaural Nodar, Luis Costa com assist\u00eancia do coordenador da associa\u00e7\u00e3o"},"aioseo_meta_data":{"post_id":"22051","title":null,"description":null,"keywords":null,"keyphrases":null,"primary_term":null,"canonical_url":null,"og_title":null,"og_description":null,"og_object_type":"default","og_image_type":"default","og_image_custom_url":null,"og_image_custom_fields":null,"og_image_url":null,"og_image_width":null,"og_image_height":null,"og_video":null,"og_custom_url":null,"og_article_section":null,"og_article_tags":null,"twitter_use_og":false,"twitter_card":"default","twitter_image_type":"default","twitter_image_custom_url":null,"twitter_image_custom_fields":null,"twitter_image_url":null,"twitter_title":null,"twitter_description":null,"schema_type":"default","schema_type_options":null,"schema":{"blockGraphs":[],"customGraphs":[],"default":{"data":{"Article":[],"Course":[],"Dataset":[],"FAQPage":[],"Movie":[],"Person":[],"Product":[],"ProductReview":[],"Car":[],"Recipe":[],"Service":[],"SoftwareApplication":[],"WebPage":[]},"graphName":"","isEnabled":true},"graphs":[]},"pillar_content":false,"robots_default":true,"robots_noindex":false,"robots_noarchive":false,"robots_nosnippet":false,"robots_nofollow":false,"robots_noimageindex":false,"robots_noodp":false,"robots_notranslate":false,"robots_max_snippet":null,"robots_max_videopreview":null,"robots_max_imagepreview":"large","priority":null,"frequency":null,"local_seo":null,"limit_modified_date":false,"ai":null,"breadcrumb_settings":null,"seo_analyzer_scan_date":null,"created":"2026-08-05 07:27:11","updated":"2026-08-05 07:27:11","focus_keyword":null,"additional_keywords":null,"truseo_locale":null},"aioseo_breadcrumb":"<div class=\"aioseo-breadcrumbs\"><span class=\"aioseo-breadcrumb\">\n\t\t\t<a href=\"https:\/\/www.binauralmedia.org\/news\" title=\"Home\">Home<\/a>\n\t\t<\/span><span class=\"aioseo-breadcrumb-separator\">&raquo;<\/span><span class=\"aioseo-breadcrumb\">\n\t\t\t<a href=\"https:\/\/www.binauralmedia.org\/news\/arquivo\/category\/news\" title=\"Not\u00edcias\">Not\u00edcias<\/a>\n\t\t<\/span><span class=\"aioseo-breadcrumb-separator\">&raquo;<\/span><span class=\"aioseo-breadcrumb\">\n\t\t\tSons do Vale Senales, uma composi\u00e7\u00e3o sonora coletiva\n\t\t<\/span><\/div>","aioseo_breadcrumb_json":[{"label":"Home","link":"https:\/\/www.binauralmedia.org\/news"},{"label":"Not\u00edcias","link":"https:\/\/www.binauralmedia.org\/news\/arquivo\/category\/news"},{"label":"Sons do Vale Senales, uma composi\u00e7\u00e3o sonora coletiva","link":"https:\/\/www.binauralmedia.org\/news\/arquivo\/22051"}],"_links":{"self":[{"href":"https:\/\/www.binauralmedia.org\/news\/wp-json\/wp\/v2\/posts\/22051","targetHints":{"allow":["GET"]}}],"collection":[{"href":"https:\/\/www.binauralmedia.org\/news\/wp-json\/wp\/v2\/posts"}],"about":[{"href":"https:\/\/www.binauralmedia.org\/news\/wp-json\/wp\/v2\/types\/post"}],"author":[{"embeddable":true,"href":"https:\/\/www.binauralmedia.org\/news\/wp-json\/wp\/v2\/users\/8"}],"replies":[{"embeddable":true,"href":"https:\/\/www.binauralmedia.org\/news\/wp-json\/wp\/v2\/comments?post=22051"}],"version-history":[{"count":5,"href":"https:\/\/www.binauralmedia.org\/news\/wp-json\/wp\/v2\/posts\/22051\/revisions"}],"predecessor-version":[{"id":22187,"href":"https:\/\/www.binauralmedia.org\/news\/wp-json\/wp\/v2\/posts\/22051\/revisions\/22187"}],"wp:featuredmedia":[{"embeddable":true,"href":"https:\/\/www.binauralmedia.org\/news\/wp-json\/wp\/v2\/media\/21580"}],"wp:attachment":[{"href":"https:\/\/www.binauralmedia.org\/news\/wp-json\/wp\/v2\/media?parent=22051"}],"wp:term":[{"taxonomy":"category","embeddable":true,"href":"https:\/\/www.binauralmedia.org\/news\/wp-json\/wp\/v2\/categories?post=22051"},{"taxonomy":"post_tag","embeddable":true,"href":"https:\/\/www.binauralmedia.org\/news\/wp-json\/wp\/v2\/tags?post=22051"}],"curies":[{"name":"wp","href":"https:\/\/api.w.org\/{rel}","templated":true}]}}