{"id":21900,"date":"2024-08-24T23:56:11","date_gmt":"2024-08-24T23:56:11","guid":{"rendered":"https:\/\/www.binauralmedia.org\/news?p=21900"},"modified":"2024-10-23T15:53:10","modified_gmt":"2024-10-23T15:53:10","slug":"residencia-artistica-o-cantar-das-nascentes-em-varzea-de-calde","status":"publish","type":"post","link":"https:\/\/www.binauralmedia.org\/news\/arquivo\/21900","title":{"rendered":"Resid\u00eancia art\u00edstica &#8220;O cantar das nascentes&#8221; em V\u00e1rzea de Calde"},"content":{"rendered":"<div class=\"fusion-fullwidth fullwidth-box fusion-builder-row-1 fusion-flex-container nonhundred-percent-fullwidth non-hundred-percent-height-scrolling\" style=\"--awb-border-radius-top-left:0px;--awb-border-radius-top-right:0px;--awb-border-radius-bottom-right:0px;--awb-border-radius-bottom-left:0px;--awb-flex-wrap:wrap;\" ><div class=\"fusion-builder-row fusion-row fusion-flex-align-items-flex-start fusion-flex-content-wrap\" style=\"max-width:1144px;margin-left: calc(-4% \/ 2 );margin-right: calc(-4% \/ 2 );\"><div class=\"fusion-layout-column fusion_builder_column fusion-builder-column-0 fusion_builder_column_1_1 1_1 fusion-flex-column\" style=\"--awb-bg-size:cover;--awb-width-large:100%;--awb-margin-top-large:0px;--awb-spacing-right-large:1.92%;--awb-margin-bottom-large:0px;--awb-spacing-left-large:1.92%;--awb-width-medium:100%;--awb-spacing-right-medium:1.92%;--awb-spacing-left-medium:1.92%;--awb-width-small:100%;--awb-spacing-right-small:1.92%;--awb-spacing-left-small:1.92%;\"><div class=\"fusion-column-wrapper fusion-flex-justify-content-flex-start fusion-content-layout-column\"><div class=\"fusion-text fusion-text-1\"><p class=\"p1\"><strong>O CANTAR DAS NASCENTES<\/strong><br \/>Resid\u00eancia Art\u00edstica<br \/>De 2 a 14 de setembro 2024<br \/>V\u00e1rzea de Calde (concelho de Viseu)<\/p>\n<p class=\"p1\">Com Ana Carucci (Argentina\/Espanha) e Julian Weaver (Inglaterra)<br \/>Uma organiza\u00e7\u00e3o da Binaural Nodar em parceria com o Munic\u00edpio de Viseu e com a Junta de Freguesia de Calde.<\/p>\n<p class=\"p1\">A Binaural Nodar celebra 18 anos de resid\u00eancias art\u00edsticas em artes sonoras e media em contexto rural e 10 anos de trabalho em parceria com o Museu do Linho de V\u00e1rzea de Calde e com o Munic\u00edpio de Viseu, com a organiza\u00e7\u00e3o, entre 2 e 14 de setembro, de uma resid\u00eancia art\u00edstica com a presen\u00e7a dois artistas sonoros que ir\u00e3o expressar tem\u00e1ticas relacionadas com a intera\u00e7\u00e3o entre \u00e1gua e cultura no contexto rural de V\u00e1rzea de Calde.<\/p>\n<p class=\"p1\">Ana Carucci (Argentina\/Espanha)<\/p>\n<p class=\"p1\">O projeto de Ana Carucci para esta resid\u00eancia art\u00edstica visa criar uma paisagem sonora que explora as possibilidades percussivas da \u00e1gua, abordando-a como um objeto: Como \u00e9 que um elemento t\u00e3o fluido pode ser transformado num instrumento de percuss\u00e3o? Para expandir a gama de sons que a \u00e1gua pode produzir, a pesquisa da artista concentrar-se-\u00e1 no uso do seu pr\u00f3prio corpo e na explora\u00e7\u00e3o de dispositivos encontrados e constru\u00eddos. A artista v\u00ea os objectos como uma ponte entre o cultural e o natural. Como \u00e9 que ela pode jogar com estas fronteiras atrav\u00e9s do som? Adoptando uma mentalidade tecnol\u00f3gica com inten\u00e7\u00f5es po\u00e9ticas, Ana Carucci pretende desafiar a rela\u00e7\u00e3o tradicional entre o homem e a natureza, que muitas vezes a v\u00ea como uma simples mercadoria.<\/p>\n<p class=\"p1\">Ana Carucci \u00e9 uma artista argentina que vive atualmente em Espanha. Trabalha com pintura, desenho e som, criando instala\u00e7\u00f5es art\u00edsticas, m\u00fasica e paisagens sonoras. As suas obras surgem da explora\u00e7\u00e3o dos limites entre a abstra\u00e7\u00e3o e a literalidade, jogando com a linguagem e a mem\u00f3ria dos sentidos. A natureza e a sua rela\u00e7\u00e3o com a cultura \u00e9 um tema constante da sua pr\u00e1tica art\u00edstica. Em 2022, Ana Carucci fez parte do programa de resid\u00eancia AADK Espanha e da resid\u00eancia Countdown Grabowsee em Berlim, Alemanha. O seu trabalho Notebook 1 foi selecionado pelo Fundo de Artes Visuais da Argentina para o seu pr\u00e9mio nacional em 2017.<\/p>\n<p class=\"p1\">Julian Weaver (Inglaterra)<\/p>\n<p class=\"p1\">Julian Weaver prop\u00f5e a cria\u00e7\u00e3o de um \u201cBar de \u00c1gua\u201d em V\u00e1rzea de Calde, no qual as pessoas fazem as coisas que fariam em qualquer bar, mas que s\u00e3o especificamente orientadas para a \u00e1gua; a sua centralidade essencial, omnipresente e absoluta para e nos nossos corpos, vidas, cultura e pol\u00edtica. Ao longo da resid\u00eancia, o artista tamb\u00e9m introduzir\u00e1 alguns elementos de pensamento e pr\u00e1tica sobre a \u00e1gua: Desde das no\u00e7\u00f5es existentes na linguagem quotidiana de que o dilu\u00eddo \u00e9 menos forte, menos vigoroso, menos persuasivo, at\u00e9 \u00e0 considera\u00e7\u00e3o de que o funcionamento de um pensamento aquoso pode ser mais adapt\u00e1vel, flex\u00edvel, aberto, etc., at\u00e9 aos desenvolvimentos facilmente compreens\u00edveis de teorias, poesias e outros trabalhos criativos sobre a \u00e1gua.<\/p>\n<p class=\"p1\">Julian Weaver \u00e9 um artista ingl\u00eas que trabalha principalmente com som. O seu trabalho centra-se na mat\u00e9ria, na subst\u00e2ncia e na sensa\u00e7\u00e3o em imagin\u00e1rios e fic\u00e7\u00f5es cient\u00edficas e hist\u00f3ricas. A \u00e1gua \u00e9 um componente regular da sua pr\u00e1tica, que vai desde a ac\u00fastica das bolhas \u00e0s economias extractivas das algas marinhas at\u00e9 \u00e0 cartografia dos is\u00f3topos de hidrog\u00e9nio na fus\u00e3o nuclear, desde a recria\u00e7\u00e3o das curas de \u00e1gua fria da Hidropatia at\u00e9 \u00e0 explora\u00e7\u00e3o do Canal da Mancha como local de n\u00e1usea. Foi diretor art\u00edstico interativo e comiss\u00e1rio de obras de arte para Fusion, Power to the People: A sua obra recente inclui Nearly Present (Full of Noises, Acoustic Commons, 2022), comiss\u00e1rio de obras de arte para a EUROfusion, Rocantin for Colonel Gouraud (Colour Out Of Space, 2019), Outwork (Fort Process, 2018) e Wet Sensing (Whitstable Biennale, 2018).<\/p>\n<p>A Binaural Nodar \u00e9 uma entidade cultural apoiada pela Rep\u00fablica Portuguesa &#8211; Cultura | Dire\u00e7\u00e3o-Geral das Artes.<\/p>\n<\/div><\/div><\/div><\/div><\/div>\n","protected":false},"excerpt":{"rendered":"","protected":false},"author":2,"featured_media":21901,"comment_status":"closed","ping_status":"closed","sticky":false,"template":"","format":"standard","meta":{"_acf_changed":false,"_bbp_topic_count":0,"_bbp_reply_count":0,"_bbp_total_topic_count":0,"_bbp_total_reply_count":0,"_bbp_voice_count":0,"_bbp_anonymous_reply_count":0,"_bbp_topic_count_hidden":0,"_bbp_reply_count_hidden":0,"_bbp_forum_subforum_count":0,"footnotes":""},"categories":[1,676],"tags":[],"class_list":["post-21900","post","type-post","status-publish","format-standard","has-post-thumbnail","hentry","category-news","category-artist-residencies"],"acf":[],"aioseo_notices":[],"aioseo_head":"\n\t\t<!-- All in One SEO 5.0.1.1 - aioseo.com -->\n\t<meta name=\"description\" content=\"O CANTAR DAS NASCENTESResid\u00eancia Art\u00edsticaDe 2 a 14 de setembro 2024V\u00e1rzea de Calde (concelho de Viseu) Com Ana Carucci (Argentina\/Espanha) e Julian Weaver (Inglaterra)Uma organiza\u00e7\u00e3o da Binaural Nodar em parceria com o Munic\u00edpio de Viseu e com a Junta de Freguesia de Calde. A Binaural Nodar celebra 18 anos de resid\u00eancias art\u00edsticas em artes sonoras\" \/>\n\t<meta name=\"robots\" content=\"max-image-preview:large\" \/>\n\t<meta name=\"author\" content=\"luiscosta\"\/>\n\t<link rel=\"canonical\" href=\"https:\/\/www.binauralmedia.org\/news\/arquivo\/21900\" \/>\n\t<meta name=\"generator\" content=\"All in One SEO (AIOSEO) 5.0.1.1\" \/>\n\t\t<meta property=\"og:locale\" content=\"pt_PT\" \/>\n\t\t<meta property=\"og:site_name\" content=\"binauralmedia.org - Rural Based Sound\/Media Arts &amp; Social Research\" \/>\n\t\t<meta property=\"og:type\" content=\"article\" \/>\n\t\t<meta property=\"og:title\" content=\"Resid\u00eancia art\u00edstica \u201cO cantar das nascentes\u201d em V\u00e1rzea de Calde - binauralmedia.org\" \/>\n\t\t<meta property=\"og:description\" content=\"O CANTAR DAS NASCENTESResid\u00eancia Art\u00edsticaDe 2 a 14 de setembro 2024V\u00e1rzea de Calde (concelho de Viseu) Com Ana Carucci (Argentina\/Espanha) e Julian Weaver (Inglaterra)Uma organiza\u00e7\u00e3o da Binaural Nodar em parceria com o Munic\u00edpio de Viseu e com a Junta de Freguesia de Calde. A Binaural Nodar celebra 18 anos de resid\u00eancias art\u00edsticas em artes sonoras\" \/>\n\t\t<meta property=\"og:url\" content=\"https:\/\/www.binauralmedia.org\/news\/arquivo\/21900\" \/>\n\t\t<meta property=\"article:published_time\" content=\"2024-08-24T23:56:11+00:00\" \/>\n\t\t<meta property=\"article:modified_time\" content=\"2024-10-23T15:53:10+00:00\" \/>\n\t\t<meta name=\"twitter:card\" content=\"summary_large_image\" \/>\n\t\t<meta name=\"twitter:title\" content=\"Resid\u00eancia art\u00edstica \u201cO cantar das nascentes\u201d em V\u00e1rzea de Calde - binauralmedia.org\" \/>\n\t\t<meta name=\"twitter:description\" content=\"O CANTAR DAS NASCENTESResid\u00eancia Art\u00edsticaDe 2 a 14 de setembro 2024V\u00e1rzea de Calde (concelho de Viseu) Com Ana Carucci (Argentina\/Espanha) e Julian Weaver (Inglaterra)Uma organiza\u00e7\u00e3o da Binaural Nodar em parceria com o Munic\u00edpio de Viseu e com a Junta de Freguesia de Calde. A Binaural Nodar celebra 18 anos de resid\u00eancias art\u00edsticas em artes sonoras\" \/>\n\t\t<script type=\"application\/ld+json\" class=\"aioseo-schema\">\n\t\t\t{\"@context\":\"https:\\\/\\\/schema.org\",\"@graph\":[{\"@type\":\"BlogPosting\",\"@id\":\"https:\\\/\\\/www.binauralmedia.org\\\/news\\\/arquivo\\\/21900#blogposting\",\"name\":\"Resid\\u00eancia art\\u00edstica \\u201cO cantar das nascentes\\u201d em V\\u00e1rzea de Calde - binauralmedia.org\",\"headline\":\"Resid\\u00eancia art\\u00edstica &#8220;O cantar das nascentes&#8221; em V\\u00e1rzea de Calde\",\"author\":{\"@id\":\"https:\\\/\\\/www.binauralmedia.org\\\/news\\\/arquivo\\\/author\\\/luiscosta#author\"},\"publisher\":{\"@id\":\"https:\\\/\\\/www.binauralmedia.org\\\/news\\\/#organization\"},\"image\":{\"@type\":\"ImageObject\",\"url\":\"https:\\\/\\\/www.binauralmedia.org\\\/news\\\/wp-content\\\/uploads\\\/Dgartes-O-Cantar-das-Nascentes-Varzea-de-Calde-Web.jpg\",\"width\":2000,\"height\":1333},\"datePublished\":\"2024-08-24T23:56:11+00:00\",\"dateModified\":\"2024-10-23T15:53:10+00:00\",\"inLanguage\":\"pt-PT\",\"mainEntityOfPage\":{\"@id\":\"https:\\\/\\\/www.binauralmedia.org\\\/news\\\/arquivo\\\/21900#webpage\"},\"isPartOf\":{\"@id\":\"https:\\\/\\\/www.binauralmedia.org\\\/news\\\/arquivo\\\/21900#webpage\"},\"articleSection\":\"Not\\u00edcias, Resid\\u00eancias Art\\u00edsticas, Opcional\"},{\"@type\":\"BreadcrumbList\",\"@id\":\"https:\\\/\\\/www.binauralmedia.org\\\/news\\\/arquivo\\\/21900#breadcrumblist\",\"itemListElement\":[{\"@type\":\"ListItem\",\"@id\":\"https:\\\/\\\/www.binauralmedia.org\\\/news#listItem\",\"position\":1,\"name\":\"Home\",\"item\":\"https:\\\/\\\/www.binauralmedia.org\\\/news\",\"nextItem\":{\"@type\":\"ListItem\",\"@id\":\"https:\\\/\\\/www.binauralmedia.org\\\/news\\\/arquivo\\\/category\\\/news#listItem\",\"name\":\"Not\\u00edcias\"}},{\"@type\":\"ListItem\",\"@id\":\"https:\\\/\\\/www.binauralmedia.org\\\/news\\\/arquivo\\\/category\\\/news#listItem\",\"position\":2,\"name\":\"Not\\u00edcias\",\"item\":\"https:\\\/\\\/www.binauralmedia.org\\\/news\\\/arquivo\\\/category\\\/news\",\"nextItem\":{\"@type\":\"ListItem\",\"@id\":\"https:\\\/\\\/www.binauralmedia.org\\\/news\\\/arquivo\\\/21900#listItem\",\"name\":\"Resid\\u00eancia art\\u00edstica &#8220;O cantar das nascentes&#8221; em V\\u00e1rzea de Calde\"},\"previousItem\":{\"@type\":\"ListItem\",\"@id\":\"https:\\\/\\\/www.binauralmedia.org\\\/news#listItem\",\"name\":\"Home\"}},{\"@type\":\"ListItem\",\"@id\":\"https:\\\/\\\/www.binauralmedia.org\\\/news\\\/arquivo\\\/21900#listItem\",\"position\":3,\"name\":\"Resid\\u00eancia art\\u00edstica &#8220;O cantar das nascentes&#8221; em V\\u00e1rzea de Calde\",\"previousItem\":{\"@type\":\"ListItem\",\"@id\":\"https:\\\/\\\/www.binauralmedia.org\\\/news\\\/arquivo\\\/category\\\/news#listItem\",\"name\":\"Not\\u00edcias\"}}]},{\"@type\":\"Organization\",\"@id\":\"https:\\\/\\\/www.binauralmedia.org\\\/news\\\/#organization\",\"name\":\"binauralmedia.org\",\"description\":\"Rural Based Sound\\\/Media Arts & Social Research\",\"url\":\"https:\\\/\\\/www.binauralmedia.org\\\/news\\\/\"},{\"@type\":\"Person\",\"@id\":\"https:\\\/\\\/www.binauralmedia.org\\\/news\\\/arquivo\\\/author\\\/luiscosta#author\",\"url\":\"https:\\\/\\\/www.binauralmedia.org\\\/news\\\/arquivo\\\/author\\\/luiscosta\",\"name\":\"luiscosta\"},{\"@type\":\"WebPage\",\"@id\":\"https:\\\/\\\/www.binauralmedia.org\\\/news\\\/arquivo\\\/21900#webpage\",\"url\":\"https:\\\/\\\/www.binauralmedia.org\\\/news\\\/arquivo\\\/21900\",\"name\":\"Resid\\u00eancia art\\u00edstica \\u201cO cantar das nascentes\\u201d em V\\u00e1rzea de Calde - binauralmedia.org\",\"description\":\"O CANTAR DAS NASCENTESResid\\u00eancia Art\\u00edsticaDe 2 a 14 de setembro 2024V\\u00e1rzea de Calde (concelho de Viseu) Com Ana Carucci (Argentina\\\/Espanha) e Julian Weaver (Inglaterra)Uma organiza\\u00e7\\u00e3o da Binaural Nodar em parceria com o Munic\\u00edpio de Viseu e com a Junta de Freguesia de Calde. A Binaural Nodar celebra 18 anos de resid\\u00eancias art\\u00edsticas em artes sonoras\",\"inLanguage\":\"pt-PT\",\"isPartOf\":{\"@id\":\"https:\\\/\\\/www.binauralmedia.org\\\/news\\\/#website\"},\"breadcrumb\":{\"@id\":\"https:\\\/\\\/www.binauralmedia.org\\\/news\\\/arquivo\\\/21900#breadcrumblist\"},\"author\":{\"@id\":\"https:\\\/\\\/www.binauralmedia.org\\\/news\\\/arquivo\\\/author\\\/luiscosta#author\"},\"creator\":{\"@id\":\"https:\\\/\\\/www.binauralmedia.org\\\/news\\\/arquivo\\\/author\\\/luiscosta#author\"},\"image\":{\"@type\":\"ImageObject\",\"url\":\"https:\\\/\\\/www.binauralmedia.org\\\/news\\\/wp-content\\\/uploads\\\/Dgartes-O-Cantar-das-Nascentes-Varzea-de-Calde-Web.jpg\",\"@id\":\"https:\\\/\\\/www.binauralmedia.org\\\/news\\\/arquivo\\\/21900\\\/#mainImage\",\"width\":2000,\"height\":1333},\"primaryImageOfPage\":{\"@id\":\"https:\\\/\\\/www.binauralmedia.org\\\/news\\\/arquivo\\\/21900#mainImage\"},\"datePublished\":\"2024-08-24T23:56:11+00:00\",\"dateModified\":\"2024-10-23T15:53:10+00:00\"},{\"@type\":\"WebSite\",\"@id\":\"https:\\\/\\\/www.binauralmedia.org\\\/news\\\/#website\",\"url\":\"https:\\\/\\\/www.binauralmedia.org\\\/news\\\/\",\"name\":\"binauralmedia.org\",\"description\":\"Rural Based Sound\\\/Media Arts & Social Research\",\"inLanguage\":\"pt-PT\",\"publisher\":{\"@id\":\"https:\\\/\\\/www.binauralmedia.org\\\/news\\\/#organization\"}}]}\n\t\t<\/script>\n\t\t<!-- All in One SEO -->\n\n","aioseo_head_json":{"title":"Resid\u00eancia art\u00edstica \u201cO cantar das nascentes\u201d em V\u00e1rzea de Calde - binauralmedia.org","description":"O CANTAR DAS NASCENTESResid\u00eancia Art\u00edsticaDe 2 a 14 de setembro 2024V\u00e1rzea de Calde (concelho de Viseu) Com Ana Carucci (Argentina\/Espanha) e Julian Weaver (Inglaterra)Uma organiza\u00e7\u00e3o da Binaural Nodar em parceria com o Munic\u00edpio de Viseu e com a Junta de Freguesia de Calde. A Binaural Nodar celebra 18 anos de resid\u00eancias art\u00edsticas em artes sonoras","canonical_url":"https:\/\/www.binauralmedia.org\/news\/arquivo\/21900","robots":"max-image-preview:large","keywords":"","webmasterTools":{"miscellaneous":""},"schema":{"@context":"https:\/\/schema.org","@graph":[{"@type":"BlogPosting","@id":"https:\/\/www.binauralmedia.org\/news\/arquivo\/21900#blogposting","name":"Resid\u00eancia art\u00edstica \u201cO cantar das nascentes\u201d em V\u00e1rzea de Calde - binauralmedia.org","headline":"Resid\u00eancia art\u00edstica &#8220;O cantar das nascentes&#8221; em V\u00e1rzea de Calde","author":{"@id":"https:\/\/www.binauralmedia.org\/news\/arquivo\/author\/luiscosta#author"},"publisher":{"@id":"https:\/\/www.binauralmedia.org\/news\/#organization"},"image":{"@type":"ImageObject","url":"https:\/\/www.binauralmedia.org\/news\/wp-content\/uploads\/Dgartes-O-Cantar-das-Nascentes-Varzea-de-Calde-Web.jpg","width":2000,"height":1333},"datePublished":"2024-08-24T23:56:11+00:00","dateModified":"2024-10-23T15:53:10+00:00","inLanguage":"pt-PT","mainEntityOfPage":{"@id":"https:\/\/www.binauralmedia.org\/news\/arquivo\/21900#webpage"},"isPartOf":{"@id":"https:\/\/www.binauralmedia.org\/news\/arquivo\/21900#webpage"},"articleSection":"Not\u00edcias, Resid\u00eancias Art\u00edsticas, Opcional"},{"@type":"BreadcrumbList","@id":"https:\/\/www.binauralmedia.org\/news\/arquivo\/21900#breadcrumblist","itemListElement":[{"@type":"ListItem","@id":"https:\/\/www.binauralmedia.org\/news#listItem","position":1,"name":"Home","item":"https:\/\/www.binauralmedia.org\/news","nextItem":{"@type":"ListItem","@id":"https:\/\/www.binauralmedia.org\/news\/arquivo\/category\/news#listItem","name":"Not\u00edcias"}},{"@type":"ListItem","@id":"https:\/\/www.binauralmedia.org\/news\/arquivo\/category\/news#listItem","position":2,"name":"Not\u00edcias","item":"https:\/\/www.binauralmedia.org\/news\/arquivo\/category\/news","nextItem":{"@type":"ListItem","@id":"https:\/\/www.binauralmedia.org\/news\/arquivo\/21900#listItem","name":"Resid\u00eancia art\u00edstica &#8220;O cantar das nascentes&#8221; em V\u00e1rzea de Calde"},"previousItem":{"@type":"ListItem","@id":"https:\/\/www.binauralmedia.org\/news#listItem","name":"Home"}},{"@type":"ListItem","@id":"https:\/\/www.binauralmedia.org\/news\/arquivo\/21900#listItem","position":3,"name":"Resid\u00eancia art\u00edstica &#8220;O cantar das nascentes&#8221; em V\u00e1rzea de Calde","previousItem":{"@type":"ListItem","@id":"https:\/\/www.binauralmedia.org\/news\/arquivo\/category\/news#listItem","name":"Not\u00edcias"}}]},{"@type":"Organization","@id":"https:\/\/www.binauralmedia.org\/news\/#organization","name":"binauralmedia.org","description":"Rural Based Sound\/Media Arts & Social Research","url":"https:\/\/www.binauralmedia.org\/news\/"},{"@type":"Person","@id":"https:\/\/www.binauralmedia.org\/news\/arquivo\/author\/luiscosta#author","url":"https:\/\/www.binauralmedia.org\/news\/arquivo\/author\/luiscosta","name":"luiscosta"},{"@type":"WebPage","@id":"https:\/\/www.binauralmedia.org\/news\/arquivo\/21900#webpage","url":"https:\/\/www.binauralmedia.org\/news\/arquivo\/21900","name":"Resid\u00eancia art\u00edstica \u201cO cantar das nascentes\u201d em V\u00e1rzea de Calde - binauralmedia.org","description":"O CANTAR DAS NASCENTESResid\u00eancia Art\u00edsticaDe 2 a 14 de setembro 2024V\u00e1rzea de Calde (concelho de Viseu) Com Ana Carucci (Argentina\/Espanha) e Julian Weaver (Inglaterra)Uma organiza\u00e7\u00e3o da Binaural Nodar em parceria com o Munic\u00edpio de Viseu e com a Junta de Freguesia de Calde. A Binaural Nodar celebra 18 anos de resid\u00eancias art\u00edsticas em artes sonoras","inLanguage":"pt-PT","isPartOf":{"@id":"https:\/\/www.binauralmedia.org\/news\/#website"},"breadcrumb":{"@id":"https:\/\/www.binauralmedia.org\/news\/arquivo\/21900#breadcrumblist"},"author":{"@id":"https:\/\/www.binauralmedia.org\/news\/arquivo\/author\/luiscosta#author"},"creator":{"@id":"https:\/\/www.binauralmedia.org\/news\/arquivo\/author\/luiscosta#author"},"image":{"@type":"ImageObject","url":"https:\/\/www.binauralmedia.org\/news\/wp-content\/uploads\/Dgartes-O-Cantar-das-Nascentes-Varzea-de-Calde-Web.jpg","@id":"https:\/\/www.binauralmedia.org\/news\/arquivo\/21900\/#mainImage","width":2000,"height":1333},"primaryImageOfPage":{"@id":"https:\/\/www.binauralmedia.org\/news\/arquivo\/21900#mainImage"},"datePublished":"2024-08-24T23:56:11+00:00","dateModified":"2024-10-23T15:53:10+00:00"},{"@type":"WebSite","@id":"https:\/\/www.binauralmedia.org\/news\/#website","url":"https:\/\/www.binauralmedia.org\/news\/","name":"binauralmedia.org","description":"Rural Based Sound\/Media Arts & Social Research","inLanguage":"pt-PT","publisher":{"@id":"https:\/\/www.binauralmedia.org\/news\/#organization"}}]},"og:locale":"pt_PT","og:site_name":"binauralmedia.org - Rural Based Sound\/Media Arts &amp; Social Research","og:type":"article","og:title":"Resid\u00eancia art\u00edstica \u201cO cantar das nascentes\u201d em V\u00e1rzea de Calde - binauralmedia.org","og:description":"O CANTAR DAS NASCENTESResid\u00eancia Art\u00edsticaDe 2 a 14 de setembro 2024V\u00e1rzea de Calde (concelho de Viseu) Com Ana Carucci (Argentina\/Espanha) e Julian Weaver (Inglaterra)Uma organiza\u00e7\u00e3o da Binaural Nodar em parceria com o Munic\u00edpio de Viseu e com a Junta de Freguesia de Calde. A Binaural Nodar celebra 18 anos de resid\u00eancias art\u00edsticas em artes sonoras","og:url":"https:\/\/www.binauralmedia.org\/news\/arquivo\/21900","article:published_time":"2024-08-24T23:56:11+00:00","article:modified_time":"2024-10-23T15:53:10+00:00","twitter:card":"summary_large_image","twitter:title":"Resid\u00eancia art\u00edstica \u201cO cantar das nascentes\u201d em V\u00e1rzea de Calde - binauralmedia.org","twitter:description":"O CANTAR DAS NASCENTESResid\u00eancia Art\u00edsticaDe 2 a 14 de setembro 2024V\u00e1rzea de Calde (concelho de Viseu) Com Ana Carucci (Argentina\/Espanha) e Julian Weaver (Inglaterra)Uma organiza\u00e7\u00e3o da Binaural Nodar em parceria com o Munic\u00edpio de Viseu e com a Junta de Freguesia de Calde. A Binaural Nodar celebra 18 anos de resid\u00eancias art\u00edsticas em artes sonoras"},"aioseo_meta_data":{"post_id":"21900","title":null,"description":null,"keywords":null,"keyphrases":null,"primary_term":null,"canonical_url":null,"og_title":null,"og_description":null,"og_object_type":"default","og_image_type":"default","og_image_custom_url":null,"og_image_custom_fields":null,"og_image_url":null,"og_image_width":null,"og_image_height":null,"og_video":null,"og_custom_url":null,"og_article_section":null,"og_article_tags":null,"twitter_use_og":false,"twitter_card":"default","twitter_image_type":"default","twitter_image_custom_url":null,"twitter_image_custom_fields":null,"twitter_image_url":null,"twitter_title":null,"twitter_description":null,"schema_type":"default","schema_type_options":null,"schema":{"blockGraphs":[],"customGraphs":[],"default":{"data":{"Article":[],"Course":[],"Dataset":[],"FAQPage":[],"Movie":[],"Person":[],"Product":[],"ProductReview":[],"Car":[],"Recipe":[],"Service":[],"SoftwareApplication":[],"WebPage":[]},"graphName":"","isEnabled":true},"graphs":[]},"pillar_content":false,"robots_default":true,"robots_noindex":false,"robots_noarchive":false,"robots_nosnippet":false,"robots_nofollow":false,"robots_noimageindex":false,"robots_noodp":false,"robots_notranslate":false,"robots_max_snippet":null,"robots_max_videopreview":null,"robots_max_imagepreview":"large","priority":null,"frequency":null,"local_seo":null,"limit_modified_date":false,"ai":null,"breadcrumb_settings":null,"seo_analyzer_scan_date":null,"created":"2026-08-05 07:23:58","updated":"2026-08-05 07:23:58","focus_keyword":null,"additional_keywords":null,"truseo_locale":null},"aioseo_breadcrumb":"<div class=\"aioseo-breadcrumbs\"><span class=\"aioseo-breadcrumb\">\n\t\t\t<a href=\"https:\/\/www.binauralmedia.org\/news\" title=\"Home\">Home<\/a>\n\t\t<\/span><span class=\"aioseo-breadcrumb-separator\">&raquo;<\/span><span class=\"aioseo-breadcrumb\">\n\t\t\t<a href=\"https:\/\/www.binauralmedia.org\/news\/arquivo\/category\/news\" title=\"Not\u00edcias\">Not\u00edcias<\/a>\n\t\t<\/span><span class=\"aioseo-breadcrumb-separator\">&raquo;<\/span><span class=\"aioseo-breadcrumb\">\n\t\t\tResid\u00eancia art\u00edstica \u201cO cantar das nascentes\u201d em V\u00e1rzea de Calde\n\t\t<\/span><\/div>","aioseo_breadcrumb_json":[{"label":"Home","link":"https:\/\/www.binauralmedia.org\/news"},{"label":"Not\u00edcias","link":"https:\/\/www.binauralmedia.org\/news\/arquivo\/category\/news"},{"label":"Resid\u00eancia art\u00edstica &#8220;O cantar das nascentes&#8221; em V\u00e1rzea de Calde","link":"https:\/\/www.binauralmedia.org\/news\/arquivo\/21900"}],"_links":{"self":[{"href":"https:\/\/www.binauralmedia.org\/news\/wp-json\/wp\/v2\/posts\/21900","targetHints":{"allow":["GET"]}}],"collection":[{"href":"https:\/\/www.binauralmedia.org\/news\/wp-json\/wp\/v2\/posts"}],"about":[{"href":"https:\/\/www.binauralmedia.org\/news\/wp-json\/wp\/v2\/types\/post"}],"author":[{"embeddable":true,"href":"https:\/\/www.binauralmedia.org\/news\/wp-json\/wp\/v2\/users\/2"}],"replies":[{"embeddable":true,"href":"https:\/\/www.binauralmedia.org\/news\/wp-json\/wp\/v2\/comments?post=21900"}],"version-history":[{"count":4,"href":"https:\/\/www.binauralmedia.org\/news\/wp-json\/wp\/v2\/posts\/21900\/revisions"}],"predecessor-version":[{"id":22201,"href":"https:\/\/www.binauralmedia.org\/news\/wp-json\/wp\/v2\/posts\/21900\/revisions\/22201"}],"wp:featuredmedia":[{"embeddable":true,"href":"https:\/\/www.binauralmedia.org\/news\/wp-json\/wp\/v2\/media\/21901"}],"wp:attachment":[{"href":"https:\/\/www.binauralmedia.org\/news\/wp-json\/wp\/v2\/media?parent=21900"}],"wp:term":[{"taxonomy":"category","embeddable":true,"href":"https:\/\/www.binauralmedia.org\/news\/wp-json\/wp\/v2\/categories?post=21900"},{"taxonomy":"post_tag","embeddable":true,"href":"https:\/\/www.binauralmedia.org\/news\/wp-json\/wp\/v2\/tags?post=21900"}],"curies":[{"name":"wp","href":"https:\/\/api.w.org\/{rel}","templated":true}]}}