{"id":21687,"date":"2024-07-31T08:49:22","date_gmt":"2024-07-31T08:49:22","guid":{"rendered":"https:\/\/www.binauralmedia.org\/news?p=21687"},"modified":"2024-10-23T16:06:46","modified_gmt":"2024-10-23T16:06:46","slug":"instalacao-audiovisual-memorias-das-migracoes-vouzelenses","status":"publish","type":"post","link":"https:\/\/www.binauralmedia.org\/news\/arquivo\/21687","title":{"rendered":"Instala\u00e7\u00e3o audiovisual &#8220;Mem\u00f3rias das Migra\u00e7\u00f5es Vouzelenses&#8221;"},"content":{"rendered":"<div class=\"fusion-fullwidth fullwidth-box fusion-builder-row-1 fusion-flex-container nonhundred-percent-fullwidth non-hundred-percent-height-scrolling\" style=\"--awb-border-radius-top-left:0px;--awb-border-radius-top-right:0px;--awb-border-radius-bottom-right:0px;--awb-border-radius-bottom-left:0px;--awb-flex-wrap:wrap;\" ><div class=\"fusion-builder-row fusion-row fusion-flex-align-items-flex-start fusion-flex-content-wrap\" style=\"max-width:1144px;margin-left: calc(-4% \/ 2 );margin-right: calc(-4% \/ 2 );\"><div class=\"fusion-layout-column fusion_builder_column fusion-builder-column-0 fusion_builder_column_1_1 1_1 fusion-flex-column\" style=\"--awb-bg-size:cover;--awb-width-large:100%;--awb-margin-top-large:0px;--awb-spacing-right-large:1.92%;--awb-margin-bottom-large:0px;--awb-spacing-left-large:1.92%;--awb-width-medium:100%;--awb-spacing-right-medium:1.92%;--awb-spacing-left-medium:1.92%;--awb-width-small:100%;--awb-spacing-right-small:1.92%;--awb-spacing-left-small:1.92%;\"><div class=\"fusion-column-wrapper fusion-flex-justify-content-flex-start fusion-content-layout-column\"><div class=\"fusion-text fusion-text-1\"><p>ECOS DA IDA E DO RETORNO<br \/>\nMem\u00f3rias das Migra\u00e7\u00f5es Vouzelenses<br \/>\nInstala\u00e7\u00e3o Audiovisual<\/p>\n<p>Laf\u00f5es Cult Lab (Vouzela)<br \/>\n19 julho \u2013 9 agosto 2024<br \/>\nDias \u00fateis, das 9h30 \u00e0s 12h30 e as 14h30 \u00e0s 17h30<\/p>\n<p>Uma co-produ\u00e7\u00e3o entre a Binaural Nodar e a Munic\u00edpio de Vouzela.<\/p>\n<p>Ainda decorre no espa\u00e7o Laf\u00f5es Cult Lab (Vouzela), at\u00e9 ao pr\u00f3ximo dia 9 de Agosto, a exposi\u00e7\u00e3o audiovisual \u201cEcos da Ida e do Retorno: Mem\u00f3rias de Migra\u00e7\u00f5es Vouzelenses\u201d. O resultado de uma sequ\u00eancia de recolhas etnogr\u00e1ficas realizadas entre 2022 e 2023 com antigos emigrantes oriundos do concelho de Vouzela e tamb\u00e9m com imigrantes rec\u00e9m-chegados \u00e0 regi\u00e3o.<\/p>\n<p>A Binaural Nodar \u00e9 uma entidade cultural apoiada pela Rep\u00fablica Portuguesa &#8211; Cultura | Dire\u00e7\u00e3o-Geral das Artes.<\/p>\n<div id=\"jig1\" class=\"justified-image-grid jig-6c430a9f9aeb600077b31b1d00571594 jig-preset-global jig-source-facebook\"><div class=\"jig-clearfix\"><\/div><noscript id=\"jig1-html\" class=\"justified-image-grid-html\" data-lazy-src=\"skiplazyload\" data-src=\"skipunveillazyload\"><ul><li><a href=\"https:\/\/scontent-lax3-1.xx.fbcdn.net\/v\/t39.30808-6\/486079061_1107770451389306_7547646641587132056_n.jpg?_nc_cat=110&ccb=1-7&_nc_sid=46905d&_nc_ohc=WsmywmV_oVoQ7kNvwGFsWjB&_nc_oc=Ado00EGYXeWayiEgLc6BnqGM2fMHhTOPjNzqU402ScGFdSVnvyN0y7_qGJnTdt5gvv4&_nc_zt=23&_nc_ht=scontent-lax3-1.xx&edm=AC7C4-wEAAAA&_nc_gid=Wn3yiQBo4LQE3GK21HVk3w&_nc_tpa=Q5bMBQJP3EmbpNY1bIeWIOJ4BipoAtsp3OSTnM79ZVDVPOYBFjmcTuB6e4RTgzaG3DXCqThBK9-xQrwX&oh=00_AQLER3_3ttt7wH1xcH5jFmTarZuTj3wDATeEOiXCk4c9KQ&oe=6AA2ED0A\" title=\"486079061_1107770451389306_7547646641587132056_n\"><img class=\"lazyload\" decoding=\"async\" data-jig-noscript=\"1\" src=\"data:image\/svg+xml,%3Csvg%20xmlns%3D%27http%3A%2F%2Fwww.w3.org%2F2000%2Fsvg%27%20width%3D%27408%27%20height%3D%27230%27%20viewBox%3D%270%200%20408%20230%27%3E%3Crect%20width%3D%27408%27%20height%3D%27230%27%20fill-opacity%3D%220%22%2F%3E%3C%2Fsvg%3E\" data-orig-src=\"https:\/\/scontent-lax3-1.xx.fbcdn.net\/v\/t39.30808-6\/486079061_1107770451389306_7547646641587132056_n.jpg?stp=dst-jpg_p320x320_tt6&amp;_nc_cat=110&amp;ccb=1-7&amp;_nc_sid=46905d&amp;_nc_ohc=WsmywmV_oVoQ7kNvwGFsWjB&amp;_nc_oc=Ado00EGYXeWayiEgLc6BnqGM2fMHhTOPjNzqU402ScGFdSVnvyN0y7_qGJnTdt5gvv4&amp;_nc_zt=23&amp;_nc_ht=scontent-lax3-1.xx&amp;edm=AC7C4-wEAAAA&amp;_nc_gid=Wn3yiQBo4LQE3GK21HVk3w&amp;_nc_tpa=Q5bMBQLbe4HNH7bD_Xi2ifzUIHIjfTC8PbEvrpeK9a3nu9in1_HqM5xRexwblwGCB67IhgzFdkIj-Yl9&amp;oh=00_AQJifCDRiu9QzHgLaQ0L93c7ptc85dYCpRC8--IpQAm-fA&amp;oe=6AA2ED0A\" alt=\"486079061_1107770451389306_7547646641587132056_n\" width=\"408\" height=\"230\" \/><\/a><p class=\"jig-HTMLdescription\">486079061_1107770451389306_7547646641587132056_n<\/p><\/li><li><a href=\"https:\/\/scontent-lax3-1.xx.fbcdn.net\/v\/t39.30808-6\/486377729_1107770391389312_4816962054272532870_n.jpg?_nc_cat=109&ccb=1-7&_nc_sid=46905d&_nc_ohc=3Gc9V-HMe48Q7kNvwEnfC4O&_nc_oc=AdqZEzwUcjdlpz-2rFiyqmEgDpWQX-0LY2m3IURYXW65kk3Teq5xF0PQN3WAf3ur0Tw&_nc_zt=23&_nc_ht=scontent-lax3-1.xx&edm=AC7C4-wEAAAA&_nc_gid=Wn3yiQBo4LQE3GK21HVk3w&_nc_tpa=Q5bMBQL_Hmey5A1Q6LFKpROZlmrEI8u3c97qTaGfzcVp8UT3anJB9opLh27eJhXYvMDG8CVW1n5OOjj7&oh=00_AQJux3MTitucsaETAiy1LeWWHV6OoXhfKe3phG4TFyyqLQ&oe=6AA2E3C6\" title=\"486377729_1107770391389312_4816962054272532870_n\"><img class=\"lazyload\" decoding=\"async\" data-jig-noscript=\"1\" src=\"data:image\/svg+xml,%3Csvg%20xmlns%3D%27http%3A%2F%2Fwww.w3.org%2F2000%2Fsvg%27%20width%3D%27408%27%20height%3D%27230%27%20viewBox%3D%270%200%20408%20230%27%3E%3Crect%20width%3D%27408%27%20height%3D%27230%27%20fill-opacity%3D%220%22%2F%3E%3C%2Fsvg%3E\" data-orig-src=\"https:\/\/scontent-lax3-1.xx.fbcdn.net\/v\/t39.30808-6\/486377729_1107770391389312_4816962054272532870_n.jpg?stp=dst-jpg_p320x320_tt6&amp;_nc_cat=109&amp;ccb=1-7&amp;_nc_sid=46905d&amp;_nc_ohc=3Gc9V-HMe48Q7kNvwEnfC4O&amp;_nc_oc=AdqZEzwUcjdlpz-2rFiyqmEgDpWQX-0LY2m3IURYXW65kk3Teq5xF0PQN3WAf3ur0Tw&amp;_nc_zt=23&amp;_nc_ht=scontent-lax3-1.xx&amp;edm=AC7C4-wEAAAA&amp;_nc_gid=Wn3yiQBo4LQE3GK21HVk3w&amp;_nc_tpa=Q5bMBQICmafi-XI-BG38XBlvx6o3H_nvPeqQSWn-eOd18mt4k4OekuxQPdwIRMNxns7xW11Ijs3kSqre&amp;oh=00_AQIU2GyjGi61LHSRijBWvmkM3o1tarrxIL_0hBjNbe_60A&amp;oe=6AA2E3C6\" alt=\"486377729_1107770391389312_4816962054272532870_n\" width=\"408\" height=\"230\" \/><\/a><p class=\"jig-HTMLdescription\">486377729_1107770391389312_4816962054272532870_n<\/p><\/li><li><a href=\"https:\/\/scontent-lax3-2.xx.fbcdn.net\/v\/t39.30808-6\/486406944_1107770394722645_7813784192015486851_n.jpg?_nc_cat=103&ccb=1-7&_nc_sid=46905d&_nc_ohc=p3aR2Peaf5oQ7kNvwH-RzI7&_nc_oc=Adr1gnfOYzvb09anptYlaLLrsT-CH1TAsORbe3x5ON5vNHqRjh-BGI41Wbm7oSRdnLQ&_nc_zt=23&_nc_ht=scontent-lax3-2.xx&edm=AC7C4-wEAAAA&_nc_gid=Wn3yiQBo4LQE3GK21HVk3w&_nc_tpa=Q5bMBQIRbAJcDhcTT0GQRJtKKnUuu0Jues0FwlRr20xUohlvzZnu9LW27uVixko2hmaRbrB06e7k5lz_&oh=00_AQKI9stb83n5PyBV14NHmHboUZlZYg5v5Vo7iuJM86b3fQ&oe=6AA2D7F8\" title=\"486406944_1107770394722645_7813784192015486851_n\"><img class=\"lazyload\" decoding=\"async\" data-jig-noscript=\"1\" src=\"data:image\/svg+xml,%3Csvg%20xmlns%3D%27http%3A%2F%2Fwww.w3.org%2F2000%2Fsvg%27%20width%3D%27408%27%20height%3D%27230%27%20viewBox%3D%270%200%20408%20230%27%3E%3Crect%20width%3D%27408%27%20height%3D%27230%27%20fill-opacity%3D%220%22%2F%3E%3C%2Fsvg%3E\" data-orig-src=\"https:\/\/scontent-lax3-2.xx.fbcdn.net\/v\/t39.30808-6\/486406944_1107770394722645_7813784192015486851_n.jpg?stp=dst-jpg_p320x320_tt6&amp;_nc_cat=103&amp;ccb=1-7&amp;_nc_sid=46905d&amp;_nc_ohc=p3aR2Peaf5oQ7kNvwH-RzI7&amp;_nc_oc=Adr1gnfOYzvb09anptYlaLLrsT-CH1TAsORbe3x5ON5vNHqRjh-BGI41Wbm7oSRdnLQ&amp;_nc_zt=23&amp;_nc_ht=scontent-lax3-2.xx&amp;edm=AC7C4-wEAAAA&amp;_nc_gid=Wn3yiQBo4LQE3GK21HVk3w&amp;_nc_tpa=Q5bMBQIFrr0p6f8sop6heuxWJKHC_bomyP4XjIpIkVgrxgHsQAZMlz3ZMsav5hHbDu2qkmUObcyWspHq&amp;oh=00_AQLeOmG3yLGuNYo0ghkLwu_6nrAoHuLi_Qd9fpnJMe9hvw&amp;oe=6AA2D7F8\" alt=\"486406944_1107770394722645_7813784192015486851_n\" width=\"408\" height=\"230\" \/><\/a><p class=\"jig-HTMLdescription\">486406944_1107770394722645_7813784192015486851_n<\/p><\/li><li><a href=\"https:\/\/scontent-lax7-1.xx.fbcdn.net\/v\/t39.30808-6\/486412280_1107770804722604_8648525865333062445_n.jpg?_nc_cat=101&ccb=1-7&_nc_sid=46905d&_nc_ohc=YrG-B_tspTkQ7kNvwFxwkOL&_nc_oc=AdqBPuL3cCbuGSnGFjzal3uWhNc0wBgTSnfq_Q6UpUgX0rlV8tdaElpLpL9IAEtx6To&_nc_zt=23&_nc_ht=scontent-lax7-1.xx&edm=AC7C4-wEAAAA&_nc_gid=Wn3yiQBo4LQE3GK21HVk3w&_nc_tpa=Q5bMBQLkraOOC8LaXGKZ4fgDTnX9_ujxTMpOmdtiBVKXo_Uf8c7KEh-tgek4iVk9UG8OXe2GaNaec5C8&oh=00_AQL7eZZ89T2TYay2LMqodK-WUi4FobEJOr13Yf7cmPzsLA&oe=6AA2CE51\" title=\"486412280_1107770804722604_8648525865333062445_n\"><img class=\"lazyload\" decoding=\"async\" data-jig-noscript=\"1\" src=\"data:image\/svg+xml,%3Csvg%20xmlns%3D%27http%3A%2F%2Fwww.w3.org%2F2000%2Fsvg%27%20width%3D%27408%27%20height%3D%27230%27%20viewBox%3D%270%200%20408%20230%27%3E%3Crect%20width%3D%27408%27%20height%3D%27230%27%20fill-opacity%3D%220%22%2F%3E%3C%2Fsvg%3E\" data-orig-src=\"https:\/\/scontent-lax7-1.xx.fbcdn.net\/v\/t39.30808-6\/486412280_1107770804722604_8648525865333062445_n.jpg?stp=dst-jpg_p320x320_tt6&amp;_nc_cat=101&amp;ccb=1-7&amp;_nc_sid=46905d&amp;_nc_ohc=YrG-B_tspTkQ7kNvwFxwkOL&amp;_nc_oc=AdqBPuL3cCbuGSnGFjzal3uWhNc0wBgTSnfq_Q6UpUgX0rlV8tdaElpLpL9IAEtx6To&amp;_nc_zt=23&amp;_nc_ht=scontent-lax7-1.xx&amp;edm=AC7C4-wEAAAA&amp;_nc_gid=Wn3yiQBo4LQE3GK21HVk3w&amp;_nc_tpa=Q5bMBQJxuPWFtJ7w2ejx4TrVWrgOuUhCd28TmuJZNdYmMMCwK2h6jxps4KhSeeP9eS72Cf56IbKm1v9M&amp;oh=00_AQIwWegAhjYq_pe000-etYwpTQaEwGgGjrRoZJg7jaZNsA&amp;oe=6AA2CE51\" alt=\"486412280_1107770804722604_8648525865333062445_n\" width=\"408\" height=\"230\" \/><\/a><p class=\"jig-HTMLdescription\">486412280_1107770804722604_8648525865333062445_n<\/p><\/li><li><a href=\"https:\/\/scontent-lax7-1.xx.fbcdn.net\/v\/t39.30808-6\/486569960_1107770471389304_1141902740832385288_n.jpg?_nc_cat=101&ccb=1-7&_nc_sid=46905d&_nc_ohc=ZtrZg11GisUQ7kNvwFetNLO&_nc_oc=Ado-_NvQCEXe0q4tLrgKgJnhN-W43lqVOi17LPrBpf00PTtd6O2Jd5Q_3d_7Q0GeUKg&_nc_zt=23&_nc_ht=scontent-lax7-1.xx&edm=AC7C4-wEAAAA&_nc_gid=Wn3yiQBo4LQE3GK21HVk3w&_nc_tpa=Q5bMBQI68ka2yPZnypSxxvI_RWDvMBl2e7jt_2qBkOD0fFhQhkfmqCjHzr8CheKtTw94zEz6feWeVT9-&oh=00_AQK9LfcdjAQxPTpVLzzwf5Y3nueM5jbh6neZJDpYwmzyxg&oe=6AA2ED4B\" title=\"486569960_1107770471389304_1141902740832385288_n\"><img class=\"lazyload\" decoding=\"async\" data-jig-noscript=\"1\" src=\"data:image\/svg+xml,%3Csvg%20xmlns%3D%27http%3A%2F%2Fwww.w3.org%2F2000%2Fsvg%27%20width%3D%27408%27%20height%3D%27230%27%20viewBox%3D%270%200%20408%20230%27%3E%3Crect%20width%3D%27408%27%20height%3D%27230%27%20fill-opacity%3D%220%22%2F%3E%3C%2Fsvg%3E\" data-orig-src=\"https:\/\/scontent-lax7-1.xx.fbcdn.net\/v\/t39.30808-6\/486569960_1107770471389304_1141902740832385288_n.jpg?stp=dst-jpg_p320x320_tt6&amp;_nc_cat=101&amp;ccb=1-7&amp;_nc_sid=46905d&amp;_nc_ohc=ZtrZg11GisUQ7kNvwFetNLO&amp;_nc_oc=Ado-_NvQCEXe0q4tLrgKgJnhN-W43lqVOi17LPrBpf00PTtd6O2Jd5Q_3d_7Q0GeUKg&amp;_nc_zt=23&amp;_nc_ht=scontent-lax7-1.xx&amp;edm=AC7C4-wEAAAA&amp;_nc_gid=Wn3yiQBo4LQE3GK21HVk3w&amp;_nc_tpa=Q5bMBQLWVELMO9EWVeXv-D6IpddnVL35HgRzhldJakgyuiXPefT5L6RUN2DGfGpPlQVqMVHCrbUBzij0&amp;oh=00_AQKSCTv58zssNOPymuJbogODD1tTKCIYFPQ72kfW95Mn9A&amp;oe=6AA2ED4B\" alt=\"486569960_1107770471389304_1141902740832385288_n\" width=\"408\" height=\"230\" \/><\/a><p class=\"jig-HTMLdescription\">486569960_1107770471389304_1141902740832385288_n<\/p><\/li><li><a href=\"https:\/\/scontent-lax7-1.xx.fbcdn.net\/v\/t39.30808-6\/486172475_1107770814722603_1298275946774755459_n.jpg?_nc_cat=105&ccb=1-7&_nc_sid=46905d&_nc_ohc=51Rxbnh2BsgQ7kNvwHo8Z76&_nc_oc=Adr_DZZKqyMZ89zjnguM3_vDr9lWATOBXmuaRhRFigLW_CsT-jK8UtUD72dLggJ9tz4&_nc_zt=23&_nc_ht=scontent-lax7-1.xx&edm=AC7C4-wEAAAA&_nc_gid=Wn3yiQBo4LQE3GK21HVk3w&_nc_tpa=Q5bMBQJy6aoyiKWXJQdsctCrrkHVA3FAAM3aonyQuGilw2rpsLDIPR_SW-583ZfJy6HcolgZpu5pRP4M&oh=00_AQL02gIuP6BDK6PElkAai6LlDbwZz8RUGwvBjO3d3SPVLw&oe=6AA2DCDE\" title=\"486172475_1107770814722603_1298275946774755459_n\"><img class=\"lazyload\" decoding=\"async\" data-jig-noscript=\"1\" src=\"data:image\/svg+xml,%3Csvg%20xmlns%3D%27http%3A%2F%2Fwww.w3.org%2F2000%2Fsvg%27%20width%3D%27408%27%20height%3D%27230%27%20viewBox%3D%270%200%20408%20230%27%3E%3Crect%20width%3D%27408%27%20height%3D%27230%27%20fill-opacity%3D%220%22%2F%3E%3C%2Fsvg%3E\" data-orig-src=\"https:\/\/scontent-lax7-1.xx.fbcdn.net\/v\/t39.30808-6\/486172475_1107770814722603_1298275946774755459_n.jpg?stp=dst-jpg_p320x320_tt6&amp;_nc_cat=105&amp;ccb=1-7&amp;_nc_sid=46905d&amp;_nc_ohc=51Rxbnh2BsgQ7kNvwHo8Z76&amp;_nc_oc=Adr_DZZKqyMZ89zjnguM3_vDr9lWATOBXmuaRhRFigLW_CsT-jK8UtUD72dLggJ9tz4&amp;_nc_zt=23&amp;_nc_ht=scontent-lax7-1.xx&amp;edm=AC7C4-wEAAAA&amp;_nc_gid=Wn3yiQBo4LQE3GK21HVk3w&amp;_nc_tpa=Q5bMBQLZGrf9__VTxbW2--NKGgcEiGvzF_dmxHD90PLpjB-qMFXhY-YAq90FjneLhFAUXJJjtqt1rrGu&amp;oh=00_AQKbfWzTd_iwddwWRxTk7l3fUPJ0yDbtYTAm8JthtTgoQg&amp;oe=6AA2DCDE\" alt=\"486172475_1107770814722603_1298275946774755459_n\" width=\"408\" height=\"230\" \/><\/a><p class=\"jig-HTMLdescription\">486172475_1107770814722603_1298275946774755459_n<\/p><\/li><li><a href=\"https:\/\/scontent-lax3-1.xx.fbcdn.net\/v\/t39.30808-6\/486572556_1107770384722646_8446976978103666189_n.jpg?_nc_cat=109&ccb=1-7&_nc_sid=46905d&_nc_ohc=NYuYqZubitgQ7kNvwFzzUeR&_nc_oc=AdorirsG10hpTAHORyvsqAI_weC64HCtD3nLmxU5MvAnVlF5O_a6lDSy6fWU19gRkZI&_nc_zt=23&_nc_ht=scontent-lax3-1.xx&edm=AC7C4-wEAAAA&_nc_gid=Wn3yiQBo4LQE3GK21HVk3w&_nc_tpa=Q5bMBQIL7tUv0d8bMSbtcTm4SC8-VkVsZBwJ7reGo4Yu9X2ldl5Q2vmE7zZpuk6_0loUOzHw9EQTFhO5&oh=00_AQIjXFCAgZixazvbTHCfXbvsyY5FYGp6_PTnD4dEKT60ww&oe=6AA2F558\" title=\"486572556_1107770384722646_8446976978103666189_n\"><img class=\"lazyload\" decoding=\"async\" data-jig-noscript=\"1\" src=\"data:image\/svg+xml,%3Csvg%20xmlns%3D%27http%3A%2F%2Fwww.w3.org%2F2000%2Fsvg%27%20width%3D%27408%27%20height%3D%27230%27%20viewBox%3D%270%200%20408%20230%27%3E%3Crect%20width%3D%27408%27%20height%3D%27230%27%20fill-opacity%3D%220%22%2F%3E%3C%2Fsvg%3E\" data-orig-src=\"https:\/\/scontent-lax3-1.xx.fbcdn.net\/v\/t39.30808-6\/486572556_1107770384722646_8446976978103666189_n.jpg?stp=dst-jpg_p320x320_tt6&amp;_nc_cat=109&amp;ccb=1-7&amp;_nc_sid=46905d&amp;_nc_ohc=NYuYqZubitgQ7kNvwFzzUeR&amp;_nc_oc=AdorirsG10hpTAHORyvsqAI_weC64HCtD3nLmxU5MvAnVlF5O_a6lDSy6fWU19gRkZI&amp;_nc_zt=23&amp;_nc_ht=scontent-lax3-1.xx&amp;edm=AC7C4-wEAAAA&amp;_nc_gid=Wn3yiQBo4LQE3GK21HVk3w&amp;_nc_tpa=Q5bMBQKbIaclrwvNO61HtOCF3peObSY_ZkNja042Budt7jf-Rv6QwStcPMdrRb5lEGKdVTZWuChR4rVz&amp;oh=00_AQKcIjEifO0HVcy-LYNrF7mmhlZeV2GjJ50Z3yHZDMeoLA&amp;oe=6AA2F558\" alt=\"486572556_1107770384722646_8446976978103666189_n\" width=\"408\" height=\"230\" \/><\/a><p class=\"jig-HTMLdescription\">486572556_1107770384722646_8446976978103666189_n<\/p><\/li><li><a href=\"https:\/\/scontent-lax3-2.xx.fbcdn.net\/v\/t39.30808-6\/486496355_1107770444722640_6304435014017085152_n.jpg?_nc_cat=100&ccb=1-7&_nc_sid=46905d&_nc_ohc=gSLr19hWGhwQ7kNvwHG03L6&_nc_oc=AdoUELDJ5zTxyJL7rCDVc6lM0OXHdYXRZ3-AchOdaP2dn2IU9wQUXmR1XKd4DBnBfUY&_nc_zt=23&_nc_ht=scontent-lax3-2.xx&edm=AC7C4-wEAAAA&_nc_gid=Wn3yiQBo4LQE3GK21HVk3w&_nc_tpa=Q5bMBQJ_Ynos7d1JVunj18S5i6J30o5_7Js6qA7crtlNVGKf1clPjHALdXk4MOAkMa3OCzedG-5i_klG&oh=00_AQL75w_VbNzJpXOBuzP9WCWT6_uilNFZuwGj2l_Ed1hMEg&oe=6AA2E09E\" title=\"486496355_1107770444722640_6304435014017085152_n\"><img class=\"lazyload\" decoding=\"async\" data-jig-noscript=\"1\" src=\"data:image\/svg+xml,%3Csvg%20xmlns%3D%27http%3A%2F%2Fwww.w3.org%2F2000%2Fsvg%27%20width%3D%27408%27%20height%3D%27230%27%20viewBox%3D%270%200%20408%20230%27%3E%3Crect%20width%3D%27408%27%20height%3D%27230%27%20fill-opacity%3D%220%22%2F%3E%3C%2Fsvg%3E\" data-orig-src=\"https:\/\/scontent-lax3-2.xx.fbcdn.net\/v\/t39.30808-6\/486496355_1107770444722640_6304435014017085152_n.jpg?stp=dst-jpg_p320x320_tt6&amp;_nc_cat=100&amp;ccb=1-7&amp;_nc_sid=46905d&amp;_nc_ohc=gSLr19hWGhwQ7kNvwHG03L6&amp;_nc_oc=AdoUELDJ5zTxyJL7rCDVc6lM0OXHdYXRZ3-AchOdaP2dn2IU9wQUXmR1XKd4DBnBfUY&amp;_nc_zt=23&amp;_nc_ht=scontent-lax3-2.xx&amp;edm=AC7C4-wEAAAA&amp;_nc_gid=Wn3yiQBo4LQE3GK21HVk3w&amp;_nc_tpa=Q5bMBQIXZgmBq7DSPjZTZ9Gxb5DGLXQiuJ1xewrIOaxy3g5jzsmwH5JhAmOLsafMMPF_OOHgCUBvr9vj&amp;oh=00_AQLOlyZr-jEah58BdrNNwYovtFqgC_0I-CrKfNnXS27nJw&amp;oe=6AA2E09E\" alt=\"486496355_1107770444722640_6304435014017085152_n\" width=\"408\" height=\"230\" \/><\/a><p class=\"jig-HTMLdescription\">486496355_1107770444722640_6304435014017085152_n<\/p><\/li><li><a href=\"https:\/\/scontent-lax3-1.xx.fbcdn.net\/v\/t39.30808-6\/486462164_1107770494722635_5663350401274504859_n.jpg?_nc_cat=104&ccb=1-7&_nc_sid=46905d&_nc_ohc=Wg9cyDcAwF0Q7kNvwFMDIpO&_nc_oc=Ado2TIyI6R7uYALg4a0zkxNc-E56g0RMmQLFFLdTpbL9-jWtOL0LWjLaYLUUmZ9rM6E&_nc_zt=23&_nc_ht=scontent-lax3-1.xx&edm=AC7C4-wEAAAA&_nc_gid=Wn3yiQBo4LQE3GK21HVk3w&_nc_tpa=Q5bMBQJuwMRiLWi2uyegKL4OQ2N3mwO_1Ru6AEn8_SIwhueZehY-_RKDPavcKRIfL0RsIR_QAGHG1Y-q&oh=00_AQJ6z01UARBrseSI_Q6gzUKzv64_D4sJdWUU-IGLyaTesw&oe=6AA2EAF3\" title=\"486462164_1107770494722635_5663350401274504859_n\"><img class=\"lazyload\" decoding=\"async\" data-jig-noscript=\"1\" src=\"data:image\/svg+xml,%3Csvg%20xmlns%3D%27http%3A%2F%2Fwww.w3.org%2F2000%2Fsvg%27%20width%3D%27408%27%20height%3D%27230%27%20viewBox%3D%270%200%20408%20230%27%3E%3Crect%20width%3D%27408%27%20height%3D%27230%27%20fill-opacity%3D%220%22%2F%3E%3C%2Fsvg%3E\" data-orig-src=\"https:\/\/scontent-lax3-1.xx.fbcdn.net\/v\/t39.30808-6\/486462164_1107770494722635_5663350401274504859_n.jpg?stp=dst-jpg_p320x320_tt6&amp;_nc_cat=104&amp;ccb=1-7&amp;_nc_sid=46905d&amp;_nc_ohc=Wg9cyDcAwF0Q7kNvwFMDIpO&amp;_nc_oc=Ado2TIyI6R7uYALg4a0zkxNc-E56g0RMmQLFFLdTpbL9-jWtOL0LWjLaYLUUmZ9rM6E&amp;_nc_zt=23&amp;_nc_ht=scontent-lax3-1.xx&amp;edm=AC7C4-wEAAAA&amp;_nc_gid=Wn3yiQBo4LQE3GK21HVk3w&amp;_nc_tpa=Q5bMBQI1s4wBQrk_Thub-hyJMzcJwPKWl_dXkkiLGF7mquLe2fMAXgt12KrOk-gY1eSvdNjcYbTdNBLW&amp;oh=00_AQJXJmA_mX681Gdob3fxaTWtgJBkFxZhCJgixX72gvGrOg&amp;oe=6AA2EAF3\" alt=\"486462164_1107770494722635_5663350401274504859_n\" width=\"408\" height=\"230\" \/><\/a><p class=\"jig-HTMLdescription\">486462164_1107770494722635_5663350401274504859_n<\/p><\/li><li><a href=\"https:\/\/scontent-lax3-1.xx.fbcdn.net\/v\/t39.30808-6\/486608479_1107770438055974_2951445390637280762_n.jpg?_nc_cat=104&ccb=1-7&_nc_sid=46905d&_nc_ohc=VOSDwf3ldUgQ7kNvwFEPlTL&_nc_oc=AdpTOX0EyU0usCxR69y00pgDDnGUnKXZmgmesyzl-wZ4nDd6SxvOr5kOIshK0s76USc&_nc_zt=23&_nc_ht=scontent-lax3-1.xx&edm=AC7C4-wEAAAA&_nc_gid=Wn3yiQBo4LQE3GK21HVk3w&_nc_tpa=Q5bMBQL_j15_3CRRPyV--2TCLX_WdJmfVa0LVBIgePsA78lUZHyQZl9a4WBo7MfETzH5Dbz_3kWaNObc&oh=00_AQJZsTbWjV70Ju_PI23ERK_N7U2npjr9Honfc5enoBeNKw&oe=6AA2EC33\" title=\"486608479_1107770438055974_2951445390637280762_n\"><img class=\"lazyload\" decoding=\"async\" data-jig-noscript=\"1\" src=\"data:image\/svg+xml,%3Csvg%20xmlns%3D%27http%3A%2F%2Fwww.w3.org%2F2000%2Fsvg%27%20width%3D%27129%27%20height%3D%27230%27%20viewBox%3D%270%200%20129%20230%27%3E%3Crect%20width%3D%27129%27%20height%3D%27230%27%20fill-opacity%3D%220%22%2F%3E%3C%2Fsvg%3E\" data-orig-src=\"https:\/\/scontent-lax3-1.xx.fbcdn.net\/v\/t39.30808-6\/486608479_1107770438055974_2951445390637280762_n.jpg?stp=dst-jpg_p130x130_tt6&amp;_nc_cat=104&amp;ccb=1-7&amp;_nc_sid=46905d&amp;_nc_ohc=VOSDwf3ldUgQ7kNvwFEPlTL&amp;_nc_oc=AdpTOX0EyU0usCxR69y00pgDDnGUnKXZmgmesyzl-wZ4nDd6SxvOr5kOIshK0s76USc&amp;_nc_zt=23&amp;_nc_ht=scontent-lax3-1.xx&amp;edm=AC7C4-wEAAAA&amp;_nc_gid=Wn3yiQBo4LQE3GK21HVk3w&amp;_nc_tpa=Q5bMBQLHcq8mGwMNuDRl7I45gKVmgxh3jlH_nXarfxFfQl6pGEjgsYdnPflmgHjrEotYWaJzsdGK20am&amp;oh=00_AQKE2LgQgKbw0IxwXgcLJYzDCGLW4QdOBVu8NL9bzBEr8A&amp;oe=6AA2EC33\" alt=\"486608479_1107770438055974_2951445390637280762_n\" width=\"129\" height=\"230\" \/><\/a><p class=\"jig-HTMLdescription\">486608479_1107770438055974_2951445390637280762_n<\/p><\/li><\/ul><\/noscript><\/div>\n<\/div><\/div><\/div><\/div><\/div>\n","protected":false},"excerpt":{"rendered":"","protected":false},"author":8,"featured_media":21688,"comment_status":"closed","ping_status":"closed","sticky":false,"template":"","format":"image","meta":{"_acf_changed":false,"_bbp_topic_count":0,"_bbp_reply_count":0,"_bbp_total_topic_count":0,"_bbp_total_reply_count":0,"_bbp_voice_count":0,"_bbp_anonymous_reply_count":0,"_bbp_topic_count_hidden":0,"_bbp_reply_count_hidden":0,"_bbp_forum_subforum_count":0,"footnotes":""},"categories":[1161,1158,1],"tags":[],"class_list":["post-21687","post","type-post","status-publish","format-image","has-post-thumbnail","hentry","category-artistic-creations","category-visual-sound-ethnograhpy","category-news","post_format-post-format-image"],"acf":[],"aioseo_notices":[],"aioseo_head":"\n\t\t<!-- All in One SEO 5.0.1.1 - aioseo.com -->\n\t<meta name=\"description\" content=\"ECOS DA IDA E DO RETORNO Mem\u00f3rias das Migra\u00e7\u00f5es Vouzelenses Instala\u00e7\u00e3o Audiovisual Laf\u00f5es Cult Lab (Vouzela) 19 julho \u2013 9 agosto 2024 Dias \u00fateis, das 9h30 \u00e0s 12h30 e as 14h30 \u00e0s 17h30 Uma co-produ\u00e7\u00e3o entre a Binaural Nodar e a Munic\u00edpio de Vouzela. Ainda decorre no espa\u00e7o Laf\u00f5es Cult Lab (Vouzela), at\u00e9 ao pr\u00f3ximo\" \/>\n\t<meta name=\"robots\" content=\"max-image-preview:large\" \/>\n\t<meta name=\"author\" content=\"Nely Ferreira\"\/>\n\t<link rel=\"canonical\" href=\"https:\/\/www.binauralmedia.org\/news\/arquivo\/21687\" \/>\n\t<meta name=\"generator\" content=\"All in One SEO (AIOSEO) 5.0.1.1\" \/>\n\t\t<meta property=\"og:locale\" content=\"pt_PT\" \/>\n\t\t<meta property=\"og:site_name\" content=\"binauralmedia.org - Rural Based Sound\/Media Arts &amp; Social Research\" \/>\n\t\t<meta property=\"og:type\" content=\"article\" \/>\n\t\t<meta property=\"og:title\" content=\"Instala\u00e7\u00e3o audiovisual \u201cMem\u00f3rias das Migra\u00e7\u00f5es Vouzelenses\u201d - binauralmedia.org\" \/>\n\t\t<meta property=\"og:description\" content=\"ECOS DA IDA E DO RETORNO Mem\u00f3rias das Migra\u00e7\u00f5es Vouzelenses Instala\u00e7\u00e3o Audiovisual Laf\u00f5es Cult Lab (Vouzela) 19 julho \u2013 9 agosto 2024 Dias \u00fateis, das 9h30 \u00e0s 12h30 e as 14h30 \u00e0s 17h30 Uma co-produ\u00e7\u00e3o entre a Binaural Nodar e a Munic\u00edpio de Vouzela. Ainda decorre no espa\u00e7o Laf\u00f5es Cult Lab (Vouzela), at\u00e9 ao pr\u00f3ximo\" \/>\n\t\t<meta property=\"og:url\" content=\"https:\/\/www.binauralmedia.org\/news\/arquivo\/21687\" \/>\n\t\t<meta property=\"article:published_time\" content=\"2024-07-31T08:49:22+00:00\" \/>\n\t\t<meta property=\"article:modified_time\" content=\"2024-10-23T16:06:46+00:00\" \/>\n\t\t<meta name=\"twitter:card\" content=\"summary_large_image\" \/>\n\t\t<meta name=\"twitter:title\" content=\"Instala\u00e7\u00e3o audiovisual \u201cMem\u00f3rias das Migra\u00e7\u00f5es Vouzelenses\u201d - binauralmedia.org\" \/>\n\t\t<meta name=\"twitter:description\" content=\"ECOS DA IDA E DO RETORNO Mem\u00f3rias das Migra\u00e7\u00f5es Vouzelenses Instala\u00e7\u00e3o Audiovisual Laf\u00f5es Cult Lab (Vouzela) 19 julho \u2013 9 agosto 2024 Dias \u00fateis, das 9h30 \u00e0s 12h30 e as 14h30 \u00e0s 17h30 Uma co-produ\u00e7\u00e3o entre a Binaural Nodar e a Munic\u00edpio de Vouzela. Ainda decorre no espa\u00e7o Laf\u00f5es Cult Lab (Vouzela), at\u00e9 ao pr\u00f3ximo\" \/>\n\t\t<script type=\"application\/ld+json\" class=\"aioseo-schema\">\n\t\t\t{\"@context\":\"https:\\\/\\\/schema.org\",\"@graph\":[{\"@type\":\"BlogPosting\",\"@id\":\"https:\\\/\\\/www.binauralmedia.org\\\/news\\\/arquivo\\\/21687#blogposting\",\"name\":\"Instala\\u00e7\\u00e3o audiovisual \\u201cMem\\u00f3rias das Migra\\u00e7\\u00f5es Vouzelenses\\u201d - binauralmedia.org\",\"headline\":\"Instala\\u00e7\\u00e3o audiovisual &#8220;Mem\\u00f3rias das Migra\\u00e7\\u00f5es Vouzelenses&#8221;\",\"author\":{\"@id\":\"https:\\\/\\\/www.binauralmedia.org\\\/news\\\/arquivo\\\/author\\\/nelyferreira#author\"},\"publisher\":{\"@id\":\"https:\\\/\\\/www.binauralmedia.org\\\/news\\\/#organization\"},\"image\":{\"@type\":\"ImageObject\",\"url\":\"https:\\\/\\\/www.binauralmedia.org\\\/news\\\/wp-content\\\/uploads\\\/Instalcao.png\",\"width\":1200,\"height\":800},\"datePublished\":\"2024-07-31T08:49:22+00:00\",\"dateModified\":\"2024-10-23T16:06:46+00:00\",\"inLanguage\":\"pt-PT\",\"mainEntityOfPage\":{\"@id\":\"https:\\\/\\\/www.binauralmedia.org\\\/news\\\/arquivo\\\/21687#webpage\"},\"isPartOf\":{\"@id\":\"https:\\\/\\\/www.binauralmedia.org\\\/news\\\/arquivo\\\/21687#webpage\"},\"articleSection\":\"Cria\\u00e7\\u00f5es Art\\u00edsticas, Etnografia Sonora e Visual, Not\\u00edcias, Image, Opcional\"},{\"@type\":\"BreadcrumbList\",\"@id\":\"https:\\\/\\\/www.binauralmedia.org\\\/news\\\/arquivo\\\/21687#breadcrumblist\",\"itemListElement\":[{\"@type\":\"ListItem\",\"@id\":\"https:\\\/\\\/www.binauralmedia.org\\\/news#listItem\",\"position\":1,\"name\":\"Home\",\"item\":\"https:\\\/\\\/www.binauralmedia.org\\\/news\",\"nextItem\":{\"@type\":\"ListItem\",\"@id\":\"https:\\\/\\\/www.binauralmedia.org\\\/news\\\/arquivo\\\/category\\\/news#listItem\",\"name\":\"Not\\u00edcias\"}},{\"@type\":\"ListItem\",\"@id\":\"https:\\\/\\\/www.binauralmedia.org\\\/news\\\/arquivo\\\/category\\\/news#listItem\",\"position\":2,\"name\":\"Not\\u00edcias\",\"item\":\"https:\\\/\\\/www.binauralmedia.org\\\/news\\\/arquivo\\\/category\\\/news\",\"nextItem\":{\"@type\":\"ListItem\",\"@id\":\"https:\\\/\\\/www.binauralmedia.org\\\/news\\\/arquivo\\\/21687#listItem\",\"name\":\"Instala\\u00e7\\u00e3o audiovisual &#8220;Mem\\u00f3rias das Migra\\u00e7\\u00f5es Vouzelenses&#8221;\"},\"previousItem\":{\"@type\":\"ListItem\",\"@id\":\"https:\\\/\\\/www.binauralmedia.org\\\/news#listItem\",\"name\":\"Home\"}},{\"@type\":\"ListItem\",\"@id\":\"https:\\\/\\\/www.binauralmedia.org\\\/news\\\/arquivo\\\/21687#listItem\",\"position\":3,\"name\":\"Instala\\u00e7\\u00e3o audiovisual &#8220;Mem\\u00f3rias das Migra\\u00e7\\u00f5es Vouzelenses&#8221;\",\"previousItem\":{\"@type\":\"ListItem\",\"@id\":\"https:\\\/\\\/www.binauralmedia.org\\\/news\\\/arquivo\\\/category\\\/news#listItem\",\"name\":\"Not\\u00edcias\"}}]},{\"@type\":\"Organization\",\"@id\":\"https:\\\/\\\/www.binauralmedia.org\\\/news\\\/#organization\",\"name\":\"binauralmedia.org\",\"description\":\"Rural Based Sound\\\/Media Arts & Social Research\",\"url\":\"https:\\\/\\\/www.binauralmedia.org\\\/news\\\/\"},{\"@type\":\"Person\",\"@id\":\"https:\\\/\\\/www.binauralmedia.org\\\/news\\\/arquivo\\\/author\\\/nelyferreira#author\",\"url\":\"https:\\\/\\\/www.binauralmedia.org\\\/news\\\/arquivo\\\/author\\\/nelyferreira\",\"name\":\"Nely Ferreira\"},{\"@type\":\"WebPage\",\"@id\":\"https:\\\/\\\/www.binauralmedia.org\\\/news\\\/arquivo\\\/21687#webpage\",\"url\":\"https:\\\/\\\/www.binauralmedia.org\\\/news\\\/arquivo\\\/21687\",\"name\":\"Instala\\u00e7\\u00e3o audiovisual \\u201cMem\\u00f3rias das Migra\\u00e7\\u00f5es Vouzelenses\\u201d - binauralmedia.org\",\"description\":\"ECOS DA IDA E DO RETORNO Mem\\u00f3rias das Migra\\u00e7\\u00f5es Vouzelenses Instala\\u00e7\\u00e3o Audiovisual Laf\\u00f5es Cult Lab (Vouzela) 19 julho \\u2013 9 agosto 2024 Dias \\u00fateis, das 9h30 \\u00e0s 12h30 e as 14h30 \\u00e0s 17h30 Uma co-produ\\u00e7\\u00e3o entre a Binaural Nodar e a Munic\\u00edpio de Vouzela. Ainda decorre no espa\\u00e7o Laf\\u00f5es Cult Lab (Vouzela), at\\u00e9 ao pr\\u00f3ximo\",\"inLanguage\":\"pt-PT\",\"isPartOf\":{\"@id\":\"https:\\\/\\\/www.binauralmedia.org\\\/news\\\/#website\"},\"breadcrumb\":{\"@id\":\"https:\\\/\\\/www.binauralmedia.org\\\/news\\\/arquivo\\\/21687#breadcrumblist\"},\"author\":{\"@id\":\"https:\\\/\\\/www.binauralmedia.org\\\/news\\\/arquivo\\\/author\\\/nelyferreira#author\"},\"creator\":{\"@id\":\"https:\\\/\\\/www.binauralmedia.org\\\/news\\\/arquivo\\\/author\\\/nelyferreira#author\"},\"image\":{\"@type\":\"ImageObject\",\"url\":\"https:\\\/\\\/www.binauralmedia.org\\\/news\\\/wp-content\\\/uploads\\\/Instalcao.png\",\"@id\":\"https:\\\/\\\/www.binauralmedia.org\\\/news\\\/arquivo\\\/21687\\\/#mainImage\",\"width\":1200,\"height\":800},\"primaryImageOfPage\":{\"@id\":\"https:\\\/\\\/www.binauralmedia.org\\\/news\\\/arquivo\\\/21687#mainImage\"},\"datePublished\":\"2024-07-31T08:49:22+00:00\",\"dateModified\":\"2024-10-23T16:06:46+00:00\"},{\"@type\":\"WebSite\",\"@id\":\"https:\\\/\\\/www.binauralmedia.org\\\/news\\\/#website\",\"url\":\"https:\\\/\\\/www.binauralmedia.org\\\/news\\\/\",\"name\":\"binauralmedia.org\",\"description\":\"Rural Based Sound\\\/Media Arts & Social Research\",\"inLanguage\":\"pt-PT\",\"publisher\":{\"@id\":\"https:\\\/\\\/www.binauralmedia.org\\\/news\\\/#organization\"}}]}\n\t\t<\/script>\n\t\t<!-- All in One SEO -->\n\n","aioseo_head_json":{"title":"Instala\u00e7\u00e3o audiovisual \u201cMem\u00f3rias das Migra\u00e7\u00f5es Vouzelenses\u201d - binauralmedia.org","description":"ECOS DA IDA E DO RETORNO Mem\u00f3rias das Migra\u00e7\u00f5es Vouzelenses Instala\u00e7\u00e3o Audiovisual Laf\u00f5es Cult Lab (Vouzela) 19 julho \u2013 9 agosto 2024 Dias \u00fateis, das 9h30 \u00e0s 12h30 e as 14h30 \u00e0s 17h30 Uma co-produ\u00e7\u00e3o entre a Binaural Nodar e a Munic\u00edpio de Vouzela. Ainda decorre no espa\u00e7o Laf\u00f5es Cult Lab (Vouzela), at\u00e9 ao pr\u00f3ximo","canonical_url":"https:\/\/www.binauralmedia.org\/news\/arquivo\/21687","robots":"max-image-preview:large","keywords":"","webmasterTools":{"miscellaneous":""},"schema":{"@context":"https:\/\/schema.org","@graph":[{"@type":"BlogPosting","@id":"https:\/\/www.binauralmedia.org\/news\/arquivo\/21687#blogposting","name":"Instala\u00e7\u00e3o audiovisual \u201cMem\u00f3rias das Migra\u00e7\u00f5es Vouzelenses\u201d - binauralmedia.org","headline":"Instala\u00e7\u00e3o audiovisual &#8220;Mem\u00f3rias das Migra\u00e7\u00f5es Vouzelenses&#8221;","author":{"@id":"https:\/\/www.binauralmedia.org\/news\/arquivo\/author\/nelyferreira#author"},"publisher":{"@id":"https:\/\/www.binauralmedia.org\/news\/#organization"},"image":{"@type":"ImageObject","url":"https:\/\/www.binauralmedia.org\/news\/wp-content\/uploads\/Instalcao.png","width":1200,"height":800},"datePublished":"2024-07-31T08:49:22+00:00","dateModified":"2024-10-23T16:06:46+00:00","inLanguage":"pt-PT","mainEntityOfPage":{"@id":"https:\/\/www.binauralmedia.org\/news\/arquivo\/21687#webpage"},"isPartOf":{"@id":"https:\/\/www.binauralmedia.org\/news\/arquivo\/21687#webpage"},"articleSection":"Cria\u00e7\u00f5es Art\u00edsticas, Etnografia Sonora e Visual, Not\u00edcias, Image, Opcional"},{"@type":"BreadcrumbList","@id":"https:\/\/www.binauralmedia.org\/news\/arquivo\/21687#breadcrumblist","itemListElement":[{"@type":"ListItem","@id":"https:\/\/www.binauralmedia.org\/news#listItem","position":1,"name":"Home","item":"https:\/\/www.binauralmedia.org\/news","nextItem":{"@type":"ListItem","@id":"https:\/\/www.binauralmedia.org\/news\/arquivo\/category\/news#listItem","name":"Not\u00edcias"}},{"@type":"ListItem","@id":"https:\/\/www.binauralmedia.org\/news\/arquivo\/category\/news#listItem","position":2,"name":"Not\u00edcias","item":"https:\/\/www.binauralmedia.org\/news\/arquivo\/category\/news","nextItem":{"@type":"ListItem","@id":"https:\/\/www.binauralmedia.org\/news\/arquivo\/21687#listItem","name":"Instala\u00e7\u00e3o audiovisual &#8220;Mem\u00f3rias das Migra\u00e7\u00f5es Vouzelenses&#8221;"},"previousItem":{"@type":"ListItem","@id":"https:\/\/www.binauralmedia.org\/news#listItem","name":"Home"}},{"@type":"ListItem","@id":"https:\/\/www.binauralmedia.org\/news\/arquivo\/21687#listItem","position":3,"name":"Instala\u00e7\u00e3o audiovisual &#8220;Mem\u00f3rias das Migra\u00e7\u00f5es Vouzelenses&#8221;","previousItem":{"@type":"ListItem","@id":"https:\/\/www.binauralmedia.org\/news\/arquivo\/category\/news#listItem","name":"Not\u00edcias"}}]},{"@type":"Organization","@id":"https:\/\/www.binauralmedia.org\/news\/#organization","name":"binauralmedia.org","description":"Rural Based Sound\/Media Arts & Social Research","url":"https:\/\/www.binauralmedia.org\/news\/"},{"@type":"Person","@id":"https:\/\/www.binauralmedia.org\/news\/arquivo\/author\/nelyferreira#author","url":"https:\/\/www.binauralmedia.org\/news\/arquivo\/author\/nelyferreira","name":"Nely Ferreira"},{"@type":"WebPage","@id":"https:\/\/www.binauralmedia.org\/news\/arquivo\/21687#webpage","url":"https:\/\/www.binauralmedia.org\/news\/arquivo\/21687","name":"Instala\u00e7\u00e3o audiovisual \u201cMem\u00f3rias das Migra\u00e7\u00f5es Vouzelenses\u201d - binauralmedia.org","description":"ECOS DA IDA E DO RETORNO Mem\u00f3rias das Migra\u00e7\u00f5es Vouzelenses Instala\u00e7\u00e3o Audiovisual Laf\u00f5es Cult Lab (Vouzela) 19 julho \u2013 9 agosto 2024 Dias \u00fateis, das 9h30 \u00e0s 12h30 e as 14h30 \u00e0s 17h30 Uma co-produ\u00e7\u00e3o entre a Binaural Nodar e a Munic\u00edpio de Vouzela. Ainda decorre no espa\u00e7o Laf\u00f5es Cult Lab (Vouzela), at\u00e9 ao pr\u00f3ximo","inLanguage":"pt-PT","isPartOf":{"@id":"https:\/\/www.binauralmedia.org\/news\/#website"},"breadcrumb":{"@id":"https:\/\/www.binauralmedia.org\/news\/arquivo\/21687#breadcrumblist"},"author":{"@id":"https:\/\/www.binauralmedia.org\/news\/arquivo\/author\/nelyferreira#author"},"creator":{"@id":"https:\/\/www.binauralmedia.org\/news\/arquivo\/author\/nelyferreira#author"},"image":{"@type":"ImageObject","url":"https:\/\/www.binauralmedia.org\/news\/wp-content\/uploads\/Instalcao.png","@id":"https:\/\/www.binauralmedia.org\/news\/arquivo\/21687\/#mainImage","width":1200,"height":800},"primaryImageOfPage":{"@id":"https:\/\/www.binauralmedia.org\/news\/arquivo\/21687#mainImage"},"datePublished":"2024-07-31T08:49:22+00:00","dateModified":"2024-10-23T16:06:46+00:00"},{"@type":"WebSite","@id":"https:\/\/www.binauralmedia.org\/news\/#website","url":"https:\/\/www.binauralmedia.org\/news\/","name":"binauralmedia.org","description":"Rural Based Sound\/Media Arts & Social Research","inLanguage":"pt-PT","publisher":{"@id":"https:\/\/www.binauralmedia.org\/news\/#organization"}}]},"og:locale":"pt_PT","og:site_name":"binauralmedia.org - Rural Based Sound\/Media Arts &amp; Social Research","og:type":"article","og:title":"Instala\u00e7\u00e3o audiovisual \u201cMem\u00f3rias das Migra\u00e7\u00f5es Vouzelenses\u201d - binauralmedia.org","og:description":"ECOS DA IDA E DO RETORNO Mem\u00f3rias das Migra\u00e7\u00f5es Vouzelenses Instala\u00e7\u00e3o Audiovisual Laf\u00f5es Cult Lab (Vouzela) 19 julho \u2013 9 agosto 2024 Dias \u00fateis, das 9h30 \u00e0s 12h30 e as 14h30 \u00e0s 17h30 Uma co-produ\u00e7\u00e3o entre a Binaural Nodar e a Munic\u00edpio de Vouzela. Ainda decorre no espa\u00e7o Laf\u00f5es Cult Lab (Vouzela), at\u00e9 ao pr\u00f3ximo","og:url":"https:\/\/www.binauralmedia.org\/news\/arquivo\/21687","article:published_time":"2024-07-31T08:49:22+00:00","article:modified_time":"2024-10-23T16:06:46+00:00","twitter:card":"summary_large_image","twitter:title":"Instala\u00e7\u00e3o audiovisual \u201cMem\u00f3rias das Migra\u00e7\u00f5es Vouzelenses\u201d - binauralmedia.org","twitter:description":"ECOS DA IDA E DO RETORNO Mem\u00f3rias das Migra\u00e7\u00f5es Vouzelenses Instala\u00e7\u00e3o Audiovisual Laf\u00f5es Cult Lab (Vouzela) 19 julho \u2013 9 agosto 2024 Dias \u00fateis, das 9h30 \u00e0s 12h30 e as 14h30 \u00e0s 17h30 Uma co-produ\u00e7\u00e3o entre a Binaural Nodar e a Munic\u00edpio de Vouzela. Ainda decorre no espa\u00e7o Laf\u00f5es Cult Lab (Vouzela), at\u00e9 ao pr\u00f3ximo"},"aioseo_meta_data":{"post_id":"21687","title":null,"description":null,"keywords":null,"keyphrases":null,"primary_term":null,"canonical_url":null,"og_title":null,"og_description":null,"og_object_type":"default","og_image_type":"default","og_image_custom_url":null,"og_image_custom_fields":null,"og_image_url":null,"og_image_width":null,"og_image_height":null,"og_video":null,"og_custom_url":null,"og_article_section":null,"og_article_tags":null,"twitter_use_og":false,"twitter_card":"default","twitter_image_type":"default","twitter_image_custom_url":null,"twitter_image_custom_fields":null,"twitter_image_url":null,"twitter_title":null,"twitter_description":null,"schema_type":"default","schema_type_options":null,"schema":{"blockGraphs":[],"customGraphs":[],"default":{"data":{"Article":[],"Course":[],"Dataset":[],"FAQPage":[],"Movie":[],"Person":[],"Product":[],"ProductReview":[],"Car":[],"Recipe":[],"Service":[],"SoftwareApplication":[],"WebPage":[]},"graphName":"","isEnabled":true},"graphs":[]},"pillar_content":false,"robots_default":true,"robots_noindex":false,"robots_noarchive":false,"robots_nosnippet":false,"robots_nofollow":false,"robots_noimageindex":false,"robots_noodp":false,"robots_notranslate":false,"robots_max_snippet":null,"robots_max_videopreview":null,"robots_max_imagepreview":"large","priority":null,"frequency":null,"local_seo":null,"limit_modified_date":false,"ai":null,"breadcrumb_settings":null,"seo_analyzer_scan_date":null,"created":"2026-08-05 07:01:09","updated":"2026-08-05 07:01:09","focus_keyword":null,"additional_keywords":null,"truseo_locale":null},"aioseo_breadcrumb":"<div class=\"aioseo-breadcrumbs\"><span class=\"aioseo-breadcrumb\">\n\t\t\t<a href=\"https:\/\/www.binauralmedia.org\/news\" title=\"Home\">Home<\/a>\n\t\t<\/span><span class=\"aioseo-breadcrumb-separator\">&raquo;<\/span><span class=\"aioseo-breadcrumb\">\n\t\t\t<a href=\"https:\/\/www.binauralmedia.org\/news\/arquivo\/category\/news\" title=\"Not\u00edcias\">Not\u00edcias<\/a>\n\t\t<\/span><span class=\"aioseo-breadcrumb-separator\">&raquo;<\/span><span class=\"aioseo-breadcrumb\">\n\t\t\tInstala\u00e7\u00e3o audiovisual \u201cMem\u00f3rias das Migra\u00e7\u00f5es Vouzelenses\u201d\n\t\t<\/span><\/div>","aioseo_breadcrumb_json":[{"label":"Home","link":"https:\/\/www.binauralmedia.org\/news"},{"label":"Not\u00edcias","link":"https:\/\/www.binauralmedia.org\/news\/arquivo\/category\/news"},{"label":"Instala\u00e7\u00e3o audiovisual &#8220;Mem\u00f3rias das Migra\u00e7\u00f5es Vouzelenses&#8221;","link":"https:\/\/www.binauralmedia.org\/news\/arquivo\/21687"}],"_links":{"self":[{"href":"https:\/\/www.binauralmedia.org\/news\/wp-json\/wp\/v2\/posts\/21687","targetHints":{"allow":["GET"]}}],"collection":[{"href":"https:\/\/www.binauralmedia.org\/news\/wp-json\/wp\/v2\/posts"}],"about":[{"href":"https:\/\/www.binauralmedia.org\/news\/wp-json\/wp\/v2\/types\/post"}],"author":[{"embeddable":true,"href":"https:\/\/www.binauralmedia.org\/news\/wp-json\/wp\/v2\/users\/8"}],"replies":[{"embeddable":true,"href":"https:\/\/www.binauralmedia.org\/news\/wp-json\/wp\/v2\/comments?post=21687"}],"version-history":[{"count":5,"href":"https:\/\/www.binauralmedia.org\/news\/wp-json\/wp\/v2\/posts\/21687\/revisions"}],"predecessor-version":[{"id":22212,"href":"https:\/\/www.binauralmedia.org\/news\/wp-json\/wp\/v2\/posts\/21687\/revisions\/22212"}],"wp:featuredmedia":[{"embeddable":true,"href":"https:\/\/www.binauralmedia.org\/news\/wp-json\/wp\/v2\/media\/21688"}],"wp:attachment":[{"href":"https:\/\/www.binauralmedia.org\/news\/wp-json\/wp\/v2\/media?parent=21687"}],"wp:term":[{"taxonomy":"category","embeddable":true,"href":"https:\/\/www.binauralmedia.org\/news\/wp-json\/wp\/v2\/categories?post=21687"},{"taxonomy":"post_tag","embeddable":true,"href":"https:\/\/www.binauralmedia.org\/news\/wp-json\/wp\/v2\/tags?post=21687"}],"curies":[{"name":"wp","href":"https:\/\/api.w.org\/{rel}","templated":true}]}}