{"id":21642,"date":"2024-07-12T14:21:24","date_gmt":"2024-07-12T14:21:24","guid":{"rendered":"https:\/\/www.binauralmedia.org\/news?p=21642"},"modified":"2024-10-23T16:15:04","modified_gmt":"2024-10-23T16:15:04","slug":"memorias-das-migracoes-vouzelenses-instalacao-audiovisual","status":"publish","type":"post","link":"https:\/\/www.binauralmedia.org\/news\/arquivo\/21642","title":{"rendered":"Mem\u00f3rias das migra\u00e7\u00f5es vouzelenses uma instala\u00e7\u00e3o audiovisual"},"content":{"rendered":"<div class=\"fusion-fullwidth fullwidth-box fusion-builder-row-1 fusion-flex-container nonhundred-percent-fullwidth non-hundred-percent-height-scrolling\" style=\"--awb-border-radius-top-left:0px;--awb-border-radius-top-right:0px;--awb-border-radius-bottom-right:0px;--awb-border-radius-bottom-left:0px;--awb-flex-wrap:wrap;\" ><div class=\"fusion-builder-row fusion-row fusion-flex-align-items-flex-start fusion-flex-content-wrap\" style=\"max-width:1144px;margin-left: calc(-4% \/ 2 );margin-right: calc(-4% \/ 2 );\"><div class=\"fusion-layout-column fusion_builder_column fusion-builder-column-0 fusion_builder_column_1_1 1_1 fusion-flex-column\" style=\"--awb-bg-size:cover;--awb-width-large:100%;--awb-margin-top-large:0px;--awb-spacing-right-large:1.92%;--awb-margin-bottom-large:0px;--awb-spacing-left-large:1.92%;--awb-width-medium:100%;--awb-spacing-right-medium:1.92%;--awb-spacing-left-medium:1.92%;--awb-width-small:100%;--awb-spacing-right-small:1.92%;--awb-spacing-left-small:1.92%;\"><div class=\"fusion-column-wrapper fusion-flex-justify-content-flex-start fusion-content-layout-column\"><div class=\"fusion-text fusion-text-1\"><p>ECOS DA IDA E DO RETORNO<br \/>\nMem\u00f3rias das Migra\u00e7\u00f5es Vouzelenses<br \/>\nInstala\u00e7\u00e3o Audiovisual<\/p>\n<p>Laf\u00f5es Cult Lab (Vouzela)<br \/>\n19 julho \u2013 9 agosto 2024<br \/>\nDias \u00fateis, das 9h30 \u00e0s 12h30 e das 14h30 \u00e0s 17h30<br \/>\nUma coprodu\u00e7\u00e3o entre Binaural Nodar e o Munic\u00edpio de Vouzela<\/p>\n<p>Desde o final do s\u00e9culo XIX at\u00e9 \u00e0 atualidade, milh\u00f5es de portugueses emigraram, procurando alternativas \u00e0 pobreza, a uma economia de subsist\u00eancia e\/ou \u00e0 falta de oportunidades de trabalho. Como tal, a emigra\u00e7\u00e3o \u00e9 simultaneamente parte da mem\u00f3ria e do presente das regi\u00f5es rurais portuguesas. Em cada aldeia coexistem m\u00faltiplas camadas tem\u00e1ticas que se relacionam com as distintas vagas de emigra\u00e7\u00e3o, aquelas mais long\u00ednquas, para o Brasil, Venezuela, Estados Unidos da Am\u00e9rica, etc. ou aquelas mais pr\u00f3ximas, para pa\u00edses europeus como a Fran\u00e7a, Alemanha, Su\u00ed\u00e7a ou Luxemburgo. De igual forma, muitas zonas rurais acolhem hoje pessoas origin\u00e1rias de outras paragens dos v\u00e1rios continentes, num processo em sentido contr\u00e1rio ao que encetaram tantos portugueses.<\/p>\n<p>O voo migrat\u00f3rio pensado em termos hist\u00f3rico-sociais identificou origens, destinos, contextos, motiva\u00e7\u00f5es e quantificou os fluxos dos que emigraram e dos que regressaram ou n\u00e3o. N\u00e3o obstante, existe um leque literalmente infinito de temas que \u00e9 poss\u00edvel aprofundar quando se contacta diretamente com antigos e atuais emigrantes e com os seus descendentes, como a arquitetura, a economia, a l\u00edngua, os sentidos de perten\u00e7a e de inser\u00e7\u00e3o cultural dos que emigraram e dos seus descendentes, as perce\u00e7\u00f5es sobre a evolu\u00e7\u00e3o dos lugares de destino e origem, o tipo de vincula\u00e7\u00e3o com o mundo rural, as narra\u00e7\u00f5es e os registos documentais familiares, a simbologia e semi\u00f3tica afetiva, a gastronomia e tantos outros.<\/p>\n<p>A Binaural Nodar, em colabora\u00e7\u00e3o com o Munic\u00edpio de Vouzela, apresenta a instala\u00e7\u00e3o audiovisual \u201cEcos da Ida e do Retorno: Mem\u00f3rias de migra\u00e7\u00f5es vouzelenses\u201d, concebida na sequ\u00eancia de recolhas etnogr\u00e1ficas realizadas nos anos de 2022 e 2023 com antigos emigrantes oriundos do concelho de Vouzela e tamb\u00e9m com imigrantes rec\u00e9m-chegados \u00e0 regi\u00e3o, dando aten\u00e7\u00e3o a aspetos relacionados com a \u201csensorialidade migrante\u201d, ou seja, como a condi\u00e7\u00e3o de perten\u00e7a partilhada, entre o lugar de origem e de migra\u00e7\u00e3o, se reflete nos sentidos: a paisagem visual e sonora, os cheiros, a m\u00fasica, a gastronomia, os objetos com valor simb\u00f3lico, etc.<\/p>\n<p>Um agradecimento \u00e0s pessoas entrevistadas para este projeto: Ana Carvalho, Ab\u00edlio Pereira da Silva, Jeniffer Cabral, Dolores Rodrigues, S\u00f3nia Couceiro, F\u00e1tima Henriques e Avelino Henriques.<\/p>\n<p>Ficha t\u00e9cnica e art\u00edstica:<\/p>\n<p>Entrevistas realizadas por Liliana Silva, Rafael Bresciani, Ana Margarida Ferreira, Liliana Silva e Luciano Piccilli<br \/>\nGrava\u00e7\u00f5es sonoras e audiovisuais: Liliana Silva, Rafael Bresciani, Ana Margarida Ferreira e Luciano Piccilli.<br \/>\nEdi\u00e7\u00e3o audiovisual: Ana Margarida Ferreira<br \/>\nTexto e voz de introdu\u00e7\u00e3o: Lu\u00eds Costa<\/p>\n<p>A Binaural Nodar \u00e9 uma entidade cultural apoiada pela Rep\u00fablica Portuguesa &#8211; Cultura | Dire\u00e7\u00e3o-Geral das Artes.<\/p>\n<\/div><\/div><\/div><\/div><\/div>\n","protected":false},"excerpt":{"rendered":"","protected":false},"author":8,"featured_media":21643,"comment_status":"closed","ping_status":"closed","sticky":false,"template":"","format":"standard","meta":{"_acf_changed":false,"_bbp_topic_count":0,"_bbp_reply_count":0,"_bbp_total_topic_count":0,"_bbp_total_reply_count":0,"_bbp_voice_count":0,"_bbp_anonymous_reply_count":0,"_bbp_topic_count_hidden":0,"_bbp_reply_count_hidden":0,"_bbp_forum_subforum_count":0,"footnotes":""},"categories":[1161,1],"tags":[],"class_list":["post-21642","post","type-post","status-publish","format-standard","has-post-thumbnail","hentry","category-artistic-creations","category-news"],"acf":[],"aioseo_notices":[],"aioseo_head":"\n\t\t<!-- All in One SEO 5.0.1.1 - aioseo.com -->\n\t<meta name=\"description\" content=\"ECOS DA IDA E DO RETORNO Mem\u00f3rias das Migra\u00e7\u00f5es Vouzelenses Instala\u00e7\u00e3o Audiovisual Laf\u00f5es Cult Lab (Vouzela) 19 julho \u2013 9 agosto 2024 Dias \u00fateis, das 9h30 \u00e0s 12h30 e das 14h30 \u00e0s 17h30 Uma coprodu\u00e7\u00e3o entre Binaural Nodar e o Munic\u00edpio de Vouzela Desde o final do s\u00e9culo XIX at\u00e9 \u00e0 atualidade, milh\u00f5es de portugueses\" \/>\n\t<meta name=\"robots\" content=\"max-image-preview:large\" \/>\n\t<meta name=\"author\" content=\"Nely Ferreira\"\/>\n\t<link rel=\"canonical\" href=\"https:\/\/www.binauralmedia.org\/news\/arquivo\/21642\" \/>\n\t<meta name=\"generator\" content=\"All in One SEO (AIOSEO) 5.0.1.1\" \/>\n\t\t<meta property=\"og:locale\" content=\"pt_PT\" \/>\n\t\t<meta property=\"og:site_name\" content=\"binauralmedia.org - Rural Based Sound\/Media Arts &amp; Social Research\" \/>\n\t\t<meta property=\"og:type\" content=\"article\" \/>\n\t\t<meta property=\"og:title\" content=\"Mem\u00f3rias das migra\u00e7\u00f5es vouzelenses uma instala\u00e7\u00e3o audiovisual - binauralmedia.org\" \/>\n\t\t<meta property=\"og:description\" content=\"ECOS DA IDA E DO RETORNO Mem\u00f3rias das Migra\u00e7\u00f5es Vouzelenses Instala\u00e7\u00e3o Audiovisual Laf\u00f5es Cult Lab (Vouzela) 19 julho \u2013 9 agosto 2024 Dias \u00fateis, das 9h30 \u00e0s 12h30 e das 14h30 \u00e0s 17h30 Uma coprodu\u00e7\u00e3o entre Binaural Nodar e o Munic\u00edpio de Vouzela Desde o final do s\u00e9culo XIX at\u00e9 \u00e0 atualidade, milh\u00f5es de portugueses\" \/>\n\t\t<meta property=\"og:url\" content=\"https:\/\/www.binauralmedia.org\/news\/arquivo\/21642\" \/>\n\t\t<meta property=\"article:published_time\" content=\"2024-07-12T14:21:24+00:00\" \/>\n\t\t<meta property=\"article:modified_time\" content=\"2024-10-23T16:15:04+00:00\" \/>\n\t\t<meta name=\"twitter:card\" content=\"summary_large_image\" \/>\n\t\t<meta name=\"twitter:title\" content=\"Mem\u00f3rias das migra\u00e7\u00f5es vouzelenses uma instala\u00e7\u00e3o audiovisual - binauralmedia.org\" \/>\n\t\t<meta name=\"twitter:description\" content=\"ECOS DA IDA E DO RETORNO Mem\u00f3rias das Migra\u00e7\u00f5es Vouzelenses Instala\u00e7\u00e3o Audiovisual Laf\u00f5es Cult Lab (Vouzela) 19 julho \u2013 9 agosto 2024 Dias \u00fateis, das 9h30 \u00e0s 12h30 e das 14h30 \u00e0s 17h30 Uma coprodu\u00e7\u00e3o entre Binaural Nodar e o Munic\u00edpio de Vouzela Desde o final do s\u00e9culo XIX at\u00e9 \u00e0 atualidade, milh\u00f5es de portugueses\" \/>\n\t\t<script type=\"application\/ld+json\" class=\"aioseo-schema\">\n\t\t\t{\"@context\":\"https:\\\/\\\/schema.org\",\"@graph\":[{\"@type\":\"BlogPosting\",\"@id\":\"https:\\\/\\\/www.binauralmedia.org\\\/news\\\/arquivo\\\/21642#blogposting\",\"name\":\"Mem\\u00f3rias das migra\\u00e7\\u00f5es vouzelenses uma instala\\u00e7\\u00e3o audiovisual - binauralmedia.org\",\"headline\":\"Mem\\u00f3rias das migra\\u00e7\\u00f5es vouzelenses uma instala\\u00e7\\u00e3o audiovisual\",\"author\":{\"@id\":\"https:\\\/\\\/www.binauralmedia.org\\\/news\\\/arquivo\\\/author\\\/nelyferreira#author\"},\"publisher\":{\"@id\":\"https:\\\/\\\/www.binauralmedia.org\\\/news\\\/#organization\"},\"image\":{\"@type\":\"ImageObject\",\"url\":\"https:\\\/\\\/www.binauralmedia.org\\\/news\\\/wp-content\\\/uploads\\\/Ecos-da-Ida-e-do-Retorno-Dgartes.png\",\"width\":1200,\"height\":800},\"datePublished\":\"2024-07-12T14:21:24+00:00\",\"dateModified\":\"2024-10-23T16:15:04+00:00\",\"inLanguage\":\"pt-PT\",\"mainEntityOfPage\":{\"@id\":\"https:\\\/\\\/www.binauralmedia.org\\\/news\\\/arquivo\\\/21642#webpage\"},\"isPartOf\":{\"@id\":\"https:\\\/\\\/www.binauralmedia.org\\\/news\\\/arquivo\\\/21642#webpage\"},\"articleSection\":\"Cria\\u00e7\\u00f5es Art\\u00edsticas, Not\\u00edcias, Opcional\"},{\"@type\":\"BreadcrumbList\",\"@id\":\"https:\\\/\\\/www.binauralmedia.org\\\/news\\\/arquivo\\\/21642#breadcrumblist\",\"itemListElement\":[{\"@type\":\"ListItem\",\"@id\":\"https:\\\/\\\/www.binauralmedia.org\\\/news#listItem\",\"position\":1,\"name\":\"Home\",\"item\":\"https:\\\/\\\/www.binauralmedia.org\\\/news\",\"nextItem\":{\"@type\":\"ListItem\",\"@id\":\"https:\\\/\\\/www.binauralmedia.org\\\/news\\\/arquivo\\\/category\\\/news#listItem\",\"name\":\"Not\\u00edcias\"}},{\"@type\":\"ListItem\",\"@id\":\"https:\\\/\\\/www.binauralmedia.org\\\/news\\\/arquivo\\\/category\\\/news#listItem\",\"position\":2,\"name\":\"Not\\u00edcias\",\"item\":\"https:\\\/\\\/www.binauralmedia.org\\\/news\\\/arquivo\\\/category\\\/news\",\"nextItem\":{\"@type\":\"ListItem\",\"@id\":\"https:\\\/\\\/www.binauralmedia.org\\\/news\\\/arquivo\\\/21642#listItem\",\"name\":\"Mem\\u00f3rias das migra\\u00e7\\u00f5es vouzelenses uma instala\\u00e7\\u00e3o audiovisual\"},\"previousItem\":{\"@type\":\"ListItem\",\"@id\":\"https:\\\/\\\/www.binauralmedia.org\\\/news#listItem\",\"name\":\"Home\"}},{\"@type\":\"ListItem\",\"@id\":\"https:\\\/\\\/www.binauralmedia.org\\\/news\\\/arquivo\\\/21642#listItem\",\"position\":3,\"name\":\"Mem\\u00f3rias das migra\\u00e7\\u00f5es vouzelenses uma instala\\u00e7\\u00e3o audiovisual\",\"previousItem\":{\"@type\":\"ListItem\",\"@id\":\"https:\\\/\\\/www.binauralmedia.org\\\/news\\\/arquivo\\\/category\\\/news#listItem\",\"name\":\"Not\\u00edcias\"}}]},{\"@type\":\"Organization\",\"@id\":\"https:\\\/\\\/www.binauralmedia.org\\\/news\\\/#organization\",\"name\":\"binauralmedia.org\",\"description\":\"Rural Based Sound\\\/Media Arts & Social Research\",\"url\":\"https:\\\/\\\/www.binauralmedia.org\\\/news\\\/\"},{\"@type\":\"Person\",\"@id\":\"https:\\\/\\\/www.binauralmedia.org\\\/news\\\/arquivo\\\/author\\\/nelyferreira#author\",\"url\":\"https:\\\/\\\/www.binauralmedia.org\\\/news\\\/arquivo\\\/author\\\/nelyferreira\",\"name\":\"Nely Ferreira\"},{\"@type\":\"WebPage\",\"@id\":\"https:\\\/\\\/www.binauralmedia.org\\\/news\\\/arquivo\\\/21642#webpage\",\"url\":\"https:\\\/\\\/www.binauralmedia.org\\\/news\\\/arquivo\\\/21642\",\"name\":\"Mem\\u00f3rias das migra\\u00e7\\u00f5es vouzelenses uma instala\\u00e7\\u00e3o audiovisual - binauralmedia.org\",\"description\":\"ECOS DA IDA E DO RETORNO Mem\\u00f3rias das Migra\\u00e7\\u00f5es Vouzelenses Instala\\u00e7\\u00e3o Audiovisual Laf\\u00f5es Cult Lab (Vouzela) 19 julho \\u2013 9 agosto 2024 Dias \\u00fateis, das 9h30 \\u00e0s 12h30 e das 14h30 \\u00e0s 17h30 Uma coprodu\\u00e7\\u00e3o entre Binaural Nodar e o Munic\\u00edpio de Vouzela Desde o final do s\\u00e9culo XIX at\\u00e9 \\u00e0 atualidade, milh\\u00f5es de portugueses\",\"inLanguage\":\"pt-PT\",\"isPartOf\":{\"@id\":\"https:\\\/\\\/www.binauralmedia.org\\\/news\\\/#website\"},\"breadcrumb\":{\"@id\":\"https:\\\/\\\/www.binauralmedia.org\\\/news\\\/arquivo\\\/21642#breadcrumblist\"},\"author\":{\"@id\":\"https:\\\/\\\/www.binauralmedia.org\\\/news\\\/arquivo\\\/author\\\/nelyferreira#author\"},\"creator\":{\"@id\":\"https:\\\/\\\/www.binauralmedia.org\\\/news\\\/arquivo\\\/author\\\/nelyferreira#author\"},\"image\":{\"@type\":\"ImageObject\",\"url\":\"https:\\\/\\\/www.binauralmedia.org\\\/news\\\/wp-content\\\/uploads\\\/Ecos-da-Ida-e-do-Retorno-Dgartes.png\",\"@id\":\"https:\\\/\\\/www.binauralmedia.org\\\/news\\\/arquivo\\\/21642\\\/#mainImage\",\"width\":1200,\"height\":800},\"primaryImageOfPage\":{\"@id\":\"https:\\\/\\\/www.binauralmedia.org\\\/news\\\/arquivo\\\/21642#mainImage\"},\"datePublished\":\"2024-07-12T14:21:24+00:00\",\"dateModified\":\"2024-10-23T16:15:04+00:00\"},{\"@type\":\"WebSite\",\"@id\":\"https:\\\/\\\/www.binauralmedia.org\\\/news\\\/#website\",\"url\":\"https:\\\/\\\/www.binauralmedia.org\\\/news\\\/\",\"name\":\"binauralmedia.org\",\"description\":\"Rural Based Sound\\\/Media Arts & Social Research\",\"inLanguage\":\"pt-PT\",\"publisher\":{\"@id\":\"https:\\\/\\\/www.binauralmedia.org\\\/news\\\/#organization\"}}]}\n\t\t<\/script>\n\t\t<!-- All in One SEO -->\n\n","aioseo_head_json":{"title":"Mem\u00f3rias das migra\u00e7\u00f5es vouzelenses uma instala\u00e7\u00e3o audiovisual - binauralmedia.org","description":"ECOS DA IDA E DO RETORNO Mem\u00f3rias das Migra\u00e7\u00f5es Vouzelenses Instala\u00e7\u00e3o Audiovisual Laf\u00f5es Cult Lab (Vouzela) 19 julho \u2013 9 agosto 2024 Dias \u00fateis, das 9h30 \u00e0s 12h30 e das 14h30 \u00e0s 17h30 Uma coprodu\u00e7\u00e3o entre Binaural Nodar e o Munic\u00edpio de Vouzela Desde o final do s\u00e9culo XIX at\u00e9 \u00e0 atualidade, milh\u00f5es de portugueses","canonical_url":"https:\/\/www.binauralmedia.org\/news\/arquivo\/21642","robots":"max-image-preview:large","keywords":"","webmasterTools":{"miscellaneous":""},"schema":{"@context":"https:\/\/schema.org","@graph":[{"@type":"BlogPosting","@id":"https:\/\/www.binauralmedia.org\/news\/arquivo\/21642#blogposting","name":"Mem\u00f3rias das migra\u00e7\u00f5es vouzelenses uma instala\u00e7\u00e3o audiovisual - binauralmedia.org","headline":"Mem\u00f3rias das migra\u00e7\u00f5es vouzelenses uma instala\u00e7\u00e3o audiovisual","author":{"@id":"https:\/\/www.binauralmedia.org\/news\/arquivo\/author\/nelyferreira#author"},"publisher":{"@id":"https:\/\/www.binauralmedia.org\/news\/#organization"},"image":{"@type":"ImageObject","url":"https:\/\/www.binauralmedia.org\/news\/wp-content\/uploads\/Ecos-da-Ida-e-do-Retorno-Dgartes.png","width":1200,"height":800},"datePublished":"2024-07-12T14:21:24+00:00","dateModified":"2024-10-23T16:15:04+00:00","inLanguage":"pt-PT","mainEntityOfPage":{"@id":"https:\/\/www.binauralmedia.org\/news\/arquivo\/21642#webpage"},"isPartOf":{"@id":"https:\/\/www.binauralmedia.org\/news\/arquivo\/21642#webpage"},"articleSection":"Cria\u00e7\u00f5es Art\u00edsticas, Not\u00edcias, Opcional"},{"@type":"BreadcrumbList","@id":"https:\/\/www.binauralmedia.org\/news\/arquivo\/21642#breadcrumblist","itemListElement":[{"@type":"ListItem","@id":"https:\/\/www.binauralmedia.org\/news#listItem","position":1,"name":"Home","item":"https:\/\/www.binauralmedia.org\/news","nextItem":{"@type":"ListItem","@id":"https:\/\/www.binauralmedia.org\/news\/arquivo\/category\/news#listItem","name":"Not\u00edcias"}},{"@type":"ListItem","@id":"https:\/\/www.binauralmedia.org\/news\/arquivo\/category\/news#listItem","position":2,"name":"Not\u00edcias","item":"https:\/\/www.binauralmedia.org\/news\/arquivo\/category\/news","nextItem":{"@type":"ListItem","@id":"https:\/\/www.binauralmedia.org\/news\/arquivo\/21642#listItem","name":"Mem\u00f3rias das migra\u00e7\u00f5es vouzelenses uma instala\u00e7\u00e3o audiovisual"},"previousItem":{"@type":"ListItem","@id":"https:\/\/www.binauralmedia.org\/news#listItem","name":"Home"}},{"@type":"ListItem","@id":"https:\/\/www.binauralmedia.org\/news\/arquivo\/21642#listItem","position":3,"name":"Mem\u00f3rias das migra\u00e7\u00f5es vouzelenses uma instala\u00e7\u00e3o audiovisual","previousItem":{"@type":"ListItem","@id":"https:\/\/www.binauralmedia.org\/news\/arquivo\/category\/news#listItem","name":"Not\u00edcias"}}]},{"@type":"Organization","@id":"https:\/\/www.binauralmedia.org\/news\/#organization","name":"binauralmedia.org","description":"Rural Based Sound\/Media Arts & Social Research","url":"https:\/\/www.binauralmedia.org\/news\/"},{"@type":"Person","@id":"https:\/\/www.binauralmedia.org\/news\/arquivo\/author\/nelyferreira#author","url":"https:\/\/www.binauralmedia.org\/news\/arquivo\/author\/nelyferreira","name":"Nely Ferreira"},{"@type":"WebPage","@id":"https:\/\/www.binauralmedia.org\/news\/arquivo\/21642#webpage","url":"https:\/\/www.binauralmedia.org\/news\/arquivo\/21642","name":"Mem\u00f3rias das migra\u00e7\u00f5es vouzelenses uma instala\u00e7\u00e3o audiovisual - binauralmedia.org","description":"ECOS DA IDA E DO RETORNO Mem\u00f3rias das Migra\u00e7\u00f5es Vouzelenses Instala\u00e7\u00e3o Audiovisual Laf\u00f5es Cult Lab (Vouzela) 19 julho \u2013 9 agosto 2024 Dias \u00fateis, das 9h30 \u00e0s 12h30 e das 14h30 \u00e0s 17h30 Uma coprodu\u00e7\u00e3o entre Binaural Nodar e o Munic\u00edpio de Vouzela Desde o final do s\u00e9culo XIX at\u00e9 \u00e0 atualidade, milh\u00f5es de portugueses","inLanguage":"pt-PT","isPartOf":{"@id":"https:\/\/www.binauralmedia.org\/news\/#website"},"breadcrumb":{"@id":"https:\/\/www.binauralmedia.org\/news\/arquivo\/21642#breadcrumblist"},"author":{"@id":"https:\/\/www.binauralmedia.org\/news\/arquivo\/author\/nelyferreira#author"},"creator":{"@id":"https:\/\/www.binauralmedia.org\/news\/arquivo\/author\/nelyferreira#author"},"image":{"@type":"ImageObject","url":"https:\/\/www.binauralmedia.org\/news\/wp-content\/uploads\/Ecos-da-Ida-e-do-Retorno-Dgartes.png","@id":"https:\/\/www.binauralmedia.org\/news\/arquivo\/21642\/#mainImage","width":1200,"height":800},"primaryImageOfPage":{"@id":"https:\/\/www.binauralmedia.org\/news\/arquivo\/21642#mainImage"},"datePublished":"2024-07-12T14:21:24+00:00","dateModified":"2024-10-23T16:15:04+00:00"},{"@type":"WebSite","@id":"https:\/\/www.binauralmedia.org\/news\/#website","url":"https:\/\/www.binauralmedia.org\/news\/","name":"binauralmedia.org","description":"Rural Based Sound\/Media Arts & Social Research","inLanguage":"pt-PT","publisher":{"@id":"https:\/\/www.binauralmedia.org\/news\/#organization"}}]},"og:locale":"pt_PT","og:site_name":"binauralmedia.org - Rural Based Sound\/Media Arts &amp; Social Research","og:type":"article","og:title":"Mem\u00f3rias das migra\u00e7\u00f5es vouzelenses uma instala\u00e7\u00e3o audiovisual - binauralmedia.org","og:description":"ECOS DA IDA E DO RETORNO Mem\u00f3rias das Migra\u00e7\u00f5es Vouzelenses Instala\u00e7\u00e3o Audiovisual Laf\u00f5es Cult Lab (Vouzela) 19 julho \u2013 9 agosto 2024 Dias \u00fateis, das 9h30 \u00e0s 12h30 e das 14h30 \u00e0s 17h30 Uma coprodu\u00e7\u00e3o entre Binaural Nodar e o Munic\u00edpio de Vouzela Desde o final do s\u00e9culo XIX at\u00e9 \u00e0 atualidade, milh\u00f5es de portugueses","og:url":"https:\/\/www.binauralmedia.org\/news\/arquivo\/21642","article:published_time":"2024-07-12T14:21:24+00:00","article:modified_time":"2024-10-23T16:15:04+00:00","twitter:card":"summary_large_image","twitter:title":"Mem\u00f3rias das migra\u00e7\u00f5es vouzelenses uma instala\u00e7\u00e3o audiovisual - binauralmedia.org","twitter:description":"ECOS DA IDA E DO RETORNO Mem\u00f3rias das Migra\u00e7\u00f5es Vouzelenses Instala\u00e7\u00e3o Audiovisual Laf\u00f5es Cult Lab (Vouzela) 19 julho \u2013 9 agosto 2024 Dias \u00fateis, das 9h30 \u00e0s 12h30 e das 14h30 \u00e0s 17h30 Uma coprodu\u00e7\u00e3o entre Binaural Nodar e o Munic\u00edpio de Vouzela Desde o final do s\u00e9culo XIX at\u00e9 \u00e0 atualidade, milh\u00f5es de portugueses"},"aioseo_meta_data":{"post_id":"21642","title":null,"description":null,"keywords":null,"keyphrases":null,"primary_term":null,"canonical_url":null,"og_title":null,"og_description":null,"og_object_type":"default","og_image_type":"default","og_image_custom_url":null,"og_image_custom_fields":null,"og_image_url":null,"og_image_width":null,"og_image_height":null,"og_video":null,"og_custom_url":null,"og_article_section":null,"og_article_tags":null,"twitter_use_og":false,"twitter_card":"default","twitter_image_type":"default","twitter_image_custom_url":null,"twitter_image_custom_fields":null,"twitter_image_url":null,"twitter_title":null,"twitter_description":null,"schema_type":"default","schema_type_options":null,"schema":{"blockGraphs":[],"customGraphs":[],"default":{"data":{"Article":[],"Course":[],"Dataset":[],"FAQPage":[],"Movie":[],"Person":[],"Product":[],"ProductReview":[],"Car":[],"Recipe":[],"Service":[],"SoftwareApplication":[],"WebPage":[]},"graphName":"","isEnabled":true},"graphs":[]},"pillar_content":false,"robots_default":true,"robots_noindex":false,"robots_noarchive":false,"robots_nosnippet":false,"robots_nofollow":false,"robots_noimageindex":false,"robots_noodp":false,"robots_notranslate":false,"robots_max_snippet":null,"robots_max_videopreview":null,"robots_max_imagepreview":"large","priority":null,"frequency":null,"local_seo":null,"limit_modified_date":false,"ai":null,"breadcrumb_settings":null,"seo_analyzer_scan_date":null,"created":"2026-08-05 06:58:33","updated":"2026-08-05 06:58:33","focus_keyword":null,"additional_keywords":null,"truseo_locale":null},"aioseo_breadcrumb":"<div class=\"aioseo-breadcrumbs\"><span class=\"aioseo-breadcrumb\">\n\t\t\t<a href=\"https:\/\/www.binauralmedia.org\/news\" title=\"Home\">Home<\/a>\n\t\t<\/span><span class=\"aioseo-breadcrumb-separator\">&raquo;<\/span><span class=\"aioseo-breadcrumb\">\n\t\t\t<a href=\"https:\/\/www.binauralmedia.org\/news\/arquivo\/category\/news\" title=\"Not\u00edcias\">Not\u00edcias<\/a>\n\t\t<\/span><span class=\"aioseo-breadcrumb-separator\">&raquo;<\/span><span class=\"aioseo-breadcrumb\">\n\t\t\tMem\u00f3rias das migra\u00e7\u00f5es vouzelenses uma instala\u00e7\u00e3o audiovisual\n\t\t<\/span><\/div>","aioseo_breadcrumb_json":[{"label":"Home","link":"https:\/\/www.binauralmedia.org\/news"},{"label":"Not\u00edcias","link":"https:\/\/www.binauralmedia.org\/news\/arquivo\/category\/news"},{"label":"Mem\u00f3rias das migra\u00e7\u00f5es vouzelenses uma instala\u00e7\u00e3o audiovisual","link":"https:\/\/www.binauralmedia.org\/news\/arquivo\/21642"}],"_links":{"self":[{"href":"https:\/\/www.binauralmedia.org\/news\/wp-json\/wp\/v2\/posts\/21642","targetHints":{"allow":["GET"]}}],"collection":[{"href":"https:\/\/www.binauralmedia.org\/news\/wp-json\/wp\/v2\/posts"}],"about":[{"href":"https:\/\/www.binauralmedia.org\/news\/wp-json\/wp\/v2\/types\/post"}],"author":[{"embeddable":true,"href":"https:\/\/www.binauralmedia.org\/news\/wp-json\/wp\/v2\/users\/8"}],"replies":[{"embeddable":true,"href":"https:\/\/www.binauralmedia.org\/news\/wp-json\/wp\/v2\/comments?post=21642"}],"version-history":[{"count":4,"href":"https:\/\/www.binauralmedia.org\/news\/wp-json\/wp\/v2\/posts\/21642\/revisions"}],"predecessor-version":[{"id":22230,"href":"https:\/\/www.binauralmedia.org\/news\/wp-json\/wp\/v2\/posts\/21642\/revisions\/22230"}],"wp:featuredmedia":[{"embeddable":true,"href":"https:\/\/www.binauralmedia.org\/news\/wp-json\/wp\/v2\/media\/21643"}],"wp:attachment":[{"href":"https:\/\/www.binauralmedia.org\/news\/wp-json\/wp\/v2\/media?parent=21642"}],"wp:term":[{"taxonomy":"category","embeddable":true,"href":"https:\/\/www.binauralmedia.org\/news\/wp-json\/wp\/v2\/categories?post=21642"},{"taxonomy":"post_tag","embeddable":true,"href":"https:\/\/www.binauralmedia.org\/news\/wp-json\/wp\/v2\/tags?post=21642"}],"curies":[{"name":"wp","href":"https:\/\/api.w.org\/{rel}","templated":true}]}}