{"id":21533,"date":"2024-06-24T11:10:15","date_gmt":"2024-06-24T11:10:15","guid":{"rendered":"https:\/\/www.binauralmedia.org\/news?p=21533"},"modified":"2024-10-23T16:11:50","modified_gmt":"2024-10-23T16:11:50","slug":"evento-artistico-e-comunitario-em-vermilhas","status":"publish","type":"post","link":"https:\/\/www.binauralmedia.org\/news\/arquivo\/21533","title":{"rendered":"Evento art\u00edstico e comunit\u00e1rio em Vermilhas"},"content":{"rendered":"<div class=\"fusion-fullwidth fullwidth-box fusion-builder-row-1 fusion-flex-container nonhundred-percent-fullwidth non-hundred-percent-height-scrolling\" style=\"--awb-border-radius-top-left:0px;--awb-border-radius-top-right:0px;--awb-border-radius-bottom-right:0px;--awb-border-radius-bottom-left:0px;--awb-flex-wrap:wrap;\" ><div class=\"fusion-builder-row fusion-row fusion-flex-align-items-flex-start fusion-flex-content-wrap\" style=\"max-width:1144px;margin-left: calc(-4% \/ 2 );margin-right: calc(-4% \/ 2 );\"><div class=\"fusion-layout-column fusion_builder_column fusion-builder-column-0 fusion_builder_column_1_1 1_1 fusion-flex-column\" style=\"--awb-bg-size:cover;--awb-width-large:100%;--awb-margin-top-large:0px;--awb-spacing-right-large:1.92%;--awb-margin-bottom-large:0px;--awb-spacing-left-large:1.92%;--awb-width-medium:100%;--awb-spacing-right-medium:1.92%;--awb-spacing-left-medium:1.92%;--awb-width-small:100%;--awb-spacing-right-small:1.92%;--awb-spacing-left-small:1.92%;\"><div class=\"fusion-column-wrapper fusion-flex-justify-content-flex-start fusion-content-layout-column\"><div class=\"fusion-text fusion-text-1\"><p>O CANTAR DAS NASCENTES<br \/>\nEvento Art\u00edstico e Comunit\u00e1rio<br \/>\nS\u00e1bado, 29 de junho | 19h00<br \/>\nAldeia de Vermilhas (Vouzela)<\/p>\n<p>Ponto de encontro: Caf\u00e9 Flor da Serra (Vermilhas)<\/p>\n<p>Apresenta\u00e7\u00e3o de projetos art\u00edsticos de Mila Pani\u0107 (B\u00f3snia-Herzegovina), Christina Tsantekidou (Gr\u00e9cia) &amp; Daniel Lercher (\u00c1ustria).<\/p>\n<p>Exibi\u00e7\u00e3o de curtas-metragens &#8220;\u00c1gua Mole&#8221; de Laura Gon\u00e7alves e Alexandra Ramires e &#8220;Miseric\u00f3rdia&#8221; de Gon\u00e7alo Loureiro.<br \/>\nLanche comunit\u00e1rio (gratuito) e anima\u00e7\u00e3o.<\/p>\n<p>Uma organiza\u00e7\u00e3o da Binaural Nodar com apoio do Munic\u00edpio de Vouzela, Uni\u00e3o de Freguesias de Cambra e Carvalhal de Vermilhas e Associa\u00e7\u00e3o Recreativa e Cultural de Carvalhal de Vermilhas (Rancho Folcl\u00f3rico de Carvalhal de Vermilhas).<\/p>\n<p>Na sequ\u00eancia da primeira resid\u00eancia art\u00edstica do ciclo de resid\u00eancias art\u00edsticas &#8220;O cantar das nascentes&#8221;, cuja tem\u00e1tica \u00e9 a rela\u00e7\u00e3o ancestral das comunidades rurais com as formas vernaculares de gest\u00e3o da \u00e1gua, realizar-se-\u00e1 na aldeia de Vermilhas (Vouzela) um evento art\u00edstico e comunit\u00e1rio de apresenta\u00e7\u00e3o dos projetos art\u00edsticos realizados durante as \u00faltimas duas semanas por Mila Pani\u0107, Christina Tsantekidou e Daniel Lercher, incluindo tr\u00eas instala\u00e7\u00f5es sonoras, uma a\u00e7\u00e3o de performance coletiva e uma instala\u00e7\u00e3o fotogr\u00e1fica.<\/p>\n<p>Este evento contar\u00e1 com a parceria com o Cine Clube de Viseu, materializada na exibi\u00e7\u00e3o de duas curtas metragens que se relacionam com a tem\u00e1tica da resid\u00eancia art\u00edstica: &#8220;\u00c1gua Mole&#8221;, uma curta de anima\u00e7\u00e3o de Laura Gon\u00e7alves e Alexandra Ramires e &#8220;Miseric\u00f3rdia&#8221; uma curta de fic\u00e7\u00e3o de Gon\u00e7alo Loureiro, filmada nos concelhos de Vouzela e de Oliveira de Frades.<\/p>\n<p>A Binaural Nodar \u00e9 uma entidade cultural apoiada pela Rep\u00fablica Portuguesa &#8211; Cultura | Dire\u00e7\u00e3o-Geral das Artes.<\/p>\n<\/div><\/div><\/div><\/div><\/div>\n","protected":false},"excerpt":{"rendered":"","protected":false},"author":8,"featured_media":21534,"comment_status":"closed","ping_status":"closed","sticky":false,"template":"","format":"standard","meta":{"_acf_changed":false,"_bbp_topic_count":0,"_bbp_reply_count":0,"_bbp_total_topic_count":0,"_bbp_total_reply_count":0,"_bbp_voice_count":0,"_bbp_anonymous_reply_count":0,"_bbp_topic_count_hidden":0,"_bbp_reply_count_hidden":0,"_bbp_forum_subforum_count":0,"footnotes":""},"categories":[1,676],"tags":[],"class_list":["post-21533","post","type-post","status-publish","format-standard","has-post-thumbnail","hentry","category-news","category-artist-residencies"],"acf":[],"aioseo_notices":[],"aioseo_head":"\n\t\t<!-- All in One SEO 5.0.1.1 - aioseo.com -->\n\t<meta name=\"description\" content=\"O CANTAR DAS NASCENTES Evento Art\u00edstico e Comunit\u00e1rio S\u00e1bado, 29 de junho | 19h00 Aldeia de Vermilhas (Vouzela) Ponto de encontro: Caf\u00e9 Flor da Serra (Vermilhas) Apresenta\u00e7\u00e3o de projetos art\u00edsticos de Mila Pani\u0107 (B\u00f3snia-Herzegovina), Christina Tsantekidou (Gr\u00e9cia) &amp; Daniel Lercher (\u00c1ustria). Exibi\u00e7\u00e3o de curtas-metragens \u201c\u00c1gua Mole\u201d de Laura Gon\u00e7alves e Alexandra Ramires e \u201cMiseric\u00f3rdia\u201d de\" \/>\n\t<meta name=\"robots\" content=\"max-image-preview:large\" \/>\n\t<meta name=\"author\" content=\"Nely Ferreira\"\/>\n\t<link rel=\"canonical\" href=\"https:\/\/www.binauralmedia.org\/news\/arquivo\/21533\" \/>\n\t<meta name=\"generator\" content=\"All in One SEO (AIOSEO) 5.0.1.1\" \/>\n\t\t<meta property=\"og:locale\" content=\"pt_PT\" \/>\n\t\t<meta property=\"og:site_name\" content=\"binauralmedia.org - Rural Based Sound\/Media Arts &amp; Social Research\" \/>\n\t\t<meta property=\"og:type\" content=\"article\" \/>\n\t\t<meta property=\"og:title\" content=\"Evento art\u00edstico e comunit\u00e1rio em Vermilhas - binauralmedia.org\" \/>\n\t\t<meta property=\"og:description\" content=\"O CANTAR DAS NASCENTES Evento Art\u00edstico e Comunit\u00e1rio S\u00e1bado, 29 de junho | 19h00 Aldeia de Vermilhas (Vouzela) Ponto de encontro: Caf\u00e9 Flor da Serra (Vermilhas) Apresenta\u00e7\u00e3o de projetos art\u00edsticos de Mila Pani\u0107 (B\u00f3snia-Herzegovina), Christina Tsantekidou (Gr\u00e9cia) &amp; Daniel Lercher (\u00c1ustria). Exibi\u00e7\u00e3o de curtas-metragens \u201c\u00c1gua Mole\u201d de Laura Gon\u00e7alves e Alexandra Ramires e \u201cMiseric\u00f3rdia\u201d de\" \/>\n\t\t<meta property=\"og:url\" content=\"https:\/\/www.binauralmedia.org\/news\/arquivo\/21533\" \/>\n\t\t<meta property=\"article:published_time\" content=\"2024-06-24T11:10:15+00:00\" \/>\n\t\t<meta property=\"article:modified_time\" content=\"2024-10-23T16:11:50+00:00\" \/>\n\t\t<meta name=\"twitter:card\" content=\"summary_large_image\" \/>\n\t\t<meta name=\"twitter:title\" content=\"Evento art\u00edstico e comunit\u00e1rio em Vermilhas - binauralmedia.org\" \/>\n\t\t<meta name=\"twitter:description\" content=\"O CANTAR DAS NASCENTES Evento Art\u00edstico e Comunit\u00e1rio S\u00e1bado, 29 de junho | 19h00 Aldeia de Vermilhas (Vouzela) Ponto de encontro: Caf\u00e9 Flor da Serra (Vermilhas) Apresenta\u00e7\u00e3o de projetos art\u00edsticos de Mila Pani\u0107 (B\u00f3snia-Herzegovina), Christina Tsantekidou (Gr\u00e9cia) &amp; Daniel Lercher (\u00c1ustria). Exibi\u00e7\u00e3o de curtas-metragens \u201c\u00c1gua Mole\u201d de Laura Gon\u00e7alves e Alexandra Ramires e \u201cMiseric\u00f3rdia\u201d de\" \/>\n\t\t<script type=\"application\/ld+json\" class=\"aioseo-schema\">\n\t\t\t{\"@context\":\"https:\\\/\\\/schema.org\",\"@graph\":[{\"@type\":\"BlogPosting\",\"@id\":\"https:\\\/\\\/www.binauralmedia.org\\\/news\\\/arquivo\\\/21533#blogposting\",\"name\":\"Evento art\\u00edstico e comunit\\u00e1rio em Vermilhas - binauralmedia.org\",\"headline\":\"Evento art\\u00edstico e comunit\\u00e1rio em Vermilhas\",\"author\":{\"@id\":\"https:\\\/\\\/www.binauralmedia.org\\\/news\\\/arquivo\\\/author\\\/nelyferreira#author\"},\"publisher\":{\"@id\":\"https:\\\/\\\/www.binauralmedia.org\\\/news\\\/#organization\"},\"image\":{\"@type\":\"ImageObject\",\"url\":\"https:\\\/\\\/www.binauralmedia.org\\\/news\\\/wp-content\\\/uploads\\\/20240621-Residencia-O-Cantar-das-Nascentes-Carvalhal-de-Vermilhas-Vouzela-P1530560.png\",\"width\":1200,\"height\":800},\"datePublished\":\"2024-06-24T11:10:15+00:00\",\"dateModified\":\"2024-10-23T16:11:50+00:00\",\"inLanguage\":\"pt-PT\",\"mainEntityOfPage\":{\"@id\":\"https:\\\/\\\/www.binauralmedia.org\\\/news\\\/arquivo\\\/21533#webpage\"},\"isPartOf\":{\"@id\":\"https:\\\/\\\/www.binauralmedia.org\\\/news\\\/arquivo\\\/21533#webpage\"},\"articleSection\":\"Not\\u00edcias, Resid\\u00eancias Art\\u00edsticas, Opcional\"},{\"@type\":\"BreadcrumbList\",\"@id\":\"https:\\\/\\\/www.binauralmedia.org\\\/news\\\/arquivo\\\/21533#breadcrumblist\",\"itemListElement\":[{\"@type\":\"ListItem\",\"@id\":\"https:\\\/\\\/www.binauralmedia.org\\\/news#listItem\",\"position\":1,\"name\":\"Home\",\"item\":\"https:\\\/\\\/www.binauralmedia.org\\\/news\",\"nextItem\":{\"@type\":\"ListItem\",\"@id\":\"https:\\\/\\\/www.binauralmedia.org\\\/news\\\/arquivo\\\/category\\\/news#listItem\",\"name\":\"Not\\u00edcias\"}},{\"@type\":\"ListItem\",\"@id\":\"https:\\\/\\\/www.binauralmedia.org\\\/news\\\/arquivo\\\/category\\\/news#listItem\",\"position\":2,\"name\":\"Not\\u00edcias\",\"item\":\"https:\\\/\\\/www.binauralmedia.org\\\/news\\\/arquivo\\\/category\\\/news\",\"nextItem\":{\"@type\":\"ListItem\",\"@id\":\"https:\\\/\\\/www.binauralmedia.org\\\/news\\\/arquivo\\\/21533#listItem\",\"name\":\"Evento art\\u00edstico e comunit\\u00e1rio em Vermilhas\"},\"previousItem\":{\"@type\":\"ListItem\",\"@id\":\"https:\\\/\\\/www.binauralmedia.org\\\/news#listItem\",\"name\":\"Home\"}},{\"@type\":\"ListItem\",\"@id\":\"https:\\\/\\\/www.binauralmedia.org\\\/news\\\/arquivo\\\/21533#listItem\",\"position\":3,\"name\":\"Evento art\\u00edstico e comunit\\u00e1rio em Vermilhas\",\"previousItem\":{\"@type\":\"ListItem\",\"@id\":\"https:\\\/\\\/www.binauralmedia.org\\\/news\\\/arquivo\\\/category\\\/news#listItem\",\"name\":\"Not\\u00edcias\"}}]},{\"@type\":\"Organization\",\"@id\":\"https:\\\/\\\/www.binauralmedia.org\\\/news\\\/#organization\",\"name\":\"binauralmedia.org\",\"description\":\"Rural Based Sound\\\/Media Arts & Social Research\",\"url\":\"https:\\\/\\\/www.binauralmedia.org\\\/news\\\/\"},{\"@type\":\"Person\",\"@id\":\"https:\\\/\\\/www.binauralmedia.org\\\/news\\\/arquivo\\\/author\\\/nelyferreira#author\",\"url\":\"https:\\\/\\\/www.binauralmedia.org\\\/news\\\/arquivo\\\/author\\\/nelyferreira\",\"name\":\"Nely Ferreira\"},{\"@type\":\"WebPage\",\"@id\":\"https:\\\/\\\/www.binauralmedia.org\\\/news\\\/arquivo\\\/21533#webpage\",\"url\":\"https:\\\/\\\/www.binauralmedia.org\\\/news\\\/arquivo\\\/21533\",\"name\":\"Evento art\\u00edstico e comunit\\u00e1rio em Vermilhas - binauralmedia.org\",\"description\":\"O CANTAR DAS NASCENTES Evento Art\\u00edstico e Comunit\\u00e1rio S\\u00e1bado, 29 de junho | 19h00 Aldeia de Vermilhas (Vouzela) Ponto de encontro: Caf\\u00e9 Flor da Serra (Vermilhas) Apresenta\\u00e7\\u00e3o de projetos art\\u00edsticos de Mila Pani\\u0107 (B\\u00f3snia-Herzegovina), Christina Tsantekidou (Gr\\u00e9cia) & Daniel Lercher (\\u00c1ustria). Exibi\\u00e7\\u00e3o de curtas-metragens \\u201c\\u00c1gua Mole\\u201d de Laura Gon\\u00e7alves e Alexandra Ramires e \\u201cMiseric\\u00f3rdia\\u201d de\",\"inLanguage\":\"pt-PT\",\"isPartOf\":{\"@id\":\"https:\\\/\\\/www.binauralmedia.org\\\/news\\\/#website\"},\"breadcrumb\":{\"@id\":\"https:\\\/\\\/www.binauralmedia.org\\\/news\\\/arquivo\\\/21533#breadcrumblist\"},\"author\":{\"@id\":\"https:\\\/\\\/www.binauralmedia.org\\\/news\\\/arquivo\\\/author\\\/nelyferreira#author\"},\"creator\":{\"@id\":\"https:\\\/\\\/www.binauralmedia.org\\\/news\\\/arquivo\\\/author\\\/nelyferreira#author\"},\"image\":{\"@type\":\"ImageObject\",\"url\":\"https:\\\/\\\/www.binauralmedia.org\\\/news\\\/wp-content\\\/uploads\\\/20240621-Residencia-O-Cantar-das-Nascentes-Carvalhal-de-Vermilhas-Vouzela-P1530560.png\",\"@id\":\"https:\\\/\\\/www.binauralmedia.org\\\/news\\\/arquivo\\\/21533\\\/#mainImage\",\"width\":1200,\"height\":800},\"primaryImageOfPage\":{\"@id\":\"https:\\\/\\\/www.binauralmedia.org\\\/news\\\/arquivo\\\/21533#mainImage\"},\"datePublished\":\"2024-06-24T11:10:15+00:00\",\"dateModified\":\"2024-10-23T16:11:50+00:00\"},{\"@type\":\"WebSite\",\"@id\":\"https:\\\/\\\/www.binauralmedia.org\\\/news\\\/#website\",\"url\":\"https:\\\/\\\/www.binauralmedia.org\\\/news\\\/\",\"name\":\"binauralmedia.org\",\"description\":\"Rural Based Sound\\\/Media Arts & Social Research\",\"inLanguage\":\"pt-PT\",\"publisher\":{\"@id\":\"https:\\\/\\\/www.binauralmedia.org\\\/news\\\/#organization\"}}]}\n\t\t<\/script>\n\t\t<!-- All in One SEO -->\n\n","aioseo_head_json":{"title":"Evento art\u00edstico e comunit\u00e1rio em Vermilhas - binauralmedia.org","description":"O CANTAR DAS NASCENTES Evento Art\u00edstico e Comunit\u00e1rio S\u00e1bado, 29 de junho | 19h00 Aldeia de Vermilhas (Vouzela) Ponto de encontro: Caf\u00e9 Flor da Serra (Vermilhas) Apresenta\u00e7\u00e3o de projetos art\u00edsticos de Mila Pani\u0107 (B\u00f3snia-Herzegovina), Christina Tsantekidou (Gr\u00e9cia) & Daniel Lercher (\u00c1ustria). Exibi\u00e7\u00e3o de curtas-metragens \u201c\u00c1gua Mole\u201d de Laura Gon\u00e7alves e Alexandra Ramires e \u201cMiseric\u00f3rdia\u201d de","canonical_url":"https:\/\/www.binauralmedia.org\/news\/arquivo\/21533","robots":"max-image-preview:large","keywords":"","webmasterTools":{"miscellaneous":""},"schema":{"@context":"https:\/\/schema.org","@graph":[{"@type":"BlogPosting","@id":"https:\/\/www.binauralmedia.org\/news\/arquivo\/21533#blogposting","name":"Evento art\u00edstico e comunit\u00e1rio em Vermilhas - binauralmedia.org","headline":"Evento art\u00edstico e comunit\u00e1rio em Vermilhas","author":{"@id":"https:\/\/www.binauralmedia.org\/news\/arquivo\/author\/nelyferreira#author"},"publisher":{"@id":"https:\/\/www.binauralmedia.org\/news\/#organization"},"image":{"@type":"ImageObject","url":"https:\/\/www.binauralmedia.org\/news\/wp-content\/uploads\/20240621-Residencia-O-Cantar-das-Nascentes-Carvalhal-de-Vermilhas-Vouzela-P1530560.png","width":1200,"height":800},"datePublished":"2024-06-24T11:10:15+00:00","dateModified":"2024-10-23T16:11:50+00:00","inLanguage":"pt-PT","mainEntityOfPage":{"@id":"https:\/\/www.binauralmedia.org\/news\/arquivo\/21533#webpage"},"isPartOf":{"@id":"https:\/\/www.binauralmedia.org\/news\/arquivo\/21533#webpage"},"articleSection":"Not\u00edcias, Resid\u00eancias Art\u00edsticas, Opcional"},{"@type":"BreadcrumbList","@id":"https:\/\/www.binauralmedia.org\/news\/arquivo\/21533#breadcrumblist","itemListElement":[{"@type":"ListItem","@id":"https:\/\/www.binauralmedia.org\/news#listItem","position":1,"name":"Home","item":"https:\/\/www.binauralmedia.org\/news","nextItem":{"@type":"ListItem","@id":"https:\/\/www.binauralmedia.org\/news\/arquivo\/category\/news#listItem","name":"Not\u00edcias"}},{"@type":"ListItem","@id":"https:\/\/www.binauralmedia.org\/news\/arquivo\/category\/news#listItem","position":2,"name":"Not\u00edcias","item":"https:\/\/www.binauralmedia.org\/news\/arquivo\/category\/news","nextItem":{"@type":"ListItem","@id":"https:\/\/www.binauralmedia.org\/news\/arquivo\/21533#listItem","name":"Evento art\u00edstico e comunit\u00e1rio em Vermilhas"},"previousItem":{"@type":"ListItem","@id":"https:\/\/www.binauralmedia.org\/news#listItem","name":"Home"}},{"@type":"ListItem","@id":"https:\/\/www.binauralmedia.org\/news\/arquivo\/21533#listItem","position":3,"name":"Evento art\u00edstico e comunit\u00e1rio em Vermilhas","previousItem":{"@type":"ListItem","@id":"https:\/\/www.binauralmedia.org\/news\/arquivo\/category\/news#listItem","name":"Not\u00edcias"}}]},{"@type":"Organization","@id":"https:\/\/www.binauralmedia.org\/news\/#organization","name":"binauralmedia.org","description":"Rural Based Sound\/Media Arts & Social Research","url":"https:\/\/www.binauralmedia.org\/news\/"},{"@type":"Person","@id":"https:\/\/www.binauralmedia.org\/news\/arquivo\/author\/nelyferreira#author","url":"https:\/\/www.binauralmedia.org\/news\/arquivo\/author\/nelyferreira","name":"Nely Ferreira"},{"@type":"WebPage","@id":"https:\/\/www.binauralmedia.org\/news\/arquivo\/21533#webpage","url":"https:\/\/www.binauralmedia.org\/news\/arquivo\/21533","name":"Evento art\u00edstico e comunit\u00e1rio em Vermilhas - binauralmedia.org","description":"O CANTAR DAS NASCENTES Evento Art\u00edstico e Comunit\u00e1rio S\u00e1bado, 29 de junho | 19h00 Aldeia de Vermilhas (Vouzela) Ponto de encontro: Caf\u00e9 Flor da Serra (Vermilhas) Apresenta\u00e7\u00e3o de projetos art\u00edsticos de Mila Pani\u0107 (B\u00f3snia-Herzegovina), Christina Tsantekidou (Gr\u00e9cia) & Daniel Lercher (\u00c1ustria). Exibi\u00e7\u00e3o de curtas-metragens \u201c\u00c1gua Mole\u201d de Laura Gon\u00e7alves e Alexandra Ramires e \u201cMiseric\u00f3rdia\u201d de","inLanguage":"pt-PT","isPartOf":{"@id":"https:\/\/www.binauralmedia.org\/news\/#website"},"breadcrumb":{"@id":"https:\/\/www.binauralmedia.org\/news\/arquivo\/21533#breadcrumblist"},"author":{"@id":"https:\/\/www.binauralmedia.org\/news\/arquivo\/author\/nelyferreira#author"},"creator":{"@id":"https:\/\/www.binauralmedia.org\/news\/arquivo\/author\/nelyferreira#author"},"image":{"@type":"ImageObject","url":"https:\/\/www.binauralmedia.org\/news\/wp-content\/uploads\/20240621-Residencia-O-Cantar-das-Nascentes-Carvalhal-de-Vermilhas-Vouzela-P1530560.png","@id":"https:\/\/www.binauralmedia.org\/news\/arquivo\/21533\/#mainImage","width":1200,"height":800},"primaryImageOfPage":{"@id":"https:\/\/www.binauralmedia.org\/news\/arquivo\/21533#mainImage"},"datePublished":"2024-06-24T11:10:15+00:00","dateModified":"2024-10-23T16:11:50+00:00"},{"@type":"WebSite","@id":"https:\/\/www.binauralmedia.org\/news\/#website","url":"https:\/\/www.binauralmedia.org\/news\/","name":"binauralmedia.org","description":"Rural Based Sound\/Media Arts & Social Research","inLanguage":"pt-PT","publisher":{"@id":"https:\/\/www.binauralmedia.org\/news\/#organization"}}]},"og:locale":"pt_PT","og:site_name":"binauralmedia.org - Rural Based Sound\/Media Arts &amp; Social Research","og:type":"article","og:title":"Evento art\u00edstico e comunit\u00e1rio em Vermilhas - binauralmedia.org","og:description":"O CANTAR DAS NASCENTES Evento Art\u00edstico e Comunit\u00e1rio S\u00e1bado, 29 de junho | 19h00 Aldeia de Vermilhas (Vouzela) Ponto de encontro: Caf\u00e9 Flor da Serra (Vermilhas) Apresenta\u00e7\u00e3o de projetos art\u00edsticos de Mila Pani\u0107 (B\u00f3snia-Herzegovina), Christina Tsantekidou (Gr\u00e9cia) &amp; Daniel Lercher (\u00c1ustria). Exibi\u00e7\u00e3o de curtas-metragens \u201c\u00c1gua Mole\u201d de Laura Gon\u00e7alves e Alexandra Ramires e \u201cMiseric\u00f3rdia\u201d de","og:url":"https:\/\/www.binauralmedia.org\/news\/arquivo\/21533","article:published_time":"2024-06-24T11:10:15+00:00","article:modified_time":"2024-10-23T16:11:50+00:00","twitter:card":"summary_large_image","twitter:title":"Evento art\u00edstico e comunit\u00e1rio em Vermilhas - binauralmedia.org","twitter:description":"O CANTAR DAS NASCENTES Evento Art\u00edstico e Comunit\u00e1rio S\u00e1bado, 29 de junho | 19h00 Aldeia de Vermilhas (Vouzela) Ponto de encontro: Caf\u00e9 Flor da Serra (Vermilhas) Apresenta\u00e7\u00e3o de projetos art\u00edsticos de Mila Pani\u0107 (B\u00f3snia-Herzegovina), Christina Tsantekidou (Gr\u00e9cia) &amp; Daniel Lercher (\u00c1ustria). Exibi\u00e7\u00e3o de curtas-metragens \u201c\u00c1gua Mole\u201d de Laura Gon\u00e7alves e Alexandra Ramires e \u201cMiseric\u00f3rdia\u201d de"},"aioseo_meta_data":{"post_id":"21533","title":null,"description":null,"keywords":null,"keyphrases":null,"primary_term":null,"canonical_url":null,"og_title":null,"og_description":null,"og_object_type":"default","og_image_type":"default","og_image_custom_url":null,"og_image_custom_fields":null,"og_image_url":null,"og_image_width":null,"og_image_height":null,"og_video":null,"og_custom_url":null,"og_article_section":null,"og_article_tags":null,"twitter_use_og":false,"twitter_card":"default","twitter_image_type":"default","twitter_image_custom_url":null,"twitter_image_custom_fields":null,"twitter_image_url":null,"twitter_title":null,"twitter_description":null,"schema_type":"default","schema_type_options":null,"schema":{"blockGraphs":[],"customGraphs":[],"default":{"data":{"Article":[],"Course":[],"Dataset":[],"FAQPage":[],"Movie":[],"Person":[],"Product":[],"ProductReview":[],"Car":[],"Recipe":[],"Service":[],"SoftwareApplication":[],"WebPage":[]},"graphName":"","isEnabled":true},"graphs":[]},"pillar_content":false,"robots_default":true,"robots_noindex":false,"robots_noarchive":false,"robots_nosnippet":false,"robots_nofollow":false,"robots_noimageindex":false,"robots_noodp":false,"robots_notranslate":false,"robots_max_snippet":null,"robots_max_videopreview":null,"robots_max_imagepreview":"large","priority":null,"frequency":null,"local_seo":null,"limit_modified_date":false,"ai":null,"breadcrumb_settings":null,"seo_analyzer_scan_date":null,"created":"2026-08-05 06:57:19","updated":"2026-08-05 06:57:19","focus_keyword":null,"additional_keywords":null,"truseo_locale":null},"aioseo_breadcrumb":"<div class=\"aioseo-breadcrumbs\"><span class=\"aioseo-breadcrumb\">\n\t\t\t<a href=\"https:\/\/www.binauralmedia.org\/news\" title=\"Home\">Home<\/a>\n\t\t<\/span><span class=\"aioseo-breadcrumb-separator\">&raquo;<\/span><span class=\"aioseo-breadcrumb\">\n\t\t\t<a href=\"https:\/\/www.binauralmedia.org\/news\/arquivo\/category\/news\" title=\"Not\u00edcias\">Not\u00edcias<\/a>\n\t\t<\/span><span class=\"aioseo-breadcrumb-separator\">&raquo;<\/span><span class=\"aioseo-breadcrumb\">\n\t\t\tEvento art\u00edstico e comunit\u00e1rio em Vermilhas\n\t\t<\/span><\/div>","aioseo_breadcrumb_json":[{"label":"Home","link":"https:\/\/www.binauralmedia.org\/news"},{"label":"Not\u00edcias","link":"https:\/\/www.binauralmedia.org\/news\/arquivo\/category\/news"},{"label":"Evento art\u00edstico e comunit\u00e1rio em Vermilhas","link":"https:\/\/www.binauralmedia.org\/news\/arquivo\/21533"}],"_links":{"self":[{"href":"https:\/\/www.binauralmedia.org\/news\/wp-json\/wp\/v2\/posts\/21533","targetHints":{"allow":["GET"]}}],"collection":[{"href":"https:\/\/www.binauralmedia.org\/news\/wp-json\/wp\/v2\/posts"}],"about":[{"href":"https:\/\/www.binauralmedia.org\/news\/wp-json\/wp\/v2\/types\/post"}],"author":[{"embeddable":true,"href":"https:\/\/www.binauralmedia.org\/news\/wp-json\/wp\/v2\/users\/8"}],"replies":[{"embeddable":true,"href":"https:\/\/www.binauralmedia.org\/news\/wp-json\/wp\/v2\/comments?post=21533"}],"version-history":[{"count":3,"href":"https:\/\/www.binauralmedia.org\/news\/wp-json\/wp\/v2\/posts\/21533\/revisions"}],"predecessor-version":[{"id":22222,"href":"https:\/\/www.binauralmedia.org\/news\/wp-json\/wp\/v2\/posts\/21533\/revisions\/22222"}],"wp:featuredmedia":[{"embeddable":true,"href":"https:\/\/www.binauralmedia.org\/news\/wp-json\/wp\/v2\/media\/21534"}],"wp:attachment":[{"href":"https:\/\/www.binauralmedia.org\/news\/wp-json\/wp\/v2\/media?parent=21533"}],"wp:term":[{"taxonomy":"category","embeddable":true,"href":"https:\/\/www.binauralmedia.org\/news\/wp-json\/wp\/v2\/categories?post=21533"},{"taxonomy":"post_tag","embeddable":true,"href":"https:\/\/www.binauralmedia.org\/news\/wp-json\/wp\/v2\/tags?post=21533"}],"curies":[{"name":"wp","href":"https:\/\/api.w.org\/{rel}","templated":true}]}}