{"id":21,"date":"2006-09-10T22:28:42","date_gmt":"2006-09-10T22:28:42","guid":{"rendered":"http:\/\/www.binauralmedia.org\/news\/archives\/21\/langswitch_lang\/im"},"modified":"2023-05-17T14:00:32","modified_gmt":"2023-05-17T14:00:32","slug":"nodar-pushing-the-medium-2-nodar-pushing-the-medium-2","status":"publish","type":"post","link":"https:\/\/www.binauralmedia.org\/news\/arquivo\/21","title":{"rendered":"Simp\u00f3sio internacional Pushing the Medium #2 em Nodar, Viseu e Guarda"},"content":{"rendered":"<div class=\"fusion-fullwidth fullwidth-box fusion-builder-row-1 fusion-flex-container nonhundred-percent-fullwidth non-hundred-percent-height-scrolling\" style=\"--awb-border-radius-top-left:0px;--awb-border-radius-top-right:0px;--awb-border-radius-bottom-right:0px;--awb-border-radius-bottom-left:0px;--awb-flex-wrap:wrap;\" ><div class=\"fusion-builder-row fusion-row fusion-flex-align-items-flex-start fusion-flex-content-wrap\" style=\"max-width:1144px;margin-left: calc(-4% \/ 2 );margin-right: calc(-4% \/ 2 );\"><div class=\"fusion-layout-column fusion_builder_column fusion-builder-column-0 fusion_builder_column_1_1 1_1 fusion-flex-column\" style=\"--awb-bg-size:cover;--awb-width-large:100%;--awb-margin-top-large:0px;--awb-spacing-right-large:1.92%;--awb-margin-bottom-large:0px;--awb-spacing-left-large:1.92%;--awb-width-medium:100%;--awb-spacing-right-medium:1.92%;--awb-spacing-left-medium:1.92%;--awb-width-small:100%;--awb-spacing-right-small:1.92%;--awb-spacing-left-small:1.92%;\"><div class=\"fusion-column-wrapper fusion-flex-justify-content-flex-start fusion-content-layout-column\"><div class=\"fusion-text fusion-text-1\"><p><strong>SIMP\u00d3SIO PUSHING THE MEDIUM #2<\/strong><br \/>\n15 a 24 de Setembro 2006<br \/>\nNodar (S\u00e3o Pedro do Sul), Viseu e Guarda<\/p>\n<p>Um evento organizado pela Binaural Nodar em parceria com A Binaural Nodar com Moks (Est\u00f3nia) e Stazione di Topol\u00f2 (It\u00e1lia)<\/p>\n<p>O Simp\u00f3sio &#8220;PUSHING THE MEDIUM #2&#8221; (PTM #2) \u00e9 uma iniciativa que re\u00fane um conjunto internacional de artistas sonoros, visuais e ligados aos &#8220;new media&#8221; que se realiza em Nodar, S. Pedro do Sul, entre os dias 15 e 24 de Setembro. Atrav\u00e9s deste evento procuramos desafiar artistas de v\u00e1rias \u00e1reas e proveni\u00eancias, investigadores sociais e outros participantes, a pensar, questionar e interagir com o LUGAR \u2013 a paisagem, a aldeia, o habitat social&#8230; &#8211; como material primeiro de trabalho, atrav\u00e9s de debates, interven\u00e7\u00f5es criativas e colabora\u00e7\u00f5es art\u00edsticas.<\/p>\n<p>Esta segunda edi\u00e7\u00e3o do simp\u00f3sio \u00e9 um convite para aproximar a pr\u00e1tica e a reflex\u00e3o art\u00edstica contempor\u00e2nea ao espa\u00e7o rural, contribuindo assim para a valoriza\u00e7\u00e3o do espa\u00e7o comunit\u00e1rio de Nodar e entendendo a qualidade da dinamiza\u00e7\u00e3o e do desenvolvimento cultural em zonas rurais como quest\u00e3o fundamental e emergente.<\/p>\n<p>O evento inclui apresenta\u00e7\u00f5es p\u00fablicas no espa\u00e7o de Nodar e ainda nas cidades da Guarda e de Viseu, procurando estabelecer pontes e parcerias com projectos e institui\u00e7\u00f5es que partilham a id\u00eantica motiva\u00e7\u00e3o de intervir e investir social e culturalmente em regi\u00f5es mais desfavorecidas.<\/p>\n<p><strong>AC\u00c7\u00d5ES, PERFORMANCES, CONCERTOS<\/strong><br \/>\nO programa do simp\u00f3sio re\u00fane o desenvolvimento de projectos de curta- dura\u00e7\u00e3o realizados na aldeia de Nodar e eventos performativos nas cidades da Guarda e de Viseu, nos espa\u00e7os do Teatro Municipal da Guarda e do Audit\u00f3rio do Instituto Portugu\u00eas da Juventude de Viseu. No fim de semana que culmina o Simp\u00f3sio, haver\u00e1 instala\u00e7\u00f5es, ac\u00e7\u00f5es e interven\u00e7\u00f5es art\u00edsticas no espa\u00e7o envolvente da aldeia de Nodar. Os visitantes ter\u00e3o a possibilidade de circular e descobrir a comunidade de Nodar e alguns dos trabalhos desenvolvidos, sob a forma de instala\u00e7\u00f5es e performances.<\/p>\n<p><strong>CONFER\u00caNCIAS (Escola Superior de Tecnologia de Viseu)<\/strong><br \/>\nPTM #2 pretende promover o conhecimento e o debate atrav\u00e9s de uma s\u00e9rie de apresenta\u00e7\u00f5es por parte dos participantes envolvidos no evento, focadas tanto no dom\u00ednio do projecto realizado em Nodar como tamb\u00e9m das experi\u00eancias e projectos anteriores. \u00c9 objectivo das confer\u00eancias divulgar localmente, nomeadamente ao p\u00fablico jovem universit\u00e1rio, o enquadramento da iniciativa, o percurso e motiva\u00e7\u00e3o dos artistas. As quest\u00f5es a explorar tratam da rela\u00e7\u00e3o entre pr\u00e1tica art\u00edstica e espa\u00e7o rural, entre a ideia de \u201csite- specific\u201d e tecnologia, entre processo criativo e habitat \/ comunidade.<\/p>\n<p><strong>ORGANIZA\u00c7\u00c3O, PARCERIAS E APOIOS<\/strong><br \/>\nPTM #2 \u00e9 uma organiza\u00e7\u00e3o da Binaural Nodar, uma associa\u00e7\u00e3o cultural que desde 2004 produz e desenvolve actividades. A Binaural Nodar \u00e9 uma associa\u00e7\u00e3o sem fins lucrativos dedicada \u00e0 coopera\u00e7\u00e3o local e internacional nos dom\u00ednios da pesquisa art\u00edstica, social e ambiental e est\u00e1 conectada em parceria com organiza\u00e7\u00f5es internacionais com prop\u00f3sitos similares \u2013 Moks (Est\u00f3nia) e Stazione de Topol\u00f2 (It\u00e1lia).<\/p>\n<p>A edi\u00e7\u00e3o de 2006 do PTM conta com o fundamental apoio financeiro do Instituto das Artes \/ Minist\u00e9rio da Cultura.<\/p>\n<p>Outro apoio relevante \u00e9 o da Funda\u00e7\u00e3o Portugal Telecom. Em parceria com a Binaural Nodar, estar\u00e1 no concelho de S. Pedro do Sul, a partir do dia 15 de Setembro o autocarro &#8220;A internet chega at\u00e9 si&#8221;, o qual se destina a senzibilizar a popula\u00e7\u00e3o jovem (mas n\u00e3o n\u00e3o s\u00f3) de zonas rurais para as novas tecnologias de informa\u00e7\u00e3o.<br \/>\nDurante a presen\u00e7a do autocarro no Concelho de S. Pedro do Sul, para al\u00e9m de forma\u00e7\u00e3o b\u00e1sica em internet, a equipa da Binaural sensibilizar\u00e1 os jovens para as artes multim\u00e9dia, atrav\u00e9s da realiza\u00e7\u00e3o de pequenos exerc\u00edcios de capta\u00e7\u00e3o e edi\u00e7\u00e3o de som e imagem.<\/p>\n<p><strong>ARTISTAS PARTICIPANTES NO SIMP\u00d3SIO<\/strong><\/p>\n<p>Klaus Filip (\u00c1ustria)<br \/>\nJohn Grzinich (EUA \/ Est\u00f3nia)<br \/>\nAntonio della Marina (It\u00e1lia)<br \/>\nMaksim Shentelev (Let\u00f3nia)<br \/>\nPablo Rega \/ Oscar de Paz (Espanha)<br \/>\nIngrid Quiroga \/ Cristina Tasc\u00f3n (Espanha)<br \/>\nSilvia Zayas (Espanha)<br \/>\nRoi Fern\u00e1ndez (Espanha)<br \/>\nI\u00f1aki R\u00edos \/ Nati Plasencia (Espanha)<br \/>\n@C: Pedro Tudela \/ Miguel Carvalhais (Portugal)<br \/>\nPaulo Raposo (Portugal)<br \/>\nRui Costa (Portugal)<br \/>\nAndr\u00e9 Gon\u00e7alves (Portugal)<\/p>\n<p><strong>FICHA T\u00c9CNICA<\/strong><\/p>\n<p>ORGANIZA\u00c7\u00c3O<br \/>\nBinaural Nodar, em colabora\u00e7\u00e3o com Moks (Est\u00f3nia) e Stazione di Topol\u00f2 (It\u00e1lia)<\/p>\n<p>DIRE\u00c7\u00c3O<br \/>\nCoordena\u00e7\u00e3o Geral e Dire\u00e7\u00e3o de Produ\u00e7\u00e3o &#8211; Lu\u00eds Costa<br \/>\nDirec\u00e7\u00e3o Art\u00edstica &#8211; Paulo Raposo<br \/>\nDirec\u00e7\u00e3o T\u00e9cnica &#8211; Rui Costa<\/p>\n<p>PRODU\u00c7\u00c3O<br \/>\nMarta Fonseca<br \/>\nManuela Barile<br \/>\nKrista Dragomer<br \/>\nKurt Korthals<br \/>\nAd\u00e1n Santiago<\/p>\n<p>FINANCIAMENTO<br \/>\nInstituto das Artes \/ Minist\u00e9rio da Cultura<\/p>\n<p>APOIOS<br \/>\nFunda\u00e7\u00e3o Portugal Telecom<br \/>\nInstituto Cervantes de Lisboa<br \/>\nTeatro Municipal da Guarda<br \/>\nEscola Superior de Tecnologia de Viseu<br \/>\nInstituto Portugu\u00eas da Juventude de Viseu<br \/>\nMoks, Est\u00f3nia<\/p>\n<\/div><\/div><\/div><\/div><\/div>\n","protected":false},"excerpt":{"rendered":"","protected":false},"author":2,"featured_media":17001,"comment_status":"open","ping_status":"closed","sticky":false,"template":"","format":"standard","meta":{"_acf_changed":false,"_bbp_topic_count":0,"_bbp_reply_count":0,"_bbp_total_topic_count":0,"_bbp_total_reply_count":0,"_bbp_voice_count":0,"_bbp_anonymous_reply_count":0,"_bbp_topic_count_hidden":0,"_bbp_reply_count_hidden":0,"_bbp_forum_subforum_count":0,"footnotes":""},"categories":[1,1160],"tags":[],"class_list":["post-21","post","type-post","status-publish","format-standard","has-post-thumbnail","hentry","category-news","category-symposiums-festivals"],"acf":[],"aioseo_notices":[],"aioseo_head":"\n\t\t<!-- All in One SEO 5.0.1.1 - aioseo.com -->\n\t<meta name=\"description\" content=\"SIMP\u00d3SIO PUSHING THE MEDIUM #2 15 a 24 de Setembro 2006 Nodar (S\u00e3o Pedro do Sul), Viseu e Guarda Um evento organizado pela Binaural Nodar em parceria com A Binaural Nodar com Moks (Est\u00f3nia) e Stazione di Topol\u00f2 (It\u00e1lia) O Simp\u00f3sio \u201cPUSHING THE MEDIUM #2\u201d (PTM #2) \u00e9 uma iniciativa que re\u00fane um conjunto internacional\" \/>\n\t<meta name=\"robots\" content=\"max-image-preview:large\" \/>\n\t<meta name=\"author\" content=\"luiscosta\"\/>\n\t<link rel=\"canonical\" href=\"https:\/\/www.binauralmedia.org\/news\/arquivo\/21\" \/>\n\t<meta name=\"generator\" content=\"All in One SEO (AIOSEO) 5.0.1.1\" \/>\n\t\t<meta property=\"og:locale\" content=\"pt_PT\" \/>\n\t\t<meta property=\"og:site_name\" content=\"binauralmedia.org - Rural Based Sound\/Media Arts &amp; Social Research\" \/>\n\t\t<meta property=\"og:type\" content=\"article\" \/>\n\t\t<meta property=\"og:title\" content=\"Simp\u00f3sio internacional Pushing the Medium #2 em Nodar, Viseu e Guarda - binauralmedia.org\" \/>\n\t\t<meta property=\"og:description\" content=\"SIMP\u00d3SIO PUSHING THE MEDIUM #2 15 a 24 de Setembro 2006 Nodar (S\u00e3o Pedro do Sul), Viseu e Guarda Um evento organizado pela Binaural Nodar em parceria com A Binaural Nodar com Moks (Est\u00f3nia) e Stazione di Topol\u00f2 (It\u00e1lia) O Simp\u00f3sio \u201cPUSHING THE MEDIUM #2\u201d (PTM #2) \u00e9 uma iniciativa que re\u00fane um conjunto internacional\" \/>\n\t\t<meta property=\"og:url\" content=\"https:\/\/www.binauralmedia.org\/news\/arquivo\/21\" \/>\n\t\t<meta property=\"article:published_time\" content=\"2006-09-10T22:28:42+00:00\" \/>\n\t\t<meta property=\"article:modified_time\" content=\"2023-05-17T14:00:32+00:00\" \/>\n\t\t<meta name=\"twitter:card\" content=\"summary_large_image\" \/>\n\t\t<meta name=\"twitter:title\" content=\"Simp\u00f3sio internacional Pushing the Medium #2 em Nodar, Viseu e Guarda - binauralmedia.org\" \/>\n\t\t<meta name=\"twitter:description\" content=\"SIMP\u00d3SIO PUSHING THE MEDIUM #2 15 a 24 de Setembro 2006 Nodar (S\u00e3o Pedro do Sul), Viseu e Guarda Um evento organizado pela Binaural Nodar em parceria com A Binaural Nodar com Moks (Est\u00f3nia) e Stazione di Topol\u00f2 (It\u00e1lia) O Simp\u00f3sio \u201cPUSHING THE MEDIUM #2\u201d (PTM #2) \u00e9 uma iniciativa que re\u00fane um conjunto internacional\" \/>\n\t\t<script type=\"application\/ld+json\" class=\"aioseo-schema\">\n\t\t\t{\"@context\":\"https:\\\/\\\/schema.org\",\"@graph\":[{\"@type\":\"BlogPosting\",\"@id\":\"https:\\\/\\\/www.binauralmedia.org\\\/news\\\/arquivo\\\/21#blogposting\",\"name\":\"Simp\\u00f3sio internacional Pushing the Medium #2 em Nodar, Viseu e Guarda - binauralmedia.org\",\"headline\":\"Simp\\u00f3sio internacional Pushing the Medium #2 em Nodar, Viseu e Guarda\",\"author\":{\"@id\":\"https:\\\/\\\/www.binauralmedia.org\\\/news\\\/arquivo\\\/author\\\/luiscosta#author\"},\"publisher\":{\"@id\":\"https:\\\/\\\/www.binauralmedia.org\\\/news\\\/#organization\"},\"image\":{\"@type\":\"ImageObject\",\"url\":\"https:\\\/\\\/www.binauralmedia.org\\\/news\\\/wp-content\\\/uploads\\\/nodar-ptm2.jpg\",\"width\":1200,\"height\":800},\"datePublished\":\"2006-09-10T22:28:42+00:00\",\"dateModified\":\"2023-05-17T14:00:32+00:00\",\"inLanguage\":\"pt-PT\",\"mainEntityOfPage\":{\"@id\":\"https:\\\/\\\/www.binauralmedia.org\\\/news\\\/arquivo\\\/21#webpage\"},\"isPartOf\":{\"@id\":\"https:\\\/\\\/www.binauralmedia.org\\\/news\\\/arquivo\\\/21#webpage\"},\"articleSection\":\"Not\\u00edcias, Simp\\u00f3sios &amp; Festivais, Opcional\"},{\"@type\":\"BreadcrumbList\",\"@id\":\"https:\\\/\\\/www.binauralmedia.org\\\/news\\\/arquivo\\\/21#breadcrumblist\",\"itemListElement\":[{\"@type\":\"ListItem\",\"@id\":\"https:\\\/\\\/www.binauralmedia.org\\\/news#listItem\",\"position\":1,\"name\":\"Home\",\"item\":\"https:\\\/\\\/www.binauralmedia.org\\\/news\",\"nextItem\":{\"@type\":\"ListItem\",\"@id\":\"https:\\\/\\\/www.binauralmedia.org\\\/news\\\/arquivo\\\/category\\\/news#listItem\",\"name\":\"Not\\u00edcias\"}},{\"@type\":\"ListItem\",\"@id\":\"https:\\\/\\\/www.binauralmedia.org\\\/news\\\/arquivo\\\/category\\\/news#listItem\",\"position\":2,\"name\":\"Not\\u00edcias\",\"item\":\"https:\\\/\\\/www.binauralmedia.org\\\/news\\\/arquivo\\\/category\\\/news\",\"nextItem\":{\"@type\":\"ListItem\",\"@id\":\"https:\\\/\\\/www.binauralmedia.org\\\/news\\\/arquivo\\\/21#listItem\",\"name\":\"Simp\\u00f3sio internacional Pushing the Medium #2 em Nodar, Viseu e Guarda\"},\"previousItem\":{\"@type\":\"ListItem\",\"@id\":\"https:\\\/\\\/www.binauralmedia.org\\\/news#listItem\",\"name\":\"Home\"}},{\"@type\":\"ListItem\",\"@id\":\"https:\\\/\\\/www.binauralmedia.org\\\/news\\\/arquivo\\\/21#listItem\",\"position\":3,\"name\":\"Simp\\u00f3sio internacional Pushing the Medium #2 em Nodar, Viseu e Guarda\",\"previousItem\":{\"@type\":\"ListItem\",\"@id\":\"https:\\\/\\\/www.binauralmedia.org\\\/news\\\/arquivo\\\/category\\\/news#listItem\",\"name\":\"Not\\u00edcias\"}}]},{\"@type\":\"Organization\",\"@id\":\"https:\\\/\\\/www.binauralmedia.org\\\/news\\\/#organization\",\"name\":\"binauralmedia.org\",\"description\":\"Rural Based Sound\\\/Media Arts & Social Research\",\"url\":\"https:\\\/\\\/www.binauralmedia.org\\\/news\\\/\"},{\"@type\":\"Person\",\"@id\":\"https:\\\/\\\/www.binauralmedia.org\\\/news\\\/arquivo\\\/author\\\/luiscosta#author\",\"url\":\"https:\\\/\\\/www.binauralmedia.org\\\/news\\\/arquivo\\\/author\\\/luiscosta\",\"name\":\"luiscosta\"},{\"@type\":\"WebPage\",\"@id\":\"https:\\\/\\\/www.binauralmedia.org\\\/news\\\/arquivo\\\/21#webpage\",\"url\":\"https:\\\/\\\/www.binauralmedia.org\\\/news\\\/arquivo\\\/21\",\"name\":\"Simp\\u00f3sio internacional Pushing the Medium #2 em Nodar, Viseu e Guarda - binauralmedia.org\",\"description\":\"SIMP\\u00d3SIO PUSHING THE MEDIUM #2 15 a 24 de Setembro 2006 Nodar (S\\u00e3o Pedro do Sul), Viseu e Guarda Um evento organizado pela Binaural Nodar em parceria com A Binaural Nodar com Moks (Est\\u00f3nia) e Stazione di Topol\\u00f2 (It\\u00e1lia) O Simp\\u00f3sio \\u201cPUSHING THE MEDIUM #2\\u201d (PTM #2) \\u00e9 uma iniciativa que re\\u00fane um conjunto internacional\",\"inLanguage\":\"pt-PT\",\"isPartOf\":{\"@id\":\"https:\\\/\\\/www.binauralmedia.org\\\/news\\\/#website\"},\"breadcrumb\":{\"@id\":\"https:\\\/\\\/www.binauralmedia.org\\\/news\\\/arquivo\\\/21#breadcrumblist\"},\"author\":{\"@id\":\"https:\\\/\\\/www.binauralmedia.org\\\/news\\\/arquivo\\\/author\\\/luiscosta#author\"},\"creator\":{\"@id\":\"https:\\\/\\\/www.binauralmedia.org\\\/news\\\/arquivo\\\/author\\\/luiscosta#author\"},\"image\":{\"@type\":\"ImageObject\",\"url\":\"https:\\\/\\\/www.binauralmedia.org\\\/news\\\/wp-content\\\/uploads\\\/nodar-ptm2.jpg\",\"@id\":\"https:\\\/\\\/www.binauralmedia.org\\\/news\\\/arquivo\\\/21\\\/#mainImage\",\"width\":1200,\"height\":800},\"primaryImageOfPage\":{\"@id\":\"https:\\\/\\\/www.binauralmedia.org\\\/news\\\/arquivo\\\/21#mainImage\"},\"datePublished\":\"2006-09-10T22:28:42+00:00\",\"dateModified\":\"2023-05-17T14:00:32+00:00\"},{\"@type\":\"WebSite\",\"@id\":\"https:\\\/\\\/www.binauralmedia.org\\\/news\\\/#website\",\"url\":\"https:\\\/\\\/www.binauralmedia.org\\\/news\\\/\",\"name\":\"binauralmedia.org\",\"description\":\"Rural Based Sound\\\/Media Arts & Social Research\",\"inLanguage\":\"pt-PT\",\"publisher\":{\"@id\":\"https:\\\/\\\/www.binauralmedia.org\\\/news\\\/#organization\"}}]}\n\t\t<\/script>\n\t\t<!-- All in One SEO -->\n\n","aioseo_head_json":{"title":"Simp\u00f3sio internacional Pushing the Medium #2 em Nodar, Viseu e Guarda - binauralmedia.org","description":"SIMP\u00d3SIO PUSHING THE MEDIUM #2 15 a 24 de Setembro 2006 Nodar (S\u00e3o Pedro do Sul), Viseu e Guarda Um evento organizado pela Binaural Nodar em parceria com A Binaural Nodar com Moks (Est\u00f3nia) e Stazione di Topol\u00f2 (It\u00e1lia) O Simp\u00f3sio \u201cPUSHING THE MEDIUM #2\u201d (PTM #2) \u00e9 uma iniciativa que re\u00fane um conjunto internacional","canonical_url":"https:\/\/www.binauralmedia.org\/news\/arquivo\/21","robots":"max-image-preview:large","keywords":"","webmasterTools":{"miscellaneous":""},"schema":{"@context":"https:\/\/schema.org","@graph":[{"@type":"BlogPosting","@id":"https:\/\/www.binauralmedia.org\/news\/arquivo\/21#blogposting","name":"Simp\u00f3sio internacional Pushing the Medium #2 em Nodar, Viseu e Guarda - binauralmedia.org","headline":"Simp\u00f3sio internacional Pushing the Medium #2 em Nodar, Viseu e Guarda","author":{"@id":"https:\/\/www.binauralmedia.org\/news\/arquivo\/author\/luiscosta#author"},"publisher":{"@id":"https:\/\/www.binauralmedia.org\/news\/#organization"},"image":{"@type":"ImageObject","url":"https:\/\/www.binauralmedia.org\/news\/wp-content\/uploads\/nodar-ptm2.jpg","width":1200,"height":800},"datePublished":"2006-09-10T22:28:42+00:00","dateModified":"2023-05-17T14:00:32+00:00","inLanguage":"pt-PT","mainEntityOfPage":{"@id":"https:\/\/www.binauralmedia.org\/news\/arquivo\/21#webpage"},"isPartOf":{"@id":"https:\/\/www.binauralmedia.org\/news\/arquivo\/21#webpage"},"articleSection":"Not\u00edcias, Simp\u00f3sios &amp; Festivais, Opcional"},{"@type":"BreadcrumbList","@id":"https:\/\/www.binauralmedia.org\/news\/arquivo\/21#breadcrumblist","itemListElement":[{"@type":"ListItem","@id":"https:\/\/www.binauralmedia.org\/news#listItem","position":1,"name":"Home","item":"https:\/\/www.binauralmedia.org\/news","nextItem":{"@type":"ListItem","@id":"https:\/\/www.binauralmedia.org\/news\/arquivo\/category\/news#listItem","name":"Not\u00edcias"}},{"@type":"ListItem","@id":"https:\/\/www.binauralmedia.org\/news\/arquivo\/category\/news#listItem","position":2,"name":"Not\u00edcias","item":"https:\/\/www.binauralmedia.org\/news\/arquivo\/category\/news","nextItem":{"@type":"ListItem","@id":"https:\/\/www.binauralmedia.org\/news\/arquivo\/21#listItem","name":"Simp\u00f3sio internacional Pushing the Medium #2 em Nodar, Viseu e Guarda"},"previousItem":{"@type":"ListItem","@id":"https:\/\/www.binauralmedia.org\/news#listItem","name":"Home"}},{"@type":"ListItem","@id":"https:\/\/www.binauralmedia.org\/news\/arquivo\/21#listItem","position":3,"name":"Simp\u00f3sio internacional Pushing the Medium #2 em Nodar, Viseu e Guarda","previousItem":{"@type":"ListItem","@id":"https:\/\/www.binauralmedia.org\/news\/arquivo\/category\/news#listItem","name":"Not\u00edcias"}}]},{"@type":"Organization","@id":"https:\/\/www.binauralmedia.org\/news\/#organization","name":"binauralmedia.org","description":"Rural Based Sound\/Media Arts & Social Research","url":"https:\/\/www.binauralmedia.org\/news\/"},{"@type":"Person","@id":"https:\/\/www.binauralmedia.org\/news\/arquivo\/author\/luiscosta#author","url":"https:\/\/www.binauralmedia.org\/news\/arquivo\/author\/luiscosta","name":"luiscosta"},{"@type":"WebPage","@id":"https:\/\/www.binauralmedia.org\/news\/arquivo\/21#webpage","url":"https:\/\/www.binauralmedia.org\/news\/arquivo\/21","name":"Simp\u00f3sio internacional Pushing the Medium #2 em Nodar, Viseu e Guarda - binauralmedia.org","description":"SIMP\u00d3SIO PUSHING THE MEDIUM #2 15 a 24 de Setembro 2006 Nodar (S\u00e3o Pedro do Sul), Viseu e Guarda Um evento organizado pela Binaural Nodar em parceria com A Binaural Nodar com Moks (Est\u00f3nia) e Stazione di Topol\u00f2 (It\u00e1lia) O Simp\u00f3sio \u201cPUSHING THE MEDIUM #2\u201d (PTM #2) \u00e9 uma iniciativa que re\u00fane um conjunto internacional","inLanguage":"pt-PT","isPartOf":{"@id":"https:\/\/www.binauralmedia.org\/news\/#website"},"breadcrumb":{"@id":"https:\/\/www.binauralmedia.org\/news\/arquivo\/21#breadcrumblist"},"author":{"@id":"https:\/\/www.binauralmedia.org\/news\/arquivo\/author\/luiscosta#author"},"creator":{"@id":"https:\/\/www.binauralmedia.org\/news\/arquivo\/author\/luiscosta#author"},"image":{"@type":"ImageObject","url":"https:\/\/www.binauralmedia.org\/news\/wp-content\/uploads\/nodar-ptm2.jpg","@id":"https:\/\/www.binauralmedia.org\/news\/arquivo\/21\/#mainImage","width":1200,"height":800},"primaryImageOfPage":{"@id":"https:\/\/www.binauralmedia.org\/news\/arquivo\/21#mainImage"},"datePublished":"2006-09-10T22:28:42+00:00","dateModified":"2023-05-17T14:00:32+00:00"},{"@type":"WebSite","@id":"https:\/\/www.binauralmedia.org\/news\/#website","url":"https:\/\/www.binauralmedia.org\/news\/","name":"binauralmedia.org","description":"Rural Based Sound\/Media Arts & Social Research","inLanguage":"pt-PT","publisher":{"@id":"https:\/\/www.binauralmedia.org\/news\/#organization"}}]},"og:locale":"pt_PT","og:site_name":"binauralmedia.org - Rural Based Sound\/Media Arts &amp; Social Research","og:type":"article","og:title":"Simp\u00f3sio internacional Pushing the Medium #2 em Nodar, Viseu e Guarda - binauralmedia.org","og:description":"SIMP\u00d3SIO PUSHING THE MEDIUM #2 15 a 24 de Setembro 2006 Nodar (S\u00e3o Pedro do Sul), Viseu e Guarda Um evento organizado pela Binaural Nodar em parceria com A Binaural Nodar com Moks (Est\u00f3nia) e Stazione di Topol\u00f2 (It\u00e1lia) O Simp\u00f3sio \u201cPUSHING THE MEDIUM #2\u201d (PTM #2) \u00e9 uma iniciativa que re\u00fane um conjunto internacional","og:url":"https:\/\/www.binauralmedia.org\/news\/arquivo\/21","article:published_time":"2006-09-10T22:28:42+00:00","article:modified_time":"2023-05-17T14:00:32+00:00","twitter:card":"summary_large_image","twitter:title":"Simp\u00f3sio internacional Pushing the Medium #2 em Nodar, Viseu e Guarda - binauralmedia.org","twitter:description":"SIMP\u00d3SIO PUSHING THE MEDIUM #2 15 a 24 de Setembro 2006 Nodar (S\u00e3o Pedro do Sul), Viseu e Guarda Um evento organizado pela Binaural Nodar em parceria com A Binaural Nodar com Moks (Est\u00f3nia) e Stazione di Topol\u00f2 (It\u00e1lia) O Simp\u00f3sio \u201cPUSHING THE MEDIUM #2\u201d (PTM #2) \u00e9 uma iniciativa que re\u00fane um conjunto internacional"},"aioseo_meta_data":{"post_id":"21","title":null,"description":null,"keywords":null,"keyphrases":null,"primary_term":null,"canonical_url":null,"og_title":null,"og_description":null,"og_object_type":"default","og_image_type":"default","og_image_custom_url":null,"og_image_custom_fields":null,"og_image_url":null,"og_image_width":null,"og_image_height":null,"og_video":null,"og_custom_url":null,"og_article_section":null,"og_article_tags":null,"twitter_use_og":false,"twitter_card":"default","twitter_image_type":"default","twitter_image_custom_url":null,"twitter_image_custom_fields":null,"twitter_image_url":null,"twitter_title":null,"twitter_description":null,"schema_type":"default","schema_type_options":null,"schema":{"blockGraphs":[],"customGraphs":[],"default":{"data":{"Article":[],"Course":[],"Dataset":[],"FAQPage":[],"Movie":[],"Person":[],"Product":[],"ProductReview":[],"Car":[],"Recipe":[],"Service":[],"SoftwareApplication":[],"WebPage":[]},"graphName":"","isEnabled":true},"graphs":[]},"pillar_content":false,"robots_default":true,"robots_noindex":false,"robots_noarchive":false,"robots_nosnippet":false,"robots_nofollow":false,"robots_noimageindex":false,"robots_noodp":false,"robots_notranslate":false,"robots_max_snippet":null,"robots_max_videopreview":null,"robots_max_imagepreview":"large","priority":null,"frequency":null,"local_seo":null,"limit_modified_date":false,"ai":null,"breadcrumb_settings":null,"seo_analyzer_scan_date":null,"created":"2026-08-04 23:48:02","updated":"2026-08-04 23:48:02","focus_keyword":null,"additional_keywords":null,"truseo_locale":null},"aioseo_breadcrumb":"<div class=\"aioseo-breadcrumbs\"><span class=\"aioseo-breadcrumb\">\n\t\t\t<a href=\"https:\/\/www.binauralmedia.org\/news\" title=\"Home\">Home<\/a>\n\t\t<\/span><span class=\"aioseo-breadcrumb-separator\">&raquo;<\/span><span class=\"aioseo-breadcrumb\">\n\t\t\t<a href=\"https:\/\/www.binauralmedia.org\/news\/arquivo\/category\/news\" title=\"Not\u00edcias\">Not\u00edcias<\/a>\n\t\t<\/span><span class=\"aioseo-breadcrumb-separator\">&raquo;<\/span><span class=\"aioseo-breadcrumb\">\n\t\t\tSimp\u00f3sio internacional Pushing the Medium #2 em Nodar, Viseu e Guarda\n\t\t<\/span><\/div>","aioseo_breadcrumb_json":[{"label":"Home","link":"https:\/\/www.binauralmedia.org\/news"},{"label":"Not\u00edcias","link":"https:\/\/www.binauralmedia.org\/news\/arquivo\/category\/news"},{"label":"Simp\u00f3sio internacional Pushing the Medium #2 em Nodar, Viseu e Guarda","link":"https:\/\/www.binauralmedia.org\/news\/arquivo\/21"}],"_links":{"self":[{"href":"https:\/\/www.binauralmedia.org\/news\/wp-json\/wp\/v2\/posts\/21","targetHints":{"allow":["GET"]}}],"collection":[{"href":"https:\/\/www.binauralmedia.org\/news\/wp-json\/wp\/v2\/posts"}],"about":[{"href":"https:\/\/www.binauralmedia.org\/news\/wp-json\/wp\/v2\/types\/post"}],"author":[{"embeddable":true,"href":"https:\/\/www.binauralmedia.org\/news\/wp-json\/wp\/v2\/users\/2"}],"replies":[{"embeddable":true,"href":"https:\/\/www.binauralmedia.org\/news\/wp-json\/wp\/v2\/comments?post=21"}],"version-history":[{"count":5,"href":"https:\/\/www.binauralmedia.org\/news\/wp-json\/wp\/v2\/posts\/21\/revisions"}],"predecessor-version":[{"id":17003,"href":"https:\/\/www.binauralmedia.org\/news\/wp-json\/wp\/v2\/posts\/21\/revisions\/17003"}],"wp:featuredmedia":[{"embeddable":true,"href":"https:\/\/www.binauralmedia.org\/news\/wp-json\/wp\/v2\/media\/17001"}],"wp:attachment":[{"href":"https:\/\/www.binauralmedia.org\/news\/wp-json\/wp\/v2\/media?parent=21"}],"wp:term":[{"taxonomy":"category","embeddable":true,"href":"https:\/\/www.binauralmedia.org\/news\/wp-json\/wp\/v2\/categories?post=21"},{"taxonomy":"post_tag","embeddable":true,"href":"https:\/\/www.binauralmedia.org\/news\/wp-json\/wp\/v2\/tags?post=21"}],"curies":[{"name":"wp","href":"https:\/\/api.w.org\/{rel}","templated":true}]}}