{"id":20851,"date":"2024-02-13T12:55:15","date_gmt":"2024-02-13T12:55:15","guid":{"rendered":"https:\/\/www.binauralmedia.org\/news?p=20851"},"modified":"2024-10-23T16:38:55","modified_gmt":"2024-10-23T16:38:55","slug":"binaural-nodar-promove-aulas-de-iniciacao-a-danca","status":"publish","type":"post","link":"https:\/\/www.binauralmedia.org\/news\/arquivo\/20851","title":{"rendered":"Binaural Nodar promove aulas de inicia\u00e7\u00e3o \u00e0 dan\u00e7a"},"content":{"rendered":"<div class=\"fusion-fullwidth fullwidth-box fusion-builder-row-1 fusion-flex-container nonhundred-percent-fullwidth non-hundred-percent-height-scrolling\" style=\"--awb-border-radius-top-left:0px;--awb-border-radius-top-right:0px;--awb-border-radius-bottom-right:0px;--awb-border-radius-bottom-left:0px;--awb-flex-wrap:wrap;\" ><div class=\"fusion-builder-row fusion-row fusion-flex-align-items-flex-start fusion-flex-content-wrap\" style=\"max-width:1144px;margin-left: calc(-4% \/ 2 );margin-right: calc(-4% \/ 2 );\"><div class=\"fusion-layout-column fusion_builder_column fusion-builder-column-0 fusion_builder_column_1_1 1_1 fusion-flex-column\" style=\"--awb-bg-size:cover;--awb-width-large:100%;--awb-margin-top-large:0px;--awb-spacing-right-large:1.92%;--awb-margin-bottom-large:0px;--awb-spacing-left-large:1.92%;--awb-width-medium:100%;--awb-spacing-right-medium:1.92%;--awb-spacing-left-medium:1.92%;--awb-width-small:100%;--awb-spacing-right-small:1.92%;--awb-spacing-left-small:1.92%;\"><div class=\"fusion-column-wrapper fusion-flex-justify-content-flex-start fusion-content-layout-column\"><div class=\"fusion-text fusion-text-1\"><p>AULAS DE INICIA\u00c7\u00c3O \u00c0 DAN\u00c7A<br \/>\nMar\u00e7o a Julho 2024<br \/>\nSegundas-feiras, 17h30-18h30<\/p>\n<p>Laf\u00f5es Cult Lab, Rua do Seixo n\u00ba 5 (Vouzela)<br \/>\nProfessor: Yaroslav Babchuk<\/p>\n<p>A Binaural Nodar anuncia que est\u00e3o abertas as inscri\u00e7\u00f5es para aulas semanais de inicia\u00e7\u00e3o \u00e0 dan\u00e7a, numa parceria com a escola de dan\u00e7a Lugar Presente de Viseu e com o Munic\u00edpio de Vouzela.<\/p>\n<p>Estas aulas destinam-se a crian\u00e7as entre os 6 e os 11 anos e ao longo das sess\u00f5es ser\u00e3o desenvolvidas algumas das t\u00e9cnicas fundamentais da dan\u00e7a.<\/p>\n<p>O Professor Yaroslav Babchuk \u00e9 ucraniano, estudou ballet cl\u00e1ssico, dan\u00e7as latinas, dan\u00e7as de sal\u00e3o e hip hop, tendo participado em v\u00e1rios concursos de dan\u00e7a. Foi ainda fundador de v\u00e1rias escolas de dan\u00e7a na Ucr\u00e2nia, onde tamb\u00e9m lecionou entre 2013 e 2015.<\/p>\n<p>O custo mensal das aulas \u00e9 de 10 euros e s\u00e3o os seguintes os contactos para inscri\u00e7\u00f5es: WhatsApp (mensagem escrita): +351918951857 e email: info@binauralmedia.org.<\/p>\n<p>*Nota: as aulas iniciar\u00e3o quando houver no m\u00ednimo 10 inscri\u00e7\u00f5es.<\/p>\n<p>A Binaural Nodar \u00e9 uma entidade cultural profissional apoiada pela Rep\u00fablica Portuguesa &#8211; Cultura | Dire\u00e7\u00e3o-Geral das Artes.<\/p>\n<\/div><\/div><\/div><\/div><\/div>\n","protected":false},"excerpt":{"rendered":"","protected":false},"author":8,"featured_media":20852,"comment_status":"closed","ping_status":"closed","sticky":false,"template":"","format":"standard","meta":{"_acf_changed":false,"_bbp_topic_count":0,"_bbp_reply_count":0,"_bbp_total_topic_count":0,"_bbp_total_reply_count":0,"_bbp_voice_count":0,"_bbp_anonymous_reply_count":0,"_bbp_topic_count_hidden":0,"_bbp_reply_count_hidden":0,"_bbp_forum_subforum_count":0,"footnotes":""},"categories":[1,1159],"tags":[],"class_list":["post-20851","post","type-post","status-publish","format-standard","has-post-thumbnail","hentry","category-news","category-educational-programme"],"acf":[],"aioseo_notices":[],"aioseo_head":"\n\t\t<!-- All in One SEO 5.0.1.1 - aioseo.com -->\n\t<meta name=\"description\" content=\"AULAS DE INICIA\u00c7\u00c3O \u00c0 DAN\u00c7A Mar\u00e7o a Julho 2024 Segundas-feiras, 17h30-18h30 Laf\u00f5es Cult Lab, Rua do Seixo n\u00ba 5 (Vouzela) Professor: Yaroslav Babchuk A Binaural Nodar anuncia que est\u00e3o abertas as inscri\u00e7\u00f5es para aulas semanais de inicia\u00e7\u00e3o \u00e0 dan\u00e7a, numa parceria com a escola de dan\u00e7a Lugar Presente de Viseu e com o Munic\u00edpio de\" \/>\n\t<meta name=\"robots\" content=\"max-image-preview:large\" \/>\n\t<meta name=\"author\" content=\"Nely Ferreira\"\/>\n\t<link rel=\"canonical\" href=\"https:\/\/www.binauralmedia.org\/news\/arquivo\/20851\" \/>\n\t<meta name=\"generator\" content=\"All in One SEO (AIOSEO) 5.0.1.1\" \/>\n\t\t<meta property=\"og:locale\" content=\"pt_PT\" \/>\n\t\t<meta property=\"og:site_name\" content=\"binauralmedia.org - Rural Based Sound\/Media Arts &amp; Social Research\" \/>\n\t\t<meta property=\"og:type\" content=\"article\" \/>\n\t\t<meta property=\"og:title\" content=\"Binaural Nodar promove aulas de inicia\u00e7\u00e3o \u00e0 dan\u00e7a - binauralmedia.org\" \/>\n\t\t<meta property=\"og:description\" content=\"AULAS DE INICIA\u00c7\u00c3O \u00c0 DAN\u00c7A Mar\u00e7o a Julho 2024 Segundas-feiras, 17h30-18h30 Laf\u00f5es Cult Lab, Rua do Seixo n\u00ba 5 (Vouzela) Professor: Yaroslav Babchuk A Binaural Nodar anuncia que est\u00e3o abertas as inscri\u00e7\u00f5es para aulas semanais de inicia\u00e7\u00e3o \u00e0 dan\u00e7a, numa parceria com a escola de dan\u00e7a Lugar Presente de Viseu e com o Munic\u00edpio de\" \/>\n\t\t<meta property=\"og:url\" content=\"https:\/\/www.binauralmedia.org\/news\/arquivo\/20851\" \/>\n\t\t<meta property=\"article:published_time\" content=\"2024-02-13T12:55:15+00:00\" \/>\n\t\t<meta property=\"article:modified_time\" content=\"2024-10-23T16:38:55+00:00\" \/>\n\t\t<meta name=\"twitter:card\" content=\"summary_large_image\" \/>\n\t\t<meta name=\"twitter:title\" content=\"Binaural Nodar promove aulas de inicia\u00e7\u00e3o \u00e0 dan\u00e7a - binauralmedia.org\" \/>\n\t\t<meta name=\"twitter:description\" content=\"AULAS DE INICIA\u00c7\u00c3O \u00c0 DAN\u00c7A Mar\u00e7o a Julho 2024 Segundas-feiras, 17h30-18h30 Laf\u00f5es Cult Lab, Rua do Seixo n\u00ba 5 (Vouzela) Professor: Yaroslav Babchuk A Binaural Nodar anuncia que est\u00e3o abertas as inscri\u00e7\u00f5es para aulas semanais de inicia\u00e7\u00e3o \u00e0 dan\u00e7a, numa parceria com a escola de dan\u00e7a Lugar Presente de Viseu e com o Munic\u00edpio de\" \/>\n\t\t<script type=\"application\/ld+json\" class=\"aioseo-schema\">\n\t\t\t{\"@context\":\"https:\\\/\\\/schema.org\",\"@graph\":[{\"@type\":\"BlogPosting\",\"@id\":\"https:\\\/\\\/www.binauralmedia.org\\\/news\\\/arquivo\\\/20851#blogposting\",\"name\":\"Binaural Nodar promove aulas de inicia\\u00e7\\u00e3o \\u00e0 dan\\u00e7a - binauralmedia.org\",\"headline\":\"Binaural Nodar promove aulas de inicia\\u00e7\\u00e3o \\u00e0 dan\\u00e7a\",\"author\":{\"@id\":\"https:\\\/\\\/www.binauralmedia.org\\\/news\\\/arquivo\\\/author\\\/nelyferreira#author\"},\"publisher\":{\"@id\":\"https:\\\/\\\/www.binauralmedia.org\\\/news\\\/#organization\"},\"image\":{\"@type\":\"ImageObject\",\"url\":\"https:\\\/\\\/www.binauralmedia.org\\\/news\\\/wp-content\\\/uploads\\\/Iniciacao-a-danca.jpg\",\"width\":1200,\"height\":800},\"datePublished\":\"2024-02-13T12:55:15+00:00\",\"dateModified\":\"2024-10-23T16:38:55+00:00\",\"inLanguage\":\"pt-PT\",\"mainEntityOfPage\":{\"@id\":\"https:\\\/\\\/www.binauralmedia.org\\\/news\\\/arquivo\\\/20851#webpage\"},\"isPartOf\":{\"@id\":\"https:\\\/\\\/www.binauralmedia.org\\\/news\\\/arquivo\\\/20851#webpage\"},\"articleSection\":\"Not\\u00edcias, Programa Educativo, Opcional\"},{\"@type\":\"BreadcrumbList\",\"@id\":\"https:\\\/\\\/www.binauralmedia.org\\\/news\\\/arquivo\\\/20851#breadcrumblist\",\"itemListElement\":[{\"@type\":\"ListItem\",\"@id\":\"https:\\\/\\\/www.binauralmedia.org\\\/news#listItem\",\"position\":1,\"name\":\"Home\",\"item\":\"https:\\\/\\\/www.binauralmedia.org\\\/news\",\"nextItem\":{\"@type\":\"ListItem\",\"@id\":\"https:\\\/\\\/www.binauralmedia.org\\\/news\\\/arquivo\\\/category\\\/news#listItem\",\"name\":\"Not\\u00edcias\"}},{\"@type\":\"ListItem\",\"@id\":\"https:\\\/\\\/www.binauralmedia.org\\\/news\\\/arquivo\\\/category\\\/news#listItem\",\"position\":2,\"name\":\"Not\\u00edcias\",\"item\":\"https:\\\/\\\/www.binauralmedia.org\\\/news\\\/arquivo\\\/category\\\/news\",\"nextItem\":{\"@type\":\"ListItem\",\"@id\":\"https:\\\/\\\/www.binauralmedia.org\\\/news\\\/arquivo\\\/20851#listItem\",\"name\":\"Binaural Nodar promove aulas de inicia\\u00e7\\u00e3o \\u00e0 dan\\u00e7a\"},\"previousItem\":{\"@type\":\"ListItem\",\"@id\":\"https:\\\/\\\/www.binauralmedia.org\\\/news#listItem\",\"name\":\"Home\"}},{\"@type\":\"ListItem\",\"@id\":\"https:\\\/\\\/www.binauralmedia.org\\\/news\\\/arquivo\\\/20851#listItem\",\"position\":3,\"name\":\"Binaural Nodar promove aulas de inicia\\u00e7\\u00e3o \\u00e0 dan\\u00e7a\",\"previousItem\":{\"@type\":\"ListItem\",\"@id\":\"https:\\\/\\\/www.binauralmedia.org\\\/news\\\/arquivo\\\/category\\\/news#listItem\",\"name\":\"Not\\u00edcias\"}}]},{\"@type\":\"Organization\",\"@id\":\"https:\\\/\\\/www.binauralmedia.org\\\/news\\\/#organization\",\"name\":\"binauralmedia.org\",\"description\":\"Rural Based Sound\\\/Media Arts & Social Research\",\"url\":\"https:\\\/\\\/www.binauralmedia.org\\\/news\\\/\"},{\"@type\":\"Person\",\"@id\":\"https:\\\/\\\/www.binauralmedia.org\\\/news\\\/arquivo\\\/author\\\/nelyferreira#author\",\"url\":\"https:\\\/\\\/www.binauralmedia.org\\\/news\\\/arquivo\\\/author\\\/nelyferreira\",\"name\":\"Nely Ferreira\"},{\"@type\":\"WebPage\",\"@id\":\"https:\\\/\\\/www.binauralmedia.org\\\/news\\\/arquivo\\\/20851#webpage\",\"url\":\"https:\\\/\\\/www.binauralmedia.org\\\/news\\\/arquivo\\\/20851\",\"name\":\"Binaural Nodar promove aulas de inicia\\u00e7\\u00e3o \\u00e0 dan\\u00e7a - binauralmedia.org\",\"description\":\"AULAS DE INICIA\\u00c7\\u00c3O \\u00c0 DAN\\u00c7A Mar\\u00e7o a Julho 2024 Segundas-feiras, 17h30-18h30 Laf\\u00f5es Cult Lab, Rua do Seixo n\\u00ba 5 (Vouzela) Professor: Yaroslav Babchuk A Binaural Nodar anuncia que est\\u00e3o abertas as inscri\\u00e7\\u00f5es para aulas semanais de inicia\\u00e7\\u00e3o \\u00e0 dan\\u00e7a, numa parceria com a escola de dan\\u00e7a Lugar Presente de Viseu e com o Munic\\u00edpio de\",\"inLanguage\":\"pt-PT\",\"isPartOf\":{\"@id\":\"https:\\\/\\\/www.binauralmedia.org\\\/news\\\/#website\"},\"breadcrumb\":{\"@id\":\"https:\\\/\\\/www.binauralmedia.org\\\/news\\\/arquivo\\\/20851#breadcrumblist\"},\"author\":{\"@id\":\"https:\\\/\\\/www.binauralmedia.org\\\/news\\\/arquivo\\\/author\\\/nelyferreira#author\"},\"creator\":{\"@id\":\"https:\\\/\\\/www.binauralmedia.org\\\/news\\\/arquivo\\\/author\\\/nelyferreira#author\"},\"image\":{\"@type\":\"ImageObject\",\"url\":\"https:\\\/\\\/www.binauralmedia.org\\\/news\\\/wp-content\\\/uploads\\\/Iniciacao-a-danca.jpg\",\"@id\":\"https:\\\/\\\/www.binauralmedia.org\\\/news\\\/arquivo\\\/20851\\\/#mainImage\",\"width\":1200,\"height\":800},\"primaryImageOfPage\":{\"@id\":\"https:\\\/\\\/www.binauralmedia.org\\\/news\\\/arquivo\\\/20851#mainImage\"},\"datePublished\":\"2024-02-13T12:55:15+00:00\",\"dateModified\":\"2024-10-23T16:38:55+00:00\"},{\"@type\":\"WebSite\",\"@id\":\"https:\\\/\\\/www.binauralmedia.org\\\/news\\\/#website\",\"url\":\"https:\\\/\\\/www.binauralmedia.org\\\/news\\\/\",\"name\":\"binauralmedia.org\",\"description\":\"Rural Based Sound\\\/Media Arts & Social Research\",\"inLanguage\":\"pt-PT\",\"publisher\":{\"@id\":\"https:\\\/\\\/www.binauralmedia.org\\\/news\\\/#organization\"}}]}\n\t\t<\/script>\n\t\t<!-- All in One SEO -->\n\n","aioseo_head_json":{"title":"Binaural Nodar promove aulas de inicia\u00e7\u00e3o \u00e0 dan\u00e7a - binauralmedia.org","description":"AULAS DE INICIA\u00c7\u00c3O \u00c0 DAN\u00c7A Mar\u00e7o a Julho 2024 Segundas-feiras, 17h30-18h30 Laf\u00f5es Cult Lab, Rua do Seixo n\u00ba 5 (Vouzela) Professor: Yaroslav Babchuk A Binaural Nodar anuncia que est\u00e3o abertas as inscri\u00e7\u00f5es para aulas semanais de inicia\u00e7\u00e3o \u00e0 dan\u00e7a, numa parceria com a escola de dan\u00e7a Lugar Presente de Viseu e com o Munic\u00edpio de","canonical_url":"https:\/\/www.binauralmedia.org\/news\/arquivo\/20851","robots":"max-image-preview:large","keywords":"","webmasterTools":{"miscellaneous":""},"schema":{"@context":"https:\/\/schema.org","@graph":[{"@type":"BlogPosting","@id":"https:\/\/www.binauralmedia.org\/news\/arquivo\/20851#blogposting","name":"Binaural Nodar promove aulas de inicia\u00e7\u00e3o \u00e0 dan\u00e7a - binauralmedia.org","headline":"Binaural Nodar promove aulas de inicia\u00e7\u00e3o \u00e0 dan\u00e7a","author":{"@id":"https:\/\/www.binauralmedia.org\/news\/arquivo\/author\/nelyferreira#author"},"publisher":{"@id":"https:\/\/www.binauralmedia.org\/news\/#organization"},"image":{"@type":"ImageObject","url":"https:\/\/www.binauralmedia.org\/news\/wp-content\/uploads\/Iniciacao-a-danca.jpg","width":1200,"height":800},"datePublished":"2024-02-13T12:55:15+00:00","dateModified":"2024-10-23T16:38:55+00:00","inLanguage":"pt-PT","mainEntityOfPage":{"@id":"https:\/\/www.binauralmedia.org\/news\/arquivo\/20851#webpage"},"isPartOf":{"@id":"https:\/\/www.binauralmedia.org\/news\/arquivo\/20851#webpage"},"articleSection":"Not\u00edcias, Programa Educativo, Opcional"},{"@type":"BreadcrumbList","@id":"https:\/\/www.binauralmedia.org\/news\/arquivo\/20851#breadcrumblist","itemListElement":[{"@type":"ListItem","@id":"https:\/\/www.binauralmedia.org\/news#listItem","position":1,"name":"Home","item":"https:\/\/www.binauralmedia.org\/news","nextItem":{"@type":"ListItem","@id":"https:\/\/www.binauralmedia.org\/news\/arquivo\/category\/news#listItem","name":"Not\u00edcias"}},{"@type":"ListItem","@id":"https:\/\/www.binauralmedia.org\/news\/arquivo\/category\/news#listItem","position":2,"name":"Not\u00edcias","item":"https:\/\/www.binauralmedia.org\/news\/arquivo\/category\/news","nextItem":{"@type":"ListItem","@id":"https:\/\/www.binauralmedia.org\/news\/arquivo\/20851#listItem","name":"Binaural Nodar promove aulas de inicia\u00e7\u00e3o \u00e0 dan\u00e7a"},"previousItem":{"@type":"ListItem","@id":"https:\/\/www.binauralmedia.org\/news#listItem","name":"Home"}},{"@type":"ListItem","@id":"https:\/\/www.binauralmedia.org\/news\/arquivo\/20851#listItem","position":3,"name":"Binaural Nodar promove aulas de inicia\u00e7\u00e3o \u00e0 dan\u00e7a","previousItem":{"@type":"ListItem","@id":"https:\/\/www.binauralmedia.org\/news\/arquivo\/category\/news#listItem","name":"Not\u00edcias"}}]},{"@type":"Organization","@id":"https:\/\/www.binauralmedia.org\/news\/#organization","name":"binauralmedia.org","description":"Rural Based Sound\/Media Arts & Social Research","url":"https:\/\/www.binauralmedia.org\/news\/"},{"@type":"Person","@id":"https:\/\/www.binauralmedia.org\/news\/arquivo\/author\/nelyferreira#author","url":"https:\/\/www.binauralmedia.org\/news\/arquivo\/author\/nelyferreira","name":"Nely Ferreira"},{"@type":"WebPage","@id":"https:\/\/www.binauralmedia.org\/news\/arquivo\/20851#webpage","url":"https:\/\/www.binauralmedia.org\/news\/arquivo\/20851","name":"Binaural Nodar promove aulas de inicia\u00e7\u00e3o \u00e0 dan\u00e7a - binauralmedia.org","description":"AULAS DE INICIA\u00c7\u00c3O \u00c0 DAN\u00c7A Mar\u00e7o a Julho 2024 Segundas-feiras, 17h30-18h30 Laf\u00f5es Cult Lab, Rua do Seixo n\u00ba 5 (Vouzela) Professor: Yaroslav Babchuk A Binaural Nodar anuncia que est\u00e3o abertas as inscri\u00e7\u00f5es para aulas semanais de inicia\u00e7\u00e3o \u00e0 dan\u00e7a, numa parceria com a escola de dan\u00e7a Lugar Presente de Viseu e com o Munic\u00edpio de","inLanguage":"pt-PT","isPartOf":{"@id":"https:\/\/www.binauralmedia.org\/news\/#website"},"breadcrumb":{"@id":"https:\/\/www.binauralmedia.org\/news\/arquivo\/20851#breadcrumblist"},"author":{"@id":"https:\/\/www.binauralmedia.org\/news\/arquivo\/author\/nelyferreira#author"},"creator":{"@id":"https:\/\/www.binauralmedia.org\/news\/arquivo\/author\/nelyferreira#author"},"image":{"@type":"ImageObject","url":"https:\/\/www.binauralmedia.org\/news\/wp-content\/uploads\/Iniciacao-a-danca.jpg","@id":"https:\/\/www.binauralmedia.org\/news\/arquivo\/20851\/#mainImage","width":1200,"height":800},"primaryImageOfPage":{"@id":"https:\/\/www.binauralmedia.org\/news\/arquivo\/20851#mainImage"},"datePublished":"2024-02-13T12:55:15+00:00","dateModified":"2024-10-23T16:38:55+00:00"},{"@type":"WebSite","@id":"https:\/\/www.binauralmedia.org\/news\/#website","url":"https:\/\/www.binauralmedia.org\/news\/","name":"binauralmedia.org","description":"Rural Based Sound\/Media Arts & Social Research","inLanguage":"pt-PT","publisher":{"@id":"https:\/\/www.binauralmedia.org\/news\/#organization"}}]},"og:locale":"pt_PT","og:site_name":"binauralmedia.org - Rural Based Sound\/Media Arts &amp; Social Research","og:type":"article","og:title":"Binaural Nodar promove aulas de inicia\u00e7\u00e3o \u00e0 dan\u00e7a - binauralmedia.org","og:description":"AULAS DE INICIA\u00c7\u00c3O \u00c0 DAN\u00c7A Mar\u00e7o a Julho 2024 Segundas-feiras, 17h30-18h30 Laf\u00f5es Cult Lab, Rua do Seixo n\u00ba 5 (Vouzela) Professor: Yaroslav Babchuk A Binaural Nodar anuncia que est\u00e3o abertas as inscri\u00e7\u00f5es para aulas semanais de inicia\u00e7\u00e3o \u00e0 dan\u00e7a, numa parceria com a escola de dan\u00e7a Lugar Presente de Viseu e com o Munic\u00edpio de","og:url":"https:\/\/www.binauralmedia.org\/news\/arquivo\/20851","article:published_time":"2024-02-13T12:55:15+00:00","article:modified_time":"2024-10-23T16:38:55+00:00","twitter:card":"summary_large_image","twitter:title":"Binaural Nodar promove aulas de inicia\u00e7\u00e3o \u00e0 dan\u00e7a - binauralmedia.org","twitter:description":"AULAS DE INICIA\u00c7\u00c3O \u00c0 DAN\u00c7A Mar\u00e7o a Julho 2024 Segundas-feiras, 17h30-18h30 Laf\u00f5es Cult Lab, Rua do Seixo n\u00ba 5 (Vouzela) Professor: Yaroslav Babchuk A Binaural Nodar anuncia que est\u00e3o abertas as inscri\u00e7\u00f5es para aulas semanais de inicia\u00e7\u00e3o \u00e0 dan\u00e7a, numa parceria com a escola de dan\u00e7a Lugar Presente de Viseu e com o Munic\u00edpio de"},"aioseo_meta_data":{"post_id":"20851","title":null,"description":null,"keywords":null,"keyphrases":null,"primary_term":null,"canonical_url":null,"og_title":null,"og_description":null,"og_object_type":"default","og_image_type":"default","og_image_custom_url":null,"og_image_custom_fields":null,"og_image_url":null,"og_image_width":null,"og_image_height":null,"og_video":null,"og_custom_url":null,"og_article_section":null,"og_article_tags":null,"twitter_use_og":false,"twitter_card":"default","twitter_image_type":"default","twitter_image_custom_url":null,"twitter_image_custom_fields":null,"twitter_image_url":null,"twitter_title":null,"twitter_description":null,"schema_type":"default","schema_type_options":null,"schema":{"blockGraphs":[],"customGraphs":[],"default":{"data":{"Article":[],"Course":[],"Dataset":[],"FAQPage":[],"Movie":[],"Person":[],"Product":[],"ProductReview":[],"Car":[],"Recipe":[],"Service":[],"SoftwareApplication":[],"WebPage":[]},"graphName":"","isEnabled":true},"graphs":[]},"pillar_content":false,"robots_default":true,"robots_noindex":false,"robots_noarchive":false,"robots_nosnippet":false,"robots_nofollow":false,"robots_noimageindex":false,"robots_noodp":false,"robots_notranslate":false,"robots_max_snippet":null,"robots_max_videopreview":null,"robots_max_imagepreview":"large","priority":null,"frequency":null,"local_seo":null,"limit_modified_date":false,"ai":null,"breadcrumb_settings":null,"seo_analyzer_scan_date":null,"created":"2026-08-05 06:39:30","updated":"2026-08-05 06:39:30","focus_keyword":null,"additional_keywords":null,"truseo_locale":null},"aioseo_breadcrumb":"<div class=\"aioseo-breadcrumbs\"><span class=\"aioseo-breadcrumb\">\n\t\t\t<a href=\"https:\/\/www.binauralmedia.org\/news\" title=\"Home\">Home<\/a>\n\t\t<\/span><span class=\"aioseo-breadcrumb-separator\">&raquo;<\/span><span class=\"aioseo-breadcrumb\">\n\t\t\t<a href=\"https:\/\/www.binauralmedia.org\/news\/arquivo\/category\/news\" title=\"Not\u00edcias\">Not\u00edcias<\/a>\n\t\t<\/span><span class=\"aioseo-breadcrumb-separator\">&raquo;<\/span><span class=\"aioseo-breadcrumb\">\n\t\t\tBinaural Nodar promove aulas de inicia\u00e7\u00e3o \u00e0 dan\u00e7a\n\t\t<\/span><\/div>","aioseo_breadcrumb_json":[{"label":"Home","link":"https:\/\/www.binauralmedia.org\/news"},{"label":"Not\u00edcias","link":"https:\/\/www.binauralmedia.org\/news\/arquivo\/category\/news"},{"label":"Binaural Nodar promove aulas de inicia\u00e7\u00e3o \u00e0 dan\u00e7a","link":"https:\/\/www.binauralmedia.org\/news\/arquivo\/20851"}],"_links":{"self":[{"href":"https:\/\/www.binauralmedia.org\/news\/wp-json\/wp\/v2\/posts\/20851","targetHints":{"allow":["GET"]}}],"collection":[{"href":"https:\/\/www.binauralmedia.org\/news\/wp-json\/wp\/v2\/posts"}],"about":[{"href":"https:\/\/www.binauralmedia.org\/news\/wp-json\/wp\/v2\/types\/post"}],"author":[{"embeddable":true,"href":"https:\/\/www.binauralmedia.org\/news\/wp-json\/wp\/v2\/users\/8"}],"replies":[{"embeddable":true,"href":"https:\/\/www.binauralmedia.org\/news\/wp-json\/wp\/v2\/comments?post=20851"}],"version-history":[{"count":2,"href":"https:\/\/www.binauralmedia.org\/news\/wp-json\/wp\/v2\/posts\/20851\/revisions"}],"predecessor-version":[{"id":22259,"href":"https:\/\/www.binauralmedia.org\/news\/wp-json\/wp\/v2\/posts\/20851\/revisions\/22259"}],"wp:featuredmedia":[{"embeddable":true,"href":"https:\/\/www.binauralmedia.org\/news\/wp-json\/wp\/v2\/media\/20852"}],"wp:attachment":[{"href":"https:\/\/www.binauralmedia.org\/news\/wp-json\/wp\/v2\/media?parent=20851"}],"wp:term":[{"taxonomy":"category","embeddable":true,"href":"https:\/\/www.binauralmedia.org\/news\/wp-json\/wp\/v2\/categories?post=20851"},{"taxonomy":"post_tag","embeddable":true,"href":"https:\/\/www.binauralmedia.org\/news\/wp-json\/wp\/v2\/tags?post=20851"}],"curies":[{"name":"wp","href":"https:\/\/api.w.org\/{rel}","templated":true}]}}