{"id":20057,"date":"2023-08-17T16:25:49","date_gmt":"2023-08-17T16:25:49","guid":{"rendered":"https:\/\/www.binauralmedia.org\/news?p=20057"},"modified":"2023-08-17T17:19:11","modified_gmt":"2023-08-17T17:19:11","slug":"os-rios-da-comunidade-um-projeto-de-sax-on-the-road-e-binaural-nodar","status":"publish","type":"post","link":"https:\/\/www.binauralmedia.org\/news\/arquivo\/20057","title":{"rendered":"Arranca o projeto &#8220;Os rios da comunidade&#8221; no territ\u00f3rio de Viseu D\u00e3o Laf\u00f5es"},"content":{"rendered":"<div class=\"fusion-fullwidth fullwidth-box fusion-builder-row-1 fusion-flex-container nonhundred-percent-fullwidth non-hundred-percent-height-scrolling\" style=\"--awb-border-radius-top-left:0px;--awb-border-radius-top-right:0px;--awb-border-radius-bottom-right:0px;--awb-border-radius-bottom-left:0px;--awb-flex-wrap:wrap;\" ><div class=\"fusion-builder-row fusion-row fusion-flex-align-items-flex-start fusion-flex-content-wrap\" style=\"max-width:1144px;margin-left: calc(-4% \/ 2 );margin-right: calc(-4% \/ 2 );\"><div class=\"fusion-layout-column fusion_builder_column fusion-builder-column-0 fusion_builder_column_1_1 1_1 fusion-flex-column\" style=\"--awb-bg-size:cover;--awb-width-large:100%;--awb-margin-top-large:0px;--awb-spacing-right-large:1.92%;--awb-margin-bottom-large:0px;--awb-spacing-left-large:1.92%;--awb-width-medium:100%;--awb-spacing-right-medium:1.92%;--awb-spacing-left-medium:1.92%;--awb-width-small:100%;--awb-spacing-right-small:1.92%;--awb-spacing-left-small:1.92%;\"><div class=\"fusion-column-wrapper fusion-flex-justify-content-flex-start fusion-content-layout-column\"><div class=\"fusion-text fusion-text-1\"><p><strong>OS RIOS DA COMUNIDADE<\/strong><br \/>\nUm projeto de pesquisa e de cria\u00e7\u00e3o art\u00edstica<br \/>\nSax on the Road + Binaural Nodar<br \/>\n21 agosto &#8211; 3 setembro 2023<\/p>\n<p>Um projeto produzido pela Binaural Nodar com apoio de divulga\u00e7\u00e3o da Comunidade Intermunicipal Viseu D\u00e3o Laf\u00f5es.<\/p>\n<p>Desde os alvores da civiliza\u00e7\u00e3o que as paisagens ribeirinhas t\u00eam sido lugares privilegiados para o estabelecimento e desenvolvimento de comunidades. Os rios s\u00e3o fonte de \u00e1gua pot\u00e1vel, de alimenta\u00e7\u00e3o, de higiene, de comunica\u00e7\u00e3o entre lugares, de bem-estar psicossocial, de encontro, de \u00f3cio, de inspira\u00e7\u00e3o art\u00edstica, de simbolismo e espiritualidade, entre tantos outros aspetos.<\/p>\n<p>O territ\u00f3rio da Comunidade Intermunicipal Viseu D\u00e3o Laf\u00f5es, formada por catorze munic\u00edpios da regi\u00e3o centro, compreende uma grande diversidade de rios, enquadrados de norte para sul por tr\u00eas bacias hidrogr\u00e1ficas principais: a do Douro, a do Vouga e a do Mondego. Estes tr\u00eas rios e os respetivos afluentes (como o Paiva e o D\u00e3o) definem inclusive algumas das fronteiras entre concelhos e, consequentemente, parte do mapa da pr\u00f3pria comunidade intermunicipal Viseu D\u00e3o Laf\u00f5es.<\/p>\n<p>As paisagens ribeirinhas s\u00e3o, portanto, realidades simultaneamente naturais e culturais e, cada aldeia ribeirinha, cada curva de rio e cada afluente, por mais pequeno que seja, ajuda a definir o \u201cesp\u00edrito do lugar\u201d espec\u00edfico de cada uma das in\u00fameras comunidades que formam uma regi\u00e3o.<\/p>\n<p>Desde o in\u00edcio das suas atividades na regi\u00e3o, a Binaural Nodar tem dado uma import\u00e2ncia crucial \u00e0s paisagens ribeirinhas; desde logo, porque a pr\u00f3pria associa\u00e7\u00e3o nasceu literalmente \u00e0 beira-rio, na aldeia de Nodar banhada pelo rio Paiva; mas tamb\u00e9m porque ao longo dos anos desenvolveu resid\u00eancias art\u00edsticas e festivais ligados a alguns dos rios da sua zona de interven\u00e7\u00e3o, como foi o caso do Festival Paivascapes em 2011 e dos ciclos de resid\u00eancias art\u00edsticas Vougascapes, entre 2015 e 2018.<\/p>\n<p>A Binaural Nodar anuncia o projeto de pesquisa e de cria\u00e7\u00e3o \u201cOs Rios da Comunidade\u201d, uma colabora\u00e7\u00e3o entre a equipa da associa\u00e7\u00e3o e o grupo musical Sax on the road, para a concep\u00e7\u00e3o de um disco e espet\u00e1culo musical e multim\u00e9dia dedicado a catorze rios da Comunidade Intermunicipal Viseu D\u00e3o Laf\u00f5es, cada um correspondente a um dos catorze concelhos integrantes da mesma. O projeto ser\u00e1 desenvolvido at\u00e9 ao final do ano de 2024.<\/p>\n<p>A primeira fase do projeto, a desenvolver entre 21 de agosto e 3 de setembro, consistir\u00e1 num primeiro mapeamento sonoro e visual dos catorze rios escolhidos, cuja lista provis\u00f3ria \u00e9 a seguinte:<\/p>\n<p>Aguiar da Beira: Rio Coja<br \/>\nCarregal do Sal: Rio Cabanas<br \/>\nCastro Daire: Rio Paiva<br \/>\nMangualde: Rio Mondego<br \/>\nNelas: Rio Castelo<br \/>\nOliveira de Frades: Rio Vouga<br \/>\nPenalva do Castelo: Rio Carapito<br \/>\nS\u00e3o Pedro do Sul: Rio Sul<br \/>\nSanta Comba D\u00e3o: Rio D\u00e3o<br \/>\nS\u00e1t\u00e3o: Rio S\u00e1t\u00e3o<br \/>\nTondela: Rio Dinha<br \/>\nViseu: Rio Pavia<br \/>\nVIla Nova de Paiva: Rio Mau<br \/>\nVouzela: Rio Alfusqueiro<br \/>\nFicha art\u00edstica e t\u00e9cnica:<br \/>\nCoordena\u00e7\u00e3o da pesquisa: Lu\u00eds Costa<br \/>\nCoordena\u00e7\u00e3o art\u00edstica: Ant\u00f3nio Manuel Ramos e Dolores Sp\u00ednola (Sax on the Road)<br \/>\nEquipa de pesquisa e de cataloga\u00e7\u00e3o: Ana Margarida Ferreira, Liliana Silva, Luis Costa e Nely Ferreira<br \/>\nCria\u00e7\u00e3o musical: Ant\u00f3nio Manuel Ramos e Dolores Sp\u00ednola (Sax on the Road)<br \/>\nTextos po\u00e9ticos: Lu\u00eds Costa<br \/>\nEdi\u00e7\u00e3o audiovisual: Lu\u00eds Costa<br \/>\nDesenho gr\u00e1fico: Liliana Silva<\/p>\n<p>A Binaural Nodar \u00e9 uma estrutura cultural profissional apoiada pelo Governo Portugu\u00eas &#8211; Cultura | Dire\u00e7\u00e3o-Geral das Artes.<\/p>\n<\/div><\/div><\/div><\/div><\/div>\n","protected":false},"excerpt":{"rendered":"","protected":false},"author":8,"featured_media":20058,"comment_status":"closed","ping_status":"closed","sticky":false,"template":"","format":"standard","meta":{"_acf_changed":false,"_bbp_topic_count":0,"_bbp_reply_count":0,"_bbp_total_topic_count":0,"_bbp_total_reply_count":0,"_bbp_voice_count":0,"_bbp_anonymous_reply_count":0,"_bbp_topic_count_hidden":0,"_bbp_reply_count_hidden":0,"_bbp_forum_subforum_count":0,"footnotes":""},"categories":[1161,1158,1],"tags":[],"class_list":["post-20057","post","type-post","status-publish","format-standard","has-post-thumbnail","hentry","category-artistic-creations","category-visual-sound-ethnograhpy","category-news"],"acf":[],"aioseo_notices":[],"aioseo_head":"\n\t\t<!-- All in One SEO 5.0.1.1 - aioseo.com -->\n\t<meta name=\"description\" content=\"OS RIOS DA COMUNIDADE Um projeto de pesquisa e de cria\u00e7\u00e3o art\u00edstica Sax on the Road + Binaural Nodar 21 agosto \u2013 3 setembro 2023 Um projeto produzido pela Binaural Nodar com apoio de divulga\u00e7\u00e3o da Comunidade Intermunicipal Viseu D\u00e3o Laf\u00f5es. Desde os alvores da civiliza\u00e7\u00e3o que as paisagens ribeirinhas t\u00eam sido lugares privilegiados para\" \/>\n\t<meta name=\"robots\" content=\"max-image-preview:large\" \/>\n\t<meta name=\"author\" content=\"Nely Ferreira\"\/>\n\t<link rel=\"canonical\" href=\"https:\/\/www.binauralmedia.org\/news\/arquivo\/20057\" \/>\n\t<meta name=\"generator\" content=\"All in One SEO (AIOSEO) 5.0.1.1\" \/>\n\t\t<meta property=\"og:locale\" content=\"pt_PT\" \/>\n\t\t<meta property=\"og:site_name\" content=\"binauralmedia.org - Rural Based Sound\/Media Arts &amp; Social Research\" \/>\n\t\t<meta property=\"og:type\" content=\"article\" \/>\n\t\t<meta property=\"og:title\" content=\"Arranca o projeto \u201cOs rios da comunidade\u201d no territ\u00f3rio de Viseu D\u00e3o Laf\u00f5es - binauralmedia.org\" \/>\n\t\t<meta property=\"og:description\" content=\"OS RIOS DA COMUNIDADE Um projeto de pesquisa e de cria\u00e7\u00e3o art\u00edstica Sax on the Road + Binaural Nodar 21 agosto \u2013 3 setembro 2023 Um projeto produzido pela Binaural Nodar com apoio de divulga\u00e7\u00e3o da Comunidade Intermunicipal Viseu D\u00e3o Laf\u00f5es. Desde os alvores da civiliza\u00e7\u00e3o que as paisagens ribeirinhas t\u00eam sido lugares privilegiados para\" \/>\n\t\t<meta property=\"og:url\" content=\"https:\/\/www.binauralmedia.org\/news\/arquivo\/20057\" \/>\n\t\t<meta property=\"article:published_time\" content=\"2023-08-17T16:25:49+00:00\" \/>\n\t\t<meta property=\"article:modified_time\" content=\"2023-08-17T17:19:11+00:00\" \/>\n\t\t<meta name=\"twitter:card\" content=\"summary_large_image\" \/>\n\t\t<meta name=\"twitter:title\" content=\"Arranca o projeto \u201cOs rios da comunidade\u201d no territ\u00f3rio de Viseu D\u00e3o Laf\u00f5es - binauralmedia.org\" \/>\n\t\t<meta name=\"twitter:description\" content=\"OS RIOS DA COMUNIDADE Um projeto de pesquisa e de cria\u00e7\u00e3o art\u00edstica Sax on the Road + Binaural Nodar 21 agosto \u2013 3 setembro 2023 Um projeto produzido pela Binaural Nodar com apoio de divulga\u00e7\u00e3o da Comunidade Intermunicipal Viseu D\u00e3o Laf\u00f5es. Desde os alvores da civiliza\u00e7\u00e3o que as paisagens ribeirinhas t\u00eam sido lugares privilegiados para\" \/>\n\t\t<script type=\"application\/ld+json\" class=\"aioseo-schema\">\n\t\t\t{\"@context\":\"https:\\\/\\\/schema.org\",\"@graph\":[{\"@type\":\"BlogPosting\",\"@id\":\"https:\\\/\\\/www.binauralmedia.org\\\/news\\\/arquivo\\\/20057#blogposting\",\"name\":\"Arranca o projeto \\u201cOs rios da comunidade\\u201d no territ\\u00f3rio de Viseu D\\u00e3o Laf\\u00f5es - binauralmedia.org\",\"headline\":\"Arranca o projeto &#8220;Os rios da comunidade&#8221; no territ\\u00f3rio de Viseu D\\u00e3o Laf\\u00f5es\",\"author\":{\"@id\":\"https:\\\/\\\/www.binauralmedia.org\\\/news\\\/arquivo\\\/author\\\/nelyferreira#author\"},\"publisher\":{\"@id\":\"https:\\\/\\\/www.binauralmedia.org\\\/news\\\/#organization\"},\"image\":{\"@type\":\"ImageObject\",\"url\":\"https:\\\/\\\/www.binauralmedia.org\\\/news\\\/wp-content\\\/uploads\\\/blAGUcMx.jpeg\",\"width\":1200,\"height\":800},\"datePublished\":\"2023-08-17T16:25:49+00:00\",\"dateModified\":\"2023-08-17T17:19:11+00:00\",\"inLanguage\":\"pt-PT\",\"mainEntityOfPage\":{\"@id\":\"https:\\\/\\\/www.binauralmedia.org\\\/news\\\/arquivo\\\/20057#webpage\"},\"isPartOf\":{\"@id\":\"https:\\\/\\\/www.binauralmedia.org\\\/news\\\/arquivo\\\/20057#webpage\"},\"articleSection\":\"Cria\\u00e7\\u00f5es Art\\u00edsticas, Etnografia Sonora e Visual, Not\\u00edcias, Opcional\"},{\"@type\":\"BreadcrumbList\",\"@id\":\"https:\\\/\\\/www.binauralmedia.org\\\/news\\\/arquivo\\\/20057#breadcrumblist\",\"itemListElement\":[{\"@type\":\"ListItem\",\"@id\":\"https:\\\/\\\/www.binauralmedia.org\\\/news#listItem\",\"position\":1,\"name\":\"Home\",\"item\":\"https:\\\/\\\/www.binauralmedia.org\\\/news\",\"nextItem\":{\"@type\":\"ListItem\",\"@id\":\"https:\\\/\\\/www.binauralmedia.org\\\/news\\\/arquivo\\\/category\\\/news#listItem\",\"name\":\"Not\\u00edcias\"}},{\"@type\":\"ListItem\",\"@id\":\"https:\\\/\\\/www.binauralmedia.org\\\/news\\\/arquivo\\\/category\\\/news#listItem\",\"position\":2,\"name\":\"Not\\u00edcias\",\"item\":\"https:\\\/\\\/www.binauralmedia.org\\\/news\\\/arquivo\\\/category\\\/news\",\"nextItem\":{\"@type\":\"ListItem\",\"@id\":\"https:\\\/\\\/www.binauralmedia.org\\\/news\\\/arquivo\\\/20057#listItem\",\"name\":\"Arranca o projeto &#8220;Os rios da comunidade&#8221; no territ\\u00f3rio de Viseu D\\u00e3o Laf\\u00f5es\"},\"previousItem\":{\"@type\":\"ListItem\",\"@id\":\"https:\\\/\\\/www.binauralmedia.org\\\/news#listItem\",\"name\":\"Home\"}},{\"@type\":\"ListItem\",\"@id\":\"https:\\\/\\\/www.binauralmedia.org\\\/news\\\/arquivo\\\/20057#listItem\",\"position\":3,\"name\":\"Arranca o projeto &#8220;Os rios da comunidade&#8221; no territ\\u00f3rio de Viseu D\\u00e3o Laf\\u00f5es\",\"previousItem\":{\"@type\":\"ListItem\",\"@id\":\"https:\\\/\\\/www.binauralmedia.org\\\/news\\\/arquivo\\\/category\\\/news#listItem\",\"name\":\"Not\\u00edcias\"}}]},{\"@type\":\"Organization\",\"@id\":\"https:\\\/\\\/www.binauralmedia.org\\\/news\\\/#organization\",\"name\":\"binauralmedia.org\",\"description\":\"Rural Based Sound\\\/Media Arts & Social Research\",\"url\":\"https:\\\/\\\/www.binauralmedia.org\\\/news\\\/\"},{\"@type\":\"Person\",\"@id\":\"https:\\\/\\\/www.binauralmedia.org\\\/news\\\/arquivo\\\/author\\\/nelyferreira#author\",\"url\":\"https:\\\/\\\/www.binauralmedia.org\\\/news\\\/arquivo\\\/author\\\/nelyferreira\",\"name\":\"Nely Ferreira\"},{\"@type\":\"WebPage\",\"@id\":\"https:\\\/\\\/www.binauralmedia.org\\\/news\\\/arquivo\\\/20057#webpage\",\"url\":\"https:\\\/\\\/www.binauralmedia.org\\\/news\\\/arquivo\\\/20057\",\"name\":\"Arranca o projeto \\u201cOs rios da comunidade\\u201d no territ\\u00f3rio de Viseu D\\u00e3o Laf\\u00f5es - binauralmedia.org\",\"description\":\"OS RIOS DA COMUNIDADE Um projeto de pesquisa e de cria\\u00e7\\u00e3o art\\u00edstica Sax on the Road + Binaural Nodar 21 agosto \\u2013 3 setembro 2023 Um projeto produzido pela Binaural Nodar com apoio de divulga\\u00e7\\u00e3o da Comunidade Intermunicipal Viseu D\\u00e3o Laf\\u00f5es. Desde os alvores da civiliza\\u00e7\\u00e3o que as paisagens ribeirinhas t\\u00eam sido lugares privilegiados para\",\"inLanguage\":\"pt-PT\",\"isPartOf\":{\"@id\":\"https:\\\/\\\/www.binauralmedia.org\\\/news\\\/#website\"},\"breadcrumb\":{\"@id\":\"https:\\\/\\\/www.binauralmedia.org\\\/news\\\/arquivo\\\/20057#breadcrumblist\"},\"author\":{\"@id\":\"https:\\\/\\\/www.binauralmedia.org\\\/news\\\/arquivo\\\/author\\\/nelyferreira#author\"},\"creator\":{\"@id\":\"https:\\\/\\\/www.binauralmedia.org\\\/news\\\/arquivo\\\/author\\\/nelyferreira#author\"},\"image\":{\"@type\":\"ImageObject\",\"url\":\"https:\\\/\\\/www.binauralmedia.org\\\/news\\\/wp-content\\\/uploads\\\/blAGUcMx.jpeg\",\"@id\":\"https:\\\/\\\/www.binauralmedia.org\\\/news\\\/arquivo\\\/20057\\\/#mainImage\",\"width\":1200,\"height\":800},\"primaryImageOfPage\":{\"@id\":\"https:\\\/\\\/www.binauralmedia.org\\\/news\\\/arquivo\\\/20057#mainImage\"},\"datePublished\":\"2023-08-17T16:25:49+00:00\",\"dateModified\":\"2023-08-17T17:19:11+00:00\"},{\"@type\":\"WebSite\",\"@id\":\"https:\\\/\\\/www.binauralmedia.org\\\/news\\\/#website\",\"url\":\"https:\\\/\\\/www.binauralmedia.org\\\/news\\\/\",\"name\":\"binauralmedia.org\",\"description\":\"Rural Based Sound\\\/Media Arts & Social Research\",\"inLanguage\":\"pt-PT\",\"publisher\":{\"@id\":\"https:\\\/\\\/www.binauralmedia.org\\\/news\\\/#organization\"}}]}\n\t\t<\/script>\n\t\t<!-- All in One SEO -->\n\n","aioseo_head_json":{"title":"Arranca o projeto \u201cOs rios da comunidade\u201d no territ\u00f3rio de Viseu D\u00e3o Laf\u00f5es - binauralmedia.org","description":"OS RIOS DA COMUNIDADE Um projeto de pesquisa e de cria\u00e7\u00e3o art\u00edstica Sax on the Road + Binaural Nodar 21 agosto \u2013 3 setembro 2023 Um projeto produzido pela Binaural Nodar com apoio de divulga\u00e7\u00e3o da Comunidade Intermunicipal Viseu D\u00e3o Laf\u00f5es. Desde os alvores da civiliza\u00e7\u00e3o que as paisagens ribeirinhas t\u00eam sido lugares privilegiados para","canonical_url":"https:\/\/www.binauralmedia.org\/news\/arquivo\/20057","robots":"max-image-preview:large","keywords":"","webmasterTools":{"miscellaneous":""},"schema":{"@context":"https:\/\/schema.org","@graph":[{"@type":"BlogPosting","@id":"https:\/\/www.binauralmedia.org\/news\/arquivo\/20057#blogposting","name":"Arranca o projeto \u201cOs rios da comunidade\u201d no territ\u00f3rio de Viseu D\u00e3o Laf\u00f5es - binauralmedia.org","headline":"Arranca o projeto &#8220;Os rios da comunidade&#8221; no territ\u00f3rio de Viseu D\u00e3o Laf\u00f5es","author":{"@id":"https:\/\/www.binauralmedia.org\/news\/arquivo\/author\/nelyferreira#author"},"publisher":{"@id":"https:\/\/www.binauralmedia.org\/news\/#organization"},"image":{"@type":"ImageObject","url":"https:\/\/www.binauralmedia.org\/news\/wp-content\/uploads\/blAGUcMx.jpeg","width":1200,"height":800},"datePublished":"2023-08-17T16:25:49+00:00","dateModified":"2023-08-17T17:19:11+00:00","inLanguage":"pt-PT","mainEntityOfPage":{"@id":"https:\/\/www.binauralmedia.org\/news\/arquivo\/20057#webpage"},"isPartOf":{"@id":"https:\/\/www.binauralmedia.org\/news\/arquivo\/20057#webpage"},"articleSection":"Cria\u00e7\u00f5es Art\u00edsticas, Etnografia Sonora e Visual, Not\u00edcias, Opcional"},{"@type":"BreadcrumbList","@id":"https:\/\/www.binauralmedia.org\/news\/arquivo\/20057#breadcrumblist","itemListElement":[{"@type":"ListItem","@id":"https:\/\/www.binauralmedia.org\/news#listItem","position":1,"name":"Home","item":"https:\/\/www.binauralmedia.org\/news","nextItem":{"@type":"ListItem","@id":"https:\/\/www.binauralmedia.org\/news\/arquivo\/category\/news#listItem","name":"Not\u00edcias"}},{"@type":"ListItem","@id":"https:\/\/www.binauralmedia.org\/news\/arquivo\/category\/news#listItem","position":2,"name":"Not\u00edcias","item":"https:\/\/www.binauralmedia.org\/news\/arquivo\/category\/news","nextItem":{"@type":"ListItem","@id":"https:\/\/www.binauralmedia.org\/news\/arquivo\/20057#listItem","name":"Arranca o projeto &#8220;Os rios da comunidade&#8221; no territ\u00f3rio de Viseu D\u00e3o Laf\u00f5es"},"previousItem":{"@type":"ListItem","@id":"https:\/\/www.binauralmedia.org\/news#listItem","name":"Home"}},{"@type":"ListItem","@id":"https:\/\/www.binauralmedia.org\/news\/arquivo\/20057#listItem","position":3,"name":"Arranca o projeto &#8220;Os rios da comunidade&#8221; no territ\u00f3rio de Viseu D\u00e3o Laf\u00f5es","previousItem":{"@type":"ListItem","@id":"https:\/\/www.binauralmedia.org\/news\/arquivo\/category\/news#listItem","name":"Not\u00edcias"}}]},{"@type":"Organization","@id":"https:\/\/www.binauralmedia.org\/news\/#organization","name":"binauralmedia.org","description":"Rural Based Sound\/Media Arts & Social Research","url":"https:\/\/www.binauralmedia.org\/news\/"},{"@type":"Person","@id":"https:\/\/www.binauralmedia.org\/news\/arquivo\/author\/nelyferreira#author","url":"https:\/\/www.binauralmedia.org\/news\/arquivo\/author\/nelyferreira","name":"Nely Ferreira"},{"@type":"WebPage","@id":"https:\/\/www.binauralmedia.org\/news\/arquivo\/20057#webpage","url":"https:\/\/www.binauralmedia.org\/news\/arquivo\/20057","name":"Arranca o projeto \u201cOs rios da comunidade\u201d no territ\u00f3rio de Viseu D\u00e3o Laf\u00f5es - binauralmedia.org","description":"OS RIOS DA COMUNIDADE Um projeto de pesquisa e de cria\u00e7\u00e3o art\u00edstica Sax on the Road + Binaural Nodar 21 agosto \u2013 3 setembro 2023 Um projeto produzido pela Binaural Nodar com apoio de divulga\u00e7\u00e3o da Comunidade Intermunicipal Viseu D\u00e3o Laf\u00f5es. Desde os alvores da civiliza\u00e7\u00e3o que as paisagens ribeirinhas t\u00eam sido lugares privilegiados para","inLanguage":"pt-PT","isPartOf":{"@id":"https:\/\/www.binauralmedia.org\/news\/#website"},"breadcrumb":{"@id":"https:\/\/www.binauralmedia.org\/news\/arquivo\/20057#breadcrumblist"},"author":{"@id":"https:\/\/www.binauralmedia.org\/news\/arquivo\/author\/nelyferreira#author"},"creator":{"@id":"https:\/\/www.binauralmedia.org\/news\/arquivo\/author\/nelyferreira#author"},"image":{"@type":"ImageObject","url":"https:\/\/www.binauralmedia.org\/news\/wp-content\/uploads\/blAGUcMx.jpeg","@id":"https:\/\/www.binauralmedia.org\/news\/arquivo\/20057\/#mainImage","width":1200,"height":800},"primaryImageOfPage":{"@id":"https:\/\/www.binauralmedia.org\/news\/arquivo\/20057#mainImage"},"datePublished":"2023-08-17T16:25:49+00:00","dateModified":"2023-08-17T17:19:11+00:00"},{"@type":"WebSite","@id":"https:\/\/www.binauralmedia.org\/news\/#website","url":"https:\/\/www.binauralmedia.org\/news\/","name":"binauralmedia.org","description":"Rural Based Sound\/Media Arts & Social Research","inLanguage":"pt-PT","publisher":{"@id":"https:\/\/www.binauralmedia.org\/news\/#organization"}}]},"og:locale":"pt_PT","og:site_name":"binauralmedia.org - Rural Based Sound\/Media Arts &amp; Social Research","og:type":"article","og:title":"Arranca o projeto \u201cOs rios da comunidade\u201d no territ\u00f3rio de Viseu D\u00e3o Laf\u00f5es - binauralmedia.org","og:description":"OS RIOS DA COMUNIDADE Um projeto de pesquisa e de cria\u00e7\u00e3o art\u00edstica Sax on the Road + Binaural Nodar 21 agosto \u2013 3 setembro 2023 Um projeto produzido pela Binaural Nodar com apoio de divulga\u00e7\u00e3o da Comunidade Intermunicipal Viseu D\u00e3o Laf\u00f5es. Desde os alvores da civiliza\u00e7\u00e3o que as paisagens ribeirinhas t\u00eam sido lugares privilegiados para","og:url":"https:\/\/www.binauralmedia.org\/news\/arquivo\/20057","article:published_time":"2023-08-17T16:25:49+00:00","article:modified_time":"2023-08-17T17:19:11+00:00","twitter:card":"summary_large_image","twitter:title":"Arranca o projeto \u201cOs rios da comunidade\u201d no territ\u00f3rio de Viseu D\u00e3o Laf\u00f5es - binauralmedia.org","twitter:description":"OS RIOS DA COMUNIDADE Um projeto de pesquisa e de cria\u00e7\u00e3o art\u00edstica Sax on the Road + Binaural Nodar 21 agosto \u2013 3 setembro 2023 Um projeto produzido pela Binaural Nodar com apoio de divulga\u00e7\u00e3o da Comunidade Intermunicipal Viseu D\u00e3o Laf\u00f5es. Desde os alvores da civiliza\u00e7\u00e3o que as paisagens ribeirinhas t\u00eam sido lugares privilegiados para"},"aioseo_meta_data":{"post_id":"20057","title":null,"description":null,"keywords":null,"keyphrases":null,"primary_term":null,"canonical_url":null,"og_title":null,"og_description":null,"og_object_type":"default","og_image_type":"default","og_image_custom_url":null,"og_image_custom_fields":null,"og_image_url":null,"og_image_width":null,"og_image_height":null,"og_video":null,"og_custom_url":null,"og_article_section":null,"og_article_tags":null,"twitter_use_og":false,"twitter_card":"default","twitter_image_type":"default","twitter_image_custom_url":null,"twitter_image_custom_fields":null,"twitter_image_url":null,"twitter_title":null,"twitter_description":null,"schema_type":"default","schema_type_options":null,"schema":{"blockGraphs":[],"customGraphs":[],"default":{"data":{"Article":[],"Course":[],"Dataset":[],"FAQPage":[],"Movie":[],"Person":[],"Product":[],"ProductReview":[],"Car":[],"Recipe":[],"Service":[],"SoftwareApplication":[],"WebPage":[]},"graphName":"","isEnabled":true},"graphs":[]},"pillar_content":false,"robots_default":true,"robots_noindex":false,"robots_noarchive":false,"robots_nosnippet":false,"robots_nofollow":false,"robots_noimageindex":false,"robots_noodp":false,"robots_notranslate":false,"robots_max_snippet":null,"robots_max_videopreview":null,"robots_max_imagepreview":"large","priority":null,"frequency":null,"local_seo":null,"limit_modified_date":false,"ai":null,"breadcrumb_settings":null,"seo_analyzer_scan_date":null,"created":"2026-08-05 05:50:57","updated":"2026-08-05 05:50:57","focus_keyword":null,"additional_keywords":null,"truseo_locale":null},"aioseo_breadcrumb":"<div class=\"aioseo-breadcrumbs\"><span class=\"aioseo-breadcrumb\">\n\t\t\t<a href=\"https:\/\/www.binauralmedia.org\/news\" title=\"Home\">Home<\/a>\n\t\t<\/span><span class=\"aioseo-breadcrumb-separator\">&raquo;<\/span><span class=\"aioseo-breadcrumb\">\n\t\t\t<a href=\"https:\/\/www.binauralmedia.org\/news\/arquivo\/category\/news\" title=\"Not\u00edcias\">Not\u00edcias<\/a>\n\t\t<\/span><span class=\"aioseo-breadcrumb-separator\">&raquo;<\/span><span class=\"aioseo-breadcrumb\">\n\t\t\tArranca o projeto \u201cOs rios da comunidade\u201d no territ\u00f3rio de Viseu D\u00e3o Laf\u00f5es\n\t\t<\/span><\/div>","aioseo_breadcrumb_json":[{"label":"Home","link":"https:\/\/www.binauralmedia.org\/news"},{"label":"Not\u00edcias","link":"https:\/\/www.binauralmedia.org\/news\/arquivo\/category\/news"},{"label":"Arranca o projeto &#8220;Os rios da comunidade&#8221; no territ\u00f3rio de Viseu D\u00e3o Laf\u00f5es","link":"https:\/\/www.binauralmedia.org\/news\/arquivo\/20057"}],"_links":{"self":[{"href":"https:\/\/www.binauralmedia.org\/news\/wp-json\/wp\/v2\/posts\/20057","targetHints":{"allow":["GET"]}}],"collection":[{"href":"https:\/\/www.binauralmedia.org\/news\/wp-json\/wp\/v2\/posts"}],"about":[{"href":"https:\/\/www.binauralmedia.org\/news\/wp-json\/wp\/v2\/types\/post"}],"author":[{"embeddable":true,"href":"https:\/\/www.binauralmedia.org\/news\/wp-json\/wp\/v2\/users\/8"}],"replies":[{"embeddable":true,"href":"https:\/\/www.binauralmedia.org\/news\/wp-json\/wp\/v2\/comments?post=20057"}],"version-history":[{"count":3,"href":"https:\/\/www.binauralmedia.org\/news\/wp-json\/wp\/v2\/posts\/20057\/revisions"}],"predecessor-version":[{"id":20069,"href":"https:\/\/www.binauralmedia.org\/news\/wp-json\/wp\/v2\/posts\/20057\/revisions\/20069"}],"wp:featuredmedia":[{"embeddable":true,"href":"https:\/\/www.binauralmedia.org\/news\/wp-json\/wp\/v2\/media\/20058"}],"wp:attachment":[{"href":"https:\/\/www.binauralmedia.org\/news\/wp-json\/wp\/v2\/media?parent=20057"}],"wp:term":[{"taxonomy":"category","embeddable":true,"href":"https:\/\/www.binauralmedia.org\/news\/wp-json\/wp\/v2\/categories?post=20057"},{"taxonomy":"post_tag","embeddable":true,"href":"https:\/\/www.binauralmedia.org\/news\/wp-json\/wp\/v2\/tags?post=20057"}],"curies":[{"name":"wp","href":"https:\/\/api.w.org\/{rel}","templated":true}]}}